{"id":158092,"date":"2022-12-19T08:08:49","date_gmt":"2022-12-19T07:08:49","guid":{"rendered":"https:\/\/novice.si\/page\/?p=158092"},"modified":"2022-12-19T08:20:12","modified_gmt":"2022-12-19T07:20:12","slug":"citycenter-celje-in-miklavz-obdarila-otroke","status":"publish","type":"post","link":"https:\/\/novice.si\/page\/citycenter-celje-in-miklavz-obdarila-otroke\/","title":{"rendered":"Citycenter Celje in Miklav\u017e obdarila otroke"},"content":{"rendered":"<p><a href=\"https:\/\/novice.si\/page\/wp-content\/uploads\/2022\/12\/Citycenter-obdaruje-3-1144-foto-citycenter-celje-scaled.jpg\" data-gallery><img loading=\"lazy\" decoding=\"async\" src=\"https:\/\/novice.si\/page\/wp-content\/uploads\/2022\/12\/Citycenter-obdaruje-3-1144-foto-citycenter-celje-300x200.jpg\" alt=\"\" width=\"300\" height=\"200\" class=\"alignleft size-medium wp-image-158095\" srcset=\"https:\/\/novice.si\/page\/wp-content\/uploads\/2022\/12\/Citycenter-obdaruje-3-1144-foto-citycenter-celje-300x200.jpg 300w, https:\/\/novice.si\/page\/wp-content\/uploads\/2022\/12\/Citycenter-obdaruje-3-1144-foto-citycenter-celje-1024x682.jpg 1024w, https:\/\/novice.si\/page\/wp-content\/uploads\/2022\/12\/Citycenter-obdaruje-3-1144-foto-citycenter-celje-768x511.jpg 768w, https:\/\/novice.si\/page\/wp-content\/uploads\/2022\/12\/Citycenter-obdaruje-3-1144-foto-citycenter-celje-1536x1023.jpg 1536w, https:\/\/novice.si\/page\/wp-content\/uploads\/2022\/12\/Citycenter-obdaruje-3-1144-foto-citycenter-celje-2048x1364.jpg 2048w, https:\/\/novice.si\/page\/wp-content\/uploads\/2022\/12\/Citycenter-obdaruje-3-1144-foto-citycenter-celje-696x464.jpg 696w, https:\/\/novice.si\/page\/wp-content\/uploads\/2022\/12\/Citycenter-obdaruje-3-1144-foto-citycenter-celje-1068x711.jpg 1068w, https:\/\/novice.si\/page\/wp-content\/uploads\/2022\/12\/Citycenter-obdaruje-3-1144-foto-citycenter-celje-631x420.jpg 631w, https:\/\/novice.si\/page\/wp-content\/uploads\/2022\/12\/Citycenter-obdaruje-3-1144-foto-citycenter-celje-24x16.jpg 24w, https:\/\/novice.si\/page\/wp-content\/uploads\/2022\/12\/Citycenter-obdaruje-3-1144-foto-citycenter-celje-36x24.jpg 36w, https:\/\/novice.si\/page\/wp-content\/uploads\/2022\/12\/Citycenter-obdaruje-3-1144-foto-citycenter-celje-48x32.jpg 48w\" sizes=\"auto, (max-width: 300px) 100vw, 300px\" \/><\/a>V Citycentru Celje so kot prav vsako leto doslej s pomo\u010djo prvega dobrega mo\u017ea Miklav\u017ea s posebno izbranimi darili razveselili \u0161tevilne otroke. Tiste, ki so pri\u0161li na ogled predstave pred nakupovalno sredi\u0161\u010de Citycenter Celje, in tiste, ki jih je Miklav\u017e razveselil v sredi\u0161\u010du Celja. Niso pa pozabili niti na tiste najmlaj\u0161e, ki zaradi razli\u010dnih razlogov trenutno ne \u017eivijo doma. Miklav\u017eeva darila za Razvojno ambulanto ZD Celje. Darila sta od center managerke Darje Lesjak prevzeli vodja Razvojne ambulante v Zdravstvenem domu Celje, Svjetlana Divjak Kne\u017eevi\u0107, in direktorica ZD Celje, Alenka Obrul. Miklav\u017eeva darila za Otro\u0161ki oddelek SB Celje je prevzela vodja oddelka, dr. Barbara Gnidovec. Direktorica Zavoda Socio, Suzi Kvas, bo Miklav\u017eeva darila predala najmlaj\u0161im, ki bivajo v Materinskem domu v Celju in Varni hi\u0161i.<br \/>\n\r\n                <style type=\"text\/css\">\r\n                    \r\n                    #tdi_1  .td-doubleSlider-2 .td-item1 {\r\n                        background: url(https:\/\/novice.si\/page\/wp-content\/uploads\/2022\/12\/Citycenter-obdaruje-2-1144-foto-citycenter-celje-80x60.jpg) 0 0 no-repeat;\r\n                    }\r\n                    #tdi_1  .td-doubleSlider-2 .td-item2 {\r\n                        background: url(https:\/\/novice.si\/page\/wp-content\/uploads\/2022\/12\/Citycenter-obdaruje-1-1144-foto-citycenter-celje-80x60.jpg) 0 0 no-repeat;\r\n                    }\r\n                    #tdi_1  .td-doubleSlider-2 .td-item3 {\r\n                        background: url(https:\/\/novice.si\/page\/wp-content\/uploads\/2022\/12\/Citycenter-obdaruje-3-1144-foto-citycenter-celje-80x60.jpg) 0 0 no-repeat;\r\n                    }\r\n                <\/style>\r\n\r\n                <div id=\"tdi_1\" class=\"td-gallery td-slide-on-2-columns\">\r\n                    <div class=\"post_td_gallery\">\r\n                        <div class=\"td-gallery-slide-top\">\r\n                           <div class=\"td-gallery-title\"><\/div>\r\n\r\n                            <div class=\"td-gallery-controls-wrapper\">\r\n                                <div class=\"td-gallery-slide-count\"><span class=\"td-gallery-slide-item-focus\">1<\/span> od 3<\/div>\r\n                                <div class=\"td-gallery-slide-prev-next-but\">\r\n                                    <i class = \"td-icon-left doubleSliderPrevButton\"><\/i>\r\n                                    <i class = \"td-icon-right doubleSliderNextButton\"><\/i>\r\n                                <\/div>\r\n                            <\/div>\r\n                        <\/div>\r\n\r\n                        <div class = \"td-doubleSlider-1 \">\r\n                            <div class = \"td-slider\">\r\n                                \r\n                    <div class = \"td-slide-item td-item1\">\r\n                        <figure class=\"td-slide-galery-figure td-slide-popup-gallery\">\r\n                            <a class=\"slide-gallery-image-link\" href=\"https:\/\/novice.si\/page\/wp-content\/uploads\/2022\/12\/Citycenter-obdaruje-2-1144-foto-citycenter-celje-scaled.jpg\" title=\"Citycenter obdaruje 2 1144 foto citycenter celje\"  data-caption=\"\"  data-description=\"\" data-gallery>\r\n                                <img decoding=\"async\" src=\"https:\/\/novice.si\/page\/wp-content\/uploads\/2022\/12\/Citycenter-obdaruje-2-1144-foto-citycenter-celje-631x420.jpg\" srcset=\"https:\/\/novice.si\/page\/wp-content\/uploads\/2022\/12\/Citycenter-obdaruje-2-1144-foto-citycenter-celje-631x420.jpg 631w, https:\/\/novice.si\/page\/wp-content\/uploads\/2022\/12\/Citycenter-obdaruje-2-1144-foto-citycenter-celje-300x200.jpg 300w, https:\/\/novice.si\/page\/wp-content\/uploads\/2022\/12\/Citycenter-obdaruje-2-1144-foto-citycenter-celje-1024x682.jpg 1024w, https:\/\/novice.si\/page\/wp-content\/uploads\/2022\/12\/Citycenter-obdaruje-2-1144-foto-citycenter-celje-768x511.jpg 768w, https:\/\/novice.si\/page\/wp-content\/uploads\/2022\/12\/Citycenter-obdaruje-2-1144-foto-citycenter-celje-1536x1023.jpg 1536w, https:\/\/novice.si\/page\/wp-content\/uploads\/2022\/12\/Citycenter-obdaruje-2-1144-foto-citycenter-celje-2048x1364.jpg 2048w, https:\/\/novice.si\/page\/wp-content\/uploads\/2022\/12\/Citycenter-obdaruje-2-1144-foto-citycenter-celje-696x464.jpg 696w, https:\/\/novice.si\/page\/wp-content\/uploads\/2022\/12\/Citycenter-obdaruje-2-1144-foto-citycenter-celje-1068x711.jpg 1068w, https:\/\/novice.si\/page\/wp-content\/uploads\/2022\/12\/Citycenter-obdaruje-2-1144-foto-citycenter-celje-24x16.jpg 24w, https:\/\/novice.si\/page\/wp-content\/uploads\/2022\/12\/Citycenter-obdaruje-2-1144-foto-citycenter-celje-36x24.jpg 36w, https:\/\/novice.si\/page\/wp-content\/uploads\/2022\/12\/Citycenter-obdaruje-2-1144-foto-citycenter-celje-48x32.jpg 48w\" sizes=\"(max-width: 631px) 100vw, 631px\" alt=\"\">\r\n                            <\/a>\r\n                            \r\n                        <\/figure>\r\n                    <\/div>\r\n                    <div class = \"td-slide-item td-item2\">\r\n                        <figure class=\"td-slide-galery-figure td-slide-popup-gallery\">\r\n                            <a class=\"slide-gallery-image-link\" href=\"https:\/\/novice.si\/page\/wp-content\/uploads\/2022\/12\/Citycenter-obdaruje-1-1144-foto-citycenter-celje-scaled.jpg\" title=\"Citycenter obdaruje 1 1144 foto citycenter celje\"  data-caption=\"\"  data-description=\"\" data-gallery>\r\n                                <img decoding=\"async\" src=\"https:\/\/novice.si\/page\/wp-content\/uploads\/2022\/12\/Citycenter-obdaruje-1-1144-foto-citycenter-celje-630x420.jpg\" srcset=\"https:\/\/novice.si\/page\/wp-content\/uploads\/2022\/12\/Citycenter-obdaruje-1-1144-foto-citycenter-celje-630x420.jpg 630w, https:\/\/novice.si\/page\/wp-content\/uploads\/2022\/12\/Citycenter-obdaruje-1-1144-foto-citycenter-celje-300x200.jpg 300w, https:\/\/novice.si\/page\/wp-content\/uploads\/2022\/12\/Citycenter-obdaruje-1-1144-foto-citycenter-celje-1024x683.jpg 1024w, https:\/\/novice.si\/page\/wp-content\/uploads\/2022\/12\/Citycenter-obdaruje-1-1144-foto-citycenter-celje-768x512.jpg 768w, https:\/\/novice.si\/page\/wp-content\/uploads\/2022\/12\/Citycenter-obdaruje-1-1144-foto-citycenter-celje-1536x1024.jpg 1536w, https:\/\/novice.si\/page\/wp-content\/uploads\/2022\/12\/Citycenter-obdaruje-1-1144-foto-citycenter-celje-2048x1365.jpg 2048w, https:\/\/novice.si\/page\/wp-content\/uploads\/2022\/12\/Citycenter-obdaruje-1-1144-foto-citycenter-celje-696x464.jpg 696w, https:\/\/novice.si\/page\/wp-content\/uploads\/2022\/12\/Citycenter-obdaruje-1-1144-foto-citycenter-celje-1068x712.jpg 1068w, https:\/\/novice.si\/page\/wp-content\/uploads\/2022\/12\/Citycenter-obdaruje-1-1144-foto-citycenter-celje-24x16.jpg 24w, https:\/\/novice.si\/page\/wp-content\/uploads\/2022\/12\/Citycenter-obdaruje-1-1144-foto-citycenter-celje-36x24.jpg 36w, https:\/\/novice.si\/page\/wp-content\/uploads\/2022\/12\/Citycenter-obdaruje-1-1144-foto-citycenter-celje-48x32.jpg 48w\" sizes=\"(max-width: 630px) 100vw, 630px\" alt=\"\">\r\n                            <\/a>\r\n                            \r\n                        <\/figure>\r\n                    <\/div>\r\n                    <div class = \"td-slide-item td-item3\">\r\n                        <figure class=\"td-slide-galery-figure td-slide-popup-gallery\">\r\n                            <a class=\"slide-gallery-image-link\" href=\"https:\/\/novice.si\/page\/wp-content\/uploads\/2022\/12\/Citycenter-obdaruje-3-1144-foto-citycenter-celje-scaled.jpg\" title=\"Citycenter obdaruje 3 1144 foto citycenter celje\"  data-caption=\"\"  data-description=\"\" data-gallery>\r\n                                <img decoding=\"async\" src=\"https:\/\/novice.si\/page\/wp-content\/uploads\/2022\/12\/Citycenter-obdaruje-3-1144-foto-citycenter-celje-631x420.jpg\" srcset=\"https:\/\/novice.si\/page\/wp-content\/uploads\/2022\/12\/Citycenter-obdaruje-3-1144-foto-citycenter-celje-631x420.jpg 631w, https:\/\/novice.si\/page\/wp-content\/uploads\/2022\/12\/Citycenter-obdaruje-3-1144-foto-citycenter-celje-300x200.jpg 300w, https:\/\/novice.si\/page\/wp-content\/uploads\/2022\/12\/Citycenter-obdaruje-3-1144-foto-citycenter-celje-1024x682.jpg 1024w, https:\/\/novice.si\/page\/wp-content\/uploads\/2022\/12\/Citycenter-obdaruje-3-1144-foto-citycenter-celje-768x511.jpg 768w, https:\/\/novice.si\/page\/wp-content\/uploads\/2022\/12\/Citycenter-obdaruje-3-1144-foto-citycenter-celje-1536x1023.jpg 1536w, https:\/\/novice.si\/page\/wp-content\/uploads\/2022\/12\/Citycenter-obdaruje-3-1144-foto-citycenter-celje-2048x1364.jpg 2048w, https:\/\/novice.si\/page\/wp-content\/uploads\/2022\/12\/Citycenter-obdaruje-3-1144-foto-citycenter-celje-696x464.jpg 696w, https:\/\/novice.si\/page\/wp-content\/uploads\/2022\/12\/Citycenter-obdaruje-3-1144-foto-citycenter-celje-1068x711.jpg 1068w, https:\/\/novice.si\/page\/wp-content\/uploads\/2022\/12\/Citycenter-obdaruje-3-1144-foto-citycenter-celje-24x16.jpg 24w, https:\/\/novice.si\/page\/wp-content\/uploads\/2022\/12\/Citycenter-obdaruje-3-1144-foto-citycenter-celje-36x24.jpg 36w, https:\/\/novice.si\/page\/wp-content\/uploads\/2022\/12\/Citycenter-obdaruje-3-1144-foto-citycenter-celje-48x32.jpg 48w\" sizes=\"(max-width: 631px) 100vw, 631px\" alt=\"\">\r\n                            <\/a>\r\n                            \r\n                        <\/figure>\r\n                    <\/div>\r\n                            <\/div>\r\n                        <\/div>\r\n\r\n                        <div class = \"td-doubleSlider-2\">\r\n                            <div class = \"td-slider\">\r\n                                \r\n                    <div class = \"td-button td-item1\">\r\n                        <div class = \"td-border\"><\/div>\r\n                    <\/div>\r\n                    <div class = \"td-button td-item2\">\r\n                        <div class = \"td-border\"><\/div>\r\n                    <\/div>\r\n                    <div class = \"td-button td-item3\">\r\n                        <div class = \"td-border\"><\/div>\r\n                    <\/div>\r\n                            <\/div>\r\n                        <\/div>\r\n\r\n                    <\/div>\r\n\r\n                <\/div>\r\n                <\/p>\n","protected":false},"excerpt":{"rendered":"<p>V Citycentru Celje so kot prav vsako leto doslej s pomo\u010djo prvega dobrega mo\u017ea Miklav\u017ea s posebno izbranimi darili razveselili \u0161tevilne otroke. Tiste, ki so pri\u0161li na ogled predstave pred nakupovalno sredi\u0161\u010de Citycenter Celje, in tiste, ki jih je Miklav\u017e razveselil v sredi\u0161\u010du Celja. Niso pa pozabili niti na tiste najmlaj\u0161e, ki zaradi razli\u010dnih razlogov [&hellip;]<\/p>\n","protected":false},"author":10,"featured_media":158093,"comment_status":"closed","ping_status":"closed","sticky":false,"template":"","format":"standard","meta":{"footnotes":""},"categories":[14,142,17,15],"tags":[4543,22,1748,8662,7134,6475,16649,16650,8866],"class_list":{"0":"post-158092","1":"post","2":"type-post","3":"status-publish","4":"format-standard","5":"has-post-thumbnail","7":"category-aktualno","8":"category-celjan","9":"category-celjsko","10":"category-druzabno","11":"tag-alenka-obrul","12":"tag-celje","13":"tag-citycenter-celje","14":"tag-darja-lesjak","15":"tag-miklavz","16":"tag-suzi-kvas","17":"tag-svjetlana-divjak-knezevi","18":"tag-svjetlana-divjak-knezevic","19":"tag-varna-hisa-celje"},"yoast_head":"<!-- This site is optimized with the Yoast SEO plugin v27.4 - https:\/\/yoast.com\/product\/yoast-seo-wordpress\/ -->\n<title>Citycenter Celje in Miklav\u017e obdarila otroke - Novice.si<\/title>\n<meta name=\"robots\" content=\"index, follow, max-snippet:-1, max-image-preview:large, max-video-preview:-1\" \/>\n<link rel=\"canonical\" href=\"https:\/\/novice.si\/page\/citycenter-celje-in-miklavz-obdarila-otroke\/\" \/>\n<meta property=\"og:locale\" content=\"sl_SI\" \/>\n<meta property=\"og:type\" content=\"article\" \/>\n<meta property=\"og:title\" content=\"Citycenter Celje in Miklav\u017e obdarila otroke - Novice.si\" \/>\n<meta property=\"og:description\" content=\"V Citycentru Celje so kot prav vsako leto doslej s pomo\u010djo prvega dobrega mo\u017ea Miklav\u017ea s posebno izbranimi darili razveselili \u0161tevilne otroke. Tiste, ki so pri\u0161li na ogled predstave pred nakupovalno sredi\u0161\u010de Citycenter Celje, in tiste, ki jih je Miklav\u017e razveselil v sredi\u0161\u010du Celja. Niso pa pozabili niti na tiste najmlaj\u0161e, ki zaradi razli\u010dnih razlogov [&hellip;]\" \/>\n<meta property=\"og:url\" content=\"https:\/\/novice.si\/page\/citycenter-celje-in-miklavz-obdarila-otroke\/\" \/>\n<meta property=\"og:site_name\" content=\"Novice.si\" \/>\n<meta property=\"article:published_time\" content=\"2022-12-19T07:08:49+00:00\" \/>\n<meta property=\"article:modified_time\" content=\"2022-12-19T07:20:12+00:00\" \/>\n<meta property=\"og:image\" content=\"https:\/\/novice.si\/page\/wp-content\/uploads\/2022\/12\/Citycenter-obdaruje-1-1144-foto-citycenter-celje-scaled.jpg\" \/>\n\t<meta property=\"og:image:width\" content=\"2560\" \/>\n\t<meta property=\"og:image:height\" content=\"1707\" \/>\n\t<meta property=\"og:image:type\" content=\"image\/jpeg\" \/>\n<meta name=\"author\" content=\"Iztok Krajnc\" \/>\n<meta name=\"twitter:card\" content=\"summary_large_image\" \/>\n<meta name=\"twitter:label1\" content=\"Written by\" \/>\n\t<meta name=\"twitter:data1\" content=\"Iztok Krajnc\" \/>\n\t<meta name=\"twitter:label2\" content=\"Est. reading time\" \/>\n\t<meta name=\"twitter:data2\" content=\"1 minuta\" \/>\n<script type=\"application\/ld+json\" class=\"yoast-schema-graph\">{\"@context\":\"https:\\\/\\\/schema.org\",\"@graph\":[{\"@type\":\"Article\",\"@id\":\"https:\\\/\\\/novice.si\\\/page\\\/citycenter-celje-in-miklavz-obdarila-otroke\\\/#article\",\"isPartOf\":{\"@id\":\"https:\\\/\\\/novice.si\\\/page\\\/citycenter-celje-in-miklavz-obdarila-otroke\\\/\"},\"author\":{\"name\":\"Iztok Krajnc\",\"@id\":\"https:\\\/\\\/novice.si\\\/page\\\/#\\\/schema\\\/person\\\/92fda8564875f655675c886e4df22216\"},\"headline\":\"Citycenter Celje in Miklav\u017e obdarila otroke\",\"datePublished\":\"2022-12-19T07:08:49+00:00\",\"dateModified\":\"2022-12-19T07:20:12+00:00\",\"mainEntityOfPage\":{\"@id\":\"https:\\\/\\\/novice.si\\\/page\\\/citycenter-celje-in-miklavz-obdarila-otroke\\\/\"},\"wordCount\":152,\"publisher\":{\"@id\":\"https:\\\/\\\/novice.si\\\/page\\\/#organization\"},\"image\":{\"@id\":\"https:\\\/\\\/novice.si\\\/page\\\/citycenter-celje-in-miklavz-obdarila-otroke\\\/#primaryimage\"},\"thumbnailUrl\":\"https:\\\/\\\/novice.si\\\/page\\\/wp-content\\\/uploads\\\/2022\\\/12\\\/Citycenter-obdaruje-1-1144-foto-citycenter-celje-scaled.jpg\",\"keywords\":[\"alenka obrul\",\"Celje\",\"Citycenter Celje\",\"Darja Lesjak\",\"Miklav\u017e\",\"Suzi Kvas\",\"Svjetlana Divjak Kne\u017eevi\",\"Svjetlana Divjak Kne\u017eevi\u010d\",\"Varna Hi\u0161a Celje\"],\"articleSection\":[\"Aktualno\",\"Celjan\",\"Celjsko\",\"Dru\u017eabno\"],\"inLanguage\":\"sl-SI\"},{\"@type\":\"WebPage\",\"@id\":\"https:\\\/\\\/novice.si\\\/page\\\/citycenter-celje-in-miklavz-obdarila-otroke\\\/\",\"url\":\"https:\\\/\\\/novice.si\\\/page\\\/citycenter-celje-in-miklavz-obdarila-otroke\\\/\",\"name\":\"Citycenter Celje in Miklav\u017e obdarila otroke - Novice.si\",\"isPartOf\":{\"@id\":\"https:\\\/\\\/novice.si\\\/page\\\/#website\"},\"primaryImageOfPage\":{\"@id\":\"https:\\\/\\\/novice.si\\\/page\\\/citycenter-celje-in-miklavz-obdarila-otroke\\\/#primaryimage\"},\"image\":{\"@id\":\"https:\\\/\\\/novice.si\\\/page\\\/citycenter-celje-in-miklavz-obdarila-otroke\\\/#primaryimage\"},\"thumbnailUrl\":\"https:\\\/\\\/novice.si\\\/page\\\/wp-content\\\/uploads\\\/2022\\\/12\\\/Citycenter-obdaruje-1-1144-foto-citycenter-celje-scaled.jpg\",\"datePublished\":\"2022-12-19T07:08:49+00:00\",\"dateModified\":\"2022-12-19T07:20:12+00:00\",\"breadcrumb\":{\"@id\":\"https:\\\/\\\/novice.si\\\/page\\\/citycenter-celje-in-miklavz-obdarila-otroke\\\/#breadcrumb\"},\"inLanguage\":\"sl-SI\",\"potentialAction\":[{\"@type\":\"ReadAction\",\"target\":[\"https:\\\/\\\/novice.si\\\/page\\\/citycenter-celje-in-miklavz-obdarila-otroke\\\/\"]}]},{\"@type\":\"ImageObject\",\"inLanguage\":\"sl-SI\",\"@id\":\"https:\\\/\\\/novice.si\\\/page\\\/citycenter-celje-in-miklavz-obdarila-otroke\\\/#primaryimage\",\"url\":\"https:\\\/\\\/novice.si\\\/page\\\/wp-content\\\/uploads\\\/2022\\\/12\\\/Citycenter-obdaruje-1-1144-foto-citycenter-celje-scaled.jpg\",\"contentUrl\":\"https:\\\/\\\/novice.si\\\/page\\\/wp-content\\\/uploads\\\/2022\\\/12\\\/Citycenter-obdaruje-1-1144-foto-citycenter-celje-scaled.jpg\",\"width\":2560,\"height\":1707},{\"@type\":\"BreadcrumbList\",\"@id\":\"https:\\\/\\\/novice.si\\\/page\\\/citycenter-celje-in-miklavz-obdarila-otroke\\\/#breadcrumb\",\"itemListElement\":[{\"@type\":\"ListItem\",\"position\":1,\"name\":\"Home\",\"item\":\"https:\\\/\\\/novice.si\\\/page\\\/\"},{\"@type\":\"ListItem\",\"position\":2,\"name\":\"Citycenter Celje in Miklav\u017e obdarila otroke\"}]},{\"@type\":\"WebSite\",\"@id\":\"https:\\\/\\\/novice.si\\\/page\\\/#website\",\"url\":\"https:\\\/\\\/novice.si\\\/page\\\/\",\"name\":\"Novice.si\",\"description\":\"\",\"publisher\":{\"@id\":\"https:\\\/\\\/novice.si\\\/page\\\/#organization\"},\"potentialAction\":[{\"@type\":\"SearchAction\",\"target\":{\"@type\":\"EntryPoint\",\"urlTemplate\":\"https:\\\/\\\/novice.si\\\/page\\\/?s={search_term_string}\"},\"query-input\":{\"@type\":\"PropertyValueSpecification\",\"valueRequired\":true,\"valueName\":\"search_term_string\"}}],\"inLanguage\":\"sl-SI\"},{\"@type\":\"Organization\",\"@id\":\"https:\\\/\\\/novice.si\\\/page\\\/#organization\",\"name\":\"Novice.si\",\"url\":\"https:\\\/\\\/novice.si\\\/page\\\/\",\"logo\":{\"@type\":\"ImageObject\",\"inLanguage\":\"sl-SI\",\"@id\":\"https:\\\/\\\/novice.si\\\/page\\\/#\\\/schema\\\/logo\\\/image\\\/\",\"url\":\"https:\\\/\\\/novice.si\\\/page\\\/wp-content\\\/uploads\\\/2023\\\/03\\\/novice_si.png\",\"contentUrl\":\"https:\\\/\\\/novice.si\\\/page\\\/wp-content\\\/uploads\\\/2023\\\/03\\\/novice_si.png\",\"width\":576,\"height\":200,\"caption\":\"Novice.si\"},\"image\":{\"@id\":\"https:\\\/\\\/novice.si\\\/page\\\/#\\\/schema\\\/logo\\\/image\\\/\"}},{\"@type\":\"Person\",\"@id\":\"https:\\\/\\\/novice.si\\\/page\\\/#\\\/schema\\\/person\\\/92fda8564875f655675c886e4df22216\",\"name\":\"Iztok Krajnc\",\"image\":{\"@type\":\"ImageObject\",\"inLanguage\":\"sl-SI\",\"@id\":\"https:\\\/\\\/secure.gravatar.com\\\/avatar\\\/2790ff125f883a5a9cb934a574322d28ea850f8f4494d77b487c1950e0096015?s=96&d=mm&r=g\",\"url\":\"https:\\\/\\\/secure.gravatar.com\\\/avatar\\\/2790ff125f883a5a9cb934a574322d28ea850f8f4494d77b487c1950e0096015?s=96&d=mm&r=g\",\"contentUrl\":\"https:\\\/\\\/secure.gravatar.com\\\/avatar\\\/2790ff125f883a5a9cb934a574322d28ea850f8f4494d77b487c1950e0096015?s=96&d=mm&r=g\",\"caption\":\"Iztok Krajnc\"},\"url\":\"https:\\\/\\\/novice.si\\\/page\\\/author\\\/iztok\\\/\"}]}<\/script>\n<!-- \/ Yoast SEO plugin. -->","yoast_head_json":{"title":"Citycenter Celje in Miklav\u017e obdarila otroke - Novice.si","robots":{"index":"index","follow":"follow","max-snippet":"max-snippet:-1","max-image-preview":"max-image-preview:large","max-video-preview":"max-video-preview:-1"},"canonical":"https:\/\/novice.si\/page\/citycenter-celje-in-miklavz-obdarila-otroke\/","og_locale":"sl_SI","og_type":"article","og_title":"Citycenter Celje in Miklav\u017e obdarila otroke - Novice.si","og_description":"V Citycentru Celje so kot prav vsako leto doslej s pomo\u010djo prvega dobrega mo\u017ea Miklav\u017ea s posebno izbranimi darili razveselili \u0161tevilne otroke. Tiste, ki so pri\u0161li na ogled predstave pred nakupovalno sredi\u0161\u010de Citycenter Celje, in tiste, ki jih je Miklav\u017e razveselil v sredi\u0161\u010du Celja. Niso pa pozabili niti na tiste najmlaj\u0161e, ki zaradi razli\u010dnih razlogov [&hellip;]","og_url":"https:\/\/novice.si\/page\/citycenter-celje-in-miklavz-obdarila-otroke\/","og_site_name":"Novice.si","article_published_time":"2022-12-19T07:08:49+00:00","article_modified_time":"2022-12-19T07:20:12+00:00","og_image":[{"width":2560,"height":1707,"url":"https:\/\/novice.si\/page\/wp-content\/uploads\/2022\/12\/Citycenter-obdaruje-1-1144-foto-citycenter-celje-scaled.jpg","type":"image\/jpeg"}],"author":"Iztok Krajnc","twitter_card":"summary_large_image","twitter_misc":{"Written by":"Iztok Krajnc","Est. reading time":"1 minuta"},"schema":{"@context":"https:\/\/schema.org","@graph":[{"@type":"Article","@id":"https:\/\/novice.si\/page\/citycenter-celje-in-miklavz-obdarila-otroke\/#article","isPartOf":{"@id":"https:\/\/novice.si\/page\/citycenter-celje-in-miklavz-obdarila-otroke\/"},"author":{"name":"Iztok Krajnc","@id":"https:\/\/novice.si\/page\/#\/schema\/person\/92fda8564875f655675c886e4df22216"},"headline":"Citycenter Celje in Miklav\u017e obdarila otroke","datePublished":"2022-12-19T07:08:49+00:00","dateModified":"2022-12-19T07:20:12+00:00","mainEntityOfPage":{"@id":"https:\/\/novice.si\/page\/citycenter-celje-in-miklavz-obdarila-otroke\/"},"wordCount":152,"publisher":{"@id":"https:\/\/novice.si\/page\/#organization"},"image":{"@id":"https:\/\/novice.si\/page\/citycenter-celje-in-miklavz-obdarila-otroke\/#primaryimage"},"thumbnailUrl":"https:\/\/novice.si\/page\/wp-content\/uploads\/2022\/12\/Citycenter-obdaruje-1-1144-foto-citycenter-celje-scaled.jpg","keywords":["alenka obrul","Celje","Citycenter Celje","Darja Lesjak","Miklav\u017e","Suzi Kvas","Svjetlana Divjak Kne\u017eevi","Svjetlana Divjak Kne\u017eevi\u010d","Varna Hi\u0161a Celje"],"articleSection":["Aktualno","Celjan","Celjsko","Dru\u017eabno"],"inLanguage":"sl-SI"},{"@type":"WebPage","@id":"https:\/\/novice.si\/page\/citycenter-celje-in-miklavz-obdarila-otroke\/","url":"https:\/\/novice.si\/page\/citycenter-celje-in-miklavz-obdarila-otroke\/","name":"Citycenter Celje in Miklav\u017e obdarila otroke - Novice.si","isPartOf":{"@id":"https:\/\/novice.si\/page\/#website"},"primaryImageOfPage":{"@id":"https:\/\/novice.si\/page\/citycenter-celje-in-miklavz-obdarila-otroke\/#primaryimage"},"image":{"@id":"https:\/\/novice.si\/page\/citycenter-celje-in-miklavz-obdarila-otroke\/#primaryimage"},"thumbnailUrl":"https:\/\/novice.si\/page\/wp-content\/uploads\/2022\/12\/Citycenter-obdaruje-1-1144-foto-citycenter-celje-scaled.jpg","datePublished":"2022-12-19T07:08:49+00:00","dateModified":"2022-12-19T07:20:12+00:00","breadcrumb":{"@id":"https:\/\/novice.si\/page\/citycenter-celje-in-miklavz-obdarila-otroke\/#breadcrumb"},"inLanguage":"sl-SI","potentialAction":[{"@type":"ReadAction","target":["https:\/\/novice.si\/page\/citycenter-celje-in-miklavz-obdarila-otroke\/"]}]},{"@type":"ImageObject","inLanguage":"sl-SI","@id":"https:\/\/novice.si\/page\/citycenter-celje-in-miklavz-obdarila-otroke\/#primaryimage","url":"https:\/\/novice.si\/page\/wp-content\/uploads\/2022\/12\/Citycenter-obdaruje-1-1144-foto-citycenter-celje-scaled.jpg","contentUrl":"https:\/\/novice.si\/page\/wp-content\/uploads\/2022\/12\/Citycenter-obdaruje-1-1144-foto-citycenter-celje-scaled.jpg","width":2560,"height":1707},{"@type":"BreadcrumbList","@id":"https:\/\/novice.si\/page\/citycenter-celje-in-miklavz-obdarila-otroke\/#breadcrumb","itemListElement":[{"@type":"ListItem","position":1,"name":"Home","item":"https:\/\/novice.si\/page\/"},{"@type":"ListItem","position":2,"name":"Citycenter Celje in Miklav\u017e obdarila otroke"}]},{"@type":"WebSite","@id":"https:\/\/novice.si\/page\/#website","url":"https:\/\/novice.si\/page\/","name":"Novice.si","description":"","publisher":{"@id":"https:\/\/novice.si\/page\/#organization"},"potentialAction":[{"@type":"SearchAction","target":{"@type":"EntryPoint","urlTemplate":"https:\/\/novice.si\/page\/?s={search_term_string}"},"query-input":{"@type":"PropertyValueSpecification","valueRequired":true,"valueName":"search_term_string"}}],"inLanguage":"sl-SI"},{"@type":"Organization","@id":"https:\/\/novice.si\/page\/#organization","name":"Novice.si","url":"https:\/\/novice.si\/page\/","logo":{"@type":"ImageObject","inLanguage":"sl-SI","@id":"https:\/\/novice.si\/page\/#\/schema\/logo\/image\/","url":"https:\/\/novice.si\/page\/wp-content\/uploads\/2023\/03\/novice_si.png","contentUrl":"https:\/\/novice.si\/page\/wp-content\/uploads\/2023\/03\/novice_si.png","width":576,"height":200,"caption":"Novice.si"},"image":{"@id":"https:\/\/novice.si\/page\/#\/schema\/logo\/image\/"}},{"@type":"Person","@id":"https:\/\/novice.si\/page\/#\/schema\/person\/92fda8564875f655675c886e4df22216","name":"Iztok Krajnc","image":{"@type":"ImageObject","inLanguage":"sl-SI","@id":"https:\/\/secure.gravatar.com\/avatar\/2790ff125f883a5a9cb934a574322d28ea850f8f4494d77b487c1950e0096015?s=96&d=mm&r=g","url":"https:\/\/secure.gravatar.com\/avatar\/2790ff125f883a5a9cb934a574322d28ea850f8f4494d77b487c1950e0096015?s=96&d=mm&r=g","contentUrl":"https:\/\/secure.gravatar.com\/avatar\/2790ff125f883a5a9cb934a574322d28ea850f8f4494d77b487c1950e0096015?s=96&d=mm&r=g","caption":"Iztok Krajnc"},"url":"https:\/\/novice.si\/page\/author\/iztok\/"}]}},"_links":{"self":[{"href":"https:\/\/novice.si\/page\/wp-json\/wp\/v2\/posts\/158092","targetHints":{"allow":["GET"]}}],"collection":[{"href":"https:\/\/novice.si\/page\/wp-json\/wp\/v2\/posts"}],"about":[{"href":"https:\/\/novice.si\/page\/wp-json\/wp\/v2\/types\/post"}],"author":[{"embeddable":true,"href":"https:\/\/novice.si\/page\/wp-json\/wp\/v2\/users\/10"}],"replies":[{"embeddable":true,"href":"https:\/\/novice.si\/page\/wp-json\/wp\/v2\/comments?post=158092"}],"version-history":[{"count":3,"href":"https:\/\/novice.si\/page\/wp-json\/wp\/v2\/posts\/158092\/revisions"}],"predecessor-version":[{"id":158108,"href":"https:\/\/novice.si\/page\/wp-json\/wp\/v2\/posts\/158092\/revisions\/158108"}],"wp:featuredmedia":[{"embeddable":true,"href":"https:\/\/novice.si\/page\/wp-json\/wp\/v2\/media\/158093"}],"wp:attachment":[{"href":"https:\/\/novice.si\/page\/wp-json\/wp\/v2\/media?parent=158092"}],"wp:term":[{"taxonomy":"category","embeddable":true,"href":"https:\/\/novice.si\/page\/wp-json\/wp\/v2\/categories?post=158092"},{"taxonomy":"post_tag","embeddable":true,"href":"https:\/\/novice.si\/page\/wp-json\/wp\/v2\/tags?post=158092"}],"curies":[{"name":"wp","href":"https:\/\/api.w.org\/{rel}","templated":true}]}}