{"id":158086,"date":"2022-12-18T18:00:36","date_gmt":"2022-12-18T17:00:36","guid":{"rendered":"https:\/\/novice.si\/page\/?p=158086"},"modified":"2022-12-19T08:03:47","modified_gmt":"2022-12-19T07:03:47","slug":"zan-sercic-dodobra-razgrel-ozracje","status":"publish","type":"post","link":"https:\/\/novice.si\/page\/zan-sercic-dodobra-razgrel-ozracje\/","title":{"rendered":"\u017dan Ser\u010di\u010d dodobra razgrel ozra\u010dje"},"content":{"rendered":"<p><a href=\"https:\/\/novice.si\/page\/wp-content\/uploads\/2022\/12\/Sercic-zan-2-1144.jpg\" data-gallery><img loading=\"lazy\" decoding=\"async\" src=\"https:\/\/novice.si\/page\/wp-content\/uploads\/2022\/12\/Sercic-zan-2-1144-300x200.jpg\" alt=\"\" width=\"300\" height=\"200\" class=\"alignleft size-medium wp-image-158088\" srcset=\"https:\/\/novice.si\/page\/wp-content\/uploads\/2022\/12\/Sercic-zan-2-1144-300x200.jpg 300w, https:\/\/novice.si\/page\/wp-content\/uploads\/2022\/12\/Sercic-zan-2-1144-1024x683.jpg 1024w, https:\/\/novice.si\/page\/wp-content\/uploads\/2022\/12\/Sercic-zan-2-1144-768x512.jpg 768w, https:\/\/novice.si\/page\/wp-content\/uploads\/2022\/12\/Sercic-zan-2-1144-696x464.jpg 696w, https:\/\/novice.si\/page\/wp-content\/uploads\/2022\/12\/Sercic-zan-2-1144-1068x712.jpg 1068w, https:\/\/novice.si\/page\/wp-content\/uploads\/2022\/12\/Sercic-zan-2-1144-630x420.jpg 630w, https:\/\/novice.si\/page\/wp-content\/uploads\/2022\/12\/Sercic-zan-2-1144-24x16.jpg 24w, https:\/\/novice.si\/page\/wp-content\/uploads\/2022\/12\/Sercic-zan-2-1144-36x24.jpg 36w, https:\/\/novice.si\/page\/wp-content\/uploads\/2022\/12\/Sercic-zan-2-1144-48x32.jpg 48w, https:\/\/novice.si\/page\/wp-content\/uploads\/2022\/12\/Sercic-zan-2-1144.jpg 1474w\" sizes=\"auto, (max-width: 300px) 100vw, 300px\" \/><\/a>\u017dan Ser\u010di\u010d, ki je nastopil v Local Clubu Celje, je trenutno eden najbolj priljubljenih slovenskih glasbenikov in zagotovo trenutno najbolj &#8216;vro\u010d&#8217; glasbenik na na\u0161i glasbeni sceni. Pevec, glasbenik, pisec pesmi in producent prihaja iz Lenarta v Slovenskih goricah, a \u017eivi in ustvarja v Ljubljani. Prvi\u010d se je Sloveniji predstavil v \u0161ovu Slovenija ima talent leta 2011.<br \/>\n\r\n                <style type=\"text\/css\">\r\n                    \r\n                    #tdi_1  .td-doubleSlider-2 .td-item1 {\r\n                        background: url(https:\/\/novice.si\/page\/wp-content\/uploads\/2022\/12\/Sercic-zan-3-1144-80x60.jpg) 0 0 no-repeat;\r\n                    }\r\n                    #tdi_1  .td-doubleSlider-2 .td-item2 {\r\n                        background: url(https:\/\/novice.si\/page\/wp-content\/uploads\/2022\/12\/Sercic-zan-2-1144-80x60.jpg) 0 0 no-repeat;\r\n                    }\r\n                    #tdi_1  .td-doubleSlider-2 .td-item3 {\r\n                        background: url(https:\/\/novice.si\/page\/wp-content\/uploads\/2022\/12\/Sercic-zan-1-1144-80x60.jpg) 0 0 no-repeat;\r\n                    }\r\n                <\/style>\r\n\r\n                <div id=\"tdi_1\" class=\"td-gallery td-slide-on-2-columns\">\r\n                    <div class=\"post_td_gallery\">\r\n                        <div class=\"td-gallery-slide-top\">\r\n                           <div class=\"td-gallery-title\"><\/div>\r\n\r\n                            <div class=\"td-gallery-controls-wrapper\">\r\n                                <div class=\"td-gallery-slide-count\"><span class=\"td-gallery-slide-item-focus\">1<\/span> od 3<\/div>\r\n                                <div class=\"td-gallery-slide-prev-next-but\">\r\n                                    <i class = \"td-icon-left doubleSliderPrevButton\"><\/i>\r\n                                    <i class = \"td-icon-right doubleSliderNextButton\"><\/i>\r\n                                <\/div>\r\n                            <\/div>\r\n                        <\/div>\r\n\r\n                        <div class = \"td-doubleSlider-1 \">\r\n                            <div class = \"td-slider\">\r\n                                \r\n                    <div class = \"td-slide-item td-item1\">\r\n                        <figure class=\"td-slide-galery-figure td-slide-popup-gallery\">\r\n                            <a class=\"slide-gallery-image-link\" href=\"https:\/\/novice.si\/page\/wp-content\/uploads\/2022\/12\/Sercic-zan-3-1144.jpg\" title=\"Sercic zan 3 1144\"  data-caption=\"\"  data-description=\"\" data-gallery>\r\n                                <img decoding=\"async\" src=\"https:\/\/novice.si\/page\/wp-content\/uploads\/2022\/12\/Sercic-zan-3-1144-630x420.jpg\" srcset=\"https:\/\/novice.si\/page\/wp-content\/uploads\/2022\/12\/Sercic-zan-3-1144-630x420.jpg 630w, https:\/\/novice.si\/page\/wp-content\/uploads\/2022\/12\/Sercic-zan-3-1144-300x200.jpg 300w, https:\/\/novice.si\/page\/wp-content\/uploads\/2022\/12\/Sercic-zan-3-1144-1024x683.jpg 1024w, https:\/\/novice.si\/page\/wp-content\/uploads\/2022\/12\/Sercic-zan-3-1144-768x512.jpg 768w, https:\/\/novice.si\/page\/wp-content\/uploads\/2022\/12\/Sercic-zan-3-1144-696x464.jpg 696w, https:\/\/novice.si\/page\/wp-content\/uploads\/2022\/12\/Sercic-zan-3-1144-1068x712.jpg 1068w, https:\/\/novice.si\/page\/wp-content\/uploads\/2022\/12\/Sercic-zan-3-1144-24x16.jpg 24w, https:\/\/novice.si\/page\/wp-content\/uploads\/2022\/12\/Sercic-zan-3-1144-36x24.jpg 36w, https:\/\/novice.si\/page\/wp-content\/uploads\/2022\/12\/Sercic-zan-3-1144-48x32.jpg 48w, https:\/\/novice.si\/page\/wp-content\/uploads\/2022\/12\/Sercic-zan-3-1144.jpg 1474w\" sizes=\"(max-width: 630px) 100vw, 630px\" alt=\"\">\r\n                            <\/a>\r\n                            \r\n                        <\/figure>\r\n                    <\/div>\r\n                    <div class = \"td-slide-item td-item2\">\r\n                        <figure class=\"td-slide-galery-figure td-slide-popup-gallery\">\r\n                            <a class=\"slide-gallery-image-link\" href=\"https:\/\/novice.si\/page\/wp-content\/uploads\/2022\/12\/Sercic-zan-2-1144.jpg\" title=\"Sercic zan 2 1144\"  data-caption=\"\"  data-description=\"\" data-gallery>\r\n                                <img decoding=\"async\" src=\"https:\/\/novice.si\/page\/wp-content\/uploads\/2022\/12\/Sercic-zan-2-1144-630x420.jpg\" srcset=\"https:\/\/novice.si\/page\/wp-content\/uploads\/2022\/12\/Sercic-zan-2-1144-630x420.jpg 630w, https:\/\/novice.si\/page\/wp-content\/uploads\/2022\/12\/Sercic-zan-2-1144-300x200.jpg 300w, https:\/\/novice.si\/page\/wp-content\/uploads\/2022\/12\/Sercic-zan-2-1144-1024x683.jpg 1024w, https:\/\/novice.si\/page\/wp-content\/uploads\/2022\/12\/Sercic-zan-2-1144-768x512.jpg 768w, https:\/\/novice.si\/page\/wp-content\/uploads\/2022\/12\/Sercic-zan-2-1144-696x464.jpg 696w, https:\/\/novice.si\/page\/wp-content\/uploads\/2022\/12\/Sercic-zan-2-1144-1068x712.jpg 1068w, https:\/\/novice.si\/page\/wp-content\/uploads\/2022\/12\/Sercic-zan-2-1144-24x16.jpg 24w, https:\/\/novice.si\/page\/wp-content\/uploads\/2022\/12\/Sercic-zan-2-1144-36x24.jpg 36w, https:\/\/novice.si\/page\/wp-content\/uploads\/2022\/12\/Sercic-zan-2-1144-48x32.jpg 48w, https:\/\/novice.si\/page\/wp-content\/uploads\/2022\/12\/Sercic-zan-2-1144.jpg 1474w\" sizes=\"(max-width: 630px) 100vw, 630px\" alt=\"\">\r\n                            <\/a>\r\n                            \r\n                        <\/figure>\r\n                    <\/div>\r\n                    <div class = \"td-slide-item td-item3\">\r\n                        <figure class=\"td-slide-galery-figure td-slide-popup-gallery\">\r\n                            <a class=\"slide-gallery-image-link\" href=\"https:\/\/novice.si\/page\/wp-content\/uploads\/2022\/12\/Sercic-zan-1-1144.jpg\" title=\"Sercic zan 1 1144\"  data-caption=\"\"  data-description=\"\" data-gallery>\r\n                                <img decoding=\"async\" src=\"https:\/\/novice.si\/page\/wp-content\/uploads\/2022\/12\/Sercic-zan-1-1144-630x420.jpg\" srcset=\"https:\/\/novice.si\/page\/wp-content\/uploads\/2022\/12\/Sercic-zan-1-1144-630x420.jpg 630w, https:\/\/novice.si\/page\/wp-content\/uploads\/2022\/12\/Sercic-zan-1-1144-300x200.jpg 300w, https:\/\/novice.si\/page\/wp-content\/uploads\/2022\/12\/Sercic-zan-1-1144-1024x683.jpg 1024w, https:\/\/novice.si\/page\/wp-content\/uploads\/2022\/12\/Sercic-zan-1-1144-768x512.jpg 768w, https:\/\/novice.si\/page\/wp-content\/uploads\/2022\/12\/Sercic-zan-1-1144-696x464.jpg 696w, https:\/\/novice.si\/page\/wp-content\/uploads\/2022\/12\/Sercic-zan-1-1144-1068x712.jpg 1068w, https:\/\/novice.si\/page\/wp-content\/uploads\/2022\/12\/Sercic-zan-1-1144-24x16.jpg 24w, https:\/\/novice.si\/page\/wp-content\/uploads\/2022\/12\/Sercic-zan-1-1144-36x24.jpg 36w, https:\/\/novice.si\/page\/wp-content\/uploads\/2022\/12\/Sercic-zan-1-1144-48x32.jpg 48w, https:\/\/novice.si\/page\/wp-content\/uploads\/2022\/12\/Sercic-zan-1-1144.jpg 1474w\" sizes=\"(max-width: 630px) 100vw, 630px\" alt=\"\">\r\n                            <\/a>\r\n                            \r\n                        <\/figure>\r\n                    <\/div>\r\n                            <\/div>\r\n                        <\/div>\r\n\r\n                        <div class = \"td-doubleSlider-2\">\r\n                            <div class = \"td-slider\">\r\n                                \r\n                    <div class = \"td-button td-item1\">\r\n                        <div class = \"td-border\"><\/div>\r\n                    <\/div>\r\n                    <div class = \"td-button td-item2\">\r\n                        <div class = \"td-border\"><\/div>\r\n                    <\/div>\r\n                    <div class = \"td-button td-item3\">\r\n                        <div class = \"td-border\"><\/div>\r\n                    <\/div>\r\n                            <\/div>\r\n                        <\/div>\r\n\r\n                    <\/div>\r\n\r\n                <\/div>\r\n                <\/p>\n","protected":false},"excerpt":{"rendered":"<p>\u017dan Ser\u010di\u010d, ki je nastopil v Local Clubu Celje, je trenutno eden najbolj priljubljenih slovenskih glasbenikov in zagotovo trenutno najbolj &#8216;vro\u010d&#8217; glasbenik na na\u0161i glasbeni sceni. Pevec, glasbenik, pisec pesmi in producent prihaja iz Lenarta v Slovenskih goricah, a \u017eivi in ustvarja v Ljubljani. Prvi\u010d se je Sloveniji predstavil v \u0161ovu Slovenija ima talent leta [&hellip;]<\/p>\n","protected":false},"author":10,"featured_media":158087,"comment_status":"closed","ping_status":"closed","sticky":false,"template":"","format":"standard","meta":{"footnotes":""},"categories":[14,142,17,15],"tags":[16387,16646,16647,16648,70,16382],"class_list":{"0":"post-158086","1":"post","2":"type-post","3":"status-publish","4":"format-standard","5":"has-post-thumbnail","7":"category-aktualno","8":"category-celjan","9":"category-celjsko","10":"category-druzabno","11":"tag-lenart","12":"tag-lenart-v-slovenskih-goricah","13":"tag-local-club-celje","14":"tag-local-klub-celje","15":"tag-slovenija-ima-talent","16":"tag-zan-sercic"},"yoast_head":"<!-- This site is optimized with the Yoast SEO plugin v27.4 - https:\/\/yoast.com\/product\/yoast-seo-wordpress\/ -->\n<title>\u017dan Ser\u010di\u010d dodobra razgrel ozra\u010dje - Novice.si<\/title>\n<meta name=\"robots\" content=\"index, follow, max-snippet:-1, max-image-preview:large, max-video-preview:-1\" \/>\n<link rel=\"canonical\" href=\"https:\/\/novice.si\/page\/zan-sercic-dodobra-razgrel-ozracje\/\" \/>\n<meta property=\"og:locale\" content=\"sl_SI\" \/>\n<meta property=\"og:type\" content=\"article\" \/>\n<meta property=\"og:title\" content=\"\u017dan Ser\u010di\u010d dodobra razgrel ozra\u010dje - Novice.si\" \/>\n<meta property=\"og:description\" content=\"\u017dan Ser\u010di\u010d, ki je nastopil v Local Clubu Celje, je trenutno eden najbolj priljubljenih slovenskih glasbenikov in zagotovo trenutno najbolj &#8216;vro\u010d&#8217; glasbenik na na\u0161i glasbeni sceni. Pevec, glasbenik, pisec pesmi in producent prihaja iz Lenarta v Slovenskih goricah, a \u017eivi in ustvarja v Ljubljani. Prvi\u010d se je Sloveniji predstavil v \u0161ovu Slovenija ima talent leta [&hellip;]\" \/>\n<meta property=\"og:url\" content=\"https:\/\/novice.si\/page\/zan-sercic-dodobra-razgrel-ozracje\/\" \/>\n<meta property=\"og:site_name\" content=\"Novice.si\" \/>\n<meta property=\"article:published_time\" content=\"2022-12-18T17:00:36+00:00\" \/>\n<meta property=\"article:modified_time\" content=\"2022-12-19T07:03:47+00:00\" \/>\n<meta property=\"og:image\" content=\"https:\/\/novice.si\/page\/wp-content\/uploads\/2022\/12\/Sercic-zan-1-1144.jpg\" \/>\n\t<meta property=\"og:image:width\" content=\"1474\" \/>\n\t<meta property=\"og:image:height\" content=\"983\" \/>\n\t<meta property=\"og:image:type\" content=\"image\/jpeg\" \/>\n<meta name=\"author\" content=\"Iztok Krajnc\" \/>\n<meta name=\"twitter:card\" content=\"summary_large_image\" \/>\n<meta name=\"twitter:label1\" content=\"Written by\" \/>\n\t<meta name=\"twitter:data1\" content=\"Iztok Krajnc\" \/>\n\t<meta name=\"twitter:label2\" content=\"Est. reading time\" \/>\n\t<meta name=\"twitter:data2\" content=\"1 minuta\" \/>\n<script type=\"application\/ld+json\" class=\"yoast-schema-graph\">{\"@context\":\"https:\\\/\\\/schema.org\",\"@graph\":[{\"@type\":\"Article\",\"@id\":\"https:\\\/\\\/novice.si\\\/page\\\/zan-sercic-dodobra-razgrel-ozracje\\\/#article\",\"isPartOf\":{\"@id\":\"https:\\\/\\\/novice.si\\\/page\\\/zan-sercic-dodobra-razgrel-ozracje\\\/\"},\"author\":{\"name\":\"Iztok Krajnc\",\"@id\":\"https:\\\/\\\/novice.si\\\/page\\\/#\\\/schema\\\/person\\\/92fda8564875f655675c886e4df22216\"},\"headline\":\"\u017dan Ser\u010di\u010d dodobra razgrel ozra\u010dje\",\"datePublished\":\"2022-12-18T17:00:36+00:00\",\"dateModified\":\"2022-12-19T07:03:47+00:00\",\"mainEntityOfPage\":{\"@id\":\"https:\\\/\\\/novice.si\\\/page\\\/zan-sercic-dodobra-razgrel-ozracje\\\/\"},\"wordCount\":72,\"publisher\":{\"@id\":\"https:\\\/\\\/novice.si\\\/page\\\/#organization\"},\"image\":{\"@id\":\"https:\\\/\\\/novice.si\\\/page\\\/zan-sercic-dodobra-razgrel-ozracje\\\/#primaryimage\"},\"thumbnailUrl\":\"https:\\\/\\\/novice.si\\\/page\\\/wp-content\\\/uploads\\\/2022\\\/12\\\/Sercic-zan-1-1144.jpg\",\"keywords\":[\"lenart\",\"lenart v slovenskih goricah\",\"local club celje\",\"local klub celje\",\"Slovenija ima talent\",\"\u017ean ser\u010di\u010d\"],\"articleSection\":[\"Aktualno\",\"Celjan\",\"Celjsko\",\"Dru\u017eabno\"],\"inLanguage\":\"sl-SI\"},{\"@type\":\"WebPage\",\"@id\":\"https:\\\/\\\/novice.si\\\/page\\\/zan-sercic-dodobra-razgrel-ozracje\\\/\",\"url\":\"https:\\\/\\\/novice.si\\\/page\\\/zan-sercic-dodobra-razgrel-ozracje\\\/\",\"name\":\"\u017dan Ser\u010di\u010d dodobra razgrel ozra\u010dje - Novice.si\",\"isPartOf\":{\"@id\":\"https:\\\/\\\/novice.si\\\/page\\\/#website\"},\"primaryImageOfPage\":{\"@id\":\"https:\\\/\\\/novice.si\\\/page\\\/zan-sercic-dodobra-razgrel-ozracje\\\/#primaryimage\"},\"image\":{\"@id\":\"https:\\\/\\\/novice.si\\\/page\\\/zan-sercic-dodobra-razgrel-ozracje\\\/#primaryimage\"},\"thumbnailUrl\":\"https:\\\/\\\/novice.si\\\/page\\\/wp-content\\\/uploads\\\/2022\\\/12\\\/Sercic-zan-1-1144.jpg\",\"datePublished\":\"2022-12-18T17:00:36+00:00\",\"dateModified\":\"2022-12-19T07:03:47+00:00\",\"breadcrumb\":{\"@id\":\"https:\\\/\\\/novice.si\\\/page\\\/zan-sercic-dodobra-razgrel-ozracje\\\/#breadcrumb\"},\"inLanguage\":\"sl-SI\",\"potentialAction\":[{\"@type\":\"ReadAction\",\"target\":[\"https:\\\/\\\/novice.si\\\/page\\\/zan-sercic-dodobra-razgrel-ozracje\\\/\"]}]},{\"@type\":\"ImageObject\",\"inLanguage\":\"sl-SI\",\"@id\":\"https:\\\/\\\/novice.si\\\/page\\\/zan-sercic-dodobra-razgrel-ozracje\\\/#primaryimage\",\"url\":\"https:\\\/\\\/novice.si\\\/page\\\/wp-content\\\/uploads\\\/2022\\\/12\\\/Sercic-zan-1-1144.jpg\",\"contentUrl\":\"https:\\\/\\\/novice.si\\\/page\\\/wp-content\\\/uploads\\\/2022\\\/12\\\/Sercic-zan-1-1144.jpg\",\"width\":1474,\"height\":983},{\"@type\":\"BreadcrumbList\",\"@id\":\"https:\\\/\\\/novice.si\\\/page\\\/zan-sercic-dodobra-razgrel-ozracje\\\/#breadcrumb\",\"itemListElement\":[{\"@type\":\"ListItem\",\"position\":1,\"name\":\"Home\",\"item\":\"https:\\\/\\\/novice.si\\\/page\\\/\"},{\"@type\":\"ListItem\",\"position\":2,\"name\":\"\u017dan Ser\u010di\u010d dodobra razgrel ozra\u010dje\"}]},{\"@type\":\"WebSite\",\"@id\":\"https:\\\/\\\/novice.si\\\/page\\\/#website\",\"url\":\"https:\\\/\\\/novice.si\\\/page\\\/\",\"name\":\"Novice.si\",\"description\":\"\",\"publisher\":{\"@id\":\"https:\\\/\\\/novice.si\\\/page\\\/#organization\"},\"potentialAction\":[{\"@type\":\"SearchAction\",\"target\":{\"@type\":\"EntryPoint\",\"urlTemplate\":\"https:\\\/\\\/novice.si\\\/page\\\/?s={search_term_string}\"},\"query-input\":{\"@type\":\"PropertyValueSpecification\",\"valueRequired\":true,\"valueName\":\"search_term_string\"}}],\"inLanguage\":\"sl-SI\"},{\"@type\":\"Organization\",\"@id\":\"https:\\\/\\\/novice.si\\\/page\\\/#organization\",\"name\":\"Novice.si\",\"url\":\"https:\\\/\\\/novice.si\\\/page\\\/\",\"logo\":{\"@type\":\"ImageObject\",\"inLanguage\":\"sl-SI\",\"@id\":\"https:\\\/\\\/novice.si\\\/page\\\/#\\\/schema\\\/logo\\\/image\\\/\",\"url\":\"https:\\\/\\\/novice.si\\\/page\\\/wp-content\\\/uploads\\\/2023\\\/03\\\/novice_si.png\",\"contentUrl\":\"https:\\\/\\\/novice.si\\\/page\\\/wp-content\\\/uploads\\\/2023\\\/03\\\/novice_si.png\",\"width\":576,\"height\":200,\"caption\":\"Novice.si\"},\"image\":{\"@id\":\"https:\\\/\\\/novice.si\\\/page\\\/#\\\/schema\\\/logo\\\/image\\\/\"}},{\"@type\":\"Person\",\"@id\":\"https:\\\/\\\/novice.si\\\/page\\\/#\\\/schema\\\/person\\\/92fda8564875f655675c886e4df22216\",\"name\":\"Iztok Krajnc\",\"image\":{\"@type\":\"ImageObject\",\"inLanguage\":\"sl-SI\",\"@id\":\"https:\\\/\\\/secure.gravatar.com\\\/avatar\\\/2790ff125f883a5a9cb934a574322d28ea850f8f4494d77b487c1950e0096015?s=96&d=mm&r=g\",\"url\":\"https:\\\/\\\/secure.gravatar.com\\\/avatar\\\/2790ff125f883a5a9cb934a574322d28ea850f8f4494d77b487c1950e0096015?s=96&d=mm&r=g\",\"contentUrl\":\"https:\\\/\\\/secure.gravatar.com\\\/avatar\\\/2790ff125f883a5a9cb934a574322d28ea850f8f4494d77b487c1950e0096015?s=96&d=mm&r=g\",\"caption\":\"Iztok Krajnc\"},\"url\":\"https:\\\/\\\/novice.si\\\/page\\\/author\\\/iztok\\\/\"}]}<\/script>\n<!-- \/ Yoast SEO plugin. -->","yoast_head_json":{"title":"\u017dan Ser\u010di\u010d dodobra razgrel ozra\u010dje - Novice.si","robots":{"index":"index","follow":"follow","max-snippet":"max-snippet:-1","max-image-preview":"max-image-preview:large","max-video-preview":"max-video-preview:-1"},"canonical":"https:\/\/novice.si\/page\/zan-sercic-dodobra-razgrel-ozracje\/","og_locale":"sl_SI","og_type":"article","og_title":"\u017dan Ser\u010di\u010d dodobra razgrel ozra\u010dje - Novice.si","og_description":"\u017dan Ser\u010di\u010d, ki je nastopil v Local Clubu Celje, je trenutno eden najbolj priljubljenih slovenskih glasbenikov in zagotovo trenutno najbolj &#8216;vro\u010d&#8217; glasbenik na na\u0161i glasbeni sceni. Pevec, glasbenik, pisec pesmi in producent prihaja iz Lenarta v Slovenskih goricah, a \u017eivi in ustvarja v Ljubljani. Prvi\u010d se je Sloveniji predstavil v \u0161ovu Slovenija ima talent leta [&hellip;]","og_url":"https:\/\/novice.si\/page\/zan-sercic-dodobra-razgrel-ozracje\/","og_site_name":"Novice.si","article_published_time":"2022-12-18T17:00:36+00:00","article_modified_time":"2022-12-19T07:03:47+00:00","og_image":[{"width":1474,"height":983,"url":"https:\/\/novice.si\/page\/wp-content\/uploads\/2022\/12\/Sercic-zan-1-1144.jpg","type":"image\/jpeg"}],"author":"Iztok Krajnc","twitter_card":"summary_large_image","twitter_misc":{"Written by":"Iztok Krajnc","Est. reading time":"1 minuta"},"schema":{"@context":"https:\/\/schema.org","@graph":[{"@type":"Article","@id":"https:\/\/novice.si\/page\/zan-sercic-dodobra-razgrel-ozracje\/#article","isPartOf":{"@id":"https:\/\/novice.si\/page\/zan-sercic-dodobra-razgrel-ozracje\/"},"author":{"name":"Iztok Krajnc","@id":"https:\/\/novice.si\/page\/#\/schema\/person\/92fda8564875f655675c886e4df22216"},"headline":"\u017dan Ser\u010di\u010d dodobra razgrel ozra\u010dje","datePublished":"2022-12-18T17:00:36+00:00","dateModified":"2022-12-19T07:03:47+00:00","mainEntityOfPage":{"@id":"https:\/\/novice.si\/page\/zan-sercic-dodobra-razgrel-ozracje\/"},"wordCount":72,"publisher":{"@id":"https:\/\/novice.si\/page\/#organization"},"image":{"@id":"https:\/\/novice.si\/page\/zan-sercic-dodobra-razgrel-ozracje\/#primaryimage"},"thumbnailUrl":"https:\/\/novice.si\/page\/wp-content\/uploads\/2022\/12\/Sercic-zan-1-1144.jpg","keywords":["lenart","lenart v slovenskih goricah","local club celje","local klub celje","Slovenija ima talent","\u017ean ser\u010di\u010d"],"articleSection":["Aktualno","Celjan","Celjsko","Dru\u017eabno"],"inLanguage":"sl-SI"},{"@type":"WebPage","@id":"https:\/\/novice.si\/page\/zan-sercic-dodobra-razgrel-ozracje\/","url":"https:\/\/novice.si\/page\/zan-sercic-dodobra-razgrel-ozracje\/","name":"\u017dan Ser\u010di\u010d dodobra razgrel ozra\u010dje - Novice.si","isPartOf":{"@id":"https:\/\/novice.si\/page\/#website"},"primaryImageOfPage":{"@id":"https:\/\/novice.si\/page\/zan-sercic-dodobra-razgrel-ozracje\/#primaryimage"},"image":{"@id":"https:\/\/novice.si\/page\/zan-sercic-dodobra-razgrel-ozracje\/#primaryimage"},"thumbnailUrl":"https:\/\/novice.si\/page\/wp-content\/uploads\/2022\/12\/Sercic-zan-1-1144.jpg","datePublished":"2022-12-18T17:00:36+00:00","dateModified":"2022-12-19T07:03:47+00:00","breadcrumb":{"@id":"https:\/\/novice.si\/page\/zan-sercic-dodobra-razgrel-ozracje\/#breadcrumb"},"inLanguage":"sl-SI","potentialAction":[{"@type":"ReadAction","target":["https:\/\/novice.si\/page\/zan-sercic-dodobra-razgrel-ozracje\/"]}]},{"@type":"ImageObject","inLanguage":"sl-SI","@id":"https:\/\/novice.si\/page\/zan-sercic-dodobra-razgrel-ozracje\/#primaryimage","url":"https:\/\/novice.si\/page\/wp-content\/uploads\/2022\/12\/Sercic-zan-1-1144.jpg","contentUrl":"https:\/\/novice.si\/page\/wp-content\/uploads\/2022\/12\/Sercic-zan-1-1144.jpg","width":1474,"height":983},{"@type":"BreadcrumbList","@id":"https:\/\/novice.si\/page\/zan-sercic-dodobra-razgrel-ozracje\/#breadcrumb","itemListElement":[{"@type":"ListItem","position":1,"name":"Home","item":"https:\/\/novice.si\/page\/"},{"@type":"ListItem","position":2,"name":"\u017dan Ser\u010di\u010d dodobra razgrel ozra\u010dje"}]},{"@type":"WebSite","@id":"https:\/\/novice.si\/page\/#website","url":"https:\/\/novice.si\/page\/","name":"Novice.si","description":"","publisher":{"@id":"https:\/\/novice.si\/page\/#organization"},"potentialAction":[{"@type":"SearchAction","target":{"@type":"EntryPoint","urlTemplate":"https:\/\/novice.si\/page\/?s={search_term_string}"},"query-input":{"@type":"PropertyValueSpecification","valueRequired":true,"valueName":"search_term_string"}}],"inLanguage":"sl-SI"},{"@type":"Organization","@id":"https:\/\/novice.si\/page\/#organization","name":"Novice.si","url":"https:\/\/novice.si\/page\/","logo":{"@type":"ImageObject","inLanguage":"sl-SI","@id":"https:\/\/novice.si\/page\/#\/schema\/logo\/image\/","url":"https:\/\/novice.si\/page\/wp-content\/uploads\/2023\/03\/novice_si.png","contentUrl":"https:\/\/novice.si\/page\/wp-content\/uploads\/2023\/03\/novice_si.png","width":576,"height":200,"caption":"Novice.si"},"image":{"@id":"https:\/\/novice.si\/page\/#\/schema\/logo\/image\/"}},{"@type":"Person","@id":"https:\/\/novice.si\/page\/#\/schema\/person\/92fda8564875f655675c886e4df22216","name":"Iztok Krajnc","image":{"@type":"ImageObject","inLanguage":"sl-SI","@id":"https:\/\/secure.gravatar.com\/avatar\/2790ff125f883a5a9cb934a574322d28ea850f8f4494d77b487c1950e0096015?s=96&d=mm&r=g","url":"https:\/\/secure.gravatar.com\/avatar\/2790ff125f883a5a9cb934a574322d28ea850f8f4494d77b487c1950e0096015?s=96&d=mm&r=g","contentUrl":"https:\/\/secure.gravatar.com\/avatar\/2790ff125f883a5a9cb934a574322d28ea850f8f4494d77b487c1950e0096015?s=96&d=mm&r=g","caption":"Iztok Krajnc"},"url":"https:\/\/novice.si\/page\/author\/iztok\/"}]}},"_links":{"self":[{"href":"https:\/\/novice.si\/page\/wp-json\/wp\/v2\/posts\/158086","targetHints":{"allow":["GET"]}}],"collection":[{"href":"https:\/\/novice.si\/page\/wp-json\/wp\/v2\/posts"}],"about":[{"href":"https:\/\/novice.si\/page\/wp-json\/wp\/v2\/types\/post"}],"author":[{"embeddable":true,"href":"https:\/\/novice.si\/page\/wp-json\/wp\/v2\/users\/10"}],"replies":[{"embeddable":true,"href":"https:\/\/novice.si\/page\/wp-json\/wp\/v2\/comments?post=158086"}],"version-history":[{"count":2,"href":"https:\/\/novice.si\/page\/wp-json\/wp\/v2\/posts\/158086\/revisions"}],"predecessor-version":[{"id":158091,"href":"https:\/\/novice.si\/page\/wp-json\/wp\/v2\/posts\/158086\/revisions\/158091"}],"wp:featuredmedia":[{"embeddable":true,"href":"https:\/\/novice.si\/page\/wp-json\/wp\/v2\/media\/158087"}],"wp:attachment":[{"href":"https:\/\/novice.si\/page\/wp-json\/wp\/v2\/media?parent=158086"}],"wp:term":[{"taxonomy":"category","embeddable":true,"href":"https:\/\/novice.si\/page\/wp-json\/wp\/v2\/categories?post=158086"},{"taxonomy":"post_tag","embeddable":true,"href":"https:\/\/novice.si\/page\/wp-json\/wp\/v2\/tags?post=158086"}],"curies":[{"name":"wp","href":"https:\/\/api.w.org\/{rel}","templated":true}]}}