{"id":158069,"date":"2022-12-16T14:49:11","date_gmt":"2022-12-16T13:49:11","guid":{"rendered":"https:\/\/novice.si\/page\/?p=158069"},"modified":"2022-12-16T14:49:11","modified_gmt":"2022-12-16T13:49:11","slug":"celje-policist-turk-vzel-v-bran-abramova","status":"publish","type":"post","link":"https:\/\/novice.si\/page\/celje-policist-turk-vzel-v-bran-abramova\/","title":{"rendered":"CELJE Policist Turk vzel v bran Abramova"},"content":{"rendered":"<p>Na sojenju 34-letnemu <strong>Sebastienu Abramovu<\/strong>, ki se v Celju zagovarja zaradi umora nekdanje partnerke <strong>Sare Veber<\/strong> marca 2015 v Pernovem pri \u017dalcu, je danes nastopila druga kronska<a href=\"https:\/\/novice.si\/page\/wp-content\/uploads\/2022\/12\/Abramov-dec-22-2-1-scaled.jpg\" data-gallery><img loading=\"lazy\" decoding=\"async\" class=\"size-medium wp-image-158070 alignleft\" src=\"https:\/\/novice.si\/page\/wp-content\/uploads\/2022\/12\/Abramov-dec-22-2-1-225x300.jpg\" alt=\"\" width=\"225\" height=\"300\" srcset=\"https:\/\/novice.si\/page\/wp-content\/uploads\/2022\/12\/Abramov-dec-22-2-1-225x300.jpg 225w, https:\/\/novice.si\/page\/wp-content\/uploads\/2022\/12\/Abramov-dec-22-2-1-768x1024.jpg 768w, https:\/\/novice.si\/page\/wp-content\/uploads\/2022\/12\/Abramov-dec-22-2-1-1152x1536.jpg 1152w, https:\/\/novice.si\/page\/wp-content\/uploads\/2022\/12\/Abramov-dec-22-2-1-1536x2048.jpg 1536w, https:\/\/novice.si\/page\/wp-content\/uploads\/2022\/12\/Abramov-dec-22-2-1-696x928.jpg 696w, https:\/\/novice.si\/page\/wp-content\/uploads\/2022\/12\/Abramov-dec-22-2-1-1068x1424.jpg 1068w, https:\/\/novice.si\/page\/wp-content\/uploads\/2022\/12\/Abramov-dec-22-2-1-315x420.jpg 315w, https:\/\/novice.si\/page\/wp-content\/uploads\/2022\/12\/Abramov-dec-22-2-1-18x24.jpg 18w, https:\/\/novice.si\/page\/wp-content\/uploads\/2022\/12\/Abramov-dec-22-2-1-27x36.jpg 27w, https:\/\/novice.si\/page\/wp-content\/uploads\/2022\/12\/Abramov-dec-22-2-1-36x48.jpg 36w, https:\/\/novice.si\/page\/wp-content\/uploads\/2022\/12\/Abramov-dec-22-2-1-scaled.jpg 1920w\" sizes=\"auto, (max-width: 225px) 100vw, 225px\" \/><\/a> pri\u010da.<\/p>\n<p>Policist <strong>Marko Turk<\/strong> je v bil v tistem \u010dasu vodja policijskega okoli\u0161a v ljubljanskem \u0160tepanjskem naselju, Abramov pa njegov informator. Pri\u010da je zanikala prijateljske povezave z obto\u017eenim, mnogih podrobnosti se ni spominjala ve\u010d, bodisi se je sklicevala na pravni poduk. Turk je prepri\u010dljivo odgovarjal le v delu, kjer je lahko koristil obto\u017eencu.<\/p>\n<p>Sodi\u0161\u010de je po video konferenci zasli\u0161alo tudi <strong>Borislava Zafrana<\/strong>, predsednika Strelskega dru\u0161tva Vojni veteran iz Ljubljane, katerega \u010dlan je bil tudi Abramov. Ozna\u010dil ga je za povpre\u010dnega strelca in dobrega poznavalca oro\u017eja.<\/p>\n<p>Obto\u017eenec se po dveh urah sedenja na zato\u017eni klopi ni ve\u010d po\u010dutil dobro, zato so ga odvedli nazaj v celico, narok, ki je bil razpisan danes teden, pa so preklicali. Sojenje se bo nadaljevalo prihodnje leto.<\/p>\n<p>P\u0160.<\/p>\n","protected":false},"excerpt":{"rendered":"<p>Na sojenju 34-letnemu Sebastienu Abramovu, ki se v Celju zagovarja zaradi umora nekdanje partnerke Sare Veber marca 2015 v Pernovem pri \u017dalcu, je danes nastopila druga kronska pri\u010da. Policist Marko Turk je v bil v tistem \u010dasu vodja policijskega okoli\u0161a v ljubljanskem \u0160tepanjskem naselju, Abramov pa njegov informator. Pri\u010da je zanikala prijateljske povezave z obto\u017eenim, [&hellip;]<\/p>\n","protected":false},"author":33,"featured_media":158071,"comment_status":"closed","ping_status":"closed","sticky":false,"template":"","format":"standard","meta":{"footnotes":""},"categories":[14,17,29],"tags":[16640,16639,4648,4931,15204],"class_list":{"0":"post-158069","1":"post","2":"type-post","3":"status-publish","4":"format-standard","5":"has-post-thumbnail","7":"category-aktualno","8":"category-celjsko","9":"category-kronika","10":"tag-borislav-zafran","11":"tag-marko-turk","12":"tag-sara-veber","13":"tag-sebastien-abranov","14":"tag-umor-v-pernovem-pri-zalcu"},"yoast_head":"<!-- This site is optimized with the Yoast SEO plugin v27.4 - https:\/\/yoast.com\/product\/yoast-seo-wordpress\/ -->\n<title>CELJE Policist Turk vzel v bran Abramova - Novice.si<\/title>\n<meta name=\"robots\" content=\"index, follow, max-snippet:-1, max-image-preview:large, max-video-preview:-1\" \/>\n<link rel=\"canonical\" href=\"https:\/\/novice.si\/page\/celje-policist-turk-vzel-v-bran-abramova\/\" \/>\n<meta property=\"og:locale\" content=\"sl_SI\" \/>\n<meta property=\"og:type\" content=\"article\" \/>\n<meta property=\"og:title\" content=\"CELJE Policist Turk vzel v bran Abramova - Novice.si\" \/>\n<meta property=\"og:description\" content=\"Na sojenju 34-letnemu Sebastienu Abramovu, ki se v Celju zagovarja zaradi umora nekdanje partnerke Sare Veber marca 2015 v Pernovem pri \u017dalcu, je danes nastopila druga kronska pri\u010da. Policist Marko Turk je v bil v tistem \u010dasu vodja policijskega okoli\u0161a v ljubljanskem \u0160tepanjskem naselju, Abramov pa njegov informator. Pri\u010da je zanikala prijateljske povezave z obto\u017eenim, [&hellip;]\" \/>\n<meta property=\"og:url\" content=\"https:\/\/novice.si\/page\/celje-policist-turk-vzel-v-bran-abramova\/\" \/>\n<meta property=\"og:site_name\" content=\"Novice.si\" \/>\n<meta property=\"article:published_time\" content=\"2022-12-16T13:49:11+00:00\" \/>\n<meta property=\"og:image\" content=\"https:\/\/novice.si\/page\/wp-content\/uploads\/2022\/12\/Abramov-dec-22-2-2-scaled.jpg\" \/>\n\t<meta property=\"og:image:width\" content=\"2560\" \/>\n\t<meta property=\"og:image:height\" content=\"1920\" \/>\n\t<meta property=\"og:image:type\" content=\"image\/jpeg\" \/>\n<meta name=\"author\" content=\"Uredni\u0161tvo Celjana\" \/>\n<meta name=\"twitter:card\" content=\"summary_large_image\" \/>\n<meta name=\"twitter:label1\" content=\"Written by\" \/>\n\t<meta name=\"twitter:data1\" content=\"Uredni\u0161tvo Celjana\" \/>\n\t<meta name=\"twitter:label2\" content=\"Est. reading time\" \/>\n\t<meta name=\"twitter:data2\" content=\"2 minuti\" \/>\n<script type=\"application\/ld+json\" class=\"yoast-schema-graph\">{\"@context\":\"https:\\\/\\\/schema.org\",\"@graph\":[{\"@type\":\"Article\",\"@id\":\"https:\\\/\\\/novice.si\\\/page\\\/celje-policist-turk-vzel-v-bran-abramova\\\/#article\",\"isPartOf\":{\"@id\":\"https:\\\/\\\/novice.si\\\/page\\\/celje-policist-turk-vzel-v-bran-abramova\\\/\"},\"author\":{\"name\":\"Uredni\u0161tvo Celjana\",\"@id\":\"https:\\\/\\\/novice.si\\\/page\\\/#\\\/schema\\\/person\\\/57f25c9642a9541c7349c65d32032c3e\"},\"headline\":\"CELJE Policist Turk vzel v bran Abramova\",\"datePublished\":\"2022-12-16T13:49:11+00:00\",\"mainEntityOfPage\":{\"@id\":\"https:\\\/\\\/novice.si\\\/page\\\/celje-policist-turk-vzel-v-bran-abramova\\\/\"},\"wordCount\":170,\"publisher\":{\"@id\":\"https:\\\/\\\/novice.si\\\/page\\\/#organization\"},\"image\":{\"@id\":\"https:\\\/\\\/novice.si\\\/page\\\/celje-policist-turk-vzel-v-bran-abramova\\\/#primaryimage\"},\"thumbnailUrl\":\"https:\\\/\\\/novice.si\\\/page\\\/wp-content\\\/uploads\\\/2022\\\/12\\\/Abramov-dec-22-2-2-scaled.jpg\",\"keywords\":[\"borislav zafran\",\"marko turk\",\"sara veber\",\"Sebastien Abranov\",\"umor v Pernovem pri \u017dalcu\"],\"articleSection\":[\"Aktualno\",\"Celjsko\",\"Kronika\"],\"inLanguage\":\"sl-SI\"},{\"@type\":\"WebPage\",\"@id\":\"https:\\\/\\\/novice.si\\\/page\\\/celje-policist-turk-vzel-v-bran-abramova\\\/\",\"url\":\"https:\\\/\\\/novice.si\\\/page\\\/celje-policist-turk-vzel-v-bran-abramova\\\/\",\"name\":\"CELJE Policist Turk vzel v bran Abramova - Novice.si\",\"isPartOf\":{\"@id\":\"https:\\\/\\\/novice.si\\\/page\\\/#website\"},\"primaryImageOfPage\":{\"@id\":\"https:\\\/\\\/novice.si\\\/page\\\/celje-policist-turk-vzel-v-bran-abramova\\\/#primaryimage\"},\"image\":{\"@id\":\"https:\\\/\\\/novice.si\\\/page\\\/celje-policist-turk-vzel-v-bran-abramova\\\/#primaryimage\"},\"thumbnailUrl\":\"https:\\\/\\\/novice.si\\\/page\\\/wp-content\\\/uploads\\\/2022\\\/12\\\/Abramov-dec-22-2-2-scaled.jpg\",\"datePublished\":\"2022-12-16T13:49:11+00:00\",\"breadcrumb\":{\"@id\":\"https:\\\/\\\/novice.si\\\/page\\\/celje-policist-turk-vzel-v-bran-abramova\\\/#breadcrumb\"},\"inLanguage\":\"sl-SI\",\"potentialAction\":[{\"@type\":\"ReadAction\",\"target\":[\"https:\\\/\\\/novice.si\\\/page\\\/celje-policist-turk-vzel-v-bran-abramova\\\/\"]}]},{\"@type\":\"ImageObject\",\"inLanguage\":\"sl-SI\",\"@id\":\"https:\\\/\\\/novice.si\\\/page\\\/celje-policist-turk-vzel-v-bran-abramova\\\/#primaryimage\",\"url\":\"https:\\\/\\\/novice.si\\\/page\\\/wp-content\\\/uploads\\\/2022\\\/12\\\/Abramov-dec-22-2-2-scaled.jpg\",\"contentUrl\":\"https:\\\/\\\/novice.si\\\/page\\\/wp-content\\\/uploads\\\/2022\\\/12\\\/Abramov-dec-22-2-2-scaled.jpg\",\"width\":2560,\"height\":1920},{\"@type\":\"BreadcrumbList\",\"@id\":\"https:\\\/\\\/novice.si\\\/page\\\/celje-policist-turk-vzel-v-bran-abramova\\\/#breadcrumb\",\"itemListElement\":[{\"@type\":\"ListItem\",\"position\":1,\"name\":\"Home\",\"item\":\"https:\\\/\\\/novice.si\\\/page\\\/\"},{\"@type\":\"ListItem\",\"position\":2,\"name\":\"CELJE Policist Turk vzel v bran Abramova\"}]},{\"@type\":\"WebSite\",\"@id\":\"https:\\\/\\\/novice.si\\\/page\\\/#website\",\"url\":\"https:\\\/\\\/novice.si\\\/page\\\/\",\"name\":\"Novice.si\",\"description\":\"\",\"publisher\":{\"@id\":\"https:\\\/\\\/novice.si\\\/page\\\/#organization\"},\"potentialAction\":[{\"@type\":\"SearchAction\",\"target\":{\"@type\":\"EntryPoint\",\"urlTemplate\":\"https:\\\/\\\/novice.si\\\/page\\\/?s={search_term_string}\"},\"query-input\":{\"@type\":\"PropertyValueSpecification\",\"valueRequired\":true,\"valueName\":\"search_term_string\"}}],\"inLanguage\":\"sl-SI\"},{\"@type\":\"Organization\",\"@id\":\"https:\\\/\\\/novice.si\\\/page\\\/#organization\",\"name\":\"Novice.si\",\"url\":\"https:\\\/\\\/novice.si\\\/page\\\/\",\"logo\":{\"@type\":\"ImageObject\",\"inLanguage\":\"sl-SI\",\"@id\":\"https:\\\/\\\/novice.si\\\/page\\\/#\\\/schema\\\/logo\\\/image\\\/\",\"url\":\"https:\\\/\\\/novice.si\\\/page\\\/wp-content\\\/uploads\\\/2023\\\/03\\\/novice_si.png\",\"contentUrl\":\"https:\\\/\\\/novice.si\\\/page\\\/wp-content\\\/uploads\\\/2023\\\/03\\\/novice_si.png\",\"width\":576,\"height\":200,\"caption\":\"Novice.si\"},\"image\":{\"@id\":\"https:\\\/\\\/novice.si\\\/page\\\/#\\\/schema\\\/logo\\\/image\\\/\"}},{\"@type\":\"Person\",\"@id\":\"https:\\\/\\\/novice.si\\\/page\\\/#\\\/schema\\\/person\\\/57f25c9642a9541c7349c65d32032c3e\",\"name\":\"Uredni\u0161tvo Celjana\",\"image\":{\"@type\":\"ImageObject\",\"inLanguage\":\"sl-SI\",\"@id\":\"https:\\\/\\\/secure.gravatar.com\\\/avatar\\\/78e52bc4279b65f6df6345e0ef0f7b792d361361f230cf4ffecfe0afe6d5629c?s=96&d=mm&r=g\",\"url\":\"https:\\\/\\\/secure.gravatar.com\\\/avatar\\\/78e52bc4279b65f6df6345e0ef0f7b792d361361f230cf4ffecfe0afe6d5629c?s=96&d=mm&r=g\",\"contentUrl\":\"https:\\\/\\\/secure.gravatar.com\\\/avatar\\\/78e52bc4279b65f6df6345e0ef0f7b792d361361f230cf4ffecfe0afe6d5629c?s=96&d=mm&r=g\",\"caption\":\"Uredni\u0161tvo Celjana\"},\"url\":\"https:\\\/\\\/novice.si\\\/page\\\/author\\\/primoz\\\/\"}]}<\/script>\n<!-- \/ Yoast SEO plugin. -->","yoast_head_json":{"title":"CELJE Policist Turk vzel v bran Abramova - Novice.si","robots":{"index":"index","follow":"follow","max-snippet":"max-snippet:-1","max-image-preview":"max-image-preview:large","max-video-preview":"max-video-preview:-1"},"canonical":"https:\/\/novice.si\/page\/celje-policist-turk-vzel-v-bran-abramova\/","og_locale":"sl_SI","og_type":"article","og_title":"CELJE Policist Turk vzel v bran Abramova - Novice.si","og_description":"Na sojenju 34-letnemu Sebastienu Abramovu, ki se v Celju zagovarja zaradi umora nekdanje partnerke Sare Veber marca 2015 v Pernovem pri \u017dalcu, je danes nastopila druga kronska pri\u010da. Policist Marko Turk je v bil v tistem \u010dasu vodja policijskega okoli\u0161a v ljubljanskem \u0160tepanjskem naselju, Abramov pa njegov informator. Pri\u010da je zanikala prijateljske povezave z obto\u017eenim, [&hellip;]","og_url":"https:\/\/novice.si\/page\/celje-policist-turk-vzel-v-bran-abramova\/","og_site_name":"Novice.si","article_published_time":"2022-12-16T13:49:11+00:00","og_image":[{"width":2560,"height":1920,"url":"https:\/\/novice.si\/page\/wp-content\/uploads\/2022\/12\/Abramov-dec-22-2-2-scaled.jpg","type":"image\/jpeg"}],"author":"Uredni\u0161tvo Celjana","twitter_card":"summary_large_image","twitter_misc":{"Written by":"Uredni\u0161tvo Celjana","Est. reading time":"2 minuti"},"schema":{"@context":"https:\/\/schema.org","@graph":[{"@type":"Article","@id":"https:\/\/novice.si\/page\/celje-policist-turk-vzel-v-bran-abramova\/#article","isPartOf":{"@id":"https:\/\/novice.si\/page\/celje-policist-turk-vzel-v-bran-abramova\/"},"author":{"name":"Uredni\u0161tvo Celjana","@id":"https:\/\/novice.si\/page\/#\/schema\/person\/57f25c9642a9541c7349c65d32032c3e"},"headline":"CELJE Policist Turk vzel v bran Abramova","datePublished":"2022-12-16T13:49:11+00:00","mainEntityOfPage":{"@id":"https:\/\/novice.si\/page\/celje-policist-turk-vzel-v-bran-abramova\/"},"wordCount":170,"publisher":{"@id":"https:\/\/novice.si\/page\/#organization"},"image":{"@id":"https:\/\/novice.si\/page\/celje-policist-turk-vzel-v-bran-abramova\/#primaryimage"},"thumbnailUrl":"https:\/\/novice.si\/page\/wp-content\/uploads\/2022\/12\/Abramov-dec-22-2-2-scaled.jpg","keywords":["borislav zafran","marko turk","sara veber","Sebastien Abranov","umor v Pernovem pri \u017dalcu"],"articleSection":["Aktualno","Celjsko","Kronika"],"inLanguage":"sl-SI"},{"@type":"WebPage","@id":"https:\/\/novice.si\/page\/celje-policist-turk-vzel-v-bran-abramova\/","url":"https:\/\/novice.si\/page\/celje-policist-turk-vzel-v-bran-abramova\/","name":"CELJE Policist Turk vzel v bran Abramova - Novice.si","isPartOf":{"@id":"https:\/\/novice.si\/page\/#website"},"primaryImageOfPage":{"@id":"https:\/\/novice.si\/page\/celje-policist-turk-vzel-v-bran-abramova\/#primaryimage"},"image":{"@id":"https:\/\/novice.si\/page\/celje-policist-turk-vzel-v-bran-abramova\/#primaryimage"},"thumbnailUrl":"https:\/\/novice.si\/page\/wp-content\/uploads\/2022\/12\/Abramov-dec-22-2-2-scaled.jpg","datePublished":"2022-12-16T13:49:11+00:00","breadcrumb":{"@id":"https:\/\/novice.si\/page\/celje-policist-turk-vzel-v-bran-abramova\/#breadcrumb"},"inLanguage":"sl-SI","potentialAction":[{"@type":"ReadAction","target":["https:\/\/novice.si\/page\/celje-policist-turk-vzel-v-bran-abramova\/"]}]},{"@type":"ImageObject","inLanguage":"sl-SI","@id":"https:\/\/novice.si\/page\/celje-policist-turk-vzel-v-bran-abramova\/#primaryimage","url":"https:\/\/novice.si\/page\/wp-content\/uploads\/2022\/12\/Abramov-dec-22-2-2-scaled.jpg","contentUrl":"https:\/\/novice.si\/page\/wp-content\/uploads\/2022\/12\/Abramov-dec-22-2-2-scaled.jpg","width":2560,"height":1920},{"@type":"BreadcrumbList","@id":"https:\/\/novice.si\/page\/celje-policist-turk-vzel-v-bran-abramova\/#breadcrumb","itemListElement":[{"@type":"ListItem","position":1,"name":"Home","item":"https:\/\/novice.si\/page\/"},{"@type":"ListItem","position":2,"name":"CELJE Policist Turk vzel v bran Abramova"}]},{"@type":"WebSite","@id":"https:\/\/novice.si\/page\/#website","url":"https:\/\/novice.si\/page\/","name":"Novice.si","description":"","publisher":{"@id":"https:\/\/novice.si\/page\/#organization"},"potentialAction":[{"@type":"SearchAction","target":{"@type":"EntryPoint","urlTemplate":"https:\/\/novice.si\/page\/?s={search_term_string}"},"query-input":{"@type":"PropertyValueSpecification","valueRequired":true,"valueName":"search_term_string"}}],"inLanguage":"sl-SI"},{"@type":"Organization","@id":"https:\/\/novice.si\/page\/#organization","name":"Novice.si","url":"https:\/\/novice.si\/page\/","logo":{"@type":"ImageObject","inLanguage":"sl-SI","@id":"https:\/\/novice.si\/page\/#\/schema\/logo\/image\/","url":"https:\/\/novice.si\/page\/wp-content\/uploads\/2023\/03\/novice_si.png","contentUrl":"https:\/\/novice.si\/page\/wp-content\/uploads\/2023\/03\/novice_si.png","width":576,"height":200,"caption":"Novice.si"},"image":{"@id":"https:\/\/novice.si\/page\/#\/schema\/logo\/image\/"}},{"@type":"Person","@id":"https:\/\/novice.si\/page\/#\/schema\/person\/57f25c9642a9541c7349c65d32032c3e","name":"Uredni\u0161tvo Celjana","image":{"@type":"ImageObject","inLanguage":"sl-SI","@id":"https:\/\/secure.gravatar.com\/avatar\/78e52bc4279b65f6df6345e0ef0f7b792d361361f230cf4ffecfe0afe6d5629c?s=96&d=mm&r=g","url":"https:\/\/secure.gravatar.com\/avatar\/78e52bc4279b65f6df6345e0ef0f7b792d361361f230cf4ffecfe0afe6d5629c?s=96&d=mm&r=g","contentUrl":"https:\/\/secure.gravatar.com\/avatar\/78e52bc4279b65f6df6345e0ef0f7b792d361361f230cf4ffecfe0afe6d5629c?s=96&d=mm&r=g","caption":"Uredni\u0161tvo Celjana"},"url":"https:\/\/novice.si\/page\/author\/primoz\/"}]}},"_links":{"self":[{"href":"https:\/\/novice.si\/page\/wp-json\/wp\/v2\/posts\/158069","targetHints":{"allow":["GET"]}}],"collection":[{"href":"https:\/\/novice.si\/page\/wp-json\/wp\/v2\/posts"}],"about":[{"href":"https:\/\/novice.si\/page\/wp-json\/wp\/v2\/types\/post"}],"author":[{"embeddable":true,"href":"https:\/\/novice.si\/page\/wp-json\/wp\/v2\/users\/33"}],"replies":[{"embeddable":true,"href":"https:\/\/novice.si\/page\/wp-json\/wp\/v2\/comments?post=158069"}],"version-history":[{"count":1,"href":"https:\/\/novice.si\/page\/wp-json\/wp\/v2\/posts\/158069\/revisions"}],"predecessor-version":[{"id":158072,"href":"https:\/\/novice.si\/page\/wp-json\/wp\/v2\/posts\/158069\/revisions\/158072"}],"wp:featuredmedia":[{"embeddable":true,"href":"https:\/\/novice.si\/page\/wp-json\/wp\/v2\/media\/158071"}],"wp:attachment":[{"href":"https:\/\/novice.si\/page\/wp-json\/wp\/v2\/media?parent=158069"}],"wp:term":[{"taxonomy":"category","embeddable":true,"href":"https:\/\/novice.si\/page\/wp-json\/wp\/v2\/categories?post=158069"},{"taxonomy":"post_tag","embeddable":true,"href":"https:\/\/novice.si\/page\/wp-json\/wp\/v2\/tags?post=158069"}],"curies":[{"name":"wp","href":"https:\/\/api.w.org\/{rel}","templated":true}]}}