{"id":157965,"date":"2022-12-15T13:36:39","date_gmt":"2022-12-15T12:36:39","guid":{"rendered":"https:\/\/novice.si\/page\/?p=157965"},"modified":"2022-12-14T13:41:11","modified_gmt":"2022-12-14T12:41:11","slug":"7-bozicna-bajka-slovenije-v-mozirskem-gaju-je-ze-odprla-svoja-vrata","status":"publish","type":"post","link":"https:\/\/novice.si\/page\/7-bozicna-bajka-slovenije-v-mozirskem-gaju-je-ze-odprla-svoja-vrata\/","title":{"rendered":"7. Bo\u017ei\u010dna bajka Slovenije v Mozirskem gaju je \u017ee odprla svoja vrata"},"content":{"rendered":"<figure id=\"attachment_157966\" aria-describedby=\"caption-attachment-157966\" style=\"width: 225px\" class=\"wp-caption alignleft\"><a href=\"https:\/\/novice.si\/page\/wp-content\/uploads\/2022\/12\/reportaza-bozicna-bajka-japonski-vrt-Foto-Maja-Horvat-scaled.jpg\" data-gallery><img loading=\"lazy\" decoding=\"async\" class=\"size-medium wp-image-157966\" src=\"https:\/\/novice.si\/page\/wp-content\/uploads\/2022\/12\/reportaza-bozicna-bajka-japonski-vrt-Foto-Maja-Horvat-225x300.jpg\" alt=\"\" width=\"225\" height=\"300\" srcset=\"https:\/\/novice.si\/page\/wp-content\/uploads\/2022\/12\/reportaza-bozicna-bajka-japonski-vrt-Foto-Maja-Horvat-225x300.jpg 225w, https:\/\/novice.si\/page\/wp-content\/uploads\/2022\/12\/reportaza-bozicna-bajka-japonski-vrt-Foto-Maja-Horvat-768x1024.jpg 768w, https:\/\/novice.si\/page\/wp-content\/uploads\/2022\/12\/reportaza-bozicna-bajka-japonski-vrt-Foto-Maja-Horvat-1152x1536.jpg 1152w, https:\/\/novice.si\/page\/wp-content\/uploads\/2022\/12\/reportaza-bozicna-bajka-japonski-vrt-Foto-Maja-Horvat-1536x2048.jpg 1536w, https:\/\/novice.si\/page\/wp-content\/uploads\/2022\/12\/reportaza-bozicna-bajka-japonski-vrt-Foto-Maja-Horvat-696x928.jpg 696w, https:\/\/novice.si\/page\/wp-content\/uploads\/2022\/12\/reportaza-bozicna-bajka-japonski-vrt-Foto-Maja-Horvat-1068x1424.jpg 1068w, https:\/\/novice.si\/page\/wp-content\/uploads\/2022\/12\/reportaza-bozicna-bajka-japonski-vrt-Foto-Maja-Horvat-315x420.jpg 315w, https:\/\/novice.si\/page\/wp-content\/uploads\/2022\/12\/reportaza-bozicna-bajka-japonski-vrt-Foto-Maja-Horvat-18x24.jpg 18w, https:\/\/novice.si\/page\/wp-content\/uploads\/2022\/12\/reportaza-bozicna-bajka-japonski-vrt-Foto-Maja-Horvat-27x36.jpg 27w, https:\/\/novice.si\/page\/wp-content\/uploads\/2022\/12\/reportaza-bozicna-bajka-japonski-vrt-Foto-Maja-Horvat-36x48.jpg 36w, https:\/\/novice.si\/page\/wp-content\/uploads\/2022\/12\/reportaza-bozicna-bajka-japonski-vrt-Foto-Maja-Horvat-scaled.jpg 1920w\" sizes=\"auto, (max-width: 225px) 100vw, 225px\" \/><\/a><figcaption id=\"caption-attachment-157966\" class=\"wp-caption-text\">Foto Maja Horvat<\/figcaption><\/figure>\n<p><em>V Mozirskem gaju je konec novembra odprla vrata \u017ee 7. Bo\u017ei\u010dna bajka Slovenije, ki spet navdu\u0161uje z druga\u010dnim sporo\u010dilom in svetlobnimi zgodbami.<\/em><\/p>\n<p>Bo\u017ei\u010dna bajka Slovenija tudi letos nosi sporo\u010dilo. Sporo\u010dilo upanja, ljubezni in pozitivizma. Vsak vrt, ki je edinstveno urejen, prina\u0161a sporo\u010dilo ljubezni in podpore za vse ljudi, ne glede na njihove zna\u010dilnosti, ozadje, prepri\u010danje in podobno.<strong> Obiskati jo je mogo\u010de vsak dan, vse do vklju\u010dno 8. januarja, med 16. in 21. uro.<\/strong><\/p>\n<p>Tudi leto\u0161nja Bo\u017ei\u010dna bajka Slovenije je razdeljena na tematske vrtove. \u00bbS tem \u017eelimo na\u0161im obiskovalcem ponuditi \u010dim ve\u010d prijetnih in posebnih do\u017eivetij,\u00ab je povedala <strong>Ana Berti\u0107<\/strong>, kreativna vodja Bo\u017ei\u010dne bajke Slovenije. Vsak vrt torej nosi svoje sporo\u010dilo in je res nekaj posebnega. Letos pa je zaznati tudi poseben poudarek na zgodovinskih objektih v parku. Mozirski gaj namre\u010d ni le park cvetja, temve\u010d tudi muzej na prostem.<\/p>\n<p>Ve\u010d o Bo\u017ei\u010dni bajki Slovenije in nekaj lepih fotografij, s katerimi smo sku\u0161ali ujeti zimsko pravljico, pa najdete v \u010dasopisu Celjan, ki vas \u017ee \u010daka na prodajnih mestih. (MH)<\/p>\n<p>&nbsp;<\/p>\n","protected":false},"excerpt":{"rendered":"<p>V Mozirskem gaju je konec novembra odprla vrata \u017ee 7. Bo\u017ei\u010dna bajka Slovenije, ki spet navdu\u0161uje z druga\u010dnim sporo\u010dilom in svetlobnimi zgodbami. Bo\u017ei\u010dna bajka Slovenija tudi letos nosi sporo\u010dilo. Sporo\u010dilo upanja, ljubezni in pozitivizma. Vsak vrt, ki je edinstveno urejen, prina\u0161a sporo\u010dilo ljubezni in podpore za vse ljudi, ne glede na njihove zna\u010dilnosti, ozadje, prepri\u010danje [&hellip;]<\/p>\n","protected":false},"author":55,"featured_media":157967,"comment_status":"closed","ping_status":"closed","sticky":false,"template":"","format":"standard","meta":{"footnotes":""},"categories":[14,142,2102],"tags":[],"class_list":{"0":"post-157965","1":"post","2":"type-post","3":"status-publish","4":"format-standard","5":"has-post-thumbnail","7":"category-aktualno","8":"category-celjan","9":"category-na-izlet"},"yoast_head":"<!-- This site is optimized with the Yoast SEO plugin v27.4 - https:\/\/yoast.com\/product\/yoast-seo-wordpress\/ -->\n<title>7. Bo\u017ei\u010dna bajka Slovenije v Mozirskem gaju je \u017ee odprla svoja vrata - Novice.si<\/title>\n<meta name=\"robots\" content=\"index, follow, max-snippet:-1, max-image-preview:large, max-video-preview:-1\" \/>\n<link rel=\"canonical\" href=\"https:\/\/novice.si\/page\/7-bozicna-bajka-slovenije-v-mozirskem-gaju-je-ze-odprla-svoja-vrata\/\" \/>\n<meta property=\"og:locale\" content=\"sl_SI\" \/>\n<meta property=\"og:type\" content=\"article\" \/>\n<meta property=\"og:title\" content=\"7. Bo\u017ei\u010dna bajka Slovenije v Mozirskem gaju je \u017ee odprla svoja vrata - Novice.si\" \/>\n<meta property=\"og:description\" content=\"V Mozirskem gaju je konec novembra odprla vrata \u017ee 7. Bo\u017ei\u010dna bajka Slovenije, ki spet navdu\u0161uje z druga\u010dnim sporo\u010dilom in svetlobnimi zgodbami. Bo\u017ei\u010dna bajka Slovenija tudi letos nosi sporo\u010dilo. Sporo\u010dilo upanja, ljubezni in pozitivizma. Vsak vrt, ki je edinstveno urejen, prina\u0161a sporo\u010dilo ljubezni in podpore za vse ljudi, ne glede na njihove zna\u010dilnosti, ozadje, prepri\u010danje [&hellip;]\" \/>\n<meta property=\"og:url\" content=\"https:\/\/novice.si\/page\/7-bozicna-bajka-slovenije-v-mozirskem-gaju-je-ze-odprla-svoja-vrata\/\" \/>\n<meta property=\"og:site_name\" content=\"Novice.si\" \/>\n<meta property=\"article:published_time\" content=\"2022-12-15T12:36:39+00:00\" \/>\n<meta property=\"og:image\" content=\"https:\/\/novice.si\/page\/wp-content\/uploads\/2022\/12\/reportaza-bozicna-bajka-cebelnjak-Foto-Maja-Horvat-scaled.jpg\" \/>\n\t<meta property=\"og:image:width\" content=\"2560\" \/>\n\t<meta property=\"og:image:height\" content=\"1920\" \/>\n\t<meta property=\"og:image:type\" content=\"image\/jpeg\" \/>\n<meta name=\"author\" content=\"Uredni\u0161tvo Celjana\" \/>\n<meta name=\"twitter:card\" content=\"summary_large_image\" \/>\n<meta name=\"twitter:label1\" content=\"Written by\" \/>\n\t<meta name=\"twitter:data1\" content=\"Uredni\u0161tvo Celjana\" \/>\n\t<meta name=\"twitter:label2\" content=\"Est. reading time\" \/>\n\t<meta name=\"twitter:data2\" content=\"2 minuti\" \/>\n<script type=\"application\/ld+json\" class=\"yoast-schema-graph\">{\"@context\":\"https:\\\/\\\/schema.org\",\"@graph\":[{\"@type\":\"Article\",\"@id\":\"https:\\\/\\\/novice.si\\\/page\\\/7-bozicna-bajka-slovenije-v-mozirskem-gaju-je-ze-odprla-svoja-vrata\\\/#article\",\"isPartOf\":{\"@id\":\"https:\\\/\\\/novice.si\\\/page\\\/7-bozicna-bajka-slovenije-v-mozirskem-gaju-je-ze-odprla-svoja-vrata\\\/\"},\"author\":{\"name\":\"Uredni\u0161tvo Celjana\",\"@id\":\"https:\\\/\\\/novice.si\\\/page\\\/#\\\/schema\\\/person\\\/a49f233ef2777ec7b2e8d0662325bb48\"},\"headline\":\"7. Bo\u017ei\u010dna bajka Slovenije v Mozirskem gaju je \u017ee odprla svoja vrata\",\"datePublished\":\"2022-12-15T12:36:39+00:00\",\"mainEntityOfPage\":{\"@id\":\"https:\\\/\\\/novice.si\\\/page\\\/7-bozicna-bajka-slovenije-v-mozirskem-gaju-je-ze-odprla-svoja-vrata\\\/\"},\"wordCount\":214,\"publisher\":{\"@id\":\"https:\\\/\\\/novice.si\\\/page\\\/#organization\"},\"image\":{\"@id\":\"https:\\\/\\\/novice.si\\\/page\\\/7-bozicna-bajka-slovenije-v-mozirskem-gaju-je-ze-odprla-svoja-vrata\\\/#primaryimage\"},\"thumbnailUrl\":\"https:\\\/\\\/novice.si\\\/page\\\/wp-content\\\/uploads\\\/2022\\\/12\\\/reportaza-bozicna-bajka-cebelnjak-Foto-Maja-Horvat-scaled.jpg\",\"articleSection\":[\"Aktualno\",\"Celjan\",\"Na izlet\"],\"inLanguage\":\"sl-SI\"},{\"@type\":\"WebPage\",\"@id\":\"https:\\\/\\\/novice.si\\\/page\\\/7-bozicna-bajka-slovenije-v-mozirskem-gaju-je-ze-odprla-svoja-vrata\\\/\",\"url\":\"https:\\\/\\\/novice.si\\\/page\\\/7-bozicna-bajka-slovenije-v-mozirskem-gaju-je-ze-odprla-svoja-vrata\\\/\",\"name\":\"7. Bo\u017ei\u010dna bajka Slovenije v Mozirskem gaju je \u017ee odprla svoja vrata - Novice.si\",\"isPartOf\":{\"@id\":\"https:\\\/\\\/novice.si\\\/page\\\/#website\"},\"primaryImageOfPage\":{\"@id\":\"https:\\\/\\\/novice.si\\\/page\\\/7-bozicna-bajka-slovenije-v-mozirskem-gaju-je-ze-odprla-svoja-vrata\\\/#primaryimage\"},\"image\":{\"@id\":\"https:\\\/\\\/novice.si\\\/page\\\/7-bozicna-bajka-slovenije-v-mozirskem-gaju-je-ze-odprla-svoja-vrata\\\/#primaryimage\"},\"thumbnailUrl\":\"https:\\\/\\\/novice.si\\\/page\\\/wp-content\\\/uploads\\\/2022\\\/12\\\/reportaza-bozicna-bajka-cebelnjak-Foto-Maja-Horvat-scaled.jpg\",\"datePublished\":\"2022-12-15T12:36:39+00:00\",\"breadcrumb\":{\"@id\":\"https:\\\/\\\/novice.si\\\/page\\\/7-bozicna-bajka-slovenije-v-mozirskem-gaju-je-ze-odprla-svoja-vrata\\\/#breadcrumb\"},\"inLanguage\":\"sl-SI\",\"potentialAction\":[{\"@type\":\"ReadAction\",\"target\":[\"https:\\\/\\\/novice.si\\\/page\\\/7-bozicna-bajka-slovenije-v-mozirskem-gaju-je-ze-odprla-svoja-vrata\\\/\"]}]},{\"@type\":\"ImageObject\",\"inLanguage\":\"sl-SI\",\"@id\":\"https:\\\/\\\/novice.si\\\/page\\\/7-bozicna-bajka-slovenije-v-mozirskem-gaju-je-ze-odprla-svoja-vrata\\\/#primaryimage\",\"url\":\"https:\\\/\\\/novice.si\\\/page\\\/wp-content\\\/uploads\\\/2022\\\/12\\\/reportaza-bozicna-bajka-cebelnjak-Foto-Maja-Horvat-scaled.jpg\",\"contentUrl\":\"https:\\\/\\\/novice.si\\\/page\\\/wp-content\\\/uploads\\\/2022\\\/12\\\/reportaza-bozicna-bajka-cebelnjak-Foto-Maja-Horvat-scaled.jpg\",\"width\":2560,\"height\":1920,\"caption\":\"Foto Maja Horvat\"},{\"@type\":\"BreadcrumbList\",\"@id\":\"https:\\\/\\\/novice.si\\\/page\\\/7-bozicna-bajka-slovenije-v-mozirskem-gaju-je-ze-odprla-svoja-vrata\\\/#breadcrumb\",\"itemListElement\":[{\"@type\":\"ListItem\",\"position\":1,\"name\":\"Home\",\"item\":\"https:\\\/\\\/novice.si\\\/page\\\/\"},{\"@type\":\"ListItem\",\"position\":2,\"name\":\"7. Bo\u017ei\u010dna bajka Slovenije v Mozirskem gaju je \u017ee odprla svoja vrata\"}]},{\"@type\":\"WebSite\",\"@id\":\"https:\\\/\\\/novice.si\\\/page\\\/#website\",\"url\":\"https:\\\/\\\/novice.si\\\/page\\\/\",\"name\":\"Novice.si\",\"description\":\"\",\"publisher\":{\"@id\":\"https:\\\/\\\/novice.si\\\/page\\\/#organization\"},\"potentialAction\":[{\"@type\":\"SearchAction\",\"target\":{\"@type\":\"EntryPoint\",\"urlTemplate\":\"https:\\\/\\\/novice.si\\\/page\\\/?s={search_term_string}\"},\"query-input\":{\"@type\":\"PropertyValueSpecification\",\"valueRequired\":true,\"valueName\":\"search_term_string\"}}],\"inLanguage\":\"sl-SI\"},{\"@type\":\"Organization\",\"@id\":\"https:\\\/\\\/novice.si\\\/page\\\/#organization\",\"name\":\"Novice.si\",\"url\":\"https:\\\/\\\/novice.si\\\/page\\\/\",\"logo\":{\"@type\":\"ImageObject\",\"inLanguage\":\"sl-SI\",\"@id\":\"https:\\\/\\\/novice.si\\\/page\\\/#\\\/schema\\\/logo\\\/image\\\/\",\"url\":\"https:\\\/\\\/novice.si\\\/page\\\/wp-content\\\/uploads\\\/2023\\\/03\\\/novice_si.png\",\"contentUrl\":\"https:\\\/\\\/novice.si\\\/page\\\/wp-content\\\/uploads\\\/2023\\\/03\\\/novice_si.png\",\"width\":576,\"height\":200,\"caption\":\"Novice.si\"},\"image\":{\"@id\":\"https:\\\/\\\/novice.si\\\/page\\\/#\\\/schema\\\/logo\\\/image\\\/\"}},{\"@type\":\"Person\",\"@id\":\"https:\\\/\\\/novice.si\\\/page\\\/#\\\/schema\\\/person\\\/a49f233ef2777ec7b2e8d0662325bb48\",\"name\":\"Uredni\u0161tvo Celjana\",\"image\":{\"@type\":\"ImageObject\",\"inLanguage\":\"sl-SI\",\"@id\":\"https:\\\/\\\/secure.gravatar.com\\\/avatar\\\/7f7863e616af8f92806c638dd1db3f1a238d83d1cc2ec3100afc06fbb7eb303f?s=96&d=mm&r=g\",\"url\":\"https:\\\/\\\/secure.gravatar.com\\\/avatar\\\/7f7863e616af8f92806c638dd1db3f1a238d83d1cc2ec3100afc06fbb7eb303f?s=96&d=mm&r=g\",\"contentUrl\":\"https:\\\/\\\/secure.gravatar.com\\\/avatar\\\/7f7863e616af8f92806c638dd1db3f1a238d83d1cc2ec3100afc06fbb7eb303f?s=96&d=mm&r=g\",\"caption\":\"Uredni\u0161tvo Celjana\"},\"url\":\"https:\\\/\\\/novice.si\\\/page\\\/author\\\/maja\\\/\"}]}<\/script>\n<!-- \/ Yoast SEO plugin. -->","yoast_head_json":{"title":"7. Bo\u017ei\u010dna bajka Slovenije v Mozirskem gaju je \u017ee odprla svoja vrata - Novice.si","robots":{"index":"index","follow":"follow","max-snippet":"max-snippet:-1","max-image-preview":"max-image-preview:large","max-video-preview":"max-video-preview:-1"},"canonical":"https:\/\/novice.si\/page\/7-bozicna-bajka-slovenije-v-mozirskem-gaju-je-ze-odprla-svoja-vrata\/","og_locale":"sl_SI","og_type":"article","og_title":"7. Bo\u017ei\u010dna bajka Slovenije v Mozirskem gaju je \u017ee odprla svoja vrata - Novice.si","og_description":"V Mozirskem gaju je konec novembra odprla vrata \u017ee 7. Bo\u017ei\u010dna bajka Slovenije, ki spet navdu\u0161uje z druga\u010dnim sporo\u010dilom in svetlobnimi zgodbami. Bo\u017ei\u010dna bajka Slovenija tudi letos nosi sporo\u010dilo. Sporo\u010dilo upanja, ljubezni in pozitivizma. Vsak vrt, ki je edinstveno urejen, prina\u0161a sporo\u010dilo ljubezni in podpore za vse ljudi, ne glede na njihove zna\u010dilnosti, ozadje, prepri\u010danje [&hellip;]","og_url":"https:\/\/novice.si\/page\/7-bozicna-bajka-slovenije-v-mozirskem-gaju-je-ze-odprla-svoja-vrata\/","og_site_name":"Novice.si","article_published_time":"2022-12-15T12:36:39+00:00","og_image":[{"width":2560,"height":1920,"url":"https:\/\/novice.si\/page\/wp-content\/uploads\/2022\/12\/reportaza-bozicna-bajka-cebelnjak-Foto-Maja-Horvat-scaled.jpg","type":"image\/jpeg"}],"author":"Uredni\u0161tvo Celjana","twitter_card":"summary_large_image","twitter_misc":{"Written by":"Uredni\u0161tvo Celjana","Est. reading time":"2 minuti"},"schema":{"@context":"https:\/\/schema.org","@graph":[{"@type":"Article","@id":"https:\/\/novice.si\/page\/7-bozicna-bajka-slovenije-v-mozirskem-gaju-je-ze-odprla-svoja-vrata\/#article","isPartOf":{"@id":"https:\/\/novice.si\/page\/7-bozicna-bajka-slovenije-v-mozirskem-gaju-je-ze-odprla-svoja-vrata\/"},"author":{"name":"Uredni\u0161tvo Celjana","@id":"https:\/\/novice.si\/page\/#\/schema\/person\/a49f233ef2777ec7b2e8d0662325bb48"},"headline":"7. Bo\u017ei\u010dna bajka Slovenije v Mozirskem gaju je \u017ee odprla svoja vrata","datePublished":"2022-12-15T12:36:39+00:00","mainEntityOfPage":{"@id":"https:\/\/novice.si\/page\/7-bozicna-bajka-slovenije-v-mozirskem-gaju-je-ze-odprla-svoja-vrata\/"},"wordCount":214,"publisher":{"@id":"https:\/\/novice.si\/page\/#organization"},"image":{"@id":"https:\/\/novice.si\/page\/7-bozicna-bajka-slovenije-v-mozirskem-gaju-je-ze-odprla-svoja-vrata\/#primaryimage"},"thumbnailUrl":"https:\/\/novice.si\/page\/wp-content\/uploads\/2022\/12\/reportaza-bozicna-bajka-cebelnjak-Foto-Maja-Horvat-scaled.jpg","articleSection":["Aktualno","Celjan","Na izlet"],"inLanguage":"sl-SI"},{"@type":"WebPage","@id":"https:\/\/novice.si\/page\/7-bozicna-bajka-slovenije-v-mozirskem-gaju-je-ze-odprla-svoja-vrata\/","url":"https:\/\/novice.si\/page\/7-bozicna-bajka-slovenije-v-mozirskem-gaju-je-ze-odprla-svoja-vrata\/","name":"7. Bo\u017ei\u010dna bajka Slovenije v Mozirskem gaju je \u017ee odprla svoja vrata - Novice.si","isPartOf":{"@id":"https:\/\/novice.si\/page\/#website"},"primaryImageOfPage":{"@id":"https:\/\/novice.si\/page\/7-bozicna-bajka-slovenije-v-mozirskem-gaju-je-ze-odprla-svoja-vrata\/#primaryimage"},"image":{"@id":"https:\/\/novice.si\/page\/7-bozicna-bajka-slovenije-v-mozirskem-gaju-je-ze-odprla-svoja-vrata\/#primaryimage"},"thumbnailUrl":"https:\/\/novice.si\/page\/wp-content\/uploads\/2022\/12\/reportaza-bozicna-bajka-cebelnjak-Foto-Maja-Horvat-scaled.jpg","datePublished":"2022-12-15T12:36:39+00:00","breadcrumb":{"@id":"https:\/\/novice.si\/page\/7-bozicna-bajka-slovenije-v-mozirskem-gaju-je-ze-odprla-svoja-vrata\/#breadcrumb"},"inLanguage":"sl-SI","potentialAction":[{"@type":"ReadAction","target":["https:\/\/novice.si\/page\/7-bozicna-bajka-slovenije-v-mozirskem-gaju-je-ze-odprla-svoja-vrata\/"]}]},{"@type":"ImageObject","inLanguage":"sl-SI","@id":"https:\/\/novice.si\/page\/7-bozicna-bajka-slovenije-v-mozirskem-gaju-je-ze-odprla-svoja-vrata\/#primaryimage","url":"https:\/\/novice.si\/page\/wp-content\/uploads\/2022\/12\/reportaza-bozicna-bajka-cebelnjak-Foto-Maja-Horvat-scaled.jpg","contentUrl":"https:\/\/novice.si\/page\/wp-content\/uploads\/2022\/12\/reportaza-bozicna-bajka-cebelnjak-Foto-Maja-Horvat-scaled.jpg","width":2560,"height":1920,"caption":"Foto Maja Horvat"},{"@type":"BreadcrumbList","@id":"https:\/\/novice.si\/page\/7-bozicna-bajka-slovenije-v-mozirskem-gaju-je-ze-odprla-svoja-vrata\/#breadcrumb","itemListElement":[{"@type":"ListItem","position":1,"name":"Home","item":"https:\/\/novice.si\/page\/"},{"@type":"ListItem","position":2,"name":"7. Bo\u017ei\u010dna bajka Slovenije v Mozirskem gaju je \u017ee odprla svoja vrata"}]},{"@type":"WebSite","@id":"https:\/\/novice.si\/page\/#website","url":"https:\/\/novice.si\/page\/","name":"Novice.si","description":"","publisher":{"@id":"https:\/\/novice.si\/page\/#organization"},"potentialAction":[{"@type":"SearchAction","target":{"@type":"EntryPoint","urlTemplate":"https:\/\/novice.si\/page\/?s={search_term_string}"},"query-input":{"@type":"PropertyValueSpecification","valueRequired":true,"valueName":"search_term_string"}}],"inLanguage":"sl-SI"},{"@type":"Organization","@id":"https:\/\/novice.si\/page\/#organization","name":"Novice.si","url":"https:\/\/novice.si\/page\/","logo":{"@type":"ImageObject","inLanguage":"sl-SI","@id":"https:\/\/novice.si\/page\/#\/schema\/logo\/image\/","url":"https:\/\/novice.si\/page\/wp-content\/uploads\/2023\/03\/novice_si.png","contentUrl":"https:\/\/novice.si\/page\/wp-content\/uploads\/2023\/03\/novice_si.png","width":576,"height":200,"caption":"Novice.si"},"image":{"@id":"https:\/\/novice.si\/page\/#\/schema\/logo\/image\/"}},{"@type":"Person","@id":"https:\/\/novice.si\/page\/#\/schema\/person\/a49f233ef2777ec7b2e8d0662325bb48","name":"Uredni\u0161tvo Celjana","image":{"@type":"ImageObject","inLanguage":"sl-SI","@id":"https:\/\/secure.gravatar.com\/avatar\/7f7863e616af8f92806c638dd1db3f1a238d83d1cc2ec3100afc06fbb7eb303f?s=96&d=mm&r=g","url":"https:\/\/secure.gravatar.com\/avatar\/7f7863e616af8f92806c638dd1db3f1a238d83d1cc2ec3100afc06fbb7eb303f?s=96&d=mm&r=g","contentUrl":"https:\/\/secure.gravatar.com\/avatar\/7f7863e616af8f92806c638dd1db3f1a238d83d1cc2ec3100afc06fbb7eb303f?s=96&d=mm&r=g","caption":"Uredni\u0161tvo Celjana"},"url":"https:\/\/novice.si\/page\/author\/maja\/"}]}},"_links":{"self":[{"href":"https:\/\/novice.si\/page\/wp-json\/wp\/v2\/posts\/157965","targetHints":{"allow":["GET"]}}],"collection":[{"href":"https:\/\/novice.si\/page\/wp-json\/wp\/v2\/posts"}],"about":[{"href":"https:\/\/novice.si\/page\/wp-json\/wp\/v2\/types\/post"}],"author":[{"embeddable":true,"href":"https:\/\/novice.si\/page\/wp-json\/wp\/v2\/users\/55"}],"replies":[{"embeddable":true,"href":"https:\/\/novice.si\/page\/wp-json\/wp\/v2\/comments?post=157965"}],"version-history":[{"count":1,"href":"https:\/\/novice.si\/page\/wp-json\/wp\/v2\/posts\/157965\/revisions"}],"predecessor-version":[{"id":157968,"href":"https:\/\/novice.si\/page\/wp-json\/wp\/v2\/posts\/157965\/revisions\/157968"}],"wp:featuredmedia":[{"embeddable":true,"href":"https:\/\/novice.si\/page\/wp-json\/wp\/v2\/media\/157967"}],"wp:attachment":[{"href":"https:\/\/novice.si\/page\/wp-json\/wp\/v2\/media?parent=157965"}],"wp:term":[{"taxonomy":"category","embeddable":true,"href":"https:\/\/novice.si\/page\/wp-json\/wp\/v2\/categories?post=157965"},{"taxonomy":"post_tag","embeddable":true,"href":"https:\/\/novice.si\/page\/wp-json\/wp\/v2\/tags?post=157965"}],"curies":[{"name":"wp","href":"https:\/\/api.w.org\/{rel}","templated":true}]}}