{"id":157945,"date":"2022-12-14T12:03:38","date_gmt":"2022-12-14T11:03:38","guid":{"rendered":"https:\/\/novice.si\/page\/?p=157945"},"modified":"2022-12-14T12:03:45","modified_gmt":"2022-12-14T11:03:45","slug":"tudi-oplotniski-svetniki-zaceli-z-delom-seznanili-so-jih-tudi-z-ugovori","status":"publish","type":"post","link":"https:\/\/novice.si\/page\/tudi-oplotniski-svetniki-zaceli-z-delom-seznanili-so-jih-tudi-z-ugovori\/","title":{"rendered":"Oplotni\u0161ki svetniki za\u010deli z delom: seznanili so jih tudi z ugovori"},"content":{"rendered":"<p><strong>Na prvi (ustanovni) seji so se v ponedeljek popoldne zbrali \u0161e svetniki in svetnica ob\u010dine Oplotnica.<\/strong><\/p>\n<p><a href=\"https:\/\/novice.si\/page\/wp-content\/uploads\/2022\/12\/20221212_173256-scaled.jpg\" data-gallery><img loading=\"lazy\" decoding=\"async\" class=\"size-medium wp-image-157946 alignleft\" src=\"https:\/\/novice.si\/page\/wp-content\/uploads\/2022\/12\/20221212_173256-300x225.jpg\" alt=\"\" width=\"300\" height=\"225\" srcset=\"https:\/\/novice.si\/page\/wp-content\/uploads\/2022\/12\/20221212_173256-300x225.jpg 300w, https:\/\/novice.si\/page\/wp-content\/uploads\/2022\/12\/20221212_173256-1024x768.jpg 1024w, https:\/\/novice.si\/page\/wp-content\/uploads\/2022\/12\/20221212_173256-768x576.jpg 768w, https:\/\/novice.si\/page\/wp-content\/uploads\/2022\/12\/20221212_173256-1536x1152.jpg 1536w, https:\/\/novice.si\/page\/wp-content\/uploads\/2022\/12\/20221212_173256-2048x1536.jpg 2048w, https:\/\/novice.si\/page\/wp-content\/uploads\/2022\/12\/20221212_173256-80x60.jpg 80w, https:\/\/novice.si\/page\/wp-content\/uploads\/2022\/12\/20221212_173256-265x198.jpg 265w, https:\/\/novice.si\/page\/wp-content\/uploads\/2022\/12\/20221212_173256-696x522.jpg 696w, https:\/\/novice.si\/page\/wp-content\/uploads\/2022\/12\/20221212_173256-1068x801.jpg 1068w, https:\/\/novice.si\/page\/wp-content\/uploads\/2022\/12\/20221212_173256-560x420.jpg 560w, https:\/\/novice.si\/page\/wp-content\/uploads\/2022\/12\/20221212_173256-24x18.jpg 24w, https:\/\/novice.si\/page\/wp-content\/uploads\/2022\/12\/20221212_173256-36x27.jpg 36w, https:\/\/novice.si\/page\/wp-content\/uploads\/2022\/12\/20221212_173256-48x36.jpg 48w\" sizes=\"auto, (max-width: 300px) 100vw, 300px\" \/><\/a>Predsednica Ob\u010dinske volilne komisije <strong>Lidija Stebernak<\/strong> je svetnikom poro\u010dala o rezultatu in poteku lokalnih volitev ter jih seznanila s prispelimi prito\u017ebami oziroma ugovori. Kot je pojasnila, so po volitvah prejeli dve prito\u017ebi oziroma ugovora, ki sta vsebinsko enaka in ju je podal isti prito\u017enik. Podrobneje o tem pi\u0161emo v prispevku, ki bo objavljen v novi \u0161tevilki lokalnega \u010dasopisa NOVICE ta \u010detrtek.<br \/>\nSicer pa so svetniki potrdili mandate in imenovali svoje prvo stalno delovno telo, Komisijo za mandatna vpra\u0161anja, volitve in imenovanja. \u017dupan <strong>Matja\u017e Orter<\/strong> je med drugim povedal, da tudi v novem mandatu ra\u010duna na dobro sodelovanje s svetniki. (N. K.)<\/p>\n\r\n                <style type=\"text\/css\">\r\n                    \r\n                    #tdi_1  .td-doubleSlider-2 .td-item1 {\r\n                        background: url(https:\/\/novice.si\/page\/wp-content\/uploads\/2022\/12\/20221212_173256-80x60.jpg) 0 0 no-repeat;\r\n                    }\r\n                    #tdi_1  .td-doubleSlider-2 .td-item2 {\r\n                        background: url(https:\/\/novice.si\/page\/wp-content\/uploads\/2022\/12\/20221212_165925-80x60.jpg) 0 0 no-repeat;\r\n                    }\r\n                    #tdi_1  .td-doubleSlider-2 .td-item3 {\r\n                        background: url(https:\/\/novice.si\/page\/wp-content\/uploads\/2022\/12\/20221212_170125-80x60.jpg) 0 0 no-repeat;\r\n                    }\r\n                <\/style>\r\n\r\n                <div id=\"tdi_1\" class=\"td-gallery td-slide-on-2-columns\">\r\n                    <div class=\"post_td_gallery\">\r\n                        <div class=\"td-gallery-slide-top\">\r\n                           <div class=\"td-gallery-title\"><\/div>\r\n\r\n                            <div class=\"td-gallery-controls-wrapper\">\r\n                                <div class=\"td-gallery-slide-count\"><span class=\"td-gallery-slide-item-focus\">1<\/span> od 3<\/div>\r\n                                <div class=\"td-gallery-slide-prev-next-but\">\r\n                                    <i class = \"td-icon-left doubleSliderPrevButton\"><\/i>\r\n                                    <i class = \"td-icon-right doubleSliderNextButton\"><\/i>\r\n                                <\/div>\r\n                            <\/div>\r\n                        <\/div>\r\n\r\n                        <div class = \"td-doubleSlider-1 \">\r\n                            <div class = \"td-slider\">\r\n                                \r\n                    <div class = \"td-slide-item td-item1\">\r\n                        <figure class=\"td-slide-galery-figure td-slide-popup-gallery\">\r\n                            <a class=\"slide-gallery-image-link\" href=\"https:\/\/novice.si\/page\/wp-content\/uploads\/2022\/12\/20221212_173256-scaled.jpg\" title=\"20221212_173256\"  data-caption=\"\"  data-description=\"\" data-gallery>\r\n                                <img decoding=\"async\" src=\"https:\/\/novice.si\/page\/wp-content\/uploads\/2022\/12\/20221212_173256-560x420.jpg\" srcset=\"https:\/\/novice.si\/page\/wp-content\/uploads\/2022\/12\/20221212_173256-560x420.jpg 560w, https:\/\/novice.si\/page\/wp-content\/uploads\/2022\/12\/20221212_173256-300x225.jpg 300w, https:\/\/novice.si\/page\/wp-content\/uploads\/2022\/12\/20221212_173256-1024x768.jpg 1024w, https:\/\/novice.si\/page\/wp-content\/uploads\/2022\/12\/20221212_173256-768x576.jpg 768w, https:\/\/novice.si\/page\/wp-content\/uploads\/2022\/12\/20221212_173256-1536x1152.jpg 1536w, https:\/\/novice.si\/page\/wp-content\/uploads\/2022\/12\/20221212_173256-2048x1536.jpg 2048w, https:\/\/novice.si\/page\/wp-content\/uploads\/2022\/12\/20221212_173256-80x60.jpg 80w, https:\/\/novice.si\/page\/wp-content\/uploads\/2022\/12\/20221212_173256-265x198.jpg 265w, https:\/\/novice.si\/page\/wp-content\/uploads\/2022\/12\/20221212_173256-696x522.jpg 696w, https:\/\/novice.si\/page\/wp-content\/uploads\/2022\/12\/20221212_173256-1068x801.jpg 1068w, https:\/\/novice.si\/page\/wp-content\/uploads\/2022\/12\/20221212_173256-24x18.jpg 24w, https:\/\/novice.si\/page\/wp-content\/uploads\/2022\/12\/20221212_173256-36x27.jpg 36w, https:\/\/novice.si\/page\/wp-content\/uploads\/2022\/12\/20221212_173256-48x36.jpg 48w\" sizes=\"(max-width: 560px) 100vw, 560px\" alt=\"\">\r\n                            <\/a>\r\n                            \r\n                        <\/figure>\r\n                    <\/div>\r\n                    <div class = \"td-slide-item td-item2\">\r\n                        <figure class=\"td-slide-galery-figure td-slide-popup-gallery\">\r\n                            <a class=\"slide-gallery-image-link\" href=\"https:\/\/novice.si\/page\/wp-content\/uploads\/2022\/12\/20221212_165925-scaled.jpg\" title=\"20221212_165925\"  data-caption=\"\"  data-description=\"\" data-gallery>\r\n                                <img decoding=\"async\" src=\"https:\/\/novice.si\/page\/wp-content\/uploads\/2022\/12\/20221212_165925-560x420.jpg\" srcset=\"https:\/\/novice.si\/page\/wp-content\/uploads\/2022\/12\/20221212_165925-560x420.jpg 560w, https:\/\/novice.si\/page\/wp-content\/uploads\/2022\/12\/20221212_165925-300x225.jpg 300w, https:\/\/novice.si\/page\/wp-content\/uploads\/2022\/12\/20221212_165925-1024x768.jpg 1024w, https:\/\/novice.si\/page\/wp-content\/uploads\/2022\/12\/20221212_165925-768x576.jpg 768w, https:\/\/novice.si\/page\/wp-content\/uploads\/2022\/12\/20221212_165925-1536x1152.jpg 1536w, https:\/\/novice.si\/page\/wp-content\/uploads\/2022\/12\/20221212_165925-2048x1536.jpg 2048w, https:\/\/novice.si\/page\/wp-content\/uploads\/2022\/12\/20221212_165925-80x60.jpg 80w, https:\/\/novice.si\/page\/wp-content\/uploads\/2022\/12\/20221212_165925-265x198.jpg 265w, https:\/\/novice.si\/page\/wp-content\/uploads\/2022\/12\/20221212_165925-696x522.jpg 696w, https:\/\/novice.si\/page\/wp-content\/uploads\/2022\/12\/20221212_165925-1068x801.jpg 1068w, https:\/\/novice.si\/page\/wp-content\/uploads\/2022\/12\/20221212_165925-24x18.jpg 24w, https:\/\/novice.si\/page\/wp-content\/uploads\/2022\/12\/20221212_165925-36x27.jpg 36w, https:\/\/novice.si\/page\/wp-content\/uploads\/2022\/12\/20221212_165925-48x36.jpg 48w\" sizes=\"(max-width: 560px) 100vw, 560px\" alt=\"\">\r\n                            <\/a>\r\n                            \r\n                        <\/figure>\r\n                    <\/div>\r\n                    <div class = \"td-slide-item td-item3\">\r\n                        <figure class=\"td-slide-galery-figure td-slide-popup-gallery\">\r\n                            <a class=\"slide-gallery-image-link\" href=\"https:\/\/novice.si\/page\/wp-content\/uploads\/2022\/12\/20221212_170125-scaled.jpg\" title=\"20221212_170125\"  data-caption=\"\"  data-description=\"\" data-gallery>\r\n                                <img decoding=\"async\" src=\"https:\/\/novice.si\/page\/wp-content\/uploads\/2022\/12\/20221212_170125-560x420.jpg\" srcset=\"https:\/\/novice.si\/page\/wp-content\/uploads\/2022\/12\/20221212_170125-560x420.jpg 560w, https:\/\/novice.si\/page\/wp-content\/uploads\/2022\/12\/20221212_170125-300x225.jpg 300w, https:\/\/novice.si\/page\/wp-content\/uploads\/2022\/12\/20221212_170125-1024x768.jpg 1024w, https:\/\/novice.si\/page\/wp-content\/uploads\/2022\/12\/20221212_170125-768x576.jpg 768w, https:\/\/novice.si\/page\/wp-content\/uploads\/2022\/12\/20221212_170125-1536x1152.jpg 1536w, https:\/\/novice.si\/page\/wp-content\/uploads\/2022\/12\/20221212_170125-2048x1536.jpg 2048w, https:\/\/novice.si\/page\/wp-content\/uploads\/2022\/12\/20221212_170125-80x60.jpg 80w, https:\/\/novice.si\/page\/wp-content\/uploads\/2022\/12\/20221212_170125-265x198.jpg 265w, https:\/\/novice.si\/page\/wp-content\/uploads\/2022\/12\/20221212_170125-696x522.jpg 696w, https:\/\/novice.si\/page\/wp-content\/uploads\/2022\/12\/20221212_170125-1068x801.jpg 1068w, https:\/\/novice.si\/page\/wp-content\/uploads\/2022\/12\/20221212_170125-24x18.jpg 24w, https:\/\/novice.si\/page\/wp-content\/uploads\/2022\/12\/20221212_170125-36x27.jpg 36w, https:\/\/novice.si\/page\/wp-content\/uploads\/2022\/12\/20221212_170125-48x36.jpg 48w\" sizes=\"(max-width: 560px) 100vw, 560px\" alt=\"\">\r\n                            <\/a>\r\n                            \r\n                        <\/figure>\r\n                    <\/div>\r\n                            <\/div>\r\n                        <\/div>\r\n\r\n                        <div class = \"td-doubleSlider-2\">\r\n                            <div class = \"td-slider\">\r\n                                \r\n                    <div class = \"td-button td-item1\">\r\n                        <div class = \"td-border\"><\/div>\r\n                    <\/div>\r\n                    <div class = \"td-button td-item2\">\r\n                        <div class = \"td-border\"><\/div>\r\n                    <\/div>\r\n                    <div class = \"td-button td-item3\">\r\n                        <div class = \"td-border\"><\/div>\r\n                    <\/div>\r\n                            <\/div>\r\n                        <\/div>\r\n\r\n                    <\/div>\r\n\r\n                <\/div>\r\n                \n","protected":false},"excerpt":{"rendered":"<p>Na prvi (ustanovni) seji so se v ponedeljek popoldne zbrali \u0161e svetniki in svetnica ob\u010dine Oplotnica. Predsednica Ob\u010dinske volilne komisije Lidija Stebernak je svetnikom poro\u010dala o rezultatu in poteku lokalnih volitev ter jih seznanila s prispelimi prito\u017ebami oziroma ugovori. Kot je pojasnila, so po volitvah prejeli dve prito\u017ebi oziroma ugovora, ki sta vsebinsko enaka in [&hellip;]<\/p>\n","protected":false},"author":12,"featured_media":157946,"comment_status":"closed","ping_status":"closed","sticky":false,"template":"","format":"standard","meta":{"footnotes":""},"categories":[14,858,32,868,16,141,3108],"tags":[428,297],"class_list":{"0":"post-157945","1":"post","2":"type-post","3":"status-publish","4":"format-standard","5":"has-post-thumbnail","7":"category-aktualno","8":"category-bistriske-novice","9":"category-bistrisko","10":"category-casopisi","11":"category-konjisko","12":"category-novice","13":"category-radio-rogla","14":"tag-obcina-oplotnica","15":"tag-oplotnica"},"yoast_head":"<!-- This site is optimized with the Yoast SEO plugin v27.4 - https:\/\/yoast.com\/product\/yoast-seo-wordpress\/ -->\n<title>Oplotni\u0161ki svetniki za\u010deli z delom: seznanili so jih tudi z ugovori - Novice.si<\/title>\n<meta name=\"robots\" content=\"index, follow, max-snippet:-1, max-image-preview:large, max-video-preview:-1\" \/>\n<link rel=\"canonical\" href=\"https:\/\/novice.si\/page\/tudi-oplotniski-svetniki-zaceli-z-delom-seznanili-so-jih-tudi-z-ugovori\/\" \/>\n<meta property=\"og:locale\" content=\"sl_SI\" \/>\n<meta property=\"og:type\" content=\"article\" \/>\n<meta property=\"og:title\" content=\"Oplotni\u0161ki svetniki za\u010deli z delom: seznanili so jih tudi z ugovori - Novice.si\" \/>\n<meta property=\"og:description\" content=\"Na prvi (ustanovni) seji so se v ponedeljek popoldne zbrali \u0161e svetniki in svetnica ob\u010dine Oplotnica. Predsednica Ob\u010dinske volilne komisije Lidija Stebernak je svetnikom poro\u010dala o rezultatu in poteku lokalnih volitev ter jih seznanila s prispelimi prito\u017ebami oziroma ugovori. Kot je pojasnila, so po volitvah prejeli dve prito\u017ebi oziroma ugovora, ki sta vsebinsko enaka in [&hellip;]\" \/>\n<meta property=\"og:url\" content=\"https:\/\/novice.si\/page\/tudi-oplotniski-svetniki-zaceli-z-delom-seznanili-so-jih-tudi-z-ugovori\/\" \/>\n<meta property=\"og:site_name\" content=\"Novice.si\" \/>\n<meta property=\"article:published_time\" content=\"2022-12-14T11:03:38+00:00\" \/>\n<meta property=\"article:modified_time\" content=\"2022-12-14T11:03:45+00:00\" \/>\n<meta property=\"og:image\" content=\"https:\/\/novice.si\/page\/wp-content\/uploads\/2022\/12\/20221212_173256-scaled.jpg\" \/>\n\t<meta property=\"og:image:width\" content=\"2560\" \/>\n\t<meta property=\"og:image:height\" content=\"1920\" \/>\n\t<meta property=\"og:image:type\" content=\"image\/jpeg\" \/>\n<meta name=\"author\" content=\"Uredni\u0161tvo Celjana\" \/>\n<meta name=\"twitter:card\" content=\"summary_large_image\" \/>\n<meta name=\"twitter:label1\" content=\"Written by\" \/>\n\t<meta name=\"twitter:data1\" content=\"Uredni\u0161tvo Celjana\" \/>\n\t<meta name=\"twitter:label2\" content=\"Est. reading time\" \/>\n\t<meta name=\"twitter:data2\" content=\"1 minuta\" \/>\n<script type=\"application\/ld+json\" class=\"yoast-schema-graph\">{\"@context\":\"https:\\\/\\\/schema.org\",\"@graph\":[{\"@type\":\"Article\",\"@id\":\"https:\\\/\\\/novice.si\\\/page\\\/tudi-oplotniski-svetniki-zaceli-z-delom-seznanili-so-jih-tudi-z-ugovori\\\/#article\",\"isPartOf\":{\"@id\":\"https:\\\/\\\/novice.si\\\/page\\\/tudi-oplotniski-svetniki-zaceli-z-delom-seznanili-so-jih-tudi-z-ugovori\\\/\"},\"author\":{\"name\":\"Uredni\u0161tvo Celjana\",\"@id\":\"https:\\\/\\\/novice.si\\\/page\\\/#\\\/schema\\\/person\\\/51903923b50fefb075bc1cd24fe4d065\"},\"headline\":\"Oplotni\u0161ki svetniki za\u010deli z delom: seznanili so jih tudi z ugovori\",\"datePublished\":\"2022-12-14T11:03:38+00:00\",\"dateModified\":\"2022-12-14T11:03:45+00:00\",\"mainEntityOfPage\":{\"@id\":\"https:\\\/\\\/novice.si\\\/page\\\/tudi-oplotniski-svetniki-zaceli-z-delom-seznanili-so-jih-tudi-z-ugovori\\\/\"},\"wordCount\":148,\"publisher\":{\"@id\":\"https:\\\/\\\/novice.si\\\/page\\\/#organization\"},\"image\":{\"@id\":\"https:\\\/\\\/novice.si\\\/page\\\/tudi-oplotniski-svetniki-zaceli-z-delom-seznanili-so-jih-tudi-z-ugovori\\\/#primaryimage\"},\"thumbnailUrl\":\"https:\\\/\\\/novice.si\\\/page\\\/wp-content\\\/uploads\\\/2022\\\/12\\\/20221212_173256-scaled.jpg\",\"keywords\":[\"Ob\u010dina Oplotnica\",\"Oplotnica\"],\"articleSection\":[\"Aktualno\",\"Bistri\u0161ke Novice\",\"Bistri\u0161ko\",\"\u010casopisi\",\"Konji\u0161ko\",\"Novice\",\"Radio Rogla\"],\"inLanguage\":\"sl-SI\"},{\"@type\":\"WebPage\",\"@id\":\"https:\\\/\\\/novice.si\\\/page\\\/tudi-oplotniski-svetniki-zaceli-z-delom-seznanili-so-jih-tudi-z-ugovori\\\/\",\"url\":\"https:\\\/\\\/novice.si\\\/page\\\/tudi-oplotniski-svetniki-zaceli-z-delom-seznanili-so-jih-tudi-z-ugovori\\\/\",\"name\":\"Oplotni\u0161ki svetniki za\u010deli z delom: seznanili so jih tudi z ugovori - Novice.si\",\"isPartOf\":{\"@id\":\"https:\\\/\\\/novice.si\\\/page\\\/#website\"},\"primaryImageOfPage\":{\"@id\":\"https:\\\/\\\/novice.si\\\/page\\\/tudi-oplotniski-svetniki-zaceli-z-delom-seznanili-so-jih-tudi-z-ugovori\\\/#primaryimage\"},\"image\":{\"@id\":\"https:\\\/\\\/novice.si\\\/page\\\/tudi-oplotniski-svetniki-zaceli-z-delom-seznanili-so-jih-tudi-z-ugovori\\\/#primaryimage\"},\"thumbnailUrl\":\"https:\\\/\\\/novice.si\\\/page\\\/wp-content\\\/uploads\\\/2022\\\/12\\\/20221212_173256-scaled.jpg\",\"datePublished\":\"2022-12-14T11:03:38+00:00\",\"dateModified\":\"2022-12-14T11:03:45+00:00\",\"breadcrumb\":{\"@id\":\"https:\\\/\\\/novice.si\\\/page\\\/tudi-oplotniski-svetniki-zaceli-z-delom-seznanili-so-jih-tudi-z-ugovori\\\/#breadcrumb\"},\"inLanguage\":\"sl-SI\",\"potentialAction\":[{\"@type\":\"ReadAction\",\"target\":[\"https:\\\/\\\/novice.si\\\/page\\\/tudi-oplotniski-svetniki-zaceli-z-delom-seznanili-so-jih-tudi-z-ugovori\\\/\"]}]},{\"@type\":\"ImageObject\",\"inLanguage\":\"sl-SI\",\"@id\":\"https:\\\/\\\/novice.si\\\/page\\\/tudi-oplotniski-svetniki-zaceli-z-delom-seznanili-so-jih-tudi-z-ugovori\\\/#primaryimage\",\"url\":\"https:\\\/\\\/novice.si\\\/page\\\/wp-content\\\/uploads\\\/2022\\\/12\\\/20221212_173256-scaled.jpg\",\"contentUrl\":\"https:\\\/\\\/novice.si\\\/page\\\/wp-content\\\/uploads\\\/2022\\\/12\\\/20221212_173256-scaled.jpg\",\"width\":2560,\"height\":1920},{\"@type\":\"BreadcrumbList\",\"@id\":\"https:\\\/\\\/novice.si\\\/page\\\/tudi-oplotniski-svetniki-zaceli-z-delom-seznanili-so-jih-tudi-z-ugovori\\\/#breadcrumb\",\"itemListElement\":[{\"@type\":\"ListItem\",\"position\":1,\"name\":\"Home\",\"item\":\"https:\\\/\\\/novice.si\\\/page\\\/\"},{\"@type\":\"ListItem\",\"position\":2,\"name\":\"Oplotni\u0161ki svetniki za\u010deli z delom: seznanili so jih tudi z ugovori\"}]},{\"@type\":\"WebSite\",\"@id\":\"https:\\\/\\\/novice.si\\\/page\\\/#website\",\"url\":\"https:\\\/\\\/novice.si\\\/page\\\/\",\"name\":\"Novice.si\",\"description\":\"\",\"publisher\":{\"@id\":\"https:\\\/\\\/novice.si\\\/page\\\/#organization\"},\"potentialAction\":[{\"@type\":\"SearchAction\",\"target\":{\"@type\":\"EntryPoint\",\"urlTemplate\":\"https:\\\/\\\/novice.si\\\/page\\\/?s={search_term_string}\"},\"query-input\":{\"@type\":\"PropertyValueSpecification\",\"valueRequired\":true,\"valueName\":\"search_term_string\"}}],\"inLanguage\":\"sl-SI\"},{\"@type\":\"Organization\",\"@id\":\"https:\\\/\\\/novice.si\\\/page\\\/#organization\",\"name\":\"Novice.si\",\"url\":\"https:\\\/\\\/novice.si\\\/page\\\/\",\"logo\":{\"@type\":\"ImageObject\",\"inLanguage\":\"sl-SI\",\"@id\":\"https:\\\/\\\/novice.si\\\/page\\\/#\\\/schema\\\/logo\\\/image\\\/\",\"url\":\"https:\\\/\\\/novice.si\\\/page\\\/wp-content\\\/uploads\\\/2023\\\/03\\\/novice_si.png\",\"contentUrl\":\"https:\\\/\\\/novice.si\\\/page\\\/wp-content\\\/uploads\\\/2023\\\/03\\\/novice_si.png\",\"width\":576,\"height\":200,\"caption\":\"Novice.si\"},\"image\":{\"@id\":\"https:\\\/\\\/novice.si\\\/page\\\/#\\\/schema\\\/logo\\\/image\\\/\"}},{\"@type\":\"Person\",\"@id\":\"https:\\\/\\\/novice.si\\\/page\\\/#\\\/schema\\\/person\\\/51903923b50fefb075bc1cd24fe4d065\",\"name\":\"Uredni\u0161tvo Celjana\",\"image\":{\"@type\":\"ImageObject\",\"inLanguage\":\"sl-SI\",\"@id\":\"https:\\\/\\\/secure.gravatar.com\\\/avatar\\\/b516f102aa90b53619e09722b8ea56721c99bfcb4f1035f9b333d99f52330226?s=96&d=mm&r=g\",\"url\":\"https:\\\/\\\/secure.gravatar.com\\\/avatar\\\/b516f102aa90b53619e09722b8ea56721c99bfcb4f1035f9b333d99f52330226?s=96&d=mm&r=g\",\"contentUrl\":\"https:\\\/\\\/secure.gravatar.com\\\/avatar\\\/b516f102aa90b53619e09722b8ea56721c99bfcb4f1035f9b333d99f52330226?s=96&d=mm&r=g\",\"caption\":\"Uredni\u0161tvo Celjana\"},\"url\":\"https:\\\/\\\/novice.si\\\/page\\\/author\\\/nejc\\\/\"}]}<\/script>\n<!-- \/ Yoast SEO plugin. -->","yoast_head_json":{"title":"Oplotni\u0161ki svetniki za\u010deli z delom: seznanili so jih tudi z ugovori - Novice.si","robots":{"index":"index","follow":"follow","max-snippet":"max-snippet:-1","max-image-preview":"max-image-preview:large","max-video-preview":"max-video-preview:-1"},"canonical":"https:\/\/novice.si\/page\/tudi-oplotniski-svetniki-zaceli-z-delom-seznanili-so-jih-tudi-z-ugovori\/","og_locale":"sl_SI","og_type":"article","og_title":"Oplotni\u0161ki svetniki za\u010deli z delom: seznanili so jih tudi z ugovori - Novice.si","og_description":"Na prvi (ustanovni) seji so se v ponedeljek popoldne zbrali \u0161e svetniki in svetnica ob\u010dine Oplotnica. Predsednica Ob\u010dinske volilne komisije Lidija Stebernak je svetnikom poro\u010dala o rezultatu in poteku lokalnih volitev ter jih seznanila s prispelimi prito\u017ebami oziroma ugovori. Kot je pojasnila, so po volitvah prejeli dve prito\u017ebi oziroma ugovora, ki sta vsebinsko enaka in [&hellip;]","og_url":"https:\/\/novice.si\/page\/tudi-oplotniski-svetniki-zaceli-z-delom-seznanili-so-jih-tudi-z-ugovori\/","og_site_name":"Novice.si","article_published_time":"2022-12-14T11:03:38+00:00","article_modified_time":"2022-12-14T11:03:45+00:00","og_image":[{"width":2560,"height":1920,"url":"https:\/\/novice.si\/page\/wp-content\/uploads\/2022\/12\/20221212_173256-scaled.jpg","type":"image\/jpeg"}],"author":"Uredni\u0161tvo Celjana","twitter_card":"summary_large_image","twitter_misc":{"Written by":"Uredni\u0161tvo Celjana","Est. reading time":"1 minuta"},"schema":{"@context":"https:\/\/schema.org","@graph":[{"@type":"Article","@id":"https:\/\/novice.si\/page\/tudi-oplotniski-svetniki-zaceli-z-delom-seznanili-so-jih-tudi-z-ugovori\/#article","isPartOf":{"@id":"https:\/\/novice.si\/page\/tudi-oplotniski-svetniki-zaceli-z-delom-seznanili-so-jih-tudi-z-ugovori\/"},"author":{"name":"Uredni\u0161tvo Celjana","@id":"https:\/\/novice.si\/page\/#\/schema\/person\/51903923b50fefb075bc1cd24fe4d065"},"headline":"Oplotni\u0161ki svetniki za\u010deli z delom: seznanili so jih tudi z ugovori","datePublished":"2022-12-14T11:03:38+00:00","dateModified":"2022-12-14T11:03:45+00:00","mainEntityOfPage":{"@id":"https:\/\/novice.si\/page\/tudi-oplotniski-svetniki-zaceli-z-delom-seznanili-so-jih-tudi-z-ugovori\/"},"wordCount":148,"publisher":{"@id":"https:\/\/novice.si\/page\/#organization"},"image":{"@id":"https:\/\/novice.si\/page\/tudi-oplotniski-svetniki-zaceli-z-delom-seznanili-so-jih-tudi-z-ugovori\/#primaryimage"},"thumbnailUrl":"https:\/\/novice.si\/page\/wp-content\/uploads\/2022\/12\/20221212_173256-scaled.jpg","keywords":["Ob\u010dina Oplotnica","Oplotnica"],"articleSection":["Aktualno","Bistri\u0161ke Novice","Bistri\u0161ko","\u010casopisi","Konji\u0161ko","Novice","Radio Rogla"],"inLanguage":"sl-SI"},{"@type":"WebPage","@id":"https:\/\/novice.si\/page\/tudi-oplotniski-svetniki-zaceli-z-delom-seznanili-so-jih-tudi-z-ugovori\/","url":"https:\/\/novice.si\/page\/tudi-oplotniski-svetniki-zaceli-z-delom-seznanili-so-jih-tudi-z-ugovori\/","name":"Oplotni\u0161ki svetniki za\u010deli z delom: seznanili so jih tudi z ugovori - Novice.si","isPartOf":{"@id":"https:\/\/novice.si\/page\/#website"},"primaryImageOfPage":{"@id":"https:\/\/novice.si\/page\/tudi-oplotniski-svetniki-zaceli-z-delom-seznanili-so-jih-tudi-z-ugovori\/#primaryimage"},"image":{"@id":"https:\/\/novice.si\/page\/tudi-oplotniski-svetniki-zaceli-z-delom-seznanili-so-jih-tudi-z-ugovori\/#primaryimage"},"thumbnailUrl":"https:\/\/novice.si\/page\/wp-content\/uploads\/2022\/12\/20221212_173256-scaled.jpg","datePublished":"2022-12-14T11:03:38+00:00","dateModified":"2022-12-14T11:03:45+00:00","breadcrumb":{"@id":"https:\/\/novice.si\/page\/tudi-oplotniski-svetniki-zaceli-z-delom-seznanili-so-jih-tudi-z-ugovori\/#breadcrumb"},"inLanguage":"sl-SI","potentialAction":[{"@type":"ReadAction","target":["https:\/\/novice.si\/page\/tudi-oplotniski-svetniki-zaceli-z-delom-seznanili-so-jih-tudi-z-ugovori\/"]}]},{"@type":"ImageObject","inLanguage":"sl-SI","@id":"https:\/\/novice.si\/page\/tudi-oplotniski-svetniki-zaceli-z-delom-seznanili-so-jih-tudi-z-ugovori\/#primaryimage","url":"https:\/\/novice.si\/page\/wp-content\/uploads\/2022\/12\/20221212_173256-scaled.jpg","contentUrl":"https:\/\/novice.si\/page\/wp-content\/uploads\/2022\/12\/20221212_173256-scaled.jpg","width":2560,"height":1920},{"@type":"BreadcrumbList","@id":"https:\/\/novice.si\/page\/tudi-oplotniski-svetniki-zaceli-z-delom-seznanili-so-jih-tudi-z-ugovori\/#breadcrumb","itemListElement":[{"@type":"ListItem","position":1,"name":"Home","item":"https:\/\/novice.si\/page\/"},{"@type":"ListItem","position":2,"name":"Oplotni\u0161ki svetniki za\u010deli z delom: seznanili so jih tudi z ugovori"}]},{"@type":"WebSite","@id":"https:\/\/novice.si\/page\/#website","url":"https:\/\/novice.si\/page\/","name":"Novice.si","description":"","publisher":{"@id":"https:\/\/novice.si\/page\/#organization"},"potentialAction":[{"@type":"SearchAction","target":{"@type":"EntryPoint","urlTemplate":"https:\/\/novice.si\/page\/?s={search_term_string}"},"query-input":{"@type":"PropertyValueSpecification","valueRequired":true,"valueName":"search_term_string"}}],"inLanguage":"sl-SI"},{"@type":"Organization","@id":"https:\/\/novice.si\/page\/#organization","name":"Novice.si","url":"https:\/\/novice.si\/page\/","logo":{"@type":"ImageObject","inLanguage":"sl-SI","@id":"https:\/\/novice.si\/page\/#\/schema\/logo\/image\/","url":"https:\/\/novice.si\/page\/wp-content\/uploads\/2023\/03\/novice_si.png","contentUrl":"https:\/\/novice.si\/page\/wp-content\/uploads\/2023\/03\/novice_si.png","width":576,"height":200,"caption":"Novice.si"},"image":{"@id":"https:\/\/novice.si\/page\/#\/schema\/logo\/image\/"}},{"@type":"Person","@id":"https:\/\/novice.si\/page\/#\/schema\/person\/51903923b50fefb075bc1cd24fe4d065","name":"Uredni\u0161tvo Celjana","image":{"@type":"ImageObject","inLanguage":"sl-SI","@id":"https:\/\/secure.gravatar.com\/avatar\/b516f102aa90b53619e09722b8ea56721c99bfcb4f1035f9b333d99f52330226?s=96&d=mm&r=g","url":"https:\/\/secure.gravatar.com\/avatar\/b516f102aa90b53619e09722b8ea56721c99bfcb4f1035f9b333d99f52330226?s=96&d=mm&r=g","contentUrl":"https:\/\/secure.gravatar.com\/avatar\/b516f102aa90b53619e09722b8ea56721c99bfcb4f1035f9b333d99f52330226?s=96&d=mm&r=g","caption":"Uredni\u0161tvo Celjana"},"url":"https:\/\/novice.si\/page\/author\/nejc\/"}]}},"_links":{"self":[{"href":"https:\/\/novice.si\/page\/wp-json\/wp\/v2\/posts\/157945","targetHints":{"allow":["GET"]}}],"collection":[{"href":"https:\/\/novice.si\/page\/wp-json\/wp\/v2\/posts"}],"about":[{"href":"https:\/\/novice.si\/page\/wp-json\/wp\/v2\/types\/post"}],"author":[{"embeddable":true,"href":"https:\/\/novice.si\/page\/wp-json\/wp\/v2\/users\/12"}],"replies":[{"embeddable":true,"href":"https:\/\/novice.si\/page\/wp-json\/wp\/v2\/comments?post=157945"}],"version-history":[{"count":2,"href":"https:\/\/novice.si\/page\/wp-json\/wp\/v2\/posts\/157945\/revisions"}],"predecessor-version":[{"id":157951,"href":"https:\/\/novice.si\/page\/wp-json\/wp\/v2\/posts\/157945\/revisions\/157951"}],"wp:featuredmedia":[{"embeddable":true,"href":"https:\/\/novice.si\/page\/wp-json\/wp\/v2\/media\/157946"}],"wp:attachment":[{"href":"https:\/\/novice.si\/page\/wp-json\/wp\/v2\/media?parent=157945"}],"wp:term":[{"taxonomy":"category","embeddable":true,"href":"https:\/\/novice.si\/page\/wp-json\/wp\/v2\/categories?post=157945"},{"taxonomy":"post_tag","embeddable":true,"href":"https:\/\/novice.si\/page\/wp-json\/wp\/v2\/tags?post=157945"}],"curies":[{"name":"wp","href":"https:\/\/api.w.org\/{rel}","templated":true}]}}