{"id":157895,"date":"2022-12-12T12:12:50","date_gmt":"2022-12-12T11:12:50","guid":{"rendered":"https:\/\/novice.si\/page\/?p=157895"},"modified":"2022-12-13T12:51:30","modified_gmt":"2022-12-13T11:51:30","slug":"celjski-nogometasi-bodo-prezimili-na-tretjem-mestu","status":"publish","type":"post","link":"https:\/\/novice.si\/page\/celjski-nogometasi-bodo-prezimili-na-tretjem-mestu\/","title":{"rendered":"Celjski nogometa\u0161i bodo prezimili na tretjem mestu"},"content":{"rendered":"<p class=\"T\"><a href=\"https:\/\/novice.si\/page\/wp-content\/uploads\/2022\/12\/nogomet-celje-foto-Danilo-Vezjak-SNportal.jpg\" data-gallery><img loading=\"lazy\" decoding=\"async\" class=\"size-medium wp-image-157896 alignleft\" src=\"https:\/\/novice.si\/page\/wp-content\/uploads\/2022\/12\/nogomet-celje-foto-Danilo-Vezjak-SNportal-300x200.jpg\" alt=\"\" width=\"300\" height=\"200\" srcset=\"https:\/\/novice.si\/page\/wp-content\/uploads\/2022\/12\/nogomet-celje-foto-Danilo-Vezjak-SNportal-300x200.jpg 300w, https:\/\/novice.si\/page\/wp-content\/uploads\/2022\/12\/nogomet-celje-foto-Danilo-Vezjak-SNportal-1024x683.jpg 1024w, https:\/\/novice.si\/page\/wp-content\/uploads\/2022\/12\/nogomet-celje-foto-Danilo-Vezjak-SNportal-768x512.jpg 768w, https:\/\/novice.si\/page\/wp-content\/uploads\/2022\/12\/nogomet-celje-foto-Danilo-Vezjak-SNportal-696x464.jpg 696w, https:\/\/novice.si\/page\/wp-content\/uploads\/2022\/12\/nogomet-celje-foto-Danilo-Vezjak-SNportal-1068x712.jpg 1068w, https:\/\/novice.si\/page\/wp-content\/uploads\/2022\/12\/nogomet-celje-foto-Danilo-Vezjak-SNportal-630x420.jpg 630w, https:\/\/novice.si\/page\/wp-content\/uploads\/2022\/12\/nogomet-celje-foto-Danilo-Vezjak-SNportal-24x16.jpg 24w, https:\/\/novice.si\/page\/wp-content\/uploads\/2022\/12\/nogomet-celje-foto-Danilo-Vezjak-SNportal-36x24.jpg 36w, https:\/\/novice.si\/page\/wp-content\/uploads\/2022\/12\/nogomet-celje-foto-Danilo-Vezjak-SNportal-48x32.jpg 48w, https:\/\/novice.si\/page\/wp-content\/uploads\/2022\/12\/nogomet-celje-foto-Danilo-Vezjak-SNportal.jpg 1405w\" sizes=\"auto, (max-width: 300px) 100vw, 300px\" \/><\/a>Nogometa\u0161i Celja so z zmago kon\u010dali jesenski del tekmovanja v Prvi Ligi Telemach. V\u010deraj so v 20. krogu v Dom\u017ealah Kalcer Radomlje ugnali z 0:3. Celjani so sicer to jesen zbrali 34 to\u010dk in za jesenskimi prvaki \u2013 ljubljansko Olimpijo, zaostajajo za 14 to\u010dk, drugouvr\u0161\u010deni Koper ima le eno to\u010dko ve\u010d od celjske zasedbe.<br \/>\nMaribor, ki je tokrat Gorico premagal z 2:1, je eno to\u010dko za Celjani. Liga\u0161ko tekmovanje se bo predvidoma nadaljevalo 11. februarja. (Jure Mernik)<br \/>\nFoto: Danilo Vezjak, SNportal<\/p>\n","protected":false},"excerpt":{"rendered":"<p>Nogometa\u0161i Celja so z zmago kon\u010dali jesenski del tekmovanja v Prvi Ligi Telemach. V\u010deraj so v 20. krogu v Dom\u017ealah Kalcer Radomlje ugnali z 0:3. Celjani so sicer to jesen zbrali 34 to\u010dk in za jesenskimi prvaki \u2013 ljubljansko Olimpijo, zaostajajo za 14 to\u010dk, drugouvr\u0161\u010deni Koper ima le eno to\u010dko ve\u010d od celjske zasedbe. Maribor, [&hellip;]<\/p>\n","protected":false},"author":7,"featured_media":157896,"comment_status":"closed","ping_status":"closed","sticky":false,"template":"","format":"standard","meta":{"footnotes":""},"categories":[14,17,68],"tags":[1504,15383],"class_list":{"0":"post-157895","1":"post","2":"type-post","3":"status-publish","4":"format-standard","5":"has-post-thumbnail","7":"category-aktualno","8":"category-celjsko","9":"category-sport","10":"tag-nk-celje","11":"tag-prva-liga-telemach"},"yoast_head":"<!-- This site is optimized with the Yoast SEO plugin v27.4 - https:\/\/yoast.com\/product\/yoast-seo-wordpress\/ -->\n<title>Celjski nogometa\u0161i bodo prezimili na tretjem mestu - Novice.si<\/title>\n<meta name=\"robots\" content=\"index, follow, max-snippet:-1, max-image-preview:large, max-video-preview:-1\" \/>\n<link rel=\"canonical\" href=\"https:\/\/novice.si\/page\/celjski-nogometasi-bodo-prezimili-na-tretjem-mestu\/\" \/>\n<meta property=\"og:locale\" content=\"sl_SI\" \/>\n<meta property=\"og:type\" content=\"article\" \/>\n<meta property=\"og:title\" content=\"Celjski nogometa\u0161i bodo prezimili na tretjem mestu - Novice.si\" \/>\n<meta property=\"og:description\" content=\"Nogometa\u0161i Celja so z zmago kon\u010dali jesenski del tekmovanja v Prvi Ligi Telemach. V\u010deraj so v 20. krogu v Dom\u017ealah Kalcer Radomlje ugnali z 0:3. Celjani so sicer to jesen zbrali 34 to\u010dk in za jesenskimi prvaki \u2013 ljubljansko Olimpijo, zaostajajo za 14 to\u010dk, drugouvr\u0161\u010deni Koper ima le eno to\u010dko ve\u010d od celjske zasedbe. Maribor, [&hellip;]\" \/>\n<meta property=\"og:url\" content=\"https:\/\/novice.si\/page\/celjski-nogometasi-bodo-prezimili-na-tretjem-mestu\/\" \/>\n<meta property=\"og:site_name\" content=\"Novice.si\" \/>\n<meta property=\"article:published_time\" content=\"2022-12-12T11:12:50+00:00\" \/>\n<meta property=\"article:modified_time\" content=\"2022-12-13T11:51:30+00:00\" \/>\n<meta property=\"og:image\" content=\"https:\/\/novice.si\/page\/wp-content\/uploads\/2022\/12\/nogomet-celje-foto-Danilo-Vezjak-SNportal.jpg\" \/>\n\t<meta property=\"og:image:width\" content=\"1405\" \/>\n\t<meta property=\"og:image:height\" content=\"937\" \/>\n\t<meta property=\"og:image:type\" content=\"image\/jpeg\" \/>\n<meta name=\"author\" content=\"Uredni\u0161tvo Novic\" \/>\n<meta name=\"twitter:card\" content=\"summary_large_image\" \/>\n<meta name=\"twitter:label1\" content=\"Written by\" \/>\n\t<meta name=\"twitter:data1\" content=\"Uredni\u0161tvo Novic\" \/>\n\t<meta name=\"twitter:label2\" content=\"Est. reading time\" \/>\n\t<meta name=\"twitter:data2\" content=\"1 minuta\" \/>\n<script type=\"application\/ld+json\" class=\"yoast-schema-graph\">{\"@context\":\"https:\\\/\\\/schema.org\",\"@graph\":[{\"@type\":\"Article\",\"@id\":\"https:\\\/\\\/novice.si\\\/page\\\/celjski-nogometasi-bodo-prezimili-na-tretjem-mestu\\\/#article\",\"isPartOf\":{\"@id\":\"https:\\\/\\\/novice.si\\\/page\\\/celjski-nogometasi-bodo-prezimili-na-tretjem-mestu\\\/\"},\"author\":{\"name\":\"Uredni\u0161tvo Novic\",\"@id\":\"https:\\\/\\\/novice.si\\\/page\\\/#\\\/schema\\\/person\\\/a877dbb8680d441357ce27663beb35ca\"},\"headline\":\"Celjski nogometa\u0161i bodo prezimili na tretjem mestu\",\"datePublished\":\"2022-12-12T11:12:50+00:00\",\"dateModified\":\"2022-12-13T11:51:30+00:00\",\"mainEntityOfPage\":{\"@id\":\"https:\\\/\\\/novice.si\\\/page\\\/celjski-nogometasi-bodo-prezimili-na-tretjem-mestu\\\/\"},\"wordCount\":92,\"publisher\":{\"@id\":\"https:\\\/\\\/novice.si\\\/page\\\/#organization\"},\"image\":{\"@id\":\"https:\\\/\\\/novice.si\\\/page\\\/celjski-nogometasi-bodo-prezimili-na-tretjem-mestu\\\/#primaryimage\"},\"thumbnailUrl\":\"https:\\\/\\\/novice.si\\\/page\\\/wp-content\\\/uploads\\\/2022\\\/12\\\/nogomet-celje-foto-Danilo-Vezjak-SNportal.jpg\",\"keywords\":[\"Nk Celje\",\"Prva liga Telemach\"],\"articleSection\":[\"Aktualno\",\"Celjsko\",\"\u0160port\"],\"inLanguage\":\"sl-SI\"},{\"@type\":\"WebPage\",\"@id\":\"https:\\\/\\\/novice.si\\\/page\\\/celjski-nogometasi-bodo-prezimili-na-tretjem-mestu\\\/\",\"url\":\"https:\\\/\\\/novice.si\\\/page\\\/celjski-nogometasi-bodo-prezimili-na-tretjem-mestu\\\/\",\"name\":\"Celjski nogometa\u0161i bodo prezimili na tretjem mestu - Novice.si\",\"isPartOf\":{\"@id\":\"https:\\\/\\\/novice.si\\\/page\\\/#website\"},\"primaryImageOfPage\":{\"@id\":\"https:\\\/\\\/novice.si\\\/page\\\/celjski-nogometasi-bodo-prezimili-na-tretjem-mestu\\\/#primaryimage\"},\"image\":{\"@id\":\"https:\\\/\\\/novice.si\\\/page\\\/celjski-nogometasi-bodo-prezimili-na-tretjem-mestu\\\/#primaryimage\"},\"thumbnailUrl\":\"https:\\\/\\\/novice.si\\\/page\\\/wp-content\\\/uploads\\\/2022\\\/12\\\/nogomet-celje-foto-Danilo-Vezjak-SNportal.jpg\",\"datePublished\":\"2022-12-12T11:12:50+00:00\",\"dateModified\":\"2022-12-13T11:51:30+00:00\",\"breadcrumb\":{\"@id\":\"https:\\\/\\\/novice.si\\\/page\\\/celjski-nogometasi-bodo-prezimili-na-tretjem-mestu\\\/#breadcrumb\"},\"inLanguage\":\"sl-SI\",\"potentialAction\":[{\"@type\":\"ReadAction\",\"target\":[\"https:\\\/\\\/novice.si\\\/page\\\/celjski-nogometasi-bodo-prezimili-na-tretjem-mestu\\\/\"]}]},{\"@type\":\"ImageObject\",\"inLanguage\":\"sl-SI\",\"@id\":\"https:\\\/\\\/novice.si\\\/page\\\/celjski-nogometasi-bodo-prezimili-na-tretjem-mestu\\\/#primaryimage\",\"url\":\"https:\\\/\\\/novice.si\\\/page\\\/wp-content\\\/uploads\\\/2022\\\/12\\\/nogomet-celje-foto-Danilo-Vezjak-SNportal.jpg\",\"contentUrl\":\"https:\\\/\\\/novice.si\\\/page\\\/wp-content\\\/uploads\\\/2022\\\/12\\\/nogomet-celje-foto-Danilo-Vezjak-SNportal.jpg\",\"width\":1405,\"height\":937},{\"@type\":\"BreadcrumbList\",\"@id\":\"https:\\\/\\\/novice.si\\\/page\\\/celjski-nogometasi-bodo-prezimili-na-tretjem-mestu\\\/#breadcrumb\",\"itemListElement\":[{\"@type\":\"ListItem\",\"position\":1,\"name\":\"Home\",\"item\":\"https:\\\/\\\/novice.si\\\/page\\\/\"},{\"@type\":\"ListItem\",\"position\":2,\"name\":\"Celjski nogometa\u0161i bodo prezimili na tretjem mestu\"}]},{\"@type\":\"WebSite\",\"@id\":\"https:\\\/\\\/novice.si\\\/page\\\/#website\",\"url\":\"https:\\\/\\\/novice.si\\\/page\\\/\",\"name\":\"Novice.si\",\"description\":\"\",\"publisher\":{\"@id\":\"https:\\\/\\\/novice.si\\\/page\\\/#organization\"},\"potentialAction\":[{\"@type\":\"SearchAction\",\"target\":{\"@type\":\"EntryPoint\",\"urlTemplate\":\"https:\\\/\\\/novice.si\\\/page\\\/?s={search_term_string}\"},\"query-input\":{\"@type\":\"PropertyValueSpecification\",\"valueRequired\":true,\"valueName\":\"search_term_string\"}}],\"inLanguage\":\"sl-SI\"},{\"@type\":\"Organization\",\"@id\":\"https:\\\/\\\/novice.si\\\/page\\\/#organization\",\"name\":\"Novice.si\",\"url\":\"https:\\\/\\\/novice.si\\\/page\\\/\",\"logo\":{\"@type\":\"ImageObject\",\"inLanguage\":\"sl-SI\",\"@id\":\"https:\\\/\\\/novice.si\\\/page\\\/#\\\/schema\\\/logo\\\/image\\\/\",\"url\":\"https:\\\/\\\/novice.si\\\/page\\\/wp-content\\\/uploads\\\/2023\\\/03\\\/novice_si.png\",\"contentUrl\":\"https:\\\/\\\/novice.si\\\/page\\\/wp-content\\\/uploads\\\/2023\\\/03\\\/novice_si.png\",\"width\":576,\"height\":200,\"caption\":\"Novice.si\"},\"image\":{\"@id\":\"https:\\\/\\\/novice.si\\\/page\\\/#\\\/schema\\\/logo\\\/image\\\/\"}},{\"@type\":\"Person\",\"@id\":\"https:\\\/\\\/novice.si\\\/page\\\/#\\\/schema\\\/person\\\/a877dbb8680d441357ce27663beb35ca\",\"name\":\"Uredni\u0161tvo Novic\",\"image\":{\"@type\":\"ImageObject\",\"inLanguage\":\"sl-SI\",\"@id\":\"https:\\\/\\\/secure.gravatar.com\\\/avatar\\\/f19c0ae874706cc9ba19d2f6da5f74a5a5ee7674f283fed29ce0ad16a9f1893e?s=96&d=mm&r=g\",\"url\":\"https:\\\/\\\/secure.gravatar.com\\\/avatar\\\/f19c0ae874706cc9ba19d2f6da5f74a5a5ee7674f283fed29ce0ad16a9f1893e?s=96&d=mm&r=g\",\"contentUrl\":\"https:\\\/\\\/secure.gravatar.com\\\/avatar\\\/f19c0ae874706cc9ba19d2f6da5f74a5a5ee7674f283fed29ce0ad16a9f1893e?s=96&d=mm&r=g\",\"caption\":\"Uredni\u0161tvo Novic\"},\"url\":\"https:\\\/\\\/novice.si\\\/page\\\/author\\\/jure\\\/\"}]}<\/script>\n<!-- \/ Yoast SEO plugin. -->","yoast_head_json":{"title":"Celjski nogometa\u0161i bodo prezimili na tretjem mestu - Novice.si","robots":{"index":"index","follow":"follow","max-snippet":"max-snippet:-1","max-image-preview":"max-image-preview:large","max-video-preview":"max-video-preview:-1"},"canonical":"https:\/\/novice.si\/page\/celjski-nogometasi-bodo-prezimili-na-tretjem-mestu\/","og_locale":"sl_SI","og_type":"article","og_title":"Celjski nogometa\u0161i bodo prezimili na tretjem mestu - Novice.si","og_description":"Nogometa\u0161i Celja so z zmago kon\u010dali jesenski del tekmovanja v Prvi Ligi Telemach. V\u010deraj so v 20. krogu v Dom\u017ealah Kalcer Radomlje ugnali z 0:3. Celjani so sicer to jesen zbrali 34 to\u010dk in za jesenskimi prvaki \u2013 ljubljansko Olimpijo, zaostajajo za 14 to\u010dk, drugouvr\u0161\u010deni Koper ima le eno to\u010dko ve\u010d od celjske zasedbe. Maribor, [&hellip;]","og_url":"https:\/\/novice.si\/page\/celjski-nogometasi-bodo-prezimili-na-tretjem-mestu\/","og_site_name":"Novice.si","article_published_time":"2022-12-12T11:12:50+00:00","article_modified_time":"2022-12-13T11:51:30+00:00","og_image":[{"width":1405,"height":937,"url":"https:\/\/novice.si\/page\/wp-content\/uploads\/2022\/12\/nogomet-celje-foto-Danilo-Vezjak-SNportal.jpg","type":"image\/jpeg"}],"author":"Uredni\u0161tvo Novic","twitter_card":"summary_large_image","twitter_misc":{"Written by":"Uredni\u0161tvo Novic","Est. reading time":"1 minuta"},"schema":{"@context":"https:\/\/schema.org","@graph":[{"@type":"Article","@id":"https:\/\/novice.si\/page\/celjski-nogometasi-bodo-prezimili-na-tretjem-mestu\/#article","isPartOf":{"@id":"https:\/\/novice.si\/page\/celjski-nogometasi-bodo-prezimili-na-tretjem-mestu\/"},"author":{"name":"Uredni\u0161tvo Novic","@id":"https:\/\/novice.si\/page\/#\/schema\/person\/a877dbb8680d441357ce27663beb35ca"},"headline":"Celjski nogometa\u0161i bodo prezimili na tretjem mestu","datePublished":"2022-12-12T11:12:50+00:00","dateModified":"2022-12-13T11:51:30+00:00","mainEntityOfPage":{"@id":"https:\/\/novice.si\/page\/celjski-nogometasi-bodo-prezimili-na-tretjem-mestu\/"},"wordCount":92,"publisher":{"@id":"https:\/\/novice.si\/page\/#organization"},"image":{"@id":"https:\/\/novice.si\/page\/celjski-nogometasi-bodo-prezimili-na-tretjem-mestu\/#primaryimage"},"thumbnailUrl":"https:\/\/novice.si\/page\/wp-content\/uploads\/2022\/12\/nogomet-celje-foto-Danilo-Vezjak-SNportal.jpg","keywords":["Nk Celje","Prva liga Telemach"],"articleSection":["Aktualno","Celjsko","\u0160port"],"inLanguage":"sl-SI"},{"@type":"WebPage","@id":"https:\/\/novice.si\/page\/celjski-nogometasi-bodo-prezimili-na-tretjem-mestu\/","url":"https:\/\/novice.si\/page\/celjski-nogometasi-bodo-prezimili-na-tretjem-mestu\/","name":"Celjski nogometa\u0161i bodo prezimili na tretjem mestu - Novice.si","isPartOf":{"@id":"https:\/\/novice.si\/page\/#website"},"primaryImageOfPage":{"@id":"https:\/\/novice.si\/page\/celjski-nogometasi-bodo-prezimili-na-tretjem-mestu\/#primaryimage"},"image":{"@id":"https:\/\/novice.si\/page\/celjski-nogometasi-bodo-prezimili-na-tretjem-mestu\/#primaryimage"},"thumbnailUrl":"https:\/\/novice.si\/page\/wp-content\/uploads\/2022\/12\/nogomet-celje-foto-Danilo-Vezjak-SNportal.jpg","datePublished":"2022-12-12T11:12:50+00:00","dateModified":"2022-12-13T11:51:30+00:00","breadcrumb":{"@id":"https:\/\/novice.si\/page\/celjski-nogometasi-bodo-prezimili-na-tretjem-mestu\/#breadcrumb"},"inLanguage":"sl-SI","potentialAction":[{"@type":"ReadAction","target":["https:\/\/novice.si\/page\/celjski-nogometasi-bodo-prezimili-na-tretjem-mestu\/"]}]},{"@type":"ImageObject","inLanguage":"sl-SI","@id":"https:\/\/novice.si\/page\/celjski-nogometasi-bodo-prezimili-na-tretjem-mestu\/#primaryimage","url":"https:\/\/novice.si\/page\/wp-content\/uploads\/2022\/12\/nogomet-celje-foto-Danilo-Vezjak-SNportal.jpg","contentUrl":"https:\/\/novice.si\/page\/wp-content\/uploads\/2022\/12\/nogomet-celje-foto-Danilo-Vezjak-SNportal.jpg","width":1405,"height":937},{"@type":"BreadcrumbList","@id":"https:\/\/novice.si\/page\/celjski-nogometasi-bodo-prezimili-na-tretjem-mestu\/#breadcrumb","itemListElement":[{"@type":"ListItem","position":1,"name":"Home","item":"https:\/\/novice.si\/page\/"},{"@type":"ListItem","position":2,"name":"Celjski nogometa\u0161i bodo prezimili na tretjem mestu"}]},{"@type":"WebSite","@id":"https:\/\/novice.si\/page\/#website","url":"https:\/\/novice.si\/page\/","name":"Novice.si","description":"","publisher":{"@id":"https:\/\/novice.si\/page\/#organization"},"potentialAction":[{"@type":"SearchAction","target":{"@type":"EntryPoint","urlTemplate":"https:\/\/novice.si\/page\/?s={search_term_string}"},"query-input":{"@type":"PropertyValueSpecification","valueRequired":true,"valueName":"search_term_string"}}],"inLanguage":"sl-SI"},{"@type":"Organization","@id":"https:\/\/novice.si\/page\/#organization","name":"Novice.si","url":"https:\/\/novice.si\/page\/","logo":{"@type":"ImageObject","inLanguage":"sl-SI","@id":"https:\/\/novice.si\/page\/#\/schema\/logo\/image\/","url":"https:\/\/novice.si\/page\/wp-content\/uploads\/2023\/03\/novice_si.png","contentUrl":"https:\/\/novice.si\/page\/wp-content\/uploads\/2023\/03\/novice_si.png","width":576,"height":200,"caption":"Novice.si"},"image":{"@id":"https:\/\/novice.si\/page\/#\/schema\/logo\/image\/"}},{"@type":"Person","@id":"https:\/\/novice.si\/page\/#\/schema\/person\/a877dbb8680d441357ce27663beb35ca","name":"Uredni\u0161tvo Novic","image":{"@type":"ImageObject","inLanguage":"sl-SI","@id":"https:\/\/secure.gravatar.com\/avatar\/f19c0ae874706cc9ba19d2f6da5f74a5a5ee7674f283fed29ce0ad16a9f1893e?s=96&d=mm&r=g","url":"https:\/\/secure.gravatar.com\/avatar\/f19c0ae874706cc9ba19d2f6da5f74a5a5ee7674f283fed29ce0ad16a9f1893e?s=96&d=mm&r=g","contentUrl":"https:\/\/secure.gravatar.com\/avatar\/f19c0ae874706cc9ba19d2f6da5f74a5a5ee7674f283fed29ce0ad16a9f1893e?s=96&d=mm&r=g","caption":"Uredni\u0161tvo Novic"},"url":"https:\/\/novice.si\/page\/author\/jure\/"}]}},"_links":{"self":[{"href":"https:\/\/novice.si\/page\/wp-json\/wp\/v2\/posts\/157895","targetHints":{"allow":["GET"]}}],"collection":[{"href":"https:\/\/novice.si\/page\/wp-json\/wp\/v2\/posts"}],"about":[{"href":"https:\/\/novice.si\/page\/wp-json\/wp\/v2\/types\/post"}],"author":[{"embeddable":true,"href":"https:\/\/novice.si\/page\/wp-json\/wp\/v2\/users\/7"}],"replies":[{"embeddable":true,"href":"https:\/\/novice.si\/page\/wp-json\/wp\/v2\/comments?post=157895"}],"version-history":[{"count":1,"href":"https:\/\/novice.si\/page\/wp-json\/wp\/v2\/posts\/157895\/revisions"}],"predecessor-version":[{"id":157897,"href":"https:\/\/novice.si\/page\/wp-json\/wp\/v2\/posts\/157895\/revisions\/157897"}],"wp:featuredmedia":[{"embeddable":true,"href":"https:\/\/novice.si\/page\/wp-json\/wp\/v2\/media\/157896"}],"wp:attachment":[{"href":"https:\/\/novice.si\/page\/wp-json\/wp\/v2\/media?parent=157895"}],"wp:term":[{"taxonomy":"category","embeddable":true,"href":"https:\/\/novice.si\/page\/wp-json\/wp\/v2\/categories?post=157895"},{"taxonomy":"post_tag","embeddable":true,"href":"https:\/\/novice.si\/page\/wp-json\/wp\/v2\/tags?post=157895"}],"curies":[{"name":"wp","href":"https:\/\/api.w.org\/{rel}","templated":true}]}}