{"id":157879,"date":"2022-12-13T09:59:17","date_gmt":"2022-12-13T08:59:17","guid":{"rendered":"https:\/\/novice.si\/page\/?p=157879"},"modified":"2022-12-13T09:59:17","modified_gmt":"2022-12-13T08:59:17","slug":"jay-bolk-je-prvic-loceval-beljak-od-rumenjaka","status":"publish","type":"post","link":"https:\/\/novice.si\/page\/jay-bolk-je-prvic-loceval-beljak-od-rumenjaka\/","title":{"rendered":"Jay Bolk je prvi\u010d lo\u010deval beljak od rumenjaka"},"content":{"rendered":"<p><a href=\"https:\/\/novice.si\/page\/wp-content\/uploads\/2022\/12\/2022_jay_bolk_01.jpg\" data-gallery><img loading=\"lazy\" decoding=\"async\" src=\"https:\/\/novice.si\/page\/wp-content\/uploads\/2022\/12\/2022_jay_bolk_01-261x300.jpg\" alt=\"\" width=\"261\" height=\"300\" class=\"alignleft size-medium wp-image-157881\" srcset=\"https:\/\/novice.si\/page\/wp-content\/uploads\/2022\/12\/2022_jay_bolk_01-261x300.jpg 261w, https:\/\/novice.si\/page\/wp-content\/uploads\/2022\/12\/2022_jay_bolk_01-891x1024.jpg 891w, https:\/\/novice.si\/page\/wp-content\/uploads\/2022\/12\/2022_jay_bolk_01-768x883.jpg 768w, https:\/\/novice.si\/page\/wp-content\/uploads\/2022\/12\/2022_jay_bolk_01-696x800.jpg 696w, https:\/\/novice.si\/page\/wp-content\/uploads\/2022\/12\/2022_jay_bolk_01-1068x1228.jpg 1068w, https:\/\/novice.si\/page\/wp-content\/uploads\/2022\/12\/2022_jay_bolk_01-365x420.jpg 365w, https:\/\/novice.si\/page\/wp-content\/uploads\/2022\/12\/2022_jay_bolk_01-21x24.jpg 21w, https:\/\/novice.si\/page\/wp-content\/uploads\/2022\/12\/2022_jay_bolk_01-31x36.jpg 31w, https:\/\/novice.si\/page\/wp-content\/uploads\/2022\/12\/2022_jay_bolk_01-42x48.jpg 42w, https:\/\/novice.si\/page\/wp-content\/uploads\/2022\/12\/2022_jay_bolk_01.jpg 1094w\" sizes=\"auto, (max-width: 261px) 100vw, 261px\" \/><\/a>V Dobrem jutru Radia Rogla sta Peter in Iztok gostila pevca Jaya Bolka, ki se je v studio Radia Rogla pripeljal iz Postojne. Mladi Postojn\u010dan je nedavno izdal novo pesem &#8216;Z mano ple\u0161i ljubi&#8217;, za katero je besedilo in glasbo napisal kar sam. Videospot so posneli v okolici Postojne, v njem pa lahko vidimo zelo veliko njegovih prijateljic in prijateljev. Bolk je \u0161e povedal, da je navdu\u0161en nad starodobniki, zato jih lahko redno videvamo v njegovih videospotih, v aktualnem je vozil mercedes-benz SL iz leta 1974. Iztok in Peter sta mu pripravila izziv, v katerem je moral lo\u010devati beljak od rumenjakov, kar pa je Bolk po\u010del povsem prvi\u010d. Kako je izpadlo lahko vidite v videu spodaj.<br \/>\n<iframe loading=\"lazy\" src=\"https:\/\/www.facebook.com\/plugins\/video.php?height=314&#038;href=https%3A%2F%2Fwww.facebook.com%2FRadioRogla%2Fvideos%2F909219123579303%2F&#038;show_text=false&#038;width=760&#038;t=0\" width=\"760\" height=\"314\" style=\"border:none;overflow:hidden\" scrolling=\"no\" frameborder=\"0\" allowfullscreen=\"true\" allow=\"autoplay; clipboard-write; encrypted-media; picture-in-picture; web-share\" allowFullScreen=\"true\"><\/iframe><\/p>\n<p><iframe loading=\"lazy\" width=\"560\" height=\"315\" src=\"https:\/\/www.youtube.com\/embed\/AjC5hoizybY\" title=\"YouTube video player\" frameborder=\"0\" allow=\"accelerometer; autoplay; clipboard-write; encrypted-media; gyroscope; picture-in-picture\" allowfullscreen><\/iframe><\/p>\n","protected":false},"excerpt":{"rendered":"<p>V Dobrem jutru Radia Rogla sta Peter in Iztok gostila pevca Jaya Bolka, ki se je v studio Radia Rogla pripeljal iz Postojne. Mladi Postojn\u010dan je nedavno izdal novo pesem &#8216;Z mano ple\u0161i ljubi&#8217;, za katero je besedilo in glasbo napisal kar sam. Videospot so posneli v okolici Postojne, v njem pa lahko vidimo zelo [&hellip;]<\/p>\n","protected":false},"author":10,"featured_media":157882,"comment_status":"closed","ping_status":"closed","sticky":false,"template":"","format":"standard","meta":{"footnotes":""},"categories":[14,15,1,3108],"tags":[16621,10310,16619,13234,15913,16620,16622],"class_list":{"0":"post-157879","1":"post","2":"type-post","3":"status-publish","4":"format-standard","5":"has-post-thumbnail","7":"category-aktualno","8":"category-druzabno","9":"category-nekategorizirano","10":"category-radio-rogla","11":"tag-anze-jereb","12":"tag-iztok-krajnc","13":"tag-jay-bolk","14":"tag-nova-pesem","15":"tag-peter-klima","16":"tag-postojna","17":"tag-z-mano-plesi-ljubi"},"yoast_head":"<!-- This site is optimized with the Yoast SEO plugin v27.4 - https:\/\/yoast.com\/product\/yoast-seo-wordpress\/ -->\n<title>Jay Bolk je prvi\u010d lo\u010deval beljak od rumenjaka - Novice.si<\/title>\n<meta name=\"robots\" content=\"index, follow, max-snippet:-1, max-image-preview:large, max-video-preview:-1\" \/>\n<link rel=\"canonical\" href=\"https:\/\/novice.si\/page\/jay-bolk-je-prvic-loceval-beljak-od-rumenjaka\/\" \/>\n<meta property=\"og:locale\" content=\"sl_SI\" \/>\n<meta property=\"og:type\" content=\"article\" \/>\n<meta property=\"og:title\" content=\"Jay Bolk je prvi\u010d lo\u010deval beljak od rumenjaka - Novice.si\" \/>\n<meta property=\"og:description\" content=\"V Dobrem jutru Radia Rogla sta Peter in Iztok gostila pevca Jaya Bolka, ki se je v studio Radia Rogla pripeljal iz Postojne. Mladi Postojn\u010dan je nedavno izdal novo pesem &#8216;Z mano ple\u0161i ljubi&#8217;, za katero je besedilo in glasbo napisal kar sam. Videospot so posneli v okolici Postojne, v njem pa lahko vidimo zelo [&hellip;]\" \/>\n<meta property=\"og:url\" content=\"https:\/\/novice.si\/page\/jay-bolk-je-prvic-loceval-beljak-od-rumenjaka\/\" \/>\n<meta property=\"og:site_name\" content=\"Novice.si\" \/>\n<meta property=\"article:published_time\" content=\"2022-12-13T08:59:17+00:00\" \/>\n<meta property=\"og:image\" content=\"https:\/\/novice.si\/page\/wp-content\/uploads\/2022\/12\/2022_jay_bolk_02.jpg\" \/>\n\t<meta property=\"og:image:width\" content=\"1459\" \/>\n\t<meta property=\"og:image:height\" content=\"978\" \/>\n\t<meta property=\"og:image:type\" content=\"image\/jpeg\" \/>\n<meta name=\"author\" content=\"Iztok Krajnc\" \/>\n<meta name=\"twitter:card\" content=\"summary_large_image\" \/>\n<meta name=\"twitter:label1\" content=\"Written by\" \/>\n\t<meta name=\"twitter:data1\" content=\"Iztok Krajnc\" \/>\n\t<meta name=\"twitter:label2\" content=\"Est. reading time\" \/>\n\t<meta name=\"twitter:data2\" content=\"1 minuta\" \/>\n<script type=\"application\/ld+json\" class=\"yoast-schema-graph\">{\"@context\":\"https:\\\/\\\/schema.org\",\"@graph\":[{\"@type\":\"Article\",\"@id\":\"https:\\\/\\\/novice.si\\\/page\\\/jay-bolk-je-prvic-loceval-beljak-od-rumenjaka\\\/#article\",\"isPartOf\":{\"@id\":\"https:\\\/\\\/novice.si\\\/page\\\/jay-bolk-je-prvic-loceval-beljak-od-rumenjaka\\\/\"},\"author\":{\"name\":\"Iztok Krajnc\",\"@id\":\"https:\\\/\\\/novice.si\\\/page\\\/#\\\/schema\\\/person\\\/92fda8564875f655675c886e4df22216\"},\"headline\":\"Jay Bolk je prvi\u010d lo\u010deval beljak od rumenjaka\",\"datePublished\":\"2022-12-13T08:59:17+00:00\",\"mainEntityOfPage\":{\"@id\":\"https:\\\/\\\/novice.si\\\/page\\\/jay-bolk-je-prvic-loceval-beljak-od-rumenjaka\\\/\"},\"wordCount\":129,\"publisher\":{\"@id\":\"https:\\\/\\\/novice.si\\\/page\\\/#organization\"},\"image\":{\"@id\":\"https:\\\/\\\/novice.si\\\/page\\\/jay-bolk-je-prvic-loceval-beljak-od-rumenjaka\\\/#primaryimage\"},\"thumbnailUrl\":\"https:\\\/\\\/novice.si\\\/page\\\/wp-content\\\/uploads\\\/2022\\\/12\\\/2022_jay_bolk_02.jpg\",\"keywords\":[\"an\u017ee jereb\",\"iztok krajnc\",\"jay bolk\",\"Nova pesem\",\"peter klima\",\"postojna\",\"z mano ple\u0161i ljubi\"],\"articleSection\":[\"Aktualno\",\"Dru\u017eabno\",\"Nerazvr\u0161\u010deno\",\"Radio Rogla\"],\"inLanguage\":\"sl-SI\"},{\"@type\":\"WebPage\",\"@id\":\"https:\\\/\\\/novice.si\\\/page\\\/jay-bolk-je-prvic-loceval-beljak-od-rumenjaka\\\/\",\"url\":\"https:\\\/\\\/novice.si\\\/page\\\/jay-bolk-je-prvic-loceval-beljak-od-rumenjaka\\\/\",\"name\":\"Jay Bolk je prvi\u010d lo\u010deval beljak od rumenjaka - Novice.si\",\"isPartOf\":{\"@id\":\"https:\\\/\\\/novice.si\\\/page\\\/#website\"},\"primaryImageOfPage\":{\"@id\":\"https:\\\/\\\/novice.si\\\/page\\\/jay-bolk-je-prvic-loceval-beljak-od-rumenjaka\\\/#primaryimage\"},\"image\":{\"@id\":\"https:\\\/\\\/novice.si\\\/page\\\/jay-bolk-je-prvic-loceval-beljak-od-rumenjaka\\\/#primaryimage\"},\"thumbnailUrl\":\"https:\\\/\\\/novice.si\\\/page\\\/wp-content\\\/uploads\\\/2022\\\/12\\\/2022_jay_bolk_02.jpg\",\"datePublished\":\"2022-12-13T08:59:17+00:00\",\"breadcrumb\":{\"@id\":\"https:\\\/\\\/novice.si\\\/page\\\/jay-bolk-je-prvic-loceval-beljak-od-rumenjaka\\\/#breadcrumb\"},\"inLanguage\":\"sl-SI\",\"potentialAction\":[{\"@type\":\"ReadAction\",\"target\":[\"https:\\\/\\\/novice.si\\\/page\\\/jay-bolk-je-prvic-loceval-beljak-od-rumenjaka\\\/\"]}]},{\"@type\":\"ImageObject\",\"inLanguage\":\"sl-SI\",\"@id\":\"https:\\\/\\\/novice.si\\\/page\\\/jay-bolk-je-prvic-loceval-beljak-od-rumenjaka\\\/#primaryimage\",\"url\":\"https:\\\/\\\/novice.si\\\/page\\\/wp-content\\\/uploads\\\/2022\\\/12\\\/2022_jay_bolk_02.jpg\",\"contentUrl\":\"https:\\\/\\\/novice.si\\\/page\\\/wp-content\\\/uploads\\\/2022\\\/12\\\/2022_jay_bolk_02.jpg\",\"width\":1459,\"height\":978,\"caption\":\"qrf\"},{\"@type\":\"BreadcrumbList\",\"@id\":\"https:\\\/\\\/novice.si\\\/page\\\/jay-bolk-je-prvic-loceval-beljak-od-rumenjaka\\\/#breadcrumb\",\"itemListElement\":[{\"@type\":\"ListItem\",\"position\":1,\"name\":\"Home\",\"item\":\"https:\\\/\\\/novice.si\\\/page\\\/\"},{\"@type\":\"ListItem\",\"position\":2,\"name\":\"Jay Bolk je prvi\u010d lo\u010deval beljak od rumenjaka\"}]},{\"@type\":\"WebSite\",\"@id\":\"https:\\\/\\\/novice.si\\\/page\\\/#website\",\"url\":\"https:\\\/\\\/novice.si\\\/page\\\/\",\"name\":\"Novice.si\",\"description\":\"\",\"publisher\":{\"@id\":\"https:\\\/\\\/novice.si\\\/page\\\/#organization\"},\"potentialAction\":[{\"@type\":\"SearchAction\",\"target\":{\"@type\":\"EntryPoint\",\"urlTemplate\":\"https:\\\/\\\/novice.si\\\/page\\\/?s={search_term_string}\"},\"query-input\":{\"@type\":\"PropertyValueSpecification\",\"valueRequired\":true,\"valueName\":\"search_term_string\"}}],\"inLanguage\":\"sl-SI\"},{\"@type\":\"Organization\",\"@id\":\"https:\\\/\\\/novice.si\\\/page\\\/#organization\",\"name\":\"Novice.si\",\"url\":\"https:\\\/\\\/novice.si\\\/page\\\/\",\"logo\":{\"@type\":\"ImageObject\",\"inLanguage\":\"sl-SI\",\"@id\":\"https:\\\/\\\/novice.si\\\/page\\\/#\\\/schema\\\/logo\\\/image\\\/\",\"url\":\"https:\\\/\\\/novice.si\\\/page\\\/wp-content\\\/uploads\\\/2023\\\/03\\\/novice_si.png\",\"contentUrl\":\"https:\\\/\\\/novice.si\\\/page\\\/wp-content\\\/uploads\\\/2023\\\/03\\\/novice_si.png\",\"width\":576,\"height\":200,\"caption\":\"Novice.si\"},\"image\":{\"@id\":\"https:\\\/\\\/novice.si\\\/page\\\/#\\\/schema\\\/logo\\\/image\\\/\"}},{\"@type\":\"Person\",\"@id\":\"https:\\\/\\\/novice.si\\\/page\\\/#\\\/schema\\\/person\\\/92fda8564875f655675c886e4df22216\",\"name\":\"Iztok Krajnc\",\"image\":{\"@type\":\"ImageObject\",\"inLanguage\":\"sl-SI\",\"@id\":\"https:\\\/\\\/secure.gravatar.com\\\/avatar\\\/2790ff125f883a5a9cb934a574322d28ea850f8f4494d77b487c1950e0096015?s=96&d=mm&r=g\",\"url\":\"https:\\\/\\\/secure.gravatar.com\\\/avatar\\\/2790ff125f883a5a9cb934a574322d28ea850f8f4494d77b487c1950e0096015?s=96&d=mm&r=g\",\"contentUrl\":\"https:\\\/\\\/secure.gravatar.com\\\/avatar\\\/2790ff125f883a5a9cb934a574322d28ea850f8f4494d77b487c1950e0096015?s=96&d=mm&r=g\",\"caption\":\"Iztok Krajnc\"},\"url\":\"https:\\\/\\\/novice.si\\\/page\\\/author\\\/iztok\\\/\"}]}<\/script>\n<!-- \/ Yoast SEO plugin. -->","yoast_head_json":{"title":"Jay Bolk je prvi\u010d lo\u010deval beljak od rumenjaka - Novice.si","robots":{"index":"index","follow":"follow","max-snippet":"max-snippet:-1","max-image-preview":"max-image-preview:large","max-video-preview":"max-video-preview:-1"},"canonical":"https:\/\/novice.si\/page\/jay-bolk-je-prvic-loceval-beljak-od-rumenjaka\/","og_locale":"sl_SI","og_type":"article","og_title":"Jay Bolk je prvi\u010d lo\u010deval beljak od rumenjaka - Novice.si","og_description":"V Dobrem jutru Radia Rogla sta Peter in Iztok gostila pevca Jaya Bolka, ki se je v studio Radia Rogla pripeljal iz Postojne. Mladi Postojn\u010dan je nedavno izdal novo pesem &#8216;Z mano ple\u0161i ljubi&#8217;, za katero je besedilo in glasbo napisal kar sam. Videospot so posneli v okolici Postojne, v njem pa lahko vidimo zelo [&hellip;]","og_url":"https:\/\/novice.si\/page\/jay-bolk-je-prvic-loceval-beljak-od-rumenjaka\/","og_site_name":"Novice.si","article_published_time":"2022-12-13T08:59:17+00:00","og_image":[{"width":1459,"height":978,"url":"https:\/\/novice.si\/page\/wp-content\/uploads\/2022\/12\/2022_jay_bolk_02.jpg","type":"image\/jpeg"}],"author":"Iztok Krajnc","twitter_card":"summary_large_image","twitter_misc":{"Written by":"Iztok Krajnc","Est. reading time":"1 minuta"},"schema":{"@context":"https:\/\/schema.org","@graph":[{"@type":"Article","@id":"https:\/\/novice.si\/page\/jay-bolk-je-prvic-loceval-beljak-od-rumenjaka\/#article","isPartOf":{"@id":"https:\/\/novice.si\/page\/jay-bolk-je-prvic-loceval-beljak-od-rumenjaka\/"},"author":{"name":"Iztok Krajnc","@id":"https:\/\/novice.si\/page\/#\/schema\/person\/92fda8564875f655675c886e4df22216"},"headline":"Jay Bolk je prvi\u010d lo\u010deval beljak od rumenjaka","datePublished":"2022-12-13T08:59:17+00:00","mainEntityOfPage":{"@id":"https:\/\/novice.si\/page\/jay-bolk-je-prvic-loceval-beljak-od-rumenjaka\/"},"wordCount":129,"publisher":{"@id":"https:\/\/novice.si\/page\/#organization"},"image":{"@id":"https:\/\/novice.si\/page\/jay-bolk-je-prvic-loceval-beljak-od-rumenjaka\/#primaryimage"},"thumbnailUrl":"https:\/\/novice.si\/page\/wp-content\/uploads\/2022\/12\/2022_jay_bolk_02.jpg","keywords":["an\u017ee jereb","iztok krajnc","jay bolk","Nova pesem","peter klima","postojna","z mano ple\u0161i ljubi"],"articleSection":["Aktualno","Dru\u017eabno","Nerazvr\u0161\u010deno","Radio Rogla"],"inLanguage":"sl-SI"},{"@type":"WebPage","@id":"https:\/\/novice.si\/page\/jay-bolk-je-prvic-loceval-beljak-od-rumenjaka\/","url":"https:\/\/novice.si\/page\/jay-bolk-je-prvic-loceval-beljak-od-rumenjaka\/","name":"Jay Bolk je prvi\u010d lo\u010deval beljak od rumenjaka - Novice.si","isPartOf":{"@id":"https:\/\/novice.si\/page\/#website"},"primaryImageOfPage":{"@id":"https:\/\/novice.si\/page\/jay-bolk-je-prvic-loceval-beljak-od-rumenjaka\/#primaryimage"},"image":{"@id":"https:\/\/novice.si\/page\/jay-bolk-je-prvic-loceval-beljak-od-rumenjaka\/#primaryimage"},"thumbnailUrl":"https:\/\/novice.si\/page\/wp-content\/uploads\/2022\/12\/2022_jay_bolk_02.jpg","datePublished":"2022-12-13T08:59:17+00:00","breadcrumb":{"@id":"https:\/\/novice.si\/page\/jay-bolk-je-prvic-loceval-beljak-od-rumenjaka\/#breadcrumb"},"inLanguage":"sl-SI","potentialAction":[{"@type":"ReadAction","target":["https:\/\/novice.si\/page\/jay-bolk-je-prvic-loceval-beljak-od-rumenjaka\/"]}]},{"@type":"ImageObject","inLanguage":"sl-SI","@id":"https:\/\/novice.si\/page\/jay-bolk-je-prvic-loceval-beljak-od-rumenjaka\/#primaryimage","url":"https:\/\/novice.si\/page\/wp-content\/uploads\/2022\/12\/2022_jay_bolk_02.jpg","contentUrl":"https:\/\/novice.si\/page\/wp-content\/uploads\/2022\/12\/2022_jay_bolk_02.jpg","width":1459,"height":978,"caption":"qrf"},{"@type":"BreadcrumbList","@id":"https:\/\/novice.si\/page\/jay-bolk-je-prvic-loceval-beljak-od-rumenjaka\/#breadcrumb","itemListElement":[{"@type":"ListItem","position":1,"name":"Home","item":"https:\/\/novice.si\/page\/"},{"@type":"ListItem","position":2,"name":"Jay Bolk je prvi\u010d lo\u010deval beljak od rumenjaka"}]},{"@type":"WebSite","@id":"https:\/\/novice.si\/page\/#website","url":"https:\/\/novice.si\/page\/","name":"Novice.si","description":"","publisher":{"@id":"https:\/\/novice.si\/page\/#organization"},"potentialAction":[{"@type":"SearchAction","target":{"@type":"EntryPoint","urlTemplate":"https:\/\/novice.si\/page\/?s={search_term_string}"},"query-input":{"@type":"PropertyValueSpecification","valueRequired":true,"valueName":"search_term_string"}}],"inLanguage":"sl-SI"},{"@type":"Organization","@id":"https:\/\/novice.si\/page\/#organization","name":"Novice.si","url":"https:\/\/novice.si\/page\/","logo":{"@type":"ImageObject","inLanguage":"sl-SI","@id":"https:\/\/novice.si\/page\/#\/schema\/logo\/image\/","url":"https:\/\/novice.si\/page\/wp-content\/uploads\/2023\/03\/novice_si.png","contentUrl":"https:\/\/novice.si\/page\/wp-content\/uploads\/2023\/03\/novice_si.png","width":576,"height":200,"caption":"Novice.si"},"image":{"@id":"https:\/\/novice.si\/page\/#\/schema\/logo\/image\/"}},{"@type":"Person","@id":"https:\/\/novice.si\/page\/#\/schema\/person\/92fda8564875f655675c886e4df22216","name":"Iztok Krajnc","image":{"@type":"ImageObject","inLanguage":"sl-SI","@id":"https:\/\/secure.gravatar.com\/avatar\/2790ff125f883a5a9cb934a574322d28ea850f8f4494d77b487c1950e0096015?s=96&d=mm&r=g","url":"https:\/\/secure.gravatar.com\/avatar\/2790ff125f883a5a9cb934a574322d28ea850f8f4494d77b487c1950e0096015?s=96&d=mm&r=g","contentUrl":"https:\/\/secure.gravatar.com\/avatar\/2790ff125f883a5a9cb934a574322d28ea850f8f4494d77b487c1950e0096015?s=96&d=mm&r=g","caption":"Iztok Krajnc"},"url":"https:\/\/novice.si\/page\/author\/iztok\/"}]}},"_links":{"self":[{"href":"https:\/\/novice.si\/page\/wp-json\/wp\/v2\/posts\/157879","targetHints":{"allow":["GET"]}}],"collection":[{"href":"https:\/\/novice.si\/page\/wp-json\/wp\/v2\/posts"}],"about":[{"href":"https:\/\/novice.si\/page\/wp-json\/wp\/v2\/types\/post"}],"author":[{"embeddable":true,"href":"https:\/\/novice.si\/page\/wp-json\/wp\/v2\/users\/10"}],"replies":[{"embeddable":true,"href":"https:\/\/novice.si\/page\/wp-json\/wp\/v2\/comments?post=157879"}],"version-history":[{"count":3,"href":"https:\/\/novice.si\/page\/wp-json\/wp\/v2\/posts\/157879\/revisions"}],"predecessor-version":[{"id":157884,"href":"https:\/\/novice.si\/page\/wp-json\/wp\/v2\/posts\/157879\/revisions\/157884"}],"wp:featuredmedia":[{"embeddable":true,"href":"https:\/\/novice.si\/page\/wp-json\/wp\/v2\/media\/157882"}],"wp:attachment":[{"href":"https:\/\/novice.si\/page\/wp-json\/wp\/v2\/media?parent=157879"}],"wp:term":[{"taxonomy":"category","embeddable":true,"href":"https:\/\/novice.si\/page\/wp-json\/wp\/v2\/categories?post=157879"},{"taxonomy":"post_tag","embeddable":true,"href":"https:\/\/novice.si\/page\/wp-json\/wp\/v2\/tags?post=157879"}],"curies":[{"name":"wp","href":"https:\/\/api.w.org\/{rel}","templated":true}]}}