{"id":157808,"date":"2022-12-14T05:10:29","date_gmt":"2022-12-14T04:10:29","guid":{"rendered":"https:\/\/novice.si\/page\/?p=157808"},"modified":"2022-12-12T05:17:45","modified_gmt":"2022-12-12T04:17:45","slug":"vocal-bk-studio-v-pravljicni-dezeli","status":"publish","type":"post","link":"https:\/\/novice.si\/page\/vocal-bk-studio-v-pravljicni-dezeli\/","title":{"rendered":"Vocal BK studio v Pravlji\u010dni de\u017eeli"},"content":{"rendered":"<p><figure id=\"attachment_157809\" aria-describedby=\"caption-attachment-157809\" style=\"width: 300px\" class=\"wp-caption alignleft\"><a href=\"https:\/\/novice.si\/page\/wp-content\/uploads\/2022\/12\/Vokal-bk-1-1143-foto-nik-skerbis.jpeg\" data-gallery><img loading=\"lazy\" decoding=\"async\" src=\"https:\/\/novice.si\/page\/wp-content\/uploads\/2022\/12\/Vokal-bk-1-1143-foto-nik-skerbis-300x200.jpeg\" alt=\"Foto: Nik Skerbi\u0161\" width=\"300\" height=\"200\" class=\"size-medium wp-image-157809\" srcset=\"https:\/\/novice.si\/page\/wp-content\/uploads\/2022\/12\/Vokal-bk-1-1143-foto-nik-skerbis-300x200.jpeg 300w, https:\/\/novice.si\/page\/wp-content\/uploads\/2022\/12\/Vokal-bk-1-1143-foto-nik-skerbis-1024x682.jpeg 1024w, https:\/\/novice.si\/page\/wp-content\/uploads\/2022\/12\/Vokal-bk-1-1143-foto-nik-skerbis-768x512.jpeg 768w, https:\/\/novice.si\/page\/wp-content\/uploads\/2022\/12\/Vokal-bk-1-1143-foto-nik-skerbis-1536x1023.jpeg 1536w, https:\/\/novice.si\/page\/wp-content\/uploads\/2022\/12\/Vokal-bk-1-1143-foto-nik-skerbis-696x464.jpeg 696w, https:\/\/novice.si\/page\/wp-content\/uploads\/2022\/12\/Vokal-bk-1-1143-foto-nik-skerbis-1068x711.jpeg 1068w, https:\/\/novice.si\/page\/wp-content\/uploads\/2022\/12\/Vokal-bk-1-1143-foto-nik-skerbis-631x420.jpeg 631w, https:\/\/novice.si\/page\/wp-content\/uploads\/2022\/12\/Vokal-bk-1-1143-foto-nik-skerbis-24x16.jpeg 24w, https:\/\/novice.si\/page\/wp-content\/uploads\/2022\/12\/Vokal-bk-1-1143-foto-nik-skerbis-36x24.jpeg 36w, https:\/\/novice.si\/page\/wp-content\/uploads\/2022\/12\/Vokal-bk-1-1143-foto-nik-skerbis-48x32.jpeg 48w, https:\/\/novice.si\/page\/wp-content\/uploads\/2022\/12\/Vokal-bk-1-1143-foto-nik-skerbis.jpeg 1800w\" sizes=\"auto, (max-width: 300px) 100vw, 300px\" \/><\/a><figcaption id=\"caption-attachment-157809\" class=\"wp-caption-text\">Foto: Nik Skerbi\u0161<\/figcaption><\/figure>V Pravlji\u010dni de\u017eeli je minuli petek potekal prvi leto\u0161nji koncert v organizaciji Zavoda Celeia Celje. Ob spremljavi zasedbe BK STUDIO4 so nastopile odli\u010dne vokalistke Ana Ferme, Amadea Begovi\u0107 in Anabel, ki so s svojimi bo\u017eajo\u010dimi glasovi obiskovalce Pravlji\u010dne de\u017eele popeljale v prazni\u010dni december. Foto: Nik Skerbi\u0161<br \/>\n\r\n                <style type=\"text\/css\">\r\n                    \r\n                    #tdi_1  .td-doubleSlider-2 .td-item1 {\r\n                        background: url(https:\/\/novice.si\/page\/wp-content\/uploads\/2022\/12\/Vokal-bk-3-1143-foto-nik-skerbis-80x60.jpeg) 0 0 no-repeat;\r\n                    }\r\n                    #tdi_1  .td-doubleSlider-2 .td-item2 {\r\n                        background: url(https:\/\/novice.si\/page\/wp-content\/uploads\/2022\/12\/Vokal-bk-2-1143-foto-nik-skerbis-80x60.jpeg) 0 0 no-repeat;\r\n                    }\r\n                    #tdi_1  .td-doubleSlider-2 .td-item3 {\r\n                        background: url(https:\/\/novice.si\/page\/wp-content\/uploads\/2022\/12\/Vokal-bk-1-1143-foto-nik-skerbis-80x60.jpeg) 0 0 no-repeat;\r\n                    }\r\n                <\/style>\r\n\r\n                <div id=\"tdi_1\" class=\"td-gallery td-slide-on-2-columns\">\r\n                    <div class=\"post_td_gallery\">\r\n                        <div class=\"td-gallery-slide-top\">\r\n                           <div class=\"td-gallery-title\"><\/div>\r\n\r\n                            <div class=\"td-gallery-controls-wrapper\">\r\n                                <div class=\"td-gallery-slide-count\"><span class=\"td-gallery-slide-item-focus\">1<\/span> od 3<\/div>\r\n                                <div class=\"td-gallery-slide-prev-next-but\">\r\n                                    <i class = \"td-icon-left doubleSliderPrevButton\"><\/i>\r\n                                    <i class = \"td-icon-right doubleSliderNextButton\"><\/i>\r\n                                <\/div>\r\n                            <\/div>\r\n                        <\/div>\r\n\r\n                        <div class = \"td-doubleSlider-1 \">\r\n                            <div class = \"td-slider\">\r\n                                \r\n                    <div class = \"td-slide-item td-item1\">\r\n                        <figure class=\"td-slide-galery-figure td-slide-popup-gallery\">\r\n                            <a class=\"slide-gallery-image-link\" href=\"https:\/\/novice.si\/page\/wp-content\/uploads\/2022\/12\/Vokal-bk-3-1143-foto-nik-skerbis.jpeg\" title=\"Vokal bk 3 1143 foto nik skerbis\"  data-caption=\"\"  data-description=\"\" data-gallery>\r\n                                <img decoding=\"async\" src=\"https:\/\/novice.si\/page\/wp-content\/uploads\/2022\/12\/Vokal-bk-3-1143-foto-nik-skerbis-631x420.jpeg\" srcset=\"https:\/\/novice.si\/page\/wp-content\/uploads\/2022\/12\/Vokal-bk-3-1143-foto-nik-skerbis-631x420.jpeg 631w, https:\/\/novice.si\/page\/wp-content\/uploads\/2022\/12\/Vokal-bk-3-1143-foto-nik-skerbis-300x200.jpeg 300w, https:\/\/novice.si\/page\/wp-content\/uploads\/2022\/12\/Vokal-bk-3-1143-foto-nik-skerbis-1024x682.jpeg 1024w, https:\/\/novice.si\/page\/wp-content\/uploads\/2022\/12\/Vokal-bk-3-1143-foto-nik-skerbis-768x512.jpeg 768w, https:\/\/novice.si\/page\/wp-content\/uploads\/2022\/12\/Vokal-bk-3-1143-foto-nik-skerbis-1536x1023.jpeg 1536w, https:\/\/novice.si\/page\/wp-content\/uploads\/2022\/12\/Vokal-bk-3-1143-foto-nik-skerbis-696x464.jpeg 696w, https:\/\/novice.si\/page\/wp-content\/uploads\/2022\/12\/Vokal-bk-3-1143-foto-nik-skerbis-1068x711.jpeg 1068w, https:\/\/novice.si\/page\/wp-content\/uploads\/2022\/12\/Vokal-bk-3-1143-foto-nik-skerbis-24x16.jpeg 24w, https:\/\/novice.si\/page\/wp-content\/uploads\/2022\/12\/Vokal-bk-3-1143-foto-nik-skerbis-36x24.jpeg 36w, https:\/\/novice.si\/page\/wp-content\/uploads\/2022\/12\/Vokal-bk-3-1143-foto-nik-skerbis-48x32.jpeg 48w, https:\/\/novice.si\/page\/wp-content\/uploads\/2022\/12\/Vokal-bk-3-1143-foto-nik-skerbis.jpeg 1800w\" sizes=\"(max-width: 631px) 100vw, 631px\" alt=\"\">\r\n                            <\/a>\r\n                            \r\n                        <\/figure>\r\n                    <\/div>\r\n                    <div class = \"td-slide-item td-item2\">\r\n                        <figure class=\"td-slide-galery-figure td-slide-popup-gallery\">\r\n                            <a class=\"slide-gallery-image-link\" href=\"https:\/\/novice.si\/page\/wp-content\/uploads\/2022\/12\/Vokal-bk-2-1143-foto-nik-skerbis.jpeg\" title=\"Vokal bk 2 1143 foto nik skerbis\"  data-caption=\"\"  data-description=\"\" data-gallery>\r\n                                <img decoding=\"async\" src=\"https:\/\/novice.si\/page\/wp-content\/uploads\/2022\/12\/Vokal-bk-2-1143-foto-nik-skerbis-631x420.jpeg\" srcset=\"https:\/\/novice.si\/page\/wp-content\/uploads\/2022\/12\/Vokal-bk-2-1143-foto-nik-skerbis-631x420.jpeg 631w, https:\/\/novice.si\/page\/wp-content\/uploads\/2022\/12\/Vokal-bk-2-1143-foto-nik-skerbis-300x200.jpeg 300w, https:\/\/novice.si\/page\/wp-content\/uploads\/2022\/12\/Vokal-bk-2-1143-foto-nik-skerbis-1024x682.jpeg 1024w, https:\/\/novice.si\/page\/wp-content\/uploads\/2022\/12\/Vokal-bk-2-1143-foto-nik-skerbis-768x512.jpeg 768w, https:\/\/novice.si\/page\/wp-content\/uploads\/2022\/12\/Vokal-bk-2-1143-foto-nik-skerbis-1536x1023.jpeg 1536w, https:\/\/novice.si\/page\/wp-content\/uploads\/2022\/12\/Vokal-bk-2-1143-foto-nik-skerbis-696x464.jpeg 696w, https:\/\/novice.si\/page\/wp-content\/uploads\/2022\/12\/Vokal-bk-2-1143-foto-nik-skerbis-1068x711.jpeg 1068w, https:\/\/novice.si\/page\/wp-content\/uploads\/2022\/12\/Vokal-bk-2-1143-foto-nik-skerbis-24x16.jpeg 24w, https:\/\/novice.si\/page\/wp-content\/uploads\/2022\/12\/Vokal-bk-2-1143-foto-nik-skerbis-36x24.jpeg 36w, https:\/\/novice.si\/page\/wp-content\/uploads\/2022\/12\/Vokal-bk-2-1143-foto-nik-skerbis-48x32.jpeg 48w, https:\/\/novice.si\/page\/wp-content\/uploads\/2022\/12\/Vokal-bk-2-1143-foto-nik-skerbis.jpeg 1800w\" sizes=\"(max-width: 631px) 100vw, 631px\" alt=\"\">\r\n                            <\/a>\r\n                            \r\n                        <\/figure>\r\n                    <\/div>\r\n                    <div class = \"td-slide-item td-item3\">\r\n                        <figure class=\"td-slide-galery-figure td-slide-popup-gallery\">\r\n                            <a class=\"slide-gallery-image-link\" href=\"https:\/\/novice.si\/page\/wp-content\/uploads\/2022\/12\/Vokal-bk-1-1143-foto-nik-skerbis.jpeg\" title=\"Vokal bk 1 1143 foto nik skerbis\"  data-caption=\"Foto: Nik Skerbi\u0161\"  data-description=\"\" data-gallery>\r\n                                <img decoding=\"async\" src=\"https:\/\/novice.si\/page\/wp-content\/uploads\/2022\/12\/Vokal-bk-1-1143-foto-nik-skerbis-631x420.jpeg\" srcset=\"https:\/\/novice.si\/page\/wp-content\/uploads\/2022\/12\/Vokal-bk-1-1143-foto-nik-skerbis-631x420.jpeg 631w, https:\/\/novice.si\/page\/wp-content\/uploads\/2022\/12\/Vokal-bk-1-1143-foto-nik-skerbis-300x200.jpeg 300w, https:\/\/novice.si\/page\/wp-content\/uploads\/2022\/12\/Vokal-bk-1-1143-foto-nik-skerbis-1024x682.jpeg 1024w, https:\/\/novice.si\/page\/wp-content\/uploads\/2022\/12\/Vokal-bk-1-1143-foto-nik-skerbis-768x512.jpeg 768w, https:\/\/novice.si\/page\/wp-content\/uploads\/2022\/12\/Vokal-bk-1-1143-foto-nik-skerbis-1536x1023.jpeg 1536w, https:\/\/novice.si\/page\/wp-content\/uploads\/2022\/12\/Vokal-bk-1-1143-foto-nik-skerbis-696x464.jpeg 696w, https:\/\/novice.si\/page\/wp-content\/uploads\/2022\/12\/Vokal-bk-1-1143-foto-nik-skerbis-1068x711.jpeg 1068w, https:\/\/novice.si\/page\/wp-content\/uploads\/2022\/12\/Vokal-bk-1-1143-foto-nik-skerbis-24x16.jpeg 24w, https:\/\/novice.si\/page\/wp-content\/uploads\/2022\/12\/Vokal-bk-1-1143-foto-nik-skerbis-36x24.jpeg 36w, https:\/\/novice.si\/page\/wp-content\/uploads\/2022\/12\/Vokal-bk-1-1143-foto-nik-skerbis-48x32.jpeg 48w, https:\/\/novice.si\/page\/wp-content\/uploads\/2022\/12\/Vokal-bk-1-1143-foto-nik-skerbis.jpeg 1800w\" sizes=\"(max-width: 631px) 100vw, 631px\" alt=\"Foto: Nik Skerbi&scaron;\">\r\n                            <\/a>\r\n                            <figcaption class = \"td-slide-caption td-gallery-slide-content\"><div class = \"td-gallery-slide-copywrite\">Foto: Nik Skerbi\u0161<\/div><\/figcaption>\r\n                        <\/figure>\r\n                    <\/div>\r\n                            <\/div>\r\n                        <\/div>\r\n\r\n                        <div class = \"td-doubleSlider-2\">\r\n                            <div class = \"td-slider\">\r\n                                \r\n                    <div class = \"td-button td-item1\">\r\n                        <div class = \"td-border\"><\/div>\r\n                    <\/div>\r\n                    <div class = \"td-button td-item2\">\r\n                        <div class = \"td-border\"><\/div>\r\n                    <\/div>\r\n                    <div class = \"td-button td-item3\">\r\n                        <div class = \"td-border\"><\/div>\r\n                    <\/div>\r\n                            <\/div>\r\n                        <\/div>\r\n\r\n                    <\/div>\r\n\r\n                <\/div>\r\n                <\/p>\n","protected":false},"excerpt":{"rendered":"<p>V Pravlji\u010dni de\u017eeli je minuli petek potekal prvi leto\u0161nji koncert v organizaciji Zavoda Celeia Celje. Ob spremljavi zasedbe BK STUDIO4 so nastopile odli\u010dne vokalistke Ana Ferme, Amadea Begovi\u0107 in Anabel, ki so s svojimi bo\u017eajo\u010dimi glasovi obiskovalce Pravlji\u010dne de\u017eele popeljale v prazni\u010dni december. Foto: Nik Skerbi\u0161<\/p>\n","protected":false},"author":10,"featured_media":157811,"comment_status":"closed","ping_status":"closed","sticky":false,"template":"","format":"standard","meta":{"footnotes":""},"categories":[14,142,17,15],"tags":[16592,6988,4894,16590,16591,6965,16593,539],"class_list":{"0":"post-157808","1":"post","2":"type-post","3":"status-publish","4":"format-standard","5":"has-post-thumbnail","7":"category-aktualno","8":"category-celjan","9":"category-celjsko","10":"category-druzabno","11":"tag-amadea-begovic","12":"tag-ana-ferme","13":"tag-anabel","14":"tag-bk-studio","15":"tag-bk-studio4","16":"tag-pravljicna-dezela","17":"tag-pravljicna-dezela-celje","18":"tag-zavod-celeia-celje"},"yoast_head":"<!-- This site is optimized with the Yoast SEO plugin v27.4 - https:\/\/yoast.com\/product\/yoast-seo-wordpress\/ -->\n<title>Vocal BK studio v Pravlji\u010dni de\u017eeli - Novice.si<\/title>\n<meta name=\"robots\" content=\"index, follow, max-snippet:-1, max-image-preview:large, max-video-preview:-1\" \/>\n<link rel=\"canonical\" href=\"https:\/\/novice.si\/page\/vocal-bk-studio-v-pravljicni-dezeli\/\" \/>\n<meta property=\"og:locale\" content=\"sl_SI\" \/>\n<meta property=\"og:type\" content=\"article\" \/>\n<meta property=\"og:title\" content=\"Vocal BK studio v Pravlji\u010dni de\u017eeli - Novice.si\" \/>\n<meta property=\"og:description\" content=\"V Pravlji\u010dni de\u017eeli je minuli petek potekal prvi leto\u0161nji koncert v organizaciji Zavoda Celeia Celje. Ob spremljavi zasedbe BK STUDIO4 so nastopile odli\u010dne vokalistke Ana Ferme, Amadea Begovi\u0107 in Anabel, ki so s svojimi bo\u017eajo\u010dimi glasovi obiskovalce Pravlji\u010dne de\u017eele popeljale v prazni\u010dni december. Foto: Nik Skerbi\u0161\" \/>\n<meta property=\"og:url\" content=\"https:\/\/novice.si\/page\/vocal-bk-studio-v-pravljicni-dezeli\/\" \/>\n<meta property=\"og:site_name\" content=\"Novice.si\" \/>\n<meta property=\"article:published_time\" content=\"2022-12-14T04:10:29+00:00\" \/>\n<meta property=\"og:image\" content=\"https:\/\/novice.si\/page\/wp-content\/uploads\/2022\/12\/Vokal-bk-3-1143-foto-nik-skerbis.jpeg\" \/>\n\t<meta property=\"og:image:width\" content=\"1800\" \/>\n\t<meta property=\"og:image:height\" content=\"1199\" \/>\n\t<meta property=\"og:image:type\" content=\"image\/jpeg\" \/>\n<meta name=\"author\" content=\"Iztok Krajnc\" \/>\n<meta name=\"twitter:card\" content=\"summary_large_image\" \/>\n<meta name=\"twitter:label1\" content=\"Written by\" \/>\n\t<meta name=\"twitter:data1\" content=\"Iztok Krajnc\" \/>\n\t<meta name=\"twitter:label2\" content=\"Est. reading time\" \/>\n\t<meta name=\"twitter:data2\" content=\"1 minuta\" \/>\n<script type=\"application\/ld+json\" class=\"yoast-schema-graph\">{\"@context\":\"https:\\\/\\\/schema.org\",\"@graph\":[{\"@type\":\"Article\",\"@id\":\"https:\\\/\\\/novice.si\\\/page\\\/vocal-bk-studio-v-pravljicni-dezeli\\\/#article\",\"isPartOf\":{\"@id\":\"https:\\\/\\\/novice.si\\\/page\\\/vocal-bk-studio-v-pravljicni-dezeli\\\/\"},\"author\":{\"name\":\"Iztok Krajnc\",\"@id\":\"https:\\\/\\\/novice.si\\\/page\\\/#\\\/schema\\\/person\\\/92fda8564875f655675c886e4df22216\"},\"headline\":\"Vocal BK studio v Pravlji\u010dni de\u017eeli\",\"datePublished\":\"2022-12-14T04:10:29+00:00\",\"mainEntityOfPage\":{\"@id\":\"https:\\\/\\\/novice.si\\\/page\\\/vocal-bk-studio-v-pravljicni-dezeli\\\/\"},\"wordCount\":80,\"publisher\":{\"@id\":\"https:\\\/\\\/novice.si\\\/page\\\/#organization\"},\"image\":{\"@id\":\"https:\\\/\\\/novice.si\\\/page\\\/vocal-bk-studio-v-pravljicni-dezeli\\\/#primaryimage\"},\"thumbnailUrl\":\"https:\\\/\\\/novice.si\\\/page\\\/wp-content\\\/uploads\\\/2022\\\/12\\\/Vokal-bk-3-1143-foto-nik-skerbis.jpeg\",\"keywords\":[\"amadea begovi\u0107\",\"Ana Ferme\",\"Anabel\",\"BK studio\",\"BK studio4\",\"Pravlji\u010dna de\u017eela\",\"pravlji\u010dna de\u017eela celje\",\"Zavod Celeia Celje\"],\"articleSection\":[\"Aktualno\",\"Celjan\",\"Celjsko\",\"Dru\u017eabno\"],\"inLanguage\":\"sl-SI\"},{\"@type\":\"WebPage\",\"@id\":\"https:\\\/\\\/novice.si\\\/page\\\/vocal-bk-studio-v-pravljicni-dezeli\\\/\",\"url\":\"https:\\\/\\\/novice.si\\\/page\\\/vocal-bk-studio-v-pravljicni-dezeli\\\/\",\"name\":\"Vocal BK studio v Pravlji\u010dni de\u017eeli - Novice.si\",\"isPartOf\":{\"@id\":\"https:\\\/\\\/novice.si\\\/page\\\/#website\"},\"primaryImageOfPage\":{\"@id\":\"https:\\\/\\\/novice.si\\\/page\\\/vocal-bk-studio-v-pravljicni-dezeli\\\/#primaryimage\"},\"image\":{\"@id\":\"https:\\\/\\\/novice.si\\\/page\\\/vocal-bk-studio-v-pravljicni-dezeli\\\/#primaryimage\"},\"thumbnailUrl\":\"https:\\\/\\\/novice.si\\\/page\\\/wp-content\\\/uploads\\\/2022\\\/12\\\/Vokal-bk-3-1143-foto-nik-skerbis.jpeg\",\"datePublished\":\"2022-12-14T04:10:29+00:00\",\"breadcrumb\":{\"@id\":\"https:\\\/\\\/novice.si\\\/page\\\/vocal-bk-studio-v-pravljicni-dezeli\\\/#breadcrumb\"},\"inLanguage\":\"sl-SI\",\"potentialAction\":[{\"@type\":\"ReadAction\",\"target\":[\"https:\\\/\\\/novice.si\\\/page\\\/vocal-bk-studio-v-pravljicni-dezeli\\\/\"]}]},{\"@type\":\"ImageObject\",\"inLanguage\":\"sl-SI\",\"@id\":\"https:\\\/\\\/novice.si\\\/page\\\/vocal-bk-studio-v-pravljicni-dezeli\\\/#primaryimage\",\"url\":\"https:\\\/\\\/novice.si\\\/page\\\/wp-content\\\/uploads\\\/2022\\\/12\\\/Vokal-bk-3-1143-foto-nik-skerbis.jpeg\",\"contentUrl\":\"https:\\\/\\\/novice.si\\\/page\\\/wp-content\\\/uploads\\\/2022\\\/12\\\/Vokal-bk-3-1143-foto-nik-skerbis.jpeg\",\"width\":1800,\"height\":1199},{\"@type\":\"BreadcrumbList\",\"@id\":\"https:\\\/\\\/novice.si\\\/page\\\/vocal-bk-studio-v-pravljicni-dezeli\\\/#breadcrumb\",\"itemListElement\":[{\"@type\":\"ListItem\",\"position\":1,\"name\":\"Home\",\"item\":\"https:\\\/\\\/novice.si\\\/page\\\/\"},{\"@type\":\"ListItem\",\"position\":2,\"name\":\"Vocal BK studio v Pravlji\u010dni de\u017eeli\"}]},{\"@type\":\"WebSite\",\"@id\":\"https:\\\/\\\/novice.si\\\/page\\\/#website\",\"url\":\"https:\\\/\\\/novice.si\\\/page\\\/\",\"name\":\"Novice.si\",\"description\":\"\",\"publisher\":{\"@id\":\"https:\\\/\\\/novice.si\\\/page\\\/#organization\"},\"potentialAction\":[{\"@type\":\"SearchAction\",\"target\":{\"@type\":\"EntryPoint\",\"urlTemplate\":\"https:\\\/\\\/novice.si\\\/page\\\/?s={search_term_string}\"},\"query-input\":{\"@type\":\"PropertyValueSpecification\",\"valueRequired\":true,\"valueName\":\"search_term_string\"}}],\"inLanguage\":\"sl-SI\"},{\"@type\":\"Organization\",\"@id\":\"https:\\\/\\\/novice.si\\\/page\\\/#organization\",\"name\":\"Novice.si\",\"url\":\"https:\\\/\\\/novice.si\\\/page\\\/\",\"logo\":{\"@type\":\"ImageObject\",\"inLanguage\":\"sl-SI\",\"@id\":\"https:\\\/\\\/novice.si\\\/page\\\/#\\\/schema\\\/logo\\\/image\\\/\",\"url\":\"https:\\\/\\\/novice.si\\\/page\\\/wp-content\\\/uploads\\\/2023\\\/03\\\/novice_si.png\",\"contentUrl\":\"https:\\\/\\\/novice.si\\\/page\\\/wp-content\\\/uploads\\\/2023\\\/03\\\/novice_si.png\",\"width\":576,\"height\":200,\"caption\":\"Novice.si\"},\"image\":{\"@id\":\"https:\\\/\\\/novice.si\\\/page\\\/#\\\/schema\\\/logo\\\/image\\\/\"}},{\"@type\":\"Person\",\"@id\":\"https:\\\/\\\/novice.si\\\/page\\\/#\\\/schema\\\/person\\\/92fda8564875f655675c886e4df22216\",\"name\":\"Iztok Krajnc\",\"image\":{\"@type\":\"ImageObject\",\"inLanguage\":\"sl-SI\",\"@id\":\"https:\\\/\\\/secure.gravatar.com\\\/avatar\\\/2790ff125f883a5a9cb934a574322d28ea850f8f4494d77b487c1950e0096015?s=96&d=mm&r=g\",\"url\":\"https:\\\/\\\/secure.gravatar.com\\\/avatar\\\/2790ff125f883a5a9cb934a574322d28ea850f8f4494d77b487c1950e0096015?s=96&d=mm&r=g\",\"contentUrl\":\"https:\\\/\\\/secure.gravatar.com\\\/avatar\\\/2790ff125f883a5a9cb934a574322d28ea850f8f4494d77b487c1950e0096015?s=96&d=mm&r=g\",\"caption\":\"Iztok Krajnc\"},\"url\":\"https:\\\/\\\/novice.si\\\/page\\\/author\\\/iztok\\\/\"}]}<\/script>\n<!-- \/ Yoast SEO plugin. -->","yoast_head_json":{"title":"Vocal BK studio v Pravlji\u010dni de\u017eeli - Novice.si","robots":{"index":"index","follow":"follow","max-snippet":"max-snippet:-1","max-image-preview":"max-image-preview:large","max-video-preview":"max-video-preview:-1"},"canonical":"https:\/\/novice.si\/page\/vocal-bk-studio-v-pravljicni-dezeli\/","og_locale":"sl_SI","og_type":"article","og_title":"Vocal BK studio v Pravlji\u010dni de\u017eeli - Novice.si","og_description":"V Pravlji\u010dni de\u017eeli je minuli petek potekal prvi leto\u0161nji koncert v organizaciji Zavoda Celeia Celje. Ob spremljavi zasedbe BK STUDIO4 so nastopile odli\u010dne vokalistke Ana Ferme, Amadea Begovi\u0107 in Anabel, ki so s svojimi bo\u017eajo\u010dimi glasovi obiskovalce Pravlji\u010dne de\u017eele popeljale v prazni\u010dni december. Foto: Nik Skerbi\u0161","og_url":"https:\/\/novice.si\/page\/vocal-bk-studio-v-pravljicni-dezeli\/","og_site_name":"Novice.si","article_published_time":"2022-12-14T04:10:29+00:00","og_image":[{"width":1800,"height":1199,"url":"https:\/\/novice.si\/page\/wp-content\/uploads\/2022\/12\/Vokal-bk-3-1143-foto-nik-skerbis.jpeg","type":"image\/jpeg"}],"author":"Iztok Krajnc","twitter_card":"summary_large_image","twitter_misc":{"Written by":"Iztok Krajnc","Est. reading time":"1 minuta"},"schema":{"@context":"https:\/\/schema.org","@graph":[{"@type":"Article","@id":"https:\/\/novice.si\/page\/vocal-bk-studio-v-pravljicni-dezeli\/#article","isPartOf":{"@id":"https:\/\/novice.si\/page\/vocal-bk-studio-v-pravljicni-dezeli\/"},"author":{"name":"Iztok Krajnc","@id":"https:\/\/novice.si\/page\/#\/schema\/person\/92fda8564875f655675c886e4df22216"},"headline":"Vocal BK studio v Pravlji\u010dni de\u017eeli","datePublished":"2022-12-14T04:10:29+00:00","mainEntityOfPage":{"@id":"https:\/\/novice.si\/page\/vocal-bk-studio-v-pravljicni-dezeli\/"},"wordCount":80,"publisher":{"@id":"https:\/\/novice.si\/page\/#organization"},"image":{"@id":"https:\/\/novice.si\/page\/vocal-bk-studio-v-pravljicni-dezeli\/#primaryimage"},"thumbnailUrl":"https:\/\/novice.si\/page\/wp-content\/uploads\/2022\/12\/Vokal-bk-3-1143-foto-nik-skerbis.jpeg","keywords":["amadea begovi\u0107","Ana Ferme","Anabel","BK studio","BK studio4","Pravlji\u010dna de\u017eela","pravlji\u010dna de\u017eela celje","Zavod Celeia Celje"],"articleSection":["Aktualno","Celjan","Celjsko","Dru\u017eabno"],"inLanguage":"sl-SI"},{"@type":"WebPage","@id":"https:\/\/novice.si\/page\/vocal-bk-studio-v-pravljicni-dezeli\/","url":"https:\/\/novice.si\/page\/vocal-bk-studio-v-pravljicni-dezeli\/","name":"Vocal BK studio v Pravlji\u010dni de\u017eeli - Novice.si","isPartOf":{"@id":"https:\/\/novice.si\/page\/#website"},"primaryImageOfPage":{"@id":"https:\/\/novice.si\/page\/vocal-bk-studio-v-pravljicni-dezeli\/#primaryimage"},"image":{"@id":"https:\/\/novice.si\/page\/vocal-bk-studio-v-pravljicni-dezeli\/#primaryimage"},"thumbnailUrl":"https:\/\/novice.si\/page\/wp-content\/uploads\/2022\/12\/Vokal-bk-3-1143-foto-nik-skerbis.jpeg","datePublished":"2022-12-14T04:10:29+00:00","breadcrumb":{"@id":"https:\/\/novice.si\/page\/vocal-bk-studio-v-pravljicni-dezeli\/#breadcrumb"},"inLanguage":"sl-SI","potentialAction":[{"@type":"ReadAction","target":["https:\/\/novice.si\/page\/vocal-bk-studio-v-pravljicni-dezeli\/"]}]},{"@type":"ImageObject","inLanguage":"sl-SI","@id":"https:\/\/novice.si\/page\/vocal-bk-studio-v-pravljicni-dezeli\/#primaryimage","url":"https:\/\/novice.si\/page\/wp-content\/uploads\/2022\/12\/Vokal-bk-3-1143-foto-nik-skerbis.jpeg","contentUrl":"https:\/\/novice.si\/page\/wp-content\/uploads\/2022\/12\/Vokal-bk-3-1143-foto-nik-skerbis.jpeg","width":1800,"height":1199},{"@type":"BreadcrumbList","@id":"https:\/\/novice.si\/page\/vocal-bk-studio-v-pravljicni-dezeli\/#breadcrumb","itemListElement":[{"@type":"ListItem","position":1,"name":"Home","item":"https:\/\/novice.si\/page\/"},{"@type":"ListItem","position":2,"name":"Vocal BK studio v Pravlji\u010dni de\u017eeli"}]},{"@type":"WebSite","@id":"https:\/\/novice.si\/page\/#website","url":"https:\/\/novice.si\/page\/","name":"Novice.si","description":"","publisher":{"@id":"https:\/\/novice.si\/page\/#organization"},"potentialAction":[{"@type":"SearchAction","target":{"@type":"EntryPoint","urlTemplate":"https:\/\/novice.si\/page\/?s={search_term_string}"},"query-input":{"@type":"PropertyValueSpecification","valueRequired":true,"valueName":"search_term_string"}}],"inLanguage":"sl-SI"},{"@type":"Organization","@id":"https:\/\/novice.si\/page\/#organization","name":"Novice.si","url":"https:\/\/novice.si\/page\/","logo":{"@type":"ImageObject","inLanguage":"sl-SI","@id":"https:\/\/novice.si\/page\/#\/schema\/logo\/image\/","url":"https:\/\/novice.si\/page\/wp-content\/uploads\/2023\/03\/novice_si.png","contentUrl":"https:\/\/novice.si\/page\/wp-content\/uploads\/2023\/03\/novice_si.png","width":576,"height":200,"caption":"Novice.si"},"image":{"@id":"https:\/\/novice.si\/page\/#\/schema\/logo\/image\/"}},{"@type":"Person","@id":"https:\/\/novice.si\/page\/#\/schema\/person\/92fda8564875f655675c886e4df22216","name":"Iztok Krajnc","image":{"@type":"ImageObject","inLanguage":"sl-SI","@id":"https:\/\/secure.gravatar.com\/avatar\/2790ff125f883a5a9cb934a574322d28ea850f8f4494d77b487c1950e0096015?s=96&d=mm&r=g","url":"https:\/\/secure.gravatar.com\/avatar\/2790ff125f883a5a9cb934a574322d28ea850f8f4494d77b487c1950e0096015?s=96&d=mm&r=g","contentUrl":"https:\/\/secure.gravatar.com\/avatar\/2790ff125f883a5a9cb934a574322d28ea850f8f4494d77b487c1950e0096015?s=96&d=mm&r=g","caption":"Iztok Krajnc"},"url":"https:\/\/novice.si\/page\/author\/iztok\/"}]}},"_links":{"self":[{"href":"https:\/\/novice.si\/page\/wp-json\/wp\/v2\/posts\/157808","targetHints":{"allow":["GET"]}}],"collection":[{"href":"https:\/\/novice.si\/page\/wp-json\/wp\/v2\/posts"}],"about":[{"href":"https:\/\/novice.si\/page\/wp-json\/wp\/v2\/types\/post"}],"author":[{"embeddable":true,"href":"https:\/\/novice.si\/page\/wp-json\/wp\/v2\/users\/10"}],"replies":[{"embeddable":true,"href":"https:\/\/novice.si\/page\/wp-json\/wp\/v2\/comments?post=157808"}],"version-history":[{"count":5,"href":"https:\/\/novice.si\/page\/wp-json\/wp\/v2\/posts\/157808\/revisions"}],"predecessor-version":[{"id":157816,"href":"https:\/\/novice.si\/page\/wp-json\/wp\/v2\/posts\/157808\/revisions\/157816"}],"wp:featuredmedia":[{"embeddable":true,"href":"https:\/\/novice.si\/page\/wp-json\/wp\/v2\/media\/157811"}],"wp:attachment":[{"href":"https:\/\/novice.si\/page\/wp-json\/wp\/v2\/media?parent=157808"}],"wp:term":[{"taxonomy":"category","embeddable":true,"href":"https:\/\/novice.si\/page\/wp-json\/wp\/v2\/categories?post=157808"},{"taxonomy":"post_tag","embeddable":true,"href":"https:\/\/novice.si\/page\/wp-json\/wp\/v2\/tags?post=157808"}],"curies":[{"name":"wp","href":"https:\/\/api.w.org\/{rel}","templated":true}]}}