{"id":157805,"date":"2022-12-13T05:07:59","date_gmt":"2022-12-13T04:07:59","guid":{"rendered":"https:\/\/novice.si\/page\/?p=157805"},"modified":"2022-12-13T10:00:46","modified_gmt":"2022-12-13T09:00:46","slug":"pedagogi-glasbene-sole-celje-v-narodnem-domu","status":"publish","type":"post","link":"https:\/\/novice.si\/page\/pedagogi-glasbene-sole-celje-v-narodnem-domu\/","title":{"rendered":"Pedagogi Glasbene \u0161ole Celje v Narodnem domu"},"content":{"rendered":"<p><a href=\"https:\/\/novice.si\/page\/wp-content\/uploads\/2022\/12\/uho-pedagogi-gs-celje-1143.jpg\" data-gallery><img loading=\"lazy\" decoding=\"async\" src=\"https:\/\/novice.si\/page\/wp-content\/uploads\/2022\/12\/uho-pedagogi-gs-celje-1143-300x199.jpg\" alt=\"\" width=\"300\" height=\"199\" class=\"alignleft size-medium wp-image-157806\" srcset=\"https:\/\/novice.si\/page\/wp-content\/uploads\/2022\/12\/uho-pedagogi-gs-celje-1143-300x199.jpg 300w, https:\/\/novice.si\/page\/wp-content\/uploads\/2022\/12\/uho-pedagogi-gs-celje-1143-1024x681.jpg 1024w, https:\/\/novice.si\/page\/wp-content\/uploads\/2022\/12\/uho-pedagogi-gs-celje-1143-768x510.jpg 768w, https:\/\/novice.si\/page\/wp-content\/uploads\/2022\/12\/uho-pedagogi-gs-celje-1143-1536x1021.jpg 1536w, https:\/\/novice.si\/page\/wp-content\/uploads\/2022\/12\/uho-pedagogi-gs-celje-1143-696x463.jpg 696w, https:\/\/novice.si\/page\/wp-content\/uploads\/2022\/12\/uho-pedagogi-gs-celje-1143-1068x710.jpg 1068w, https:\/\/novice.si\/page\/wp-content\/uploads\/2022\/12\/uho-pedagogi-gs-celje-1143-632x420.jpg 632w, https:\/\/novice.si\/page\/wp-content\/uploads\/2022\/12\/uho-pedagogi-gs-celje-1143-24x16.jpg 24w, https:\/\/novice.si\/page\/wp-content\/uploads\/2022\/12\/uho-pedagogi-gs-celje-1143-36x24.jpg 36w, https:\/\/novice.si\/page\/wp-content\/uploads\/2022\/12\/uho-pedagogi-gs-celje-1143-48x32.jpg 48w, https:\/\/novice.si\/page\/wp-content\/uploads\/2022\/12\/uho-pedagogi-gs-celje-1143.jpg 1646w\" sizes=\"auto, (max-width: 300px) 100vw, 300px\" \/><\/a>S tradicionalnim koncertom pedagogov na predzadnji novembrski ve\u010der so odprli serijo prazni\u010dnih koncertov Glasbene \u0161ole Celje. Kot prvi je nastopil Godalni orkester u\u010diteljev godalnega oddelka, ki so mu sledile razli\u010dne komorne zasedbe in pianist, glasbeni ve\u010der pa so, kot je to \u017ee tradicija na koncertu pedagogov, zaokro\u017eili z Orkestrom PTT, ki ga sestavljajo u\u010ditelji Glasbene \u0161ole Celje ter nekateri biv\u0161i dijaki in u\u010denci.<\/p>\n","protected":false},"excerpt":{"rendered":"<p>S tradicionalnim koncertom pedagogov na predzadnji novembrski ve\u010der so odprli serijo prazni\u010dnih koncertov Glasbene \u0161ole Celje. Kot prvi je nastopil Godalni orkester u\u010diteljev godalnega oddelka, ki so mu sledile razli\u010dne komorne zasedbe in pianist, glasbeni ve\u010der pa so, kot je to \u017ee tradicija na koncertu pedagogov, zaokro\u017eili z Orkestrom PTT, ki ga sestavljajo u\u010ditelji Glasbene [&hellip;]<\/p>\n","protected":false},"author":10,"featured_media":157806,"comment_status":"closed","ping_status":"closed","sticky":false,"template":"","format":"standard","meta":{"footnotes":""},"categories":[14,142,17],"tags":[2801,8376,2567,16586,16589,16588,16587,16585],"class_list":{"0":"post-157805","1":"post","2":"type-post","3":"status-publish","4":"format-standard","5":"has-post-thumbnail","7":"category-aktualno","8":"category-celjan","9":"category-celjsko","10":"tag-glasbena-sola-celje","11":"tag-narodni-dom","12":"tag-narodni-dom-celje","13":"tag-orkester-ptt","14":"tag-praznicni-koncert-glasbene-sole-celje","15":"tag-ptt","16":"tag-ptt-orkester","17":"tag-ucitelji-glasbene-sole"},"yoast_head":"<!-- This site is optimized with the Yoast SEO plugin v27.4 - https:\/\/yoast.com\/product\/yoast-seo-wordpress\/ -->\n<title>Pedagogi Glasbene \u0161ole Celje v Narodnem domu - Novice.si<\/title>\n<meta name=\"robots\" content=\"index, follow, max-snippet:-1, max-image-preview:large, max-video-preview:-1\" \/>\n<link rel=\"canonical\" href=\"https:\/\/novice.si\/page\/pedagogi-glasbene-sole-celje-v-narodnem-domu\/\" \/>\n<meta property=\"og:locale\" content=\"sl_SI\" \/>\n<meta property=\"og:type\" content=\"article\" \/>\n<meta property=\"og:title\" content=\"Pedagogi Glasbene \u0161ole Celje v Narodnem domu - Novice.si\" \/>\n<meta property=\"og:description\" content=\"S tradicionalnim koncertom pedagogov na predzadnji novembrski ve\u010der so odprli serijo prazni\u010dnih koncertov Glasbene \u0161ole Celje. Kot prvi je nastopil Godalni orkester u\u010diteljev godalnega oddelka, ki so mu sledile razli\u010dne komorne zasedbe in pianist, glasbeni ve\u010der pa so, kot je to \u017ee tradicija na koncertu pedagogov, zaokro\u017eili z Orkestrom PTT, ki ga sestavljajo u\u010ditelji Glasbene [&hellip;]\" \/>\n<meta property=\"og:url\" content=\"https:\/\/novice.si\/page\/pedagogi-glasbene-sole-celje-v-narodnem-domu\/\" \/>\n<meta property=\"og:site_name\" content=\"Novice.si\" \/>\n<meta property=\"article:published_time\" content=\"2022-12-13T04:07:59+00:00\" \/>\n<meta property=\"article:modified_time\" content=\"2022-12-13T09:00:46+00:00\" \/>\n<meta property=\"og:image\" content=\"https:\/\/novice.si\/page\/wp-content\/uploads\/2022\/12\/uho-pedagogi-gs-celje-1143.jpg\" \/>\n\t<meta property=\"og:image:width\" content=\"1646\" \/>\n\t<meta property=\"og:image:height\" content=\"1094\" \/>\n\t<meta property=\"og:image:type\" content=\"image\/jpeg\" \/>\n<meta name=\"author\" content=\"Iztok Krajnc\" \/>\n<meta name=\"twitter:card\" content=\"summary_large_image\" \/>\n<meta name=\"twitter:label1\" content=\"Written by\" \/>\n\t<meta name=\"twitter:data1\" content=\"Iztok Krajnc\" \/>\n\t<meta name=\"twitter:label2\" content=\"Est. reading time\" \/>\n\t<meta name=\"twitter:data2\" content=\"1 minuta\" \/>\n<script type=\"application\/ld+json\" class=\"yoast-schema-graph\">{\"@context\":\"https:\\\/\\\/schema.org\",\"@graph\":[{\"@type\":\"Article\",\"@id\":\"https:\\\/\\\/novice.si\\\/page\\\/pedagogi-glasbene-sole-celje-v-narodnem-domu\\\/#article\",\"isPartOf\":{\"@id\":\"https:\\\/\\\/novice.si\\\/page\\\/pedagogi-glasbene-sole-celje-v-narodnem-domu\\\/\"},\"author\":{\"name\":\"Iztok Krajnc\",\"@id\":\"https:\\\/\\\/novice.si\\\/page\\\/#\\\/schema\\\/person\\\/92fda8564875f655675c886e4df22216\"},\"headline\":\"Pedagogi Glasbene \u0161ole Celje v Narodnem domu\",\"datePublished\":\"2022-12-13T04:07:59+00:00\",\"dateModified\":\"2022-12-13T09:00:46+00:00\",\"mainEntityOfPage\":{\"@id\":\"https:\\\/\\\/novice.si\\\/page\\\/pedagogi-glasbene-sole-celje-v-narodnem-domu\\\/\"},\"wordCount\":79,\"publisher\":{\"@id\":\"https:\\\/\\\/novice.si\\\/page\\\/#organization\"},\"image\":{\"@id\":\"https:\\\/\\\/novice.si\\\/page\\\/pedagogi-glasbene-sole-celje-v-narodnem-domu\\\/#primaryimage\"},\"thumbnailUrl\":\"https:\\\/\\\/novice.si\\\/page\\\/wp-content\\\/uploads\\\/2022\\\/12\\\/uho-pedagogi-gs-celje-1143.jpg\",\"keywords\":[\"glasbena sola celje\",\"Narodni dom\",\"narodni dom celje\",\"orkester PTT\",\"prazni\u010dni koncert glasbene \u0161ole celje\",\"PTT\",\"PTT orkester\",\"u\u010ditelji glasbene \u0161ole\"],\"articleSection\":[\"Aktualno\",\"Celjan\",\"Celjsko\"],\"inLanguage\":\"sl-SI\"},{\"@type\":\"WebPage\",\"@id\":\"https:\\\/\\\/novice.si\\\/page\\\/pedagogi-glasbene-sole-celje-v-narodnem-domu\\\/\",\"url\":\"https:\\\/\\\/novice.si\\\/page\\\/pedagogi-glasbene-sole-celje-v-narodnem-domu\\\/\",\"name\":\"Pedagogi Glasbene \u0161ole Celje v Narodnem domu - Novice.si\",\"isPartOf\":{\"@id\":\"https:\\\/\\\/novice.si\\\/page\\\/#website\"},\"primaryImageOfPage\":{\"@id\":\"https:\\\/\\\/novice.si\\\/page\\\/pedagogi-glasbene-sole-celje-v-narodnem-domu\\\/#primaryimage\"},\"image\":{\"@id\":\"https:\\\/\\\/novice.si\\\/page\\\/pedagogi-glasbene-sole-celje-v-narodnem-domu\\\/#primaryimage\"},\"thumbnailUrl\":\"https:\\\/\\\/novice.si\\\/page\\\/wp-content\\\/uploads\\\/2022\\\/12\\\/uho-pedagogi-gs-celje-1143.jpg\",\"datePublished\":\"2022-12-13T04:07:59+00:00\",\"dateModified\":\"2022-12-13T09:00:46+00:00\",\"breadcrumb\":{\"@id\":\"https:\\\/\\\/novice.si\\\/page\\\/pedagogi-glasbene-sole-celje-v-narodnem-domu\\\/#breadcrumb\"},\"inLanguage\":\"sl-SI\",\"potentialAction\":[{\"@type\":\"ReadAction\",\"target\":[\"https:\\\/\\\/novice.si\\\/page\\\/pedagogi-glasbene-sole-celje-v-narodnem-domu\\\/\"]}]},{\"@type\":\"ImageObject\",\"inLanguage\":\"sl-SI\",\"@id\":\"https:\\\/\\\/novice.si\\\/page\\\/pedagogi-glasbene-sole-celje-v-narodnem-domu\\\/#primaryimage\",\"url\":\"https:\\\/\\\/novice.si\\\/page\\\/wp-content\\\/uploads\\\/2022\\\/12\\\/uho-pedagogi-gs-celje-1143.jpg\",\"contentUrl\":\"https:\\\/\\\/novice.si\\\/page\\\/wp-content\\\/uploads\\\/2022\\\/12\\\/uho-pedagogi-gs-celje-1143.jpg\",\"width\":1646,\"height\":1094},{\"@type\":\"BreadcrumbList\",\"@id\":\"https:\\\/\\\/novice.si\\\/page\\\/pedagogi-glasbene-sole-celje-v-narodnem-domu\\\/#breadcrumb\",\"itemListElement\":[{\"@type\":\"ListItem\",\"position\":1,\"name\":\"Home\",\"item\":\"https:\\\/\\\/novice.si\\\/page\\\/\"},{\"@type\":\"ListItem\",\"position\":2,\"name\":\"Pedagogi Glasbene \u0161ole Celje v Narodnem domu\"}]},{\"@type\":\"WebSite\",\"@id\":\"https:\\\/\\\/novice.si\\\/page\\\/#website\",\"url\":\"https:\\\/\\\/novice.si\\\/page\\\/\",\"name\":\"Novice.si\",\"description\":\"\",\"publisher\":{\"@id\":\"https:\\\/\\\/novice.si\\\/page\\\/#organization\"},\"potentialAction\":[{\"@type\":\"SearchAction\",\"target\":{\"@type\":\"EntryPoint\",\"urlTemplate\":\"https:\\\/\\\/novice.si\\\/page\\\/?s={search_term_string}\"},\"query-input\":{\"@type\":\"PropertyValueSpecification\",\"valueRequired\":true,\"valueName\":\"search_term_string\"}}],\"inLanguage\":\"sl-SI\"},{\"@type\":\"Organization\",\"@id\":\"https:\\\/\\\/novice.si\\\/page\\\/#organization\",\"name\":\"Novice.si\",\"url\":\"https:\\\/\\\/novice.si\\\/page\\\/\",\"logo\":{\"@type\":\"ImageObject\",\"inLanguage\":\"sl-SI\",\"@id\":\"https:\\\/\\\/novice.si\\\/page\\\/#\\\/schema\\\/logo\\\/image\\\/\",\"url\":\"https:\\\/\\\/novice.si\\\/page\\\/wp-content\\\/uploads\\\/2023\\\/03\\\/novice_si.png\",\"contentUrl\":\"https:\\\/\\\/novice.si\\\/page\\\/wp-content\\\/uploads\\\/2023\\\/03\\\/novice_si.png\",\"width\":576,\"height\":200,\"caption\":\"Novice.si\"},\"image\":{\"@id\":\"https:\\\/\\\/novice.si\\\/page\\\/#\\\/schema\\\/logo\\\/image\\\/\"}},{\"@type\":\"Person\",\"@id\":\"https:\\\/\\\/novice.si\\\/page\\\/#\\\/schema\\\/person\\\/92fda8564875f655675c886e4df22216\",\"name\":\"Iztok Krajnc\",\"image\":{\"@type\":\"ImageObject\",\"inLanguage\":\"sl-SI\",\"@id\":\"https:\\\/\\\/secure.gravatar.com\\\/avatar\\\/2790ff125f883a5a9cb934a574322d28ea850f8f4494d77b487c1950e0096015?s=96&d=mm&r=g\",\"url\":\"https:\\\/\\\/secure.gravatar.com\\\/avatar\\\/2790ff125f883a5a9cb934a574322d28ea850f8f4494d77b487c1950e0096015?s=96&d=mm&r=g\",\"contentUrl\":\"https:\\\/\\\/secure.gravatar.com\\\/avatar\\\/2790ff125f883a5a9cb934a574322d28ea850f8f4494d77b487c1950e0096015?s=96&d=mm&r=g\",\"caption\":\"Iztok Krajnc\"},\"url\":\"https:\\\/\\\/novice.si\\\/page\\\/author\\\/iztok\\\/\"}]}<\/script>\n<!-- \/ Yoast SEO plugin. -->","yoast_head_json":{"title":"Pedagogi Glasbene \u0161ole Celje v Narodnem domu - Novice.si","robots":{"index":"index","follow":"follow","max-snippet":"max-snippet:-1","max-image-preview":"max-image-preview:large","max-video-preview":"max-video-preview:-1"},"canonical":"https:\/\/novice.si\/page\/pedagogi-glasbene-sole-celje-v-narodnem-domu\/","og_locale":"sl_SI","og_type":"article","og_title":"Pedagogi Glasbene \u0161ole Celje v Narodnem domu - Novice.si","og_description":"S tradicionalnim koncertom pedagogov na predzadnji novembrski ve\u010der so odprli serijo prazni\u010dnih koncertov Glasbene \u0161ole Celje. Kot prvi je nastopil Godalni orkester u\u010diteljev godalnega oddelka, ki so mu sledile razli\u010dne komorne zasedbe in pianist, glasbeni ve\u010der pa so, kot je to \u017ee tradicija na koncertu pedagogov, zaokro\u017eili z Orkestrom PTT, ki ga sestavljajo u\u010ditelji Glasbene [&hellip;]","og_url":"https:\/\/novice.si\/page\/pedagogi-glasbene-sole-celje-v-narodnem-domu\/","og_site_name":"Novice.si","article_published_time":"2022-12-13T04:07:59+00:00","article_modified_time":"2022-12-13T09:00:46+00:00","og_image":[{"width":1646,"height":1094,"url":"https:\/\/novice.si\/page\/wp-content\/uploads\/2022\/12\/uho-pedagogi-gs-celje-1143.jpg","type":"image\/jpeg"}],"author":"Iztok Krajnc","twitter_card":"summary_large_image","twitter_misc":{"Written by":"Iztok Krajnc","Est. reading time":"1 minuta"},"schema":{"@context":"https:\/\/schema.org","@graph":[{"@type":"Article","@id":"https:\/\/novice.si\/page\/pedagogi-glasbene-sole-celje-v-narodnem-domu\/#article","isPartOf":{"@id":"https:\/\/novice.si\/page\/pedagogi-glasbene-sole-celje-v-narodnem-domu\/"},"author":{"name":"Iztok Krajnc","@id":"https:\/\/novice.si\/page\/#\/schema\/person\/92fda8564875f655675c886e4df22216"},"headline":"Pedagogi Glasbene \u0161ole Celje v Narodnem domu","datePublished":"2022-12-13T04:07:59+00:00","dateModified":"2022-12-13T09:00:46+00:00","mainEntityOfPage":{"@id":"https:\/\/novice.si\/page\/pedagogi-glasbene-sole-celje-v-narodnem-domu\/"},"wordCount":79,"publisher":{"@id":"https:\/\/novice.si\/page\/#organization"},"image":{"@id":"https:\/\/novice.si\/page\/pedagogi-glasbene-sole-celje-v-narodnem-domu\/#primaryimage"},"thumbnailUrl":"https:\/\/novice.si\/page\/wp-content\/uploads\/2022\/12\/uho-pedagogi-gs-celje-1143.jpg","keywords":["glasbena sola celje","Narodni dom","narodni dom celje","orkester PTT","prazni\u010dni koncert glasbene \u0161ole celje","PTT","PTT orkester","u\u010ditelji glasbene \u0161ole"],"articleSection":["Aktualno","Celjan","Celjsko"],"inLanguage":"sl-SI"},{"@type":"WebPage","@id":"https:\/\/novice.si\/page\/pedagogi-glasbene-sole-celje-v-narodnem-domu\/","url":"https:\/\/novice.si\/page\/pedagogi-glasbene-sole-celje-v-narodnem-domu\/","name":"Pedagogi Glasbene \u0161ole Celje v Narodnem domu - Novice.si","isPartOf":{"@id":"https:\/\/novice.si\/page\/#website"},"primaryImageOfPage":{"@id":"https:\/\/novice.si\/page\/pedagogi-glasbene-sole-celje-v-narodnem-domu\/#primaryimage"},"image":{"@id":"https:\/\/novice.si\/page\/pedagogi-glasbene-sole-celje-v-narodnem-domu\/#primaryimage"},"thumbnailUrl":"https:\/\/novice.si\/page\/wp-content\/uploads\/2022\/12\/uho-pedagogi-gs-celje-1143.jpg","datePublished":"2022-12-13T04:07:59+00:00","dateModified":"2022-12-13T09:00:46+00:00","breadcrumb":{"@id":"https:\/\/novice.si\/page\/pedagogi-glasbene-sole-celje-v-narodnem-domu\/#breadcrumb"},"inLanguage":"sl-SI","potentialAction":[{"@type":"ReadAction","target":["https:\/\/novice.si\/page\/pedagogi-glasbene-sole-celje-v-narodnem-domu\/"]}]},{"@type":"ImageObject","inLanguage":"sl-SI","@id":"https:\/\/novice.si\/page\/pedagogi-glasbene-sole-celje-v-narodnem-domu\/#primaryimage","url":"https:\/\/novice.si\/page\/wp-content\/uploads\/2022\/12\/uho-pedagogi-gs-celje-1143.jpg","contentUrl":"https:\/\/novice.si\/page\/wp-content\/uploads\/2022\/12\/uho-pedagogi-gs-celje-1143.jpg","width":1646,"height":1094},{"@type":"BreadcrumbList","@id":"https:\/\/novice.si\/page\/pedagogi-glasbene-sole-celje-v-narodnem-domu\/#breadcrumb","itemListElement":[{"@type":"ListItem","position":1,"name":"Home","item":"https:\/\/novice.si\/page\/"},{"@type":"ListItem","position":2,"name":"Pedagogi Glasbene \u0161ole Celje v Narodnem domu"}]},{"@type":"WebSite","@id":"https:\/\/novice.si\/page\/#website","url":"https:\/\/novice.si\/page\/","name":"Novice.si","description":"","publisher":{"@id":"https:\/\/novice.si\/page\/#organization"},"potentialAction":[{"@type":"SearchAction","target":{"@type":"EntryPoint","urlTemplate":"https:\/\/novice.si\/page\/?s={search_term_string}"},"query-input":{"@type":"PropertyValueSpecification","valueRequired":true,"valueName":"search_term_string"}}],"inLanguage":"sl-SI"},{"@type":"Organization","@id":"https:\/\/novice.si\/page\/#organization","name":"Novice.si","url":"https:\/\/novice.si\/page\/","logo":{"@type":"ImageObject","inLanguage":"sl-SI","@id":"https:\/\/novice.si\/page\/#\/schema\/logo\/image\/","url":"https:\/\/novice.si\/page\/wp-content\/uploads\/2023\/03\/novice_si.png","contentUrl":"https:\/\/novice.si\/page\/wp-content\/uploads\/2023\/03\/novice_si.png","width":576,"height":200,"caption":"Novice.si"},"image":{"@id":"https:\/\/novice.si\/page\/#\/schema\/logo\/image\/"}},{"@type":"Person","@id":"https:\/\/novice.si\/page\/#\/schema\/person\/92fda8564875f655675c886e4df22216","name":"Iztok Krajnc","image":{"@type":"ImageObject","inLanguage":"sl-SI","@id":"https:\/\/secure.gravatar.com\/avatar\/2790ff125f883a5a9cb934a574322d28ea850f8f4494d77b487c1950e0096015?s=96&d=mm&r=g","url":"https:\/\/secure.gravatar.com\/avatar\/2790ff125f883a5a9cb934a574322d28ea850f8f4494d77b487c1950e0096015?s=96&d=mm&r=g","contentUrl":"https:\/\/secure.gravatar.com\/avatar\/2790ff125f883a5a9cb934a574322d28ea850f8f4494d77b487c1950e0096015?s=96&d=mm&r=g","caption":"Iztok Krajnc"},"url":"https:\/\/novice.si\/page\/author\/iztok\/"}]}},"_links":{"self":[{"href":"https:\/\/novice.si\/page\/wp-json\/wp\/v2\/posts\/157805","targetHints":{"allow":["GET"]}}],"collection":[{"href":"https:\/\/novice.si\/page\/wp-json\/wp\/v2\/posts"}],"about":[{"href":"https:\/\/novice.si\/page\/wp-json\/wp\/v2\/types\/post"}],"author":[{"embeddable":true,"href":"https:\/\/novice.si\/page\/wp-json\/wp\/v2\/users\/10"}],"replies":[{"embeddable":true,"href":"https:\/\/novice.si\/page\/wp-json\/wp\/v2\/comments?post=157805"}],"version-history":[{"count":2,"href":"https:\/\/novice.si\/page\/wp-json\/wp\/v2\/posts\/157805\/revisions"}],"predecessor-version":[{"id":157885,"href":"https:\/\/novice.si\/page\/wp-json\/wp\/v2\/posts\/157805\/revisions\/157885"}],"wp:featuredmedia":[{"embeddable":true,"href":"https:\/\/novice.si\/page\/wp-json\/wp\/v2\/media\/157806"}],"wp:attachment":[{"href":"https:\/\/novice.si\/page\/wp-json\/wp\/v2\/media?parent=157805"}],"wp:term":[{"taxonomy":"category","embeddable":true,"href":"https:\/\/novice.si\/page\/wp-json\/wp\/v2\/categories?post=157805"},{"taxonomy":"post_tag","embeddable":true,"href":"https:\/\/novice.si\/page\/wp-json\/wp\/v2\/tags?post=157805"}],"curies":[{"name":"wp","href":"https:\/\/api.w.org\/{rel}","templated":true}]}}