{"id":157789,"date":"2022-12-11T21:58:04","date_gmt":"2022-12-11T20:58:04","guid":{"rendered":"https:\/\/novice.si\/page\/?p=157789"},"modified":"2022-12-11T21:58:04","modified_gmt":"2022-12-11T20:58:04","slug":"s-ponedeljkom-zacenjajo-smucarsko-sezono-na-rogli","status":"publish","type":"post","link":"https:\/\/novice.si\/page\/s-ponedeljkom-zacenjajo-smucarsko-sezono-na-rogli\/","title":{"rendered":"S ponedeljkom za\u010denjajo smu\u010darsko sezono na Rogli"},"content":{"rendered":"<p><a href=\"https:\/\/novice.si\/page\/wp-content\/uploads\/2022\/12\/Rogla_2_dec.22.jpg\" data-gallery><img loading=\"lazy\" decoding=\"async\" class=\"size-medium wp-image-157791 alignleft\" src=\"https:\/\/novice.si\/page\/wp-content\/uploads\/2022\/12\/Rogla_2_dec.22-200x300.jpg\" alt=\"\" width=\"200\" height=\"300\" srcset=\"https:\/\/novice.si\/page\/wp-content\/uploads\/2022\/12\/Rogla_2_dec.22-200x300.jpg 200w, https:\/\/novice.si\/page\/wp-content\/uploads\/2022\/12\/Rogla_2_dec.22-683x1024.jpg 683w, https:\/\/novice.si\/page\/wp-content\/uploads\/2022\/12\/Rogla_2_dec.22-768x1152.jpg 768w, https:\/\/novice.si\/page\/wp-content\/uploads\/2022\/12\/Rogla_2_dec.22-1024x1536.jpg 1024w, https:\/\/novice.si\/page\/wp-content\/uploads\/2022\/12\/Rogla_2_dec.22-696x1044.jpg 696w, https:\/\/novice.si\/page\/wp-content\/uploads\/2022\/12\/Rogla_2_dec.22-280x420.jpg 280w, https:\/\/novice.si\/page\/wp-content\/uploads\/2022\/12\/Rogla_2_dec.22-16x24.jpg 16w, https:\/\/novice.si\/page\/wp-content\/uploads\/2022\/12\/Rogla_2_dec.22-24x36.jpg 24w, https:\/\/novice.si\/page\/wp-content\/uploads\/2022\/12\/Rogla_2_dec.22-32x48.jpg 32w, https:\/\/novice.si\/page\/wp-content\/uploads\/2022\/12\/Rogla_2_dec.22.jpg 1067w\" sizes=\"auto, (max-width: 200px) 100vw, 200px\" \/><\/a>Smu\u010darska sezona se bo na Rogli za\u010dela jutri (v ponedeljek). Proge so pripravili s pomo\u010djo sne\u017enih topov, tudi petih novih, ki sodijo med najsodobnej\u0161e tovrstne naprave, s katerimi lahko zasne\u017eujejo tudi pri tako imenovanih mejnih vremenskih in temperaturnih pogojih.<br \/>\nZa za\u010detek bodo na Rogli obratovale \u0161tirisede\u017enica Planja ter vle\u010dnice Unior\u010dek, Ko\u0161uta in Jasa. Proge bodo odprte od 9. do 16. ure. Do preklica bodo veljale prilagojene cene dnevnih smu\u010darskih vozovnic, in sicer bo dnevna smu\u010darska vozovnica za odrasle 28 evrov, za otroke pa 17 evrov.<br \/>\nProge za tek na smu\u010deh bodo dnevno urejali od petka, 16. decembra. Cene teka\u0161kih kart pa bodo tak\u0161ne kot so v veljavnem ceniku \u2013 6 evrov za odrasle, za otroke je uporaba teka\u0161kih prog brezpla\u010dna. (Jure Mernik)<br \/>\nFoto arhiv Uniturja<\/p>\n","protected":false},"excerpt":{"rendered":"<p>Smu\u010darska sezona se bo na Rogli za\u010dela jutri (v ponedeljek). Proge so pripravili s pomo\u010djo sne\u017enih topov, tudi petih novih, ki sodijo med najsodobnej\u0161e tovrstne naprave, s katerimi lahko zasne\u017eujejo tudi pri tako imenovanih mejnih vremenskih in temperaturnih pogojih. Za za\u010detek bodo na Rogli obratovale \u0161tirisede\u017enica Planja ter vle\u010dnice Unior\u010dek, Ko\u0161uta in Jasa. Proge bodo [&hellip;]<\/p>\n","protected":false},"author":7,"featured_media":157792,"comment_status":"closed","ping_status":"closed","sticky":false,"template":"","format":"standard","meta":{"footnotes":""},"categories":[14,17,16],"tags":[320,7099],"class_list":{"0":"post-157789","1":"post","2":"type-post","3":"status-publish","4":"format-standard","5":"has-post-thumbnail","7":"category-aktualno","8":"category-celjsko","9":"category-konjisko","10":"tag-rogla","11":"tag-smucarska-sezona"},"yoast_head":"<!-- This site is optimized with the Yoast SEO plugin v27.4 - https:\/\/yoast.com\/product\/yoast-seo-wordpress\/ -->\n<title>S ponedeljkom za\u010denjajo smu\u010darsko sezono na Rogli - Novice.si<\/title>\n<meta name=\"robots\" content=\"index, follow, max-snippet:-1, max-image-preview:large, max-video-preview:-1\" \/>\n<link rel=\"canonical\" href=\"https:\/\/novice.si\/page\/s-ponedeljkom-zacenjajo-smucarsko-sezono-na-rogli\/\" \/>\n<meta property=\"og:locale\" content=\"sl_SI\" \/>\n<meta property=\"og:type\" content=\"article\" \/>\n<meta property=\"og:title\" content=\"S ponedeljkom za\u010denjajo smu\u010darsko sezono na Rogli - Novice.si\" \/>\n<meta property=\"og:description\" content=\"Smu\u010darska sezona se bo na Rogli za\u010dela jutri (v ponedeljek). Proge so pripravili s pomo\u010djo sne\u017enih topov, tudi petih novih, ki sodijo med najsodobnej\u0161e tovrstne naprave, s katerimi lahko zasne\u017eujejo tudi pri tako imenovanih mejnih vremenskih in temperaturnih pogojih. Za za\u010detek bodo na Rogli obratovale \u0161tirisede\u017enica Planja ter vle\u010dnice Unior\u010dek, Ko\u0161uta in Jasa. Proge bodo [&hellip;]\" \/>\n<meta property=\"og:url\" content=\"https:\/\/novice.si\/page\/s-ponedeljkom-zacenjajo-smucarsko-sezono-na-rogli\/\" \/>\n<meta property=\"og:site_name\" content=\"Novice.si\" \/>\n<meta property=\"article:published_time\" content=\"2022-12-11T20:58:04+00:00\" \/>\n<meta property=\"og:image\" content=\"https:\/\/novice.si\/page\/wp-content\/uploads\/2022\/12\/Rogla_3_dec.22.jpg\" \/>\n\t<meta property=\"og:image:width\" content=\"1600\" \/>\n\t<meta property=\"og:image:height\" content=\"1067\" \/>\n\t<meta property=\"og:image:type\" content=\"image\/jpeg\" \/>\n<meta name=\"author\" content=\"Uredni\u0161tvo Novic\" \/>\n<meta name=\"twitter:card\" content=\"summary_large_image\" \/>\n<meta name=\"twitter:label1\" content=\"Written by\" \/>\n\t<meta name=\"twitter:data1\" content=\"Uredni\u0161tvo Novic\" \/>\n\t<meta name=\"twitter:label2\" content=\"Est. reading time\" \/>\n\t<meta name=\"twitter:data2\" content=\"1 minuta\" \/>\n<script type=\"application\/ld+json\" class=\"yoast-schema-graph\">{\"@context\":\"https:\\\/\\\/schema.org\",\"@graph\":[{\"@type\":\"Article\",\"@id\":\"https:\\\/\\\/novice.si\\\/page\\\/s-ponedeljkom-zacenjajo-smucarsko-sezono-na-rogli\\\/#article\",\"isPartOf\":{\"@id\":\"https:\\\/\\\/novice.si\\\/page\\\/s-ponedeljkom-zacenjajo-smucarsko-sezono-na-rogli\\\/\"},\"author\":{\"name\":\"Uredni\u0161tvo Novic\",\"@id\":\"https:\\\/\\\/novice.si\\\/page\\\/#\\\/schema\\\/person\\\/a877dbb8680d441357ce27663beb35ca\"},\"headline\":\"S ponedeljkom za\u010denjajo smu\u010darsko sezono na Rogli\",\"datePublished\":\"2022-12-11T20:58:04+00:00\",\"mainEntityOfPage\":{\"@id\":\"https:\\\/\\\/novice.si\\\/page\\\/s-ponedeljkom-zacenjajo-smucarsko-sezono-na-rogli\\\/\"},\"wordCount\":145,\"publisher\":{\"@id\":\"https:\\\/\\\/novice.si\\\/page\\\/#organization\"},\"image\":{\"@id\":\"https:\\\/\\\/novice.si\\\/page\\\/s-ponedeljkom-zacenjajo-smucarsko-sezono-na-rogli\\\/#primaryimage\"},\"thumbnailUrl\":\"https:\\\/\\\/novice.si\\\/page\\\/wp-content\\\/uploads\\\/2022\\\/12\\\/Rogla_3_dec.22.jpg\",\"keywords\":[\"Rogla\",\"smu\u010darska sezona\"],\"articleSection\":[\"Aktualno\",\"Celjsko\",\"Konji\u0161ko\"],\"inLanguage\":\"sl-SI\"},{\"@type\":\"WebPage\",\"@id\":\"https:\\\/\\\/novice.si\\\/page\\\/s-ponedeljkom-zacenjajo-smucarsko-sezono-na-rogli\\\/\",\"url\":\"https:\\\/\\\/novice.si\\\/page\\\/s-ponedeljkom-zacenjajo-smucarsko-sezono-na-rogli\\\/\",\"name\":\"S ponedeljkom za\u010denjajo smu\u010darsko sezono na Rogli - Novice.si\",\"isPartOf\":{\"@id\":\"https:\\\/\\\/novice.si\\\/page\\\/#website\"},\"primaryImageOfPage\":{\"@id\":\"https:\\\/\\\/novice.si\\\/page\\\/s-ponedeljkom-zacenjajo-smucarsko-sezono-na-rogli\\\/#primaryimage\"},\"image\":{\"@id\":\"https:\\\/\\\/novice.si\\\/page\\\/s-ponedeljkom-zacenjajo-smucarsko-sezono-na-rogli\\\/#primaryimage\"},\"thumbnailUrl\":\"https:\\\/\\\/novice.si\\\/page\\\/wp-content\\\/uploads\\\/2022\\\/12\\\/Rogla_3_dec.22.jpg\",\"datePublished\":\"2022-12-11T20:58:04+00:00\",\"breadcrumb\":{\"@id\":\"https:\\\/\\\/novice.si\\\/page\\\/s-ponedeljkom-zacenjajo-smucarsko-sezono-na-rogli\\\/#breadcrumb\"},\"inLanguage\":\"sl-SI\",\"potentialAction\":[{\"@type\":\"ReadAction\",\"target\":[\"https:\\\/\\\/novice.si\\\/page\\\/s-ponedeljkom-zacenjajo-smucarsko-sezono-na-rogli\\\/\"]}]},{\"@type\":\"ImageObject\",\"inLanguage\":\"sl-SI\",\"@id\":\"https:\\\/\\\/novice.si\\\/page\\\/s-ponedeljkom-zacenjajo-smucarsko-sezono-na-rogli\\\/#primaryimage\",\"url\":\"https:\\\/\\\/novice.si\\\/page\\\/wp-content\\\/uploads\\\/2022\\\/12\\\/Rogla_3_dec.22.jpg\",\"contentUrl\":\"https:\\\/\\\/novice.si\\\/page\\\/wp-content\\\/uploads\\\/2022\\\/12\\\/Rogla_3_dec.22.jpg\",\"width\":1600,\"height\":1067},{\"@type\":\"BreadcrumbList\",\"@id\":\"https:\\\/\\\/novice.si\\\/page\\\/s-ponedeljkom-zacenjajo-smucarsko-sezono-na-rogli\\\/#breadcrumb\",\"itemListElement\":[{\"@type\":\"ListItem\",\"position\":1,\"name\":\"Home\",\"item\":\"https:\\\/\\\/novice.si\\\/page\\\/\"},{\"@type\":\"ListItem\",\"position\":2,\"name\":\"S ponedeljkom za\u010denjajo smu\u010darsko sezono na Rogli\"}]},{\"@type\":\"WebSite\",\"@id\":\"https:\\\/\\\/novice.si\\\/page\\\/#website\",\"url\":\"https:\\\/\\\/novice.si\\\/page\\\/\",\"name\":\"Novice.si\",\"description\":\"\",\"publisher\":{\"@id\":\"https:\\\/\\\/novice.si\\\/page\\\/#organization\"},\"potentialAction\":[{\"@type\":\"SearchAction\",\"target\":{\"@type\":\"EntryPoint\",\"urlTemplate\":\"https:\\\/\\\/novice.si\\\/page\\\/?s={search_term_string}\"},\"query-input\":{\"@type\":\"PropertyValueSpecification\",\"valueRequired\":true,\"valueName\":\"search_term_string\"}}],\"inLanguage\":\"sl-SI\"},{\"@type\":\"Organization\",\"@id\":\"https:\\\/\\\/novice.si\\\/page\\\/#organization\",\"name\":\"Novice.si\",\"url\":\"https:\\\/\\\/novice.si\\\/page\\\/\",\"logo\":{\"@type\":\"ImageObject\",\"inLanguage\":\"sl-SI\",\"@id\":\"https:\\\/\\\/novice.si\\\/page\\\/#\\\/schema\\\/logo\\\/image\\\/\",\"url\":\"https:\\\/\\\/novice.si\\\/page\\\/wp-content\\\/uploads\\\/2023\\\/03\\\/novice_si.png\",\"contentUrl\":\"https:\\\/\\\/novice.si\\\/page\\\/wp-content\\\/uploads\\\/2023\\\/03\\\/novice_si.png\",\"width\":576,\"height\":200,\"caption\":\"Novice.si\"},\"image\":{\"@id\":\"https:\\\/\\\/novice.si\\\/page\\\/#\\\/schema\\\/logo\\\/image\\\/\"}},{\"@type\":\"Person\",\"@id\":\"https:\\\/\\\/novice.si\\\/page\\\/#\\\/schema\\\/person\\\/a877dbb8680d441357ce27663beb35ca\",\"name\":\"Uredni\u0161tvo Novic\",\"image\":{\"@type\":\"ImageObject\",\"inLanguage\":\"sl-SI\",\"@id\":\"https:\\\/\\\/secure.gravatar.com\\\/avatar\\\/f19c0ae874706cc9ba19d2f6da5f74a5a5ee7674f283fed29ce0ad16a9f1893e?s=96&d=mm&r=g\",\"url\":\"https:\\\/\\\/secure.gravatar.com\\\/avatar\\\/f19c0ae874706cc9ba19d2f6da5f74a5a5ee7674f283fed29ce0ad16a9f1893e?s=96&d=mm&r=g\",\"contentUrl\":\"https:\\\/\\\/secure.gravatar.com\\\/avatar\\\/f19c0ae874706cc9ba19d2f6da5f74a5a5ee7674f283fed29ce0ad16a9f1893e?s=96&d=mm&r=g\",\"caption\":\"Uredni\u0161tvo Novic\"},\"url\":\"https:\\\/\\\/novice.si\\\/page\\\/author\\\/jure\\\/\"}]}<\/script>\n<!-- \/ Yoast SEO plugin. -->","yoast_head_json":{"title":"S ponedeljkom za\u010denjajo smu\u010darsko sezono na Rogli - Novice.si","robots":{"index":"index","follow":"follow","max-snippet":"max-snippet:-1","max-image-preview":"max-image-preview:large","max-video-preview":"max-video-preview:-1"},"canonical":"https:\/\/novice.si\/page\/s-ponedeljkom-zacenjajo-smucarsko-sezono-na-rogli\/","og_locale":"sl_SI","og_type":"article","og_title":"S ponedeljkom za\u010denjajo smu\u010darsko sezono na Rogli - Novice.si","og_description":"Smu\u010darska sezona se bo na Rogli za\u010dela jutri (v ponedeljek). Proge so pripravili s pomo\u010djo sne\u017enih topov, tudi petih novih, ki sodijo med najsodobnej\u0161e tovrstne naprave, s katerimi lahko zasne\u017eujejo tudi pri tako imenovanih mejnih vremenskih in temperaturnih pogojih. Za za\u010detek bodo na Rogli obratovale \u0161tirisede\u017enica Planja ter vle\u010dnice Unior\u010dek, Ko\u0161uta in Jasa. Proge bodo [&hellip;]","og_url":"https:\/\/novice.si\/page\/s-ponedeljkom-zacenjajo-smucarsko-sezono-na-rogli\/","og_site_name":"Novice.si","article_published_time":"2022-12-11T20:58:04+00:00","og_image":[{"width":1600,"height":1067,"url":"https:\/\/novice.si\/page\/wp-content\/uploads\/2022\/12\/Rogla_3_dec.22.jpg","type":"image\/jpeg"}],"author":"Uredni\u0161tvo Novic","twitter_card":"summary_large_image","twitter_misc":{"Written by":"Uredni\u0161tvo Novic","Est. reading time":"1 minuta"},"schema":{"@context":"https:\/\/schema.org","@graph":[{"@type":"Article","@id":"https:\/\/novice.si\/page\/s-ponedeljkom-zacenjajo-smucarsko-sezono-na-rogli\/#article","isPartOf":{"@id":"https:\/\/novice.si\/page\/s-ponedeljkom-zacenjajo-smucarsko-sezono-na-rogli\/"},"author":{"name":"Uredni\u0161tvo Novic","@id":"https:\/\/novice.si\/page\/#\/schema\/person\/a877dbb8680d441357ce27663beb35ca"},"headline":"S ponedeljkom za\u010denjajo smu\u010darsko sezono na Rogli","datePublished":"2022-12-11T20:58:04+00:00","mainEntityOfPage":{"@id":"https:\/\/novice.si\/page\/s-ponedeljkom-zacenjajo-smucarsko-sezono-na-rogli\/"},"wordCount":145,"publisher":{"@id":"https:\/\/novice.si\/page\/#organization"},"image":{"@id":"https:\/\/novice.si\/page\/s-ponedeljkom-zacenjajo-smucarsko-sezono-na-rogli\/#primaryimage"},"thumbnailUrl":"https:\/\/novice.si\/page\/wp-content\/uploads\/2022\/12\/Rogla_3_dec.22.jpg","keywords":["Rogla","smu\u010darska sezona"],"articleSection":["Aktualno","Celjsko","Konji\u0161ko"],"inLanguage":"sl-SI"},{"@type":"WebPage","@id":"https:\/\/novice.si\/page\/s-ponedeljkom-zacenjajo-smucarsko-sezono-na-rogli\/","url":"https:\/\/novice.si\/page\/s-ponedeljkom-zacenjajo-smucarsko-sezono-na-rogli\/","name":"S ponedeljkom za\u010denjajo smu\u010darsko sezono na Rogli - Novice.si","isPartOf":{"@id":"https:\/\/novice.si\/page\/#website"},"primaryImageOfPage":{"@id":"https:\/\/novice.si\/page\/s-ponedeljkom-zacenjajo-smucarsko-sezono-na-rogli\/#primaryimage"},"image":{"@id":"https:\/\/novice.si\/page\/s-ponedeljkom-zacenjajo-smucarsko-sezono-na-rogli\/#primaryimage"},"thumbnailUrl":"https:\/\/novice.si\/page\/wp-content\/uploads\/2022\/12\/Rogla_3_dec.22.jpg","datePublished":"2022-12-11T20:58:04+00:00","breadcrumb":{"@id":"https:\/\/novice.si\/page\/s-ponedeljkom-zacenjajo-smucarsko-sezono-na-rogli\/#breadcrumb"},"inLanguage":"sl-SI","potentialAction":[{"@type":"ReadAction","target":["https:\/\/novice.si\/page\/s-ponedeljkom-zacenjajo-smucarsko-sezono-na-rogli\/"]}]},{"@type":"ImageObject","inLanguage":"sl-SI","@id":"https:\/\/novice.si\/page\/s-ponedeljkom-zacenjajo-smucarsko-sezono-na-rogli\/#primaryimage","url":"https:\/\/novice.si\/page\/wp-content\/uploads\/2022\/12\/Rogla_3_dec.22.jpg","contentUrl":"https:\/\/novice.si\/page\/wp-content\/uploads\/2022\/12\/Rogla_3_dec.22.jpg","width":1600,"height":1067},{"@type":"BreadcrumbList","@id":"https:\/\/novice.si\/page\/s-ponedeljkom-zacenjajo-smucarsko-sezono-na-rogli\/#breadcrumb","itemListElement":[{"@type":"ListItem","position":1,"name":"Home","item":"https:\/\/novice.si\/page\/"},{"@type":"ListItem","position":2,"name":"S ponedeljkom za\u010denjajo smu\u010darsko sezono na Rogli"}]},{"@type":"WebSite","@id":"https:\/\/novice.si\/page\/#website","url":"https:\/\/novice.si\/page\/","name":"Novice.si","description":"","publisher":{"@id":"https:\/\/novice.si\/page\/#organization"},"potentialAction":[{"@type":"SearchAction","target":{"@type":"EntryPoint","urlTemplate":"https:\/\/novice.si\/page\/?s={search_term_string}"},"query-input":{"@type":"PropertyValueSpecification","valueRequired":true,"valueName":"search_term_string"}}],"inLanguage":"sl-SI"},{"@type":"Organization","@id":"https:\/\/novice.si\/page\/#organization","name":"Novice.si","url":"https:\/\/novice.si\/page\/","logo":{"@type":"ImageObject","inLanguage":"sl-SI","@id":"https:\/\/novice.si\/page\/#\/schema\/logo\/image\/","url":"https:\/\/novice.si\/page\/wp-content\/uploads\/2023\/03\/novice_si.png","contentUrl":"https:\/\/novice.si\/page\/wp-content\/uploads\/2023\/03\/novice_si.png","width":576,"height":200,"caption":"Novice.si"},"image":{"@id":"https:\/\/novice.si\/page\/#\/schema\/logo\/image\/"}},{"@type":"Person","@id":"https:\/\/novice.si\/page\/#\/schema\/person\/a877dbb8680d441357ce27663beb35ca","name":"Uredni\u0161tvo Novic","image":{"@type":"ImageObject","inLanguage":"sl-SI","@id":"https:\/\/secure.gravatar.com\/avatar\/f19c0ae874706cc9ba19d2f6da5f74a5a5ee7674f283fed29ce0ad16a9f1893e?s=96&d=mm&r=g","url":"https:\/\/secure.gravatar.com\/avatar\/f19c0ae874706cc9ba19d2f6da5f74a5a5ee7674f283fed29ce0ad16a9f1893e?s=96&d=mm&r=g","contentUrl":"https:\/\/secure.gravatar.com\/avatar\/f19c0ae874706cc9ba19d2f6da5f74a5a5ee7674f283fed29ce0ad16a9f1893e?s=96&d=mm&r=g","caption":"Uredni\u0161tvo Novic"},"url":"https:\/\/novice.si\/page\/author\/jure\/"}]}},"_links":{"self":[{"href":"https:\/\/novice.si\/page\/wp-json\/wp\/v2\/posts\/157789","targetHints":{"allow":["GET"]}}],"collection":[{"href":"https:\/\/novice.si\/page\/wp-json\/wp\/v2\/posts"}],"about":[{"href":"https:\/\/novice.si\/page\/wp-json\/wp\/v2\/types\/post"}],"author":[{"embeddable":true,"href":"https:\/\/novice.si\/page\/wp-json\/wp\/v2\/users\/7"}],"replies":[{"embeddable":true,"href":"https:\/\/novice.si\/page\/wp-json\/wp\/v2\/comments?post=157789"}],"version-history":[{"count":1,"href":"https:\/\/novice.si\/page\/wp-json\/wp\/v2\/posts\/157789\/revisions"}],"predecessor-version":[{"id":157793,"href":"https:\/\/novice.si\/page\/wp-json\/wp\/v2\/posts\/157789\/revisions\/157793"}],"wp:featuredmedia":[{"embeddable":true,"href":"https:\/\/novice.si\/page\/wp-json\/wp\/v2\/media\/157792"}],"wp:attachment":[{"href":"https:\/\/novice.si\/page\/wp-json\/wp\/v2\/media?parent=157789"}],"wp:term":[{"taxonomy":"category","embeddable":true,"href":"https:\/\/novice.si\/page\/wp-json\/wp\/v2\/categories?post=157789"},{"taxonomy":"post_tag","embeddable":true,"href":"https:\/\/novice.si\/page\/wp-json\/wp\/v2\/tags?post=157789"}],"curies":[{"name":"wp","href":"https:\/\/api.w.org\/{rel}","templated":true}]}}