{"id":157686,"date":"2022-12-07T10:44:14","date_gmt":"2022-12-07T09:44:14","guid":{"rendered":"https:\/\/novice.si\/page\/?p=157686"},"modified":"2022-12-07T10:44:14","modified_gmt":"2022-12-07T09:44:14","slug":"marko-skugor-se-rad-kopa-tudi-v-podcetrtku","status":"publish","type":"post","link":"https:\/\/novice.si\/page\/marko-skugor-se-rad-kopa-tudi-v-podcetrtku\/","title":{"rendered":"Marko \u0160kugor se rad kopa tudi v Pod\u010detrtku"},"content":{"rendered":"<p><strong>Marko \u0160kugor. Vse bolj priljubljeni pevec iz Dalmacije zadnja leta polni dvorane \u0161irom Slovenije. Prve pevske izku\u0161nje je nabiral v klapah, med prvimi nastopi pa je bil kar evrovizijski oder \u2026 Marko, ki je pred dnevi izdal novo pesem, pravi, da obo\u017euje slovensko ob\u010dinstvo, povedal pa nam je tudi, da rad zahaja v Terme Olimia.<\/strong><\/p>\n<p><em><strong><a href=\"https:\/\/novice.si\/page\/wp-content\/uploads\/2022\/12\/marko-skugor-1.jpg\" data-gallery><img loading=\"lazy\" decoding=\"async\" class=\"size-medium wp-image-157687 alignleft\" src=\"https:\/\/novice.si\/page\/wp-content\/uploads\/2022\/12\/marko-skugor-1-200x300.jpg\" alt=\"\" width=\"200\" height=\"300\" srcset=\"https:\/\/novice.si\/page\/wp-content\/uploads\/2022\/12\/marko-skugor-1-200x300.jpg 200w, https:\/\/novice.si\/page\/wp-content\/uploads\/2022\/12\/marko-skugor-1-280x420.jpg 280w, https:\/\/novice.si\/page\/wp-content\/uploads\/2022\/12\/marko-skugor-1-16x24.jpg 16w, https:\/\/novice.si\/page\/wp-content\/uploads\/2022\/12\/marko-skugor-1-24x36.jpg 24w, https:\/\/novice.si\/page\/wp-content\/uploads\/2022\/12\/marko-skugor-1-32x48.jpg 32w, https:\/\/novice.si\/page\/wp-content\/uploads\/2022\/12\/marko-skugor-1.jpg 533w\" sizes=\"auto, (max-width: 200px) 100vw, 200px\" \/><\/a>Marko, va\u0161a pevska kariera se je za\u010dela v klapah. Ampak peli ste verjetno \u017ee prej?<\/strong><\/em><br \/>\nPravzaprav ne, v svet prepevanja so me uvedle prav klape. Sprva sem prepeval v manj\u0161ih klapah, ki so vadile pri nas doma, v na\u0161i &#8216;konobi&#8217; v \u0160ibeniku. V \u010dasu \u0161tudija v Zagrebu so me opazili \u010dlani Klape Kampanel in tako sem se jim pridru\u017eil. Leta 2013 so na Hrva\u0161kem snovali klapo, ki bi nastopila na Evroviziji. Nekaj najbolj znanih tenorjev je zavrnilo sodelovanje, na nekem nastopu pa so sli\u0161ali mene, takrat \u0161e nisem bil poznan, in me povabili zraven. Seveda sem takoj pristal. Po nastopu na Evroviziji sem za\u010del samostojno pevsko pot. Kdo ve, ali bi se sploh ukvarjal s petjem, \u010de se tedaj ne bi vse tako poklopilo.<\/p>\n<p><em><strong>\u017de dokaj na za\u010detku glasbene poti se vam je zgodila Evrovizija. Kak\u0161no popotnico vam je dal evrovizijski oder?<\/strong><\/em><br \/>\nNastopil sem kot eden od \u0161estih \u010dlanov Klape s mora. Nastopili smo s pesmijo Mi\u017eerja. Bilo je zares \u010dudovito. \u017dal se tistega leta nismo uvrstili v finale in bili smo zelo \u017ealostni. Tedaj \u0161e nisem prav dobro vedel, kako deluje Evrovizija, danes, ko te stvari bolje razumem, verjetno ne bi bil ve\u010d \u017ealosten. Ni namre\u010d glasba tista, ki dolo\u010da uvrstitev neke pesmi, temve\u010d je kup drugih dejavnikov, na katere izvajalec nima vpliva.<br \/>\nJe bil pa ravno ta nastop odsko\u010dna deska za mojo samostojno glasbeno pot. Po Evroviziji sem za\u010del dobivati pesmi, v glavi se je tako za\u010dela rojevati zamisel, da bi morda res lahko prepeval sam. Po\u010dasi se je za\u010delo razvijati, imel sem vedno ve\u010d nastopov, obenem sem \u0161e vedno prepeval v Klapi Maslina. Od leta 2016, \u0161e intenzivneje pa od leta 2017, pa nastopam sam.<\/p>\n<p><strong><em>Ste se tudi u\u010dili petja?<\/em><\/strong><br \/>\nNekaj \u010dasa sem obiskoval ure petja pri enem od profesorjev, toda le kraj\u0161e obdobje. Lahko bi morda pel opero, toda odlo\u010dil sem se za pop glasbo. Svoje pesmi pojem v &#8216;pop na\u010dinu&#8217;, trudim se, da ne uporabljam polnega razpona svojega glasu, saj bi lahko kdaj zvenelo preve\u010d agresivno.<\/p>\n<p><em><strong>V Sloveniji ste vedno bolj popularni. Morda celo bolj kot na Hrva\u0161kem?<\/strong><\/em><br \/>\nDa, rekel bi, da sem tukaj bolj popularen.<\/p>\n<p><em><strong>Zakaj mislite, da Slovenci tako obo\u017eujemo dalmatinsko glasbo? <\/strong><\/em><br \/>\nKdo ve. Morda imamo podobno miselnost. Tak\u0161na zabavna glasba nam je o\u010ditno v krvi. Tak\u0161no glasbo navsezadnje veliko vrtijo slovenske radijske postaje, medtem ko je hrva\u0161ke ne vrtijo toliko. Zato je ta glasba v Sloveniji morda \u0161e bolj popularna kot na Hrva\u0161kem.<\/p>\n<p><em><strong><a href=\"https:\/\/novice.si\/page\/wp-content\/uploads\/2022\/12\/marko-skugor.jpeg\" data-gallery><img loading=\"lazy\" decoding=\"async\" class=\"size-medium wp-image-157688 alignleft\" src=\"https:\/\/novice.si\/page\/wp-content\/uploads\/2022\/12\/marko-skugor-272x300.jpeg\" alt=\"\" width=\"272\" height=\"300\" srcset=\"https:\/\/novice.si\/page\/wp-content\/uploads\/2022\/12\/marko-skugor-272x300.jpeg 272w, https:\/\/novice.si\/page\/wp-content\/uploads\/2022\/12\/marko-skugor-768x848.jpeg 768w, https:\/\/novice.si\/page\/wp-content\/uploads\/2022\/12\/marko-skugor-696x769.jpeg 696w, https:\/\/novice.si\/page\/wp-content\/uploads\/2022\/12\/marko-skugor-380x420.jpeg 380w, https:\/\/novice.si\/page\/wp-content\/uploads\/2022\/12\/marko-skugor-22x24.jpeg 22w, https:\/\/novice.si\/page\/wp-content\/uploads\/2022\/12\/marko-skugor-33x36.jpeg 33w, https:\/\/novice.si\/page\/wp-content\/uploads\/2022\/12\/marko-skugor-43x48.jpeg 43w, https:\/\/novice.si\/page\/wp-content\/uploads\/2022\/12\/marko-skugor.jpeg 806w\" sizes=\"auto, (max-width: 272px) 100vw, 272px\" \/><\/a>Kak\u0161no ob\u010dinstvo smo Slovenci v primerjavi s hrva\u0161kim? <\/strong><\/em><br \/>\nSlovenci se po mojih opa\u017eanjih znate bolj zabavati, morda zato, ker je standard tukaj vi\u0161ji in je potem drugih skrbi manj. Slovenci ve\u010d delate, kadar je treba delati, in se ve\u010d zabavate, ko je \u010das za zabavo. Ste odli\u010dna publika!<\/p>\n<p><strong><em>Kako vam magisterij iz ekonomije koristi pri delu v glasbeni industriji? Se morda vidite v poslovnem svetu?<\/em><\/strong><br \/>\nZnanje vsekakor vedno pomaga. Ta magisterij oziroma diploma pa \u2026 V tem vidim vse manj smisla. Dvomim, da bi svojima sinovoma svetoval, da izbereta ekonomsko ali podobno fakulteto, saj menim, da se skozi \u017eivljenje nau\u010di\u0161 veliko ve\u010d. No, razen \u010de \u017eeli\u0161 postati zdravnik ali kaj podobnega, ko je fakulteta nujna, sicer lahko zgolj izgubi\u0161 pet let \u017eivljenja. Seveda se med \u0161tudijem tudi zabava\u0161 in spozna\u0161 veliko novih ljudi, sicer pa je ta \u010das mogo\u010de izkoristiti pametneje.<br \/>\nGlasba mi pomeni vse. V poslovnem svetu se ne vidim, tudi pre\u017eivljam se samo z glasbo. \u010ce ne bo pri\u0161lo \u0161e eno tako te\u017eko obdobje, kot je bil \u010das epidemije, se bom \u0161e naprej dr\u017eal glasbe.<\/p>\n<p><em><strong>Kako je zdaj, ko po dvoletnem premoru znova na polno nastopate?<\/strong><\/em><br \/>\nSuper, toda obenem druga\u010de. \u010cas epidemije je na vseh pustil neke posledice, nekateri morda zaradi strahu sploh ne hodijo ve\u010d na koncerte.<\/p>\n<p><em><strong>Imate tudi dru\u017eino, dva sinova. <\/strong><\/em><br \/>\nSinova sta stara 9 in 6 let.<\/p>\n<p><em><strong>A pojete tudi doma, denimo uspavanke?<\/strong><\/em><br \/>\nRedko doma pojem. Kak\u0161no uspavanko sem seveda zapel, toda doma imamo radi predvsem mir. Raje imam, da sinova meni pojeta, jaz pa njiju ne maltretiram preve\u010d. (smeh)<\/p>\n<p><em><strong><a href=\"https:\/\/novice.si\/page\/wp-content\/uploads\/2022\/12\/skugor-rezerva.jpg\" data-gallery><img loading=\"lazy\" decoding=\"async\" class=\"size-medium wp-image-157689 alignleft\" src=\"https:\/\/novice.si\/page\/wp-content\/uploads\/2022\/12\/skugor-rezerva-225x300.jpg\" alt=\"\" width=\"225\" height=\"300\" srcset=\"https:\/\/novice.si\/page\/wp-content\/uploads\/2022\/12\/skugor-rezerva-225x300.jpg 225w, https:\/\/novice.si\/page\/wp-content\/uploads\/2022\/12\/skugor-rezerva-315x420.jpg 315w, https:\/\/novice.si\/page\/wp-content\/uploads\/2022\/12\/skugor-rezerva-18x24.jpg 18w, https:\/\/novice.si\/page\/wp-content\/uploads\/2022\/12\/skugor-rezerva-27x36.jpg 27w, https:\/\/novice.si\/page\/wp-content\/uploads\/2022\/12\/skugor-rezerva-36x48.jpg 36w, https:\/\/novice.si\/page\/wp-content\/uploads\/2022\/12\/skugor-rezerva.jpg 600w\" sizes=\"auto, (max-width: 225px) 100vw, 225px\" \/><\/a>Razprodali ste \u017ee presti\u017ene dvorane, pa vendar: ali raje nastopate v velikih dvoranah, kot je Vatroslav Lisinski, ali imate raje bolj intimne nastope, na porokah?<\/strong><\/em><br \/>\nVsi odri, vsi nastopi so mi enako ljubi. Na vsakem nastopu \u017eelim preprosto dati vse od sebe, kolikor v danem trenutku pa\u010d lahko, saj si to vsak nastop zaslu\u017ei. Tako prepevanje v velikih dvoranah kot v o\u017ejem krogu mi veliko pomeni.<\/p>\n<p><em><strong>Na katerem prizori\u0161\u010du si \u017eelite nastopiti? Imate kak\u0161no \u017eeljo?<\/strong><\/em><br \/>\nTrenutno je moja edina \u017eelja, da se nikoli ve\u010d ne vrne &#8216;lockdown&#8217;. \u017delim si le, da glasba nikdar ve\u010d ne ugasne. Potem je za vse druge \u017eelje samo nebo meja.<\/p>\n<p><em><strong>V zadnjem obdobju se preizku\u0161ate tudi kot avtor besedil in glasbe svojih pesmi. <\/strong><\/em><br \/>\nNekaj zadnjih pesmi, ki smo jih izdali, sem napisal sam, med njimi tudi \u010cuvam misto in Kontra neba ne smi\u0161 i\u0107. \u0160e precej pesmi, kak\u0161nih 20, pa je \u017ee napisanih in pripravljenih. S pisanjem besedil sem za\u010del v \u010dasu epidemije, ko drugega dela pravzaprav ni bilo. \u0160e vedel nisem, da zmorem!<br \/>\nZadnji dve leti izdajam svoje pesmi v kombinaciji s pesmimi avtorja Ton\u010dija Hulji\u0107a, kar se mi zdi zelo dobra kombinacija. Tudi zadnja izdana pesem, priredba pesmi Rijeke tiho teku, je stara pesem, ki sta jo napisala Ton\u010di in Vjekoslava Hulji\u0107, izvajal pa jo je legendarni Zdenko Pejakovi\u0107 v devetdesetih, ko sem bil \u0161e otrok. Ton\u010di mi je predlagal, da to pesem izdam na novo in njegove nasvete je najbolje upo\u0161tevati.<\/p>\n<p><em><strong>Kmalu boste nastopili v Pod\u010detrtku. Sicer menda Pod\u010detrtek poznate tudi po termah?<\/strong><\/em><br \/>\nJa, pogosto u\u017eivamo v Termah Olimia, sicer pa sem v Pod\u010detrtku \u017ee imel dva svoja koncerta. Komaj \u010dakam naslednjega. Dvorana je \u010dudovita, \u010dudoviti so tudi ljudje, tako \u017ee komaj \u010dakam 17. december.<\/p>\n<p><em><strong>Torej tudi Dalmatinci radi hodite v terme. Kako pogosto pa se kopate v morju? <\/strong><\/em><br \/>\nNe prav pogosto. Letos je bilo ogromno koncertov, zato tudi \u010dasa za kopanje ni bilo prav dosti. Mi, Dalmatinci \u2026 bli\u017eje kot smo morju, manj se kopamo v njem. Moj dedek \u017eivi na otoku, pa se ni kopal \u017ee vsaj 20 let.<br \/>\n\u017divimo v stanovanju v \u0160ibeniku in vsak dan gledam morje. Te\u017eko bi \u017eivel brez morja.<br \/>\n(N. K., Roga\u0161ke novice)<\/p>\n<p>&nbsp;<\/p>\n","protected":false},"excerpt":{"rendered":"<p>Marko \u0160kugor. Vse bolj priljubljeni pevec iz Dalmacije zadnja leta polni dvorane \u0161irom Slovenije. Prve pevske izku\u0161nje je nabiral v klapah, med prvimi nastopi pa je bil kar evrovizijski oder \u2026 Marko, ki je pred dnevi izdal novo pesem, pravi, da obo\u017euje slovensko ob\u010dinstvo, povedal pa nam je tudi, da rad zahaja v Terme Olimia. [&hellip;]<\/p>\n","protected":false},"author":12,"featured_media":157688,"comment_status":"closed","ping_status":"closed","sticky":false,"template":"","format":"standard","meta":{"footnotes":""},"categories":[14,868,15,38,3108,5406],"tags":[16556,7576],"class_list":{"0":"post-157686","1":"post","2":"type-post","3":"status-publish","4":"format-standard","5":"has-post-thumbnail","7":"category-aktualno","8":"category-casopisi","9":"category-druzabno","10":"category-kozjansko","11":"category-radio-rogla","12":"category-rogaske-novice","13":"tag-marko-skugod-podcetrtek","14":"tag-marko-skugor"},"yoast_head":"<!-- This site is optimized with the Yoast SEO plugin v27.4 - https:\/\/yoast.com\/product\/yoast-seo-wordpress\/ -->\n<title>Marko \u0160kugor se rad kopa tudi v Pod\u010detrtku - Novice.si<\/title>\n<meta name=\"robots\" content=\"index, follow, max-snippet:-1, max-image-preview:large, max-video-preview:-1\" \/>\n<link rel=\"canonical\" href=\"https:\/\/novice.si\/page\/marko-skugor-se-rad-kopa-tudi-v-podcetrtku\/\" \/>\n<meta property=\"og:locale\" content=\"sl_SI\" \/>\n<meta property=\"og:type\" content=\"article\" \/>\n<meta property=\"og:title\" content=\"Marko \u0160kugor se rad kopa tudi v Pod\u010detrtku - Novice.si\" \/>\n<meta property=\"og:description\" content=\"Marko \u0160kugor. Vse bolj priljubljeni pevec iz Dalmacije zadnja leta polni dvorane \u0161irom Slovenije. Prve pevske izku\u0161nje je nabiral v klapah, med prvimi nastopi pa je bil kar evrovizijski oder \u2026 Marko, ki je pred dnevi izdal novo pesem, pravi, da obo\u017euje slovensko ob\u010dinstvo, povedal pa nam je tudi, da rad zahaja v Terme Olimia. [&hellip;]\" \/>\n<meta property=\"og:url\" content=\"https:\/\/novice.si\/page\/marko-skugor-se-rad-kopa-tudi-v-podcetrtku\/\" \/>\n<meta property=\"og:site_name\" content=\"Novice.si\" \/>\n<meta property=\"article:published_time\" content=\"2022-12-07T09:44:14+00:00\" \/>\n<meta property=\"og:image\" content=\"https:\/\/novice.si\/page\/wp-content\/uploads\/2022\/12\/marko-skugor.jpeg\" \/>\n\t<meta property=\"og:image:width\" content=\"806\" \/>\n\t<meta property=\"og:image:height\" content=\"890\" \/>\n\t<meta property=\"og:image:type\" content=\"image\/jpeg\" \/>\n<meta name=\"author\" content=\"Uredni\u0161tvo Celjana\" \/>\n<meta name=\"twitter:card\" content=\"summary_large_image\" \/>\n<meta name=\"twitter:label1\" content=\"Written by\" \/>\n\t<meta name=\"twitter:data1\" content=\"Uredni\u0161tvo Celjana\" \/>\n\t<meta name=\"twitter:label2\" content=\"Est. reading time\" \/>\n\t<meta name=\"twitter:data2\" content=\"7 minut\" \/>\n<script type=\"application\/ld+json\" class=\"yoast-schema-graph\">{\"@context\":\"https:\\\/\\\/schema.org\",\"@graph\":[{\"@type\":\"Article\",\"@id\":\"https:\\\/\\\/novice.si\\\/page\\\/marko-skugor-se-rad-kopa-tudi-v-podcetrtku\\\/#article\",\"isPartOf\":{\"@id\":\"https:\\\/\\\/novice.si\\\/page\\\/marko-skugor-se-rad-kopa-tudi-v-podcetrtku\\\/\"},\"author\":{\"name\":\"Uredni\u0161tvo Celjana\",\"@id\":\"https:\\\/\\\/novice.si\\\/page\\\/#\\\/schema\\\/person\\\/51903923b50fefb075bc1cd24fe4d065\"},\"headline\":\"Marko \u0160kugor se rad kopa tudi v Pod\u010detrtku\",\"datePublished\":\"2022-12-07T09:44:14+00:00\",\"mainEntityOfPage\":{\"@id\":\"https:\\\/\\\/novice.si\\\/page\\\/marko-skugor-se-rad-kopa-tudi-v-podcetrtku\\\/\"},\"wordCount\":1134,\"publisher\":{\"@id\":\"https:\\\/\\\/novice.si\\\/page\\\/#organization\"},\"image\":{\"@id\":\"https:\\\/\\\/novice.si\\\/page\\\/marko-skugor-se-rad-kopa-tudi-v-podcetrtku\\\/#primaryimage\"},\"thumbnailUrl\":\"https:\\\/\\\/novice.si\\\/page\\\/wp-content\\\/uploads\\\/2022\\\/12\\\/marko-skugor.jpeg\",\"keywords\":[\"marko \u0161kugod pod\u010detrtek\",\"marko \u0161kugor\"],\"articleSection\":[\"Aktualno\",\"\u010casopisi\",\"Dru\u017eabno\",\"Kozjansko\",\"Radio Rogla\",\"Roga\u0161ke novice\"],\"inLanguage\":\"sl-SI\"},{\"@type\":\"WebPage\",\"@id\":\"https:\\\/\\\/novice.si\\\/page\\\/marko-skugor-se-rad-kopa-tudi-v-podcetrtku\\\/\",\"url\":\"https:\\\/\\\/novice.si\\\/page\\\/marko-skugor-se-rad-kopa-tudi-v-podcetrtku\\\/\",\"name\":\"Marko \u0160kugor se rad kopa tudi v Pod\u010detrtku - Novice.si\",\"isPartOf\":{\"@id\":\"https:\\\/\\\/novice.si\\\/page\\\/#website\"},\"primaryImageOfPage\":{\"@id\":\"https:\\\/\\\/novice.si\\\/page\\\/marko-skugor-se-rad-kopa-tudi-v-podcetrtku\\\/#primaryimage\"},\"image\":{\"@id\":\"https:\\\/\\\/novice.si\\\/page\\\/marko-skugor-se-rad-kopa-tudi-v-podcetrtku\\\/#primaryimage\"},\"thumbnailUrl\":\"https:\\\/\\\/novice.si\\\/page\\\/wp-content\\\/uploads\\\/2022\\\/12\\\/marko-skugor.jpeg\",\"datePublished\":\"2022-12-07T09:44:14+00:00\",\"breadcrumb\":{\"@id\":\"https:\\\/\\\/novice.si\\\/page\\\/marko-skugor-se-rad-kopa-tudi-v-podcetrtku\\\/#breadcrumb\"},\"inLanguage\":\"sl-SI\",\"potentialAction\":[{\"@type\":\"ReadAction\",\"target\":[\"https:\\\/\\\/novice.si\\\/page\\\/marko-skugor-se-rad-kopa-tudi-v-podcetrtku\\\/\"]}]},{\"@type\":\"ImageObject\",\"inLanguage\":\"sl-SI\",\"@id\":\"https:\\\/\\\/novice.si\\\/page\\\/marko-skugor-se-rad-kopa-tudi-v-podcetrtku\\\/#primaryimage\",\"url\":\"https:\\\/\\\/novice.si\\\/page\\\/wp-content\\\/uploads\\\/2022\\\/12\\\/marko-skugor.jpeg\",\"contentUrl\":\"https:\\\/\\\/novice.si\\\/page\\\/wp-content\\\/uploads\\\/2022\\\/12\\\/marko-skugor.jpeg\",\"width\":806,\"height\":890},{\"@type\":\"BreadcrumbList\",\"@id\":\"https:\\\/\\\/novice.si\\\/page\\\/marko-skugor-se-rad-kopa-tudi-v-podcetrtku\\\/#breadcrumb\",\"itemListElement\":[{\"@type\":\"ListItem\",\"position\":1,\"name\":\"Home\",\"item\":\"https:\\\/\\\/novice.si\\\/page\\\/\"},{\"@type\":\"ListItem\",\"position\":2,\"name\":\"Marko \u0160kugor se rad kopa tudi v Pod\u010detrtku\"}]},{\"@type\":\"WebSite\",\"@id\":\"https:\\\/\\\/novice.si\\\/page\\\/#website\",\"url\":\"https:\\\/\\\/novice.si\\\/page\\\/\",\"name\":\"Novice.si\",\"description\":\"\",\"publisher\":{\"@id\":\"https:\\\/\\\/novice.si\\\/page\\\/#organization\"},\"potentialAction\":[{\"@type\":\"SearchAction\",\"target\":{\"@type\":\"EntryPoint\",\"urlTemplate\":\"https:\\\/\\\/novice.si\\\/page\\\/?s={search_term_string}\"},\"query-input\":{\"@type\":\"PropertyValueSpecification\",\"valueRequired\":true,\"valueName\":\"search_term_string\"}}],\"inLanguage\":\"sl-SI\"},{\"@type\":\"Organization\",\"@id\":\"https:\\\/\\\/novice.si\\\/page\\\/#organization\",\"name\":\"Novice.si\",\"url\":\"https:\\\/\\\/novice.si\\\/page\\\/\",\"logo\":{\"@type\":\"ImageObject\",\"inLanguage\":\"sl-SI\",\"@id\":\"https:\\\/\\\/novice.si\\\/page\\\/#\\\/schema\\\/logo\\\/image\\\/\",\"url\":\"https:\\\/\\\/novice.si\\\/page\\\/wp-content\\\/uploads\\\/2023\\\/03\\\/novice_si.png\",\"contentUrl\":\"https:\\\/\\\/novice.si\\\/page\\\/wp-content\\\/uploads\\\/2023\\\/03\\\/novice_si.png\",\"width\":576,\"height\":200,\"caption\":\"Novice.si\"},\"image\":{\"@id\":\"https:\\\/\\\/novice.si\\\/page\\\/#\\\/schema\\\/logo\\\/image\\\/\"}},{\"@type\":\"Person\",\"@id\":\"https:\\\/\\\/novice.si\\\/page\\\/#\\\/schema\\\/person\\\/51903923b50fefb075bc1cd24fe4d065\",\"name\":\"Uredni\u0161tvo Celjana\",\"image\":{\"@type\":\"ImageObject\",\"inLanguage\":\"sl-SI\",\"@id\":\"https:\\\/\\\/secure.gravatar.com\\\/avatar\\\/b516f102aa90b53619e09722b8ea56721c99bfcb4f1035f9b333d99f52330226?s=96&d=mm&r=g\",\"url\":\"https:\\\/\\\/secure.gravatar.com\\\/avatar\\\/b516f102aa90b53619e09722b8ea56721c99bfcb4f1035f9b333d99f52330226?s=96&d=mm&r=g\",\"contentUrl\":\"https:\\\/\\\/secure.gravatar.com\\\/avatar\\\/b516f102aa90b53619e09722b8ea56721c99bfcb4f1035f9b333d99f52330226?s=96&d=mm&r=g\",\"caption\":\"Uredni\u0161tvo Celjana\"},\"url\":\"https:\\\/\\\/novice.si\\\/page\\\/author\\\/nejc\\\/\"}]}<\/script>\n<!-- \/ Yoast SEO plugin. -->","yoast_head_json":{"title":"Marko \u0160kugor se rad kopa tudi v Pod\u010detrtku - Novice.si","robots":{"index":"index","follow":"follow","max-snippet":"max-snippet:-1","max-image-preview":"max-image-preview:large","max-video-preview":"max-video-preview:-1"},"canonical":"https:\/\/novice.si\/page\/marko-skugor-se-rad-kopa-tudi-v-podcetrtku\/","og_locale":"sl_SI","og_type":"article","og_title":"Marko \u0160kugor se rad kopa tudi v Pod\u010detrtku - Novice.si","og_description":"Marko \u0160kugor. Vse bolj priljubljeni pevec iz Dalmacije zadnja leta polni dvorane \u0161irom Slovenije. Prve pevske izku\u0161nje je nabiral v klapah, med prvimi nastopi pa je bil kar evrovizijski oder \u2026 Marko, ki je pred dnevi izdal novo pesem, pravi, da obo\u017euje slovensko ob\u010dinstvo, povedal pa nam je tudi, da rad zahaja v Terme Olimia. [&hellip;]","og_url":"https:\/\/novice.si\/page\/marko-skugor-se-rad-kopa-tudi-v-podcetrtku\/","og_site_name":"Novice.si","article_published_time":"2022-12-07T09:44:14+00:00","og_image":[{"width":806,"height":890,"url":"https:\/\/novice.si\/page\/wp-content\/uploads\/2022\/12\/marko-skugor.jpeg","type":"image\/jpeg"}],"author":"Uredni\u0161tvo Celjana","twitter_card":"summary_large_image","twitter_misc":{"Written by":"Uredni\u0161tvo Celjana","Est. reading time":"7 minut"},"schema":{"@context":"https:\/\/schema.org","@graph":[{"@type":"Article","@id":"https:\/\/novice.si\/page\/marko-skugor-se-rad-kopa-tudi-v-podcetrtku\/#article","isPartOf":{"@id":"https:\/\/novice.si\/page\/marko-skugor-se-rad-kopa-tudi-v-podcetrtku\/"},"author":{"name":"Uredni\u0161tvo Celjana","@id":"https:\/\/novice.si\/page\/#\/schema\/person\/51903923b50fefb075bc1cd24fe4d065"},"headline":"Marko \u0160kugor se rad kopa tudi v Pod\u010detrtku","datePublished":"2022-12-07T09:44:14+00:00","mainEntityOfPage":{"@id":"https:\/\/novice.si\/page\/marko-skugor-se-rad-kopa-tudi-v-podcetrtku\/"},"wordCount":1134,"publisher":{"@id":"https:\/\/novice.si\/page\/#organization"},"image":{"@id":"https:\/\/novice.si\/page\/marko-skugor-se-rad-kopa-tudi-v-podcetrtku\/#primaryimage"},"thumbnailUrl":"https:\/\/novice.si\/page\/wp-content\/uploads\/2022\/12\/marko-skugor.jpeg","keywords":["marko \u0161kugod pod\u010detrtek","marko \u0161kugor"],"articleSection":["Aktualno","\u010casopisi","Dru\u017eabno","Kozjansko","Radio Rogla","Roga\u0161ke novice"],"inLanguage":"sl-SI"},{"@type":"WebPage","@id":"https:\/\/novice.si\/page\/marko-skugor-se-rad-kopa-tudi-v-podcetrtku\/","url":"https:\/\/novice.si\/page\/marko-skugor-se-rad-kopa-tudi-v-podcetrtku\/","name":"Marko \u0160kugor se rad kopa tudi v Pod\u010detrtku - Novice.si","isPartOf":{"@id":"https:\/\/novice.si\/page\/#website"},"primaryImageOfPage":{"@id":"https:\/\/novice.si\/page\/marko-skugor-se-rad-kopa-tudi-v-podcetrtku\/#primaryimage"},"image":{"@id":"https:\/\/novice.si\/page\/marko-skugor-se-rad-kopa-tudi-v-podcetrtku\/#primaryimage"},"thumbnailUrl":"https:\/\/novice.si\/page\/wp-content\/uploads\/2022\/12\/marko-skugor.jpeg","datePublished":"2022-12-07T09:44:14+00:00","breadcrumb":{"@id":"https:\/\/novice.si\/page\/marko-skugor-se-rad-kopa-tudi-v-podcetrtku\/#breadcrumb"},"inLanguage":"sl-SI","potentialAction":[{"@type":"ReadAction","target":["https:\/\/novice.si\/page\/marko-skugor-se-rad-kopa-tudi-v-podcetrtku\/"]}]},{"@type":"ImageObject","inLanguage":"sl-SI","@id":"https:\/\/novice.si\/page\/marko-skugor-se-rad-kopa-tudi-v-podcetrtku\/#primaryimage","url":"https:\/\/novice.si\/page\/wp-content\/uploads\/2022\/12\/marko-skugor.jpeg","contentUrl":"https:\/\/novice.si\/page\/wp-content\/uploads\/2022\/12\/marko-skugor.jpeg","width":806,"height":890},{"@type":"BreadcrumbList","@id":"https:\/\/novice.si\/page\/marko-skugor-se-rad-kopa-tudi-v-podcetrtku\/#breadcrumb","itemListElement":[{"@type":"ListItem","position":1,"name":"Home","item":"https:\/\/novice.si\/page\/"},{"@type":"ListItem","position":2,"name":"Marko \u0160kugor se rad kopa tudi v Pod\u010detrtku"}]},{"@type":"WebSite","@id":"https:\/\/novice.si\/page\/#website","url":"https:\/\/novice.si\/page\/","name":"Novice.si","description":"","publisher":{"@id":"https:\/\/novice.si\/page\/#organization"},"potentialAction":[{"@type":"SearchAction","target":{"@type":"EntryPoint","urlTemplate":"https:\/\/novice.si\/page\/?s={search_term_string}"},"query-input":{"@type":"PropertyValueSpecification","valueRequired":true,"valueName":"search_term_string"}}],"inLanguage":"sl-SI"},{"@type":"Organization","@id":"https:\/\/novice.si\/page\/#organization","name":"Novice.si","url":"https:\/\/novice.si\/page\/","logo":{"@type":"ImageObject","inLanguage":"sl-SI","@id":"https:\/\/novice.si\/page\/#\/schema\/logo\/image\/","url":"https:\/\/novice.si\/page\/wp-content\/uploads\/2023\/03\/novice_si.png","contentUrl":"https:\/\/novice.si\/page\/wp-content\/uploads\/2023\/03\/novice_si.png","width":576,"height":200,"caption":"Novice.si"},"image":{"@id":"https:\/\/novice.si\/page\/#\/schema\/logo\/image\/"}},{"@type":"Person","@id":"https:\/\/novice.si\/page\/#\/schema\/person\/51903923b50fefb075bc1cd24fe4d065","name":"Uredni\u0161tvo Celjana","image":{"@type":"ImageObject","inLanguage":"sl-SI","@id":"https:\/\/secure.gravatar.com\/avatar\/b516f102aa90b53619e09722b8ea56721c99bfcb4f1035f9b333d99f52330226?s=96&d=mm&r=g","url":"https:\/\/secure.gravatar.com\/avatar\/b516f102aa90b53619e09722b8ea56721c99bfcb4f1035f9b333d99f52330226?s=96&d=mm&r=g","contentUrl":"https:\/\/secure.gravatar.com\/avatar\/b516f102aa90b53619e09722b8ea56721c99bfcb4f1035f9b333d99f52330226?s=96&d=mm&r=g","caption":"Uredni\u0161tvo Celjana"},"url":"https:\/\/novice.si\/page\/author\/nejc\/"}]}},"_links":{"self":[{"href":"https:\/\/novice.si\/page\/wp-json\/wp\/v2\/posts\/157686","targetHints":{"allow":["GET"]}}],"collection":[{"href":"https:\/\/novice.si\/page\/wp-json\/wp\/v2\/posts"}],"about":[{"href":"https:\/\/novice.si\/page\/wp-json\/wp\/v2\/types\/post"}],"author":[{"embeddable":true,"href":"https:\/\/novice.si\/page\/wp-json\/wp\/v2\/users\/12"}],"replies":[{"embeddable":true,"href":"https:\/\/novice.si\/page\/wp-json\/wp\/v2\/comments?post=157686"}],"version-history":[{"count":1,"href":"https:\/\/novice.si\/page\/wp-json\/wp\/v2\/posts\/157686\/revisions"}],"predecessor-version":[{"id":157690,"href":"https:\/\/novice.si\/page\/wp-json\/wp\/v2\/posts\/157686\/revisions\/157690"}],"wp:featuredmedia":[{"embeddable":true,"href":"https:\/\/novice.si\/page\/wp-json\/wp\/v2\/media\/157688"}],"wp:attachment":[{"href":"https:\/\/novice.si\/page\/wp-json\/wp\/v2\/media?parent=157686"}],"wp:term":[{"taxonomy":"category","embeddable":true,"href":"https:\/\/novice.si\/page\/wp-json\/wp\/v2\/categories?post=157686"},{"taxonomy":"post_tag","embeddable":true,"href":"https:\/\/novice.si\/page\/wp-json\/wp\/v2\/tags?post=157686"}],"curies":[{"name":"wp","href":"https:\/\/api.w.org\/{rel}","templated":true}]}}