{"id":157676,"date":"2022-12-07T10:23:16","date_gmt":"2022-12-07T09:23:16","guid":{"rendered":"https:\/\/novice.si\/page\/?p=157676"},"modified":"2022-12-07T10:29:37","modified_gmt":"2022-12-07T09:29:37","slug":"vitanje-na-ustanovni-seji-obcinskega-sveta-so-se-poslovili-od-slavka-vetriha-in-pozdravili-novega-zupana-andraza-pogorevca","status":"publish","type":"post","link":"https:\/\/novice.si\/page\/vitanje-na-ustanovni-seji-obcinskega-sveta-so-se-poslovili-od-slavka-vetriha-in-pozdravili-novega-zupana-andraza-pogorevca\/","title":{"rendered":"Vitanje: na ustanovni seji ob\u010dinskega sveta so se poslovili od Slavka Vetriha in pozdravili \u017eupana Andra\u017ea Pogorevca"},"content":{"rendered":"<p><strong>Na prvi (ustanovni) seji so se sino\u010di zbrali svetniki ob\u010dine Vitanje. <\/strong><\/p>\n<p>Sejo je najprej vodil najstarej\u0161i svetnik, to je <strong>Viljem Petaci<\/strong>. Predsednica Ob\u010dinske volilne komisije <strong>Irena Ne\u010demer<\/strong> je svetnikom poro\u010dala o poteku volitev, sledilo je imenovanje komisije za potrjevanje mandatov. Po potrditvi mandatov vsem 11 svetnikom (od teh jih je pet izvoljenih na novo, drugi mandat nadaljujejo) in po ugotovitvi izvolitve \u017eupana so se z zahvalami poslovili od dosedanjega \u017eupana<strong> Slavka Vetriha<\/strong>. Vitanje je skupaj vodil \u0161tiri mandate. Ob\u010dino zapu\u0161\u010da v dobri kondiciji, je ob slovesu ocenil za lokalni \u010dasopis NOVICE in Radio Rogla.<br \/>\nVodenje seje in tudi ob\u010dine Vitanje je nato tudi uradno prevzel novi \u017eupan <strong>Andra\u017e Pogorevc<\/strong>. Bo nepoklicni \u017eupan, je povedal, predvsem pa si \u017eeli dobrega sodelovanja z ob\u010dinskim svetom. Najprej se bo lotil analize osnutka prora\u010duna, ki so ga svetniki v prej\u0161nji sestavi, tik pred volitvami, sicer \u017ee potrdili. (N. K.)<br \/>\n<em><strong>Podrobneje o tem bomo pora\u010dali naslednji teden v lokalnem \u010dasopisu NOVICE.<\/strong><\/em><\/p>\n\r\n                <style type=\"text\/css\">\r\n                    \r\n                    #tdi_1  .td-doubleSlider-2 .td-item1 {\r\n                        background: url(https:\/\/novice.si\/page\/wp-content\/uploads\/2022\/12\/viber_image_2022-12-07_10-14-06-823-80x60.jpg) 0 0 no-repeat;\r\n                    }\r\n                    #tdi_1  .td-doubleSlider-2 .td-item2 {\r\n                        background: url(https:\/\/novice.si\/page\/wp-content\/uploads\/2022\/12\/viber_image_2022-12-07_10-13-52-875-80x60.jpg) 0 0 no-repeat;\r\n                    }\r\n                    #tdi_1  .td-doubleSlider-2 .td-item3 {\r\n                        background: url(https:\/\/novice.si\/page\/wp-content\/uploads\/2022\/12\/viber_image_2022-12-07_10-13-45-118-80x60.jpg) 0 0 no-repeat;\r\n                    }\r\n                    #tdi_1  .td-doubleSlider-2 .td-item4 {\r\n                        background: url(https:\/\/novice.si\/page\/wp-content\/uploads\/2022\/12\/viber_image_2022-12-07_10-13-34-286-80x60.jpg) 0 0 no-repeat;\r\n                    }\r\n                    #tdi_1  .td-doubleSlider-2 .td-item5 {\r\n                        background: url(https:\/\/novice.si\/page\/wp-content\/uploads\/2022\/12\/viber_image_2022-12-07_10-12-56-972-80x60.jpg) 0 0 no-repeat;\r\n                    }\r\n                <\/style>\r\n\r\n                <div id=\"tdi_1\" class=\"td-gallery td-slide-on-2-columns\">\r\n                    <div class=\"post_td_gallery\">\r\n                        <div class=\"td-gallery-slide-top\">\r\n                           <div class=\"td-gallery-title\"><\/div>\r\n\r\n                            <div class=\"td-gallery-controls-wrapper\">\r\n                                <div class=\"td-gallery-slide-count\"><span class=\"td-gallery-slide-item-focus\">1<\/span> od 5<\/div>\r\n                                <div class=\"td-gallery-slide-prev-next-but\">\r\n                                    <i class = \"td-icon-left doubleSliderPrevButton\"><\/i>\r\n                                    <i class = \"td-icon-right doubleSliderNextButton\"><\/i>\r\n                                <\/div>\r\n                            <\/div>\r\n                        <\/div>\r\n\r\n                        <div class = \"td-doubleSlider-1 \">\r\n                            <div class = \"td-slider\">\r\n                                \r\n                    <div class = \"td-slide-item td-item1\">\r\n                        <figure class=\"td-slide-galery-figure td-slide-popup-gallery\">\r\n                            <a class=\"slide-gallery-image-link\" href=\"https:\/\/novice.si\/page\/wp-content\/uploads\/2022\/12\/viber_image_2022-12-07_10-14-06-823.jpg\" title=\"viber_image_2022-12-07_10-14-06-823\"  data-caption=\"Viljem Petaci in Irena Ne\u010demer.\"  data-description=\"\" data-gallery>\r\n                                <img decoding=\"async\" src=\"https:\/\/novice.si\/page\/wp-content\/uploads\/2022\/12\/viber_image_2022-12-07_10-14-06-823-560x420.jpg\" srcset=\"https:\/\/novice.si\/page\/wp-content\/uploads\/2022\/12\/viber_image_2022-12-07_10-14-06-823-560x420.jpg 560w, https:\/\/novice.si\/page\/wp-content\/uploads\/2022\/12\/viber_image_2022-12-07_10-14-06-823-300x225.jpg 300w, https:\/\/novice.si\/page\/wp-content\/uploads\/2022\/12\/viber_image_2022-12-07_10-14-06-823-1024x768.jpg 1024w, https:\/\/novice.si\/page\/wp-content\/uploads\/2022\/12\/viber_image_2022-12-07_10-14-06-823-768x576.jpg 768w, https:\/\/novice.si\/page\/wp-content\/uploads\/2022\/12\/viber_image_2022-12-07_10-14-06-823-1536x1152.jpg 1536w, https:\/\/novice.si\/page\/wp-content\/uploads\/2022\/12\/viber_image_2022-12-07_10-14-06-823-80x60.jpg 80w, https:\/\/novice.si\/page\/wp-content\/uploads\/2022\/12\/viber_image_2022-12-07_10-14-06-823-265x198.jpg 265w, https:\/\/novice.si\/page\/wp-content\/uploads\/2022\/12\/viber_image_2022-12-07_10-14-06-823-696x522.jpg 696w, https:\/\/novice.si\/page\/wp-content\/uploads\/2022\/12\/viber_image_2022-12-07_10-14-06-823-1068x801.jpg 1068w, https:\/\/novice.si\/page\/wp-content\/uploads\/2022\/12\/viber_image_2022-12-07_10-14-06-823-24x18.jpg 24w, https:\/\/novice.si\/page\/wp-content\/uploads\/2022\/12\/viber_image_2022-12-07_10-14-06-823-36x27.jpg 36w, https:\/\/novice.si\/page\/wp-content\/uploads\/2022\/12\/viber_image_2022-12-07_10-14-06-823-48x36.jpg 48w, https:\/\/novice.si\/page\/wp-content\/uploads\/2022\/12\/viber_image_2022-12-07_10-14-06-823.jpg 1600w\" sizes=\"(max-width: 560px) 100vw, 560px\" alt=\"\">\r\n                            <\/a>\r\n                            <figcaption class = \"td-slide-caption td-gallery-slide-content\"><div class = \"td-gallery-slide-copywrite\">Viljem Petaci in Irena Ne\u010demer.<\/div><\/figcaption>\r\n                        <\/figure>\r\n                    <\/div>\r\n                    <div class = \"td-slide-item td-item2\">\r\n                        <figure class=\"td-slide-galery-figure td-slide-popup-gallery\">\r\n                            <a class=\"slide-gallery-image-link\" href=\"https:\/\/novice.si\/page\/wp-content\/uploads\/2022\/12\/viber_image_2022-12-07_10-13-52-875.jpg\" title=\"viber_image_2022-12-07_10-13-52-875\"  data-caption=\"Slavko Vetrih se je poslovil z darilom, ki mu ga je izro\u010dil direktor ob\u010dinske uprave.\"  data-description=\"\" data-gallery>\r\n                                <img decoding=\"async\" src=\"https:\/\/novice.si\/page\/wp-content\/uploads\/2022\/12\/viber_image_2022-12-07_10-13-52-875-560x420.jpg\" srcset=\"https:\/\/novice.si\/page\/wp-content\/uploads\/2022\/12\/viber_image_2022-12-07_10-13-52-875-560x420.jpg 560w, https:\/\/novice.si\/page\/wp-content\/uploads\/2022\/12\/viber_image_2022-12-07_10-13-52-875-300x225.jpg 300w, https:\/\/novice.si\/page\/wp-content\/uploads\/2022\/12\/viber_image_2022-12-07_10-13-52-875-1024x768.jpg 1024w, https:\/\/novice.si\/page\/wp-content\/uploads\/2022\/12\/viber_image_2022-12-07_10-13-52-875-768x576.jpg 768w, https:\/\/novice.si\/page\/wp-content\/uploads\/2022\/12\/viber_image_2022-12-07_10-13-52-875-1536x1152.jpg 1536w, https:\/\/novice.si\/page\/wp-content\/uploads\/2022\/12\/viber_image_2022-12-07_10-13-52-875-80x60.jpg 80w, https:\/\/novice.si\/page\/wp-content\/uploads\/2022\/12\/viber_image_2022-12-07_10-13-52-875-265x198.jpg 265w, https:\/\/novice.si\/page\/wp-content\/uploads\/2022\/12\/viber_image_2022-12-07_10-13-52-875-696x522.jpg 696w, https:\/\/novice.si\/page\/wp-content\/uploads\/2022\/12\/viber_image_2022-12-07_10-13-52-875-1068x801.jpg 1068w, https:\/\/novice.si\/page\/wp-content\/uploads\/2022\/12\/viber_image_2022-12-07_10-13-52-875-24x18.jpg 24w, https:\/\/novice.si\/page\/wp-content\/uploads\/2022\/12\/viber_image_2022-12-07_10-13-52-875-36x27.jpg 36w, https:\/\/novice.si\/page\/wp-content\/uploads\/2022\/12\/viber_image_2022-12-07_10-13-52-875-48x36.jpg 48w, https:\/\/novice.si\/page\/wp-content\/uploads\/2022\/12\/viber_image_2022-12-07_10-13-52-875.jpg 1600w\" sizes=\"(max-width: 560px) 100vw, 560px\" alt=\"\">\r\n                            <\/a>\r\n                            <figcaption class = \"td-slide-caption td-gallery-slide-content\"><div class = \"td-gallery-slide-copywrite\">Slavko Vetrih se je poslovil z darilom, ki mu ga je izro\u010dil direktor ob\u010dinske uprave.<\/div><\/figcaption>\r\n                        <\/figure>\r\n                    <\/div>\r\n                    <div class = \"td-slide-item td-item3\">\r\n                        <figure class=\"td-slide-galery-figure td-slide-popup-gallery\">\r\n                            <a class=\"slide-gallery-image-link\" href=\"https:\/\/novice.si\/page\/wp-content\/uploads\/2022\/12\/viber_image_2022-12-07_10-13-45-118.jpg\" title=\"viber_image_2022-12-07_10-13-45-118\"  data-caption=\"Vodenje seje je prevzel novi \u017eupan Andra\u017e Pogorevc.\"  data-description=\"\" data-gallery>\r\n                                <img decoding=\"async\" src=\"https:\/\/novice.si\/page\/wp-content\/uploads\/2022\/12\/viber_image_2022-12-07_10-13-45-118-560x420.jpg\" srcset=\"https:\/\/novice.si\/page\/wp-content\/uploads\/2022\/12\/viber_image_2022-12-07_10-13-45-118-560x420.jpg 560w, https:\/\/novice.si\/page\/wp-content\/uploads\/2022\/12\/viber_image_2022-12-07_10-13-45-118-300x225.jpg 300w, https:\/\/novice.si\/page\/wp-content\/uploads\/2022\/12\/viber_image_2022-12-07_10-13-45-118-1024x768.jpg 1024w, https:\/\/novice.si\/page\/wp-content\/uploads\/2022\/12\/viber_image_2022-12-07_10-13-45-118-768x576.jpg 768w, https:\/\/novice.si\/page\/wp-content\/uploads\/2022\/12\/viber_image_2022-12-07_10-13-45-118-1536x1152.jpg 1536w, https:\/\/novice.si\/page\/wp-content\/uploads\/2022\/12\/viber_image_2022-12-07_10-13-45-118-80x60.jpg 80w, https:\/\/novice.si\/page\/wp-content\/uploads\/2022\/12\/viber_image_2022-12-07_10-13-45-118-265x198.jpg 265w, https:\/\/novice.si\/page\/wp-content\/uploads\/2022\/12\/viber_image_2022-12-07_10-13-45-118-696x522.jpg 696w, https:\/\/novice.si\/page\/wp-content\/uploads\/2022\/12\/viber_image_2022-12-07_10-13-45-118-1068x801.jpg 1068w, https:\/\/novice.si\/page\/wp-content\/uploads\/2022\/12\/viber_image_2022-12-07_10-13-45-118-24x18.jpg 24w, https:\/\/novice.si\/page\/wp-content\/uploads\/2022\/12\/viber_image_2022-12-07_10-13-45-118-36x27.jpg 36w, https:\/\/novice.si\/page\/wp-content\/uploads\/2022\/12\/viber_image_2022-12-07_10-13-45-118-48x36.jpg 48w, https:\/\/novice.si\/page\/wp-content\/uploads\/2022\/12\/viber_image_2022-12-07_10-13-45-118.jpg 1600w\" sizes=\"(max-width: 560px) 100vw, 560px\" alt=\"\">\r\n                            <\/a>\r\n                            <figcaption class = \"td-slide-caption td-gallery-slide-content\"><div class = \"td-gallery-slide-copywrite\">Vodenje seje je prevzel novi \u017eupan Andra\u017e Pogorevc.<\/div><\/figcaption>\r\n                        <\/figure>\r\n                    <\/div>\r\n                    <div class = \"td-slide-item td-item4\">\r\n                        <figure class=\"td-slide-galery-figure td-slide-popup-gallery\">\r\n                            <a class=\"slide-gallery-image-link\" href=\"https:\/\/novice.si\/page\/wp-content\/uploads\/2022\/12\/viber_image_2022-12-07_10-13-34-286.jpg\" title=\"viber_image_2022-12-07_10-13-34-286\"  data-caption=\"\"  data-description=\"\" data-gallery>\r\n                                <img decoding=\"async\" src=\"https:\/\/novice.si\/page\/wp-content\/uploads\/2022\/12\/viber_image_2022-12-07_10-13-34-286-560x420.jpg\" srcset=\"https:\/\/novice.si\/page\/wp-content\/uploads\/2022\/12\/viber_image_2022-12-07_10-13-34-286-560x420.jpg 560w, https:\/\/novice.si\/page\/wp-content\/uploads\/2022\/12\/viber_image_2022-12-07_10-13-34-286-300x225.jpg 300w, https:\/\/novice.si\/page\/wp-content\/uploads\/2022\/12\/viber_image_2022-12-07_10-13-34-286-1024x768.jpg 1024w, https:\/\/novice.si\/page\/wp-content\/uploads\/2022\/12\/viber_image_2022-12-07_10-13-34-286-768x576.jpg 768w, https:\/\/novice.si\/page\/wp-content\/uploads\/2022\/12\/viber_image_2022-12-07_10-13-34-286-1536x1152.jpg 1536w, https:\/\/novice.si\/page\/wp-content\/uploads\/2022\/12\/viber_image_2022-12-07_10-13-34-286-80x60.jpg 80w, https:\/\/novice.si\/page\/wp-content\/uploads\/2022\/12\/viber_image_2022-12-07_10-13-34-286-265x198.jpg 265w, https:\/\/novice.si\/page\/wp-content\/uploads\/2022\/12\/viber_image_2022-12-07_10-13-34-286-696x522.jpg 696w, https:\/\/novice.si\/page\/wp-content\/uploads\/2022\/12\/viber_image_2022-12-07_10-13-34-286-1068x801.jpg 1068w, https:\/\/novice.si\/page\/wp-content\/uploads\/2022\/12\/viber_image_2022-12-07_10-13-34-286-24x18.jpg 24w, https:\/\/novice.si\/page\/wp-content\/uploads\/2022\/12\/viber_image_2022-12-07_10-13-34-286-36x27.jpg 36w, https:\/\/novice.si\/page\/wp-content\/uploads\/2022\/12\/viber_image_2022-12-07_10-13-34-286-48x36.jpg 48w, https:\/\/novice.si\/page\/wp-content\/uploads\/2022\/12\/viber_image_2022-12-07_10-13-34-286.jpg 1600w\" sizes=\"(max-width: 560px) 100vw, 560px\" alt=\"\">\r\n                            <\/a>\r\n                            \r\n                        <\/figure>\r\n                    <\/div>\r\n                    <div class = \"td-slide-item td-item5\">\r\n                        <figure class=\"td-slide-galery-figure td-slide-popup-gallery\">\r\n                            <a class=\"slide-gallery-image-link\" href=\"https:\/\/novice.si\/page\/wp-content\/uploads\/2022\/12\/viber_image_2022-12-07_10-12-56-972.jpg\" title=\"viber_image_2022-12-07_10-12-56-972\"  data-caption=\"\"  data-description=\"\" data-gallery>\r\n                                <img decoding=\"async\" src=\"https:\/\/novice.si\/page\/wp-content\/uploads\/2022\/12\/viber_image_2022-12-07_10-12-56-972-560x420.jpg\" srcset=\"https:\/\/novice.si\/page\/wp-content\/uploads\/2022\/12\/viber_image_2022-12-07_10-12-56-972-560x420.jpg 560w, https:\/\/novice.si\/page\/wp-content\/uploads\/2022\/12\/viber_image_2022-12-07_10-12-56-972-300x225.jpg 300w, https:\/\/novice.si\/page\/wp-content\/uploads\/2022\/12\/viber_image_2022-12-07_10-12-56-972-1024x768.jpg 1024w, https:\/\/novice.si\/page\/wp-content\/uploads\/2022\/12\/viber_image_2022-12-07_10-12-56-972-768x576.jpg 768w, https:\/\/novice.si\/page\/wp-content\/uploads\/2022\/12\/viber_image_2022-12-07_10-12-56-972-1536x1152.jpg 1536w, https:\/\/novice.si\/page\/wp-content\/uploads\/2022\/12\/viber_image_2022-12-07_10-12-56-972-80x60.jpg 80w, https:\/\/novice.si\/page\/wp-content\/uploads\/2022\/12\/viber_image_2022-12-07_10-12-56-972-265x198.jpg 265w, https:\/\/novice.si\/page\/wp-content\/uploads\/2022\/12\/viber_image_2022-12-07_10-12-56-972-696x522.jpg 696w, https:\/\/novice.si\/page\/wp-content\/uploads\/2022\/12\/viber_image_2022-12-07_10-12-56-972-1068x801.jpg 1068w, https:\/\/novice.si\/page\/wp-content\/uploads\/2022\/12\/viber_image_2022-12-07_10-12-56-972-24x18.jpg 24w, https:\/\/novice.si\/page\/wp-content\/uploads\/2022\/12\/viber_image_2022-12-07_10-12-56-972-36x27.jpg 36w, https:\/\/novice.si\/page\/wp-content\/uploads\/2022\/12\/viber_image_2022-12-07_10-12-56-972-48x36.jpg 48w, https:\/\/novice.si\/page\/wp-content\/uploads\/2022\/12\/viber_image_2022-12-07_10-12-56-972.jpg 1600w\" sizes=\"(max-width: 560px) 100vw, 560px\" alt=\"\">\r\n                            <\/a>\r\n                            \r\n                        <\/figure>\r\n                    <\/div>\r\n                            <\/div>\r\n                        <\/div>\r\n\r\n                        <div class = \"td-doubleSlider-2\">\r\n                            <div class = \"td-slider\">\r\n                                \r\n                    <div class = \"td-button td-item1\">\r\n                        <div class = \"td-border\"><\/div>\r\n                    <\/div>\r\n                    <div class = \"td-button td-item2\">\r\n                        <div class = \"td-border\"><\/div>\r\n                    <\/div>\r\n                    <div class = \"td-button td-item3\">\r\n                        <div class = \"td-border\"><\/div>\r\n                    <\/div>\r\n                    <div class = \"td-button td-item4\">\r\n                        <div class = \"td-border\"><\/div>\r\n                    <\/div>\r\n                    <div class = \"td-button td-item5\">\r\n                        <div class = \"td-border\"><\/div>\r\n                    <\/div>\r\n                            <\/div>\r\n                        <\/div>\r\n\r\n                    <\/div>\r\n\r\n                <\/div>\r\n                \n<p>&nbsp;<\/p>\n","protected":false},"excerpt":{"rendered":"<p>Na prvi (ustanovni) seji so se sino\u010di zbrali svetniki ob\u010dine Vitanje. Sejo je najprej vodil najstarej\u0161i svetnik, to je Viljem Petaci. Predsednica Ob\u010dinske volilne komisije Irena Ne\u010demer je svetnikom poro\u010dala o poteku volitev, sledilo je imenovanje komisije za potrjevanje mandatov. Po potrditvi mandatov vsem 11 svetnikom (od teh jih je pet izvoljenih na novo, drugi [&hellip;]<\/p>\n","protected":false},"author":12,"featured_media":157681,"comment_status":"closed","ping_status":"closed","sticky":false,"template":"","format":"standard","meta":{"footnotes":""},"categories":[14,868,16,141,3108],"tags":[16555,7185,205],"class_list":{"0":"post-157676","1":"post","2":"type-post","3":"status-publish","4":"format-standard","5":"has-post-thumbnail","7":"category-aktualno","8":"category-casopisi","9":"category-konjisko","10":"category-novice","11":"category-radio-rogla","12":"tag-dandraz-pogorevc","13":"tag-slavko-vetrih","14":"tag-vitanje"},"yoast_head":"<!-- This site is optimized with the Yoast SEO plugin v27.4 - https:\/\/yoast.com\/product\/yoast-seo-wordpress\/ -->\n<title>Vitanje: na ustanovni seji ob\u010dinskega sveta so se poslovili od Slavka Vetriha in pozdravili \u017eupana Andra\u017ea Pogorevca - Novice.si<\/title>\n<meta name=\"robots\" content=\"index, follow, max-snippet:-1, max-image-preview:large, max-video-preview:-1\" \/>\n<link rel=\"canonical\" href=\"https:\/\/novice.si\/page\/vitanje-na-ustanovni-seji-obcinskega-sveta-so-se-poslovili-od-slavka-vetriha-in-pozdravili-novega-zupana-andraza-pogorevca\/\" \/>\n<meta property=\"og:locale\" content=\"sl_SI\" \/>\n<meta property=\"og:type\" content=\"article\" \/>\n<meta property=\"og:title\" content=\"Vitanje: na ustanovni seji ob\u010dinskega sveta so se poslovili od Slavka Vetriha in pozdravili \u017eupana Andra\u017ea Pogorevca - Novice.si\" \/>\n<meta property=\"og:description\" content=\"Na prvi (ustanovni) seji so se sino\u010di zbrali svetniki ob\u010dine Vitanje. Sejo je najprej vodil najstarej\u0161i svetnik, to je Viljem Petaci. Predsednica Ob\u010dinske volilne komisije Irena Ne\u010demer je svetnikom poro\u010dala o poteku volitev, sledilo je imenovanje komisije za potrjevanje mandatov. Po potrditvi mandatov vsem 11 svetnikom (od teh jih je pet izvoljenih na novo, drugi [&hellip;]\" \/>\n<meta property=\"og:url\" content=\"https:\/\/novice.si\/page\/vitanje-na-ustanovni-seji-obcinskega-sveta-so-se-poslovili-od-slavka-vetriha-in-pozdravili-novega-zupana-andraza-pogorevca\/\" \/>\n<meta property=\"og:site_name\" content=\"Novice.si\" \/>\n<meta property=\"article:published_time\" content=\"2022-12-07T09:23:16+00:00\" \/>\n<meta property=\"article:modified_time\" content=\"2022-12-07T09:29:37+00:00\" \/>\n<meta property=\"og:image\" content=\"https:\/\/novice.si\/page\/wp-content\/uploads\/2022\/12\/viber_image_2022-12-07_10-12-56-972.jpg\" \/>\n\t<meta property=\"og:image:width\" content=\"1600\" \/>\n\t<meta property=\"og:image:height\" content=\"1200\" \/>\n\t<meta property=\"og:image:type\" content=\"image\/jpeg\" \/>\n<meta name=\"author\" content=\"Uredni\u0161tvo Celjana\" \/>\n<meta name=\"twitter:card\" content=\"summary_large_image\" \/>\n<meta name=\"twitter:label1\" content=\"Written by\" \/>\n\t<meta name=\"twitter:data1\" content=\"Uredni\u0161tvo Celjana\" \/>\n\t<meta name=\"twitter:label2\" content=\"Est. reading time\" \/>\n\t<meta name=\"twitter:data2\" content=\"1 minuta\" \/>\n<script type=\"application\/ld+json\" class=\"yoast-schema-graph\">{\"@context\":\"https:\\\/\\\/schema.org\",\"@graph\":[{\"@type\":\"Article\",\"@id\":\"https:\\\/\\\/novice.si\\\/page\\\/vitanje-na-ustanovni-seji-obcinskega-sveta-so-se-poslovili-od-slavka-vetriha-in-pozdravili-novega-zupana-andraza-pogorevca\\\/#article\",\"isPartOf\":{\"@id\":\"https:\\\/\\\/novice.si\\\/page\\\/vitanje-na-ustanovni-seji-obcinskega-sveta-so-se-poslovili-od-slavka-vetriha-in-pozdravili-novega-zupana-andraza-pogorevca\\\/\"},\"author\":{\"name\":\"Uredni\u0161tvo Celjana\",\"@id\":\"https:\\\/\\\/novice.si\\\/page\\\/#\\\/schema\\\/person\\\/51903923b50fefb075bc1cd24fe4d065\"},\"headline\":\"Vitanje: na ustanovni seji ob\u010dinskega sveta so se poslovili od Slavka Vetriha in pozdravili \u017eupana Andra\u017ea Pogorevca\",\"datePublished\":\"2022-12-07T09:23:16+00:00\",\"dateModified\":\"2022-12-07T09:29:37+00:00\",\"mainEntityOfPage\":{\"@id\":\"https:\\\/\\\/novice.si\\\/page\\\/vitanje-na-ustanovni-seji-obcinskega-sveta-so-se-poslovili-od-slavka-vetriha-in-pozdravili-novega-zupana-andraza-pogorevca\\\/\"},\"wordCount\":197,\"publisher\":{\"@id\":\"https:\\\/\\\/novice.si\\\/page\\\/#organization\"},\"image\":{\"@id\":\"https:\\\/\\\/novice.si\\\/page\\\/vitanje-na-ustanovni-seji-obcinskega-sveta-so-se-poslovili-od-slavka-vetriha-in-pozdravili-novega-zupana-andraza-pogorevca\\\/#primaryimage\"},\"thumbnailUrl\":\"https:\\\/\\\/novice.si\\\/page\\\/wp-content\\\/uploads\\\/2022\\\/12\\\/viber_image_2022-12-07_10-12-56-972.jpg\",\"keywords\":[\"dandra\u017e pogorevc\",\"slavko vetrih\",\"Vitanje\"],\"articleSection\":[\"Aktualno\",\"\u010casopisi\",\"Konji\u0161ko\",\"Novice\",\"Radio Rogla\"],\"inLanguage\":\"sl-SI\"},{\"@type\":\"WebPage\",\"@id\":\"https:\\\/\\\/novice.si\\\/page\\\/vitanje-na-ustanovni-seji-obcinskega-sveta-so-se-poslovili-od-slavka-vetriha-in-pozdravili-novega-zupana-andraza-pogorevca\\\/\",\"url\":\"https:\\\/\\\/novice.si\\\/page\\\/vitanje-na-ustanovni-seji-obcinskega-sveta-so-se-poslovili-od-slavka-vetriha-in-pozdravili-novega-zupana-andraza-pogorevca\\\/\",\"name\":\"Vitanje: na ustanovni seji ob\u010dinskega sveta so se poslovili od Slavka Vetriha in pozdravili \u017eupana Andra\u017ea Pogorevca - Novice.si\",\"isPartOf\":{\"@id\":\"https:\\\/\\\/novice.si\\\/page\\\/#website\"},\"primaryImageOfPage\":{\"@id\":\"https:\\\/\\\/novice.si\\\/page\\\/vitanje-na-ustanovni-seji-obcinskega-sveta-so-se-poslovili-od-slavka-vetriha-in-pozdravili-novega-zupana-andraza-pogorevca\\\/#primaryimage\"},\"image\":{\"@id\":\"https:\\\/\\\/novice.si\\\/page\\\/vitanje-na-ustanovni-seji-obcinskega-sveta-so-se-poslovili-od-slavka-vetriha-in-pozdravili-novega-zupana-andraza-pogorevca\\\/#primaryimage\"},\"thumbnailUrl\":\"https:\\\/\\\/novice.si\\\/page\\\/wp-content\\\/uploads\\\/2022\\\/12\\\/viber_image_2022-12-07_10-12-56-972.jpg\",\"datePublished\":\"2022-12-07T09:23:16+00:00\",\"dateModified\":\"2022-12-07T09:29:37+00:00\",\"breadcrumb\":{\"@id\":\"https:\\\/\\\/novice.si\\\/page\\\/vitanje-na-ustanovni-seji-obcinskega-sveta-so-se-poslovili-od-slavka-vetriha-in-pozdravili-novega-zupana-andraza-pogorevca\\\/#breadcrumb\"},\"inLanguage\":\"sl-SI\",\"potentialAction\":[{\"@type\":\"ReadAction\",\"target\":[\"https:\\\/\\\/novice.si\\\/page\\\/vitanje-na-ustanovni-seji-obcinskega-sveta-so-se-poslovili-od-slavka-vetriha-in-pozdravili-novega-zupana-andraza-pogorevca\\\/\"]}]},{\"@type\":\"ImageObject\",\"inLanguage\":\"sl-SI\",\"@id\":\"https:\\\/\\\/novice.si\\\/page\\\/vitanje-na-ustanovni-seji-obcinskega-sveta-so-se-poslovili-od-slavka-vetriha-in-pozdravili-novega-zupana-andraza-pogorevca\\\/#primaryimage\",\"url\":\"https:\\\/\\\/novice.si\\\/page\\\/wp-content\\\/uploads\\\/2022\\\/12\\\/viber_image_2022-12-07_10-12-56-972.jpg\",\"contentUrl\":\"https:\\\/\\\/novice.si\\\/page\\\/wp-content\\\/uploads\\\/2022\\\/12\\\/viber_image_2022-12-07_10-12-56-972.jpg\",\"width\":1600,\"height\":1200},{\"@type\":\"BreadcrumbList\",\"@id\":\"https:\\\/\\\/novice.si\\\/page\\\/vitanje-na-ustanovni-seji-obcinskega-sveta-so-se-poslovili-od-slavka-vetriha-in-pozdravili-novega-zupana-andraza-pogorevca\\\/#breadcrumb\",\"itemListElement\":[{\"@type\":\"ListItem\",\"position\":1,\"name\":\"Home\",\"item\":\"https:\\\/\\\/novice.si\\\/page\\\/\"},{\"@type\":\"ListItem\",\"position\":2,\"name\":\"Vitanje: na ustanovni seji ob\u010dinskega sveta so se poslovili od Slavka Vetriha in pozdravili \u017eupana Andra\u017ea Pogorevca\"}]},{\"@type\":\"WebSite\",\"@id\":\"https:\\\/\\\/novice.si\\\/page\\\/#website\",\"url\":\"https:\\\/\\\/novice.si\\\/page\\\/\",\"name\":\"Novice.si\",\"description\":\"\",\"publisher\":{\"@id\":\"https:\\\/\\\/novice.si\\\/page\\\/#organization\"},\"potentialAction\":[{\"@type\":\"SearchAction\",\"target\":{\"@type\":\"EntryPoint\",\"urlTemplate\":\"https:\\\/\\\/novice.si\\\/page\\\/?s={search_term_string}\"},\"query-input\":{\"@type\":\"PropertyValueSpecification\",\"valueRequired\":true,\"valueName\":\"search_term_string\"}}],\"inLanguage\":\"sl-SI\"},{\"@type\":\"Organization\",\"@id\":\"https:\\\/\\\/novice.si\\\/page\\\/#organization\",\"name\":\"Novice.si\",\"url\":\"https:\\\/\\\/novice.si\\\/page\\\/\",\"logo\":{\"@type\":\"ImageObject\",\"inLanguage\":\"sl-SI\",\"@id\":\"https:\\\/\\\/novice.si\\\/page\\\/#\\\/schema\\\/logo\\\/image\\\/\",\"url\":\"https:\\\/\\\/novice.si\\\/page\\\/wp-content\\\/uploads\\\/2023\\\/03\\\/novice_si.png\",\"contentUrl\":\"https:\\\/\\\/novice.si\\\/page\\\/wp-content\\\/uploads\\\/2023\\\/03\\\/novice_si.png\",\"width\":576,\"height\":200,\"caption\":\"Novice.si\"},\"image\":{\"@id\":\"https:\\\/\\\/novice.si\\\/page\\\/#\\\/schema\\\/logo\\\/image\\\/\"}},{\"@type\":\"Person\",\"@id\":\"https:\\\/\\\/novice.si\\\/page\\\/#\\\/schema\\\/person\\\/51903923b50fefb075bc1cd24fe4d065\",\"name\":\"Uredni\u0161tvo Celjana\",\"image\":{\"@type\":\"ImageObject\",\"inLanguage\":\"sl-SI\",\"@id\":\"https:\\\/\\\/secure.gravatar.com\\\/avatar\\\/b516f102aa90b53619e09722b8ea56721c99bfcb4f1035f9b333d99f52330226?s=96&d=mm&r=g\",\"url\":\"https:\\\/\\\/secure.gravatar.com\\\/avatar\\\/b516f102aa90b53619e09722b8ea56721c99bfcb4f1035f9b333d99f52330226?s=96&d=mm&r=g\",\"contentUrl\":\"https:\\\/\\\/secure.gravatar.com\\\/avatar\\\/b516f102aa90b53619e09722b8ea56721c99bfcb4f1035f9b333d99f52330226?s=96&d=mm&r=g\",\"caption\":\"Uredni\u0161tvo Celjana\"},\"url\":\"https:\\\/\\\/novice.si\\\/page\\\/author\\\/nejc\\\/\"}]}<\/script>\n<!-- \/ Yoast SEO plugin. -->","yoast_head_json":{"title":"Vitanje: na ustanovni seji ob\u010dinskega sveta so se poslovili od Slavka Vetriha in pozdravili \u017eupana Andra\u017ea Pogorevca - Novice.si","robots":{"index":"index","follow":"follow","max-snippet":"max-snippet:-1","max-image-preview":"max-image-preview:large","max-video-preview":"max-video-preview:-1"},"canonical":"https:\/\/novice.si\/page\/vitanje-na-ustanovni-seji-obcinskega-sveta-so-se-poslovili-od-slavka-vetriha-in-pozdravili-novega-zupana-andraza-pogorevca\/","og_locale":"sl_SI","og_type":"article","og_title":"Vitanje: na ustanovni seji ob\u010dinskega sveta so se poslovili od Slavka Vetriha in pozdravili \u017eupana Andra\u017ea Pogorevca - Novice.si","og_description":"Na prvi (ustanovni) seji so se sino\u010di zbrali svetniki ob\u010dine Vitanje. Sejo je najprej vodil najstarej\u0161i svetnik, to je Viljem Petaci. Predsednica Ob\u010dinske volilne komisije Irena Ne\u010demer je svetnikom poro\u010dala o poteku volitev, sledilo je imenovanje komisije za potrjevanje mandatov. Po potrditvi mandatov vsem 11 svetnikom (od teh jih je pet izvoljenih na novo, drugi [&hellip;]","og_url":"https:\/\/novice.si\/page\/vitanje-na-ustanovni-seji-obcinskega-sveta-so-se-poslovili-od-slavka-vetriha-in-pozdravili-novega-zupana-andraza-pogorevca\/","og_site_name":"Novice.si","article_published_time":"2022-12-07T09:23:16+00:00","article_modified_time":"2022-12-07T09:29:37+00:00","og_image":[{"width":1600,"height":1200,"url":"https:\/\/novice.si\/page\/wp-content\/uploads\/2022\/12\/viber_image_2022-12-07_10-12-56-972.jpg","type":"image\/jpeg"}],"author":"Uredni\u0161tvo Celjana","twitter_card":"summary_large_image","twitter_misc":{"Written by":"Uredni\u0161tvo Celjana","Est. reading time":"1 minuta"},"schema":{"@context":"https:\/\/schema.org","@graph":[{"@type":"Article","@id":"https:\/\/novice.si\/page\/vitanje-na-ustanovni-seji-obcinskega-sveta-so-se-poslovili-od-slavka-vetriha-in-pozdravili-novega-zupana-andraza-pogorevca\/#article","isPartOf":{"@id":"https:\/\/novice.si\/page\/vitanje-na-ustanovni-seji-obcinskega-sveta-so-se-poslovili-od-slavka-vetriha-in-pozdravili-novega-zupana-andraza-pogorevca\/"},"author":{"name":"Uredni\u0161tvo Celjana","@id":"https:\/\/novice.si\/page\/#\/schema\/person\/51903923b50fefb075bc1cd24fe4d065"},"headline":"Vitanje: na ustanovni seji ob\u010dinskega sveta so se poslovili od Slavka Vetriha in pozdravili \u017eupana Andra\u017ea Pogorevca","datePublished":"2022-12-07T09:23:16+00:00","dateModified":"2022-12-07T09:29:37+00:00","mainEntityOfPage":{"@id":"https:\/\/novice.si\/page\/vitanje-na-ustanovni-seji-obcinskega-sveta-so-se-poslovili-od-slavka-vetriha-in-pozdravili-novega-zupana-andraza-pogorevca\/"},"wordCount":197,"publisher":{"@id":"https:\/\/novice.si\/page\/#organization"},"image":{"@id":"https:\/\/novice.si\/page\/vitanje-na-ustanovni-seji-obcinskega-sveta-so-se-poslovili-od-slavka-vetriha-in-pozdravili-novega-zupana-andraza-pogorevca\/#primaryimage"},"thumbnailUrl":"https:\/\/novice.si\/page\/wp-content\/uploads\/2022\/12\/viber_image_2022-12-07_10-12-56-972.jpg","keywords":["dandra\u017e pogorevc","slavko vetrih","Vitanje"],"articleSection":["Aktualno","\u010casopisi","Konji\u0161ko","Novice","Radio Rogla"],"inLanguage":"sl-SI"},{"@type":"WebPage","@id":"https:\/\/novice.si\/page\/vitanje-na-ustanovni-seji-obcinskega-sveta-so-se-poslovili-od-slavka-vetriha-in-pozdravili-novega-zupana-andraza-pogorevca\/","url":"https:\/\/novice.si\/page\/vitanje-na-ustanovni-seji-obcinskega-sveta-so-se-poslovili-od-slavka-vetriha-in-pozdravili-novega-zupana-andraza-pogorevca\/","name":"Vitanje: na ustanovni seji ob\u010dinskega sveta so se poslovili od Slavka Vetriha in pozdravili \u017eupana Andra\u017ea Pogorevca - Novice.si","isPartOf":{"@id":"https:\/\/novice.si\/page\/#website"},"primaryImageOfPage":{"@id":"https:\/\/novice.si\/page\/vitanje-na-ustanovni-seji-obcinskega-sveta-so-se-poslovili-od-slavka-vetriha-in-pozdravili-novega-zupana-andraza-pogorevca\/#primaryimage"},"image":{"@id":"https:\/\/novice.si\/page\/vitanje-na-ustanovni-seji-obcinskega-sveta-so-se-poslovili-od-slavka-vetriha-in-pozdravili-novega-zupana-andraza-pogorevca\/#primaryimage"},"thumbnailUrl":"https:\/\/novice.si\/page\/wp-content\/uploads\/2022\/12\/viber_image_2022-12-07_10-12-56-972.jpg","datePublished":"2022-12-07T09:23:16+00:00","dateModified":"2022-12-07T09:29:37+00:00","breadcrumb":{"@id":"https:\/\/novice.si\/page\/vitanje-na-ustanovni-seji-obcinskega-sveta-so-se-poslovili-od-slavka-vetriha-in-pozdravili-novega-zupana-andraza-pogorevca\/#breadcrumb"},"inLanguage":"sl-SI","potentialAction":[{"@type":"ReadAction","target":["https:\/\/novice.si\/page\/vitanje-na-ustanovni-seji-obcinskega-sveta-so-se-poslovili-od-slavka-vetriha-in-pozdravili-novega-zupana-andraza-pogorevca\/"]}]},{"@type":"ImageObject","inLanguage":"sl-SI","@id":"https:\/\/novice.si\/page\/vitanje-na-ustanovni-seji-obcinskega-sveta-so-se-poslovili-od-slavka-vetriha-in-pozdravili-novega-zupana-andraza-pogorevca\/#primaryimage","url":"https:\/\/novice.si\/page\/wp-content\/uploads\/2022\/12\/viber_image_2022-12-07_10-12-56-972.jpg","contentUrl":"https:\/\/novice.si\/page\/wp-content\/uploads\/2022\/12\/viber_image_2022-12-07_10-12-56-972.jpg","width":1600,"height":1200},{"@type":"BreadcrumbList","@id":"https:\/\/novice.si\/page\/vitanje-na-ustanovni-seji-obcinskega-sveta-so-se-poslovili-od-slavka-vetriha-in-pozdravili-novega-zupana-andraza-pogorevca\/#breadcrumb","itemListElement":[{"@type":"ListItem","position":1,"name":"Home","item":"https:\/\/novice.si\/page\/"},{"@type":"ListItem","position":2,"name":"Vitanje: na ustanovni seji ob\u010dinskega sveta so se poslovili od Slavka Vetriha in pozdravili \u017eupana Andra\u017ea Pogorevca"}]},{"@type":"WebSite","@id":"https:\/\/novice.si\/page\/#website","url":"https:\/\/novice.si\/page\/","name":"Novice.si","description":"","publisher":{"@id":"https:\/\/novice.si\/page\/#organization"},"potentialAction":[{"@type":"SearchAction","target":{"@type":"EntryPoint","urlTemplate":"https:\/\/novice.si\/page\/?s={search_term_string}"},"query-input":{"@type":"PropertyValueSpecification","valueRequired":true,"valueName":"search_term_string"}}],"inLanguage":"sl-SI"},{"@type":"Organization","@id":"https:\/\/novice.si\/page\/#organization","name":"Novice.si","url":"https:\/\/novice.si\/page\/","logo":{"@type":"ImageObject","inLanguage":"sl-SI","@id":"https:\/\/novice.si\/page\/#\/schema\/logo\/image\/","url":"https:\/\/novice.si\/page\/wp-content\/uploads\/2023\/03\/novice_si.png","contentUrl":"https:\/\/novice.si\/page\/wp-content\/uploads\/2023\/03\/novice_si.png","width":576,"height":200,"caption":"Novice.si"},"image":{"@id":"https:\/\/novice.si\/page\/#\/schema\/logo\/image\/"}},{"@type":"Person","@id":"https:\/\/novice.si\/page\/#\/schema\/person\/51903923b50fefb075bc1cd24fe4d065","name":"Uredni\u0161tvo Celjana","image":{"@type":"ImageObject","inLanguage":"sl-SI","@id":"https:\/\/secure.gravatar.com\/avatar\/b516f102aa90b53619e09722b8ea56721c99bfcb4f1035f9b333d99f52330226?s=96&d=mm&r=g","url":"https:\/\/secure.gravatar.com\/avatar\/b516f102aa90b53619e09722b8ea56721c99bfcb4f1035f9b333d99f52330226?s=96&d=mm&r=g","contentUrl":"https:\/\/secure.gravatar.com\/avatar\/b516f102aa90b53619e09722b8ea56721c99bfcb4f1035f9b333d99f52330226?s=96&d=mm&r=g","caption":"Uredni\u0161tvo Celjana"},"url":"https:\/\/novice.si\/page\/author\/nejc\/"}]}},"_links":{"self":[{"href":"https:\/\/novice.si\/page\/wp-json\/wp\/v2\/posts\/157676","targetHints":{"allow":["GET"]}}],"collection":[{"href":"https:\/\/novice.si\/page\/wp-json\/wp\/v2\/posts"}],"about":[{"href":"https:\/\/novice.si\/page\/wp-json\/wp\/v2\/types\/post"}],"author":[{"embeddable":true,"href":"https:\/\/novice.si\/page\/wp-json\/wp\/v2\/users\/12"}],"replies":[{"embeddable":true,"href":"https:\/\/novice.si\/page\/wp-json\/wp\/v2\/comments?post=157676"}],"version-history":[{"count":4,"href":"https:\/\/novice.si\/page\/wp-json\/wp\/v2\/posts\/157676\/revisions"}],"predecessor-version":[{"id":157685,"href":"https:\/\/novice.si\/page\/wp-json\/wp\/v2\/posts\/157676\/revisions\/157685"}],"wp:featuredmedia":[{"embeddable":true,"href":"https:\/\/novice.si\/page\/wp-json\/wp\/v2\/media\/157681"}],"wp:attachment":[{"href":"https:\/\/novice.si\/page\/wp-json\/wp\/v2\/media?parent=157676"}],"wp:term":[{"taxonomy":"category","embeddable":true,"href":"https:\/\/novice.si\/page\/wp-json\/wp\/v2\/categories?post=157676"},{"taxonomy":"post_tag","embeddable":true,"href":"https:\/\/novice.si\/page\/wp-json\/wp\/v2\/tags?post=157676"}],"curies":[{"name":"wp","href":"https:\/\/api.w.org\/{rel}","templated":true}]}}