{"id":157603,"date":"2022-12-05T13:14:51","date_gmt":"2022-12-05T12:14:51","guid":{"rendered":"https:\/\/novice.si\/page\/?p=157603"},"modified":"2022-12-05T13:14:51","modified_gmt":"2022-12-05T12:14:51","slug":"dobri-miklavz-je-v-slovenski-bistrici-ze-obiskal-ucence-os-minka","status":"publish","type":"post","link":"https:\/\/novice.si\/page\/dobri-miklavz-je-v-slovenski-bistrici-ze-obiskal-ucence-os-minka\/","title":{"rendered":"Dobri Miklav\u017e je v Slovenski Bistrici \u017ee obiskal u\u010dence O\u0160 Minka"},"content":{"rendered":"<p>Prvi od treh dobrih decembrskih mo\u017e je \u017ee obiskal Slovensko Bistrico. Miklav\u017e se je najprej ustavil<strong> pri u\u010dencih<\/strong> osnovne \u0161ole s prilagojenim programom <strong>Minke Namestnik Sonje.<\/strong><br \/>\nPredvsem najmlaj\u0161i otroci so ga pri\u010dakali z velikim vznemirjenjem. Glasno so ga poklicali v \u0161olsko telovadnico in mu najprej zapeli ter se tako malo predstavili. Dobri Miklav\u017e pa jim je toplo stisnil roko, jim pri\u0161epnil kak\u0161no dobro misel ter jim izro\u010dil sladka darilca in \u0161e veliko torto.<br \/>\nMiklav\u017eev obisk in obdarovanje u\u010dencev O\u0160 Minka poteka v organizaciji lokalnega \u010dasopisa <strong>Bistri\u0161ke novice<\/strong> ter <strong>Pekarne Strnad.<br \/>\n<\/strong><\/p>\n\r\n                <style type=\"text\/css\">\r\n                    \r\n                    #tdi_1  .td-doubleSlider-2 .td-item1 {\r\n                        background: url(https:\/\/novice.si\/page\/wp-content\/uploads\/2022\/12\/1_resize-80x60.jpeg) 0 0 no-repeat;\r\n                    }\r\n                    #tdi_1  .td-doubleSlider-2 .td-item2 {\r\n                        background: url(https:\/\/novice.si\/page\/wp-content\/uploads\/2022\/12\/2_resize-80x60.jpeg) 0 0 no-repeat;\r\n                    }\r\n                    #tdi_1  .td-doubleSlider-2 .td-item3 {\r\n                        background: url(https:\/\/novice.si\/page\/wp-content\/uploads\/2022\/12\/3_resize-80x60.jpeg) 0 0 no-repeat;\r\n                    }\r\n                    #tdi_1  .td-doubleSlider-2 .td-item4 {\r\n                        background: url(https:\/\/novice.si\/page\/wp-content\/uploads\/2022\/12\/4_resize-80x60.jpg) 0 0 no-repeat;\r\n                    }\r\n                    #tdi_1  .td-doubleSlider-2 .td-item5 {\r\n                        background: url(https:\/\/novice.si\/page\/wp-content\/uploads\/2022\/12\/5_resize-80x60.jpg) 0 0 no-repeat;\r\n                    }\r\n                    #tdi_1  .td-doubleSlider-2 .td-item6 {\r\n                        background: url(https:\/\/novice.si\/page\/wp-content\/uploads\/2022\/12\/6_resize-80x60.jpeg) 0 0 no-repeat;\r\n                    }\r\n                <\/style>\r\n\r\n                <div id=\"tdi_1\" class=\"td-gallery td-slide-on-2-columns\">\r\n                    <div class=\"post_td_gallery\">\r\n                        <div class=\"td-gallery-slide-top\">\r\n                           <div class=\"td-gallery-title\"><\/div>\r\n\r\n                            <div class=\"td-gallery-controls-wrapper\">\r\n                                <div class=\"td-gallery-slide-count\"><span class=\"td-gallery-slide-item-focus\">1<\/span> od 6<\/div>\r\n                                <div class=\"td-gallery-slide-prev-next-but\">\r\n                                    <i class = \"td-icon-left doubleSliderPrevButton\"><\/i>\r\n                                    <i class = \"td-icon-right doubleSliderNextButton\"><\/i>\r\n                                <\/div>\r\n                            <\/div>\r\n                        <\/div>\r\n\r\n                        <div class = \"td-doubleSlider-1 \">\r\n                            <div class = \"td-slider\">\r\n                                \r\n                    <div class = \"td-slide-item td-item1\">\r\n                        <figure class=\"td-slide-galery-figure td-slide-popup-gallery\">\r\n                            <a class=\"slide-gallery-image-link\" href=\"https:\/\/novice.si\/page\/wp-content\/uploads\/2022\/12\/1_resize.jpeg\" title=\"1_resize\"  data-caption=\"\"  data-description=\"\" data-gallery>\r\n                                <img decoding=\"async\" src=\"https:\/\/novice.si\/page\/wp-content\/uploads\/2022\/12\/1_resize-560x420.jpeg\" srcset=\"https:\/\/novice.si\/page\/wp-content\/uploads\/2022\/12\/1_resize-560x420.jpeg 560w, https:\/\/novice.si\/page\/wp-content\/uploads\/2022\/12\/1_resize-300x225.jpeg 300w, https:\/\/novice.si\/page\/wp-content\/uploads\/2022\/12\/1_resize-768x576.jpeg 768w, https:\/\/novice.si\/page\/wp-content\/uploads\/2022\/12\/1_resize-80x60.jpeg 80w, https:\/\/novice.si\/page\/wp-content\/uploads\/2022\/12\/1_resize-265x198.jpeg 265w, https:\/\/novice.si\/page\/wp-content\/uploads\/2022\/12\/1_resize-696x522.jpeg 696w, https:\/\/novice.si\/page\/wp-content\/uploads\/2022\/12\/1_resize-24x18.jpeg 24w, https:\/\/novice.si\/page\/wp-content\/uploads\/2022\/12\/1_resize-36x27.jpeg 36w, https:\/\/novice.si\/page\/wp-content\/uploads\/2022\/12\/1_resize-48x36.jpeg 48w, https:\/\/novice.si\/page\/wp-content\/uploads\/2022\/12\/1_resize.jpeg 933w\" sizes=\"(max-width: 560px) 100vw, 560px\" alt=\"\">\r\n                            <\/a>\r\n                            \r\n                        <\/figure>\r\n                    <\/div>\r\n                    <div class = \"td-slide-item td-item2\">\r\n                        <figure class=\"td-slide-galery-figure td-slide-popup-gallery\">\r\n                            <a class=\"slide-gallery-image-link\" href=\"https:\/\/novice.si\/page\/wp-content\/uploads\/2022\/12\/2_resize.jpeg\" title=\"2_resize\"  data-caption=\"\"  data-description=\"\" data-gallery>\r\n                                <img decoding=\"async\" src=\"https:\/\/novice.si\/page\/wp-content\/uploads\/2022\/12\/2_resize-560x420.jpeg\" srcset=\"https:\/\/novice.si\/page\/wp-content\/uploads\/2022\/12\/2_resize-560x420.jpeg 560w, https:\/\/novice.si\/page\/wp-content\/uploads\/2022\/12\/2_resize-300x225.jpeg 300w, https:\/\/novice.si\/page\/wp-content\/uploads\/2022\/12\/2_resize-768x576.jpeg 768w, https:\/\/novice.si\/page\/wp-content\/uploads\/2022\/12\/2_resize-80x60.jpeg 80w, https:\/\/novice.si\/page\/wp-content\/uploads\/2022\/12\/2_resize-265x198.jpeg 265w, https:\/\/novice.si\/page\/wp-content\/uploads\/2022\/12\/2_resize-696x522.jpeg 696w, https:\/\/novice.si\/page\/wp-content\/uploads\/2022\/12\/2_resize-24x18.jpeg 24w, https:\/\/novice.si\/page\/wp-content\/uploads\/2022\/12\/2_resize-36x27.jpeg 36w, https:\/\/novice.si\/page\/wp-content\/uploads\/2022\/12\/2_resize-48x36.jpeg 48w, https:\/\/novice.si\/page\/wp-content\/uploads\/2022\/12\/2_resize.jpeg 933w\" sizes=\"(max-width: 560px) 100vw, 560px\" alt=\"\">\r\n                            <\/a>\r\n                            \r\n                        <\/figure>\r\n                    <\/div>\r\n                    <div class = \"td-slide-item td-item3\">\r\n                        <figure class=\"td-slide-galery-figure td-slide-popup-gallery\">\r\n                            <a class=\"slide-gallery-image-link\" href=\"https:\/\/novice.si\/page\/wp-content\/uploads\/2022\/12\/3_resize.jpeg\" title=\"3_resize\"  data-caption=\"\"  data-description=\"\" data-gallery>\r\n                                <img decoding=\"async\" src=\"https:\/\/novice.si\/page\/wp-content\/uploads\/2022\/12\/3_resize-560x420.jpeg\" srcset=\"https:\/\/novice.si\/page\/wp-content\/uploads\/2022\/12\/3_resize-560x420.jpeg 560w, https:\/\/novice.si\/page\/wp-content\/uploads\/2022\/12\/3_resize-300x225.jpeg 300w, https:\/\/novice.si\/page\/wp-content\/uploads\/2022\/12\/3_resize-768x576.jpeg 768w, https:\/\/novice.si\/page\/wp-content\/uploads\/2022\/12\/3_resize-80x60.jpeg 80w, https:\/\/novice.si\/page\/wp-content\/uploads\/2022\/12\/3_resize-265x198.jpeg 265w, https:\/\/novice.si\/page\/wp-content\/uploads\/2022\/12\/3_resize-696x522.jpeg 696w, https:\/\/novice.si\/page\/wp-content\/uploads\/2022\/12\/3_resize-24x18.jpeg 24w, https:\/\/novice.si\/page\/wp-content\/uploads\/2022\/12\/3_resize-36x27.jpeg 36w, https:\/\/novice.si\/page\/wp-content\/uploads\/2022\/12\/3_resize-48x36.jpeg 48w, https:\/\/novice.si\/page\/wp-content\/uploads\/2022\/12\/3_resize.jpeg 933w\" sizes=\"(max-width: 560px) 100vw, 560px\" alt=\"\">\r\n                            <\/a>\r\n                            \r\n                        <\/figure>\r\n                    <\/div>\r\n                    <div class = \"td-slide-item td-item4\">\r\n                        <figure class=\"td-slide-galery-figure td-slide-popup-gallery\">\r\n                            <a class=\"slide-gallery-image-link\" href=\"https:\/\/novice.si\/page\/wp-content\/uploads\/2022\/12\/4_resize.jpg\" title=\"4_resize\"  data-caption=\"\"  data-description=\"\" data-gallery>\r\n                                <img decoding=\"async\" src=\"https:\/\/novice.si\/page\/wp-content\/uploads\/2022\/12\/4_resize-519x420.jpg\" srcset=\"https:\/\/novice.si\/page\/wp-content\/uploads\/2022\/12\/4_resize-519x420.jpg 519w, https:\/\/novice.si\/page\/wp-content\/uploads\/2022\/12\/4_resize-300x243.jpg 300w, https:\/\/novice.si\/page\/wp-content\/uploads\/2022\/12\/4_resize-768x622.jpg 768w, https:\/\/novice.si\/page\/wp-content\/uploads\/2022\/12\/4_resize-696x563.jpg 696w, https:\/\/novice.si\/page\/wp-content\/uploads\/2022\/12\/4_resize-24x19.jpg 24w, https:\/\/novice.si\/page\/wp-content\/uploads\/2022\/12\/4_resize-36x29.jpg 36w, https:\/\/novice.si\/page\/wp-content\/uploads\/2022\/12\/4_resize-48x39.jpg 48w, https:\/\/novice.si\/page\/wp-content\/uploads\/2022\/12\/4_resize.jpg 865w\" sizes=\"(max-width: 519px) 100vw, 519px\" alt=\"\">\r\n                            <\/a>\r\n                            \r\n                        <\/figure>\r\n                    <\/div>\r\n                    <div class = \"td-slide-item td-item5\">\r\n                        <figure class=\"td-slide-galery-figure td-slide-popup-gallery\">\r\n                            <a class=\"slide-gallery-image-link\" href=\"https:\/\/novice.si\/page\/wp-content\/uploads\/2022\/12\/5_resize.jpg\" title=\"5_resize\"  data-caption=\"\"  data-description=\"\" data-gallery>\r\n                                <img decoding=\"async\" src=\"https:\/\/novice.si\/page\/wp-content\/uploads\/2022\/12\/5_resize-571x420.jpg\" srcset=\"https:\/\/novice.si\/page\/wp-content\/uploads\/2022\/12\/5_resize-571x420.jpg 571w, https:\/\/novice.si\/page\/wp-content\/uploads\/2022\/12\/5_resize-300x221.jpg 300w, https:\/\/novice.si\/page\/wp-content\/uploads\/2022\/12\/5_resize-768x565.jpg 768w, https:\/\/novice.si\/page\/wp-content\/uploads\/2022\/12\/5_resize-80x60.jpg 80w, https:\/\/novice.si\/page\/wp-content\/uploads\/2022\/12\/5_resize-696x512.jpg 696w, https:\/\/novice.si\/page\/wp-content\/uploads\/2022\/12\/5_resize-24x18.jpg 24w, https:\/\/novice.si\/page\/wp-content\/uploads\/2022\/12\/5_resize-36x26.jpg 36w, https:\/\/novice.si\/page\/wp-content\/uploads\/2022\/12\/5_resize-48x35.jpg 48w, https:\/\/novice.si\/page\/wp-content\/uploads\/2022\/12\/5_resize.jpg 952w\" sizes=\"(max-width: 571px) 100vw, 571px\" alt=\"\">\r\n                            <\/a>\r\n                            \r\n                        <\/figure>\r\n                    <\/div>\r\n                    <div class = \"td-slide-item td-item6\">\r\n                        <figure class=\"td-slide-galery-figure td-slide-popup-gallery\">\r\n                            <a class=\"slide-gallery-image-link\" href=\"https:\/\/novice.si\/page\/wp-content\/uploads\/2022\/12\/6_resize.jpeg\" title=\"6_resize\"  data-caption=\"\"  data-description=\"\" data-gallery>\r\n                                <img decoding=\"async\" src=\"https:\/\/novice.si\/page\/wp-content\/uploads\/2022\/12\/6_resize-560x420.jpeg\" srcset=\"https:\/\/novice.si\/page\/wp-content\/uploads\/2022\/12\/6_resize-560x420.jpeg 560w, https:\/\/novice.si\/page\/wp-content\/uploads\/2022\/12\/6_resize-300x225.jpeg 300w, https:\/\/novice.si\/page\/wp-content\/uploads\/2022\/12\/6_resize-768x576.jpeg 768w, https:\/\/novice.si\/page\/wp-content\/uploads\/2022\/12\/6_resize-80x60.jpeg 80w, https:\/\/novice.si\/page\/wp-content\/uploads\/2022\/12\/6_resize-265x198.jpeg 265w, https:\/\/novice.si\/page\/wp-content\/uploads\/2022\/12\/6_resize-696x522.jpeg 696w, https:\/\/novice.si\/page\/wp-content\/uploads\/2022\/12\/6_resize-24x18.jpeg 24w, https:\/\/novice.si\/page\/wp-content\/uploads\/2022\/12\/6_resize-36x27.jpeg 36w, https:\/\/novice.si\/page\/wp-content\/uploads\/2022\/12\/6_resize-48x36.jpeg 48w, https:\/\/novice.si\/page\/wp-content\/uploads\/2022\/12\/6_resize.jpeg 933w\" sizes=\"(max-width: 560px) 100vw, 560px\" alt=\"\">\r\n                            <\/a>\r\n                            \r\n                        <\/figure>\r\n                    <\/div>\r\n                            <\/div>\r\n                        <\/div>\r\n\r\n                        <div class = \"td-doubleSlider-2\">\r\n                            <div class = \"td-slider\">\r\n                                \r\n                    <div class = \"td-button td-item1\">\r\n                        <div class = \"td-border\"><\/div>\r\n                    <\/div>\r\n                    <div class = \"td-button td-item2\">\r\n                        <div class = \"td-border\"><\/div>\r\n                    <\/div>\r\n                    <div class = \"td-button td-item3\">\r\n                        <div class = \"td-border\"><\/div>\r\n                    <\/div>\r\n                    <div class = \"td-button td-item4\">\r\n                        <div class = \"td-border\"><\/div>\r\n                    <\/div>\r\n                    <div class = \"td-button td-item5\">\r\n                        <div class = \"td-border\"><\/div>\r\n                    <\/div>\r\n                    <div class = \"td-button td-item6\">\r\n                        <div class = \"td-border\"><\/div>\r\n                    <\/div>\r\n                            <\/div>\r\n                        <\/div>\r\n\r\n                    <\/div>\r\n\r\n                <\/div>\r\n                \n","protected":false},"excerpt":{"rendered":"<p>Prvi od treh dobrih decembrskih mo\u017e je \u017ee obiskal Slovensko Bistrico. Miklav\u017e se je najprej ustavil pri u\u010dencih osnovne \u0161ole s prilagojenim programom Minke Namestnik Sonje. Predvsem najmlaj\u0161i otroci so ga pri\u010dakali z velikim vznemirjenjem. Glasno so ga poklicali v \u0161olsko telovadnico in mu najprej zapeli ter se tako malo predstavili. Dobri Miklav\u017e pa jim [&hellip;]<\/p>\n","protected":false},"author":8,"featured_media":157604,"comment_status":"closed","ping_status":"closed","sticky":false,"template":"","format":"standard","meta":{"footnotes":""},"categories":[14,32],"tags":[2577,7134,16552,171],"class_list":{"0":"post-157603","1":"post","2":"type-post","3":"status-publish","4":"format-standard","5":"has-post-thumbnail","7":"category-aktualno","8":"category-bistrisko","9":"tag-bistriske-novice","10":"tag-miklavz","11":"tag-os-minka","12":"tag-slovenska-bistrica"},"yoast_head":"<!-- This site is optimized with the Yoast SEO plugin v27.4 - https:\/\/yoast.com\/product\/yoast-seo-wordpress\/ -->\n<title>Dobri Miklav\u017e je v Slovenski Bistrici \u017ee obiskal u\u010dence O\u0160 Minka - Novice.si<\/title>\n<meta name=\"robots\" content=\"index, follow, max-snippet:-1, max-image-preview:large, max-video-preview:-1\" \/>\n<link rel=\"canonical\" href=\"https:\/\/novice.si\/page\/dobri-miklavz-je-v-slovenski-bistrici-ze-obiskal-ucence-os-minka\/\" \/>\n<meta property=\"og:locale\" content=\"sl_SI\" \/>\n<meta property=\"og:type\" content=\"article\" \/>\n<meta property=\"og:title\" content=\"Dobri Miklav\u017e je v Slovenski Bistrici \u017ee obiskal u\u010dence O\u0160 Minka - Novice.si\" \/>\n<meta property=\"og:description\" content=\"Prvi od treh dobrih decembrskih mo\u017e je \u017ee obiskal Slovensko Bistrico. Miklav\u017e se je najprej ustavil pri u\u010dencih osnovne \u0161ole s prilagojenim programom Minke Namestnik Sonje. Predvsem najmlaj\u0161i otroci so ga pri\u010dakali z velikim vznemirjenjem. Glasno so ga poklicali v \u0161olsko telovadnico in mu najprej zapeli ter se tako malo predstavili. Dobri Miklav\u017e pa jim [&hellip;]\" \/>\n<meta property=\"og:url\" content=\"https:\/\/novice.si\/page\/dobri-miklavz-je-v-slovenski-bistrici-ze-obiskal-ucence-os-minka\/\" \/>\n<meta property=\"og:site_name\" content=\"Novice.si\" \/>\n<meta property=\"article:published_time\" content=\"2022-12-05T12:14:51+00:00\" \/>\n<meta property=\"og:image\" content=\"https:\/\/novice.si\/page\/wp-content\/uploads\/2022\/12\/1_resize.jpeg\" \/>\n\t<meta property=\"og:image:width\" content=\"933\" \/>\n\t<meta property=\"og:image:height\" content=\"700\" \/>\n\t<meta property=\"og:image:type\" content=\"image\/jpeg\" \/>\n<meta name=\"author\" content=\"Uredni\u0161tvo Bistri\u0161kih novic\" \/>\n<meta name=\"twitter:card\" content=\"summary_large_image\" \/>\n<meta name=\"twitter:label1\" content=\"Written by\" \/>\n\t<meta name=\"twitter:data1\" content=\"Uredni\u0161tvo Bistri\u0161kih novic\" \/>\n\t<meta name=\"twitter:label2\" content=\"Est. reading time\" \/>\n\t<meta name=\"twitter:data2\" content=\"1 minuta\" \/>\n<script type=\"application\/ld+json\" class=\"yoast-schema-graph\">{\"@context\":\"https:\\\/\\\/schema.org\",\"@graph\":[{\"@type\":\"Article\",\"@id\":\"https:\\\/\\\/novice.si\\\/page\\\/dobri-miklavz-je-v-slovenski-bistrici-ze-obiskal-ucence-os-minka\\\/#article\",\"isPartOf\":{\"@id\":\"https:\\\/\\\/novice.si\\\/page\\\/dobri-miklavz-je-v-slovenski-bistrici-ze-obiskal-ucence-os-minka\\\/\"},\"author\":{\"name\":\"Uredni\u0161tvo Bistri\u0161kih novic\",\"@id\":\"https:\\\/\\\/novice.si\\\/page\\\/#\\\/schema\\\/person\\\/96b32396deedcde3f7f776c306b4be21\"},\"headline\":\"Dobri Miklav\u017e je v Slovenski Bistrici \u017ee obiskal u\u010dence O\u0160 Minka\",\"datePublished\":\"2022-12-05T12:14:51+00:00\",\"mainEntityOfPage\":{\"@id\":\"https:\\\/\\\/novice.si\\\/page\\\/dobri-miklavz-je-v-slovenski-bistrici-ze-obiskal-ucence-os-minka\\\/\"},\"wordCount\":120,\"publisher\":{\"@id\":\"https:\\\/\\\/novice.si\\\/page\\\/#organization\"},\"image\":{\"@id\":\"https:\\\/\\\/novice.si\\\/page\\\/dobri-miklavz-je-v-slovenski-bistrici-ze-obiskal-ucence-os-minka\\\/#primaryimage\"},\"thumbnailUrl\":\"https:\\\/\\\/novice.si\\\/page\\\/wp-content\\\/uploads\\\/2022\\\/12\\\/1_resize.jpeg\",\"keywords\":[\"bistriske novice\",\"Miklav\u017e\",\"O\u0160 Minka\",\"Slovenska Bistrica\"],\"articleSection\":[\"Aktualno\",\"Bistri\u0161ko\"],\"inLanguage\":\"sl-SI\"},{\"@type\":\"WebPage\",\"@id\":\"https:\\\/\\\/novice.si\\\/page\\\/dobri-miklavz-je-v-slovenski-bistrici-ze-obiskal-ucence-os-minka\\\/\",\"url\":\"https:\\\/\\\/novice.si\\\/page\\\/dobri-miklavz-je-v-slovenski-bistrici-ze-obiskal-ucence-os-minka\\\/\",\"name\":\"Dobri Miklav\u017e je v Slovenski Bistrici \u017ee obiskal u\u010dence O\u0160 Minka - Novice.si\",\"isPartOf\":{\"@id\":\"https:\\\/\\\/novice.si\\\/page\\\/#website\"},\"primaryImageOfPage\":{\"@id\":\"https:\\\/\\\/novice.si\\\/page\\\/dobri-miklavz-je-v-slovenski-bistrici-ze-obiskal-ucence-os-minka\\\/#primaryimage\"},\"image\":{\"@id\":\"https:\\\/\\\/novice.si\\\/page\\\/dobri-miklavz-je-v-slovenski-bistrici-ze-obiskal-ucence-os-minka\\\/#primaryimage\"},\"thumbnailUrl\":\"https:\\\/\\\/novice.si\\\/page\\\/wp-content\\\/uploads\\\/2022\\\/12\\\/1_resize.jpeg\",\"datePublished\":\"2022-12-05T12:14:51+00:00\",\"breadcrumb\":{\"@id\":\"https:\\\/\\\/novice.si\\\/page\\\/dobri-miklavz-je-v-slovenski-bistrici-ze-obiskal-ucence-os-minka\\\/#breadcrumb\"},\"inLanguage\":\"sl-SI\",\"potentialAction\":[{\"@type\":\"ReadAction\",\"target\":[\"https:\\\/\\\/novice.si\\\/page\\\/dobri-miklavz-je-v-slovenski-bistrici-ze-obiskal-ucence-os-minka\\\/\"]}]},{\"@type\":\"ImageObject\",\"inLanguage\":\"sl-SI\",\"@id\":\"https:\\\/\\\/novice.si\\\/page\\\/dobri-miklavz-je-v-slovenski-bistrici-ze-obiskal-ucence-os-minka\\\/#primaryimage\",\"url\":\"https:\\\/\\\/novice.si\\\/page\\\/wp-content\\\/uploads\\\/2022\\\/12\\\/1_resize.jpeg\",\"contentUrl\":\"https:\\\/\\\/novice.si\\\/page\\\/wp-content\\\/uploads\\\/2022\\\/12\\\/1_resize.jpeg\",\"width\":933,\"height\":700},{\"@type\":\"BreadcrumbList\",\"@id\":\"https:\\\/\\\/novice.si\\\/page\\\/dobri-miklavz-je-v-slovenski-bistrici-ze-obiskal-ucence-os-minka\\\/#breadcrumb\",\"itemListElement\":[{\"@type\":\"ListItem\",\"position\":1,\"name\":\"Home\",\"item\":\"https:\\\/\\\/novice.si\\\/page\\\/\"},{\"@type\":\"ListItem\",\"position\":2,\"name\":\"Dobri Miklav\u017e je v Slovenski Bistrici \u017ee obiskal u\u010dence O\u0160 Minka\"}]},{\"@type\":\"WebSite\",\"@id\":\"https:\\\/\\\/novice.si\\\/page\\\/#website\",\"url\":\"https:\\\/\\\/novice.si\\\/page\\\/\",\"name\":\"Novice.si\",\"description\":\"\",\"publisher\":{\"@id\":\"https:\\\/\\\/novice.si\\\/page\\\/#organization\"},\"potentialAction\":[{\"@type\":\"SearchAction\",\"target\":{\"@type\":\"EntryPoint\",\"urlTemplate\":\"https:\\\/\\\/novice.si\\\/page\\\/?s={search_term_string}\"},\"query-input\":{\"@type\":\"PropertyValueSpecification\",\"valueRequired\":true,\"valueName\":\"search_term_string\"}}],\"inLanguage\":\"sl-SI\"},{\"@type\":\"Organization\",\"@id\":\"https:\\\/\\\/novice.si\\\/page\\\/#organization\",\"name\":\"Novice.si\",\"url\":\"https:\\\/\\\/novice.si\\\/page\\\/\",\"logo\":{\"@type\":\"ImageObject\",\"inLanguage\":\"sl-SI\",\"@id\":\"https:\\\/\\\/novice.si\\\/page\\\/#\\\/schema\\\/logo\\\/image\\\/\",\"url\":\"https:\\\/\\\/novice.si\\\/page\\\/wp-content\\\/uploads\\\/2023\\\/03\\\/novice_si.png\",\"contentUrl\":\"https:\\\/\\\/novice.si\\\/page\\\/wp-content\\\/uploads\\\/2023\\\/03\\\/novice_si.png\",\"width\":576,\"height\":200,\"caption\":\"Novice.si\"},\"image\":{\"@id\":\"https:\\\/\\\/novice.si\\\/page\\\/#\\\/schema\\\/logo\\\/image\\\/\"}},{\"@type\":\"Person\",\"@id\":\"https:\\\/\\\/novice.si\\\/page\\\/#\\\/schema\\\/person\\\/96b32396deedcde3f7f776c306b4be21\",\"name\":\"Uredni\u0161tvo Bistri\u0161kih novic\",\"image\":{\"@type\":\"ImageObject\",\"inLanguage\":\"sl-SI\",\"@id\":\"https:\\\/\\\/secure.gravatar.com\\\/avatar\\\/26c56c4b10cdb3a21e86442e5f2845a4eafdd0f3605def77ec6cff4aaef32ea4?s=96&d=mm&r=g\",\"url\":\"https:\\\/\\\/secure.gravatar.com\\\/avatar\\\/26c56c4b10cdb3a21e86442e5f2845a4eafdd0f3605def77ec6cff4aaef32ea4?s=96&d=mm&r=g\",\"contentUrl\":\"https:\\\/\\\/secure.gravatar.com\\\/avatar\\\/26c56c4b10cdb3a21e86442e5f2845a4eafdd0f3605def77ec6cff4aaef32ea4?s=96&d=mm&r=g\",\"caption\":\"Uredni\u0161tvo Bistri\u0161kih novic\"},\"url\":\"https:\\\/\\\/novice.si\\\/page\\\/author\\\/bojana\\\/\"}]}<\/script>\n<!-- \/ Yoast SEO plugin. -->","yoast_head_json":{"title":"Dobri Miklav\u017e je v Slovenski Bistrici \u017ee obiskal u\u010dence O\u0160 Minka - Novice.si","robots":{"index":"index","follow":"follow","max-snippet":"max-snippet:-1","max-image-preview":"max-image-preview:large","max-video-preview":"max-video-preview:-1"},"canonical":"https:\/\/novice.si\/page\/dobri-miklavz-je-v-slovenski-bistrici-ze-obiskal-ucence-os-minka\/","og_locale":"sl_SI","og_type":"article","og_title":"Dobri Miklav\u017e je v Slovenski Bistrici \u017ee obiskal u\u010dence O\u0160 Minka - Novice.si","og_description":"Prvi od treh dobrih decembrskih mo\u017e je \u017ee obiskal Slovensko Bistrico. Miklav\u017e se je najprej ustavil pri u\u010dencih osnovne \u0161ole s prilagojenim programom Minke Namestnik Sonje. Predvsem najmlaj\u0161i otroci so ga pri\u010dakali z velikim vznemirjenjem. Glasno so ga poklicali v \u0161olsko telovadnico in mu najprej zapeli ter se tako malo predstavili. Dobri Miklav\u017e pa jim [&hellip;]","og_url":"https:\/\/novice.si\/page\/dobri-miklavz-je-v-slovenski-bistrici-ze-obiskal-ucence-os-minka\/","og_site_name":"Novice.si","article_published_time":"2022-12-05T12:14:51+00:00","og_image":[{"width":933,"height":700,"url":"https:\/\/novice.si\/page\/wp-content\/uploads\/2022\/12\/1_resize.jpeg","type":"image\/jpeg"}],"author":"Uredni\u0161tvo Bistri\u0161kih novic","twitter_card":"summary_large_image","twitter_misc":{"Written by":"Uredni\u0161tvo Bistri\u0161kih novic","Est. reading time":"1 minuta"},"schema":{"@context":"https:\/\/schema.org","@graph":[{"@type":"Article","@id":"https:\/\/novice.si\/page\/dobri-miklavz-je-v-slovenski-bistrici-ze-obiskal-ucence-os-minka\/#article","isPartOf":{"@id":"https:\/\/novice.si\/page\/dobri-miklavz-je-v-slovenski-bistrici-ze-obiskal-ucence-os-minka\/"},"author":{"name":"Uredni\u0161tvo Bistri\u0161kih novic","@id":"https:\/\/novice.si\/page\/#\/schema\/person\/96b32396deedcde3f7f776c306b4be21"},"headline":"Dobri Miklav\u017e je v Slovenski Bistrici \u017ee obiskal u\u010dence O\u0160 Minka","datePublished":"2022-12-05T12:14:51+00:00","mainEntityOfPage":{"@id":"https:\/\/novice.si\/page\/dobri-miklavz-je-v-slovenski-bistrici-ze-obiskal-ucence-os-minka\/"},"wordCount":120,"publisher":{"@id":"https:\/\/novice.si\/page\/#organization"},"image":{"@id":"https:\/\/novice.si\/page\/dobri-miklavz-je-v-slovenski-bistrici-ze-obiskal-ucence-os-minka\/#primaryimage"},"thumbnailUrl":"https:\/\/novice.si\/page\/wp-content\/uploads\/2022\/12\/1_resize.jpeg","keywords":["bistriske novice","Miklav\u017e","O\u0160 Minka","Slovenska Bistrica"],"articleSection":["Aktualno","Bistri\u0161ko"],"inLanguage":"sl-SI"},{"@type":"WebPage","@id":"https:\/\/novice.si\/page\/dobri-miklavz-je-v-slovenski-bistrici-ze-obiskal-ucence-os-minka\/","url":"https:\/\/novice.si\/page\/dobri-miklavz-je-v-slovenski-bistrici-ze-obiskal-ucence-os-minka\/","name":"Dobri Miklav\u017e je v Slovenski Bistrici \u017ee obiskal u\u010dence O\u0160 Minka - Novice.si","isPartOf":{"@id":"https:\/\/novice.si\/page\/#website"},"primaryImageOfPage":{"@id":"https:\/\/novice.si\/page\/dobri-miklavz-je-v-slovenski-bistrici-ze-obiskal-ucence-os-minka\/#primaryimage"},"image":{"@id":"https:\/\/novice.si\/page\/dobri-miklavz-je-v-slovenski-bistrici-ze-obiskal-ucence-os-minka\/#primaryimage"},"thumbnailUrl":"https:\/\/novice.si\/page\/wp-content\/uploads\/2022\/12\/1_resize.jpeg","datePublished":"2022-12-05T12:14:51+00:00","breadcrumb":{"@id":"https:\/\/novice.si\/page\/dobri-miklavz-je-v-slovenski-bistrici-ze-obiskal-ucence-os-minka\/#breadcrumb"},"inLanguage":"sl-SI","potentialAction":[{"@type":"ReadAction","target":["https:\/\/novice.si\/page\/dobri-miklavz-je-v-slovenski-bistrici-ze-obiskal-ucence-os-minka\/"]}]},{"@type":"ImageObject","inLanguage":"sl-SI","@id":"https:\/\/novice.si\/page\/dobri-miklavz-je-v-slovenski-bistrici-ze-obiskal-ucence-os-minka\/#primaryimage","url":"https:\/\/novice.si\/page\/wp-content\/uploads\/2022\/12\/1_resize.jpeg","contentUrl":"https:\/\/novice.si\/page\/wp-content\/uploads\/2022\/12\/1_resize.jpeg","width":933,"height":700},{"@type":"BreadcrumbList","@id":"https:\/\/novice.si\/page\/dobri-miklavz-je-v-slovenski-bistrici-ze-obiskal-ucence-os-minka\/#breadcrumb","itemListElement":[{"@type":"ListItem","position":1,"name":"Home","item":"https:\/\/novice.si\/page\/"},{"@type":"ListItem","position":2,"name":"Dobri Miklav\u017e je v Slovenski Bistrici \u017ee obiskal u\u010dence O\u0160 Minka"}]},{"@type":"WebSite","@id":"https:\/\/novice.si\/page\/#website","url":"https:\/\/novice.si\/page\/","name":"Novice.si","description":"","publisher":{"@id":"https:\/\/novice.si\/page\/#organization"},"potentialAction":[{"@type":"SearchAction","target":{"@type":"EntryPoint","urlTemplate":"https:\/\/novice.si\/page\/?s={search_term_string}"},"query-input":{"@type":"PropertyValueSpecification","valueRequired":true,"valueName":"search_term_string"}}],"inLanguage":"sl-SI"},{"@type":"Organization","@id":"https:\/\/novice.si\/page\/#organization","name":"Novice.si","url":"https:\/\/novice.si\/page\/","logo":{"@type":"ImageObject","inLanguage":"sl-SI","@id":"https:\/\/novice.si\/page\/#\/schema\/logo\/image\/","url":"https:\/\/novice.si\/page\/wp-content\/uploads\/2023\/03\/novice_si.png","contentUrl":"https:\/\/novice.si\/page\/wp-content\/uploads\/2023\/03\/novice_si.png","width":576,"height":200,"caption":"Novice.si"},"image":{"@id":"https:\/\/novice.si\/page\/#\/schema\/logo\/image\/"}},{"@type":"Person","@id":"https:\/\/novice.si\/page\/#\/schema\/person\/96b32396deedcde3f7f776c306b4be21","name":"Uredni\u0161tvo Bistri\u0161kih novic","image":{"@type":"ImageObject","inLanguage":"sl-SI","@id":"https:\/\/secure.gravatar.com\/avatar\/26c56c4b10cdb3a21e86442e5f2845a4eafdd0f3605def77ec6cff4aaef32ea4?s=96&d=mm&r=g","url":"https:\/\/secure.gravatar.com\/avatar\/26c56c4b10cdb3a21e86442e5f2845a4eafdd0f3605def77ec6cff4aaef32ea4?s=96&d=mm&r=g","contentUrl":"https:\/\/secure.gravatar.com\/avatar\/26c56c4b10cdb3a21e86442e5f2845a4eafdd0f3605def77ec6cff4aaef32ea4?s=96&d=mm&r=g","caption":"Uredni\u0161tvo Bistri\u0161kih novic"},"url":"https:\/\/novice.si\/page\/author\/bojana\/"}]}},"_links":{"self":[{"href":"https:\/\/novice.si\/page\/wp-json\/wp\/v2\/posts\/157603","targetHints":{"allow":["GET"]}}],"collection":[{"href":"https:\/\/novice.si\/page\/wp-json\/wp\/v2\/posts"}],"about":[{"href":"https:\/\/novice.si\/page\/wp-json\/wp\/v2\/types\/post"}],"author":[{"embeddable":true,"href":"https:\/\/novice.si\/page\/wp-json\/wp\/v2\/users\/8"}],"replies":[{"embeddable":true,"href":"https:\/\/novice.si\/page\/wp-json\/wp\/v2\/comments?post=157603"}],"version-history":[{"count":1,"href":"https:\/\/novice.si\/page\/wp-json\/wp\/v2\/posts\/157603\/revisions"}],"predecessor-version":[{"id":157610,"href":"https:\/\/novice.si\/page\/wp-json\/wp\/v2\/posts\/157603\/revisions\/157610"}],"wp:featuredmedia":[{"embeddable":true,"href":"https:\/\/novice.si\/page\/wp-json\/wp\/v2\/media\/157604"}],"wp:attachment":[{"href":"https:\/\/novice.si\/page\/wp-json\/wp\/v2\/media?parent=157603"}],"wp:term":[{"taxonomy":"category","embeddable":true,"href":"https:\/\/novice.si\/page\/wp-json\/wp\/v2\/categories?post=157603"},{"taxonomy":"post_tag","embeddable":true,"href":"https:\/\/novice.si\/page\/wp-json\/wp\/v2\/tags?post=157603"}],"curies":[{"name":"wp","href":"https:\/\/api.w.org\/{rel}","templated":true}]}}