{"id":157558,"date":"2022-12-04T20:28:17","date_gmt":"2022-12-04T19:28:17","guid":{"rendered":"https:\/\/novice.si\/page\/?p=157558"},"modified":"2022-12-04T20:31:08","modified_gmt":"2022-12-04T19:31:08","slug":"celje-po-24-letih-z-novim-zupanom-zacenja-se-doba-kovaca","status":"publish","type":"post","link":"https:\/\/novice.si\/page\/celje-po-24-letih-z-novim-zupanom-zacenja-se-doba-kovaca\/","title":{"rendered":"Celje po 24 letih z novim \u017eupanom. Za\u010denja se doba KOVA\u010cA."},"content":{"rendered":"<p>Po 24 letih \u017eupanovanja Bojana \u0160rota ga je danes v \u017eupanskem dvoboju drugega kroga lokalnih volitev premagal Matija Kova\u010d. Kova\u010d je zbral skoraj 58 odstotkov oddanih glasov, na voli\u0161\u010da pa je pri\u0161lo dobrih 43 odstotkov upravi\u010dencev.<\/p>\n<p><a href=\"https:\/\/novice.si\/page\/wp-content\/uploads\/2022\/12\/66040034.jpg\" data-gallery><img loading=\"lazy\" decoding=\"async\" class=\"wp-image-157559 alignleft\" src=\"https:\/\/novice.si\/page\/wp-content\/uploads\/2022\/12\/66040034.jpg\" alt=\"\" width=\"341\" height=\"455\" srcset=\"https:\/\/novice.si\/page\/wp-content\/uploads\/2022\/12\/66040034.jpg 600w, https:\/\/novice.si\/page\/wp-content\/uploads\/2022\/12\/66040034-225x300.jpg 225w, https:\/\/novice.si\/page\/wp-content\/uploads\/2022\/12\/66040034-315x420.jpg 315w, https:\/\/novice.si\/page\/wp-content\/uploads\/2022\/12\/66040034-18x24.jpg 18w, https:\/\/novice.si\/page\/wp-content\/uploads\/2022\/12\/66040034-27x36.jpg 27w, https:\/\/novice.si\/page\/wp-content\/uploads\/2022\/12\/66040034-36x48.jpg 36w\" sizes=\"auto, (max-width: 341px) 100vw, 341px\" \/><\/a>V prvi izjavi za Radio Rogla je <strong>Matija Kova\u010d<\/strong> dejal, da je izjemno hvale\u017een vsem, ki so ga po razglasitvi izidov z aplavzom podprli na celjskih ulicah, oddali zanj svoj glas in mu pomagali pri celotni volilni kampanji. \u017de jutri se bo sestal s predstavniki strank v novem mestnem svetu in za\u010del udejanjati svojo \u017eupansko vizijo. Zahvalil se je Bojanu \u0160rotu za dobro dosedanje vodenje ob\u010dine in dejal, da ne bo te\u017eko nadaljevati dela na tak\u0161nih temeljih.<\/p>\n<p>Bojan \u0160rot je Kova\u010du \u017ee \u010destital, v svoji prvi izjavi pa je dejal, da mu je \u017eal, da na volitve niso uspeli privabiti ve\u010dje \u0161tevilo ljudi, \u010deprav sta se obe strani za to trudili. Dodal je \u0161e, da pa se te ljudje o\u010ditno po toliko letih tudi naveli\u010dajo.<\/p>\n<p>Vsi objavljeni podatki so sicer to\u010dni, a neuradni.<\/p>\n","protected":false},"excerpt":{"rendered":"<p>Po 24 letih \u017eupanovanja Bojana \u0160rota ga je danes v \u017eupanskem dvoboju drugega kroga lokalnih volitev premagal Matija Kova\u010d. Kova\u010d je zbral skoraj 58 odstotkov oddanih glasov, na voli\u0161\u010da pa je pri\u0161lo dobrih 43 odstotkov upravi\u010dencev. V prvi izjavi za Radio Rogla je Matija Kova\u010d dejal, da je izjemno hvale\u017een vsem, ki so ga po [&hellip;]<\/p>\n","protected":false},"author":12,"featured_media":157559,"comment_status":"closed","ping_status":"closed","sticky":false,"template":"","format":"standard","meta":{"footnotes":""},"categories":[14,17],"tags":[649,22,333,6795,14830],"class_list":{"0":"post-157558","1":"post","2":"type-post","3":"status-publish","4":"format-standard","5":"has-post-thumbnail","7":"category-aktualno","8":"category-celjsko","9":"tag-bojan-srot","10":"tag-celje","11":"tag-lokalne-volitve","12":"tag-matija-kovac","13":"tag-volitve-2022"},"yoast_head":"<!-- This site is optimized with the Yoast SEO plugin v27.4 - https:\/\/yoast.com\/product\/yoast-seo-wordpress\/ -->\n<title>Celje po 24 letih z novim \u017eupanom. Za\u010denja se doba KOVA\u010cA. - Novice.si<\/title>\n<meta name=\"robots\" content=\"index, follow, max-snippet:-1, max-image-preview:large, max-video-preview:-1\" \/>\n<link rel=\"canonical\" href=\"https:\/\/novice.si\/page\/celje-po-24-letih-z-novim-zupanom-zacenja-se-doba-kovaca\/\" \/>\n<meta property=\"og:locale\" content=\"sl_SI\" \/>\n<meta property=\"og:type\" content=\"article\" \/>\n<meta property=\"og:title\" content=\"Celje po 24 letih z novim \u017eupanom. Za\u010denja se doba KOVA\u010cA. - Novice.si\" \/>\n<meta property=\"og:description\" content=\"Po 24 letih \u017eupanovanja Bojana \u0160rota ga je danes v \u017eupanskem dvoboju drugega kroga lokalnih volitev premagal Matija Kova\u010d. Kova\u010d je zbral skoraj 58 odstotkov oddanih glasov, na voli\u0161\u010da pa je pri\u0161lo dobrih 43 odstotkov upravi\u010dencev. V prvi izjavi za Radio Rogla je Matija Kova\u010d dejal, da je izjemno hvale\u017een vsem, ki so ga po [&hellip;]\" \/>\n<meta property=\"og:url\" content=\"https:\/\/novice.si\/page\/celje-po-24-letih-z-novim-zupanom-zacenja-se-doba-kovaca\/\" \/>\n<meta property=\"og:site_name\" content=\"Novice.si\" \/>\n<meta property=\"article:published_time\" content=\"2022-12-04T19:28:17+00:00\" \/>\n<meta property=\"article:modified_time\" content=\"2022-12-04T19:31:08+00:00\" \/>\n<meta property=\"og:image\" content=\"https:\/\/novice.si\/page\/wp-content\/uploads\/2022\/12\/66040034.jpg\" \/>\n\t<meta property=\"og:image:width\" content=\"600\" \/>\n\t<meta property=\"og:image:height\" content=\"800\" \/>\n\t<meta property=\"og:image:type\" content=\"image\/jpeg\" \/>\n<meta name=\"author\" content=\"Uredni\u0161tvo Celjana\" \/>\n<meta name=\"twitter:card\" content=\"summary_large_image\" \/>\n<meta name=\"twitter:label1\" content=\"Written by\" \/>\n\t<meta name=\"twitter:data1\" content=\"Uredni\u0161tvo Celjana\" \/>\n\t<meta name=\"twitter:label2\" content=\"Est. reading time\" \/>\n\t<meta name=\"twitter:data2\" content=\"2 minuti\" \/>\n<script type=\"application\/ld+json\" class=\"yoast-schema-graph\">{\"@context\":\"https:\\\/\\\/schema.org\",\"@graph\":[{\"@type\":\"Article\",\"@id\":\"https:\\\/\\\/novice.si\\\/page\\\/celje-po-24-letih-z-novim-zupanom-zacenja-se-doba-kovaca\\\/#article\",\"isPartOf\":{\"@id\":\"https:\\\/\\\/novice.si\\\/page\\\/celje-po-24-letih-z-novim-zupanom-zacenja-se-doba-kovaca\\\/\"},\"author\":{\"name\":\"Uredni\u0161tvo Celjana\",\"@id\":\"https:\\\/\\\/novice.si\\\/page\\\/#\\\/schema\\\/person\\\/51903923b50fefb075bc1cd24fe4d065\"},\"headline\":\"Celje po 24 letih z novim \u017eupanom. Za\u010denja se doba KOVA\u010cA.\",\"datePublished\":\"2022-12-04T19:28:17+00:00\",\"dateModified\":\"2022-12-04T19:31:08+00:00\",\"mainEntityOfPage\":{\"@id\":\"https:\\\/\\\/novice.si\\\/page\\\/celje-po-24-letih-z-novim-zupanom-zacenja-se-doba-kovaca\\\/\"},\"wordCount\":191,\"publisher\":{\"@id\":\"https:\\\/\\\/novice.si\\\/page\\\/#organization\"},\"image\":{\"@id\":\"https:\\\/\\\/novice.si\\\/page\\\/celje-po-24-letih-z-novim-zupanom-zacenja-se-doba-kovaca\\\/#primaryimage\"},\"thumbnailUrl\":\"https:\\\/\\\/novice.si\\\/page\\\/wp-content\\\/uploads\\\/2022\\\/12\\\/66040034.jpg\",\"keywords\":[\"Bojan \u0160rot\",\"Celje\",\"lokalne volitve\",\"Matija Kova\u010d\",\"Volitve 2022\"],\"articleSection\":[\"Aktualno\",\"Celjsko\"],\"inLanguage\":\"sl-SI\"},{\"@type\":\"WebPage\",\"@id\":\"https:\\\/\\\/novice.si\\\/page\\\/celje-po-24-letih-z-novim-zupanom-zacenja-se-doba-kovaca\\\/\",\"url\":\"https:\\\/\\\/novice.si\\\/page\\\/celje-po-24-letih-z-novim-zupanom-zacenja-se-doba-kovaca\\\/\",\"name\":\"Celje po 24 letih z novim \u017eupanom. Za\u010denja se doba KOVA\u010cA. - Novice.si\",\"isPartOf\":{\"@id\":\"https:\\\/\\\/novice.si\\\/page\\\/#website\"},\"primaryImageOfPage\":{\"@id\":\"https:\\\/\\\/novice.si\\\/page\\\/celje-po-24-letih-z-novim-zupanom-zacenja-se-doba-kovaca\\\/#primaryimage\"},\"image\":{\"@id\":\"https:\\\/\\\/novice.si\\\/page\\\/celje-po-24-letih-z-novim-zupanom-zacenja-se-doba-kovaca\\\/#primaryimage\"},\"thumbnailUrl\":\"https:\\\/\\\/novice.si\\\/page\\\/wp-content\\\/uploads\\\/2022\\\/12\\\/66040034.jpg\",\"datePublished\":\"2022-12-04T19:28:17+00:00\",\"dateModified\":\"2022-12-04T19:31:08+00:00\",\"breadcrumb\":{\"@id\":\"https:\\\/\\\/novice.si\\\/page\\\/celje-po-24-letih-z-novim-zupanom-zacenja-se-doba-kovaca\\\/#breadcrumb\"},\"inLanguage\":\"sl-SI\",\"potentialAction\":[{\"@type\":\"ReadAction\",\"target\":[\"https:\\\/\\\/novice.si\\\/page\\\/celje-po-24-letih-z-novim-zupanom-zacenja-se-doba-kovaca\\\/\"]}]},{\"@type\":\"ImageObject\",\"inLanguage\":\"sl-SI\",\"@id\":\"https:\\\/\\\/novice.si\\\/page\\\/celje-po-24-letih-z-novim-zupanom-zacenja-se-doba-kovaca\\\/#primaryimage\",\"url\":\"https:\\\/\\\/novice.si\\\/page\\\/wp-content\\\/uploads\\\/2022\\\/12\\\/66040034.jpg\",\"contentUrl\":\"https:\\\/\\\/novice.si\\\/page\\\/wp-content\\\/uploads\\\/2022\\\/12\\\/66040034.jpg\",\"width\":600,\"height\":800},{\"@type\":\"BreadcrumbList\",\"@id\":\"https:\\\/\\\/novice.si\\\/page\\\/celje-po-24-letih-z-novim-zupanom-zacenja-se-doba-kovaca\\\/#breadcrumb\",\"itemListElement\":[{\"@type\":\"ListItem\",\"position\":1,\"name\":\"Home\",\"item\":\"https:\\\/\\\/novice.si\\\/page\\\/\"},{\"@type\":\"ListItem\",\"position\":2,\"name\":\"Celje po 24 letih z novim \u017eupanom. Za\u010denja se doba KOVA\u010cA.\"}]},{\"@type\":\"WebSite\",\"@id\":\"https:\\\/\\\/novice.si\\\/page\\\/#website\",\"url\":\"https:\\\/\\\/novice.si\\\/page\\\/\",\"name\":\"Novice.si\",\"description\":\"\",\"publisher\":{\"@id\":\"https:\\\/\\\/novice.si\\\/page\\\/#organization\"},\"potentialAction\":[{\"@type\":\"SearchAction\",\"target\":{\"@type\":\"EntryPoint\",\"urlTemplate\":\"https:\\\/\\\/novice.si\\\/page\\\/?s={search_term_string}\"},\"query-input\":{\"@type\":\"PropertyValueSpecification\",\"valueRequired\":true,\"valueName\":\"search_term_string\"}}],\"inLanguage\":\"sl-SI\"},{\"@type\":\"Organization\",\"@id\":\"https:\\\/\\\/novice.si\\\/page\\\/#organization\",\"name\":\"Novice.si\",\"url\":\"https:\\\/\\\/novice.si\\\/page\\\/\",\"logo\":{\"@type\":\"ImageObject\",\"inLanguage\":\"sl-SI\",\"@id\":\"https:\\\/\\\/novice.si\\\/page\\\/#\\\/schema\\\/logo\\\/image\\\/\",\"url\":\"https:\\\/\\\/novice.si\\\/page\\\/wp-content\\\/uploads\\\/2023\\\/03\\\/novice_si.png\",\"contentUrl\":\"https:\\\/\\\/novice.si\\\/page\\\/wp-content\\\/uploads\\\/2023\\\/03\\\/novice_si.png\",\"width\":576,\"height\":200,\"caption\":\"Novice.si\"},\"image\":{\"@id\":\"https:\\\/\\\/novice.si\\\/page\\\/#\\\/schema\\\/logo\\\/image\\\/\"}},{\"@type\":\"Person\",\"@id\":\"https:\\\/\\\/novice.si\\\/page\\\/#\\\/schema\\\/person\\\/51903923b50fefb075bc1cd24fe4d065\",\"name\":\"Uredni\u0161tvo Celjana\",\"image\":{\"@type\":\"ImageObject\",\"inLanguage\":\"sl-SI\",\"@id\":\"https:\\\/\\\/secure.gravatar.com\\\/avatar\\\/b516f102aa90b53619e09722b8ea56721c99bfcb4f1035f9b333d99f52330226?s=96&d=mm&r=g\",\"url\":\"https:\\\/\\\/secure.gravatar.com\\\/avatar\\\/b516f102aa90b53619e09722b8ea56721c99bfcb4f1035f9b333d99f52330226?s=96&d=mm&r=g\",\"contentUrl\":\"https:\\\/\\\/secure.gravatar.com\\\/avatar\\\/b516f102aa90b53619e09722b8ea56721c99bfcb4f1035f9b333d99f52330226?s=96&d=mm&r=g\",\"caption\":\"Uredni\u0161tvo Celjana\"},\"url\":\"https:\\\/\\\/novice.si\\\/page\\\/author\\\/nejc\\\/\"}]}<\/script>\n<!-- \/ Yoast SEO plugin. -->","yoast_head_json":{"title":"Celje po 24 letih z novim \u017eupanom. Za\u010denja se doba KOVA\u010cA. - Novice.si","robots":{"index":"index","follow":"follow","max-snippet":"max-snippet:-1","max-image-preview":"max-image-preview:large","max-video-preview":"max-video-preview:-1"},"canonical":"https:\/\/novice.si\/page\/celje-po-24-letih-z-novim-zupanom-zacenja-se-doba-kovaca\/","og_locale":"sl_SI","og_type":"article","og_title":"Celje po 24 letih z novim \u017eupanom. Za\u010denja se doba KOVA\u010cA. - Novice.si","og_description":"Po 24 letih \u017eupanovanja Bojana \u0160rota ga je danes v \u017eupanskem dvoboju drugega kroga lokalnih volitev premagal Matija Kova\u010d. Kova\u010d je zbral skoraj 58 odstotkov oddanih glasov, na voli\u0161\u010da pa je pri\u0161lo dobrih 43 odstotkov upravi\u010dencev. V prvi izjavi za Radio Rogla je Matija Kova\u010d dejal, da je izjemno hvale\u017een vsem, ki so ga po [&hellip;]","og_url":"https:\/\/novice.si\/page\/celje-po-24-letih-z-novim-zupanom-zacenja-se-doba-kovaca\/","og_site_name":"Novice.si","article_published_time":"2022-12-04T19:28:17+00:00","article_modified_time":"2022-12-04T19:31:08+00:00","og_image":[{"width":600,"height":800,"url":"https:\/\/novice.si\/page\/wp-content\/uploads\/2022\/12\/66040034.jpg","type":"image\/jpeg"}],"author":"Uredni\u0161tvo Celjana","twitter_card":"summary_large_image","twitter_misc":{"Written by":"Uredni\u0161tvo Celjana","Est. reading time":"2 minuti"},"schema":{"@context":"https:\/\/schema.org","@graph":[{"@type":"Article","@id":"https:\/\/novice.si\/page\/celje-po-24-letih-z-novim-zupanom-zacenja-se-doba-kovaca\/#article","isPartOf":{"@id":"https:\/\/novice.si\/page\/celje-po-24-letih-z-novim-zupanom-zacenja-se-doba-kovaca\/"},"author":{"name":"Uredni\u0161tvo Celjana","@id":"https:\/\/novice.si\/page\/#\/schema\/person\/51903923b50fefb075bc1cd24fe4d065"},"headline":"Celje po 24 letih z novim \u017eupanom. Za\u010denja se doba KOVA\u010cA.","datePublished":"2022-12-04T19:28:17+00:00","dateModified":"2022-12-04T19:31:08+00:00","mainEntityOfPage":{"@id":"https:\/\/novice.si\/page\/celje-po-24-letih-z-novim-zupanom-zacenja-se-doba-kovaca\/"},"wordCount":191,"publisher":{"@id":"https:\/\/novice.si\/page\/#organization"},"image":{"@id":"https:\/\/novice.si\/page\/celje-po-24-letih-z-novim-zupanom-zacenja-se-doba-kovaca\/#primaryimage"},"thumbnailUrl":"https:\/\/novice.si\/page\/wp-content\/uploads\/2022\/12\/66040034.jpg","keywords":["Bojan \u0160rot","Celje","lokalne volitve","Matija Kova\u010d","Volitve 2022"],"articleSection":["Aktualno","Celjsko"],"inLanguage":"sl-SI"},{"@type":"WebPage","@id":"https:\/\/novice.si\/page\/celje-po-24-letih-z-novim-zupanom-zacenja-se-doba-kovaca\/","url":"https:\/\/novice.si\/page\/celje-po-24-letih-z-novim-zupanom-zacenja-se-doba-kovaca\/","name":"Celje po 24 letih z novim \u017eupanom. Za\u010denja se doba KOVA\u010cA. - Novice.si","isPartOf":{"@id":"https:\/\/novice.si\/page\/#website"},"primaryImageOfPage":{"@id":"https:\/\/novice.si\/page\/celje-po-24-letih-z-novim-zupanom-zacenja-se-doba-kovaca\/#primaryimage"},"image":{"@id":"https:\/\/novice.si\/page\/celje-po-24-letih-z-novim-zupanom-zacenja-se-doba-kovaca\/#primaryimage"},"thumbnailUrl":"https:\/\/novice.si\/page\/wp-content\/uploads\/2022\/12\/66040034.jpg","datePublished":"2022-12-04T19:28:17+00:00","dateModified":"2022-12-04T19:31:08+00:00","breadcrumb":{"@id":"https:\/\/novice.si\/page\/celje-po-24-letih-z-novim-zupanom-zacenja-se-doba-kovaca\/#breadcrumb"},"inLanguage":"sl-SI","potentialAction":[{"@type":"ReadAction","target":["https:\/\/novice.si\/page\/celje-po-24-letih-z-novim-zupanom-zacenja-se-doba-kovaca\/"]}]},{"@type":"ImageObject","inLanguage":"sl-SI","@id":"https:\/\/novice.si\/page\/celje-po-24-letih-z-novim-zupanom-zacenja-se-doba-kovaca\/#primaryimage","url":"https:\/\/novice.si\/page\/wp-content\/uploads\/2022\/12\/66040034.jpg","contentUrl":"https:\/\/novice.si\/page\/wp-content\/uploads\/2022\/12\/66040034.jpg","width":600,"height":800},{"@type":"BreadcrumbList","@id":"https:\/\/novice.si\/page\/celje-po-24-letih-z-novim-zupanom-zacenja-se-doba-kovaca\/#breadcrumb","itemListElement":[{"@type":"ListItem","position":1,"name":"Home","item":"https:\/\/novice.si\/page\/"},{"@type":"ListItem","position":2,"name":"Celje po 24 letih z novim \u017eupanom. Za\u010denja se doba KOVA\u010cA."}]},{"@type":"WebSite","@id":"https:\/\/novice.si\/page\/#website","url":"https:\/\/novice.si\/page\/","name":"Novice.si","description":"","publisher":{"@id":"https:\/\/novice.si\/page\/#organization"},"potentialAction":[{"@type":"SearchAction","target":{"@type":"EntryPoint","urlTemplate":"https:\/\/novice.si\/page\/?s={search_term_string}"},"query-input":{"@type":"PropertyValueSpecification","valueRequired":true,"valueName":"search_term_string"}}],"inLanguage":"sl-SI"},{"@type":"Organization","@id":"https:\/\/novice.si\/page\/#organization","name":"Novice.si","url":"https:\/\/novice.si\/page\/","logo":{"@type":"ImageObject","inLanguage":"sl-SI","@id":"https:\/\/novice.si\/page\/#\/schema\/logo\/image\/","url":"https:\/\/novice.si\/page\/wp-content\/uploads\/2023\/03\/novice_si.png","contentUrl":"https:\/\/novice.si\/page\/wp-content\/uploads\/2023\/03\/novice_si.png","width":576,"height":200,"caption":"Novice.si"},"image":{"@id":"https:\/\/novice.si\/page\/#\/schema\/logo\/image\/"}},{"@type":"Person","@id":"https:\/\/novice.si\/page\/#\/schema\/person\/51903923b50fefb075bc1cd24fe4d065","name":"Uredni\u0161tvo Celjana","image":{"@type":"ImageObject","inLanguage":"sl-SI","@id":"https:\/\/secure.gravatar.com\/avatar\/b516f102aa90b53619e09722b8ea56721c99bfcb4f1035f9b333d99f52330226?s=96&d=mm&r=g","url":"https:\/\/secure.gravatar.com\/avatar\/b516f102aa90b53619e09722b8ea56721c99bfcb4f1035f9b333d99f52330226?s=96&d=mm&r=g","contentUrl":"https:\/\/secure.gravatar.com\/avatar\/b516f102aa90b53619e09722b8ea56721c99bfcb4f1035f9b333d99f52330226?s=96&d=mm&r=g","caption":"Uredni\u0161tvo Celjana"},"url":"https:\/\/novice.si\/page\/author\/nejc\/"}]}},"_links":{"self":[{"href":"https:\/\/novice.si\/page\/wp-json\/wp\/v2\/posts\/157558","targetHints":{"allow":["GET"]}}],"collection":[{"href":"https:\/\/novice.si\/page\/wp-json\/wp\/v2\/posts"}],"about":[{"href":"https:\/\/novice.si\/page\/wp-json\/wp\/v2\/types\/post"}],"author":[{"embeddable":true,"href":"https:\/\/novice.si\/page\/wp-json\/wp\/v2\/users\/12"}],"replies":[{"embeddable":true,"href":"https:\/\/novice.si\/page\/wp-json\/wp\/v2\/comments?post=157558"}],"version-history":[{"count":5,"href":"https:\/\/novice.si\/page\/wp-json\/wp\/v2\/posts\/157558\/revisions"}],"predecessor-version":[{"id":157564,"href":"https:\/\/novice.si\/page\/wp-json\/wp\/v2\/posts\/157558\/revisions\/157564"}],"wp:featuredmedia":[{"embeddable":true,"href":"https:\/\/novice.si\/page\/wp-json\/wp\/v2\/media\/157559"}],"wp:attachment":[{"href":"https:\/\/novice.si\/page\/wp-json\/wp\/v2\/media?parent=157558"}],"wp:term":[{"taxonomy":"category","embeddable":true,"href":"https:\/\/novice.si\/page\/wp-json\/wp\/v2\/categories?post=157558"},{"taxonomy":"post_tag","embeddable":true,"href":"https:\/\/novice.si\/page\/wp-json\/wp\/v2\/tags?post=157558"}],"curies":[{"name":"wp","href":"https:\/\/api.w.org\/{rel}","templated":true}]}}