{"id":157383,"date":"2022-12-01T14:56:00","date_gmt":"2022-12-01T13:56:00","guid":{"rendered":"https:\/\/novice.si\/page\/?p=157383"},"modified":"2022-12-01T14:56:00","modified_gmt":"2022-12-01T13:56:00","slug":"celje-pri-ducmanu-namesto-sodbe-dopolnitev-obtoznice","status":"publish","type":"post","link":"https:\/\/novice.si\/page\/celje-pri-ducmanu-namesto-sodbe-dopolnitev-obtoznice\/","title":{"rendered":"CELJE Pri Ducmanu namesto sodbe dopolnitev obto\u017enice"},"content":{"rendered":"<p>V nasprotju z napovedmi v Celju danes niso razglasili sodbe za 37-letnega <strong>Gregorja Docmana<\/strong>, obto\u017eenega umora mame in poskusa umora o\u010deta lanskega marca v Zalogu pri \u0160empetru.<\/p>\n<p><a href=\"https:\/\/novice.si\/page\/wp-content\/uploads\/2022\/12\/Ducman-dec22-scaled.jpg\" data-gallery><img loading=\"lazy\" decoding=\"async\" class=\"size-medium wp-image-157384 alignleft\" src=\"https:\/\/novice.si\/page\/wp-content\/uploads\/2022\/12\/Ducman-dec22-300x225.jpg\" alt=\"\" width=\"300\" height=\"225\" srcset=\"https:\/\/novice.si\/page\/wp-content\/uploads\/2022\/12\/Ducman-dec22-300x225.jpg 300w, https:\/\/novice.si\/page\/wp-content\/uploads\/2022\/12\/Ducman-dec22-1024x768.jpg 1024w, https:\/\/novice.si\/page\/wp-content\/uploads\/2022\/12\/Ducman-dec22-768x576.jpg 768w, https:\/\/novice.si\/page\/wp-content\/uploads\/2022\/12\/Ducman-dec22-1536x1152.jpg 1536w, https:\/\/novice.si\/page\/wp-content\/uploads\/2022\/12\/Ducman-dec22-2048x1536.jpg 2048w, https:\/\/novice.si\/page\/wp-content\/uploads\/2022\/12\/Ducman-dec22-80x60.jpg 80w, https:\/\/novice.si\/page\/wp-content\/uploads\/2022\/12\/Ducman-dec22-265x198.jpg 265w, https:\/\/novice.si\/page\/wp-content\/uploads\/2022\/12\/Ducman-dec22-696x522.jpg 696w, https:\/\/novice.si\/page\/wp-content\/uploads\/2022\/12\/Ducman-dec22-1068x801.jpg 1068w, https:\/\/novice.si\/page\/wp-content\/uploads\/2022\/12\/Ducman-dec22-560x420.jpg 560w, https:\/\/novice.si\/page\/wp-content\/uploads\/2022\/12\/Ducman-dec22-24x18.jpg 24w, https:\/\/novice.si\/page\/wp-content\/uploads\/2022\/12\/Ducman-dec22-36x27.jpg 36w, https:\/\/novice.si\/page\/wp-content\/uploads\/2022\/12\/Ducman-dec22-48x36.jpg 48w\" sizes=\"auto, (max-width: 300px) 100vw, 300px\" \/><\/a>Potem, ko je prej\u0161nji mesec psihiatri\u010dna izvedenka in specialistka za odvisnike od mamil <strong>Mirjana Deli\u0107<\/strong> razlo\u017eila, da obto\u017eeni v \u010dasu dejanja ni bil nepri\u0161teven, abstinen\u010dna kriza pa ni imela vpliva na njegovo samoobvladovanje, je to\u017eilstvo dopolnilo obto\u017enico.<\/p>\n<p>Ducmana so \u0161e dodatno obremenili, saj naj bi izkoristil zaupanje star\u0161ev ve\u010der pred zlo\u010dinom, ko je lahko prespal na njunem domovanju, o\u010de pa ga je tudi pri\u0161el iskat in ga pripeljal domov. Zjutraj je obto\u017eeni z no\u017eem planil na spe\u010do mati, o\u010de je sku\u0161al prepre\u010diti najhuj\u0161e, vendar se je s hudimi po\u0161kodbami komaj re\u0161il sam. Sina so policisti prijeli v bli\u017eini doma.<\/p>\n<p>Po novem bodo sodbo izrekli 12. januarja.<\/p>\n<p>P\u0160<\/p>\n","protected":false},"excerpt":{"rendered":"<p>V nasprotju z napovedmi v Celju danes niso razglasili sodbe za 37-letnega Gregorja Docmana, obto\u017eenega umora mame in poskusa umora o\u010deta lanskega marca v Zalogu pri \u0160empetru. Potem, ko je prej\u0161nji mesec psihiatri\u010dna izvedenka in specialistka za odvisnike od mamil Mirjana Deli\u0107 razlo\u017eila, da obto\u017eeni v \u010dasu dejanja ni bil nepri\u0161teven, abstinen\u010dna kriza pa ni [&hellip;]<\/p>\n","protected":false},"author":33,"featured_media":157384,"comment_status":"closed","ping_status":"closed","sticky":false,"template":"","format":"standard","meta":{"footnotes":""},"categories":[14,17,29],"tags":[16516,11939,16400,3451,356,11914],"class_list":{"0":"post-157383","1":"post","2":"type-post","3":"status-publish","4":"format-standard","5":"has-post-thumbnail","7":"category-aktualno","8":"category-celjsko","9":"category-kronika","10":"tag-dopolnitev-obtoznice","11":"tag-gregor-ducman","12":"tag-mirjana-delic","13":"tag-sodba","14":"tag-sojenje","15":"tag-umor-in-poskus-umora"},"yoast_head":"<!-- This site is optimized with the Yoast SEO plugin v27.4 - https:\/\/yoast.com\/product\/yoast-seo-wordpress\/ -->\n<title>CELJE Pri Ducmanu namesto sodbe dopolnitev obto\u017enice - Novice.si<\/title>\n<meta name=\"robots\" content=\"index, follow, max-snippet:-1, max-image-preview:large, max-video-preview:-1\" \/>\n<link rel=\"canonical\" href=\"https:\/\/novice.si\/page\/celje-pri-ducmanu-namesto-sodbe-dopolnitev-obtoznice\/\" \/>\n<meta property=\"og:locale\" content=\"sl_SI\" \/>\n<meta property=\"og:type\" content=\"article\" \/>\n<meta property=\"og:title\" content=\"CELJE Pri Ducmanu namesto sodbe dopolnitev obto\u017enice - Novice.si\" \/>\n<meta property=\"og:description\" content=\"V nasprotju z napovedmi v Celju danes niso razglasili sodbe za 37-letnega Gregorja Docmana, obto\u017eenega umora mame in poskusa umora o\u010deta lanskega marca v Zalogu pri \u0160empetru. Potem, ko je prej\u0161nji mesec psihiatri\u010dna izvedenka in specialistka za odvisnike od mamil Mirjana Deli\u0107 razlo\u017eila, da obto\u017eeni v \u010dasu dejanja ni bil nepri\u0161teven, abstinen\u010dna kriza pa ni [&hellip;]\" \/>\n<meta property=\"og:url\" content=\"https:\/\/novice.si\/page\/celje-pri-ducmanu-namesto-sodbe-dopolnitev-obtoznice\/\" \/>\n<meta property=\"og:site_name\" content=\"Novice.si\" \/>\n<meta property=\"article:published_time\" content=\"2022-12-01T13:56:00+00:00\" \/>\n<meta property=\"og:image\" content=\"https:\/\/novice.si\/page\/wp-content\/uploads\/2022\/12\/Ducman-dec22-scaled.jpg\" \/>\n\t<meta property=\"og:image:width\" content=\"2560\" \/>\n\t<meta property=\"og:image:height\" content=\"1920\" \/>\n\t<meta property=\"og:image:type\" content=\"image\/jpeg\" \/>\n<meta name=\"author\" content=\"Uredni\u0161tvo Celjana\" \/>\n<meta name=\"twitter:card\" content=\"summary_large_image\" \/>\n<meta name=\"twitter:label1\" content=\"Written by\" \/>\n\t<meta name=\"twitter:data1\" content=\"Uredni\u0161tvo Celjana\" \/>\n\t<meta name=\"twitter:label2\" content=\"Est. reading time\" \/>\n\t<meta name=\"twitter:data2\" content=\"1 minuta\" \/>\n<script type=\"application\/ld+json\" class=\"yoast-schema-graph\">{\"@context\":\"https:\\\/\\\/schema.org\",\"@graph\":[{\"@type\":\"Article\",\"@id\":\"https:\\\/\\\/novice.si\\\/page\\\/celje-pri-ducmanu-namesto-sodbe-dopolnitev-obtoznice\\\/#article\",\"isPartOf\":{\"@id\":\"https:\\\/\\\/novice.si\\\/page\\\/celje-pri-ducmanu-namesto-sodbe-dopolnitev-obtoznice\\\/\"},\"author\":{\"name\":\"Uredni\u0161tvo Celjana\",\"@id\":\"https:\\\/\\\/novice.si\\\/page\\\/#\\\/schema\\\/person\\\/57f25c9642a9541c7349c65d32032c3e\"},\"headline\":\"CELJE Pri Ducmanu namesto sodbe dopolnitev obto\u017enice\",\"datePublished\":\"2022-12-01T13:56:00+00:00\",\"mainEntityOfPage\":{\"@id\":\"https:\\\/\\\/novice.si\\\/page\\\/celje-pri-ducmanu-namesto-sodbe-dopolnitev-obtoznice\\\/\"},\"wordCount\":166,\"publisher\":{\"@id\":\"https:\\\/\\\/novice.si\\\/page\\\/#organization\"},\"image\":{\"@id\":\"https:\\\/\\\/novice.si\\\/page\\\/celje-pri-ducmanu-namesto-sodbe-dopolnitev-obtoznice\\\/#primaryimage\"},\"thumbnailUrl\":\"https:\\\/\\\/novice.si\\\/page\\\/wp-content\\\/uploads\\\/2022\\\/12\\\/Ducman-dec22-scaled.jpg\",\"keywords\":[\"dopolnitev obto\u017enice\",\"Gregor Ducman\",\"Mirjana Deli\u0107\",\"sodba\",\"sojenje\",\"umor in poskus umora\"],\"articleSection\":[\"Aktualno\",\"Celjsko\",\"Kronika\"],\"inLanguage\":\"sl-SI\"},{\"@type\":\"WebPage\",\"@id\":\"https:\\\/\\\/novice.si\\\/page\\\/celje-pri-ducmanu-namesto-sodbe-dopolnitev-obtoznice\\\/\",\"url\":\"https:\\\/\\\/novice.si\\\/page\\\/celje-pri-ducmanu-namesto-sodbe-dopolnitev-obtoznice\\\/\",\"name\":\"CELJE Pri Ducmanu namesto sodbe dopolnitev obto\u017enice - Novice.si\",\"isPartOf\":{\"@id\":\"https:\\\/\\\/novice.si\\\/page\\\/#website\"},\"primaryImageOfPage\":{\"@id\":\"https:\\\/\\\/novice.si\\\/page\\\/celje-pri-ducmanu-namesto-sodbe-dopolnitev-obtoznice\\\/#primaryimage\"},\"image\":{\"@id\":\"https:\\\/\\\/novice.si\\\/page\\\/celje-pri-ducmanu-namesto-sodbe-dopolnitev-obtoznice\\\/#primaryimage\"},\"thumbnailUrl\":\"https:\\\/\\\/novice.si\\\/page\\\/wp-content\\\/uploads\\\/2022\\\/12\\\/Ducman-dec22-scaled.jpg\",\"datePublished\":\"2022-12-01T13:56:00+00:00\",\"breadcrumb\":{\"@id\":\"https:\\\/\\\/novice.si\\\/page\\\/celje-pri-ducmanu-namesto-sodbe-dopolnitev-obtoznice\\\/#breadcrumb\"},\"inLanguage\":\"sl-SI\",\"potentialAction\":[{\"@type\":\"ReadAction\",\"target\":[\"https:\\\/\\\/novice.si\\\/page\\\/celje-pri-ducmanu-namesto-sodbe-dopolnitev-obtoznice\\\/\"]}]},{\"@type\":\"ImageObject\",\"inLanguage\":\"sl-SI\",\"@id\":\"https:\\\/\\\/novice.si\\\/page\\\/celje-pri-ducmanu-namesto-sodbe-dopolnitev-obtoznice\\\/#primaryimage\",\"url\":\"https:\\\/\\\/novice.si\\\/page\\\/wp-content\\\/uploads\\\/2022\\\/12\\\/Ducman-dec22-scaled.jpg\",\"contentUrl\":\"https:\\\/\\\/novice.si\\\/page\\\/wp-content\\\/uploads\\\/2022\\\/12\\\/Ducman-dec22-scaled.jpg\",\"width\":2560,\"height\":1920},{\"@type\":\"BreadcrumbList\",\"@id\":\"https:\\\/\\\/novice.si\\\/page\\\/celje-pri-ducmanu-namesto-sodbe-dopolnitev-obtoznice\\\/#breadcrumb\",\"itemListElement\":[{\"@type\":\"ListItem\",\"position\":1,\"name\":\"Home\",\"item\":\"https:\\\/\\\/novice.si\\\/page\\\/\"},{\"@type\":\"ListItem\",\"position\":2,\"name\":\"CELJE Pri Ducmanu namesto sodbe dopolnitev obto\u017enice\"}]},{\"@type\":\"WebSite\",\"@id\":\"https:\\\/\\\/novice.si\\\/page\\\/#website\",\"url\":\"https:\\\/\\\/novice.si\\\/page\\\/\",\"name\":\"Novice.si\",\"description\":\"\",\"publisher\":{\"@id\":\"https:\\\/\\\/novice.si\\\/page\\\/#organization\"},\"potentialAction\":[{\"@type\":\"SearchAction\",\"target\":{\"@type\":\"EntryPoint\",\"urlTemplate\":\"https:\\\/\\\/novice.si\\\/page\\\/?s={search_term_string}\"},\"query-input\":{\"@type\":\"PropertyValueSpecification\",\"valueRequired\":true,\"valueName\":\"search_term_string\"}}],\"inLanguage\":\"sl-SI\"},{\"@type\":\"Organization\",\"@id\":\"https:\\\/\\\/novice.si\\\/page\\\/#organization\",\"name\":\"Novice.si\",\"url\":\"https:\\\/\\\/novice.si\\\/page\\\/\",\"logo\":{\"@type\":\"ImageObject\",\"inLanguage\":\"sl-SI\",\"@id\":\"https:\\\/\\\/novice.si\\\/page\\\/#\\\/schema\\\/logo\\\/image\\\/\",\"url\":\"https:\\\/\\\/novice.si\\\/page\\\/wp-content\\\/uploads\\\/2023\\\/03\\\/novice_si.png\",\"contentUrl\":\"https:\\\/\\\/novice.si\\\/page\\\/wp-content\\\/uploads\\\/2023\\\/03\\\/novice_si.png\",\"width\":576,\"height\":200,\"caption\":\"Novice.si\"},\"image\":{\"@id\":\"https:\\\/\\\/novice.si\\\/page\\\/#\\\/schema\\\/logo\\\/image\\\/\"}},{\"@type\":\"Person\",\"@id\":\"https:\\\/\\\/novice.si\\\/page\\\/#\\\/schema\\\/person\\\/57f25c9642a9541c7349c65d32032c3e\",\"name\":\"Uredni\u0161tvo Celjana\",\"image\":{\"@type\":\"ImageObject\",\"inLanguage\":\"sl-SI\",\"@id\":\"https:\\\/\\\/secure.gravatar.com\\\/avatar\\\/78e52bc4279b65f6df6345e0ef0f7b792d361361f230cf4ffecfe0afe6d5629c?s=96&d=mm&r=g\",\"url\":\"https:\\\/\\\/secure.gravatar.com\\\/avatar\\\/78e52bc4279b65f6df6345e0ef0f7b792d361361f230cf4ffecfe0afe6d5629c?s=96&d=mm&r=g\",\"contentUrl\":\"https:\\\/\\\/secure.gravatar.com\\\/avatar\\\/78e52bc4279b65f6df6345e0ef0f7b792d361361f230cf4ffecfe0afe6d5629c?s=96&d=mm&r=g\",\"caption\":\"Uredni\u0161tvo Celjana\"},\"url\":\"https:\\\/\\\/novice.si\\\/page\\\/author\\\/primoz\\\/\"}]}<\/script>\n<!-- \/ Yoast SEO plugin. -->","yoast_head_json":{"title":"CELJE Pri Ducmanu namesto sodbe dopolnitev obto\u017enice - Novice.si","robots":{"index":"index","follow":"follow","max-snippet":"max-snippet:-1","max-image-preview":"max-image-preview:large","max-video-preview":"max-video-preview:-1"},"canonical":"https:\/\/novice.si\/page\/celje-pri-ducmanu-namesto-sodbe-dopolnitev-obtoznice\/","og_locale":"sl_SI","og_type":"article","og_title":"CELJE Pri Ducmanu namesto sodbe dopolnitev obto\u017enice - Novice.si","og_description":"V nasprotju z napovedmi v Celju danes niso razglasili sodbe za 37-letnega Gregorja Docmana, obto\u017eenega umora mame in poskusa umora o\u010deta lanskega marca v Zalogu pri \u0160empetru. Potem, ko je prej\u0161nji mesec psihiatri\u010dna izvedenka in specialistka za odvisnike od mamil Mirjana Deli\u0107 razlo\u017eila, da obto\u017eeni v \u010dasu dejanja ni bil nepri\u0161teven, abstinen\u010dna kriza pa ni [&hellip;]","og_url":"https:\/\/novice.si\/page\/celje-pri-ducmanu-namesto-sodbe-dopolnitev-obtoznice\/","og_site_name":"Novice.si","article_published_time":"2022-12-01T13:56:00+00:00","og_image":[{"width":2560,"height":1920,"url":"https:\/\/novice.si\/page\/wp-content\/uploads\/2022\/12\/Ducman-dec22-scaled.jpg","type":"image\/jpeg"}],"author":"Uredni\u0161tvo Celjana","twitter_card":"summary_large_image","twitter_misc":{"Written by":"Uredni\u0161tvo Celjana","Est. reading time":"1 minuta"},"schema":{"@context":"https:\/\/schema.org","@graph":[{"@type":"Article","@id":"https:\/\/novice.si\/page\/celje-pri-ducmanu-namesto-sodbe-dopolnitev-obtoznice\/#article","isPartOf":{"@id":"https:\/\/novice.si\/page\/celje-pri-ducmanu-namesto-sodbe-dopolnitev-obtoznice\/"},"author":{"name":"Uredni\u0161tvo Celjana","@id":"https:\/\/novice.si\/page\/#\/schema\/person\/57f25c9642a9541c7349c65d32032c3e"},"headline":"CELJE Pri Ducmanu namesto sodbe dopolnitev obto\u017enice","datePublished":"2022-12-01T13:56:00+00:00","mainEntityOfPage":{"@id":"https:\/\/novice.si\/page\/celje-pri-ducmanu-namesto-sodbe-dopolnitev-obtoznice\/"},"wordCount":166,"publisher":{"@id":"https:\/\/novice.si\/page\/#organization"},"image":{"@id":"https:\/\/novice.si\/page\/celje-pri-ducmanu-namesto-sodbe-dopolnitev-obtoznice\/#primaryimage"},"thumbnailUrl":"https:\/\/novice.si\/page\/wp-content\/uploads\/2022\/12\/Ducman-dec22-scaled.jpg","keywords":["dopolnitev obto\u017enice","Gregor Ducman","Mirjana Deli\u0107","sodba","sojenje","umor in poskus umora"],"articleSection":["Aktualno","Celjsko","Kronika"],"inLanguage":"sl-SI"},{"@type":"WebPage","@id":"https:\/\/novice.si\/page\/celje-pri-ducmanu-namesto-sodbe-dopolnitev-obtoznice\/","url":"https:\/\/novice.si\/page\/celje-pri-ducmanu-namesto-sodbe-dopolnitev-obtoznice\/","name":"CELJE Pri Ducmanu namesto sodbe dopolnitev obto\u017enice - Novice.si","isPartOf":{"@id":"https:\/\/novice.si\/page\/#website"},"primaryImageOfPage":{"@id":"https:\/\/novice.si\/page\/celje-pri-ducmanu-namesto-sodbe-dopolnitev-obtoznice\/#primaryimage"},"image":{"@id":"https:\/\/novice.si\/page\/celje-pri-ducmanu-namesto-sodbe-dopolnitev-obtoznice\/#primaryimage"},"thumbnailUrl":"https:\/\/novice.si\/page\/wp-content\/uploads\/2022\/12\/Ducman-dec22-scaled.jpg","datePublished":"2022-12-01T13:56:00+00:00","breadcrumb":{"@id":"https:\/\/novice.si\/page\/celje-pri-ducmanu-namesto-sodbe-dopolnitev-obtoznice\/#breadcrumb"},"inLanguage":"sl-SI","potentialAction":[{"@type":"ReadAction","target":["https:\/\/novice.si\/page\/celje-pri-ducmanu-namesto-sodbe-dopolnitev-obtoznice\/"]}]},{"@type":"ImageObject","inLanguage":"sl-SI","@id":"https:\/\/novice.si\/page\/celje-pri-ducmanu-namesto-sodbe-dopolnitev-obtoznice\/#primaryimage","url":"https:\/\/novice.si\/page\/wp-content\/uploads\/2022\/12\/Ducman-dec22-scaled.jpg","contentUrl":"https:\/\/novice.si\/page\/wp-content\/uploads\/2022\/12\/Ducman-dec22-scaled.jpg","width":2560,"height":1920},{"@type":"BreadcrumbList","@id":"https:\/\/novice.si\/page\/celje-pri-ducmanu-namesto-sodbe-dopolnitev-obtoznice\/#breadcrumb","itemListElement":[{"@type":"ListItem","position":1,"name":"Home","item":"https:\/\/novice.si\/page\/"},{"@type":"ListItem","position":2,"name":"CELJE Pri Ducmanu namesto sodbe dopolnitev obto\u017enice"}]},{"@type":"WebSite","@id":"https:\/\/novice.si\/page\/#website","url":"https:\/\/novice.si\/page\/","name":"Novice.si","description":"","publisher":{"@id":"https:\/\/novice.si\/page\/#organization"},"potentialAction":[{"@type":"SearchAction","target":{"@type":"EntryPoint","urlTemplate":"https:\/\/novice.si\/page\/?s={search_term_string}"},"query-input":{"@type":"PropertyValueSpecification","valueRequired":true,"valueName":"search_term_string"}}],"inLanguage":"sl-SI"},{"@type":"Organization","@id":"https:\/\/novice.si\/page\/#organization","name":"Novice.si","url":"https:\/\/novice.si\/page\/","logo":{"@type":"ImageObject","inLanguage":"sl-SI","@id":"https:\/\/novice.si\/page\/#\/schema\/logo\/image\/","url":"https:\/\/novice.si\/page\/wp-content\/uploads\/2023\/03\/novice_si.png","contentUrl":"https:\/\/novice.si\/page\/wp-content\/uploads\/2023\/03\/novice_si.png","width":576,"height":200,"caption":"Novice.si"},"image":{"@id":"https:\/\/novice.si\/page\/#\/schema\/logo\/image\/"}},{"@type":"Person","@id":"https:\/\/novice.si\/page\/#\/schema\/person\/57f25c9642a9541c7349c65d32032c3e","name":"Uredni\u0161tvo Celjana","image":{"@type":"ImageObject","inLanguage":"sl-SI","@id":"https:\/\/secure.gravatar.com\/avatar\/78e52bc4279b65f6df6345e0ef0f7b792d361361f230cf4ffecfe0afe6d5629c?s=96&d=mm&r=g","url":"https:\/\/secure.gravatar.com\/avatar\/78e52bc4279b65f6df6345e0ef0f7b792d361361f230cf4ffecfe0afe6d5629c?s=96&d=mm&r=g","contentUrl":"https:\/\/secure.gravatar.com\/avatar\/78e52bc4279b65f6df6345e0ef0f7b792d361361f230cf4ffecfe0afe6d5629c?s=96&d=mm&r=g","caption":"Uredni\u0161tvo Celjana"},"url":"https:\/\/novice.si\/page\/author\/primoz\/"}]}},"_links":{"self":[{"href":"https:\/\/novice.si\/page\/wp-json\/wp\/v2\/posts\/157383","targetHints":{"allow":["GET"]}}],"collection":[{"href":"https:\/\/novice.si\/page\/wp-json\/wp\/v2\/posts"}],"about":[{"href":"https:\/\/novice.si\/page\/wp-json\/wp\/v2\/types\/post"}],"author":[{"embeddable":true,"href":"https:\/\/novice.si\/page\/wp-json\/wp\/v2\/users\/33"}],"replies":[{"embeddable":true,"href":"https:\/\/novice.si\/page\/wp-json\/wp\/v2\/comments?post=157383"}],"version-history":[{"count":1,"href":"https:\/\/novice.si\/page\/wp-json\/wp\/v2\/posts\/157383\/revisions"}],"predecessor-version":[{"id":157385,"href":"https:\/\/novice.si\/page\/wp-json\/wp\/v2\/posts\/157383\/revisions\/157385"}],"wp:featuredmedia":[{"embeddable":true,"href":"https:\/\/novice.si\/page\/wp-json\/wp\/v2\/media\/157384"}],"wp:attachment":[{"href":"https:\/\/novice.si\/page\/wp-json\/wp\/v2\/media?parent=157383"}],"wp:term":[{"taxonomy":"category","embeddable":true,"href":"https:\/\/novice.si\/page\/wp-json\/wp\/v2\/categories?post=157383"},{"taxonomy":"post_tag","embeddable":true,"href":"https:\/\/novice.si\/page\/wp-json\/wp\/v2\/tags?post=157383"}],"curies":[{"name":"wp","href":"https:\/\/api.w.org\/{rel}","templated":true}]}}