{"id":157375,"date":"2022-12-01T12:37:12","date_gmt":"2022-12-01T11:37:12","guid":{"rendered":"https:\/\/novice.si\/page\/?p=157375"},"modified":"2022-12-01T17:02:55","modified_gmt":"2022-12-01T16:02:55","slug":"celje-jansa-v-zadevi-zaljivi-tvit-2-vztraja-pri-zapisanem","status":"publish","type":"post","link":"https:\/\/novice.si\/page\/celje-jansa-v-zadevi-zaljivi-tvit-2-vztraja-pri-zapisanem\/","title":{"rendered":"CELJE Jan\u0161a v zadevi \u017daljivi tvit 2 vztraja pri zapisanem"},"content":{"rendered":"<p>S predobravnavnim narokom je celjska kazenska sodnica <strong>Leonida Jager<\/strong> dopoldne za\u010dela sojenje nekdanjemu predsedniku vlade <strong>Janezu Jan\u0161i<\/strong>, ki se tokrat zagovarja zaradi \u017ealjive obdol\u017eitve nekdanjega direktorja STA <strong>Bojana Veselinovi\u010da<\/strong> na dru\u017eabnem omre\u017eju Twitter lanskega maja.<a href=\"https:\/\/novice.si\/page\/wp-content\/uploads\/2022\/12\/Jansa-ZT2-PN-1-scaled.jpg\" data-gallery><img loading=\"lazy\" decoding=\"async\" class=\"size-medium wp-image-157378 alignleft\" src=\"https:\/\/novice.si\/page\/wp-content\/uploads\/2022\/12\/Jansa-ZT2-PN-1-300x199.jpg\" alt=\"\" width=\"300\" height=\"199\" srcset=\"https:\/\/novice.si\/page\/wp-content\/uploads\/2022\/12\/Jansa-ZT2-PN-1-300x199.jpg 300w, https:\/\/novice.si\/page\/wp-content\/uploads\/2022\/12\/Jansa-ZT2-PN-1-1024x679.jpg 1024w, https:\/\/novice.si\/page\/wp-content\/uploads\/2022\/12\/Jansa-ZT2-PN-1-768x510.jpg 768w, https:\/\/novice.si\/page\/wp-content\/uploads\/2022\/12\/Jansa-ZT2-PN-1-1536x1019.jpg 1536w, https:\/\/novice.si\/page\/wp-content\/uploads\/2022\/12\/Jansa-ZT2-PN-1-2048x1359.jpg 2048w, https:\/\/novice.si\/page\/wp-content\/uploads\/2022\/12\/Jansa-ZT2-PN-1-696x462.jpg 696w, https:\/\/novice.si\/page\/wp-content\/uploads\/2022\/12\/Jansa-ZT2-PN-1-1068x709.jpg 1068w, https:\/\/novice.si\/page\/wp-content\/uploads\/2022\/12\/Jansa-ZT2-PN-1-633x420.jpg 633w, https:\/\/novice.si\/page\/wp-content\/uploads\/2022\/12\/Jansa-ZT2-PN-1-24x16.jpg 24w, https:\/\/novice.si\/page\/wp-content\/uploads\/2022\/12\/Jansa-ZT2-PN-1-36x24.jpg 36w, https:\/\/novice.si\/page\/wp-content\/uploads\/2022\/12\/Jansa-ZT2-PN-1-48x32.jpg 48w\" sizes=\"auto, (max-width: 300px) 100vw, 300px\" \/><\/a><\/p>\n<p>Opozicijski prvak niti tokrat krivde ni priznal, temve\u010d je \u2013 nasprotno \u2013 vztrajal pri tistem, kar je zapisal lanskega maja, in sicer, da je zasebni to\u017enik sodeloval pri umoru nekdanjega urednika STA <strong>Boruta Me\u0161ka<\/strong>. Ta je za rakom umrl pred 12 leti.<\/p>\n<p>\u00bbGospod Veselinovi\u010d je kot direktor STA izvajal pritiske, \u0161ikaniranje in mobing nad gospodom Me\u0161kom. Odpustil ga je, ko je bil na bolni\u0161ki in na smrt bolan. Gre za enega najhuj\u0161ih primerov maltretiranja novinarjev v slovenski zgodovini\u00ab, je Jan\u0161a dejal pred za\u010detkom dana\u0161njega naroka.<\/p>\n<p>Glavna obravnava se bo za\u010dela marca prihodnje leto.<\/p>\n<p>Ve\u010d preberite v Celjanu.<\/p>\n<p>P\u0160<\/p>\n","protected":false},"excerpt":{"rendered":"<p>S predobravnavnim narokom je celjska kazenska sodnica Leonida Jager dopoldne za\u010dela sojenje nekdanjemu predsedniku vlade Janezu Jan\u0161i, ki se tokrat zagovarja zaradi \u017ealjive obdol\u017eitve nekdanjega direktorja STA Bojana Veselinovi\u010da na dru\u017eabnem omre\u017eju Twitter lanskega maja. Opozicijski prvak niti tokrat krivde ni priznal, temve\u010d je \u2013 nasprotno \u2013 vztrajal pri tistem, kar je zapisal lanskega maja, [&hellip;]<\/p>\n","protected":false},"author":33,"featured_media":157377,"comment_status":"closed","ping_status":"closed","sticky":false,"template":"","format":"standard","meta":{"footnotes":""},"categories":[14,17,29],"tags":[15036,16511,3791,5572,9332,16512,15037],"class_list":{"0":"post-157375","1":"post","2":"type-post","3":"status-publish","4":"format-standard","5":"has-post-thumbnail","7":"category-aktualno","8":"category-celjsko","9":"category-kronika","10":"tag-bojan-veselinovic","11":"tag-borut-mesko","12":"tag-janez-jansa","13":"tag-predobravnavni-narok","14":"tag-sodisce-v-celju","15":"tag-sta","16":"tag-zaljivi-tvit-2"},"yoast_head":"<!-- This site is optimized with the Yoast SEO plugin v27.4 - https:\/\/yoast.com\/product\/yoast-seo-wordpress\/ -->\n<title>CELJE Jan\u0161a v zadevi \u017daljivi tvit 2 vztraja pri zapisanem - Novice.si<\/title>\n<meta name=\"robots\" content=\"index, follow, max-snippet:-1, max-image-preview:large, max-video-preview:-1\" \/>\n<link rel=\"canonical\" href=\"https:\/\/novice.si\/page\/celje-jansa-v-zadevi-zaljivi-tvit-2-vztraja-pri-zapisanem\/\" \/>\n<meta property=\"og:locale\" content=\"sl_SI\" \/>\n<meta property=\"og:type\" content=\"article\" \/>\n<meta property=\"og:title\" content=\"CELJE Jan\u0161a v zadevi \u017daljivi tvit 2 vztraja pri zapisanem - Novice.si\" \/>\n<meta property=\"og:description\" content=\"S predobravnavnim narokom je celjska kazenska sodnica Leonida Jager dopoldne za\u010dela sojenje nekdanjemu predsedniku vlade Janezu Jan\u0161i, ki se tokrat zagovarja zaradi \u017ealjive obdol\u017eitve nekdanjega direktorja STA Bojana Veselinovi\u010da na dru\u017eabnem omre\u017eju Twitter lanskega maja. Opozicijski prvak niti tokrat krivde ni priznal, temve\u010d je \u2013 nasprotno \u2013 vztrajal pri tistem, kar je zapisal lanskega maja, [&hellip;]\" \/>\n<meta property=\"og:url\" content=\"https:\/\/novice.si\/page\/celje-jansa-v-zadevi-zaljivi-tvit-2-vztraja-pri-zapisanem\/\" \/>\n<meta property=\"og:site_name\" content=\"Novice.si\" \/>\n<meta property=\"article:published_time\" content=\"2022-12-01T11:37:12+00:00\" \/>\n<meta property=\"article:modified_time\" content=\"2022-12-01T16:02:55+00:00\" \/>\n<meta property=\"og:image\" content=\"https:\/\/novice.si\/page\/wp-content\/uploads\/2022\/12\/Jansa-ZT2-PN-2.jpg\" \/>\n\t<meta property=\"og:image:width\" content=\"1552\" \/>\n\t<meta property=\"og:image:height\" content=\"2042\" \/>\n\t<meta property=\"og:image:type\" content=\"image\/jpeg\" \/>\n<meta name=\"author\" content=\"Uredni\u0161tvo Celjana\" \/>\n<meta name=\"twitter:card\" content=\"summary_large_image\" \/>\n<meta name=\"twitter:label1\" content=\"Written by\" \/>\n\t<meta name=\"twitter:data1\" content=\"Uredni\u0161tvo Celjana\" \/>\n\t<meta name=\"twitter:label2\" content=\"Est. reading time\" \/>\n\t<meta name=\"twitter:data2\" content=\"1 minuta\" \/>\n<script type=\"application\/ld+json\" class=\"yoast-schema-graph\">{\"@context\":\"https:\\\/\\\/schema.org\",\"@graph\":[{\"@type\":\"Article\",\"@id\":\"https:\\\/\\\/novice.si\\\/page\\\/celje-jansa-v-zadevi-zaljivi-tvit-2-vztraja-pri-zapisanem\\\/#article\",\"isPartOf\":{\"@id\":\"https:\\\/\\\/novice.si\\\/page\\\/celje-jansa-v-zadevi-zaljivi-tvit-2-vztraja-pri-zapisanem\\\/\"},\"author\":{\"name\":\"Uredni\u0161tvo Celjana\",\"@id\":\"https:\\\/\\\/novice.si\\\/page\\\/#\\\/schema\\\/person\\\/57f25c9642a9541c7349c65d32032c3e\"},\"headline\":\"CELJE Jan\u0161a v zadevi \u017daljivi tvit 2 vztraja pri zapisanem\",\"datePublished\":\"2022-12-01T11:37:12+00:00\",\"dateModified\":\"2022-12-01T16:02:55+00:00\",\"mainEntityOfPage\":{\"@id\":\"https:\\\/\\\/novice.si\\\/page\\\/celje-jansa-v-zadevi-zaljivi-tvit-2-vztraja-pri-zapisanem\\\/\"},\"wordCount\":155,\"publisher\":{\"@id\":\"https:\\\/\\\/novice.si\\\/page\\\/#organization\"},\"image\":{\"@id\":\"https:\\\/\\\/novice.si\\\/page\\\/celje-jansa-v-zadevi-zaljivi-tvit-2-vztraja-pri-zapisanem\\\/#primaryimage\"},\"thumbnailUrl\":\"https:\\\/\\\/novice.si\\\/page\\\/wp-content\\\/uploads\\\/2022\\\/12\\\/Jansa-ZT2-PN-2.jpg\",\"keywords\":[\"Bojan Veselinovi\u010d\",\"borut me\u0161ko\",\"janez jan\u0161a\",\"predobravnavni narok\",\"sodi\u0161\u010de v Celju\",\"sta\",\"\u017daljivi tvit 2\"],\"articleSection\":[\"Aktualno\",\"Celjsko\",\"Kronika\"],\"inLanguage\":\"sl-SI\"},{\"@type\":\"WebPage\",\"@id\":\"https:\\\/\\\/novice.si\\\/page\\\/celje-jansa-v-zadevi-zaljivi-tvit-2-vztraja-pri-zapisanem\\\/\",\"url\":\"https:\\\/\\\/novice.si\\\/page\\\/celje-jansa-v-zadevi-zaljivi-tvit-2-vztraja-pri-zapisanem\\\/\",\"name\":\"CELJE Jan\u0161a v zadevi \u017daljivi tvit 2 vztraja pri zapisanem - Novice.si\",\"isPartOf\":{\"@id\":\"https:\\\/\\\/novice.si\\\/page\\\/#website\"},\"primaryImageOfPage\":{\"@id\":\"https:\\\/\\\/novice.si\\\/page\\\/celje-jansa-v-zadevi-zaljivi-tvit-2-vztraja-pri-zapisanem\\\/#primaryimage\"},\"image\":{\"@id\":\"https:\\\/\\\/novice.si\\\/page\\\/celje-jansa-v-zadevi-zaljivi-tvit-2-vztraja-pri-zapisanem\\\/#primaryimage\"},\"thumbnailUrl\":\"https:\\\/\\\/novice.si\\\/page\\\/wp-content\\\/uploads\\\/2022\\\/12\\\/Jansa-ZT2-PN-2.jpg\",\"datePublished\":\"2022-12-01T11:37:12+00:00\",\"dateModified\":\"2022-12-01T16:02:55+00:00\",\"breadcrumb\":{\"@id\":\"https:\\\/\\\/novice.si\\\/page\\\/celje-jansa-v-zadevi-zaljivi-tvit-2-vztraja-pri-zapisanem\\\/#breadcrumb\"},\"inLanguage\":\"sl-SI\",\"potentialAction\":[{\"@type\":\"ReadAction\",\"target\":[\"https:\\\/\\\/novice.si\\\/page\\\/celje-jansa-v-zadevi-zaljivi-tvit-2-vztraja-pri-zapisanem\\\/\"]}]},{\"@type\":\"ImageObject\",\"inLanguage\":\"sl-SI\",\"@id\":\"https:\\\/\\\/novice.si\\\/page\\\/celje-jansa-v-zadevi-zaljivi-tvit-2-vztraja-pri-zapisanem\\\/#primaryimage\",\"url\":\"https:\\\/\\\/novice.si\\\/page\\\/wp-content\\\/uploads\\\/2022\\\/12\\\/Jansa-ZT2-PN-2.jpg\",\"contentUrl\":\"https:\\\/\\\/novice.si\\\/page\\\/wp-content\\\/uploads\\\/2022\\\/12\\\/Jansa-ZT2-PN-2.jpg\",\"width\":1552,\"height\":2042},{\"@type\":\"BreadcrumbList\",\"@id\":\"https:\\\/\\\/novice.si\\\/page\\\/celje-jansa-v-zadevi-zaljivi-tvit-2-vztraja-pri-zapisanem\\\/#breadcrumb\",\"itemListElement\":[{\"@type\":\"ListItem\",\"position\":1,\"name\":\"Home\",\"item\":\"https:\\\/\\\/novice.si\\\/page\\\/\"},{\"@type\":\"ListItem\",\"position\":2,\"name\":\"CELJE Jan\u0161a v zadevi \u017daljivi tvit 2 vztraja pri zapisanem\"}]},{\"@type\":\"WebSite\",\"@id\":\"https:\\\/\\\/novice.si\\\/page\\\/#website\",\"url\":\"https:\\\/\\\/novice.si\\\/page\\\/\",\"name\":\"Novice.si\",\"description\":\"\",\"publisher\":{\"@id\":\"https:\\\/\\\/novice.si\\\/page\\\/#organization\"},\"potentialAction\":[{\"@type\":\"SearchAction\",\"target\":{\"@type\":\"EntryPoint\",\"urlTemplate\":\"https:\\\/\\\/novice.si\\\/page\\\/?s={search_term_string}\"},\"query-input\":{\"@type\":\"PropertyValueSpecification\",\"valueRequired\":true,\"valueName\":\"search_term_string\"}}],\"inLanguage\":\"sl-SI\"},{\"@type\":\"Organization\",\"@id\":\"https:\\\/\\\/novice.si\\\/page\\\/#organization\",\"name\":\"Novice.si\",\"url\":\"https:\\\/\\\/novice.si\\\/page\\\/\",\"logo\":{\"@type\":\"ImageObject\",\"inLanguage\":\"sl-SI\",\"@id\":\"https:\\\/\\\/novice.si\\\/page\\\/#\\\/schema\\\/logo\\\/image\\\/\",\"url\":\"https:\\\/\\\/novice.si\\\/page\\\/wp-content\\\/uploads\\\/2023\\\/03\\\/novice_si.png\",\"contentUrl\":\"https:\\\/\\\/novice.si\\\/page\\\/wp-content\\\/uploads\\\/2023\\\/03\\\/novice_si.png\",\"width\":576,\"height\":200,\"caption\":\"Novice.si\"},\"image\":{\"@id\":\"https:\\\/\\\/novice.si\\\/page\\\/#\\\/schema\\\/logo\\\/image\\\/\"}},{\"@type\":\"Person\",\"@id\":\"https:\\\/\\\/novice.si\\\/page\\\/#\\\/schema\\\/person\\\/57f25c9642a9541c7349c65d32032c3e\",\"name\":\"Uredni\u0161tvo Celjana\",\"image\":{\"@type\":\"ImageObject\",\"inLanguage\":\"sl-SI\",\"@id\":\"https:\\\/\\\/secure.gravatar.com\\\/avatar\\\/78e52bc4279b65f6df6345e0ef0f7b792d361361f230cf4ffecfe0afe6d5629c?s=96&d=mm&r=g\",\"url\":\"https:\\\/\\\/secure.gravatar.com\\\/avatar\\\/78e52bc4279b65f6df6345e0ef0f7b792d361361f230cf4ffecfe0afe6d5629c?s=96&d=mm&r=g\",\"contentUrl\":\"https:\\\/\\\/secure.gravatar.com\\\/avatar\\\/78e52bc4279b65f6df6345e0ef0f7b792d361361f230cf4ffecfe0afe6d5629c?s=96&d=mm&r=g\",\"caption\":\"Uredni\u0161tvo Celjana\"},\"url\":\"https:\\\/\\\/novice.si\\\/page\\\/author\\\/primoz\\\/\"}]}<\/script>\n<!-- \/ Yoast SEO plugin. -->","yoast_head_json":{"title":"CELJE Jan\u0161a v zadevi \u017daljivi tvit 2 vztraja pri zapisanem - Novice.si","robots":{"index":"index","follow":"follow","max-snippet":"max-snippet:-1","max-image-preview":"max-image-preview:large","max-video-preview":"max-video-preview:-1"},"canonical":"https:\/\/novice.si\/page\/celje-jansa-v-zadevi-zaljivi-tvit-2-vztraja-pri-zapisanem\/","og_locale":"sl_SI","og_type":"article","og_title":"CELJE Jan\u0161a v zadevi \u017daljivi tvit 2 vztraja pri zapisanem - Novice.si","og_description":"S predobravnavnim narokom je celjska kazenska sodnica Leonida Jager dopoldne za\u010dela sojenje nekdanjemu predsedniku vlade Janezu Jan\u0161i, ki se tokrat zagovarja zaradi \u017ealjive obdol\u017eitve nekdanjega direktorja STA Bojana Veselinovi\u010da na dru\u017eabnem omre\u017eju Twitter lanskega maja. Opozicijski prvak niti tokrat krivde ni priznal, temve\u010d je \u2013 nasprotno \u2013 vztrajal pri tistem, kar je zapisal lanskega maja, [&hellip;]","og_url":"https:\/\/novice.si\/page\/celje-jansa-v-zadevi-zaljivi-tvit-2-vztraja-pri-zapisanem\/","og_site_name":"Novice.si","article_published_time":"2022-12-01T11:37:12+00:00","article_modified_time":"2022-12-01T16:02:55+00:00","og_image":[{"width":1552,"height":2042,"url":"https:\/\/novice.si\/page\/wp-content\/uploads\/2022\/12\/Jansa-ZT2-PN-2.jpg","type":"image\/jpeg"}],"author":"Uredni\u0161tvo Celjana","twitter_card":"summary_large_image","twitter_misc":{"Written by":"Uredni\u0161tvo Celjana","Est. reading time":"1 minuta"},"schema":{"@context":"https:\/\/schema.org","@graph":[{"@type":"Article","@id":"https:\/\/novice.si\/page\/celje-jansa-v-zadevi-zaljivi-tvit-2-vztraja-pri-zapisanem\/#article","isPartOf":{"@id":"https:\/\/novice.si\/page\/celje-jansa-v-zadevi-zaljivi-tvit-2-vztraja-pri-zapisanem\/"},"author":{"name":"Uredni\u0161tvo Celjana","@id":"https:\/\/novice.si\/page\/#\/schema\/person\/57f25c9642a9541c7349c65d32032c3e"},"headline":"CELJE Jan\u0161a v zadevi \u017daljivi tvit 2 vztraja pri zapisanem","datePublished":"2022-12-01T11:37:12+00:00","dateModified":"2022-12-01T16:02:55+00:00","mainEntityOfPage":{"@id":"https:\/\/novice.si\/page\/celje-jansa-v-zadevi-zaljivi-tvit-2-vztraja-pri-zapisanem\/"},"wordCount":155,"publisher":{"@id":"https:\/\/novice.si\/page\/#organization"},"image":{"@id":"https:\/\/novice.si\/page\/celje-jansa-v-zadevi-zaljivi-tvit-2-vztraja-pri-zapisanem\/#primaryimage"},"thumbnailUrl":"https:\/\/novice.si\/page\/wp-content\/uploads\/2022\/12\/Jansa-ZT2-PN-2.jpg","keywords":["Bojan Veselinovi\u010d","borut me\u0161ko","janez jan\u0161a","predobravnavni narok","sodi\u0161\u010de v Celju","sta","\u017daljivi tvit 2"],"articleSection":["Aktualno","Celjsko","Kronika"],"inLanguage":"sl-SI"},{"@type":"WebPage","@id":"https:\/\/novice.si\/page\/celje-jansa-v-zadevi-zaljivi-tvit-2-vztraja-pri-zapisanem\/","url":"https:\/\/novice.si\/page\/celje-jansa-v-zadevi-zaljivi-tvit-2-vztraja-pri-zapisanem\/","name":"CELJE Jan\u0161a v zadevi \u017daljivi tvit 2 vztraja pri zapisanem - Novice.si","isPartOf":{"@id":"https:\/\/novice.si\/page\/#website"},"primaryImageOfPage":{"@id":"https:\/\/novice.si\/page\/celje-jansa-v-zadevi-zaljivi-tvit-2-vztraja-pri-zapisanem\/#primaryimage"},"image":{"@id":"https:\/\/novice.si\/page\/celje-jansa-v-zadevi-zaljivi-tvit-2-vztraja-pri-zapisanem\/#primaryimage"},"thumbnailUrl":"https:\/\/novice.si\/page\/wp-content\/uploads\/2022\/12\/Jansa-ZT2-PN-2.jpg","datePublished":"2022-12-01T11:37:12+00:00","dateModified":"2022-12-01T16:02:55+00:00","breadcrumb":{"@id":"https:\/\/novice.si\/page\/celje-jansa-v-zadevi-zaljivi-tvit-2-vztraja-pri-zapisanem\/#breadcrumb"},"inLanguage":"sl-SI","potentialAction":[{"@type":"ReadAction","target":["https:\/\/novice.si\/page\/celje-jansa-v-zadevi-zaljivi-tvit-2-vztraja-pri-zapisanem\/"]}]},{"@type":"ImageObject","inLanguage":"sl-SI","@id":"https:\/\/novice.si\/page\/celje-jansa-v-zadevi-zaljivi-tvit-2-vztraja-pri-zapisanem\/#primaryimage","url":"https:\/\/novice.si\/page\/wp-content\/uploads\/2022\/12\/Jansa-ZT2-PN-2.jpg","contentUrl":"https:\/\/novice.si\/page\/wp-content\/uploads\/2022\/12\/Jansa-ZT2-PN-2.jpg","width":1552,"height":2042},{"@type":"BreadcrumbList","@id":"https:\/\/novice.si\/page\/celje-jansa-v-zadevi-zaljivi-tvit-2-vztraja-pri-zapisanem\/#breadcrumb","itemListElement":[{"@type":"ListItem","position":1,"name":"Home","item":"https:\/\/novice.si\/page\/"},{"@type":"ListItem","position":2,"name":"CELJE Jan\u0161a v zadevi \u017daljivi tvit 2 vztraja pri zapisanem"}]},{"@type":"WebSite","@id":"https:\/\/novice.si\/page\/#website","url":"https:\/\/novice.si\/page\/","name":"Novice.si","description":"","publisher":{"@id":"https:\/\/novice.si\/page\/#organization"},"potentialAction":[{"@type":"SearchAction","target":{"@type":"EntryPoint","urlTemplate":"https:\/\/novice.si\/page\/?s={search_term_string}"},"query-input":{"@type":"PropertyValueSpecification","valueRequired":true,"valueName":"search_term_string"}}],"inLanguage":"sl-SI"},{"@type":"Organization","@id":"https:\/\/novice.si\/page\/#organization","name":"Novice.si","url":"https:\/\/novice.si\/page\/","logo":{"@type":"ImageObject","inLanguage":"sl-SI","@id":"https:\/\/novice.si\/page\/#\/schema\/logo\/image\/","url":"https:\/\/novice.si\/page\/wp-content\/uploads\/2023\/03\/novice_si.png","contentUrl":"https:\/\/novice.si\/page\/wp-content\/uploads\/2023\/03\/novice_si.png","width":576,"height":200,"caption":"Novice.si"},"image":{"@id":"https:\/\/novice.si\/page\/#\/schema\/logo\/image\/"}},{"@type":"Person","@id":"https:\/\/novice.si\/page\/#\/schema\/person\/57f25c9642a9541c7349c65d32032c3e","name":"Uredni\u0161tvo Celjana","image":{"@type":"ImageObject","inLanguage":"sl-SI","@id":"https:\/\/secure.gravatar.com\/avatar\/78e52bc4279b65f6df6345e0ef0f7b792d361361f230cf4ffecfe0afe6d5629c?s=96&d=mm&r=g","url":"https:\/\/secure.gravatar.com\/avatar\/78e52bc4279b65f6df6345e0ef0f7b792d361361f230cf4ffecfe0afe6d5629c?s=96&d=mm&r=g","contentUrl":"https:\/\/secure.gravatar.com\/avatar\/78e52bc4279b65f6df6345e0ef0f7b792d361361f230cf4ffecfe0afe6d5629c?s=96&d=mm&r=g","caption":"Uredni\u0161tvo Celjana"},"url":"https:\/\/novice.si\/page\/author\/primoz\/"}]}},"_links":{"self":[{"href":"https:\/\/novice.si\/page\/wp-json\/wp\/v2\/posts\/157375","targetHints":{"allow":["GET"]}}],"collection":[{"href":"https:\/\/novice.si\/page\/wp-json\/wp\/v2\/posts"}],"about":[{"href":"https:\/\/novice.si\/page\/wp-json\/wp\/v2\/types\/post"}],"author":[{"embeddable":true,"href":"https:\/\/novice.si\/page\/wp-json\/wp\/v2\/users\/33"}],"replies":[{"embeddable":true,"href":"https:\/\/novice.si\/page\/wp-json\/wp\/v2\/comments?post=157375"}],"version-history":[{"count":2,"href":"https:\/\/novice.si\/page\/wp-json\/wp\/v2\/posts\/157375\/revisions"}],"predecessor-version":[{"id":157387,"href":"https:\/\/novice.si\/page\/wp-json\/wp\/v2\/posts\/157375\/revisions\/157387"}],"wp:featuredmedia":[{"embeddable":true,"href":"https:\/\/novice.si\/page\/wp-json\/wp\/v2\/media\/157377"}],"wp:attachment":[{"href":"https:\/\/novice.si\/page\/wp-json\/wp\/v2\/media?parent=157375"}],"wp:term":[{"taxonomy":"category","embeddable":true,"href":"https:\/\/novice.si\/page\/wp-json\/wp\/v2\/categories?post=157375"},{"taxonomy":"post_tag","embeddable":true,"href":"https:\/\/novice.si\/page\/wp-json\/wp\/v2\/tags?post=157375"}],"curies":[{"name":"wp","href":"https:\/\/api.w.org\/{rel}","templated":true}]}}