{"id":157320,"date":"2022-11-30T15:15:16","date_gmt":"2022-11-30T14:15:16","guid":{"rendered":"https:\/\/novice.si\/page\/?p=157320"},"modified":"2022-12-01T07:49:51","modified_gmt":"2022-12-01T06:49:51","slug":"celje-store-zvoneta-pertinaca-nasli-mrtvega","status":"publish","type":"post","link":"https:\/\/novice.si\/page\/celje-store-zvoneta-pertinaca-nasli-mrtvega\/","title":{"rendered":"CELJE \u0160TORE Zvoneta Pertina\u010da na\u0161li mrtvega"},"content":{"rendered":"<p><a href=\"https:\/\/novice.si\/page\/wp-content\/uploads\/2022\/11\/Zvonko-Pertinac.jpg\" data-gallery><img loading=\"lazy\" decoding=\"async\" class=\" wp-image-157321 alignleft\" src=\"https:\/\/novice.si\/page\/wp-content\/uploads\/2022\/11\/Zvonko-Pertinac-233x300.jpg\" alt=\"\" width=\"145\" height=\"187\" srcset=\"https:\/\/novice.si\/page\/wp-content\/uploads\/2022\/11\/Zvonko-Pertinac-233x300.jpg 233w, https:\/\/novice.si\/page\/wp-content\/uploads\/2022\/11\/Zvonko-Pertinac-327x420.jpg 327w, https:\/\/novice.si\/page\/wp-content\/uploads\/2022\/11\/Zvonko-Pertinac-19x24.jpg 19w, https:\/\/novice.si\/page\/wp-content\/uploads\/2022\/11\/Zvonko-Pertinac-28x36.jpg 28w, https:\/\/novice.si\/page\/wp-content\/uploads\/2022\/11\/Zvonko-Pertinac-37x48.jpg 37w, https:\/\/novice.si\/page\/wp-content\/uploads\/2022\/11\/Zvonko-Pertinac.jpg 413w\" sizes=\"auto, (max-width: 145px) 100vw, 145px\" \/><\/a>Celjska policijska uprava je dopoldne preklicala zjutraj razpisano iskanje 66-letnega <strong>Zvoneta Pertina\u010da<\/strong> s Kompol pri \u0160torah.<\/p>\n<p>Zgodaj dopoldne so ga mrtvega na\u0161li v reki Voglajni na obmo\u010dju Pro\u017einske vasi.<\/p>\n<p>Pogre\u0161ili so ga v ponedeljek popoldne, ko je od\u0161el zdoma.<\/p>\n<p>Podrobnosti policija \u0161e preiskuje, s centra za obve\u0161\u010danje pa dodajajo, da so truplo, ki se je zagozdilo sredi struge, izvlekli pripadniki potaplja\u010dev-re\u0161evalcev in sicer s pomo\u010djo \u010dolna in vrvne tehnike.<\/p>\n<p>P\u0160<\/p>\n<p>&nbsp;<\/p>\n","protected":false},"excerpt":{"rendered":"<p>Celjska policijska uprava je dopoldne preklicala zjutraj razpisano iskanje 66-letnega Zvoneta Pertina\u010da s Kompol pri \u0160torah. Zgodaj dopoldne so ga mrtvega na\u0161li v reki Voglajni na obmo\u010dju Pro\u017einske vasi. Pogre\u0161ili so ga v ponedeljek popoldne, ko je od\u0161el zdoma. Podrobnosti policija \u0161e preiskuje, s centra za obve\u0161\u010danje pa dodajajo, da so truplo, ki se je [&hellip;]<\/p>\n","protected":false},"author":33,"featured_media":157321,"comment_status":"closed","ping_status":"closed","sticky":false,"template":"","format":"standard","meta":{"footnotes":""},"categories":[14,17,29],"tags":[3807,15052,248,3891,15053,16510],"class_list":{"0":"post-157320","1":"post","2":"type-post","3":"status-publish","4":"format-standard","5":"has-post-thumbnail","7":"category-aktualno","8":"category-celjsko","9":"category-kronika","10":"tag-iskanje","11":"tag-kompole","12":"tag-mrtev","13":"tag-policijska-uprava-celje","14":"tag-prozinska-vas","15":"tag-zvonko-pertinac"},"yoast_head":"<!-- This site is optimized with the Yoast SEO plugin v27.4 - https:\/\/yoast.com\/product\/yoast-seo-wordpress\/ -->\n<title>CELJE \u0160TORE Zvoneta Pertina\u010da na\u0161li mrtvega - Novice.si<\/title>\n<meta name=\"robots\" content=\"index, follow, max-snippet:-1, max-image-preview:large, max-video-preview:-1\" \/>\n<link rel=\"canonical\" href=\"https:\/\/novice.si\/page\/celje-store-zvoneta-pertinaca-nasli-mrtvega\/\" \/>\n<meta property=\"og:locale\" content=\"sl_SI\" \/>\n<meta property=\"og:type\" content=\"article\" \/>\n<meta property=\"og:title\" content=\"CELJE \u0160TORE Zvoneta Pertina\u010da na\u0161li mrtvega - Novice.si\" \/>\n<meta property=\"og:description\" content=\"Celjska policijska uprava je dopoldne preklicala zjutraj razpisano iskanje 66-letnega Zvoneta Pertina\u010da s Kompol pri \u0160torah. Zgodaj dopoldne so ga mrtvega na\u0161li v reki Voglajni na obmo\u010dju Pro\u017einske vasi. Pogre\u0161ili so ga v ponedeljek popoldne, ko je od\u0161el zdoma. Podrobnosti policija \u0161e preiskuje, s centra za obve\u0161\u010danje pa dodajajo, da so truplo, ki se je [&hellip;]\" \/>\n<meta property=\"og:url\" content=\"https:\/\/novice.si\/page\/celje-store-zvoneta-pertinaca-nasli-mrtvega\/\" \/>\n<meta property=\"og:site_name\" content=\"Novice.si\" \/>\n<meta property=\"article:published_time\" content=\"2022-11-30T14:15:16+00:00\" \/>\n<meta property=\"article:modified_time\" content=\"2022-12-01T06:49:51+00:00\" \/>\n<meta property=\"og:image\" content=\"https:\/\/novice.si\/page\/wp-content\/uploads\/2022\/11\/Zvonko-Pertinac.jpg\" \/>\n\t<meta property=\"og:image:width\" content=\"413\" \/>\n\t<meta property=\"og:image:height\" content=\"531\" \/>\n\t<meta property=\"og:image:type\" content=\"image\/jpeg\" \/>\n<meta name=\"author\" content=\"Uredni\u0161tvo Celjana\" \/>\n<meta name=\"twitter:card\" content=\"summary_large_image\" \/>\n<meta name=\"twitter:label1\" content=\"Written by\" \/>\n\t<meta name=\"twitter:data1\" content=\"Uredni\u0161tvo Celjana\" \/>\n\t<meta name=\"twitter:label2\" content=\"Est. reading time\" \/>\n\t<meta name=\"twitter:data2\" content=\"1 minuta\" \/>\n<script type=\"application\/ld+json\" class=\"yoast-schema-graph\">{\"@context\":\"https:\\\/\\\/schema.org\",\"@graph\":[{\"@type\":\"Article\",\"@id\":\"https:\\\/\\\/novice.si\\\/page\\\/celje-store-zvoneta-pertinaca-nasli-mrtvega\\\/#article\",\"isPartOf\":{\"@id\":\"https:\\\/\\\/novice.si\\\/page\\\/celje-store-zvoneta-pertinaca-nasli-mrtvega\\\/\"},\"author\":{\"name\":\"Uredni\u0161tvo Celjana\",\"@id\":\"https:\\\/\\\/novice.si\\\/page\\\/#\\\/schema\\\/person\\\/57f25c9642a9541c7349c65d32032c3e\"},\"headline\":\"CELJE \u0160TORE Zvoneta Pertina\u010da na\u0161li mrtvega\",\"datePublished\":\"2022-11-30T14:15:16+00:00\",\"dateModified\":\"2022-12-01T06:49:51+00:00\",\"mainEntityOfPage\":{\"@id\":\"https:\\\/\\\/novice.si\\\/page\\\/celje-store-zvoneta-pertinaca-nasli-mrtvega\\\/\"},\"wordCount\":89,\"publisher\":{\"@id\":\"https:\\\/\\\/novice.si\\\/page\\\/#organization\"},\"image\":{\"@id\":\"https:\\\/\\\/novice.si\\\/page\\\/celje-store-zvoneta-pertinaca-nasli-mrtvega\\\/#primaryimage\"},\"thumbnailUrl\":\"https:\\\/\\\/novice.si\\\/page\\\/wp-content\\\/uploads\\\/2022\\\/11\\\/Zvonko-Pertinac.jpg\",\"keywords\":[\"iskanje\",\"Kompole\",\"mrtev\",\"Policijska uprava Celje\",\"Pro\u017einska vas\",\"Zvonko Pertina\u010d\"],\"articleSection\":[\"Aktualno\",\"Celjsko\",\"Kronika\"],\"inLanguage\":\"sl-SI\"},{\"@type\":\"WebPage\",\"@id\":\"https:\\\/\\\/novice.si\\\/page\\\/celje-store-zvoneta-pertinaca-nasli-mrtvega\\\/\",\"url\":\"https:\\\/\\\/novice.si\\\/page\\\/celje-store-zvoneta-pertinaca-nasli-mrtvega\\\/\",\"name\":\"CELJE \u0160TORE Zvoneta Pertina\u010da na\u0161li mrtvega - Novice.si\",\"isPartOf\":{\"@id\":\"https:\\\/\\\/novice.si\\\/page\\\/#website\"},\"primaryImageOfPage\":{\"@id\":\"https:\\\/\\\/novice.si\\\/page\\\/celje-store-zvoneta-pertinaca-nasli-mrtvega\\\/#primaryimage\"},\"image\":{\"@id\":\"https:\\\/\\\/novice.si\\\/page\\\/celje-store-zvoneta-pertinaca-nasli-mrtvega\\\/#primaryimage\"},\"thumbnailUrl\":\"https:\\\/\\\/novice.si\\\/page\\\/wp-content\\\/uploads\\\/2022\\\/11\\\/Zvonko-Pertinac.jpg\",\"datePublished\":\"2022-11-30T14:15:16+00:00\",\"dateModified\":\"2022-12-01T06:49:51+00:00\",\"breadcrumb\":{\"@id\":\"https:\\\/\\\/novice.si\\\/page\\\/celje-store-zvoneta-pertinaca-nasli-mrtvega\\\/#breadcrumb\"},\"inLanguage\":\"sl-SI\",\"potentialAction\":[{\"@type\":\"ReadAction\",\"target\":[\"https:\\\/\\\/novice.si\\\/page\\\/celje-store-zvoneta-pertinaca-nasli-mrtvega\\\/\"]}]},{\"@type\":\"ImageObject\",\"inLanguage\":\"sl-SI\",\"@id\":\"https:\\\/\\\/novice.si\\\/page\\\/celje-store-zvoneta-pertinaca-nasli-mrtvega\\\/#primaryimage\",\"url\":\"https:\\\/\\\/novice.si\\\/page\\\/wp-content\\\/uploads\\\/2022\\\/11\\\/Zvonko-Pertinac.jpg\",\"contentUrl\":\"https:\\\/\\\/novice.si\\\/page\\\/wp-content\\\/uploads\\\/2022\\\/11\\\/Zvonko-Pertinac.jpg\",\"width\":413,\"height\":531},{\"@type\":\"BreadcrumbList\",\"@id\":\"https:\\\/\\\/novice.si\\\/page\\\/celje-store-zvoneta-pertinaca-nasli-mrtvega\\\/#breadcrumb\",\"itemListElement\":[{\"@type\":\"ListItem\",\"position\":1,\"name\":\"Home\",\"item\":\"https:\\\/\\\/novice.si\\\/page\\\/\"},{\"@type\":\"ListItem\",\"position\":2,\"name\":\"CELJE \u0160TORE Zvoneta Pertina\u010da na\u0161li mrtvega\"}]},{\"@type\":\"WebSite\",\"@id\":\"https:\\\/\\\/novice.si\\\/page\\\/#website\",\"url\":\"https:\\\/\\\/novice.si\\\/page\\\/\",\"name\":\"Novice.si\",\"description\":\"\",\"publisher\":{\"@id\":\"https:\\\/\\\/novice.si\\\/page\\\/#organization\"},\"potentialAction\":[{\"@type\":\"SearchAction\",\"target\":{\"@type\":\"EntryPoint\",\"urlTemplate\":\"https:\\\/\\\/novice.si\\\/page\\\/?s={search_term_string}\"},\"query-input\":{\"@type\":\"PropertyValueSpecification\",\"valueRequired\":true,\"valueName\":\"search_term_string\"}}],\"inLanguage\":\"sl-SI\"},{\"@type\":\"Organization\",\"@id\":\"https:\\\/\\\/novice.si\\\/page\\\/#organization\",\"name\":\"Novice.si\",\"url\":\"https:\\\/\\\/novice.si\\\/page\\\/\",\"logo\":{\"@type\":\"ImageObject\",\"inLanguage\":\"sl-SI\",\"@id\":\"https:\\\/\\\/novice.si\\\/page\\\/#\\\/schema\\\/logo\\\/image\\\/\",\"url\":\"https:\\\/\\\/novice.si\\\/page\\\/wp-content\\\/uploads\\\/2023\\\/03\\\/novice_si.png\",\"contentUrl\":\"https:\\\/\\\/novice.si\\\/page\\\/wp-content\\\/uploads\\\/2023\\\/03\\\/novice_si.png\",\"width\":576,\"height\":200,\"caption\":\"Novice.si\"},\"image\":{\"@id\":\"https:\\\/\\\/novice.si\\\/page\\\/#\\\/schema\\\/logo\\\/image\\\/\"}},{\"@type\":\"Person\",\"@id\":\"https:\\\/\\\/novice.si\\\/page\\\/#\\\/schema\\\/person\\\/57f25c9642a9541c7349c65d32032c3e\",\"name\":\"Uredni\u0161tvo Celjana\",\"image\":{\"@type\":\"ImageObject\",\"inLanguage\":\"sl-SI\",\"@id\":\"https:\\\/\\\/secure.gravatar.com\\\/avatar\\\/78e52bc4279b65f6df6345e0ef0f7b792d361361f230cf4ffecfe0afe6d5629c?s=96&d=mm&r=g\",\"url\":\"https:\\\/\\\/secure.gravatar.com\\\/avatar\\\/78e52bc4279b65f6df6345e0ef0f7b792d361361f230cf4ffecfe0afe6d5629c?s=96&d=mm&r=g\",\"contentUrl\":\"https:\\\/\\\/secure.gravatar.com\\\/avatar\\\/78e52bc4279b65f6df6345e0ef0f7b792d361361f230cf4ffecfe0afe6d5629c?s=96&d=mm&r=g\",\"caption\":\"Uredni\u0161tvo Celjana\"},\"url\":\"https:\\\/\\\/novice.si\\\/page\\\/author\\\/primoz\\\/\"}]}<\/script>\n<!-- \/ Yoast SEO plugin. -->","yoast_head_json":{"title":"CELJE \u0160TORE Zvoneta Pertina\u010da na\u0161li mrtvega - Novice.si","robots":{"index":"index","follow":"follow","max-snippet":"max-snippet:-1","max-image-preview":"max-image-preview:large","max-video-preview":"max-video-preview:-1"},"canonical":"https:\/\/novice.si\/page\/celje-store-zvoneta-pertinaca-nasli-mrtvega\/","og_locale":"sl_SI","og_type":"article","og_title":"CELJE \u0160TORE Zvoneta Pertina\u010da na\u0161li mrtvega - Novice.si","og_description":"Celjska policijska uprava je dopoldne preklicala zjutraj razpisano iskanje 66-letnega Zvoneta Pertina\u010da s Kompol pri \u0160torah. Zgodaj dopoldne so ga mrtvega na\u0161li v reki Voglajni na obmo\u010dju Pro\u017einske vasi. Pogre\u0161ili so ga v ponedeljek popoldne, ko je od\u0161el zdoma. Podrobnosti policija \u0161e preiskuje, s centra za obve\u0161\u010danje pa dodajajo, da so truplo, ki se je [&hellip;]","og_url":"https:\/\/novice.si\/page\/celje-store-zvoneta-pertinaca-nasli-mrtvega\/","og_site_name":"Novice.si","article_published_time":"2022-11-30T14:15:16+00:00","article_modified_time":"2022-12-01T06:49:51+00:00","og_image":[{"width":413,"height":531,"url":"https:\/\/novice.si\/page\/wp-content\/uploads\/2022\/11\/Zvonko-Pertinac.jpg","type":"image\/jpeg"}],"author":"Uredni\u0161tvo Celjana","twitter_card":"summary_large_image","twitter_misc":{"Written by":"Uredni\u0161tvo Celjana","Est. reading time":"1 minuta"},"schema":{"@context":"https:\/\/schema.org","@graph":[{"@type":"Article","@id":"https:\/\/novice.si\/page\/celje-store-zvoneta-pertinaca-nasli-mrtvega\/#article","isPartOf":{"@id":"https:\/\/novice.si\/page\/celje-store-zvoneta-pertinaca-nasli-mrtvega\/"},"author":{"name":"Uredni\u0161tvo Celjana","@id":"https:\/\/novice.si\/page\/#\/schema\/person\/57f25c9642a9541c7349c65d32032c3e"},"headline":"CELJE \u0160TORE Zvoneta Pertina\u010da na\u0161li mrtvega","datePublished":"2022-11-30T14:15:16+00:00","dateModified":"2022-12-01T06:49:51+00:00","mainEntityOfPage":{"@id":"https:\/\/novice.si\/page\/celje-store-zvoneta-pertinaca-nasli-mrtvega\/"},"wordCount":89,"publisher":{"@id":"https:\/\/novice.si\/page\/#organization"},"image":{"@id":"https:\/\/novice.si\/page\/celje-store-zvoneta-pertinaca-nasli-mrtvega\/#primaryimage"},"thumbnailUrl":"https:\/\/novice.si\/page\/wp-content\/uploads\/2022\/11\/Zvonko-Pertinac.jpg","keywords":["iskanje","Kompole","mrtev","Policijska uprava Celje","Pro\u017einska vas","Zvonko Pertina\u010d"],"articleSection":["Aktualno","Celjsko","Kronika"],"inLanguage":"sl-SI"},{"@type":"WebPage","@id":"https:\/\/novice.si\/page\/celje-store-zvoneta-pertinaca-nasli-mrtvega\/","url":"https:\/\/novice.si\/page\/celje-store-zvoneta-pertinaca-nasli-mrtvega\/","name":"CELJE \u0160TORE Zvoneta Pertina\u010da na\u0161li mrtvega - Novice.si","isPartOf":{"@id":"https:\/\/novice.si\/page\/#website"},"primaryImageOfPage":{"@id":"https:\/\/novice.si\/page\/celje-store-zvoneta-pertinaca-nasli-mrtvega\/#primaryimage"},"image":{"@id":"https:\/\/novice.si\/page\/celje-store-zvoneta-pertinaca-nasli-mrtvega\/#primaryimage"},"thumbnailUrl":"https:\/\/novice.si\/page\/wp-content\/uploads\/2022\/11\/Zvonko-Pertinac.jpg","datePublished":"2022-11-30T14:15:16+00:00","dateModified":"2022-12-01T06:49:51+00:00","breadcrumb":{"@id":"https:\/\/novice.si\/page\/celje-store-zvoneta-pertinaca-nasli-mrtvega\/#breadcrumb"},"inLanguage":"sl-SI","potentialAction":[{"@type":"ReadAction","target":["https:\/\/novice.si\/page\/celje-store-zvoneta-pertinaca-nasli-mrtvega\/"]}]},{"@type":"ImageObject","inLanguage":"sl-SI","@id":"https:\/\/novice.si\/page\/celje-store-zvoneta-pertinaca-nasli-mrtvega\/#primaryimage","url":"https:\/\/novice.si\/page\/wp-content\/uploads\/2022\/11\/Zvonko-Pertinac.jpg","contentUrl":"https:\/\/novice.si\/page\/wp-content\/uploads\/2022\/11\/Zvonko-Pertinac.jpg","width":413,"height":531},{"@type":"BreadcrumbList","@id":"https:\/\/novice.si\/page\/celje-store-zvoneta-pertinaca-nasli-mrtvega\/#breadcrumb","itemListElement":[{"@type":"ListItem","position":1,"name":"Home","item":"https:\/\/novice.si\/page\/"},{"@type":"ListItem","position":2,"name":"CELJE \u0160TORE Zvoneta Pertina\u010da na\u0161li mrtvega"}]},{"@type":"WebSite","@id":"https:\/\/novice.si\/page\/#website","url":"https:\/\/novice.si\/page\/","name":"Novice.si","description":"","publisher":{"@id":"https:\/\/novice.si\/page\/#organization"},"potentialAction":[{"@type":"SearchAction","target":{"@type":"EntryPoint","urlTemplate":"https:\/\/novice.si\/page\/?s={search_term_string}"},"query-input":{"@type":"PropertyValueSpecification","valueRequired":true,"valueName":"search_term_string"}}],"inLanguage":"sl-SI"},{"@type":"Organization","@id":"https:\/\/novice.si\/page\/#organization","name":"Novice.si","url":"https:\/\/novice.si\/page\/","logo":{"@type":"ImageObject","inLanguage":"sl-SI","@id":"https:\/\/novice.si\/page\/#\/schema\/logo\/image\/","url":"https:\/\/novice.si\/page\/wp-content\/uploads\/2023\/03\/novice_si.png","contentUrl":"https:\/\/novice.si\/page\/wp-content\/uploads\/2023\/03\/novice_si.png","width":576,"height":200,"caption":"Novice.si"},"image":{"@id":"https:\/\/novice.si\/page\/#\/schema\/logo\/image\/"}},{"@type":"Person","@id":"https:\/\/novice.si\/page\/#\/schema\/person\/57f25c9642a9541c7349c65d32032c3e","name":"Uredni\u0161tvo Celjana","image":{"@type":"ImageObject","inLanguage":"sl-SI","@id":"https:\/\/secure.gravatar.com\/avatar\/78e52bc4279b65f6df6345e0ef0f7b792d361361f230cf4ffecfe0afe6d5629c?s=96&d=mm&r=g","url":"https:\/\/secure.gravatar.com\/avatar\/78e52bc4279b65f6df6345e0ef0f7b792d361361f230cf4ffecfe0afe6d5629c?s=96&d=mm&r=g","contentUrl":"https:\/\/secure.gravatar.com\/avatar\/78e52bc4279b65f6df6345e0ef0f7b792d361361f230cf4ffecfe0afe6d5629c?s=96&d=mm&r=g","caption":"Uredni\u0161tvo Celjana"},"url":"https:\/\/novice.si\/page\/author\/primoz\/"}]}},"_links":{"self":[{"href":"https:\/\/novice.si\/page\/wp-json\/wp\/v2\/posts\/157320","targetHints":{"allow":["GET"]}}],"collection":[{"href":"https:\/\/novice.si\/page\/wp-json\/wp\/v2\/posts"}],"about":[{"href":"https:\/\/novice.si\/page\/wp-json\/wp\/v2\/types\/post"}],"author":[{"embeddable":true,"href":"https:\/\/novice.si\/page\/wp-json\/wp\/v2\/users\/33"}],"replies":[{"embeddable":true,"href":"https:\/\/novice.si\/page\/wp-json\/wp\/v2\/comments?post=157320"}],"version-history":[{"count":2,"href":"https:\/\/novice.si\/page\/wp-json\/wp\/v2\/posts\/157320\/revisions"}],"predecessor-version":[{"id":157323,"href":"https:\/\/novice.si\/page\/wp-json\/wp\/v2\/posts\/157320\/revisions\/157323"}],"wp:featuredmedia":[{"embeddable":true,"href":"https:\/\/novice.si\/page\/wp-json\/wp\/v2\/media\/157321"}],"wp:attachment":[{"href":"https:\/\/novice.si\/page\/wp-json\/wp\/v2\/media?parent=157320"}],"wp:term":[{"taxonomy":"category","embeddable":true,"href":"https:\/\/novice.si\/page\/wp-json\/wp\/v2\/categories?post=157320"},{"taxonomy":"post_tag","embeddable":true,"href":"https:\/\/novice.si\/page\/wp-json\/wp\/v2\/tags?post=157320"}],"curies":[{"name":"wp","href":"https:\/\/api.w.org\/{rel}","templated":true}]}}