{"id":157316,"date":"2022-11-30T15:09:44","date_gmt":"2022-11-30T14:09:44","guid":{"rendered":"https:\/\/novice.si\/page\/?p=157316"},"modified":"2022-11-30T15:09:44","modified_gmt":"2022-11-30T14:09:44","slug":"celje-admirju-hadziabdicu-za-poskus-umora-15-let-jece","status":"publish","type":"post","link":"https:\/\/novice.si\/page\/celje-admirju-hadziabdicu-za-poskus-umora-15-let-jece\/","title":{"rendered":"CELJE Admirju Had\u017eiabdi\u0107u za poskus umora 15 let je\u010de"},"content":{"rendered":"<p>34-letni <strong>Admir Had\u017eiabdi\u0107<\/strong>, ki je konec januarja v \u0160aleku pri Velenju dvakrat v vrat zabodel 37-letnega <strong>Daliborja Kova\u010devi\u0107a<\/strong>, bo za 15 let moral v zapor.<\/p>\n<p>Tako so z opoldansko sodbo odlo\u010dili na celjskem okro\u017enem sodi\u0161\u010du. Oprostili so ga pla\u010dila sodn<a href=\"https:\/\/novice.si\/page\/wp-content\/uploads\/2022\/11\/hadziabdic-sodba.jpg\" data-gallery><img loading=\"lazy\" decoding=\"async\" class=\"size-medium wp-image-157317 alignleft\" src=\"https:\/\/novice.si\/page\/wp-content\/uploads\/2022\/11\/hadziabdic-sodba-300x225.jpg\" alt=\"\" width=\"300\" height=\"225\" srcset=\"https:\/\/novice.si\/page\/wp-content\/uploads\/2022\/11\/hadziabdic-sodba-300x225.jpg 300w, https:\/\/novice.si\/page\/wp-content\/uploads\/2022\/11\/hadziabdic-sodba-1024x768.jpg 1024w, https:\/\/novice.si\/page\/wp-content\/uploads\/2022\/11\/hadziabdic-sodba-768x576.jpg 768w, https:\/\/novice.si\/page\/wp-content\/uploads\/2022\/11\/hadziabdic-sodba-1536x1152.jpg 1536w, https:\/\/novice.si\/page\/wp-content\/uploads\/2022\/11\/hadziabdic-sodba-80x60.jpg 80w, https:\/\/novice.si\/page\/wp-content\/uploads\/2022\/11\/hadziabdic-sodba-265x198.jpg 265w, https:\/\/novice.si\/page\/wp-content\/uploads\/2022\/11\/hadziabdic-sodba-696x522.jpg 696w, https:\/\/novice.si\/page\/wp-content\/uploads\/2022\/11\/hadziabdic-sodba-1068x801.jpg 1068w, https:\/\/novice.si\/page\/wp-content\/uploads\/2022\/11\/hadziabdic-sodba-560x420.jpg 560w, https:\/\/novice.si\/page\/wp-content\/uploads\/2022\/11\/hadziabdic-sodba-24x18.jpg 24w, https:\/\/novice.si\/page\/wp-content\/uploads\/2022\/11\/hadziabdic-sodba-36x27.jpg 36w, https:\/\/novice.si\/page\/wp-content\/uploads\/2022\/11\/hadziabdic-sodba-48x36.jpg 48w, https:\/\/novice.si\/page\/wp-content\/uploads\/2022\/11\/hadziabdic-sodba.jpg 1984w\" sizes=\"auto, (max-width: 300px) 100vw, 300px\" \/><\/a>ih stro\u0161kov, poravnal pa bo pravnopremo\u017eenjski zahtevek upravljalca stanovanjske zgradbe \u2013 gre za dobrih 500 evrov gmotne \u0161kode, ki jo je povzro\u010dil z razbijanjem po hodniku, ter za stro\u0161ke \u010di\u0161\u010denja krvnih made\u017eev.<\/p>\n<p>Had\u017eiabdi\u0107 je o\u0161kodovanca nenadoma napadel v njegovem stanovanju, potem ko mu je pri\u0161el povedal, da nima denarja za poravnavo naslednjega obroka dolga, ki je zna\u0161al okoli 1500 evrov. Pred najhuj\u0161im so Kova\u0107evi\u0107a re\u0161ili prisebni sosed, ki ga je potegnil v stanovanje, takoj\u0161nji zdravni\u0161ki poseg in dejstvo, da je v dobri telesni kondiciji, saj se ukvarja z bodybuildingom in je mojster borilnih ve\u0161\u010din.<\/p>\n<p>Izre\u010dena kazen za poskus umora je na spodnji meji in je tak\u0161na, kot jo je predlagala to\u017eilka <strong>Katja Kunej<\/strong>. Sodba \u0161e ni pravnomo\u010dna, obramba je \u017ee napovedala prito\u017ebo.<\/p>\n<p>P\u0160<\/p>\n","protected":false},"excerpt":{"rendered":"<p>34-letni Admir Had\u017eiabdi\u0107, ki je konec januarja v \u0160aleku pri Velenju dvakrat v vrat zabodel 37-letnega Daliborja Kova\u010devi\u0107a, bo za 15 let moral v zapor. Tako so z opoldansko sodbo odlo\u010dili na celjskem okro\u017enem sodi\u0161\u010du. Oprostili so ga pla\u010dila sodnih stro\u0161kov, poravnal pa bo pravnopremo\u017eenjski zahtevek upravljalca stanovanjske zgradbe \u2013 gre za dobrih 500 evrov [&hellip;]<\/p>\n","protected":false},"author":33,"featured_media":157318,"comment_status":"closed","ping_status":"closed","sticky":false,"template":"","format":"standard","meta":{"footnotes":""},"categories":[14,17,29],"tags":[5607,15239,15240,1821,15241,3451,356],"class_list":{"0":"post-157316","1":"post","2":"type-post","3":"status-publish","4":"format-standard","5":"has-post-thumbnail","7":"category-aktualno","8":"category-celjsko","9":"category-kronika","10":"tag-15-let-zapora","11":"tag-admir-hadziabdic","12":"tag-dalibor-kovacevic","13":"tag-poskus-umora","14":"tag-salek-pri-velenju","15":"tag-sodba","16":"tag-sojenje"},"yoast_head":"<!-- This site is optimized with the Yoast SEO plugin v27.4 - https:\/\/yoast.com\/product\/yoast-seo-wordpress\/ -->\n<title>CELJE Admirju Had\u017eiabdi\u0107u za poskus umora 15 let je\u010de - Novice.si<\/title>\n<meta name=\"robots\" content=\"index, follow, max-snippet:-1, max-image-preview:large, max-video-preview:-1\" \/>\n<link rel=\"canonical\" href=\"https:\/\/novice.si\/page\/celje-admirju-hadziabdicu-za-poskus-umora-15-let-jece\/\" \/>\n<meta property=\"og:locale\" content=\"sl_SI\" \/>\n<meta property=\"og:type\" content=\"article\" \/>\n<meta property=\"og:title\" content=\"CELJE Admirju Had\u017eiabdi\u0107u za poskus umora 15 let je\u010de - Novice.si\" \/>\n<meta property=\"og:description\" content=\"34-letni Admir Had\u017eiabdi\u0107, ki je konec januarja v \u0160aleku pri Velenju dvakrat v vrat zabodel 37-letnega Daliborja Kova\u010devi\u0107a, bo za 15 let moral v zapor. Tako so z opoldansko sodbo odlo\u010dili na celjskem okro\u017enem sodi\u0161\u010du. Oprostili so ga pla\u010dila sodnih stro\u0161kov, poravnal pa bo pravnopremo\u017eenjski zahtevek upravljalca stanovanjske zgradbe \u2013 gre za dobrih 500 evrov [&hellip;]\" \/>\n<meta property=\"og:url\" content=\"https:\/\/novice.si\/page\/celje-admirju-hadziabdicu-za-poskus-umora-15-let-jece\/\" \/>\n<meta property=\"og:site_name\" content=\"Novice.si\" \/>\n<meta property=\"article:published_time\" content=\"2022-11-30T14:09:44+00:00\" \/>\n<meta property=\"og:image\" content=\"https:\/\/novice.si\/page\/wp-content\/uploads\/2022\/11\/Hadzija-sodba2.jpg\" \/>\n\t<meta property=\"og:image:width\" content=\"960\" \/>\n\t<meta property=\"og:image:height\" content=\"720\" \/>\n\t<meta property=\"og:image:type\" content=\"image\/jpeg\" \/>\n<meta name=\"author\" content=\"Uredni\u0161tvo Celjana\" \/>\n<meta name=\"twitter:card\" content=\"summary_large_image\" \/>\n<meta name=\"twitter:label1\" content=\"Written by\" \/>\n\t<meta name=\"twitter:data1\" content=\"Uredni\u0161tvo Celjana\" \/>\n\t<meta name=\"twitter:label2\" content=\"Est. reading time\" \/>\n\t<meta name=\"twitter:data2\" content=\"2 minuti\" \/>\n<script type=\"application\/ld+json\" class=\"yoast-schema-graph\">{\"@context\":\"https:\\\/\\\/schema.org\",\"@graph\":[{\"@type\":\"Article\",\"@id\":\"https:\\\/\\\/novice.si\\\/page\\\/celje-admirju-hadziabdicu-za-poskus-umora-15-let-jece\\\/#article\",\"isPartOf\":{\"@id\":\"https:\\\/\\\/novice.si\\\/page\\\/celje-admirju-hadziabdicu-za-poskus-umora-15-let-jece\\\/\"},\"author\":{\"name\":\"Uredni\u0161tvo Celjana\",\"@id\":\"https:\\\/\\\/novice.si\\\/page\\\/#\\\/schema\\\/person\\\/57f25c9642a9541c7349c65d32032c3e\"},\"headline\":\"CELJE Admirju Had\u017eiabdi\u0107u za poskus umora 15 let je\u010de\",\"datePublished\":\"2022-11-30T14:09:44+00:00\",\"mainEntityOfPage\":{\"@id\":\"https:\\\/\\\/novice.si\\\/page\\\/celje-admirju-hadziabdicu-za-poskus-umora-15-let-jece\\\/\"},\"wordCount\":199,\"publisher\":{\"@id\":\"https:\\\/\\\/novice.si\\\/page\\\/#organization\"},\"image\":{\"@id\":\"https:\\\/\\\/novice.si\\\/page\\\/celje-admirju-hadziabdicu-za-poskus-umora-15-let-jece\\\/#primaryimage\"},\"thumbnailUrl\":\"https:\\\/\\\/novice.si\\\/page\\\/wp-content\\\/uploads\\\/2022\\\/11\\\/Hadzija-sodba2.jpg\",\"keywords\":[\"15 let zapora\",\"admir had\u017eiabdi\u0107\",\"dalibor kova\u010devi\u0107\",\"poskus umora\",\"\u0160alek pri Velenju\",\"sodba\",\"sojenje\"],\"articleSection\":[\"Aktualno\",\"Celjsko\",\"Kronika\"],\"inLanguage\":\"sl-SI\"},{\"@type\":\"WebPage\",\"@id\":\"https:\\\/\\\/novice.si\\\/page\\\/celje-admirju-hadziabdicu-za-poskus-umora-15-let-jece\\\/\",\"url\":\"https:\\\/\\\/novice.si\\\/page\\\/celje-admirju-hadziabdicu-za-poskus-umora-15-let-jece\\\/\",\"name\":\"CELJE Admirju Had\u017eiabdi\u0107u za poskus umora 15 let je\u010de - Novice.si\",\"isPartOf\":{\"@id\":\"https:\\\/\\\/novice.si\\\/page\\\/#website\"},\"primaryImageOfPage\":{\"@id\":\"https:\\\/\\\/novice.si\\\/page\\\/celje-admirju-hadziabdicu-za-poskus-umora-15-let-jece\\\/#primaryimage\"},\"image\":{\"@id\":\"https:\\\/\\\/novice.si\\\/page\\\/celje-admirju-hadziabdicu-za-poskus-umora-15-let-jece\\\/#primaryimage\"},\"thumbnailUrl\":\"https:\\\/\\\/novice.si\\\/page\\\/wp-content\\\/uploads\\\/2022\\\/11\\\/Hadzija-sodba2.jpg\",\"datePublished\":\"2022-11-30T14:09:44+00:00\",\"breadcrumb\":{\"@id\":\"https:\\\/\\\/novice.si\\\/page\\\/celje-admirju-hadziabdicu-za-poskus-umora-15-let-jece\\\/#breadcrumb\"},\"inLanguage\":\"sl-SI\",\"potentialAction\":[{\"@type\":\"ReadAction\",\"target\":[\"https:\\\/\\\/novice.si\\\/page\\\/celje-admirju-hadziabdicu-za-poskus-umora-15-let-jece\\\/\"]}]},{\"@type\":\"ImageObject\",\"inLanguage\":\"sl-SI\",\"@id\":\"https:\\\/\\\/novice.si\\\/page\\\/celje-admirju-hadziabdicu-za-poskus-umora-15-let-jece\\\/#primaryimage\",\"url\":\"https:\\\/\\\/novice.si\\\/page\\\/wp-content\\\/uploads\\\/2022\\\/11\\\/Hadzija-sodba2.jpg\",\"contentUrl\":\"https:\\\/\\\/novice.si\\\/page\\\/wp-content\\\/uploads\\\/2022\\\/11\\\/Hadzija-sodba2.jpg\",\"width\":960,\"height\":720},{\"@type\":\"BreadcrumbList\",\"@id\":\"https:\\\/\\\/novice.si\\\/page\\\/celje-admirju-hadziabdicu-za-poskus-umora-15-let-jece\\\/#breadcrumb\",\"itemListElement\":[{\"@type\":\"ListItem\",\"position\":1,\"name\":\"Home\",\"item\":\"https:\\\/\\\/novice.si\\\/page\\\/\"},{\"@type\":\"ListItem\",\"position\":2,\"name\":\"CELJE Admirju Had\u017eiabdi\u0107u za poskus umora 15 let je\u010de\"}]},{\"@type\":\"WebSite\",\"@id\":\"https:\\\/\\\/novice.si\\\/page\\\/#website\",\"url\":\"https:\\\/\\\/novice.si\\\/page\\\/\",\"name\":\"Novice.si\",\"description\":\"\",\"publisher\":{\"@id\":\"https:\\\/\\\/novice.si\\\/page\\\/#organization\"},\"potentialAction\":[{\"@type\":\"SearchAction\",\"target\":{\"@type\":\"EntryPoint\",\"urlTemplate\":\"https:\\\/\\\/novice.si\\\/page\\\/?s={search_term_string}\"},\"query-input\":{\"@type\":\"PropertyValueSpecification\",\"valueRequired\":true,\"valueName\":\"search_term_string\"}}],\"inLanguage\":\"sl-SI\"},{\"@type\":\"Organization\",\"@id\":\"https:\\\/\\\/novice.si\\\/page\\\/#organization\",\"name\":\"Novice.si\",\"url\":\"https:\\\/\\\/novice.si\\\/page\\\/\",\"logo\":{\"@type\":\"ImageObject\",\"inLanguage\":\"sl-SI\",\"@id\":\"https:\\\/\\\/novice.si\\\/page\\\/#\\\/schema\\\/logo\\\/image\\\/\",\"url\":\"https:\\\/\\\/novice.si\\\/page\\\/wp-content\\\/uploads\\\/2023\\\/03\\\/novice_si.png\",\"contentUrl\":\"https:\\\/\\\/novice.si\\\/page\\\/wp-content\\\/uploads\\\/2023\\\/03\\\/novice_si.png\",\"width\":576,\"height\":200,\"caption\":\"Novice.si\"},\"image\":{\"@id\":\"https:\\\/\\\/novice.si\\\/page\\\/#\\\/schema\\\/logo\\\/image\\\/\"}},{\"@type\":\"Person\",\"@id\":\"https:\\\/\\\/novice.si\\\/page\\\/#\\\/schema\\\/person\\\/57f25c9642a9541c7349c65d32032c3e\",\"name\":\"Uredni\u0161tvo Celjana\",\"image\":{\"@type\":\"ImageObject\",\"inLanguage\":\"sl-SI\",\"@id\":\"https:\\\/\\\/secure.gravatar.com\\\/avatar\\\/78e52bc4279b65f6df6345e0ef0f7b792d361361f230cf4ffecfe0afe6d5629c?s=96&d=mm&r=g\",\"url\":\"https:\\\/\\\/secure.gravatar.com\\\/avatar\\\/78e52bc4279b65f6df6345e0ef0f7b792d361361f230cf4ffecfe0afe6d5629c?s=96&d=mm&r=g\",\"contentUrl\":\"https:\\\/\\\/secure.gravatar.com\\\/avatar\\\/78e52bc4279b65f6df6345e0ef0f7b792d361361f230cf4ffecfe0afe6d5629c?s=96&d=mm&r=g\",\"caption\":\"Uredni\u0161tvo Celjana\"},\"url\":\"https:\\\/\\\/novice.si\\\/page\\\/author\\\/primoz\\\/\"}]}<\/script>\n<!-- \/ Yoast SEO plugin. -->","yoast_head_json":{"title":"CELJE Admirju Had\u017eiabdi\u0107u za poskus umora 15 let je\u010de - Novice.si","robots":{"index":"index","follow":"follow","max-snippet":"max-snippet:-1","max-image-preview":"max-image-preview:large","max-video-preview":"max-video-preview:-1"},"canonical":"https:\/\/novice.si\/page\/celje-admirju-hadziabdicu-za-poskus-umora-15-let-jece\/","og_locale":"sl_SI","og_type":"article","og_title":"CELJE Admirju Had\u017eiabdi\u0107u za poskus umora 15 let je\u010de - Novice.si","og_description":"34-letni Admir Had\u017eiabdi\u0107, ki je konec januarja v \u0160aleku pri Velenju dvakrat v vrat zabodel 37-letnega Daliborja Kova\u010devi\u0107a, bo za 15 let moral v zapor. Tako so z opoldansko sodbo odlo\u010dili na celjskem okro\u017enem sodi\u0161\u010du. Oprostili so ga pla\u010dila sodnih stro\u0161kov, poravnal pa bo pravnopremo\u017eenjski zahtevek upravljalca stanovanjske zgradbe \u2013 gre za dobrih 500 evrov [&hellip;]","og_url":"https:\/\/novice.si\/page\/celje-admirju-hadziabdicu-za-poskus-umora-15-let-jece\/","og_site_name":"Novice.si","article_published_time":"2022-11-30T14:09:44+00:00","og_image":[{"width":960,"height":720,"url":"https:\/\/novice.si\/page\/wp-content\/uploads\/2022\/11\/Hadzija-sodba2.jpg","type":"image\/jpeg"}],"author":"Uredni\u0161tvo Celjana","twitter_card":"summary_large_image","twitter_misc":{"Written by":"Uredni\u0161tvo Celjana","Est. reading time":"2 minuti"},"schema":{"@context":"https:\/\/schema.org","@graph":[{"@type":"Article","@id":"https:\/\/novice.si\/page\/celje-admirju-hadziabdicu-za-poskus-umora-15-let-jece\/#article","isPartOf":{"@id":"https:\/\/novice.si\/page\/celje-admirju-hadziabdicu-za-poskus-umora-15-let-jece\/"},"author":{"name":"Uredni\u0161tvo Celjana","@id":"https:\/\/novice.si\/page\/#\/schema\/person\/57f25c9642a9541c7349c65d32032c3e"},"headline":"CELJE Admirju Had\u017eiabdi\u0107u za poskus umora 15 let je\u010de","datePublished":"2022-11-30T14:09:44+00:00","mainEntityOfPage":{"@id":"https:\/\/novice.si\/page\/celje-admirju-hadziabdicu-za-poskus-umora-15-let-jece\/"},"wordCount":199,"publisher":{"@id":"https:\/\/novice.si\/page\/#organization"},"image":{"@id":"https:\/\/novice.si\/page\/celje-admirju-hadziabdicu-za-poskus-umora-15-let-jece\/#primaryimage"},"thumbnailUrl":"https:\/\/novice.si\/page\/wp-content\/uploads\/2022\/11\/Hadzija-sodba2.jpg","keywords":["15 let zapora","admir had\u017eiabdi\u0107","dalibor kova\u010devi\u0107","poskus umora","\u0160alek pri Velenju","sodba","sojenje"],"articleSection":["Aktualno","Celjsko","Kronika"],"inLanguage":"sl-SI"},{"@type":"WebPage","@id":"https:\/\/novice.si\/page\/celje-admirju-hadziabdicu-za-poskus-umora-15-let-jece\/","url":"https:\/\/novice.si\/page\/celje-admirju-hadziabdicu-za-poskus-umora-15-let-jece\/","name":"CELJE Admirju Had\u017eiabdi\u0107u za poskus umora 15 let je\u010de - Novice.si","isPartOf":{"@id":"https:\/\/novice.si\/page\/#website"},"primaryImageOfPage":{"@id":"https:\/\/novice.si\/page\/celje-admirju-hadziabdicu-za-poskus-umora-15-let-jece\/#primaryimage"},"image":{"@id":"https:\/\/novice.si\/page\/celje-admirju-hadziabdicu-za-poskus-umora-15-let-jece\/#primaryimage"},"thumbnailUrl":"https:\/\/novice.si\/page\/wp-content\/uploads\/2022\/11\/Hadzija-sodba2.jpg","datePublished":"2022-11-30T14:09:44+00:00","breadcrumb":{"@id":"https:\/\/novice.si\/page\/celje-admirju-hadziabdicu-za-poskus-umora-15-let-jece\/#breadcrumb"},"inLanguage":"sl-SI","potentialAction":[{"@type":"ReadAction","target":["https:\/\/novice.si\/page\/celje-admirju-hadziabdicu-za-poskus-umora-15-let-jece\/"]}]},{"@type":"ImageObject","inLanguage":"sl-SI","@id":"https:\/\/novice.si\/page\/celje-admirju-hadziabdicu-za-poskus-umora-15-let-jece\/#primaryimage","url":"https:\/\/novice.si\/page\/wp-content\/uploads\/2022\/11\/Hadzija-sodba2.jpg","contentUrl":"https:\/\/novice.si\/page\/wp-content\/uploads\/2022\/11\/Hadzija-sodba2.jpg","width":960,"height":720},{"@type":"BreadcrumbList","@id":"https:\/\/novice.si\/page\/celje-admirju-hadziabdicu-za-poskus-umora-15-let-jece\/#breadcrumb","itemListElement":[{"@type":"ListItem","position":1,"name":"Home","item":"https:\/\/novice.si\/page\/"},{"@type":"ListItem","position":2,"name":"CELJE Admirju Had\u017eiabdi\u0107u za poskus umora 15 let je\u010de"}]},{"@type":"WebSite","@id":"https:\/\/novice.si\/page\/#website","url":"https:\/\/novice.si\/page\/","name":"Novice.si","description":"","publisher":{"@id":"https:\/\/novice.si\/page\/#organization"},"potentialAction":[{"@type":"SearchAction","target":{"@type":"EntryPoint","urlTemplate":"https:\/\/novice.si\/page\/?s={search_term_string}"},"query-input":{"@type":"PropertyValueSpecification","valueRequired":true,"valueName":"search_term_string"}}],"inLanguage":"sl-SI"},{"@type":"Organization","@id":"https:\/\/novice.si\/page\/#organization","name":"Novice.si","url":"https:\/\/novice.si\/page\/","logo":{"@type":"ImageObject","inLanguage":"sl-SI","@id":"https:\/\/novice.si\/page\/#\/schema\/logo\/image\/","url":"https:\/\/novice.si\/page\/wp-content\/uploads\/2023\/03\/novice_si.png","contentUrl":"https:\/\/novice.si\/page\/wp-content\/uploads\/2023\/03\/novice_si.png","width":576,"height":200,"caption":"Novice.si"},"image":{"@id":"https:\/\/novice.si\/page\/#\/schema\/logo\/image\/"}},{"@type":"Person","@id":"https:\/\/novice.si\/page\/#\/schema\/person\/57f25c9642a9541c7349c65d32032c3e","name":"Uredni\u0161tvo Celjana","image":{"@type":"ImageObject","inLanguage":"sl-SI","@id":"https:\/\/secure.gravatar.com\/avatar\/78e52bc4279b65f6df6345e0ef0f7b792d361361f230cf4ffecfe0afe6d5629c?s=96&d=mm&r=g","url":"https:\/\/secure.gravatar.com\/avatar\/78e52bc4279b65f6df6345e0ef0f7b792d361361f230cf4ffecfe0afe6d5629c?s=96&d=mm&r=g","contentUrl":"https:\/\/secure.gravatar.com\/avatar\/78e52bc4279b65f6df6345e0ef0f7b792d361361f230cf4ffecfe0afe6d5629c?s=96&d=mm&r=g","caption":"Uredni\u0161tvo Celjana"},"url":"https:\/\/novice.si\/page\/author\/primoz\/"}]}},"_links":{"self":[{"href":"https:\/\/novice.si\/page\/wp-json\/wp\/v2\/posts\/157316","targetHints":{"allow":["GET"]}}],"collection":[{"href":"https:\/\/novice.si\/page\/wp-json\/wp\/v2\/posts"}],"about":[{"href":"https:\/\/novice.si\/page\/wp-json\/wp\/v2\/types\/post"}],"author":[{"embeddable":true,"href":"https:\/\/novice.si\/page\/wp-json\/wp\/v2\/users\/33"}],"replies":[{"embeddable":true,"href":"https:\/\/novice.si\/page\/wp-json\/wp\/v2\/comments?post=157316"}],"version-history":[{"count":1,"href":"https:\/\/novice.si\/page\/wp-json\/wp\/v2\/posts\/157316\/revisions"}],"predecessor-version":[{"id":157319,"href":"https:\/\/novice.si\/page\/wp-json\/wp\/v2\/posts\/157316\/revisions\/157319"}],"wp:featuredmedia":[{"embeddable":true,"href":"https:\/\/novice.si\/page\/wp-json\/wp\/v2\/media\/157318"}],"wp:attachment":[{"href":"https:\/\/novice.si\/page\/wp-json\/wp\/v2\/media?parent=157316"}],"wp:term":[{"taxonomy":"category","embeddable":true,"href":"https:\/\/novice.si\/page\/wp-json\/wp\/v2\/categories?post=157316"},{"taxonomy":"post_tag","embeddable":true,"href":"https:\/\/novice.si\/page\/wp-json\/wp\/v2\/tags?post=157316"}],"curies":[{"name":"wp","href":"https:\/\/api.w.org\/{rel}","templated":true}]}}