{"id":157310,"date":"2022-12-02T10:40:13","date_gmt":"2022-12-02T09:40:13","guid":{"rendered":"https:\/\/novice.si\/page\/?p=157310"},"modified":"2022-11-30T13:42:09","modified_gmt":"2022-11-30T12:42:09","slug":"50-let-celjske-folklore","status":"publish","type":"post","link":"https:\/\/novice.si\/page\/50-let-celjske-folklore\/","title":{"rendered":"50 let celjske folklore"},"content":{"rendered":"<p><em><a href=\"https:\/\/novice.si\/page\/wp-content\/uploads\/2022\/11\/Drustva_50-let-celjske-folklore2.jpg\" data-gallery><img loading=\"lazy\" decoding=\"async\" class=\"size-medium wp-image-157311 alignleft\" src=\"https:\/\/novice.si\/page\/wp-content\/uploads\/2022\/11\/Drustva_50-let-celjske-folklore2-300x138.jpg\" alt=\"celjska folklora\" width=\"300\" height=\"138\" srcset=\"https:\/\/novice.si\/page\/wp-content\/uploads\/2022\/11\/Drustva_50-let-celjske-folklore2-300x138.jpg 300w, https:\/\/novice.si\/page\/wp-content\/uploads\/2022\/11\/Drustva_50-let-celjske-folklore2-1024x473.jpg 1024w, https:\/\/novice.si\/page\/wp-content\/uploads\/2022\/11\/Drustva_50-let-celjske-folklore2-768x354.jpg 768w, https:\/\/novice.si\/page\/wp-content\/uploads\/2022\/11\/Drustva_50-let-celjske-folklore2-1536x709.jpg 1536w, https:\/\/novice.si\/page\/wp-content\/uploads\/2022\/11\/Drustva_50-let-celjske-folklore2-696x321.jpg 696w, https:\/\/novice.si\/page\/wp-content\/uploads\/2022\/11\/Drustva_50-let-celjske-folklore2-1068x493.jpg 1068w, https:\/\/novice.si\/page\/wp-content\/uploads\/2022\/11\/Drustva_50-let-celjske-folklore2-910x420.jpg 910w, https:\/\/novice.si\/page\/wp-content\/uploads\/2022\/11\/Drustva_50-let-celjske-folklore2-24x11.jpg 24w, https:\/\/novice.si\/page\/wp-content\/uploads\/2022\/11\/Drustva_50-let-celjske-folklore2-36x17.jpg 36w, https:\/\/novice.si\/page\/wp-content\/uploads\/2022\/11\/Drustva_50-let-celjske-folklore2-48x22.jpg 48w, https:\/\/novice.si\/page\/wp-content\/uploads\/2022\/11\/Drustva_50-let-celjske-folklore2.jpg 1885w\" sizes=\"auto, (max-width: 300px) 100vw, 300px\" \/><\/a>Kulturno dru\u0161tvo Celjska folklorna skupina (KD CFS) bo prihodnje leto 17. novembra obele\u017eilo pol stoletja delovanja.<\/em><\/p>\n<p>\u00bbOb nastanku je bila to skupina nekaj plesalcev, pevcev, godec, kasneje pa se je zelo raz\u0161irila in \u0161tela\u00a0okoli 100 \u010dlanov,\u00ab pove <strong>Vera Ore\u0161nik<\/strong>, predsednica KD CFS. Kot dodaja, si danes lahko le \u017eelijo tolik\u0161nega zanimanja, v dru\u0161tvo je trenutno med 30 in 35 \u010dlanov. \u00bbTe\u017eko je zagotoviti zadostno \u0161tevilo parov za nastop. \u0160e te\u017eje pa je pri glasbenikih, saj brez njih prakti\u010dno ni nastopa.\u00ab \u010ce bi imeli ve\u010d \u010dlanov, bi la\u017eje izpeljati tudi ve\u010d nastopov. \u00bbNe moremo pri\u010dakovati od \u010dlanov, da bodo vedno na razpolago.\u00ab<\/p>\n<p>Ve\u010d o dru\u0161tvu in njihovih 50 letih delovanja pa vas \u010daka v aktualni \u0161tevilki Celjana.<\/p>\n","protected":false},"excerpt":{"rendered":"<p>Kulturno dru\u0161tvo Celjska folklorna skupina (KD CFS) bo prihodnje leto 17. novembra obele\u017eilo pol stoletja delovanja. \u00bbOb nastanku je bila to skupina nekaj plesalcev, pevcev, godec, kasneje pa se je zelo raz\u0161irila in \u0161tela\u00a0okoli 100 \u010dlanov,\u00ab pove Vera Ore\u0161nik, predsednica KD CFS. Kot dodaja, si danes lahko le \u017eelijo tolik\u0161nega zanimanja, v dru\u0161tvo je trenutno [&hellip;]<\/p>\n","protected":false},"author":55,"featured_media":157311,"comment_status":"closed","ping_status":"closed","sticky":false,"template":"","format":"standard","meta":{"footnotes":""},"categories":[14,142,17],"tags":[],"class_list":{"0":"post-157310","1":"post","2":"type-post","3":"status-publish","4":"format-standard","5":"has-post-thumbnail","7":"category-aktualno","8":"category-celjan","9":"category-celjsko"},"yoast_head":"<!-- This site is optimized with the Yoast SEO plugin v27.4 - https:\/\/yoast.com\/product\/yoast-seo-wordpress\/ -->\n<title>50 let celjske folklore - Novice.si<\/title>\n<meta name=\"robots\" content=\"index, follow, max-snippet:-1, max-image-preview:large, max-video-preview:-1\" \/>\n<link rel=\"canonical\" href=\"https:\/\/novice.si\/page\/50-let-celjske-folklore\/\" \/>\n<meta property=\"og:locale\" content=\"sl_SI\" \/>\n<meta property=\"og:type\" content=\"article\" \/>\n<meta property=\"og:title\" content=\"50 let celjske folklore - Novice.si\" \/>\n<meta property=\"og:description\" content=\"Kulturno dru\u0161tvo Celjska folklorna skupina (KD CFS) bo prihodnje leto 17. novembra obele\u017eilo pol stoletja delovanja. \u00bbOb nastanku je bila to skupina nekaj plesalcev, pevcev, godec, kasneje pa se je zelo raz\u0161irila in \u0161tela\u00a0okoli 100 \u010dlanov,\u00ab pove Vera Ore\u0161nik, predsednica KD CFS. Kot dodaja, si danes lahko le \u017eelijo tolik\u0161nega zanimanja, v dru\u0161tvo je trenutno [&hellip;]\" \/>\n<meta property=\"og:url\" content=\"https:\/\/novice.si\/page\/50-let-celjske-folklore\/\" \/>\n<meta property=\"og:site_name\" content=\"Novice.si\" \/>\n<meta property=\"article:published_time\" content=\"2022-12-02T09:40:13+00:00\" \/>\n<meta property=\"og:image\" content=\"https:\/\/novice.si\/page\/wp-content\/uploads\/2022\/11\/Drustva_50-let-celjske-folklore2.jpg\" \/>\n\t<meta property=\"og:image:width\" content=\"1885\" \/>\n\t<meta property=\"og:image:height\" content=\"870\" \/>\n\t<meta property=\"og:image:type\" content=\"image\/jpeg\" \/>\n<meta name=\"author\" content=\"Uredni\u0161tvo Celjana\" \/>\n<meta name=\"twitter:card\" content=\"summary_large_image\" \/>\n<meta name=\"twitter:label1\" content=\"Written by\" \/>\n\t<meta name=\"twitter:data1\" content=\"Uredni\u0161tvo Celjana\" \/>\n\t<meta name=\"twitter:label2\" content=\"Est. reading time\" \/>\n\t<meta name=\"twitter:data2\" content=\"1 minuta\" \/>\n<script type=\"application\/ld+json\" class=\"yoast-schema-graph\">{\"@context\":\"https:\\\/\\\/schema.org\",\"@graph\":[{\"@type\":\"Article\",\"@id\":\"https:\\\/\\\/novice.si\\\/page\\\/50-let-celjske-folklore\\\/#article\",\"isPartOf\":{\"@id\":\"https:\\\/\\\/novice.si\\\/page\\\/50-let-celjske-folklore\\\/\"},\"author\":{\"name\":\"Uredni\u0161tvo Celjana\",\"@id\":\"https:\\\/\\\/novice.si\\\/page\\\/#\\\/schema\\\/person\\\/a49f233ef2777ec7b2e8d0662325bb48\"},\"headline\":\"50 let celjske folklore\",\"datePublished\":\"2022-12-02T09:40:13+00:00\",\"mainEntityOfPage\":{\"@id\":\"https:\\\/\\\/novice.si\\\/page\\\/50-let-celjske-folklore\\\/\"},\"wordCount\":127,\"publisher\":{\"@id\":\"https:\\\/\\\/novice.si\\\/page\\\/#organization\"},\"image\":{\"@id\":\"https:\\\/\\\/novice.si\\\/page\\\/50-let-celjske-folklore\\\/#primaryimage\"},\"thumbnailUrl\":\"https:\\\/\\\/novice.si\\\/page\\\/wp-content\\\/uploads\\\/2022\\\/11\\\/Drustva_50-let-celjske-folklore2.jpg\",\"articleSection\":[\"Aktualno\",\"Celjan\",\"Celjsko\"],\"inLanguage\":\"sl-SI\"},{\"@type\":\"WebPage\",\"@id\":\"https:\\\/\\\/novice.si\\\/page\\\/50-let-celjske-folklore\\\/\",\"url\":\"https:\\\/\\\/novice.si\\\/page\\\/50-let-celjske-folklore\\\/\",\"name\":\"50 let celjske folklore - Novice.si\",\"isPartOf\":{\"@id\":\"https:\\\/\\\/novice.si\\\/page\\\/#website\"},\"primaryImageOfPage\":{\"@id\":\"https:\\\/\\\/novice.si\\\/page\\\/50-let-celjske-folklore\\\/#primaryimage\"},\"image\":{\"@id\":\"https:\\\/\\\/novice.si\\\/page\\\/50-let-celjske-folklore\\\/#primaryimage\"},\"thumbnailUrl\":\"https:\\\/\\\/novice.si\\\/page\\\/wp-content\\\/uploads\\\/2022\\\/11\\\/Drustva_50-let-celjske-folklore2.jpg\",\"datePublished\":\"2022-12-02T09:40:13+00:00\",\"breadcrumb\":{\"@id\":\"https:\\\/\\\/novice.si\\\/page\\\/50-let-celjske-folklore\\\/#breadcrumb\"},\"inLanguage\":\"sl-SI\",\"potentialAction\":[{\"@type\":\"ReadAction\",\"target\":[\"https:\\\/\\\/novice.si\\\/page\\\/50-let-celjske-folklore\\\/\"]}]},{\"@type\":\"ImageObject\",\"inLanguage\":\"sl-SI\",\"@id\":\"https:\\\/\\\/novice.si\\\/page\\\/50-let-celjske-folklore\\\/#primaryimage\",\"url\":\"https:\\\/\\\/novice.si\\\/page\\\/wp-content\\\/uploads\\\/2022\\\/11\\\/Drustva_50-let-celjske-folklore2.jpg\",\"contentUrl\":\"https:\\\/\\\/novice.si\\\/page\\\/wp-content\\\/uploads\\\/2022\\\/11\\\/Drustva_50-let-celjske-folklore2.jpg\",\"width\":1885,\"height\":870,\"caption\":\"celjska folklora\"},{\"@type\":\"BreadcrumbList\",\"@id\":\"https:\\\/\\\/novice.si\\\/page\\\/50-let-celjske-folklore\\\/#breadcrumb\",\"itemListElement\":[{\"@type\":\"ListItem\",\"position\":1,\"name\":\"Home\",\"item\":\"https:\\\/\\\/novice.si\\\/page\\\/\"},{\"@type\":\"ListItem\",\"position\":2,\"name\":\"50 let celjske folklore\"}]},{\"@type\":\"WebSite\",\"@id\":\"https:\\\/\\\/novice.si\\\/page\\\/#website\",\"url\":\"https:\\\/\\\/novice.si\\\/page\\\/\",\"name\":\"Novice.si\",\"description\":\"\",\"publisher\":{\"@id\":\"https:\\\/\\\/novice.si\\\/page\\\/#organization\"},\"potentialAction\":[{\"@type\":\"SearchAction\",\"target\":{\"@type\":\"EntryPoint\",\"urlTemplate\":\"https:\\\/\\\/novice.si\\\/page\\\/?s={search_term_string}\"},\"query-input\":{\"@type\":\"PropertyValueSpecification\",\"valueRequired\":true,\"valueName\":\"search_term_string\"}}],\"inLanguage\":\"sl-SI\"},{\"@type\":\"Organization\",\"@id\":\"https:\\\/\\\/novice.si\\\/page\\\/#organization\",\"name\":\"Novice.si\",\"url\":\"https:\\\/\\\/novice.si\\\/page\\\/\",\"logo\":{\"@type\":\"ImageObject\",\"inLanguage\":\"sl-SI\",\"@id\":\"https:\\\/\\\/novice.si\\\/page\\\/#\\\/schema\\\/logo\\\/image\\\/\",\"url\":\"https:\\\/\\\/novice.si\\\/page\\\/wp-content\\\/uploads\\\/2023\\\/03\\\/novice_si.png\",\"contentUrl\":\"https:\\\/\\\/novice.si\\\/page\\\/wp-content\\\/uploads\\\/2023\\\/03\\\/novice_si.png\",\"width\":576,\"height\":200,\"caption\":\"Novice.si\"},\"image\":{\"@id\":\"https:\\\/\\\/novice.si\\\/page\\\/#\\\/schema\\\/logo\\\/image\\\/\"}},{\"@type\":\"Person\",\"@id\":\"https:\\\/\\\/novice.si\\\/page\\\/#\\\/schema\\\/person\\\/a49f233ef2777ec7b2e8d0662325bb48\",\"name\":\"Uredni\u0161tvo Celjana\",\"image\":{\"@type\":\"ImageObject\",\"inLanguage\":\"sl-SI\",\"@id\":\"https:\\\/\\\/secure.gravatar.com\\\/avatar\\\/7f7863e616af8f92806c638dd1db3f1a238d83d1cc2ec3100afc06fbb7eb303f?s=96&d=mm&r=g\",\"url\":\"https:\\\/\\\/secure.gravatar.com\\\/avatar\\\/7f7863e616af8f92806c638dd1db3f1a238d83d1cc2ec3100afc06fbb7eb303f?s=96&d=mm&r=g\",\"contentUrl\":\"https:\\\/\\\/secure.gravatar.com\\\/avatar\\\/7f7863e616af8f92806c638dd1db3f1a238d83d1cc2ec3100afc06fbb7eb303f?s=96&d=mm&r=g\",\"caption\":\"Uredni\u0161tvo Celjana\"},\"url\":\"https:\\\/\\\/novice.si\\\/page\\\/author\\\/maja\\\/\"}]}<\/script>\n<!-- \/ Yoast SEO plugin. -->","yoast_head_json":{"title":"50 let celjske folklore - Novice.si","robots":{"index":"index","follow":"follow","max-snippet":"max-snippet:-1","max-image-preview":"max-image-preview:large","max-video-preview":"max-video-preview:-1"},"canonical":"https:\/\/novice.si\/page\/50-let-celjske-folklore\/","og_locale":"sl_SI","og_type":"article","og_title":"50 let celjske folklore - Novice.si","og_description":"Kulturno dru\u0161tvo Celjska folklorna skupina (KD CFS) bo prihodnje leto 17. novembra obele\u017eilo pol stoletja delovanja. \u00bbOb nastanku je bila to skupina nekaj plesalcev, pevcev, godec, kasneje pa se je zelo raz\u0161irila in \u0161tela\u00a0okoli 100 \u010dlanov,\u00ab pove Vera Ore\u0161nik, predsednica KD CFS. Kot dodaja, si danes lahko le \u017eelijo tolik\u0161nega zanimanja, v dru\u0161tvo je trenutno [&hellip;]","og_url":"https:\/\/novice.si\/page\/50-let-celjske-folklore\/","og_site_name":"Novice.si","article_published_time":"2022-12-02T09:40:13+00:00","og_image":[{"width":1885,"height":870,"url":"https:\/\/novice.si\/page\/wp-content\/uploads\/2022\/11\/Drustva_50-let-celjske-folklore2.jpg","type":"image\/jpeg"}],"author":"Uredni\u0161tvo Celjana","twitter_card":"summary_large_image","twitter_misc":{"Written by":"Uredni\u0161tvo Celjana","Est. reading time":"1 minuta"},"schema":{"@context":"https:\/\/schema.org","@graph":[{"@type":"Article","@id":"https:\/\/novice.si\/page\/50-let-celjske-folklore\/#article","isPartOf":{"@id":"https:\/\/novice.si\/page\/50-let-celjske-folklore\/"},"author":{"name":"Uredni\u0161tvo Celjana","@id":"https:\/\/novice.si\/page\/#\/schema\/person\/a49f233ef2777ec7b2e8d0662325bb48"},"headline":"50 let celjske folklore","datePublished":"2022-12-02T09:40:13+00:00","mainEntityOfPage":{"@id":"https:\/\/novice.si\/page\/50-let-celjske-folklore\/"},"wordCount":127,"publisher":{"@id":"https:\/\/novice.si\/page\/#organization"},"image":{"@id":"https:\/\/novice.si\/page\/50-let-celjske-folklore\/#primaryimage"},"thumbnailUrl":"https:\/\/novice.si\/page\/wp-content\/uploads\/2022\/11\/Drustva_50-let-celjske-folklore2.jpg","articleSection":["Aktualno","Celjan","Celjsko"],"inLanguage":"sl-SI"},{"@type":"WebPage","@id":"https:\/\/novice.si\/page\/50-let-celjske-folklore\/","url":"https:\/\/novice.si\/page\/50-let-celjske-folklore\/","name":"50 let celjske folklore - Novice.si","isPartOf":{"@id":"https:\/\/novice.si\/page\/#website"},"primaryImageOfPage":{"@id":"https:\/\/novice.si\/page\/50-let-celjske-folklore\/#primaryimage"},"image":{"@id":"https:\/\/novice.si\/page\/50-let-celjske-folklore\/#primaryimage"},"thumbnailUrl":"https:\/\/novice.si\/page\/wp-content\/uploads\/2022\/11\/Drustva_50-let-celjske-folklore2.jpg","datePublished":"2022-12-02T09:40:13+00:00","breadcrumb":{"@id":"https:\/\/novice.si\/page\/50-let-celjske-folklore\/#breadcrumb"},"inLanguage":"sl-SI","potentialAction":[{"@type":"ReadAction","target":["https:\/\/novice.si\/page\/50-let-celjske-folklore\/"]}]},{"@type":"ImageObject","inLanguage":"sl-SI","@id":"https:\/\/novice.si\/page\/50-let-celjske-folklore\/#primaryimage","url":"https:\/\/novice.si\/page\/wp-content\/uploads\/2022\/11\/Drustva_50-let-celjske-folklore2.jpg","contentUrl":"https:\/\/novice.si\/page\/wp-content\/uploads\/2022\/11\/Drustva_50-let-celjske-folklore2.jpg","width":1885,"height":870,"caption":"celjska folklora"},{"@type":"BreadcrumbList","@id":"https:\/\/novice.si\/page\/50-let-celjske-folklore\/#breadcrumb","itemListElement":[{"@type":"ListItem","position":1,"name":"Home","item":"https:\/\/novice.si\/page\/"},{"@type":"ListItem","position":2,"name":"50 let celjske folklore"}]},{"@type":"WebSite","@id":"https:\/\/novice.si\/page\/#website","url":"https:\/\/novice.si\/page\/","name":"Novice.si","description":"","publisher":{"@id":"https:\/\/novice.si\/page\/#organization"},"potentialAction":[{"@type":"SearchAction","target":{"@type":"EntryPoint","urlTemplate":"https:\/\/novice.si\/page\/?s={search_term_string}"},"query-input":{"@type":"PropertyValueSpecification","valueRequired":true,"valueName":"search_term_string"}}],"inLanguage":"sl-SI"},{"@type":"Organization","@id":"https:\/\/novice.si\/page\/#organization","name":"Novice.si","url":"https:\/\/novice.si\/page\/","logo":{"@type":"ImageObject","inLanguage":"sl-SI","@id":"https:\/\/novice.si\/page\/#\/schema\/logo\/image\/","url":"https:\/\/novice.si\/page\/wp-content\/uploads\/2023\/03\/novice_si.png","contentUrl":"https:\/\/novice.si\/page\/wp-content\/uploads\/2023\/03\/novice_si.png","width":576,"height":200,"caption":"Novice.si"},"image":{"@id":"https:\/\/novice.si\/page\/#\/schema\/logo\/image\/"}},{"@type":"Person","@id":"https:\/\/novice.si\/page\/#\/schema\/person\/a49f233ef2777ec7b2e8d0662325bb48","name":"Uredni\u0161tvo Celjana","image":{"@type":"ImageObject","inLanguage":"sl-SI","@id":"https:\/\/secure.gravatar.com\/avatar\/7f7863e616af8f92806c638dd1db3f1a238d83d1cc2ec3100afc06fbb7eb303f?s=96&d=mm&r=g","url":"https:\/\/secure.gravatar.com\/avatar\/7f7863e616af8f92806c638dd1db3f1a238d83d1cc2ec3100afc06fbb7eb303f?s=96&d=mm&r=g","contentUrl":"https:\/\/secure.gravatar.com\/avatar\/7f7863e616af8f92806c638dd1db3f1a238d83d1cc2ec3100afc06fbb7eb303f?s=96&d=mm&r=g","caption":"Uredni\u0161tvo Celjana"},"url":"https:\/\/novice.si\/page\/author\/maja\/"}]}},"_links":{"self":[{"href":"https:\/\/novice.si\/page\/wp-json\/wp\/v2\/posts\/157310","targetHints":{"allow":["GET"]}}],"collection":[{"href":"https:\/\/novice.si\/page\/wp-json\/wp\/v2\/posts"}],"about":[{"href":"https:\/\/novice.si\/page\/wp-json\/wp\/v2\/types\/post"}],"author":[{"embeddable":true,"href":"https:\/\/novice.si\/page\/wp-json\/wp\/v2\/users\/55"}],"replies":[{"embeddable":true,"href":"https:\/\/novice.si\/page\/wp-json\/wp\/v2\/comments?post=157310"}],"version-history":[{"count":1,"href":"https:\/\/novice.si\/page\/wp-json\/wp\/v2\/posts\/157310\/revisions"}],"predecessor-version":[{"id":157312,"href":"https:\/\/novice.si\/page\/wp-json\/wp\/v2\/posts\/157310\/revisions\/157312"}],"wp:featuredmedia":[{"embeddable":true,"href":"https:\/\/novice.si\/page\/wp-json\/wp\/v2\/media\/157311"}],"wp:attachment":[{"href":"https:\/\/novice.si\/page\/wp-json\/wp\/v2\/media?parent=157310"}],"wp:term":[{"taxonomy":"category","embeddable":true,"href":"https:\/\/novice.si\/page\/wp-json\/wp\/v2\/categories?post=157310"},{"taxonomy":"post_tag","embeddable":true,"href":"https:\/\/novice.si\/page\/wp-json\/wp\/v2\/tags?post=157310"}],"curies":[{"name":"wp","href":"https:\/\/api.w.org\/{rel}","templated":true}]}}