{"id":157281,"date":"2022-11-30T12:01:53","date_gmt":"2022-11-30T11:01:53","guid":{"rendered":"https:\/\/novice.si\/page\/?p=157281"},"modified":"2022-11-30T12:05:33","modified_gmt":"2022-11-30T11:05:33","slug":"kultura-literatura-neza-maurer-skofic","status":"publish","type":"post","link":"https:\/\/novice.si\/page\/kultura-literatura-neza-maurer-skofic\/","title":{"rendered":"Kultura literatura: Ne\u017ea Maurer \u0160kofi\u010d"},"content":{"rendered":"<p><strong> Ne\u017ea Maurer \u0160kofi\u010d. Rodila se je na Polzeli, kot srednje\u0161olko sta jo zaznamovala \u0161e Celje in \u017dalec.<\/strong><\/p>\n<p><a href=\"https:\/\/novice.si\/page\/wp-content\/uploads\/2022\/11\/maurer-neza.jpg\" data-gallery><img loading=\"lazy\" decoding=\"async\" class=\"size-medium wp-image-157287 alignleft\" src=\"https:\/\/novice.si\/page\/wp-content\/uploads\/2022\/11\/maurer-neza-300x200.jpg\" alt=\"\" width=\"300\" height=\"200\" srcset=\"https:\/\/novice.si\/page\/wp-content\/uploads\/2022\/11\/maurer-neza-300x200.jpg 300w, https:\/\/novice.si\/page\/wp-content\/uploads\/2022\/11\/maurer-neza-1024x681.jpg 1024w, https:\/\/novice.si\/page\/wp-content\/uploads\/2022\/11\/maurer-neza-768x511.jpg 768w, https:\/\/novice.si\/page\/wp-content\/uploads\/2022\/11\/maurer-neza-1536x1022.jpg 1536w, https:\/\/novice.si\/page\/wp-content\/uploads\/2022\/11\/maurer-neza-696x463.jpg 696w, https:\/\/novice.si\/page\/wp-content\/uploads\/2022\/11\/maurer-neza-1068x710.jpg 1068w, https:\/\/novice.si\/page\/wp-content\/uploads\/2022\/11\/maurer-neza-632x420.jpg 632w, https:\/\/novice.si\/page\/wp-content\/uploads\/2022\/11\/maurer-neza-24x16.jpg 24w, https:\/\/novice.si\/page\/wp-content\/uploads\/2022\/11\/maurer-neza-36x24.jpg 36w, https:\/\/novice.si\/page\/wp-content\/uploads\/2022\/11\/maurer-neza-48x32.jpg 48w, https:\/\/novice.si\/page\/wp-content\/uploads\/2022\/11\/maurer-neza.jpg 2048w\" sizes=\"auto, (max-width: 300px) 100vw, 300px\" \/><\/a>Pa ste vedeli, da je na Polzeli preurejena njena rojstna hi\u0161a?<br \/>\nKonec septembra so delno leseno hi\u0161o s \u010drno kuhinjo iz 19. stoletja v naselju Kopank v Podvinu pri Polzeli prenovili. Podorobneje o tem pa <strong>Goran Obradovi\u0107<\/strong> v zadnji rubriki Kultura literatura, ki je na Radiu Rogla na sporedu vsak \u010detrtek popoldne:<\/p>\n<audio class=\"wp-audio-shortcode\" id=\"audio-157281-1\" preload=\"none\" style=\"width: 100%;\" controls=\"controls\"><source type=\"audio\/mpeg\" src=\"https:\/\/novice.si\/page\/wp-content\/uploads\/2022\/11\/Kultura-literatura-MAURER-Neza.mp3?_=1\" \/><a href=\"https:\/\/novice.si\/page\/wp-content\/uploads\/2022\/11\/Kultura-literatura-MAURER-Neza.mp3\">https:\/\/novice.si\/page\/wp-content\/uploads\/2022\/11\/Kultura-literatura-MAURER-Neza.mp3<\/a><\/audio>\n<p>&nbsp;<\/p>\n\r\n                <style type=\"text\/css\">\r\n                    \r\n                    #tdi_1  .td-doubleSlider-2 .td-item1 {\r\n                        background: url(https:\/\/novice.si\/page\/wp-content\/uploads\/2022\/11\/neza-maurer-3-80x60.jpg) 0 0 no-repeat;\r\n                    }\r\n                    #tdi_1  .td-doubleSlider-2 .td-item2 {\r\n                        background: url(https:\/\/novice.si\/page\/wp-content\/uploads\/2022\/11\/neza-maurer2-e1669806182968-80x60.png) 0 0 no-repeat;\r\n                    }\r\n                    #tdi_1  .td-doubleSlider-2 .td-item3 {\r\n                        background: url(https:\/\/novice.si\/page\/wp-content\/uploads\/2022\/11\/Neza_Mauerer-80x60.jpg) 0 0 no-repeat;\r\n                    }\r\n                <\/style>\r\n\r\n                <div id=\"tdi_1\" class=\"td-gallery td-slide-on-2-columns\">\r\n                    <div class=\"post_td_gallery\">\r\n                        <div class=\"td-gallery-slide-top\">\r\n                           <div class=\"td-gallery-title\"><\/div>\r\n\r\n                            <div class=\"td-gallery-controls-wrapper\">\r\n                                <div class=\"td-gallery-slide-count\"><span class=\"td-gallery-slide-item-focus\">1<\/span> od 3<\/div>\r\n                                <div class=\"td-gallery-slide-prev-next-but\">\r\n                                    <i class = \"td-icon-left doubleSliderPrevButton\"><\/i>\r\n                                    <i class = \"td-icon-right doubleSliderNextButton\"><\/i>\r\n                                <\/div>\r\n                            <\/div>\r\n                        <\/div>\r\n\r\n                        <div class = \"td-doubleSlider-1 \">\r\n                            <div class = \"td-slider\">\r\n                                \r\n                    <div class = \"td-slide-item td-item1\">\r\n                        <figure class=\"td-slide-galery-figure td-slide-popup-gallery\">\r\n                            <a class=\"slide-gallery-image-link\" href=\"https:\/\/novice.si\/page\/wp-content\/uploads\/2022\/11\/neza-maurer-3.jpg\" title=\"neza maurer 3\"  data-caption=\"\"  data-description=\"\" data-gallery>\r\n                                <img decoding=\"async\" src=\"https:\/\/novice.si\/page\/wp-content\/uploads\/2022\/11\/neza-maurer-3-294x420.jpg\" srcset=\"https:\/\/novice.si\/page\/wp-content\/uploads\/2022\/11\/neza-maurer-3-294x420.jpg 294w, https:\/\/novice.si\/page\/wp-content\/uploads\/2022\/11\/neza-maurer-3-210x300.jpg 210w, https:\/\/novice.si\/page\/wp-content\/uploads\/2022\/11\/neza-maurer-3-17x24.jpg 17w, https:\/\/novice.si\/page\/wp-content\/uploads\/2022\/11\/neza-maurer-3-25x36.jpg 25w, https:\/\/novice.si\/page\/wp-content\/uploads\/2022\/11\/neza-maurer-3-34x48.jpg 34w, https:\/\/novice.si\/page\/wp-content\/uploads\/2022\/11\/neza-maurer-3.jpg 350w\" sizes=\"(max-width: 294px) 100vw, 294px\" alt=\"\">\r\n                            <\/a>\r\n                            \r\n                        <\/figure>\r\n                    <\/div>\r\n                    <div class = \"td-slide-item td-item2\">\r\n                        <figure class=\"td-slide-galery-figure td-slide-popup-gallery\">\r\n                            <a class=\"slide-gallery-image-link\" href=\"https:\/\/novice.si\/page\/wp-content\/uploads\/2022\/11\/neza-maurer2-e1669806182968.png\" title=\"neza maurer2\"  data-caption=\"\"  data-description=\"\" data-gallery>\r\n                                <img decoding=\"async\" src=\"https:\/\/novice.si\/page\/wp-content\/uploads\/2022\/11\/neza-maurer2-318x420.png\" alt=\"\">\r\n                            <\/a>\r\n                            \r\n                        <\/figure>\r\n                    <\/div>\r\n                    <div class = \"td-slide-item td-item3\">\r\n                        <figure class=\"td-slide-galery-figure td-slide-popup-gallery\">\r\n                            <a class=\"slide-gallery-image-link\" href=\"https:\/\/novice.si\/page\/wp-content\/uploads\/2022\/11\/Neza_Mauerer.jpg\" title=\"Ne\u017ea_Mauerer\"  data-caption=\"\"  data-description=\"\" data-gallery>\r\n                                <img decoding=\"async\" src=\"https:\/\/novice.si\/page\/wp-content\/uploads\/2022\/11\/Neza_Mauerer-301x420.jpg\" srcset=\"https:\/\/novice.si\/page\/wp-content\/uploads\/2022\/11\/Neza_Mauerer-301x420.jpg 301w, https:\/\/novice.si\/page\/wp-content\/uploads\/2022\/11\/Neza_Mauerer-215x300.jpg 215w, https:\/\/novice.si\/page\/wp-content\/uploads\/2022\/11\/Neza_Mauerer-17x24.jpg 17w, https:\/\/novice.si\/page\/wp-content\/uploads\/2022\/11\/Neza_Mauerer-26x36.jpg 26w, https:\/\/novice.si\/page\/wp-content\/uploads\/2022\/11\/Neza_Mauerer-34x48.jpg 34w, https:\/\/novice.si\/page\/wp-content\/uploads\/2022\/11\/Neza_Mauerer.jpg 330w\" sizes=\"(max-width: 301px) 100vw, 301px\" alt=\"\">\r\n                            <\/a>\r\n                            \r\n                        <\/figure>\r\n                    <\/div>\r\n                            <\/div>\r\n                        <\/div>\r\n\r\n                        <div class = \"td-doubleSlider-2\">\r\n                            <div class = \"td-slider\">\r\n                                \r\n                    <div class = \"td-button td-item1\">\r\n                        <div class = \"td-border\"><\/div>\r\n                    <\/div>\r\n                    <div class = \"td-button td-item2\">\r\n                        <div class = \"td-border\"><\/div>\r\n                    <\/div>\r\n                    <div class = \"td-button td-item3\">\r\n                        <div class = \"td-border\"><\/div>\r\n                    <\/div>\r\n                            <\/div>\r\n                        <\/div>\r\n\r\n                    <\/div>\r\n\r\n                <\/div>\r\n                \n<p>Foto: wikipedia, Obrazi slovenskih pokrajin, Facebook<\/p>\n","protected":false},"excerpt":{"rendered":"<p>Ne\u017ea Maurer \u0160kofi\u010d. Rodila se je na Polzeli, kot srednje\u0161olko sta jo zaznamovala \u0161e Celje in \u017dalec. Pa ste vedeli, da je na Polzeli preurejena njena rojstna hi\u0161a? Konec septembra so delno leseno hi\u0161o s \u010drno kuhinjo iz 19. stoletja v naselju Kopank v Podvinu pri Polzeli prenovili. Podorobneje o tem pa Goran Obradovi\u0107 v [&hellip;]<\/p>\n","protected":false},"author":12,"featured_media":157287,"comment_status":"closed","ping_status":"closed","sticky":false,"template":"","format":"standard","meta":{"footnotes":""},"categories":[14,868,17,16,141,3108],"tags":[7983],"class_list":{"0":"post-157281","1":"post","2":"type-post","3":"status-publish","4":"format-standard","5":"has-post-thumbnail","7":"category-aktualno","8":"category-casopisi","9":"category-celjsko","10":"category-konjisko","11":"category-novice","12":"category-radio-rogla","13":"tag-neza-maurer"},"yoast_head":"<!-- This site is optimized with the Yoast SEO plugin v27.4 - https:\/\/yoast.com\/product\/yoast-seo-wordpress\/ -->\n<title>Kultura literatura: Ne\u017ea Maurer \u0160kofi\u010d - Novice.si<\/title>\n<meta name=\"robots\" content=\"index, follow, max-snippet:-1, max-image-preview:large, max-video-preview:-1\" \/>\n<link rel=\"canonical\" href=\"https:\/\/novice.si\/page\/kultura-literatura-neza-maurer-skofic\/\" \/>\n<meta property=\"og:locale\" content=\"sl_SI\" \/>\n<meta property=\"og:type\" content=\"article\" \/>\n<meta property=\"og:title\" content=\"Kultura literatura: Ne\u017ea Maurer \u0160kofi\u010d - Novice.si\" \/>\n<meta property=\"og:description\" content=\"Ne\u017ea Maurer \u0160kofi\u010d. Rodila se je na Polzeli, kot srednje\u0161olko sta jo zaznamovala \u0161e Celje in \u017dalec. Pa ste vedeli, da je na Polzeli preurejena njena rojstna hi\u0161a? Konec septembra so delno leseno hi\u0161o s \u010drno kuhinjo iz 19. stoletja v naselju Kopank v Podvinu pri Polzeli prenovili. Podorobneje o tem pa Goran Obradovi\u0107 v [&hellip;]\" \/>\n<meta property=\"og:url\" content=\"https:\/\/novice.si\/page\/kultura-literatura-neza-maurer-skofic\/\" \/>\n<meta property=\"og:site_name\" content=\"Novice.si\" \/>\n<meta property=\"article:published_time\" content=\"2022-11-30T11:01:53+00:00\" \/>\n<meta property=\"article:modified_time\" content=\"2022-11-30T11:05:33+00:00\" \/>\n<meta property=\"og:image\" content=\"https:\/\/novice.si\/page\/wp-content\/uploads\/2022\/11\/maurer-neza.jpg\" \/>\n\t<meta property=\"og:image:width\" content=\"2048\" \/>\n\t<meta property=\"og:image:height\" content=\"1362\" \/>\n\t<meta property=\"og:image:type\" content=\"image\/jpeg\" \/>\n<meta name=\"author\" content=\"Uredni\u0161tvo Celjana\" \/>\n<meta name=\"twitter:card\" content=\"summary_large_image\" \/>\n<meta name=\"twitter:label1\" content=\"Written by\" \/>\n\t<meta name=\"twitter:data1\" content=\"Uredni\u0161tvo Celjana\" \/>\n\t<meta name=\"twitter:label2\" content=\"Est. reading time\" \/>\n\t<meta name=\"twitter:data2\" content=\"1 minuta\" \/>\n<script type=\"application\/ld+json\" class=\"yoast-schema-graph\">{\"@context\":\"https:\\\/\\\/schema.org\",\"@graph\":[{\"@type\":\"Article\",\"@id\":\"https:\\\/\\\/novice.si\\\/page\\\/kultura-literatura-neza-maurer-skofic\\\/#article\",\"isPartOf\":{\"@id\":\"https:\\\/\\\/novice.si\\\/page\\\/kultura-literatura-neza-maurer-skofic\\\/\"},\"author\":{\"name\":\"Uredni\u0161tvo Celjana\",\"@id\":\"https:\\\/\\\/novice.si\\\/page\\\/#\\\/schema\\\/person\\\/51903923b50fefb075bc1cd24fe4d065\"},\"headline\":\"Kultura literatura: Ne\u017ea Maurer \u0160kofi\u010d\",\"datePublished\":\"2022-11-30T11:01:53+00:00\",\"dateModified\":\"2022-11-30T11:05:33+00:00\",\"mainEntityOfPage\":{\"@id\":\"https:\\\/\\\/novice.si\\\/page\\\/kultura-literatura-neza-maurer-skofic\\\/\"},\"wordCount\":105,\"publisher\":{\"@id\":\"https:\\\/\\\/novice.si\\\/page\\\/#organization\"},\"image\":{\"@id\":\"https:\\\/\\\/novice.si\\\/page\\\/kultura-literatura-neza-maurer-skofic\\\/#primaryimage\"},\"thumbnailUrl\":\"https:\\\/\\\/novice.si\\\/page\\\/wp-content\\\/uploads\\\/2022\\\/11\\\/maurer-neza.jpg\",\"keywords\":[\"Ne\u017ea Maurer\"],\"articleSection\":[\"Aktualno\",\"\u010casopisi\",\"Celjsko\",\"Konji\u0161ko\",\"Novice\",\"Radio Rogla\"],\"inLanguage\":\"sl-SI\"},{\"@type\":\"WebPage\",\"@id\":\"https:\\\/\\\/novice.si\\\/page\\\/kultura-literatura-neza-maurer-skofic\\\/\",\"url\":\"https:\\\/\\\/novice.si\\\/page\\\/kultura-literatura-neza-maurer-skofic\\\/\",\"name\":\"Kultura literatura: Ne\u017ea Maurer \u0160kofi\u010d - Novice.si\",\"isPartOf\":{\"@id\":\"https:\\\/\\\/novice.si\\\/page\\\/#website\"},\"primaryImageOfPage\":{\"@id\":\"https:\\\/\\\/novice.si\\\/page\\\/kultura-literatura-neza-maurer-skofic\\\/#primaryimage\"},\"image\":{\"@id\":\"https:\\\/\\\/novice.si\\\/page\\\/kultura-literatura-neza-maurer-skofic\\\/#primaryimage\"},\"thumbnailUrl\":\"https:\\\/\\\/novice.si\\\/page\\\/wp-content\\\/uploads\\\/2022\\\/11\\\/maurer-neza.jpg\",\"datePublished\":\"2022-11-30T11:01:53+00:00\",\"dateModified\":\"2022-11-30T11:05:33+00:00\",\"breadcrumb\":{\"@id\":\"https:\\\/\\\/novice.si\\\/page\\\/kultura-literatura-neza-maurer-skofic\\\/#breadcrumb\"},\"inLanguage\":\"sl-SI\",\"potentialAction\":[{\"@type\":\"ReadAction\",\"target\":[\"https:\\\/\\\/novice.si\\\/page\\\/kultura-literatura-neza-maurer-skofic\\\/\"]}]},{\"@type\":\"ImageObject\",\"inLanguage\":\"sl-SI\",\"@id\":\"https:\\\/\\\/novice.si\\\/page\\\/kultura-literatura-neza-maurer-skofic\\\/#primaryimage\",\"url\":\"https:\\\/\\\/novice.si\\\/page\\\/wp-content\\\/uploads\\\/2022\\\/11\\\/maurer-neza.jpg\",\"contentUrl\":\"https:\\\/\\\/novice.si\\\/page\\\/wp-content\\\/uploads\\\/2022\\\/11\\\/maurer-neza.jpg\",\"width\":2048,\"height\":1362},{\"@type\":\"BreadcrumbList\",\"@id\":\"https:\\\/\\\/novice.si\\\/page\\\/kultura-literatura-neza-maurer-skofic\\\/#breadcrumb\",\"itemListElement\":[{\"@type\":\"ListItem\",\"position\":1,\"name\":\"Home\",\"item\":\"https:\\\/\\\/novice.si\\\/page\\\/\"},{\"@type\":\"ListItem\",\"position\":2,\"name\":\"Kultura literatura: Ne\u017ea Maurer \u0160kofi\u010d\"}]},{\"@type\":\"WebSite\",\"@id\":\"https:\\\/\\\/novice.si\\\/page\\\/#website\",\"url\":\"https:\\\/\\\/novice.si\\\/page\\\/\",\"name\":\"Novice.si\",\"description\":\"\",\"publisher\":{\"@id\":\"https:\\\/\\\/novice.si\\\/page\\\/#organization\"},\"potentialAction\":[{\"@type\":\"SearchAction\",\"target\":{\"@type\":\"EntryPoint\",\"urlTemplate\":\"https:\\\/\\\/novice.si\\\/page\\\/?s={search_term_string}\"},\"query-input\":{\"@type\":\"PropertyValueSpecification\",\"valueRequired\":true,\"valueName\":\"search_term_string\"}}],\"inLanguage\":\"sl-SI\"},{\"@type\":\"Organization\",\"@id\":\"https:\\\/\\\/novice.si\\\/page\\\/#organization\",\"name\":\"Novice.si\",\"url\":\"https:\\\/\\\/novice.si\\\/page\\\/\",\"logo\":{\"@type\":\"ImageObject\",\"inLanguage\":\"sl-SI\",\"@id\":\"https:\\\/\\\/novice.si\\\/page\\\/#\\\/schema\\\/logo\\\/image\\\/\",\"url\":\"https:\\\/\\\/novice.si\\\/page\\\/wp-content\\\/uploads\\\/2023\\\/03\\\/novice_si.png\",\"contentUrl\":\"https:\\\/\\\/novice.si\\\/page\\\/wp-content\\\/uploads\\\/2023\\\/03\\\/novice_si.png\",\"width\":576,\"height\":200,\"caption\":\"Novice.si\"},\"image\":{\"@id\":\"https:\\\/\\\/novice.si\\\/page\\\/#\\\/schema\\\/logo\\\/image\\\/\"}},{\"@type\":\"Person\",\"@id\":\"https:\\\/\\\/novice.si\\\/page\\\/#\\\/schema\\\/person\\\/51903923b50fefb075bc1cd24fe4d065\",\"name\":\"Uredni\u0161tvo Celjana\",\"image\":{\"@type\":\"ImageObject\",\"inLanguage\":\"sl-SI\",\"@id\":\"https:\\\/\\\/secure.gravatar.com\\\/avatar\\\/b516f102aa90b53619e09722b8ea56721c99bfcb4f1035f9b333d99f52330226?s=96&d=mm&r=g\",\"url\":\"https:\\\/\\\/secure.gravatar.com\\\/avatar\\\/b516f102aa90b53619e09722b8ea56721c99bfcb4f1035f9b333d99f52330226?s=96&d=mm&r=g\",\"contentUrl\":\"https:\\\/\\\/secure.gravatar.com\\\/avatar\\\/b516f102aa90b53619e09722b8ea56721c99bfcb4f1035f9b333d99f52330226?s=96&d=mm&r=g\",\"caption\":\"Uredni\u0161tvo Celjana\"},\"url\":\"https:\\\/\\\/novice.si\\\/page\\\/author\\\/nejc\\\/\"}]}<\/script>\n<!-- \/ Yoast SEO plugin. -->","yoast_head_json":{"title":"Kultura literatura: Ne\u017ea Maurer \u0160kofi\u010d - Novice.si","robots":{"index":"index","follow":"follow","max-snippet":"max-snippet:-1","max-image-preview":"max-image-preview:large","max-video-preview":"max-video-preview:-1"},"canonical":"https:\/\/novice.si\/page\/kultura-literatura-neza-maurer-skofic\/","og_locale":"sl_SI","og_type":"article","og_title":"Kultura literatura: Ne\u017ea Maurer \u0160kofi\u010d - Novice.si","og_description":"Ne\u017ea Maurer \u0160kofi\u010d. Rodila se je na Polzeli, kot srednje\u0161olko sta jo zaznamovala \u0161e Celje in \u017dalec. Pa ste vedeli, da je na Polzeli preurejena njena rojstna hi\u0161a? Konec septembra so delno leseno hi\u0161o s \u010drno kuhinjo iz 19. stoletja v naselju Kopank v Podvinu pri Polzeli prenovili. Podorobneje o tem pa Goran Obradovi\u0107 v [&hellip;]","og_url":"https:\/\/novice.si\/page\/kultura-literatura-neza-maurer-skofic\/","og_site_name":"Novice.si","article_published_time":"2022-11-30T11:01:53+00:00","article_modified_time":"2022-11-30T11:05:33+00:00","og_image":[{"width":2048,"height":1362,"url":"https:\/\/novice.si\/page\/wp-content\/uploads\/2022\/11\/maurer-neza.jpg","type":"image\/jpeg"}],"author":"Uredni\u0161tvo Celjana","twitter_card":"summary_large_image","twitter_misc":{"Written by":"Uredni\u0161tvo Celjana","Est. reading time":"1 minuta"},"schema":{"@context":"https:\/\/schema.org","@graph":[{"@type":"Article","@id":"https:\/\/novice.si\/page\/kultura-literatura-neza-maurer-skofic\/#article","isPartOf":{"@id":"https:\/\/novice.si\/page\/kultura-literatura-neza-maurer-skofic\/"},"author":{"name":"Uredni\u0161tvo Celjana","@id":"https:\/\/novice.si\/page\/#\/schema\/person\/51903923b50fefb075bc1cd24fe4d065"},"headline":"Kultura literatura: Ne\u017ea Maurer \u0160kofi\u010d","datePublished":"2022-11-30T11:01:53+00:00","dateModified":"2022-11-30T11:05:33+00:00","mainEntityOfPage":{"@id":"https:\/\/novice.si\/page\/kultura-literatura-neza-maurer-skofic\/"},"wordCount":105,"publisher":{"@id":"https:\/\/novice.si\/page\/#organization"},"image":{"@id":"https:\/\/novice.si\/page\/kultura-literatura-neza-maurer-skofic\/#primaryimage"},"thumbnailUrl":"https:\/\/novice.si\/page\/wp-content\/uploads\/2022\/11\/maurer-neza.jpg","keywords":["Ne\u017ea Maurer"],"articleSection":["Aktualno","\u010casopisi","Celjsko","Konji\u0161ko","Novice","Radio Rogla"],"inLanguage":"sl-SI"},{"@type":"WebPage","@id":"https:\/\/novice.si\/page\/kultura-literatura-neza-maurer-skofic\/","url":"https:\/\/novice.si\/page\/kultura-literatura-neza-maurer-skofic\/","name":"Kultura literatura: Ne\u017ea Maurer \u0160kofi\u010d - Novice.si","isPartOf":{"@id":"https:\/\/novice.si\/page\/#website"},"primaryImageOfPage":{"@id":"https:\/\/novice.si\/page\/kultura-literatura-neza-maurer-skofic\/#primaryimage"},"image":{"@id":"https:\/\/novice.si\/page\/kultura-literatura-neza-maurer-skofic\/#primaryimage"},"thumbnailUrl":"https:\/\/novice.si\/page\/wp-content\/uploads\/2022\/11\/maurer-neza.jpg","datePublished":"2022-11-30T11:01:53+00:00","dateModified":"2022-11-30T11:05:33+00:00","breadcrumb":{"@id":"https:\/\/novice.si\/page\/kultura-literatura-neza-maurer-skofic\/#breadcrumb"},"inLanguage":"sl-SI","potentialAction":[{"@type":"ReadAction","target":["https:\/\/novice.si\/page\/kultura-literatura-neza-maurer-skofic\/"]}]},{"@type":"ImageObject","inLanguage":"sl-SI","@id":"https:\/\/novice.si\/page\/kultura-literatura-neza-maurer-skofic\/#primaryimage","url":"https:\/\/novice.si\/page\/wp-content\/uploads\/2022\/11\/maurer-neza.jpg","contentUrl":"https:\/\/novice.si\/page\/wp-content\/uploads\/2022\/11\/maurer-neza.jpg","width":2048,"height":1362},{"@type":"BreadcrumbList","@id":"https:\/\/novice.si\/page\/kultura-literatura-neza-maurer-skofic\/#breadcrumb","itemListElement":[{"@type":"ListItem","position":1,"name":"Home","item":"https:\/\/novice.si\/page\/"},{"@type":"ListItem","position":2,"name":"Kultura literatura: Ne\u017ea Maurer \u0160kofi\u010d"}]},{"@type":"WebSite","@id":"https:\/\/novice.si\/page\/#website","url":"https:\/\/novice.si\/page\/","name":"Novice.si","description":"","publisher":{"@id":"https:\/\/novice.si\/page\/#organization"},"potentialAction":[{"@type":"SearchAction","target":{"@type":"EntryPoint","urlTemplate":"https:\/\/novice.si\/page\/?s={search_term_string}"},"query-input":{"@type":"PropertyValueSpecification","valueRequired":true,"valueName":"search_term_string"}}],"inLanguage":"sl-SI"},{"@type":"Organization","@id":"https:\/\/novice.si\/page\/#organization","name":"Novice.si","url":"https:\/\/novice.si\/page\/","logo":{"@type":"ImageObject","inLanguage":"sl-SI","@id":"https:\/\/novice.si\/page\/#\/schema\/logo\/image\/","url":"https:\/\/novice.si\/page\/wp-content\/uploads\/2023\/03\/novice_si.png","contentUrl":"https:\/\/novice.si\/page\/wp-content\/uploads\/2023\/03\/novice_si.png","width":576,"height":200,"caption":"Novice.si"},"image":{"@id":"https:\/\/novice.si\/page\/#\/schema\/logo\/image\/"}},{"@type":"Person","@id":"https:\/\/novice.si\/page\/#\/schema\/person\/51903923b50fefb075bc1cd24fe4d065","name":"Uredni\u0161tvo Celjana","image":{"@type":"ImageObject","inLanguage":"sl-SI","@id":"https:\/\/secure.gravatar.com\/avatar\/b516f102aa90b53619e09722b8ea56721c99bfcb4f1035f9b333d99f52330226?s=96&d=mm&r=g","url":"https:\/\/secure.gravatar.com\/avatar\/b516f102aa90b53619e09722b8ea56721c99bfcb4f1035f9b333d99f52330226?s=96&d=mm&r=g","contentUrl":"https:\/\/secure.gravatar.com\/avatar\/b516f102aa90b53619e09722b8ea56721c99bfcb4f1035f9b333d99f52330226?s=96&d=mm&r=g","caption":"Uredni\u0161tvo Celjana"},"url":"https:\/\/novice.si\/page\/author\/nejc\/"}]}},"_links":{"self":[{"href":"https:\/\/novice.si\/page\/wp-json\/wp\/v2\/posts\/157281","targetHints":{"allow":["GET"]}}],"collection":[{"href":"https:\/\/novice.si\/page\/wp-json\/wp\/v2\/posts"}],"about":[{"href":"https:\/\/novice.si\/page\/wp-json\/wp\/v2\/types\/post"}],"author":[{"embeddable":true,"href":"https:\/\/novice.si\/page\/wp-json\/wp\/v2\/users\/12"}],"replies":[{"embeddable":true,"href":"https:\/\/novice.si\/page\/wp-json\/wp\/v2\/comments?post=157281"}],"version-history":[{"count":3,"href":"https:\/\/novice.si\/page\/wp-json\/wp\/v2\/posts\/157281\/revisions"}],"predecessor-version":[{"id":157289,"href":"https:\/\/novice.si\/page\/wp-json\/wp\/v2\/posts\/157281\/revisions\/157289"}],"wp:featuredmedia":[{"embeddable":true,"href":"https:\/\/novice.si\/page\/wp-json\/wp\/v2\/media\/157287"}],"wp:attachment":[{"href":"https:\/\/novice.si\/page\/wp-json\/wp\/v2\/media?parent=157281"}],"wp:term":[{"taxonomy":"category","embeddable":true,"href":"https:\/\/novice.si\/page\/wp-json\/wp\/v2\/categories?post=157281"},{"taxonomy":"post_tag","embeddable":true,"href":"https:\/\/novice.si\/page\/wp-json\/wp\/v2\/tags?post=157281"}],"curies":[{"name":"wp","href":"https:\/\/api.w.org\/{rel}","templated":true}]}}