{"id":157273,"date":"2022-11-30T11:02:36","date_gmt":"2022-11-30T10:02:36","guid":{"rendered":"https:\/\/novice.si\/page\/?p=157273"},"modified":"2022-11-30T11:02:36","modified_gmt":"2022-11-30T10:02:36","slug":"konjiska-porocna-dvorana-sodobnejsa-in-bolj-svecana","status":"publish","type":"post","link":"https:\/\/novice.si\/page\/konjiska-porocna-dvorana-sodobnejsa-in-bolj-svecana\/","title":{"rendered":"Konji\u0161ka poro\u010dna dvorana sodobnej\u0161a in bolj sve\u010dana"},"content":{"rendered":"<p><a href=\"https:\/\/novice.si\/page\/wp-content\/uploads\/2022\/11\/porocna-dvorana-konjice-1_resize.jpg\" data-gallery><img loading=\"lazy\" decoding=\"async\" class=\"size-medium wp-image-157275 alignleft\" src=\"https:\/\/novice.si\/page\/wp-content\/uploads\/2022\/11\/porocna-dvorana-konjice-1_resize-300x200.jpg\" alt=\"\" width=\"300\" height=\"200\" srcset=\"https:\/\/novice.si\/page\/wp-content\/uploads\/2022\/11\/porocna-dvorana-konjice-1_resize-300x200.jpg 300w, https:\/\/novice.si\/page\/wp-content\/uploads\/2022\/11\/porocna-dvorana-konjice-1_resize-768x512.jpg 768w, https:\/\/novice.si\/page\/wp-content\/uploads\/2022\/11\/porocna-dvorana-konjice-1_resize-696x464.jpg 696w, https:\/\/novice.si\/page\/wp-content\/uploads\/2022\/11\/porocna-dvorana-konjice-1_resize-630x420.jpg 630w, https:\/\/novice.si\/page\/wp-content\/uploads\/2022\/11\/porocna-dvorana-konjice-1_resize-24x16.jpg 24w, https:\/\/novice.si\/page\/wp-content\/uploads\/2022\/11\/porocna-dvorana-konjice-1_resize-36x24.jpg 36w, https:\/\/novice.si\/page\/wp-content\/uploads\/2022\/11\/porocna-dvorana-konjice-1_resize-48x32.jpg 48w, https:\/\/novice.si\/page\/wp-content\/uploads\/2022\/11\/porocna-dvorana-konjice-1_resize.jpg 800w\" sizes=\"auto, (max-width: 300px) 100vw, 300px\" \/><\/a>Poro\u010dna dvorana v Slovenskih Konjicah je \u017ee nekaj \u010dasa &#8216;klicala&#8217; po obnovi, v zadnjih mesecih pa jo je tudi do\u010dakala. Z deli so po dobrih treh mesecih kon\u010dali, pred dnevi pa sta si njeno novo podobo skupaj z nekaterimi sodelavkami ogledala konji\u0161ki \u017eupan <strong>Darko Ratajc<\/strong> in na\u010delnik Upravne enote <strong>Sre\u010dko Fijav\u017e<\/strong>.<br \/>\nV celoti so obnovil tlak v dvorani, nove so elektroin\u0161talacije, izvedena so bila slikopleskarska dela, prav tako je novo tudi stavbno pohi\u0161tvo. Ministrstvo za javno upravo je slabih 100 tiso\u010d evrov vreden projekt sofinanciralo 90-odsotno, razliko je pla\u010dala konji\u0161ka Ob\u010dina. (Jure Mernik)<\/p>\n","protected":false},"excerpt":{"rendered":"<p>Poro\u010dna dvorana v Slovenskih Konjicah je \u017ee nekaj \u010dasa &#8216;klicala&#8217; po obnovi, v zadnjih mesecih pa jo je tudi do\u010dakala. Z deli so po dobrih treh mesecih kon\u010dali, pred dnevi pa sta si njeno novo podobo skupaj z nekaterimi sodelavkami ogledala konji\u0161ki \u017eupan Darko Ratajc in na\u010delnik Upravne enote Sre\u010dko Fijav\u017e. V celoti so obnovil [&hellip;]<\/p>\n","protected":false},"author":7,"featured_media":157276,"comment_status":"closed","ping_status":"closed","sticky":false,"template":"","format":"standard","meta":{"footnotes":""},"categories":[14,16],"tags":[16509,197],"class_list":{"0":"post-157273","1":"post","2":"type-post","3":"status-publish","4":"format-standard","5":"has-post-thumbnail","7":"category-aktualno","8":"category-konjisko","9":"tag-porocna-dvorana","10":"tag-slovenske-konjice"},"yoast_head":"<!-- This site is optimized with the Yoast SEO plugin v27.4 - https:\/\/yoast.com\/product\/yoast-seo-wordpress\/ -->\n<title>Konji\u0161ka poro\u010dna dvorana sodobnej\u0161a in bolj sve\u010dana - Novice.si<\/title>\n<meta name=\"robots\" content=\"index, follow, max-snippet:-1, max-image-preview:large, max-video-preview:-1\" \/>\n<link rel=\"canonical\" href=\"https:\/\/novice.si\/page\/konjiska-porocna-dvorana-sodobnejsa-in-bolj-svecana\/\" \/>\n<meta property=\"og:locale\" content=\"sl_SI\" \/>\n<meta property=\"og:type\" content=\"article\" \/>\n<meta property=\"og:title\" content=\"Konji\u0161ka poro\u010dna dvorana sodobnej\u0161a in bolj sve\u010dana - Novice.si\" \/>\n<meta property=\"og:description\" content=\"Poro\u010dna dvorana v Slovenskih Konjicah je \u017ee nekaj \u010dasa &#8216;klicala&#8217; po obnovi, v zadnjih mesecih pa jo je tudi do\u010dakala. Z deli so po dobrih treh mesecih kon\u010dali, pred dnevi pa sta si njeno novo podobo skupaj z nekaterimi sodelavkami ogledala konji\u0161ki \u017eupan Darko Ratajc in na\u010delnik Upravne enote Sre\u010dko Fijav\u017e. V celoti so obnovil [&hellip;]\" \/>\n<meta property=\"og:url\" content=\"https:\/\/novice.si\/page\/konjiska-porocna-dvorana-sodobnejsa-in-bolj-svecana\/\" \/>\n<meta property=\"og:site_name\" content=\"Novice.si\" \/>\n<meta property=\"article:published_time\" content=\"2022-11-30T10:02:36+00:00\" \/>\n<meta property=\"og:image\" content=\"https:\/\/novice.si\/page\/wp-content\/uploads\/2022\/11\/porocna-dvorana-konjice-2-foto-Matej-Nareks_resize.jpg\" \/>\n\t<meta property=\"og:image:width\" content=\"800\" \/>\n\t<meta property=\"og:image:height\" content=\"533\" \/>\n\t<meta property=\"og:image:type\" content=\"image\/jpeg\" \/>\n<meta name=\"author\" content=\"Uredni\u0161tvo Novic\" \/>\n<meta name=\"twitter:card\" content=\"summary_large_image\" \/>\n<meta name=\"twitter:label1\" content=\"Written by\" \/>\n\t<meta name=\"twitter:data1\" content=\"Uredni\u0161tvo Novic\" \/>\n\t<meta name=\"twitter:label2\" content=\"Est. reading time\" \/>\n\t<meta name=\"twitter:data2\" content=\"1 minuta\" \/>\n<script type=\"application\/ld+json\" class=\"yoast-schema-graph\">{\"@context\":\"https:\\\/\\\/schema.org\",\"@graph\":[{\"@type\":\"Article\",\"@id\":\"https:\\\/\\\/novice.si\\\/page\\\/konjiska-porocna-dvorana-sodobnejsa-in-bolj-svecana\\\/#article\",\"isPartOf\":{\"@id\":\"https:\\\/\\\/novice.si\\\/page\\\/konjiska-porocna-dvorana-sodobnejsa-in-bolj-svecana\\\/\"},\"author\":{\"name\":\"Uredni\u0161tvo Novic\",\"@id\":\"https:\\\/\\\/novice.si\\\/page\\\/#\\\/schema\\\/person\\\/a877dbb8680d441357ce27663beb35ca\"},\"headline\":\"Konji\u0161ka poro\u010dna dvorana sodobnej\u0161a in bolj sve\u010dana\",\"datePublished\":\"2022-11-30T10:02:36+00:00\",\"mainEntityOfPage\":{\"@id\":\"https:\\\/\\\/novice.si\\\/page\\\/konjiska-porocna-dvorana-sodobnejsa-in-bolj-svecana\\\/\"},\"wordCount\":114,\"publisher\":{\"@id\":\"https:\\\/\\\/novice.si\\\/page\\\/#organization\"},\"image\":{\"@id\":\"https:\\\/\\\/novice.si\\\/page\\\/konjiska-porocna-dvorana-sodobnejsa-in-bolj-svecana\\\/#primaryimage\"},\"thumbnailUrl\":\"https:\\\/\\\/novice.si\\\/page\\\/wp-content\\\/uploads\\\/2022\\\/11\\\/porocna-dvorana-konjice-2-foto-Matej-Nareks_resize.jpg\",\"keywords\":[\"poro\u010dna dvorana\",\"Slovenske Konjice\"],\"articleSection\":[\"Aktualno\",\"Konji\u0161ko\"],\"inLanguage\":\"sl-SI\"},{\"@type\":\"WebPage\",\"@id\":\"https:\\\/\\\/novice.si\\\/page\\\/konjiska-porocna-dvorana-sodobnejsa-in-bolj-svecana\\\/\",\"url\":\"https:\\\/\\\/novice.si\\\/page\\\/konjiska-porocna-dvorana-sodobnejsa-in-bolj-svecana\\\/\",\"name\":\"Konji\u0161ka poro\u010dna dvorana sodobnej\u0161a in bolj sve\u010dana - Novice.si\",\"isPartOf\":{\"@id\":\"https:\\\/\\\/novice.si\\\/page\\\/#website\"},\"primaryImageOfPage\":{\"@id\":\"https:\\\/\\\/novice.si\\\/page\\\/konjiska-porocna-dvorana-sodobnejsa-in-bolj-svecana\\\/#primaryimage\"},\"image\":{\"@id\":\"https:\\\/\\\/novice.si\\\/page\\\/konjiska-porocna-dvorana-sodobnejsa-in-bolj-svecana\\\/#primaryimage\"},\"thumbnailUrl\":\"https:\\\/\\\/novice.si\\\/page\\\/wp-content\\\/uploads\\\/2022\\\/11\\\/porocna-dvorana-konjice-2-foto-Matej-Nareks_resize.jpg\",\"datePublished\":\"2022-11-30T10:02:36+00:00\",\"breadcrumb\":{\"@id\":\"https:\\\/\\\/novice.si\\\/page\\\/konjiska-porocna-dvorana-sodobnejsa-in-bolj-svecana\\\/#breadcrumb\"},\"inLanguage\":\"sl-SI\",\"potentialAction\":[{\"@type\":\"ReadAction\",\"target\":[\"https:\\\/\\\/novice.si\\\/page\\\/konjiska-porocna-dvorana-sodobnejsa-in-bolj-svecana\\\/\"]}]},{\"@type\":\"ImageObject\",\"inLanguage\":\"sl-SI\",\"@id\":\"https:\\\/\\\/novice.si\\\/page\\\/konjiska-porocna-dvorana-sodobnejsa-in-bolj-svecana\\\/#primaryimage\",\"url\":\"https:\\\/\\\/novice.si\\\/page\\\/wp-content\\\/uploads\\\/2022\\\/11\\\/porocna-dvorana-konjice-2-foto-Matej-Nareks_resize.jpg\",\"contentUrl\":\"https:\\\/\\\/novice.si\\\/page\\\/wp-content\\\/uploads\\\/2022\\\/11\\\/porocna-dvorana-konjice-2-foto-Matej-Nareks_resize.jpg\",\"width\":800,\"height\":533},{\"@type\":\"BreadcrumbList\",\"@id\":\"https:\\\/\\\/novice.si\\\/page\\\/konjiska-porocna-dvorana-sodobnejsa-in-bolj-svecana\\\/#breadcrumb\",\"itemListElement\":[{\"@type\":\"ListItem\",\"position\":1,\"name\":\"Home\",\"item\":\"https:\\\/\\\/novice.si\\\/page\\\/\"},{\"@type\":\"ListItem\",\"position\":2,\"name\":\"Konji\u0161ka poro\u010dna dvorana sodobnej\u0161a in bolj sve\u010dana\"}]},{\"@type\":\"WebSite\",\"@id\":\"https:\\\/\\\/novice.si\\\/page\\\/#website\",\"url\":\"https:\\\/\\\/novice.si\\\/page\\\/\",\"name\":\"Novice.si\",\"description\":\"\",\"publisher\":{\"@id\":\"https:\\\/\\\/novice.si\\\/page\\\/#organization\"},\"potentialAction\":[{\"@type\":\"SearchAction\",\"target\":{\"@type\":\"EntryPoint\",\"urlTemplate\":\"https:\\\/\\\/novice.si\\\/page\\\/?s={search_term_string}\"},\"query-input\":{\"@type\":\"PropertyValueSpecification\",\"valueRequired\":true,\"valueName\":\"search_term_string\"}}],\"inLanguage\":\"sl-SI\"},{\"@type\":\"Organization\",\"@id\":\"https:\\\/\\\/novice.si\\\/page\\\/#organization\",\"name\":\"Novice.si\",\"url\":\"https:\\\/\\\/novice.si\\\/page\\\/\",\"logo\":{\"@type\":\"ImageObject\",\"inLanguage\":\"sl-SI\",\"@id\":\"https:\\\/\\\/novice.si\\\/page\\\/#\\\/schema\\\/logo\\\/image\\\/\",\"url\":\"https:\\\/\\\/novice.si\\\/page\\\/wp-content\\\/uploads\\\/2023\\\/03\\\/novice_si.png\",\"contentUrl\":\"https:\\\/\\\/novice.si\\\/page\\\/wp-content\\\/uploads\\\/2023\\\/03\\\/novice_si.png\",\"width\":576,\"height\":200,\"caption\":\"Novice.si\"},\"image\":{\"@id\":\"https:\\\/\\\/novice.si\\\/page\\\/#\\\/schema\\\/logo\\\/image\\\/\"}},{\"@type\":\"Person\",\"@id\":\"https:\\\/\\\/novice.si\\\/page\\\/#\\\/schema\\\/person\\\/a877dbb8680d441357ce27663beb35ca\",\"name\":\"Uredni\u0161tvo Novic\",\"image\":{\"@type\":\"ImageObject\",\"inLanguage\":\"sl-SI\",\"@id\":\"https:\\\/\\\/secure.gravatar.com\\\/avatar\\\/f19c0ae874706cc9ba19d2f6da5f74a5a5ee7674f283fed29ce0ad16a9f1893e?s=96&d=mm&r=g\",\"url\":\"https:\\\/\\\/secure.gravatar.com\\\/avatar\\\/f19c0ae874706cc9ba19d2f6da5f74a5a5ee7674f283fed29ce0ad16a9f1893e?s=96&d=mm&r=g\",\"contentUrl\":\"https:\\\/\\\/secure.gravatar.com\\\/avatar\\\/f19c0ae874706cc9ba19d2f6da5f74a5a5ee7674f283fed29ce0ad16a9f1893e?s=96&d=mm&r=g\",\"caption\":\"Uredni\u0161tvo Novic\"},\"url\":\"https:\\\/\\\/novice.si\\\/page\\\/author\\\/jure\\\/\"}]}<\/script>\n<!-- \/ Yoast SEO plugin. -->","yoast_head_json":{"title":"Konji\u0161ka poro\u010dna dvorana sodobnej\u0161a in bolj sve\u010dana - Novice.si","robots":{"index":"index","follow":"follow","max-snippet":"max-snippet:-1","max-image-preview":"max-image-preview:large","max-video-preview":"max-video-preview:-1"},"canonical":"https:\/\/novice.si\/page\/konjiska-porocna-dvorana-sodobnejsa-in-bolj-svecana\/","og_locale":"sl_SI","og_type":"article","og_title":"Konji\u0161ka poro\u010dna dvorana sodobnej\u0161a in bolj sve\u010dana - Novice.si","og_description":"Poro\u010dna dvorana v Slovenskih Konjicah je \u017ee nekaj \u010dasa &#8216;klicala&#8217; po obnovi, v zadnjih mesecih pa jo je tudi do\u010dakala. Z deli so po dobrih treh mesecih kon\u010dali, pred dnevi pa sta si njeno novo podobo skupaj z nekaterimi sodelavkami ogledala konji\u0161ki \u017eupan Darko Ratajc in na\u010delnik Upravne enote Sre\u010dko Fijav\u017e. V celoti so obnovil [&hellip;]","og_url":"https:\/\/novice.si\/page\/konjiska-porocna-dvorana-sodobnejsa-in-bolj-svecana\/","og_site_name":"Novice.si","article_published_time":"2022-11-30T10:02:36+00:00","og_image":[{"width":800,"height":533,"url":"https:\/\/novice.si\/page\/wp-content\/uploads\/2022\/11\/porocna-dvorana-konjice-2-foto-Matej-Nareks_resize.jpg","type":"image\/jpeg"}],"author":"Uredni\u0161tvo Novic","twitter_card":"summary_large_image","twitter_misc":{"Written by":"Uredni\u0161tvo Novic","Est. reading time":"1 minuta"},"schema":{"@context":"https:\/\/schema.org","@graph":[{"@type":"Article","@id":"https:\/\/novice.si\/page\/konjiska-porocna-dvorana-sodobnejsa-in-bolj-svecana\/#article","isPartOf":{"@id":"https:\/\/novice.si\/page\/konjiska-porocna-dvorana-sodobnejsa-in-bolj-svecana\/"},"author":{"name":"Uredni\u0161tvo Novic","@id":"https:\/\/novice.si\/page\/#\/schema\/person\/a877dbb8680d441357ce27663beb35ca"},"headline":"Konji\u0161ka poro\u010dna dvorana sodobnej\u0161a in bolj sve\u010dana","datePublished":"2022-11-30T10:02:36+00:00","mainEntityOfPage":{"@id":"https:\/\/novice.si\/page\/konjiska-porocna-dvorana-sodobnejsa-in-bolj-svecana\/"},"wordCount":114,"publisher":{"@id":"https:\/\/novice.si\/page\/#organization"},"image":{"@id":"https:\/\/novice.si\/page\/konjiska-porocna-dvorana-sodobnejsa-in-bolj-svecana\/#primaryimage"},"thumbnailUrl":"https:\/\/novice.si\/page\/wp-content\/uploads\/2022\/11\/porocna-dvorana-konjice-2-foto-Matej-Nareks_resize.jpg","keywords":["poro\u010dna dvorana","Slovenske Konjice"],"articleSection":["Aktualno","Konji\u0161ko"],"inLanguage":"sl-SI"},{"@type":"WebPage","@id":"https:\/\/novice.si\/page\/konjiska-porocna-dvorana-sodobnejsa-in-bolj-svecana\/","url":"https:\/\/novice.si\/page\/konjiska-porocna-dvorana-sodobnejsa-in-bolj-svecana\/","name":"Konji\u0161ka poro\u010dna dvorana sodobnej\u0161a in bolj sve\u010dana - Novice.si","isPartOf":{"@id":"https:\/\/novice.si\/page\/#website"},"primaryImageOfPage":{"@id":"https:\/\/novice.si\/page\/konjiska-porocna-dvorana-sodobnejsa-in-bolj-svecana\/#primaryimage"},"image":{"@id":"https:\/\/novice.si\/page\/konjiska-porocna-dvorana-sodobnejsa-in-bolj-svecana\/#primaryimage"},"thumbnailUrl":"https:\/\/novice.si\/page\/wp-content\/uploads\/2022\/11\/porocna-dvorana-konjice-2-foto-Matej-Nareks_resize.jpg","datePublished":"2022-11-30T10:02:36+00:00","breadcrumb":{"@id":"https:\/\/novice.si\/page\/konjiska-porocna-dvorana-sodobnejsa-in-bolj-svecana\/#breadcrumb"},"inLanguage":"sl-SI","potentialAction":[{"@type":"ReadAction","target":["https:\/\/novice.si\/page\/konjiska-porocna-dvorana-sodobnejsa-in-bolj-svecana\/"]}]},{"@type":"ImageObject","inLanguage":"sl-SI","@id":"https:\/\/novice.si\/page\/konjiska-porocna-dvorana-sodobnejsa-in-bolj-svecana\/#primaryimage","url":"https:\/\/novice.si\/page\/wp-content\/uploads\/2022\/11\/porocna-dvorana-konjice-2-foto-Matej-Nareks_resize.jpg","contentUrl":"https:\/\/novice.si\/page\/wp-content\/uploads\/2022\/11\/porocna-dvorana-konjice-2-foto-Matej-Nareks_resize.jpg","width":800,"height":533},{"@type":"BreadcrumbList","@id":"https:\/\/novice.si\/page\/konjiska-porocna-dvorana-sodobnejsa-in-bolj-svecana\/#breadcrumb","itemListElement":[{"@type":"ListItem","position":1,"name":"Home","item":"https:\/\/novice.si\/page\/"},{"@type":"ListItem","position":2,"name":"Konji\u0161ka poro\u010dna dvorana sodobnej\u0161a in bolj sve\u010dana"}]},{"@type":"WebSite","@id":"https:\/\/novice.si\/page\/#website","url":"https:\/\/novice.si\/page\/","name":"Novice.si","description":"","publisher":{"@id":"https:\/\/novice.si\/page\/#organization"},"potentialAction":[{"@type":"SearchAction","target":{"@type":"EntryPoint","urlTemplate":"https:\/\/novice.si\/page\/?s={search_term_string}"},"query-input":{"@type":"PropertyValueSpecification","valueRequired":true,"valueName":"search_term_string"}}],"inLanguage":"sl-SI"},{"@type":"Organization","@id":"https:\/\/novice.si\/page\/#organization","name":"Novice.si","url":"https:\/\/novice.si\/page\/","logo":{"@type":"ImageObject","inLanguage":"sl-SI","@id":"https:\/\/novice.si\/page\/#\/schema\/logo\/image\/","url":"https:\/\/novice.si\/page\/wp-content\/uploads\/2023\/03\/novice_si.png","contentUrl":"https:\/\/novice.si\/page\/wp-content\/uploads\/2023\/03\/novice_si.png","width":576,"height":200,"caption":"Novice.si"},"image":{"@id":"https:\/\/novice.si\/page\/#\/schema\/logo\/image\/"}},{"@type":"Person","@id":"https:\/\/novice.si\/page\/#\/schema\/person\/a877dbb8680d441357ce27663beb35ca","name":"Uredni\u0161tvo Novic","image":{"@type":"ImageObject","inLanguage":"sl-SI","@id":"https:\/\/secure.gravatar.com\/avatar\/f19c0ae874706cc9ba19d2f6da5f74a5a5ee7674f283fed29ce0ad16a9f1893e?s=96&d=mm&r=g","url":"https:\/\/secure.gravatar.com\/avatar\/f19c0ae874706cc9ba19d2f6da5f74a5a5ee7674f283fed29ce0ad16a9f1893e?s=96&d=mm&r=g","contentUrl":"https:\/\/secure.gravatar.com\/avatar\/f19c0ae874706cc9ba19d2f6da5f74a5a5ee7674f283fed29ce0ad16a9f1893e?s=96&d=mm&r=g","caption":"Uredni\u0161tvo Novic"},"url":"https:\/\/novice.si\/page\/author\/jure\/"}]}},"_links":{"self":[{"href":"https:\/\/novice.si\/page\/wp-json\/wp\/v2\/posts\/157273","targetHints":{"allow":["GET"]}}],"collection":[{"href":"https:\/\/novice.si\/page\/wp-json\/wp\/v2\/posts"}],"about":[{"href":"https:\/\/novice.si\/page\/wp-json\/wp\/v2\/types\/post"}],"author":[{"embeddable":true,"href":"https:\/\/novice.si\/page\/wp-json\/wp\/v2\/users\/7"}],"replies":[{"embeddable":true,"href":"https:\/\/novice.si\/page\/wp-json\/wp\/v2\/comments?post=157273"}],"version-history":[{"count":1,"href":"https:\/\/novice.si\/page\/wp-json\/wp\/v2\/posts\/157273\/revisions"}],"predecessor-version":[{"id":157279,"href":"https:\/\/novice.si\/page\/wp-json\/wp\/v2\/posts\/157273\/revisions\/157279"}],"wp:featuredmedia":[{"embeddable":true,"href":"https:\/\/novice.si\/page\/wp-json\/wp\/v2\/media\/157276"}],"wp:attachment":[{"href":"https:\/\/novice.si\/page\/wp-json\/wp\/v2\/media?parent=157273"}],"wp:term":[{"taxonomy":"category","embeddable":true,"href":"https:\/\/novice.si\/page\/wp-json\/wp\/v2\/categories?post=157273"},{"taxonomy":"post_tag","embeddable":true,"href":"https:\/\/novice.si\/page\/wp-json\/wp\/v2\/tags?post=157273"}],"curies":[{"name":"wp","href":"https:\/\/api.w.org\/{rel}","templated":true}]}}