{"id":157237,"date":"2022-11-29T18:06:10","date_gmt":"2022-11-29T17:06:10","guid":{"rendered":"https:\/\/novice.si\/page\/?p=157237"},"modified":"2022-11-29T18:06:10","modified_gmt":"2022-11-29T17:06:10","slug":"celje-investitor-na-sojenju-v-zadevi-braslovska-zemljisca-obrnil-plosco","status":"publish","type":"post","link":"https:\/\/novice.si\/page\/celje-investitor-na-sojenju-v-zadevi-braslovska-zemljisca-obrnil-plosco\/","title":{"rendered":"CELJE Investitor na sojenju v zadevi braslov\u0161ka zemlji\u0161\u010da obrnil plo\u0161\u010do"},"content":{"rendered":"<p>V nadaljevanju sojenja nekdanjima braslov\u0161kemu \u017eupanu <strong>Marku Balantu<\/strong> in pod\u017eupanu <strong>Vinku Dr\u010di <\/strong>(na sliki levo), ki ju obto\u017eujejo zlorabe polo\u017eaja in pravic pri prekategorizaciji kmetijskih <a href=\"https:\/\/novice.si\/page\/wp-content\/uploads\/2022\/10\/drca-balant-novo22-2.jpg\" data-gallery><img loading=\"lazy\" decoding=\"async\" class=\"size-medium wp-image-155554 alignleft\" src=\"https:\/\/novice.si\/page\/wp-content\/uploads\/2022\/10\/drca-balant-novo22-2-300x225.jpg\" alt=\"\" width=\"300\" height=\"225\" srcset=\"https:\/\/novice.si\/page\/wp-content\/uploads\/2022\/10\/drca-balant-novo22-2-300x225.jpg 300w, https:\/\/novice.si\/page\/wp-content\/uploads\/2022\/10\/drca-balant-novo22-2-1024x768.jpg 1024w, https:\/\/novice.si\/page\/wp-content\/uploads\/2022\/10\/drca-balant-novo22-2-768x576.jpg 768w, https:\/\/novice.si\/page\/wp-content\/uploads\/2022\/10\/drca-balant-novo22-2-80x60.jpg 80w, https:\/\/novice.si\/page\/wp-content\/uploads\/2022\/10\/drca-balant-novo22-2-265x198.jpg 265w, https:\/\/novice.si\/page\/wp-content\/uploads\/2022\/10\/drca-balant-novo22-2-696x522.jpg 696w, https:\/\/novice.si\/page\/wp-content\/uploads\/2022\/10\/drca-balant-novo22-2-1068x801.jpg 1068w, https:\/\/novice.si\/page\/wp-content\/uploads\/2022\/10\/drca-balant-novo22-2-560x420.jpg 560w, https:\/\/novice.si\/page\/wp-content\/uploads\/2022\/10\/drca-balant-novo22-2-24x18.jpg 24w, https:\/\/novice.si\/page\/wp-content\/uploads\/2022\/10\/drca-balant-novo22-2-36x27.jpg 36w, https:\/\/novice.si\/page\/wp-content\/uploads\/2022\/10\/drca-balant-novo22-2-48x36.jpg 48w, https:\/\/novice.si\/page\/wp-content\/uploads\/2022\/10\/drca-balant-novo22-2.jpg 1156w\" sizes=\"auto, (max-width: 300px) 100vw, 300px\" \/><\/a>zemlji\u0161\u010d, je sodi\u0161\u010de danes nadaljevalo z zasli\u0161evanjem pri\u010d.<\/p>\n<p>Med ostalim je pred senat stopil <strong>Sa\u0161o Kronov\u0161ek<\/strong>, direktor dru\u017ebe Silco, ki je od obto\u017eenega Dr\u010de odkupila sportno parcelo. Zanikal je svoje navedbe iz kriminalisti\u010dne in sodne preiskave, da je pogodbo sklenil ob zagotovilu obto\u017eenca, da bo parcela kmalu zazidljiva, v \u010dasu podpisa pa to \u0161e ni bila. Po njegovem pod\u017eupan za kaj takega nima mo\u010di, niti pristojnosti. Zasli\u0161ali so tudi sina prvoobto\u017eenega, nanj je prenesel vse svoje premo\u017eenje.<\/p>\n<p>Sojenje, ki je bilo \u017ee razveljavljeno, se nadaljuje prihodnje leto.<\/p>\n<p>P\u0160<\/p>\n","protected":false},"excerpt":{"rendered":"<p>V nadaljevanju sojenja nekdanjima braslov\u0161kemu \u017eupanu Marku Balantu in pod\u017eupanu Vinku Dr\u010di (na sliki levo), ki ju obto\u017eujejo zlorabe polo\u017eaja in pravic pri prekategorizaciji kmetijskih zemlji\u0161\u010d, je sodi\u0161\u010de danes nadaljevalo z zasli\u0161evanjem pri\u010d. Med ostalim je pred senat stopil Sa\u0161o Kronov\u0161ek, direktor dru\u017ebe Silco, ki je od obto\u017eenega Dr\u010de odkupila sportno parcelo. Zanikal je svoje [&hellip;]<\/p>\n","protected":false},"author":33,"featured_media":155555,"comment_status":"closed","ping_status":"closed","sticky":false,"template":"","format":"standard","meta":{"footnotes":""},"categories":[17,29],"tags":[4084,4202,16505,356,4258,12146],"class_list":{"0":"post-157237","1":"post","2":"type-post","3":"status-publish","4":"format-standard","5":"has-post-thumbnail","7":"category-celjsko","8":"category-kronika","9":"tag-braslovska-zemljisca","10":"tag-marko-balant","11":"tag-saso-kronovsek","12":"tag-sojenje","13":"tag-vinko-drca","14":"tag-zaslisanje-pric"},"yoast_head":"<!-- This site is optimized with the Yoast SEO plugin v27.4 - https:\/\/yoast.com\/product\/yoast-seo-wordpress\/ -->\n<title>CELJE Investitor na sojenju v zadevi braslov\u0161ka zemlji\u0161\u010da obrnil plo\u0161\u010do - Novice.si<\/title>\n<meta name=\"robots\" content=\"index, follow, max-snippet:-1, max-image-preview:large, max-video-preview:-1\" \/>\n<link rel=\"canonical\" href=\"https:\/\/novice.si\/page\/celje-investitor-na-sojenju-v-zadevi-braslovska-zemljisca-obrnil-plosco\/\" \/>\n<meta property=\"og:locale\" content=\"sl_SI\" \/>\n<meta property=\"og:type\" content=\"article\" \/>\n<meta property=\"og:title\" content=\"CELJE Investitor na sojenju v zadevi braslov\u0161ka zemlji\u0161\u010da obrnil plo\u0161\u010do - Novice.si\" \/>\n<meta property=\"og:description\" content=\"V nadaljevanju sojenja nekdanjima braslov\u0161kemu \u017eupanu Marku Balantu in pod\u017eupanu Vinku Dr\u010di (na sliki levo), ki ju obto\u017eujejo zlorabe polo\u017eaja in pravic pri prekategorizaciji kmetijskih zemlji\u0161\u010d, je sodi\u0161\u010de danes nadaljevalo z zasli\u0161evanjem pri\u010d. Med ostalim je pred senat stopil Sa\u0161o Kronov\u0161ek, direktor dru\u017ebe Silco, ki je od obto\u017eenega Dr\u010de odkupila sportno parcelo. Zanikal je svoje [&hellip;]\" \/>\n<meta property=\"og:url\" content=\"https:\/\/novice.si\/page\/celje-investitor-na-sojenju-v-zadevi-braslovska-zemljisca-obrnil-plosco\/\" \/>\n<meta property=\"og:site_name\" content=\"Novice.si\" \/>\n<meta property=\"article:published_time\" content=\"2022-11-29T17:06:10+00:00\" \/>\n<meta property=\"og:image\" content=\"https:\/\/novice.si\/page\/wp-content\/uploads\/2022\/10\/drca-balant-novo22-1.jpg\" \/>\n\t<meta property=\"og:image:width\" content=\"1156\" \/>\n\t<meta property=\"og:image:height\" content=\"867\" \/>\n\t<meta property=\"og:image:type\" content=\"image\/jpeg\" \/>\n<meta name=\"author\" content=\"Uredni\u0161tvo Celjana\" \/>\n<meta name=\"twitter:card\" content=\"summary_large_image\" \/>\n<meta name=\"twitter:label1\" content=\"Written by\" \/>\n\t<meta name=\"twitter:data1\" content=\"Uredni\u0161tvo Celjana\" \/>\n\t<meta name=\"twitter:label2\" content=\"Est. reading time\" \/>\n\t<meta name=\"twitter:data2\" content=\"1 minuta\" \/>\n<script type=\"application\/ld+json\" class=\"yoast-schema-graph\">{\"@context\":\"https:\\\/\\\/schema.org\",\"@graph\":[{\"@type\":\"Article\",\"@id\":\"https:\\\/\\\/novice.si\\\/page\\\/celje-investitor-na-sojenju-v-zadevi-braslovska-zemljisca-obrnil-plosco\\\/#article\",\"isPartOf\":{\"@id\":\"https:\\\/\\\/novice.si\\\/page\\\/celje-investitor-na-sojenju-v-zadevi-braslovska-zemljisca-obrnil-plosco\\\/\"},\"author\":{\"name\":\"Uredni\u0161tvo Celjana\",\"@id\":\"https:\\\/\\\/novice.si\\\/page\\\/#\\\/schema\\\/person\\\/57f25c9642a9541c7349c65d32032c3e\"},\"headline\":\"CELJE Investitor na sojenju v zadevi braslov\u0161ka zemlji\u0161\u010da obrnil plo\u0161\u010do\",\"datePublished\":\"2022-11-29T17:06:10+00:00\",\"mainEntityOfPage\":{\"@id\":\"https:\\\/\\\/novice.si\\\/page\\\/celje-investitor-na-sojenju-v-zadevi-braslovska-zemljisca-obrnil-plosco\\\/\"},\"wordCount\":145,\"publisher\":{\"@id\":\"https:\\\/\\\/novice.si\\\/page\\\/#organization\"},\"image\":{\"@id\":\"https:\\\/\\\/novice.si\\\/page\\\/celje-investitor-na-sojenju-v-zadevi-braslovska-zemljisca-obrnil-plosco\\\/#primaryimage\"},\"thumbnailUrl\":\"https:\\\/\\\/novice.si\\\/page\\\/wp-content\\\/uploads\\\/2022\\\/10\\\/drca-balant-novo22-1.jpg\",\"keywords\":[\"braslov\u0161ka zemlji\u0161\u010da\",\"marko balant\",\"sa\u0161o Kronov\u0161ek\",\"sojenje\",\"vinko dr\u0107a\",\"zasli\u0161anje pri\u010d\"],\"articleSection\":[\"Celjsko\",\"Kronika\"],\"inLanguage\":\"sl-SI\"},{\"@type\":\"WebPage\",\"@id\":\"https:\\\/\\\/novice.si\\\/page\\\/celje-investitor-na-sojenju-v-zadevi-braslovska-zemljisca-obrnil-plosco\\\/\",\"url\":\"https:\\\/\\\/novice.si\\\/page\\\/celje-investitor-na-sojenju-v-zadevi-braslovska-zemljisca-obrnil-plosco\\\/\",\"name\":\"CELJE Investitor na sojenju v zadevi braslov\u0161ka zemlji\u0161\u010da obrnil plo\u0161\u010do - Novice.si\",\"isPartOf\":{\"@id\":\"https:\\\/\\\/novice.si\\\/page\\\/#website\"},\"primaryImageOfPage\":{\"@id\":\"https:\\\/\\\/novice.si\\\/page\\\/celje-investitor-na-sojenju-v-zadevi-braslovska-zemljisca-obrnil-plosco\\\/#primaryimage\"},\"image\":{\"@id\":\"https:\\\/\\\/novice.si\\\/page\\\/celje-investitor-na-sojenju-v-zadevi-braslovska-zemljisca-obrnil-plosco\\\/#primaryimage\"},\"thumbnailUrl\":\"https:\\\/\\\/novice.si\\\/page\\\/wp-content\\\/uploads\\\/2022\\\/10\\\/drca-balant-novo22-1.jpg\",\"datePublished\":\"2022-11-29T17:06:10+00:00\",\"breadcrumb\":{\"@id\":\"https:\\\/\\\/novice.si\\\/page\\\/celje-investitor-na-sojenju-v-zadevi-braslovska-zemljisca-obrnil-plosco\\\/#breadcrumb\"},\"inLanguage\":\"sl-SI\",\"potentialAction\":[{\"@type\":\"ReadAction\",\"target\":[\"https:\\\/\\\/novice.si\\\/page\\\/celje-investitor-na-sojenju-v-zadevi-braslovska-zemljisca-obrnil-plosco\\\/\"]}]},{\"@type\":\"ImageObject\",\"inLanguage\":\"sl-SI\",\"@id\":\"https:\\\/\\\/novice.si\\\/page\\\/celje-investitor-na-sojenju-v-zadevi-braslovska-zemljisca-obrnil-plosco\\\/#primaryimage\",\"url\":\"https:\\\/\\\/novice.si\\\/page\\\/wp-content\\\/uploads\\\/2022\\\/10\\\/drca-balant-novo22-1.jpg\",\"contentUrl\":\"https:\\\/\\\/novice.si\\\/page\\\/wp-content\\\/uploads\\\/2022\\\/10\\\/drca-balant-novo22-1.jpg\",\"width\":1156,\"height\":867},{\"@type\":\"BreadcrumbList\",\"@id\":\"https:\\\/\\\/novice.si\\\/page\\\/celje-investitor-na-sojenju-v-zadevi-braslovska-zemljisca-obrnil-plosco\\\/#breadcrumb\",\"itemListElement\":[{\"@type\":\"ListItem\",\"position\":1,\"name\":\"Home\",\"item\":\"https:\\\/\\\/novice.si\\\/page\\\/\"},{\"@type\":\"ListItem\",\"position\":2,\"name\":\"CELJE Investitor na sojenju v zadevi braslov\u0161ka zemlji\u0161\u010da obrnil plo\u0161\u010do\"}]},{\"@type\":\"WebSite\",\"@id\":\"https:\\\/\\\/novice.si\\\/page\\\/#website\",\"url\":\"https:\\\/\\\/novice.si\\\/page\\\/\",\"name\":\"Novice.si\",\"description\":\"\",\"publisher\":{\"@id\":\"https:\\\/\\\/novice.si\\\/page\\\/#organization\"},\"potentialAction\":[{\"@type\":\"SearchAction\",\"target\":{\"@type\":\"EntryPoint\",\"urlTemplate\":\"https:\\\/\\\/novice.si\\\/page\\\/?s={search_term_string}\"},\"query-input\":{\"@type\":\"PropertyValueSpecification\",\"valueRequired\":true,\"valueName\":\"search_term_string\"}}],\"inLanguage\":\"sl-SI\"},{\"@type\":\"Organization\",\"@id\":\"https:\\\/\\\/novice.si\\\/page\\\/#organization\",\"name\":\"Novice.si\",\"url\":\"https:\\\/\\\/novice.si\\\/page\\\/\",\"logo\":{\"@type\":\"ImageObject\",\"inLanguage\":\"sl-SI\",\"@id\":\"https:\\\/\\\/novice.si\\\/page\\\/#\\\/schema\\\/logo\\\/image\\\/\",\"url\":\"https:\\\/\\\/novice.si\\\/page\\\/wp-content\\\/uploads\\\/2023\\\/03\\\/novice_si.png\",\"contentUrl\":\"https:\\\/\\\/novice.si\\\/page\\\/wp-content\\\/uploads\\\/2023\\\/03\\\/novice_si.png\",\"width\":576,\"height\":200,\"caption\":\"Novice.si\"},\"image\":{\"@id\":\"https:\\\/\\\/novice.si\\\/page\\\/#\\\/schema\\\/logo\\\/image\\\/\"}},{\"@type\":\"Person\",\"@id\":\"https:\\\/\\\/novice.si\\\/page\\\/#\\\/schema\\\/person\\\/57f25c9642a9541c7349c65d32032c3e\",\"name\":\"Uredni\u0161tvo Celjana\",\"image\":{\"@type\":\"ImageObject\",\"inLanguage\":\"sl-SI\",\"@id\":\"https:\\\/\\\/secure.gravatar.com\\\/avatar\\\/78e52bc4279b65f6df6345e0ef0f7b792d361361f230cf4ffecfe0afe6d5629c?s=96&d=mm&r=g\",\"url\":\"https:\\\/\\\/secure.gravatar.com\\\/avatar\\\/78e52bc4279b65f6df6345e0ef0f7b792d361361f230cf4ffecfe0afe6d5629c?s=96&d=mm&r=g\",\"contentUrl\":\"https:\\\/\\\/secure.gravatar.com\\\/avatar\\\/78e52bc4279b65f6df6345e0ef0f7b792d361361f230cf4ffecfe0afe6d5629c?s=96&d=mm&r=g\",\"caption\":\"Uredni\u0161tvo Celjana\"},\"url\":\"https:\\\/\\\/novice.si\\\/page\\\/author\\\/primoz\\\/\"}]}<\/script>\n<!-- \/ Yoast SEO plugin. -->","yoast_head_json":{"title":"CELJE Investitor na sojenju v zadevi braslov\u0161ka zemlji\u0161\u010da obrnil plo\u0161\u010do - Novice.si","robots":{"index":"index","follow":"follow","max-snippet":"max-snippet:-1","max-image-preview":"max-image-preview:large","max-video-preview":"max-video-preview:-1"},"canonical":"https:\/\/novice.si\/page\/celje-investitor-na-sojenju-v-zadevi-braslovska-zemljisca-obrnil-plosco\/","og_locale":"sl_SI","og_type":"article","og_title":"CELJE Investitor na sojenju v zadevi braslov\u0161ka zemlji\u0161\u010da obrnil plo\u0161\u010do - Novice.si","og_description":"V nadaljevanju sojenja nekdanjima braslov\u0161kemu \u017eupanu Marku Balantu in pod\u017eupanu Vinku Dr\u010di (na sliki levo), ki ju obto\u017eujejo zlorabe polo\u017eaja in pravic pri prekategorizaciji kmetijskih zemlji\u0161\u010d, je sodi\u0161\u010de danes nadaljevalo z zasli\u0161evanjem pri\u010d. Med ostalim je pred senat stopil Sa\u0161o Kronov\u0161ek, direktor dru\u017ebe Silco, ki je od obto\u017eenega Dr\u010de odkupila sportno parcelo. Zanikal je svoje [&hellip;]","og_url":"https:\/\/novice.si\/page\/celje-investitor-na-sojenju-v-zadevi-braslovska-zemljisca-obrnil-plosco\/","og_site_name":"Novice.si","article_published_time":"2022-11-29T17:06:10+00:00","og_image":[{"width":1156,"height":867,"url":"https:\/\/novice.si\/page\/wp-content\/uploads\/2022\/10\/drca-balant-novo22-1.jpg","type":"image\/jpeg"}],"author":"Uredni\u0161tvo Celjana","twitter_card":"summary_large_image","twitter_misc":{"Written by":"Uredni\u0161tvo Celjana","Est. reading time":"1 minuta"},"schema":{"@context":"https:\/\/schema.org","@graph":[{"@type":"Article","@id":"https:\/\/novice.si\/page\/celje-investitor-na-sojenju-v-zadevi-braslovska-zemljisca-obrnil-plosco\/#article","isPartOf":{"@id":"https:\/\/novice.si\/page\/celje-investitor-na-sojenju-v-zadevi-braslovska-zemljisca-obrnil-plosco\/"},"author":{"name":"Uredni\u0161tvo Celjana","@id":"https:\/\/novice.si\/page\/#\/schema\/person\/57f25c9642a9541c7349c65d32032c3e"},"headline":"CELJE Investitor na sojenju v zadevi braslov\u0161ka zemlji\u0161\u010da obrnil plo\u0161\u010do","datePublished":"2022-11-29T17:06:10+00:00","mainEntityOfPage":{"@id":"https:\/\/novice.si\/page\/celje-investitor-na-sojenju-v-zadevi-braslovska-zemljisca-obrnil-plosco\/"},"wordCount":145,"publisher":{"@id":"https:\/\/novice.si\/page\/#organization"},"image":{"@id":"https:\/\/novice.si\/page\/celje-investitor-na-sojenju-v-zadevi-braslovska-zemljisca-obrnil-plosco\/#primaryimage"},"thumbnailUrl":"https:\/\/novice.si\/page\/wp-content\/uploads\/2022\/10\/drca-balant-novo22-1.jpg","keywords":["braslov\u0161ka zemlji\u0161\u010da","marko balant","sa\u0161o Kronov\u0161ek","sojenje","vinko dr\u0107a","zasli\u0161anje pri\u010d"],"articleSection":["Celjsko","Kronika"],"inLanguage":"sl-SI"},{"@type":"WebPage","@id":"https:\/\/novice.si\/page\/celje-investitor-na-sojenju-v-zadevi-braslovska-zemljisca-obrnil-plosco\/","url":"https:\/\/novice.si\/page\/celje-investitor-na-sojenju-v-zadevi-braslovska-zemljisca-obrnil-plosco\/","name":"CELJE Investitor na sojenju v zadevi braslov\u0161ka zemlji\u0161\u010da obrnil plo\u0161\u010do - Novice.si","isPartOf":{"@id":"https:\/\/novice.si\/page\/#website"},"primaryImageOfPage":{"@id":"https:\/\/novice.si\/page\/celje-investitor-na-sojenju-v-zadevi-braslovska-zemljisca-obrnil-plosco\/#primaryimage"},"image":{"@id":"https:\/\/novice.si\/page\/celje-investitor-na-sojenju-v-zadevi-braslovska-zemljisca-obrnil-plosco\/#primaryimage"},"thumbnailUrl":"https:\/\/novice.si\/page\/wp-content\/uploads\/2022\/10\/drca-balant-novo22-1.jpg","datePublished":"2022-11-29T17:06:10+00:00","breadcrumb":{"@id":"https:\/\/novice.si\/page\/celje-investitor-na-sojenju-v-zadevi-braslovska-zemljisca-obrnil-plosco\/#breadcrumb"},"inLanguage":"sl-SI","potentialAction":[{"@type":"ReadAction","target":["https:\/\/novice.si\/page\/celje-investitor-na-sojenju-v-zadevi-braslovska-zemljisca-obrnil-plosco\/"]}]},{"@type":"ImageObject","inLanguage":"sl-SI","@id":"https:\/\/novice.si\/page\/celje-investitor-na-sojenju-v-zadevi-braslovska-zemljisca-obrnil-plosco\/#primaryimage","url":"https:\/\/novice.si\/page\/wp-content\/uploads\/2022\/10\/drca-balant-novo22-1.jpg","contentUrl":"https:\/\/novice.si\/page\/wp-content\/uploads\/2022\/10\/drca-balant-novo22-1.jpg","width":1156,"height":867},{"@type":"BreadcrumbList","@id":"https:\/\/novice.si\/page\/celje-investitor-na-sojenju-v-zadevi-braslovska-zemljisca-obrnil-plosco\/#breadcrumb","itemListElement":[{"@type":"ListItem","position":1,"name":"Home","item":"https:\/\/novice.si\/page\/"},{"@type":"ListItem","position":2,"name":"CELJE Investitor na sojenju v zadevi braslov\u0161ka zemlji\u0161\u010da obrnil plo\u0161\u010do"}]},{"@type":"WebSite","@id":"https:\/\/novice.si\/page\/#website","url":"https:\/\/novice.si\/page\/","name":"Novice.si","description":"","publisher":{"@id":"https:\/\/novice.si\/page\/#organization"},"potentialAction":[{"@type":"SearchAction","target":{"@type":"EntryPoint","urlTemplate":"https:\/\/novice.si\/page\/?s={search_term_string}"},"query-input":{"@type":"PropertyValueSpecification","valueRequired":true,"valueName":"search_term_string"}}],"inLanguage":"sl-SI"},{"@type":"Organization","@id":"https:\/\/novice.si\/page\/#organization","name":"Novice.si","url":"https:\/\/novice.si\/page\/","logo":{"@type":"ImageObject","inLanguage":"sl-SI","@id":"https:\/\/novice.si\/page\/#\/schema\/logo\/image\/","url":"https:\/\/novice.si\/page\/wp-content\/uploads\/2023\/03\/novice_si.png","contentUrl":"https:\/\/novice.si\/page\/wp-content\/uploads\/2023\/03\/novice_si.png","width":576,"height":200,"caption":"Novice.si"},"image":{"@id":"https:\/\/novice.si\/page\/#\/schema\/logo\/image\/"}},{"@type":"Person","@id":"https:\/\/novice.si\/page\/#\/schema\/person\/57f25c9642a9541c7349c65d32032c3e","name":"Uredni\u0161tvo Celjana","image":{"@type":"ImageObject","inLanguage":"sl-SI","@id":"https:\/\/secure.gravatar.com\/avatar\/78e52bc4279b65f6df6345e0ef0f7b792d361361f230cf4ffecfe0afe6d5629c?s=96&d=mm&r=g","url":"https:\/\/secure.gravatar.com\/avatar\/78e52bc4279b65f6df6345e0ef0f7b792d361361f230cf4ffecfe0afe6d5629c?s=96&d=mm&r=g","contentUrl":"https:\/\/secure.gravatar.com\/avatar\/78e52bc4279b65f6df6345e0ef0f7b792d361361f230cf4ffecfe0afe6d5629c?s=96&d=mm&r=g","caption":"Uredni\u0161tvo Celjana"},"url":"https:\/\/novice.si\/page\/author\/primoz\/"}]}},"_links":{"self":[{"href":"https:\/\/novice.si\/page\/wp-json\/wp\/v2\/posts\/157237","targetHints":{"allow":["GET"]}}],"collection":[{"href":"https:\/\/novice.si\/page\/wp-json\/wp\/v2\/posts"}],"about":[{"href":"https:\/\/novice.si\/page\/wp-json\/wp\/v2\/types\/post"}],"author":[{"embeddable":true,"href":"https:\/\/novice.si\/page\/wp-json\/wp\/v2\/users\/33"}],"replies":[{"embeddable":true,"href":"https:\/\/novice.si\/page\/wp-json\/wp\/v2\/comments?post=157237"}],"version-history":[{"count":1,"href":"https:\/\/novice.si\/page\/wp-json\/wp\/v2\/posts\/157237\/revisions"}],"predecessor-version":[{"id":157238,"href":"https:\/\/novice.si\/page\/wp-json\/wp\/v2\/posts\/157237\/revisions\/157238"}],"wp:featuredmedia":[{"embeddable":true,"href":"https:\/\/novice.si\/page\/wp-json\/wp\/v2\/media\/155555"}],"wp:attachment":[{"href":"https:\/\/novice.si\/page\/wp-json\/wp\/v2\/media?parent=157237"}],"wp:term":[{"taxonomy":"category","embeddable":true,"href":"https:\/\/novice.si\/page\/wp-json\/wp\/v2\/categories?post=157237"},{"taxonomy":"post_tag","embeddable":true,"href":"https:\/\/novice.si\/page\/wp-json\/wp\/v2\/tags?post=157237"}],"curies":[{"name":"wp","href":"https:\/\/api.w.org\/{rel}","templated":true}]}}