{"id":157233,"date":"2022-11-29T06:46:38","date_gmt":"2022-11-29T05:46:38","guid":{"rendered":"https:\/\/novice.si\/page\/?p=157233"},"modified":"2022-11-30T06:25:41","modified_gmt":"2022-11-30T05:25:41","slug":"slovenske-konjice-umrl-je-stefan-strasek","status":"publish","type":"post","link":"https:\/\/novice.si\/page\/slovenske-konjice-umrl-je-stefan-strasek\/","title":{"rendered":"Slovenske Konjice: Umrl je \u0160tefan Stra\u0161ek"},"content":{"rendered":"<p><strong>Tik preden bi dopolnil 81 let je umrl Konji\u010dan \u0160tefan Stra\u0161ek. Bil je ustanovitelj Mesarstva Stra\u0161ek.<\/strong><\/p>\n<figure id=\"attachment_157234\" aria-describedby=\"caption-attachment-157234\" style=\"width: 220px\" class=\"wp-caption alignleft\"><a href=\"https:\/\/novice.si\/page\/wp-content\/uploads\/2022\/11\/strasek-stefan.jpg\" data-gallery><img loading=\"lazy\" decoding=\"async\" class=\"wp-image-157234 size-medium\" src=\"https:\/\/novice.si\/page\/wp-content\/uploads\/2022\/11\/strasek-stefan-220x300.jpg\" alt=\"\" width=\"220\" height=\"300\" srcset=\"https:\/\/novice.si\/page\/wp-content\/uploads\/2022\/11\/strasek-stefan-220x300.jpg 220w, https:\/\/novice.si\/page\/wp-content\/uploads\/2022\/11\/strasek-stefan-307x420.jpg 307w, https:\/\/novice.si\/page\/wp-content\/uploads\/2022\/11\/strasek-stefan-18x24.jpg 18w, https:\/\/novice.si\/page\/wp-content\/uploads\/2022\/11\/strasek-stefan-26x36.jpg 26w, https:\/\/novice.si\/page\/wp-content\/uploads\/2022\/11\/strasek-stefan-35x48.jpg 35w, https:\/\/novice.si\/page\/wp-content\/uploads\/2022\/11\/strasek-stefan.jpg 464w\" sizes=\"auto, (max-width: 220px) 100vw, 220px\" \/><\/a><figcaption id=\"caption-attachment-157234\" class=\"wp-caption-text\">Foto: arhiv NOVIC<\/figcaption><\/figure>\n<p>Od ustanovitve podjetja leta 1979 je Mesarstvo Stra\u0161ek veljalo za enega najuspe\u0161nej\u0161ih obrtni\u0161kih podjetij na Konji\u0161kem.<br \/>\n\u0160tefan Stra\u0161ek se je rodil v kme\u010dki dru\u017eini s sedmimi otroki. \u017de v rani mladosti se je sre\u010dal z delom, ki ga je oblikovalo in utrdilo, je neko\u010d povedal v intervjuju za NOVICE. Kot mlad fant se je pri stricu v La\u0161kem izu\u010dil za mesarja. Kasneje je nekaj let delal v tujini, se dodatno izobra\u017eeval in se kot poslovodja za nekaj let zaposlil v konji\u0161ki zadrugi. Leta 1979 je ustanovil svoje podjetje, izgradil obrat za predelavo mesa, kasneje pa \u0161e prvo zasebno klavnico pri nas. Poleg mesarstva je imel kmetijo s 110 biki, gostinstvo in trgovino z mesarsko opremo. V letu 1992 je bilo pri njem zaposlenih 56 ljudi. V svojem obdobju je bil edini zasebni lastnik male klavnice v Sloveniji, ki je imela dovoljenje za uvoz in izvoz mesa, in solastnik Celjske klavnice. Mesarstvo Stra\u0161ek je imelo podru\u017enico v Bosni, izva\u017ealo je na celoten nekdanji jugoslovanski trg, bilo eno prvih podjetij v panogi s certifikatom HACCP.<br \/>\n\u017de ob prelomu tiso\u010dletja je Stra\u0161ek za lokalni \u010dasopis NOVICE poudaril, da se pogoji dela v tej dejavnosti z vstopom v Evropsko unijo bistveno spreminjajo in zaostrujejo, zato bo malim zelo te\u017eko pre\u017eiveti. \u017dal se je njegova napoved uresni\u010dila in Konjice so ostale brez uglednega podjetja.<br \/>\n\u0160tefan Stra\u0161ek je bil izjemno deloven in dru\u017ebeno odgovoren \u010dlovek. Znan pa je bil tudi po tem, da si nikoli ni vzel dopusta. (V. M., N. K.)<\/p>\n<p>&nbsp;<\/p>\n","protected":false},"excerpt":{"rendered":"<p>Tik preden bi dopolnil 81 let je umrl Konji\u010dan \u0160tefan Stra\u0161ek. Bil je ustanovitelj Mesarstva Stra\u0161ek. Od ustanovitve podjetja leta 1979 je Mesarstvo Stra\u0161ek veljalo za enega najuspe\u0161nej\u0161ih obrtni\u0161kih podjetij na Konji\u0161kem. \u0160tefan Stra\u0161ek se je rodil v kme\u010dki dru\u017eini s sedmimi otroki. \u017de v rani mladosti se je sre\u010dal z delom, ki ga je [&hellip;]<\/p>\n","protected":false},"author":12,"featured_media":157242,"comment_status":"closed","ping_status":"closed","sticky":false,"template":"","format":"standard","meta":{"footnotes":""},"categories":[14,868,16,141,3108],"tags":[4579,16504],"class_list":{"0":"post-157233","1":"post","2":"type-post","3":"status-publish","4":"format-standard","5":"has-post-thumbnail","7":"category-aktualno","8":"category-casopisi","9":"category-konjisko","10":"category-novice","11":"category-radio-rogla","12":"tag-mesarstvo-strasek","13":"tag-stefan-strasek"},"yoast_head":"<!-- This site is optimized with the Yoast SEO plugin v27.4 - https:\/\/yoast.com\/product\/yoast-seo-wordpress\/ -->\n<title>Slovenske Konjice: Umrl je \u0160tefan Stra\u0161ek - Novice.si<\/title>\n<meta name=\"robots\" content=\"index, follow, max-snippet:-1, max-image-preview:large, max-video-preview:-1\" \/>\n<link rel=\"canonical\" href=\"https:\/\/novice.si\/page\/slovenske-konjice-umrl-je-stefan-strasek\/\" \/>\n<meta property=\"og:locale\" content=\"sl_SI\" \/>\n<meta property=\"og:type\" content=\"article\" \/>\n<meta property=\"og:title\" content=\"Slovenske Konjice: Umrl je \u0160tefan Stra\u0161ek - Novice.si\" \/>\n<meta property=\"og:description\" content=\"Tik preden bi dopolnil 81 let je umrl Konji\u010dan \u0160tefan Stra\u0161ek. Bil je ustanovitelj Mesarstva Stra\u0161ek. Od ustanovitve podjetja leta 1979 je Mesarstvo Stra\u0161ek veljalo za enega najuspe\u0161nej\u0161ih obrtni\u0161kih podjetij na Konji\u0161kem. \u0160tefan Stra\u0161ek se je rodil v kme\u010dki dru\u017eini s sedmimi otroki. \u017de v rani mladosti se je sre\u010dal z delom, ki ga je [&hellip;]\" \/>\n<meta property=\"og:url\" content=\"https:\/\/novice.si\/page\/slovenske-konjice-umrl-je-stefan-strasek\/\" \/>\n<meta property=\"og:site_name\" content=\"Novice.si\" \/>\n<meta property=\"article:published_time\" content=\"2022-11-29T05:46:38+00:00\" \/>\n<meta property=\"article:modified_time\" content=\"2022-11-30T05:25:41+00:00\" \/>\n<meta property=\"og:image\" content=\"https:\/\/novice.si\/page\/wp-content\/uploads\/2022\/11\/strasek-stefan5.jpg\" \/>\n\t<meta property=\"og:image:width\" content=\"1000\" \/>\n\t<meta property=\"og:image:height\" content=\"661\" \/>\n\t<meta property=\"og:image:type\" content=\"image\/jpeg\" \/>\n<meta name=\"author\" content=\"Uredni\u0161tvo Celjana\" \/>\n<meta name=\"twitter:card\" content=\"summary_large_image\" \/>\n<meta name=\"twitter:label1\" content=\"Written by\" \/>\n\t<meta name=\"twitter:data1\" content=\"Uredni\u0161tvo Celjana\" \/>\n\t<meta name=\"twitter:label2\" content=\"Est. reading time\" \/>\n\t<meta name=\"twitter:data2\" content=\"2 minuti\" \/>\n<script type=\"application\/ld+json\" class=\"yoast-schema-graph\">{\"@context\":\"https:\\\/\\\/schema.org\",\"@graph\":[{\"@type\":\"Article\",\"@id\":\"https:\\\/\\\/novice.si\\\/page\\\/slovenske-konjice-umrl-je-stefan-strasek\\\/#article\",\"isPartOf\":{\"@id\":\"https:\\\/\\\/novice.si\\\/page\\\/slovenske-konjice-umrl-je-stefan-strasek\\\/\"},\"author\":{\"name\":\"Uredni\u0161tvo Celjana\",\"@id\":\"https:\\\/\\\/novice.si\\\/page\\\/#\\\/schema\\\/person\\\/51903923b50fefb075bc1cd24fe4d065\"},\"headline\":\"Slovenske Konjice: Umrl je \u0160tefan Stra\u0161ek\",\"datePublished\":\"2022-11-29T05:46:38+00:00\",\"dateModified\":\"2022-11-30T05:25:41+00:00\",\"mainEntityOfPage\":{\"@id\":\"https:\\\/\\\/novice.si\\\/page\\\/slovenske-konjice-umrl-je-stefan-strasek\\\/\"},\"wordCount\":300,\"publisher\":{\"@id\":\"https:\\\/\\\/novice.si\\\/page\\\/#organization\"},\"image\":{\"@id\":\"https:\\\/\\\/novice.si\\\/page\\\/slovenske-konjice-umrl-je-stefan-strasek\\\/#primaryimage\"},\"thumbnailUrl\":\"https:\\\/\\\/novice.si\\\/page\\\/wp-content\\\/uploads\\\/2022\\\/11\\\/strasek-stefan5.jpg\",\"keywords\":[\"mesarstvo stra\u0161ek\",\"\u0161tefan stra\u0161ek\"],\"articleSection\":[\"Aktualno\",\"\u010casopisi\",\"Konji\u0161ko\",\"Novice\",\"Radio Rogla\"],\"inLanguage\":\"sl-SI\"},{\"@type\":\"WebPage\",\"@id\":\"https:\\\/\\\/novice.si\\\/page\\\/slovenske-konjice-umrl-je-stefan-strasek\\\/\",\"url\":\"https:\\\/\\\/novice.si\\\/page\\\/slovenske-konjice-umrl-je-stefan-strasek\\\/\",\"name\":\"Slovenske Konjice: Umrl je \u0160tefan Stra\u0161ek - Novice.si\",\"isPartOf\":{\"@id\":\"https:\\\/\\\/novice.si\\\/page\\\/#website\"},\"primaryImageOfPage\":{\"@id\":\"https:\\\/\\\/novice.si\\\/page\\\/slovenske-konjice-umrl-je-stefan-strasek\\\/#primaryimage\"},\"image\":{\"@id\":\"https:\\\/\\\/novice.si\\\/page\\\/slovenske-konjice-umrl-je-stefan-strasek\\\/#primaryimage\"},\"thumbnailUrl\":\"https:\\\/\\\/novice.si\\\/page\\\/wp-content\\\/uploads\\\/2022\\\/11\\\/strasek-stefan5.jpg\",\"datePublished\":\"2022-11-29T05:46:38+00:00\",\"dateModified\":\"2022-11-30T05:25:41+00:00\",\"breadcrumb\":{\"@id\":\"https:\\\/\\\/novice.si\\\/page\\\/slovenske-konjice-umrl-je-stefan-strasek\\\/#breadcrumb\"},\"inLanguage\":\"sl-SI\",\"potentialAction\":[{\"@type\":\"ReadAction\",\"target\":[\"https:\\\/\\\/novice.si\\\/page\\\/slovenske-konjice-umrl-je-stefan-strasek\\\/\"]}]},{\"@type\":\"ImageObject\",\"inLanguage\":\"sl-SI\",\"@id\":\"https:\\\/\\\/novice.si\\\/page\\\/slovenske-konjice-umrl-je-stefan-strasek\\\/#primaryimage\",\"url\":\"https:\\\/\\\/novice.si\\\/page\\\/wp-content\\\/uploads\\\/2022\\\/11\\\/strasek-stefan5.jpg\",\"contentUrl\":\"https:\\\/\\\/novice.si\\\/page\\\/wp-content\\\/uploads\\\/2022\\\/11\\\/strasek-stefan5.jpg\",\"width\":1000,\"height\":661},{\"@type\":\"BreadcrumbList\",\"@id\":\"https:\\\/\\\/novice.si\\\/page\\\/slovenske-konjice-umrl-je-stefan-strasek\\\/#breadcrumb\",\"itemListElement\":[{\"@type\":\"ListItem\",\"position\":1,\"name\":\"Home\",\"item\":\"https:\\\/\\\/novice.si\\\/page\\\/\"},{\"@type\":\"ListItem\",\"position\":2,\"name\":\"Slovenske Konjice: Umrl je \u0160tefan Stra\u0161ek\"}]},{\"@type\":\"WebSite\",\"@id\":\"https:\\\/\\\/novice.si\\\/page\\\/#website\",\"url\":\"https:\\\/\\\/novice.si\\\/page\\\/\",\"name\":\"Novice.si\",\"description\":\"\",\"publisher\":{\"@id\":\"https:\\\/\\\/novice.si\\\/page\\\/#organization\"},\"potentialAction\":[{\"@type\":\"SearchAction\",\"target\":{\"@type\":\"EntryPoint\",\"urlTemplate\":\"https:\\\/\\\/novice.si\\\/page\\\/?s={search_term_string}\"},\"query-input\":{\"@type\":\"PropertyValueSpecification\",\"valueRequired\":true,\"valueName\":\"search_term_string\"}}],\"inLanguage\":\"sl-SI\"},{\"@type\":\"Organization\",\"@id\":\"https:\\\/\\\/novice.si\\\/page\\\/#organization\",\"name\":\"Novice.si\",\"url\":\"https:\\\/\\\/novice.si\\\/page\\\/\",\"logo\":{\"@type\":\"ImageObject\",\"inLanguage\":\"sl-SI\",\"@id\":\"https:\\\/\\\/novice.si\\\/page\\\/#\\\/schema\\\/logo\\\/image\\\/\",\"url\":\"https:\\\/\\\/novice.si\\\/page\\\/wp-content\\\/uploads\\\/2023\\\/03\\\/novice_si.png\",\"contentUrl\":\"https:\\\/\\\/novice.si\\\/page\\\/wp-content\\\/uploads\\\/2023\\\/03\\\/novice_si.png\",\"width\":576,\"height\":200,\"caption\":\"Novice.si\"},\"image\":{\"@id\":\"https:\\\/\\\/novice.si\\\/page\\\/#\\\/schema\\\/logo\\\/image\\\/\"}},{\"@type\":\"Person\",\"@id\":\"https:\\\/\\\/novice.si\\\/page\\\/#\\\/schema\\\/person\\\/51903923b50fefb075bc1cd24fe4d065\",\"name\":\"Uredni\u0161tvo Celjana\",\"image\":{\"@type\":\"ImageObject\",\"inLanguage\":\"sl-SI\",\"@id\":\"https:\\\/\\\/secure.gravatar.com\\\/avatar\\\/b516f102aa90b53619e09722b8ea56721c99bfcb4f1035f9b333d99f52330226?s=96&d=mm&r=g\",\"url\":\"https:\\\/\\\/secure.gravatar.com\\\/avatar\\\/b516f102aa90b53619e09722b8ea56721c99bfcb4f1035f9b333d99f52330226?s=96&d=mm&r=g\",\"contentUrl\":\"https:\\\/\\\/secure.gravatar.com\\\/avatar\\\/b516f102aa90b53619e09722b8ea56721c99bfcb4f1035f9b333d99f52330226?s=96&d=mm&r=g\",\"caption\":\"Uredni\u0161tvo Celjana\"},\"url\":\"https:\\\/\\\/novice.si\\\/page\\\/author\\\/nejc\\\/\"}]}<\/script>\n<!-- \/ Yoast SEO plugin. -->","yoast_head_json":{"title":"Slovenske Konjice: Umrl je \u0160tefan Stra\u0161ek - Novice.si","robots":{"index":"index","follow":"follow","max-snippet":"max-snippet:-1","max-image-preview":"max-image-preview:large","max-video-preview":"max-video-preview:-1"},"canonical":"https:\/\/novice.si\/page\/slovenske-konjice-umrl-je-stefan-strasek\/","og_locale":"sl_SI","og_type":"article","og_title":"Slovenske Konjice: Umrl je \u0160tefan Stra\u0161ek - Novice.si","og_description":"Tik preden bi dopolnil 81 let je umrl Konji\u010dan \u0160tefan Stra\u0161ek. Bil je ustanovitelj Mesarstva Stra\u0161ek. Od ustanovitve podjetja leta 1979 je Mesarstvo Stra\u0161ek veljalo za enega najuspe\u0161nej\u0161ih obrtni\u0161kih podjetij na Konji\u0161kem. \u0160tefan Stra\u0161ek se je rodil v kme\u010dki dru\u017eini s sedmimi otroki. \u017de v rani mladosti se je sre\u010dal z delom, ki ga je [&hellip;]","og_url":"https:\/\/novice.si\/page\/slovenske-konjice-umrl-je-stefan-strasek\/","og_site_name":"Novice.si","article_published_time":"2022-11-29T05:46:38+00:00","article_modified_time":"2022-11-30T05:25:41+00:00","og_image":[{"width":1000,"height":661,"url":"https:\/\/novice.si\/page\/wp-content\/uploads\/2022\/11\/strasek-stefan5.jpg","type":"image\/jpeg"}],"author":"Uredni\u0161tvo Celjana","twitter_card":"summary_large_image","twitter_misc":{"Written by":"Uredni\u0161tvo Celjana","Est. reading time":"2 minuti"},"schema":{"@context":"https:\/\/schema.org","@graph":[{"@type":"Article","@id":"https:\/\/novice.si\/page\/slovenske-konjice-umrl-je-stefan-strasek\/#article","isPartOf":{"@id":"https:\/\/novice.si\/page\/slovenske-konjice-umrl-je-stefan-strasek\/"},"author":{"name":"Uredni\u0161tvo Celjana","@id":"https:\/\/novice.si\/page\/#\/schema\/person\/51903923b50fefb075bc1cd24fe4d065"},"headline":"Slovenske Konjice: Umrl je \u0160tefan Stra\u0161ek","datePublished":"2022-11-29T05:46:38+00:00","dateModified":"2022-11-30T05:25:41+00:00","mainEntityOfPage":{"@id":"https:\/\/novice.si\/page\/slovenske-konjice-umrl-je-stefan-strasek\/"},"wordCount":300,"publisher":{"@id":"https:\/\/novice.si\/page\/#organization"},"image":{"@id":"https:\/\/novice.si\/page\/slovenske-konjice-umrl-je-stefan-strasek\/#primaryimage"},"thumbnailUrl":"https:\/\/novice.si\/page\/wp-content\/uploads\/2022\/11\/strasek-stefan5.jpg","keywords":["mesarstvo stra\u0161ek","\u0161tefan stra\u0161ek"],"articleSection":["Aktualno","\u010casopisi","Konji\u0161ko","Novice","Radio Rogla"],"inLanguage":"sl-SI"},{"@type":"WebPage","@id":"https:\/\/novice.si\/page\/slovenske-konjice-umrl-je-stefan-strasek\/","url":"https:\/\/novice.si\/page\/slovenske-konjice-umrl-je-stefan-strasek\/","name":"Slovenske Konjice: Umrl je \u0160tefan Stra\u0161ek - Novice.si","isPartOf":{"@id":"https:\/\/novice.si\/page\/#website"},"primaryImageOfPage":{"@id":"https:\/\/novice.si\/page\/slovenske-konjice-umrl-je-stefan-strasek\/#primaryimage"},"image":{"@id":"https:\/\/novice.si\/page\/slovenske-konjice-umrl-je-stefan-strasek\/#primaryimage"},"thumbnailUrl":"https:\/\/novice.si\/page\/wp-content\/uploads\/2022\/11\/strasek-stefan5.jpg","datePublished":"2022-11-29T05:46:38+00:00","dateModified":"2022-11-30T05:25:41+00:00","breadcrumb":{"@id":"https:\/\/novice.si\/page\/slovenske-konjice-umrl-je-stefan-strasek\/#breadcrumb"},"inLanguage":"sl-SI","potentialAction":[{"@type":"ReadAction","target":["https:\/\/novice.si\/page\/slovenske-konjice-umrl-je-stefan-strasek\/"]}]},{"@type":"ImageObject","inLanguage":"sl-SI","@id":"https:\/\/novice.si\/page\/slovenske-konjice-umrl-je-stefan-strasek\/#primaryimage","url":"https:\/\/novice.si\/page\/wp-content\/uploads\/2022\/11\/strasek-stefan5.jpg","contentUrl":"https:\/\/novice.si\/page\/wp-content\/uploads\/2022\/11\/strasek-stefan5.jpg","width":1000,"height":661},{"@type":"BreadcrumbList","@id":"https:\/\/novice.si\/page\/slovenske-konjice-umrl-je-stefan-strasek\/#breadcrumb","itemListElement":[{"@type":"ListItem","position":1,"name":"Home","item":"https:\/\/novice.si\/page\/"},{"@type":"ListItem","position":2,"name":"Slovenske Konjice: Umrl je \u0160tefan Stra\u0161ek"}]},{"@type":"WebSite","@id":"https:\/\/novice.si\/page\/#website","url":"https:\/\/novice.si\/page\/","name":"Novice.si","description":"","publisher":{"@id":"https:\/\/novice.si\/page\/#organization"},"potentialAction":[{"@type":"SearchAction","target":{"@type":"EntryPoint","urlTemplate":"https:\/\/novice.si\/page\/?s={search_term_string}"},"query-input":{"@type":"PropertyValueSpecification","valueRequired":true,"valueName":"search_term_string"}}],"inLanguage":"sl-SI"},{"@type":"Organization","@id":"https:\/\/novice.si\/page\/#organization","name":"Novice.si","url":"https:\/\/novice.si\/page\/","logo":{"@type":"ImageObject","inLanguage":"sl-SI","@id":"https:\/\/novice.si\/page\/#\/schema\/logo\/image\/","url":"https:\/\/novice.si\/page\/wp-content\/uploads\/2023\/03\/novice_si.png","contentUrl":"https:\/\/novice.si\/page\/wp-content\/uploads\/2023\/03\/novice_si.png","width":576,"height":200,"caption":"Novice.si"},"image":{"@id":"https:\/\/novice.si\/page\/#\/schema\/logo\/image\/"}},{"@type":"Person","@id":"https:\/\/novice.si\/page\/#\/schema\/person\/51903923b50fefb075bc1cd24fe4d065","name":"Uredni\u0161tvo Celjana","image":{"@type":"ImageObject","inLanguage":"sl-SI","@id":"https:\/\/secure.gravatar.com\/avatar\/b516f102aa90b53619e09722b8ea56721c99bfcb4f1035f9b333d99f52330226?s=96&d=mm&r=g","url":"https:\/\/secure.gravatar.com\/avatar\/b516f102aa90b53619e09722b8ea56721c99bfcb4f1035f9b333d99f52330226?s=96&d=mm&r=g","contentUrl":"https:\/\/secure.gravatar.com\/avatar\/b516f102aa90b53619e09722b8ea56721c99bfcb4f1035f9b333d99f52330226?s=96&d=mm&r=g","caption":"Uredni\u0161tvo Celjana"},"url":"https:\/\/novice.si\/page\/author\/nejc\/"}]}},"_links":{"self":[{"href":"https:\/\/novice.si\/page\/wp-json\/wp\/v2\/posts\/157233","targetHints":{"allow":["GET"]}}],"collection":[{"href":"https:\/\/novice.si\/page\/wp-json\/wp\/v2\/posts"}],"about":[{"href":"https:\/\/novice.si\/page\/wp-json\/wp\/v2\/types\/post"}],"author":[{"embeddable":true,"href":"https:\/\/novice.si\/page\/wp-json\/wp\/v2\/users\/12"}],"replies":[{"embeddable":true,"href":"https:\/\/novice.si\/page\/wp-json\/wp\/v2\/comments?post=157233"}],"version-history":[{"count":1,"href":"https:\/\/novice.si\/page\/wp-json\/wp\/v2\/posts\/157233\/revisions"}],"predecessor-version":[{"id":157235,"href":"https:\/\/novice.si\/page\/wp-json\/wp\/v2\/posts\/157233\/revisions\/157235"}],"wp:featuredmedia":[{"embeddable":true,"href":"https:\/\/novice.si\/page\/wp-json\/wp\/v2\/media\/157242"}],"wp:attachment":[{"href":"https:\/\/novice.si\/page\/wp-json\/wp\/v2\/media?parent=157233"}],"wp:term":[{"taxonomy":"category","embeddable":true,"href":"https:\/\/novice.si\/page\/wp-json\/wp\/v2\/categories?post=157233"},{"taxonomy":"post_tag","embeddable":true,"href":"https:\/\/novice.si\/page\/wp-json\/wp\/v2\/tags?post=157233"}],"curies":[{"name":"wp","href":"https:\/\/api.w.org\/{rel}","templated":true}]}}