{"id":157216,"date":"2022-11-28T13:24:22","date_gmt":"2022-11-28T12:24:22","guid":{"rendered":"https:\/\/novice.si\/page\/?p=157216"},"modified":"2022-11-28T13:24:22","modified_gmt":"2022-11-28T12:24:22","slug":"celje-s-konjice-brez-obtozenega-andreja-straska-zaslisali-zdravka-podolskega","status":"publish","type":"post","link":"https:\/\/novice.si\/page\/celje-s-konjice-brez-obtozenega-andreja-straska-zaslisali-zdravka-podolskega\/","title":{"rendered":"CELJE S. KONJICE Brez obto\u017eenega Andreja Stra\u0161ka zasli\u0161ali Zdravka Podolskega"},"content":{"rendered":"<p>Celjsko sodi\u0161\u010de je v nenavzo\u010dnosti obto\u017eenega <strong>Andreja Stra\u0161ka<\/strong>, ki je z dopoldanskega naroka izostal zaradi smrti v dru\u017eini, nadaljevalo sojenje za o\u010ditano mu poslovno goljufijo.<\/p>\n<p><a href=\"https:\/\/novice.si\/page\/wp-content\/uploads\/2022\/04\/strasek-sodba-3.jpg\" data-gallery><img loading=\"lazy\" decoding=\"async\" class=\" wp-image-149100 alignleft\" src=\"https:\/\/novice.si\/page\/wp-content\/uploads\/2022\/04\/strasek-sodba-3-300x229.jpg\" alt=\"\" width=\"380\" height=\"290\" srcset=\"https:\/\/novice.si\/page\/wp-content\/uploads\/2022\/04\/strasek-sodba-3-300x229.jpg 300w, https:\/\/novice.si\/page\/wp-content\/uploads\/2022\/04\/strasek-sodba-3-1024x780.jpg 1024w, https:\/\/novice.si\/page\/wp-content\/uploads\/2022\/04\/strasek-sodba-3-768x585.jpg 768w, https:\/\/novice.si\/page\/wp-content\/uploads\/2022\/04\/strasek-sodba-3-1536x1171.jpg 1536w, https:\/\/novice.si\/page\/wp-content\/uploads\/2022\/04\/strasek-sodba-3-2048x1561.jpg 2048w, https:\/\/novice.si\/page\/wp-content\/uploads\/2022\/04\/strasek-sodba-3-80x60.jpg 80w, https:\/\/novice.si\/page\/wp-content\/uploads\/2022\/04\/strasek-sodba-3-696x530.jpg 696w, https:\/\/novice.si\/page\/wp-content\/uploads\/2022\/04\/strasek-sodba-3-1068x814.jpg 1068w, https:\/\/novice.si\/page\/wp-content\/uploads\/2022\/04\/strasek-sodba-3-551x420.jpg 551w, https:\/\/novice.si\/page\/wp-content\/uploads\/2022\/04\/strasek-sodba-3-24x18.jpg 24w, https:\/\/novice.si\/page\/wp-content\/uploads\/2022\/04\/strasek-sodba-3-36x27.jpg 36w, https:\/\/novice.si\/page\/wp-content\/uploads\/2022\/04\/strasek-sodba-3-48x37.jpg 48w\" sizes=\"auto, (max-width: 380px) 100vw, 380px\" \/><\/a>Tokrat nekdanjega konji\u0161kega podjetnika in direktorja propadlega Mesarstva Stra\u0161ek obto\u017eujejo, da je preslepil hrva\u0161ko podjetje Krolid iz Kri\u017eevcev, ker leta 2017 ni poravnal 4000 evrov preostanka kupnine za komoro.<\/p>\n<p>Zaradi nastalih okoli\u0161\u010din je sodnica <strong>Barbara \u017dumer Kunc<\/strong> zasli\u0161anje lastnika o\u0161kodovane dru\u017ebe <strong>Zdravka Podolskega<\/strong> opravila izven glavne obravnave.<\/p>\n<p>Po pri\u010dakovanju je Podolski govoril povsem druga\u010de od Stra\u0161ka. Tako naj bi pla\u010dilo devetih tiso\u010dakov gotovinskega avansa predlagal obto\u017eeni, saj da je potreboval predra\u010dun za najem kredita, vnaprej naj bi povedal, da tega zneska ne bo v poslovnih knjigah.<\/p>\n<p>Stra\u0161ek naj bi nato pla\u010dilo preostanka za\u010del pogojevati z izstavitvijo ra\u010duna na celotno vrednost nabave, torej na 13.000 evrov, Podolski pa pravi, da tega \u0161e ni sli\u0161al, da je pa je sam ve\u010dkrat pozival obto\u017eenca k popla\u010dilu, a se mu ni ogla\u0161al.<\/p>\n<p>Sodi\u0161\u010de bo naslednji narok opravilo 19. decembra.<\/p>\n<p><em>Ve\u010d preberite v Novicah.<\/em><\/p>\n<p>P\u0160<\/p>\n","protected":false},"excerpt":{"rendered":"<p>Celjsko sodi\u0161\u010de je v nenavzo\u010dnosti obto\u017eenega Andreja Stra\u0161ka, ki je z dopoldanskega naroka izostal zaradi smrti v dru\u017eini, nadaljevalo sojenje za o\u010ditano mu poslovno goljufijo. Tokrat nekdanjega konji\u0161kega podjetnika in direktorja propadlega Mesarstva Stra\u0161ek obto\u017eujejo, da je preslepil hrva\u0161ko podjetje Krolid iz Kri\u017eevcev, ker leta 2017 ni poravnal 4000 evrov preostanka kupnine za komoro. Zaradi [&hellip;]<\/p>\n","protected":false},"author":33,"featured_media":151870,"comment_status":"closed","ping_status":"closed","sticky":false,"template":"","format":"standard","meta":{"footnotes":""},"categories":[14,17,16,29],"tags":[9729,11875,15339,4579,4127,356,15340],"class_list":{"0":"post-157216","1":"post","2":"type-post","3":"status-publish","4":"format-standard","5":"has-post-thumbnail","7":"category-aktualno","8":"category-celjsko","9":"category-konjisko","10":"category-kronika","11":"tag-andrej-strasek","12":"tag-barbara-zumer-kunc","13":"tag-krolid","14":"tag-mesarstvo-strasek","15":"tag-poslovna-goljufija","16":"tag-sojenje","17":"tag-zdravko-podolski"},"yoast_head":"<!-- This site is optimized with the Yoast SEO plugin v27.4 - https:\/\/yoast.com\/product\/yoast-seo-wordpress\/ -->\n<title>CELJE S. KONJICE Brez obto\u017eenega Andreja Stra\u0161ka zasli\u0161ali Zdravka Podolskega - Novice.si<\/title>\n<meta name=\"robots\" content=\"index, follow, max-snippet:-1, max-image-preview:large, max-video-preview:-1\" \/>\n<link rel=\"canonical\" href=\"https:\/\/novice.si\/page\/celje-s-konjice-brez-obtozenega-andreja-straska-zaslisali-zdravka-podolskega\/\" \/>\n<meta property=\"og:locale\" content=\"sl_SI\" \/>\n<meta property=\"og:type\" content=\"article\" \/>\n<meta property=\"og:title\" content=\"CELJE S. KONJICE Brez obto\u017eenega Andreja Stra\u0161ka zasli\u0161ali Zdravka Podolskega - Novice.si\" \/>\n<meta property=\"og:description\" content=\"Celjsko sodi\u0161\u010de je v nenavzo\u010dnosti obto\u017eenega Andreja Stra\u0161ka, ki je z dopoldanskega naroka izostal zaradi smrti v dru\u017eini, nadaljevalo sojenje za o\u010ditano mu poslovno goljufijo. Tokrat nekdanjega konji\u0161kega podjetnika in direktorja propadlega Mesarstva Stra\u0161ek obto\u017eujejo, da je preslepil hrva\u0161ko podjetje Krolid iz Kri\u017eevcev, ker leta 2017 ni poravnal 4000 evrov preostanka kupnine za komoro. Zaradi [&hellip;]\" \/>\n<meta property=\"og:url\" content=\"https:\/\/novice.si\/page\/celje-s-konjice-brez-obtozenega-andreja-straska-zaslisali-zdravka-podolskega\/\" \/>\n<meta property=\"og:site_name\" content=\"Novice.si\" \/>\n<meta property=\"article:published_time\" content=\"2022-11-28T12:24:22+00:00\" \/>\n<meta property=\"og:image\" content=\"https:\/\/novice.si\/page\/wp-content\/uploads\/2022\/07\/strasek-frolid-3.jpg\" \/>\n\t<meta property=\"og:image:width\" content=\"1635\" \/>\n\t<meta property=\"og:image:height\" content=\"1394\" \/>\n\t<meta property=\"og:image:type\" content=\"image\/jpeg\" \/>\n<meta name=\"author\" content=\"Uredni\u0161tvo Celjana\" \/>\n<meta name=\"twitter:card\" content=\"summary_large_image\" \/>\n<meta name=\"twitter:label1\" content=\"Written by\" \/>\n\t<meta name=\"twitter:data1\" content=\"Uredni\u0161tvo Celjana\" \/>\n\t<meta name=\"twitter:label2\" content=\"Est. reading time\" \/>\n\t<meta name=\"twitter:data2\" content=\"2 minuti\" \/>\n<script type=\"application\/ld+json\" class=\"yoast-schema-graph\">{\"@context\":\"https:\\\/\\\/schema.org\",\"@graph\":[{\"@type\":\"Article\",\"@id\":\"https:\\\/\\\/novice.si\\\/page\\\/celje-s-konjice-brez-obtozenega-andreja-straska-zaslisali-zdravka-podolskega\\\/#article\",\"isPartOf\":{\"@id\":\"https:\\\/\\\/novice.si\\\/page\\\/celje-s-konjice-brez-obtozenega-andreja-straska-zaslisali-zdravka-podolskega\\\/\"},\"author\":{\"name\":\"Uredni\u0161tvo Celjana\",\"@id\":\"https:\\\/\\\/novice.si\\\/page\\\/#\\\/schema\\\/person\\\/57f25c9642a9541c7349c65d32032c3e\"},\"headline\":\"CELJE S. KONJICE Brez obto\u017eenega Andreja Stra\u0161ka zasli\u0161ali Zdravka Podolskega\",\"datePublished\":\"2022-11-28T12:24:22+00:00\",\"mainEntityOfPage\":{\"@id\":\"https:\\\/\\\/novice.si\\\/page\\\/celje-s-konjice-brez-obtozenega-andreja-straska-zaslisali-zdravka-podolskega\\\/\"},\"wordCount\":206,\"publisher\":{\"@id\":\"https:\\\/\\\/novice.si\\\/page\\\/#organization\"},\"image\":{\"@id\":\"https:\\\/\\\/novice.si\\\/page\\\/celje-s-konjice-brez-obtozenega-andreja-straska-zaslisali-zdravka-podolskega\\\/#primaryimage\"},\"thumbnailUrl\":\"https:\\\/\\\/novice.si\\\/page\\\/wp-content\\\/uploads\\\/2022\\\/07\\\/strasek-frolid-3.jpg\",\"keywords\":[\"andrej stra\u0161ek\",\"barbara \u017eumer kunc\",\"Krolid\",\"mesarstvo stra\u0161ek\",\"poslovna goljufija\",\"sojenje\",\"zdravko podolski\"],\"articleSection\":[\"Aktualno\",\"Celjsko\",\"Konji\u0161ko\",\"Kronika\"],\"inLanguage\":\"sl-SI\"},{\"@type\":\"WebPage\",\"@id\":\"https:\\\/\\\/novice.si\\\/page\\\/celje-s-konjice-brez-obtozenega-andreja-straska-zaslisali-zdravka-podolskega\\\/\",\"url\":\"https:\\\/\\\/novice.si\\\/page\\\/celje-s-konjice-brez-obtozenega-andreja-straska-zaslisali-zdravka-podolskega\\\/\",\"name\":\"CELJE S. KONJICE Brez obto\u017eenega Andreja Stra\u0161ka zasli\u0161ali Zdravka Podolskega - Novice.si\",\"isPartOf\":{\"@id\":\"https:\\\/\\\/novice.si\\\/page\\\/#website\"},\"primaryImageOfPage\":{\"@id\":\"https:\\\/\\\/novice.si\\\/page\\\/celje-s-konjice-brez-obtozenega-andreja-straska-zaslisali-zdravka-podolskega\\\/#primaryimage\"},\"image\":{\"@id\":\"https:\\\/\\\/novice.si\\\/page\\\/celje-s-konjice-brez-obtozenega-andreja-straska-zaslisali-zdravka-podolskega\\\/#primaryimage\"},\"thumbnailUrl\":\"https:\\\/\\\/novice.si\\\/page\\\/wp-content\\\/uploads\\\/2022\\\/07\\\/strasek-frolid-3.jpg\",\"datePublished\":\"2022-11-28T12:24:22+00:00\",\"breadcrumb\":{\"@id\":\"https:\\\/\\\/novice.si\\\/page\\\/celje-s-konjice-brez-obtozenega-andreja-straska-zaslisali-zdravka-podolskega\\\/#breadcrumb\"},\"inLanguage\":\"sl-SI\",\"potentialAction\":[{\"@type\":\"ReadAction\",\"target\":[\"https:\\\/\\\/novice.si\\\/page\\\/celje-s-konjice-brez-obtozenega-andreja-straska-zaslisali-zdravka-podolskega\\\/\"]}]},{\"@type\":\"ImageObject\",\"inLanguage\":\"sl-SI\",\"@id\":\"https:\\\/\\\/novice.si\\\/page\\\/celje-s-konjice-brez-obtozenega-andreja-straska-zaslisali-zdravka-podolskega\\\/#primaryimage\",\"url\":\"https:\\\/\\\/novice.si\\\/page\\\/wp-content\\\/uploads\\\/2022\\\/07\\\/strasek-frolid-3.jpg\",\"contentUrl\":\"https:\\\/\\\/novice.si\\\/page\\\/wp-content\\\/uploads\\\/2022\\\/07\\\/strasek-frolid-3.jpg\",\"width\":1635,\"height\":1394},{\"@type\":\"BreadcrumbList\",\"@id\":\"https:\\\/\\\/novice.si\\\/page\\\/celje-s-konjice-brez-obtozenega-andreja-straska-zaslisali-zdravka-podolskega\\\/#breadcrumb\",\"itemListElement\":[{\"@type\":\"ListItem\",\"position\":1,\"name\":\"Home\",\"item\":\"https:\\\/\\\/novice.si\\\/page\\\/\"},{\"@type\":\"ListItem\",\"position\":2,\"name\":\"CELJE S. KONJICE Brez obto\u017eenega Andreja Stra\u0161ka zasli\u0161ali Zdravka Podolskega\"}]},{\"@type\":\"WebSite\",\"@id\":\"https:\\\/\\\/novice.si\\\/page\\\/#website\",\"url\":\"https:\\\/\\\/novice.si\\\/page\\\/\",\"name\":\"Novice.si\",\"description\":\"\",\"publisher\":{\"@id\":\"https:\\\/\\\/novice.si\\\/page\\\/#organization\"},\"potentialAction\":[{\"@type\":\"SearchAction\",\"target\":{\"@type\":\"EntryPoint\",\"urlTemplate\":\"https:\\\/\\\/novice.si\\\/page\\\/?s={search_term_string}\"},\"query-input\":{\"@type\":\"PropertyValueSpecification\",\"valueRequired\":true,\"valueName\":\"search_term_string\"}}],\"inLanguage\":\"sl-SI\"},{\"@type\":\"Organization\",\"@id\":\"https:\\\/\\\/novice.si\\\/page\\\/#organization\",\"name\":\"Novice.si\",\"url\":\"https:\\\/\\\/novice.si\\\/page\\\/\",\"logo\":{\"@type\":\"ImageObject\",\"inLanguage\":\"sl-SI\",\"@id\":\"https:\\\/\\\/novice.si\\\/page\\\/#\\\/schema\\\/logo\\\/image\\\/\",\"url\":\"https:\\\/\\\/novice.si\\\/page\\\/wp-content\\\/uploads\\\/2023\\\/03\\\/novice_si.png\",\"contentUrl\":\"https:\\\/\\\/novice.si\\\/page\\\/wp-content\\\/uploads\\\/2023\\\/03\\\/novice_si.png\",\"width\":576,\"height\":200,\"caption\":\"Novice.si\"},\"image\":{\"@id\":\"https:\\\/\\\/novice.si\\\/page\\\/#\\\/schema\\\/logo\\\/image\\\/\"}},{\"@type\":\"Person\",\"@id\":\"https:\\\/\\\/novice.si\\\/page\\\/#\\\/schema\\\/person\\\/57f25c9642a9541c7349c65d32032c3e\",\"name\":\"Uredni\u0161tvo Celjana\",\"image\":{\"@type\":\"ImageObject\",\"inLanguage\":\"sl-SI\",\"@id\":\"https:\\\/\\\/secure.gravatar.com\\\/avatar\\\/78e52bc4279b65f6df6345e0ef0f7b792d361361f230cf4ffecfe0afe6d5629c?s=96&d=mm&r=g\",\"url\":\"https:\\\/\\\/secure.gravatar.com\\\/avatar\\\/78e52bc4279b65f6df6345e0ef0f7b792d361361f230cf4ffecfe0afe6d5629c?s=96&d=mm&r=g\",\"contentUrl\":\"https:\\\/\\\/secure.gravatar.com\\\/avatar\\\/78e52bc4279b65f6df6345e0ef0f7b792d361361f230cf4ffecfe0afe6d5629c?s=96&d=mm&r=g\",\"caption\":\"Uredni\u0161tvo Celjana\"},\"url\":\"https:\\\/\\\/novice.si\\\/page\\\/author\\\/primoz\\\/\"}]}<\/script>\n<!-- \/ Yoast SEO plugin. -->","yoast_head_json":{"title":"CELJE S. KONJICE Brez obto\u017eenega Andreja Stra\u0161ka zasli\u0161ali Zdravka Podolskega - Novice.si","robots":{"index":"index","follow":"follow","max-snippet":"max-snippet:-1","max-image-preview":"max-image-preview:large","max-video-preview":"max-video-preview:-1"},"canonical":"https:\/\/novice.si\/page\/celje-s-konjice-brez-obtozenega-andreja-straska-zaslisali-zdravka-podolskega\/","og_locale":"sl_SI","og_type":"article","og_title":"CELJE S. KONJICE Brez obto\u017eenega Andreja Stra\u0161ka zasli\u0161ali Zdravka Podolskega - Novice.si","og_description":"Celjsko sodi\u0161\u010de je v nenavzo\u010dnosti obto\u017eenega Andreja Stra\u0161ka, ki je z dopoldanskega naroka izostal zaradi smrti v dru\u017eini, nadaljevalo sojenje za o\u010ditano mu poslovno goljufijo. Tokrat nekdanjega konji\u0161kega podjetnika in direktorja propadlega Mesarstva Stra\u0161ek obto\u017eujejo, da je preslepil hrva\u0161ko podjetje Krolid iz Kri\u017eevcev, ker leta 2017 ni poravnal 4000 evrov preostanka kupnine za komoro. Zaradi [&hellip;]","og_url":"https:\/\/novice.si\/page\/celje-s-konjice-brez-obtozenega-andreja-straska-zaslisali-zdravka-podolskega\/","og_site_name":"Novice.si","article_published_time":"2022-11-28T12:24:22+00:00","og_image":[{"width":1635,"height":1394,"url":"https:\/\/novice.si\/page\/wp-content\/uploads\/2022\/07\/strasek-frolid-3.jpg","type":"image\/jpeg"}],"author":"Uredni\u0161tvo Celjana","twitter_card":"summary_large_image","twitter_misc":{"Written by":"Uredni\u0161tvo Celjana","Est. reading time":"2 minuti"},"schema":{"@context":"https:\/\/schema.org","@graph":[{"@type":"Article","@id":"https:\/\/novice.si\/page\/celje-s-konjice-brez-obtozenega-andreja-straska-zaslisali-zdravka-podolskega\/#article","isPartOf":{"@id":"https:\/\/novice.si\/page\/celje-s-konjice-brez-obtozenega-andreja-straska-zaslisali-zdravka-podolskega\/"},"author":{"name":"Uredni\u0161tvo Celjana","@id":"https:\/\/novice.si\/page\/#\/schema\/person\/57f25c9642a9541c7349c65d32032c3e"},"headline":"CELJE S. KONJICE Brez obto\u017eenega Andreja Stra\u0161ka zasli\u0161ali Zdravka Podolskega","datePublished":"2022-11-28T12:24:22+00:00","mainEntityOfPage":{"@id":"https:\/\/novice.si\/page\/celje-s-konjice-brez-obtozenega-andreja-straska-zaslisali-zdravka-podolskega\/"},"wordCount":206,"publisher":{"@id":"https:\/\/novice.si\/page\/#organization"},"image":{"@id":"https:\/\/novice.si\/page\/celje-s-konjice-brez-obtozenega-andreja-straska-zaslisali-zdravka-podolskega\/#primaryimage"},"thumbnailUrl":"https:\/\/novice.si\/page\/wp-content\/uploads\/2022\/07\/strasek-frolid-3.jpg","keywords":["andrej stra\u0161ek","barbara \u017eumer kunc","Krolid","mesarstvo stra\u0161ek","poslovna goljufija","sojenje","zdravko podolski"],"articleSection":["Aktualno","Celjsko","Konji\u0161ko","Kronika"],"inLanguage":"sl-SI"},{"@type":"WebPage","@id":"https:\/\/novice.si\/page\/celje-s-konjice-brez-obtozenega-andreja-straska-zaslisali-zdravka-podolskega\/","url":"https:\/\/novice.si\/page\/celje-s-konjice-brez-obtozenega-andreja-straska-zaslisali-zdravka-podolskega\/","name":"CELJE S. KONJICE Brez obto\u017eenega Andreja Stra\u0161ka zasli\u0161ali Zdravka Podolskega - Novice.si","isPartOf":{"@id":"https:\/\/novice.si\/page\/#website"},"primaryImageOfPage":{"@id":"https:\/\/novice.si\/page\/celje-s-konjice-brez-obtozenega-andreja-straska-zaslisali-zdravka-podolskega\/#primaryimage"},"image":{"@id":"https:\/\/novice.si\/page\/celje-s-konjice-brez-obtozenega-andreja-straska-zaslisali-zdravka-podolskega\/#primaryimage"},"thumbnailUrl":"https:\/\/novice.si\/page\/wp-content\/uploads\/2022\/07\/strasek-frolid-3.jpg","datePublished":"2022-11-28T12:24:22+00:00","breadcrumb":{"@id":"https:\/\/novice.si\/page\/celje-s-konjice-brez-obtozenega-andreja-straska-zaslisali-zdravka-podolskega\/#breadcrumb"},"inLanguage":"sl-SI","potentialAction":[{"@type":"ReadAction","target":["https:\/\/novice.si\/page\/celje-s-konjice-brez-obtozenega-andreja-straska-zaslisali-zdravka-podolskega\/"]}]},{"@type":"ImageObject","inLanguage":"sl-SI","@id":"https:\/\/novice.si\/page\/celje-s-konjice-brez-obtozenega-andreja-straska-zaslisali-zdravka-podolskega\/#primaryimage","url":"https:\/\/novice.si\/page\/wp-content\/uploads\/2022\/07\/strasek-frolid-3.jpg","contentUrl":"https:\/\/novice.si\/page\/wp-content\/uploads\/2022\/07\/strasek-frolid-3.jpg","width":1635,"height":1394},{"@type":"BreadcrumbList","@id":"https:\/\/novice.si\/page\/celje-s-konjice-brez-obtozenega-andreja-straska-zaslisali-zdravka-podolskega\/#breadcrumb","itemListElement":[{"@type":"ListItem","position":1,"name":"Home","item":"https:\/\/novice.si\/page\/"},{"@type":"ListItem","position":2,"name":"CELJE S. KONJICE Brez obto\u017eenega Andreja Stra\u0161ka zasli\u0161ali Zdravka Podolskega"}]},{"@type":"WebSite","@id":"https:\/\/novice.si\/page\/#website","url":"https:\/\/novice.si\/page\/","name":"Novice.si","description":"","publisher":{"@id":"https:\/\/novice.si\/page\/#organization"},"potentialAction":[{"@type":"SearchAction","target":{"@type":"EntryPoint","urlTemplate":"https:\/\/novice.si\/page\/?s={search_term_string}"},"query-input":{"@type":"PropertyValueSpecification","valueRequired":true,"valueName":"search_term_string"}}],"inLanguage":"sl-SI"},{"@type":"Organization","@id":"https:\/\/novice.si\/page\/#organization","name":"Novice.si","url":"https:\/\/novice.si\/page\/","logo":{"@type":"ImageObject","inLanguage":"sl-SI","@id":"https:\/\/novice.si\/page\/#\/schema\/logo\/image\/","url":"https:\/\/novice.si\/page\/wp-content\/uploads\/2023\/03\/novice_si.png","contentUrl":"https:\/\/novice.si\/page\/wp-content\/uploads\/2023\/03\/novice_si.png","width":576,"height":200,"caption":"Novice.si"},"image":{"@id":"https:\/\/novice.si\/page\/#\/schema\/logo\/image\/"}},{"@type":"Person","@id":"https:\/\/novice.si\/page\/#\/schema\/person\/57f25c9642a9541c7349c65d32032c3e","name":"Uredni\u0161tvo Celjana","image":{"@type":"ImageObject","inLanguage":"sl-SI","@id":"https:\/\/secure.gravatar.com\/avatar\/78e52bc4279b65f6df6345e0ef0f7b792d361361f230cf4ffecfe0afe6d5629c?s=96&d=mm&r=g","url":"https:\/\/secure.gravatar.com\/avatar\/78e52bc4279b65f6df6345e0ef0f7b792d361361f230cf4ffecfe0afe6d5629c?s=96&d=mm&r=g","contentUrl":"https:\/\/secure.gravatar.com\/avatar\/78e52bc4279b65f6df6345e0ef0f7b792d361361f230cf4ffecfe0afe6d5629c?s=96&d=mm&r=g","caption":"Uredni\u0161tvo Celjana"},"url":"https:\/\/novice.si\/page\/author\/primoz\/"}]}},"_links":{"self":[{"href":"https:\/\/novice.si\/page\/wp-json\/wp\/v2\/posts\/157216","targetHints":{"allow":["GET"]}}],"collection":[{"href":"https:\/\/novice.si\/page\/wp-json\/wp\/v2\/posts"}],"about":[{"href":"https:\/\/novice.si\/page\/wp-json\/wp\/v2\/types\/post"}],"author":[{"embeddable":true,"href":"https:\/\/novice.si\/page\/wp-json\/wp\/v2\/users\/33"}],"replies":[{"embeddable":true,"href":"https:\/\/novice.si\/page\/wp-json\/wp\/v2\/comments?post=157216"}],"version-history":[{"count":1,"href":"https:\/\/novice.si\/page\/wp-json\/wp\/v2\/posts\/157216\/revisions"}],"predecessor-version":[{"id":157217,"href":"https:\/\/novice.si\/page\/wp-json\/wp\/v2\/posts\/157216\/revisions\/157217"}],"wp:featuredmedia":[{"embeddable":true,"href":"https:\/\/novice.si\/page\/wp-json\/wp\/v2\/media\/151870"}],"wp:attachment":[{"href":"https:\/\/novice.si\/page\/wp-json\/wp\/v2\/media?parent=157216"}],"wp:term":[{"taxonomy":"category","embeddable":true,"href":"https:\/\/novice.si\/page\/wp-json\/wp\/v2\/categories?post=157216"},{"taxonomy":"post_tag","embeddable":true,"href":"https:\/\/novice.si\/page\/wp-json\/wp\/v2\/tags?post=157216"}],"curies":[{"name":"wp","href":"https:\/\/api.w.org\/{rel}","templated":true}]}}