{"id":157167,"date":"2022-11-27T16:54:26","date_gmt":"2022-11-27T15:54:26","guid":{"rendered":"https:\/\/novice.si\/page\/?p=157167"},"modified":"2022-11-27T08:59:59","modified_gmt":"2022-11-27T07:59:59","slug":"znidarko-bo-novi-direktor-poklicnih-gasilcev","status":"publish","type":"post","link":"https:\/\/novice.si\/page\/znidarko-bo-novi-direktor-poklicnih-gasilcev\/","title":{"rendered":"\u017dnidarko bo novi direktor poklicnih gasilcev"},"content":{"rendered":"<p><a href=\"https:\/\/novice.si\/page\/wp-content\/uploads\/2022\/11\/uho-znidarko-pge-celje-1141.jpg\" data-gallery><img loading=\"lazy\" decoding=\"async\" src=\"https:\/\/novice.si\/page\/wp-content\/uploads\/2022\/11\/uho-znidarko-pge-celje-1141-185x300.jpg\" alt=\"\" width=\"185\" height=\"300\" class=\"alignright size-medium wp-image-157168\" srcset=\"https:\/\/novice.si\/page\/wp-content\/uploads\/2022\/11\/uho-znidarko-pge-celje-1141-185x300.jpg 185w, https:\/\/novice.si\/page\/wp-content\/uploads\/2022\/11\/uho-znidarko-pge-celje-1141-633x1024.jpg 633w, https:\/\/novice.si\/page\/wp-content\/uploads\/2022\/11\/uho-znidarko-pge-celje-1141-768x1243.jpg 768w, https:\/\/novice.si\/page\/wp-content\/uploads\/2022\/11\/uho-znidarko-pge-celje-1141-949x1536.jpg 949w, https:\/\/novice.si\/page\/wp-content\/uploads\/2022\/11\/uho-znidarko-pge-celje-1141-696x1126.jpg 696w, https:\/\/novice.si\/page\/wp-content\/uploads\/2022\/11\/uho-znidarko-pge-celje-1141-1068x1728.jpg 1068w, https:\/\/novice.si\/page\/wp-content\/uploads\/2022\/11\/uho-znidarko-pge-celje-1141-260x420.jpg 260w, https:\/\/novice.si\/page\/wp-content\/uploads\/2022\/11\/uho-znidarko-pge-celje-1141-15x24.jpg 15w, https:\/\/novice.si\/page\/wp-content\/uploads\/2022\/11\/uho-znidarko-pge-celje-1141-22x36.jpg 22w, https:\/\/novice.si\/page\/wp-content\/uploads\/2022\/11\/uho-znidarko-pge-celje-1141-30x48.jpg 30w, https:\/\/novice.si\/page\/wp-content\/uploads\/2022\/11\/uho-znidarko-pge-celje-1141.jpg 1170w\" sizes=\"auto, (max-width: 185px) 100vw, 185px\" \/><\/a>Starej\u0161i poveljnik gasilske operative Poklicne gasilske enote (PGE) Celje Boris \u017dnidarko naj bi marca prevzel vodenje PGE Celje. Sedanji direktor Janko Po\u017ee\u017enik naj bi pred\u010dasno zaklju\u010dil mandat, saj se bo upokojil, kot je to napovedal \u017ee ob zadnji potrditvi na mestnem svetu.<\/p>\n","protected":false},"excerpt":{"rendered":"<p>Starej\u0161i poveljnik gasilske operative Poklicne gasilske enote (PGE) Celje Boris \u017dnidarko naj bi marca prevzel vodenje PGE Celje. Sedanji direktor Janko Po\u017ee\u017enik naj bi pred\u010dasno zaklju\u010dil mandat, saj se bo upokojil, kot je to napovedal \u017ee ob zadnji potrditvi na mestnem svetu.<\/p>\n","protected":false},"author":10,"featured_media":157169,"comment_status":"closed","ping_status":"closed","sticky":false,"template":"","format":"standard","meta":{"footnotes":""},"categories":[14,142,17,15],"tags":[15948,5745,16479,830,15950],"class_list":{"0":"post-157167","1":"post","2":"type-post","3":"status-publish","4":"format-standard","5":"has-post-thumbnail","7":"category-aktualno","8":"category-celjan","9":"category-celjsko","10":"category-druzabno","11":"tag-boris-znidarko","12":"tag-janko-pozeznik","13":"tag-pge","14":"tag-pge-celje","15":"tag-poklicna-gasilska-enota-celje"},"yoast_head":"<!-- This site is optimized with the Yoast SEO plugin v27.4 - https:\/\/yoast.com\/product\/yoast-seo-wordpress\/ -->\n<title>\u017dnidarko bo novi direktor poklicnih gasilcev - Novice.si<\/title>\n<meta name=\"robots\" content=\"index, follow, max-snippet:-1, max-image-preview:large, max-video-preview:-1\" \/>\n<link rel=\"canonical\" href=\"https:\/\/novice.si\/page\/znidarko-bo-novi-direktor-poklicnih-gasilcev\/\" \/>\n<meta property=\"og:locale\" content=\"sl_SI\" \/>\n<meta property=\"og:type\" content=\"article\" \/>\n<meta property=\"og:title\" content=\"\u017dnidarko bo novi direktor poklicnih gasilcev - Novice.si\" \/>\n<meta property=\"og:description\" content=\"Starej\u0161i poveljnik gasilske operative Poklicne gasilske enote (PGE) Celje Boris \u017dnidarko naj bi marca prevzel vodenje PGE Celje. Sedanji direktor Janko Po\u017ee\u017enik naj bi pred\u010dasno zaklju\u010dil mandat, saj se bo upokojil, kot je to napovedal \u017ee ob zadnji potrditvi na mestnem svetu.\" \/>\n<meta property=\"og:url\" content=\"https:\/\/novice.si\/page\/znidarko-bo-novi-direktor-poklicnih-gasilcev\/\" \/>\n<meta property=\"og:site_name\" content=\"Novice.si\" \/>\n<meta property=\"article:published_time\" content=\"2022-11-27T15:54:26+00:00\" \/>\n<meta property=\"og:image\" content=\"https:\/\/novice.si\/page\/wp-content\/uploads\/2022\/11\/uho-znidarko-pge-celje-1141a.jpg\" \/>\n\t<meta property=\"og:image:width\" content=\"1169\" \/>\n\t<meta property=\"og:image:height\" content=\"1103\" \/>\n\t<meta property=\"og:image:type\" content=\"image\/jpeg\" \/>\n<meta name=\"author\" content=\"Iztok Krajnc\" \/>\n<meta name=\"twitter:card\" content=\"summary_large_image\" \/>\n<meta name=\"twitter:label1\" content=\"Written by\" \/>\n\t<meta name=\"twitter:data1\" content=\"Iztok Krajnc\" \/>\n\t<meta name=\"twitter:label2\" content=\"Est. reading time\" \/>\n\t<meta name=\"twitter:data2\" content=\"1 minuta\" \/>\n<script type=\"application\/ld+json\" class=\"yoast-schema-graph\">{\"@context\":\"https:\\\/\\\/schema.org\",\"@graph\":[{\"@type\":\"Article\",\"@id\":\"https:\\\/\\\/novice.si\\\/page\\\/znidarko-bo-novi-direktor-poklicnih-gasilcev\\\/#article\",\"isPartOf\":{\"@id\":\"https:\\\/\\\/novice.si\\\/page\\\/znidarko-bo-novi-direktor-poklicnih-gasilcev\\\/\"},\"author\":{\"name\":\"Iztok Krajnc\",\"@id\":\"https:\\\/\\\/novice.si\\\/page\\\/#\\\/schema\\\/person\\\/92fda8564875f655675c886e4df22216\"},\"headline\":\"\u017dnidarko bo novi direktor poklicnih gasilcev\",\"datePublished\":\"2022-11-27T15:54:26+00:00\",\"mainEntityOfPage\":{\"@id\":\"https:\\\/\\\/novice.si\\\/page\\\/znidarko-bo-novi-direktor-poklicnih-gasilcev\\\/\"},\"wordCount\":53,\"publisher\":{\"@id\":\"https:\\\/\\\/novice.si\\\/page\\\/#organization\"},\"image\":{\"@id\":\"https:\\\/\\\/novice.si\\\/page\\\/znidarko-bo-novi-direktor-poklicnih-gasilcev\\\/#primaryimage\"},\"thumbnailUrl\":\"https:\\\/\\\/novice.si\\\/page\\\/wp-content\\\/uploads\\\/2022\\\/11\\\/uho-znidarko-pge-celje-1141a.jpg\",\"keywords\":[\"boris \u017enidarko\",\"Janko Po\u017ee\u017enik\",\"PGE\",\"PGE Celje\",\"poklicna gasilska enota celje\"],\"articleSection\":[\"Aktualno\",\"Celjan\",\"Celjsko\",\"Dru\u017eabno\"],\"inLanguage\":\"sl-SI\"},{\"@type\":\"WebPage\",\"@id\":\"https:\\\/\\\/novice.si\\\/page\\\/znidarko-bo-novi-direktor-poklicnih-gasilcev\\\/\",\"url\":\"https:\\\/\\\/novice.si\\\/page\\\/znidarko-bo-novi-direktor-poklicnih-gasilcev\\\/\",\"name\":\"\u017dnidarko bo novi direktor poklicnih gasilcev - Novice.si\",\"isPartOf\":{\"@id\":\"https:\\\/\\\/novice.si\\\/page\\\/#website\"},\"primaryImageOfPage\":{\"@id\":\"https:\\\/\\\/novice.si\\\/page\\\/znidarko-bo-novi-direktor-poklicnih-gasilcev\\\/#primaryimage\"},\"image\":{\"@id\":\"https:\\\/\\\/novice.si\\\/page\\\/znidarko-bo-novi-direktor-poklicnih-gasilcev\\\/#primaryimage\"},\"thumbnailUrl\":\"https:\\\/\\\/novice.si\\\/page\\\/wp-content\\\/uploads\\\/2022\\\/11\\\/uho-znidarko-pge-celje-1141a.jpg\",\"datePublished\":\"2022-11-27T15:54:26+00:00\",\"breadcrumb\":{\"@id\":\"https:\\\/\\\/novice.si\\\/page\\\/znidarko-bo-novi-direktor-poklicnih-gasilcev\\\/#breadcrumb\"},\"inLanguage\":\"sl-SI\",\"potentialAction\":[{\"@type\":\"ReadAction\",\"target\":[\"https:\\\/\\\/novice.si\\\/page\\\/znidarko-bo-novi-direktor-poklicnih-gasilcev\\\/\"]}]},{\"@type\":\"ImageObject\",\"inLanguage\":\"sl-SI\",\"@id\":\"https:\\\/\\\/novice.si\\\/page\\\/znidarko-bo-novi-direktor-poklicnih-gasilcev\\\/#primaryimage\",\"url\":\"https:\\\/\\\/novice.si\\\/page\\\/wp-content\\\/uploads\\\/2022\\\/11\\\/uho-znidarko-pge-celje-1141a.jpg\",\"contentUrl\":\"https:\\\/\\\/novice.si\\\/page\\\/wp-content\\\/uploads\\\/2022\\\/11\\\/uho-znidarko-pge-celje-1141a.jpg\",\"width\":1169,\"height\":1103},{\"@type\":\"BreadcrumbList\",\"@id\":\"https:\\\/\\\/novice.si\\\/page\\\/znidarko-bo-novi-direktor-poklicnih-gasilcev\\\/#breadcrumb\",\"itemListElement\":[{\"@type\":\"ListItem\",\"position\":1,\"name\":\"Home\",\"item\":\"https:\\\/\\\/novice.si\\\/page\\\/\"},{\"@type\":\"ListItem\",\"position\":2,\"name\":\"\u017dnidarko bo novi direktor poklicnih gasilcev\"}]},{\"@type\":\"WebSite\",\"@id\":\"https:\\\/\\\/novice.si\\\/page\\\/#website\",\"url\":\"https:\\\/\\\/novice.si\\\/page\\\/\",\"name\":\"Novice.si\",\"description\":\"\",\"publisher\":{\"@id\":\"https:\\\/\\\/novice.si\\\/page\\\/#organization\"},\"potentialAction\":[{\"@type\":\"SearchAction\",\"target\":{\"@type\":\"EntryPoint\",\"urlTemplate\":\"https:\\\/\\\/novice.si\\\/page\\\/?s={search_term_string}\"},\"query-input\":{\"@type\":\"PropertyValueSpecification\",\"valueRequired\":true,\"valueName\":\"search_term_string\"}}],\"inLanguage\":\"sl-SI\"},{\"@type\":\"Organization\",\"@id\":\"https:\\\/\\\/novice.si\\\/page\\\/#organization\",\"name\":\"Novice.si\",\"url\":\"https:\\\/\\\/novice.si\\\/page\\\/\",\"logo\":{\"@type\":\"ImageObject\",\"inLanguage\":\"sl-SI\",\"@id\":\"https:\\\/\\\/novice.si\\\/page\\\/#\\\/schema\\\/logo\\\/image\\\/\",\"url\":\"https:\\\/\\\/novice.si\\\/page\\\/wp-content\\\/uploads\\\/2023\\\/03\\\/novice_si.png\",\"contentUrl\":\"https:\\\/\\\/novice.si\\\/page\\\/wp-content\\\/uploads\\\/2023\\\/03\\\/novice_si.png\",\"width\":576,\"height\":200,\"caption\":\"Novice.si\"},\"image\":{\"@id\":\"https:\\\/\\\/novice.si\\\/page\\\/#\\\/schema\\\/logo\\\/image\\\/\"}},{\"@type\":\"Person\",\"@id\":\"https:\\\/\\\/novice.si\\\/page\\\/#\\\/schema\\\/person\\\/92fda8564875f655675c886e4df22216\",\"name\":\"Iztok Krajnc\",\"image\":{\"@type\":\"ImageObject\",\"inLanguage\":\"sl-SI\",\"@id\":\"https:\\\/\\\/secure.gravatar.com\\\/avatar\\\/2790ff125f883a5a9cb934a574322d28ea850f8f4494d77b487c1950e0096015?s=96&d=mm&r=g\",\"url\":\"https:\\\/\\\/secure.gravatar.com\\\/avatar\\\/2790ff125f883a5a9cb934a574322d28ea850f8f4494d77b487c1950e0096015?s=96&d=mm&r=g\",\"contentUrl\":\"https:\\\/\\\/secure.gravatar.com\\\/avatar\\\/2790ff125f883a5a9cb934a574322d28ea850f8f4494d77b487c1950e0096015?s=96&d=mm&r=g\",\"caption\":\"Iztok Krajnc\"},\"url\":\"https:\\\/\\\/novice.si\\\/page\\\/author\\\/iztok\\\/\"}]}<\/script>\n<!-- \/ Yoast SEO plugin. -->","yoast_head_json":{"title":"\u017dnidarko bo novi direktor poklicnih gasilcev - Novice.si","robots":{"index":"index","follow":"follow","max-snippet":"max-snippet:-1","max-image-preview":"max-image-preview:large","max-video-preview":"max-video-preview:-1"},"canonical":"https:\/\/novice.si\/page\/znidarko-bo-novi-direktor-poklicnih-gasilcev\/","og_locale":"sl_SI","og_type":"article","og_title":"\u017dnidarko bo novi direktor poklicnih gasilcev - Novice.si","og_description":"Starej\u0161i poveljnik gasilske operative Poklicne gasilske enote (PGE) Celje Boris \u017dnidarko naj bi marca prevzel vodenje PGE Celje. Sedanji direktor Janko Po\u017ee\u017enik naj bi pred\u010dasno zaklju\u010dil mandat, saj se bo upokojil, kot je to napovedal \u017ee ob zadnji potrditvi na mestnem svetu.","og_url":"https:\/\/novice.si\/page\/znidarko-bo-novi-direktor-poklicnih-gasilcev\/","og_site_name":"Novice.si","article_published_time":"2022-11-27T15:54:26+00:00","og_image":[{"width":1169,"height":1103,"url":"https:\/\/novice.si\/page\/wp-content\/uploads\/2022\/11\/uho-znidarko-pge-celje-1141a.jpg","type":"image\/jpeg"}],"author":"Iztok Krajnc","twitter_card":"summary_large_image","twitter_misc":{"Written by":"Iztok Krajnc","Est. reading time":"1 minuta"},"schema":{"@context":"https:\/\/schema.org","@graph":[{"@type":"Article","@id":"https:\/\/novice.si\/page\/znidarko-bo-novi-direktor-poklicnih-gasilcev\/#article","isPartOf":{"@id":"https:\/\/novice.si\/page\/znidarko-bo-novi-direktor-poklicnih-gasilcev\/"},"author":{"name":"Iztok Krajnc","@id":"https:\/\/novice.si\/page\/#\/schema\/person\/92fda8564875f655675c886e4df22216"},"headline":"\u017dnidarko bo novi direktor poklicnih gasilcev","datePublished":"2022-11-27T15:54:26+00:00","mainEntityOfPage":{"@id":"https:\/\/novice.si\/page\/znidarko-bo-novi-direktor-poklicnih-gasilcev\/"},"wordCount":53,"publisher":{"@id":"https:\/\/novice.si\/page\/#organization"},"image":{"@id":"https:\/\/novice.si\/page\/znidarko-bo-novi-direktor-poklicnih-gasilcev\/#primaryimage"},"thumbnailUrl":"https:\/\/novice.si\/page\/wp-content\/uploads\/2022\/11\/uho-znidarko-pge-celje-1141a.jpg","keywords":["boris \u017enidarko","Janko Po\u017ee\u017enik","PGE","PGE Celje","poklicna gasilska enota celje"],"articleSection":["Aktualno","Celjan","Celjsko","Dru\u017eabno"],"inLanguage":"sl-SI"},{"@type":"WebPage","@id":"https:\/\/novice.si\/page\/znidarko-bo-novi-direktor-poklicnih-gasilcev\/","url":"https:\/\/novice.si\/page\/znidarko-bo-novi-direktor-poklicnih-gasilcev\/","name":"\u017dnidarko bo novi direktor poklicnih gasilcev - Novice.si","isPartOf":{"@id":"https:\/\/novice.si\/page\/#website"},"primaryImageOfPage":{"@id":"https:\/\/novice.si\/page\/znidarko-bo-novi-direktor-poklicnih-gasilcev\/#primaryimage"},"image":{"@id":"https:\/\/novice.si\/page\/znidarko-bo-novi-direktor-poklicnih-gasilcev\/#primaryimage"},"thumbnailUrl":"https:\/\/novice.si\/page\/wp-content\/uploads\/2022\/11\/uho-znidarko-pge-celje-1141a.jpg","datePublished":"2022-11-27T15:54:26+00:00","breadcrumb":{"@id":"https:\/\/novice.si\/page\/znidarko-bo-novi-direktor-poklicnih-gasilcev\/#breadcrumb"},"inLanguage":"sl-SI","potentialAction":[{"@type":"ReadAction","target":["https:\/\/novice.si\/page\/znidarko-bo-novi-direktor-poklicnih-gasilcev\/"]}]},{"@type":"ImageObject","inLanguage":"sl-SI","@id":"https:\/\/novice.si\/page\/znidarko-bo-novi-direktor-poklicnih-gasilcev\/#primaryimage","url":"https:\/\/novice.si\/page\/wp-content\/uploads\/2022\/11\/uho-znidarko-pge-celje-1141a.jpg","contentUrl":"https:\/\/novice.si\/page\/wp-content\/uploads\/2022\/11\/uho-znidarko-pge-celje-1141a.jpg","width":1169,"height":1103},{"@type":"BreadcrumbList","@id":"https:\/\/novice.si\/page\/znidarko-bo-novi-direktor-poklicnih-gasilcev\/#breadcrumb","itemListElement":[{"@type":"ListItem","position":1,"name":"Home","item":"https:\/\/novice.si\/page\/"},{"@type":"ListItem","position":2,"name":"\u017dnidarko bo novi direktor poklicnih gasilcev"}]},{"@type":"WebSite","@id":"https:\/\/novice.si\/page\/#website","url":"https:\/\/novice.si\/page\/","name":"Novice.si","description":"","publisher":{"@id":"https:\/\/novice.si\/page\/#organization"},"potentialAction":[{"@type":"SearchAction","target":{"@type":"EntryPoint","urlTemplate":"https:\/\/novice.si\/page\/?s={search_term_string}"},"query-input":{"@type":"PropertyValueSpecification","valueRequired":true,"valueName":"search_term_string"}}],"inLanguage":"sl-SI"},{"@type":"Organization","@id":"https:\/\/novice.si\/page\/#organization","name":"Novice.si","url":"https:\/\/novice.si\/page\/","logo":{"@type":"ImageObject","inLanguage":"sl-SI","@id":"https:\/\/novice.si\/page\/#\/schema\/logo\/image\/","url":"https:\/\/novice.si\/page\/wp-content\/uploads\/2023\/03\/novice_si.png","contentUrl":"https:\/\/novice.si\/page\/wp-content\/uploads\/2023\/03\/novice_si.png","width":576,"height":200,"caption":"Novice.si"},"image":{"@id":"https:\/\/novice.si\/page\/#\/schema\/logo\/image\/"}},{"@type":"Person","@id":"https:\/\/novice.si\/page\/#\/schema\/person\/92fda8564875f655675c886e4df22216","name":"Iztok Krajnc","image":{"@type":"ImageObject","inLanguage":"sl-SI","@id":"https:\/\/secure.gravatar.com\/avatar\/2790ff125f883a5a9cb934a574322d28ea850f8f4494d77b487c1950e0096015?s=96&d=mm&r=g","url":"https:\/\/secure.gravatar.com\/avatar\/2790ff125f883a5a9cb934a574322d28ea850f8f4494d77b487c1950e0096015?s=96&d=mm&r=g","contentUrl":"https:\/\/secure.gravatar.com\/avatar\/2790ff125f883a5a9cb934a574322d28ea850f8f4494d77b487c1950e0096015?s=96&d=mm&r=g","caption":"Iztok Krajnc"},"url":"https:\/\/novice.si\/page\/author\/iztok\/"}]}},"_links":{"self":[{"href":"https:\/\/novice.si\/page\/wp-json\/wp\/v2\/posts\/157167","targetHints":{"allow":["GET"]}}],"collection":[{"href":"https:\/\/novice.si\/page\/wp-json\/wp\/v2\/posts"}],"about":[{"href":"https:\/\/novice.si\/page\/wp-json\/wp\/v2\/types\/post"}],"author":[{"embeddable":true,"href":"https:\/\/novice.si\/page\/wp-json\/wp\/v2\/users\/10"}],"replies":[{"embeddable":true,"href":"https:\/\/novice.si\/page\/wp-json\/wp\/v2\/comments?post=157167"}],"version-history":[{"count":3,"href":"https:\/\/novice.si\/page\/wp-json\/wp\/v2\/posts\/157167\/revisions"}],"predecessor-version":[{"id":157172,"href":"https:\/\/novice.si\/page\/wp-json\/wp\/v2\/posts\/157167\/revisions\/157172"}],"wp:featuredmedia":[{"embeddable":true,"href":"https:\/\/novice.si\/page\/wp-json\/wp\/v2\/media\/157169"}],"wp:attachment":[{"href":"https:\/\/novice.si\/page\/wp-json\/wp\/v2\/media?parent=157167"}],"wp:term":[{"taxonomy":"category","embeddable":true,"href":"https:\/\/novice.si\/page\/wp-json\/wp\/v2\/categories?post=157167"},{"taxonomy":"post_tag","embeddable":true,"href":"https:\/\/novice.si\/page\/wp-json\/wp\/v2\/tags?post=157167"}],"curies":[{"name":"wp","href":"https:\/\/api.w.org\/{rel}","templated":true}]}}