{"id":157161,"date":"2022-11-27T07:16:44","date_gmt":"2022-11-27T06:16:44","guid":{"rendered":"https:\/\/novice.si\/page\/?p=157161"},"modified":"2022-11-27T07:16:44","modified_gmt":"2022-11-27T06:16:44","slug":"festival-deznikov-ponovno-navdusil-celjane","status":"publish","type":"post","link":"https:\/\/novice.si\/page\/festival-deznikov-ponovno-navdusil-celjane\/","title":{"rendered":"Festival de\u017enikov ponovno navdu\u0161il Celjane"},"content":{"rendered":"<p><a href=\"https:\/\/novice.si\/page\/wp-content\/uploads\/2022\/11\/Festival-deznikov-1-1141.jpg\" data-gallery><img loading=\"lazy\" decoding=\"async\" src=\"https:\/\/novice.si\/page\/wp-content\/uploads\/2022\/11\/Festival-deznikov-1-1141-300x182.jpg\" alt=\"\" width=\"300\" height=\"182\" class=\"alignleft size-medium wp-image-157162\" srcset=\"https:\/\/novice.si\/page\/wp-content\/uploads\/2022\/11\/Festival-deznikov-1-1141-300x182.jpg 300w, https:\/\/novice.si\/page\/wp-content\/uploads\/2022\/11\/Festival-deznikov-1-1141-1024x621.jpg 1024w, https:\/\/novice.si\/page\/wp-content\/uploads\/2022\/11\/Festival-deznikov-1-1141-768x466.jpg 768w, https:\/\/novice.si\/page\/wp-content\/uploads\/2022\/11\/Festival-deznikov-1-1141-1536x932.jpg 1536w, https:\/\/novice.si\/page\/wp-content\/uploads\/2022\/11\/Festival-deznikov-1-1141-696x422.jpg 696w, https:\/\/novice.si\/page\/wp-content\/uploads\/2022\/11\/Festival-deznikov-1-1141-1068x648.jpg 1068w, https:\/\/novice.si\/page\/wp-content\/uploads\/2022\/11\/Festival-deznikov-1-1141-692x420.jpg 692w, https:\/\/novice.si\/page\/wp-content\/uploads\/2022\/11\/Festival-deznikov-1-1141-24x15.jpg 24w, https:\/\/novice.si\/page\/wp-content\/uploads\/2022\/11\/Festival-deznikov-1-1141-36x22.jpg 36w, https:\/\/novice.si\/page\/wp-content\/uploads\/2022\/11\/Festival-deznikov-1-1141-48x29.jpg 48w, https:\/\/novice.si\/page\/wp-content\/uploads\/2022\/11\/Festival-deznikov-1-1141.jpg 2019w\" sizes=\"auto, (max-width: 300px) 100vw, 300px\" \/><\/a>V meglenem sobotnem dopoldnevu, ko je \u017ee di\u0161alo po de\u017eju, so v centru Celja \u010dlanice Lions kluba Celje Mozaik razprostrle \u017eivopisne ro\u010dno poslikane de\u017enike in poslikane bomba\u017ene vre\u010dke ter aba\u017eurje. Celjani in obiskovalci Celja \u017ee poznajo tradicionalni dobrodelni projekt in so si z veseljem ogledali leto\u0161nje poslikave. V zameno za dobrodelne prispevke so poslikane izdelke odnesli domov.<br \/>\n<div id='gallery-1' class='gallery galleryid-157161 gallery-columns-3 gallery-size-thumbnail'><figure class='gallery-item'>\n\t\t\t<div class='gallery-icon landscape'>\n\t\t\t\t<a href='https:\/\/novice.si\/page\/festival-deznikov-ponovno-navdusil-celjane\/festival-deznikov-1-1141\/'><img loading=\"lazy\" decoding=\"async\" width=\"150\" height=\"150\" src=\"https:\/\/novice.si\/page\/wp-content\/uploads\/2022\/11\/Festival-deznikov-1-1141-150x150.jpg\" class=\"attachment-thumbnail size-thumbnail\" alt=\"\" \/><\/a>\n\t\t\t<\/div><\/figure><figure class='gallery-item'>\n\t\t\t<div class='gallery-icon landscape'>\n\t\t\t\t<a href='https:\/\/novice.si\/page\/festival-deznikov-ponovno-navdusil-celjane\/festival-deznikov-2-1141\/'><img loading=\"lazy\" decoding=\"async\" width=\"150\" height=\"150\" src=\"https:\/\/novice.si\/page\/wp-content\/uploads\/2022\/11\/Festival-deznikov-2-1141-150x150.jpg\" class=\"attachment-thumbnail size-thumbnail\" alt=\"\" \/><\/a>\n\t\t\t<\/div><\/figure><figure class='gallery-item'>\n\t\t\t<div class='gallery-icon landscape'>\n\t\t\t\t<a href='https:\/\/novice.si\/page\/festival-deznikov-ponovno-navdusil-celjane\/festival-deznikov-3-1141\/'><img loading=\"lazy\" decoding=\"async\" width=\"150\" height=\"150\" src=\"https:\/\/novice.si\/page\/wp-content\/uploads\/2022\/11\/Festival-deznikov-3-1141-150x150.jpg\" class=\"attachment-thumbnail size-thumbnail\" alt=\"\" \/><\/a>\n\t\t\t<\/div><\/figure>\n\t\t<\/div>\n<\/p>\n","protected":false},"excerpt":{"rendered":"<p>V meglenem sobotnem dopoldnevu, ko je \u017ee di\u0161alo po de\u017eju, so v centru Celja \u010dlanice Lions kluba Celje Mozaik razprostrle \u017eivopisne ro\u010dno poslikane de\u017enike in poslikane bomba\u017ene vre\u010dke ter aba\u017eurje. Celjani in obiskovalci Celja \u017ee poznajo tradicionalni dobrodelni projekt in so si z veseljem ogledali leto\u0161nje poslikave. V zameno za dobrodelne prispevke so poslikane izdelke [&hellip;]<\/p>\n","protected":false},"author":10,"featured_media":157164,"comment_status":"closed","ping_status":"closed","sticky":false,"template":"","format":"standard","meta":{"footnotes":""},"categories":[14,142,17,15],"tags":[16478,2790,22,1748,16475,16474,16476,16477],"class_list":{"0":"post-157161","1":"post","2":"type-post","3":"status-publish","4":"format-standard","5":"has-post-thumbnail","7":"category-aktualno","8":"category-celjan","9":"category-celjsko","10":"category-druzabno","11":"tag-abazur","12":"tag-celjani","13":"tag-celje","14":"tag-citycenter-celje","15":"tag-dezniki","16":"tag-festival-deznikov","17":"tag-lions-klub-celje","18":"tag-mozaik-celje"},"yoast_head":"<!-- This site is optimized with the Yoast SEO plugin v27.4 - https:\/\/yoast.com\/product\/yoast-seo-wordpress\/ -->\n<title>Festival de\u017enikov ponovno navdu\u0161il Celjane - Novice.si<\/title>\n<meta name=\"robots\" content=\"index, follow, max-snippet:-1, max-image-preview:large, max-video-preview:-1\" \/>\n<link rel=\"canonical\" href=\"https:\/\/novice.si\/page\/festival-deznikov-ponovno-navdusil-celjane\/\" \/>\n<meta property=\"og:locale\" content=\"sl_SI\" \/>\n<meta property=\"og:type\" content=\"article\" \/>\n<meta property=\"og:title\" content=\"Festival de\u017enikov ponovno navdu\u0161il Celjane - Novice.si\" \/>\n<meta property=\"og:description\" content=\"V meglenem sobotnem dopoldnevu, ko je \u017ee di\u0161alo po de\u017eju, so v centru Celja \u010dlanice Lions kluba Celje Mozaik razprostrle \u017eivopisne ro\u010dno poslikane de\u017enike in poslikane bomba\u017ene vre\u010dke ter aba\u017eurje. Celjani in obiskovalci Celja \u017ee poznajo tradicionalni dobrodelni projekt in so si z veseljem ogledali leto\u0161nje poslikave. V zameno za dobrodelne prispevke so poslikane izdelke [&hellip;]\" \/>\n<meta property=\"og:url\" content=\"https:\/\/novice.si\/page\/festival-deznikov-ponovno-navdusil-celjane\/\" \/>\n<meta property=\"og:site_name\" content=\"Novice.si\" \/>\n<meta property=\"article:published_time\" content=\"2022-11-27T06:16:44+00:00\" \/>\n<meta property=\"og:image\" content=\"https:\/\/novice.si\/page\/wp-content\/uploads\/2022\/11\/Festival-deznikov-3-1141-scaled.jpg\" \/>\n\t<meta property=\"og:image:width\" content=\"2560\" \/>\n\t<meta property=\"og:image:height\" content=\"1766\" \/>\n\t<meta property=\"og:image:type\" content=\"image\/jpeg\" \/>\n<meta name=\"author\" content=\"Iztok Krajnc\" \/>\n<meta name=\"twitter:card\" content=\"summary_large_image\" \/>\n<meta name=\"twitter:label1\" content=\"Written by\" \/>\n\t<meta name=\"twitter:data1\" content=\"Iztok Krajnc\" \/>\n\t<meta name=\"twitter:label2\" content=\"Est. reading time\" \/>\n\t<meta name=\"twitter:data2\" content=\"1 minuta\" \/>\n<script type=\"application\/ld+json\" class=\"yoast-schema-graph\">{\"@context\":\"https:\\\/\\\/schema.org\",\"@graph\":[{\"@type\":\"Article\",\"@id\":\"https:\\\/\\\/novice.si\\\/page\\\/festival-deznikov-ponovno-navdusil-celjane\\\/#article\",\"isPartOf\":{\"@id\":\"https:\\\/\\\/novice.si\\\/page\\\/festival-deznikov-ponovno-navdusil-celjane\\\/\"},\"author\":{\"name\":\"Iztok Krajnc\",\"@id\":\"https:\\\/\\\/novice.si\\\/page\\\/#\\\/schema\\\/person\\\/92fda8564875f655675c886e4df22216\"},\"headline\":\"Festival de\u017enikov ponovno navdu\u0161il Celjane\",\"datePublished\":\"2022-11-27T06:16:44+00:00\",\"mainEntityOfPage\":{\"@id\":\"https:\\\/\\\/novice.si\\\/page\\\/festival-deznikov-ponovno-navdusil-celjane\\\/\"},\"wordCount\":74,\"publisher\":{\"@id\":\"https:\\\/\\\/novice.si\\\/page\\\/#organization\"},\"image\":{\"@id\":\"https:\\\/\\\/novice.si\\\/page\\\/festival-deznikov-ponovno-navdusil-celjane\\\/#primaryimage\"},\"thumbnailUrl\":\"https:\\\/\\\/novice.si\\\/page\\\/wp-content\\\/uploads\\\/2022\\\/11\\\/Festival-deznikov-3-1141-scaled.jpg\",\"keywords\":[\"aba\u017eur\",\"celjani\",\"Celje\",\"Citycenter Celje\",\"de\u017eniki\",\"festival de\u017enikov\",\"lions klub celje\",\"mozaik celje\"],\"articleSection\":[\"Aktualno\",\"Celjan\",\"Celjsko\",\"Dru\u017eabno\"],\"inLanguage\":\"sl-SI\"},{\"@type\":\"WebPage\",\"@id\":\"https:\\\/\\\/novice.si\\\/page\\\/festival-deznikov-ponovno-navdusil-celjane\\\/\",\"url\":\"https:\\\/\\\/novice.si\\\/page\\\/festival-deznikov-ponovno-navdusil-celjane\\\/\",\"name\":\"Festival de\u017enikov ponovno navdu\u0161il Celjane - Novice.si\",\"isPartOf\":{\"@id\":\"https:\\\/\\\/novice.si\\\/page\\\/#website\"},\"primaryImageOfPage\":{\"@id\":\"https:\\\/\\\/novice.si\\\/page\\\/festival-deznikov-ponovno-navdusil-celjane\\\/#primaryimage\"},\"image\":{\"@id\":\"https:\\\/\\\/novice.si\\\/page\\\/festival-deznikov-ponovno-navdusil-celjane\\\/#primaryimage\"},\"thumbnailUrl\":\"https:\\\/\\\/novice.si\\\/page\\\/wp-content\\\/uploads\\\/2022\\\/11\\\/Festival-deznikov-3-1141-scaled.jpg\",\"datePublished\":\"2022-11-27T06:16:44+00:00\",\"breadcrumb\":{\"@id\":\"https:\\\/\\\/novice.si\\\/page\\\/festival-deznikov-ponovno-navdusil-celjane\\\/#breadcrumb\"},\"inLanguage\":\"sl-SI\",\"potentialAction\":[{\"@type\":\"ReadAction\",\"target\":[\"https:\\\/\\\/novice.si\\\/page\\\/festival-deznikov-ponovno-navdusil-celjane\\\/\"]}]},{\"@type\":\"ImageObject\",\"inLanguage\":\"sl-SI\",\"@id\":\"https:\\\/\\\/novice.si\\\/page\\\/festival-deznikov-ponovno-navdusil-celjane\\\/#primaryimage\",\"url\":\"https:\\\/\\\/novice.si\\\/page\\\/wp-content\\\/uploads\\\/2022\\\/11\\\/Festival-deznikov-3-1141-scaled.jpg\",\"contentUrl\":\"https:\\\/\\\/novice.si\\\/page\\\/wp-content\\\/uploads\\\/2022\\\/11\\\/Festival-deznikov-3-1141-scaled.jpg\",\"width\":2560,\"height\":1766},{\"@type\":\"BreadcrumbList\",\"@id\":\"https:\\\/\\\/novice.si\\\/page\\\/festival-deznikov-ponovno-navdusil-celjane\\\/#breadcrumb\",\"itemListElement\":[{\"@type\":\"ListItem\",\"position\":1,\"name\":\"Home\",\"item\":\"https:\\\/\\\/novice.si\\\/page\\\/\"},{\"@type\":\"ListItem\",\"position\":2,\"name\":\"Festival de\u017enikov ponovno navdu\u0161il Celjane\"}]},{\"@type\":\"WebSite\",\"@id\":\"https:\\\/\\\/novice.si\\\/page\\\/#website\",\"url\":\"https:\\\/\\\/novice.si\\\/page\\\/\",\"name\":\"Novice.si\",\"description\":\"\",\"publisher\":{\"@id\":\"https:\\\/\\\/novice.si\\\/page\\\/#organization\"},\"potentialAction\":[{\"@type\":\"SearchAction\",\"target\":{\"@type\":\"EntryPoint\",\"urlTemplate\":\"https:\\\/\\\/novice.si\\\/page\\\/?s={search_term_string}\"},\"query-input\":{\"@type\":\"PropertyValueSpecification\",\"valueRequired\":true,\"valueName\":\"search_term_string\"}}],\"inLanguage\":\"sl-SI\"},{\"@type\":\"Organization\",\"@id\":\"https:\\\/\\\/novice.si\\\/page\\\/#organization\",\"name\":\"Novice.si\",\"url\":\"https:\\\/\\\/novice.si\\\/page\\\/\",\"logo\":{\"@type\":\"ImageObject\",\"inLanguage\":\"sl-SI\",\"@id\":\"https:\\\/\\\/novice.si\\\/page\\\/#\\\/schema\\\/logo\\\/image\\\/\",\"url\":\"https:\\\/\\\/novice.si\\\/page\\\/wp-content\\\/uploads\\\/2023\\\/03\\\/novice_si.png\",\"contentUrl\":\"https:\\\/\\\/novice.si\\\/page\\\/wp-content\\\/uploads\\\/2023\\\/03\\\/novice_si.png\",\"width\":576,\"height\":200,\"caption\":\"Novice.si\"},\"image\":{\"@id\":\"https:\\\/\\\/novice.si\\\/page\\\/#\\\/schema\\\/logo\\\/image\\\/\"}},{\"@type\":\"Person\",\"@id\":\"https:\\\/\\\/novice.si\\\/page\\\/#\\\/schema\\\/person\\\/92fda8564875f655675c886e4df22216\",\"name\":\"Iztok Krajnc\",\"image\":{\"@type\":\"ImageObject\",\"inLanguage\":\"sl-SI\",\"@id\":\"https:\\\/\\\/secure.gravatar.com\\\/avatar\\\/2790ff125f883a5a9cb934a574322d28ea850f8f4494d77b487c1950e0096015?s=96&d=mm&r=g\",\"url\":\"https:\\\/\\\/secure.gravatar.com\\\/avatar\\\/2790ff125f883a5a9cb934a574322d28ea850f8f4494d77b487c1950e0096015?s=96&d=mm&r=g\",\"contentUrl\":\"https:\\\/\\\/secure.gravatar.com\\\/avatar\\\/2790ff125f883a5a9cb934a574322d28ea850f8f4494d77b487c1950e0096015?s=96&d=mm&r=g\",\"caption\":\"Iztok Krajnc\"},\"url\":\"https:\\\/\\\/novice.si\\\/page\\\/author\\\/iztok\\\/\"}]}<\/script>\n<!-- \/ Yoast SEO plugin. -->","yoast_head_json":{"title":"Festival de\u017enikov ponovno navdu\u0161il Celjane - Novice.si","robots":{"index":"index","follow":"follow","max-snippet":"max-snippet:-1","max-image-preview":"max-image-preview:large","max-video-preview":"max-video-preview:-1"},"canonical":"https:\/\/novice.si\/page\/festival-deznikov-ponovno-navdusil-celjane\/","og_locale":"sl_SI","og_type":"article","og_title":"Festival de\u017enikov ponovno navdu\u0161il Celjane - Novice.si","og_description":"V meglenem sobotnem dopoldnevu, ko je \u017ee di\u0161alo po de\u017eju, so v centru Celja \u010dlanice Lions kluba Celje Mozaik razprostrle \u017eivopisne ro\u010dno poslikane de\u017enike in poslikane bomba\u017ene vre\u010dke ter aba\u017eurje. Celjani in obiskovalci Celja \u017ee poznajo tradicionalni dobrodelni projekt in so si z veseljem ogledali leto\u0161nje poslikave. V zameno za dobrodelne prispevke so poslikane izdelke [&hellip;]","og_url":"https:\/\/novice.si\/page\/festival-deznikov-ponovno-navdusil-celjane\/","og_site_name":"Novice.si","article_published_time":"2022-11-27T06:16:44+00:00","og_image":[{"width":2560,"height":1766,"url":"https:\/\/novice.si\/page\/wp-content\/uploads\/2022\/11\/Festival-deznikov-3-1141-scaled.jpg","type":"image\/jpeg"}],"author":"Iztok Krajnc","twitter_card":"summary_large_image","twitter_misc":{"Written by":"Iztok Krajnc","Est. reading time":"1 minuta"},"schema":{"@context":"https:\/\/schema.org","@graph":[{"@type":"Article","@id":"https:\/\/novice.si\/page\/festival-deznikov-ponovno-navdusil-celjane\/#article","isPartOf":{"@id":"https:\/\/novice.si\/page\/festival-deznikov-ponovno-navdusil-celjane\/"},"author":{"name":"Iztok Krajnc","@id":"https:\/\/novice.si\/page\/#\/schema\/person\/92fda8564875f655675c886e4df22216"},"headline":"Festival de\u017enikov ponovno navdu\u0161il Celjane","datePublished":"2022-11-27T06:16:44+00:00","mainEntityOfPage":{"@id":"https:\/\/novice.si\/page\/festival-deznikov-ponovno-navdusil-celjane\/"},"wordCount":74,"publisher":{"@id":"https:\/\/novice.si\/page\/#organization"},"image":{"@id":"https:\/\/novice.si\/page\/festival-deznikov-ponovno-navdusil-celjane\/#primaryimage"},"thumbnailUrl":"https:\/\/novice.si\/page\/wp-content\/uploads\/2022\/11\/Festival-deznikov-3-1141-scaled.jpg","keywords":["aba\u017eur","celjani","Celje","Citycenter Celje","de\u017eniki","festival de\u017enikov","lions klub celje","mozaik celje"],"articleSection":["Aktualno","Celjan","Celjsko","Dru\u017eabno"],"inLanguage":"sl-SI"},{"@type":"WebPage","@id":"https:\/\/novice.si\/page\/festival-deznikov-ponovno-navdusil-celjane\/","url":"https:\/\/novice.si\/page\/festival-deznikov-ponovno-navdusil-celjane\/","name":"Festival de\u017enikov ponovno navdu\u0161il Celjane - Novice.si","isPartOf":{"@id":"https:\/\/novice.si\/page\/#website"},"primaryImageOfPage":{"@id":"https:\/\/novice.si\/page\/festival-deznikov-ponovno-navdusil-celjane\/#primaryimage"},"image":{"@id":"https:\/\/novice.si\/page\/festival-deznikov-ponovno-navdusil-celjane\/#primaryimage"},"thumbnailUrl":"https:\/\/novice.si\/page\/wp-content\/uploads\/2022\/11\/Festival-deznikov-3-1141-scaled.jpg","datePublished":"2022-11-27T06:16:44+00:00","breadcrumb":{"@id":"https:\/\/novice.si\/page\/festival-deznikov-ponovno-navdusil-celjane\/#breadcrumb"},"inLanguage":"sl-SI","potentialAction":[{"@type":"ReadAction","target":["https:\/\/novice.si\/page\/festival-deznikov-ponovno-navdusil-celjane\/"]}]},{"@type":"ImageObject","inLanguage":"sl-SI","@id":"https:\/\/novice.si\/page\/festival-deznikov-ponovno-navdusil-celjane\/#primaryimage","url":"https:\/\/novice.si\/page\/wp-content\/uploads\/2022\/11\/Festival-deznikov-3-1141-scaled.jpg","contentUrl":"https:\/\/novice.si\/page\/wp-content\/uploads\/2022\/11\/Festival-deznikov-3-1141-scaled.jpg","width":2560,"height":1766},{"@type":"BreadcrumbList","@id":"https:\/\/novice.si\/page\/festival-deznikov-ponovno-navdusil-celjane\/#breadcrumb","itemListElement":[{"@type":"ListItem","position":1,"name":"Home","item":"https:\/\/novice.si\/page\/"},{"@type":"ListItem","position":2,"name":"Festival de\u017enikov ponovno navdu\u0161il Celjane"}]},{"@type":"WebSite","@id":"https:\/\/novice.si\/page\/#website","url":"https:\/\/novice.si\/page\/","name":"Novice.si","description":"","publisher":{"@id":"https:\/\/novice.si\/page\/#organization"},"potentialAction":[{"@type":"SearchAction","target":{"@type":"EntryPoint","urlTemplate":"https:\/\/novice.si\/page\/?s={search_term_string}"},"query-input":{"@type":"PropertyValueSpecification","valueRequired":true,"valueName":"search_term_string"}}],"inLanguage":"sl-SI"},{"@type":"Organization","@id":"https:\/\/novice.si\/page\/#organization","name":"Novice.si","url":"https:\/\/novice.si\/page\/","logo":{"@type":"ImageObject","inLanguage":"sl-SI","@id":"https:\/\/novice.si\/page\/#\/schema\/logo\/image\/","url":"https:\/\/novice.si\/page\/wp-content\/uploads\/2023\/03\/novice_si.png","contentUrl":"https:\/\/novice.si\/page\/wp-content\/uploads\/2023\/03\/novice_si.png","width":576,"height":200,"caption":"Novice.si"},"image":{"@id":"https:\/\/novice.si\/page\/#\/schema\/logo\/image\/"}},{"@type":"Person","@id":"https:\/\/novice.si\/page\/#\/schema\/person\/92fda8564875f655675c886e4df22216","name":"Iztok Krajnc","image":{"@type":"ImageObject","inLanguage":"sl-SI","@id":"https:\/\/secure.gravatar.com\/avatar\/2790ff125f883a5a9cb934a574322d28ea850f8f4494d77b487c1950e0096015?s=96&d=mm&r=g","url":"https:\/\/secure.gravatar.com\/avatar\/2790ff125f883a5a9cb934a574322d28ea850f8f4494d77b487c1950e0096015?s=96&d=mm&r=g","contentUrl":"https:\/\/secure.gravatar.com\/avatar\/2790ff125f883a5a9cb934a574322d28ea850f8f4494d77b487c1950e0096015?s=96&d=mm&r=g","caption":"Iztok Krajnc"},"url":"https:\/\/novice.si\/page\/author\/iztok\/"}]}},"_links":{"self":[{"href":"https:\/\/novice.si\/page\/wp-json\/wp\/v2\/posts\/157161","targetHints":{"allow":["GET"]}}],"collection":[{"href":"https:\/\/novice.si\/page\/wp-json\/wp\/v2\/posts"}],"about":[{"href":"https:\/\/novice.si\/page\/wp-json\/wp\/v2\/types\/post"}],"author":[{"embeddable":true,"href":"https:\/\/novice.si\/page\/wp-json\/wp\/v2\/users\/10"}],"replies":[{"embeddable":true,"href":"https:\/\/novice.si\/page\/wp-json\/wp\/v2\/comments?post=157161"}],"version-history":[{"count":2,"href":"https:\/\/novice.si\/page\/wp-json\/wp\/v2\/posts\/157161\/revisions"}],"predecessor-version":[{"id":157166,"href":"https:\/\/novice.si\/page\/wp-json\/wp\/v2\/posts\/157161\/revisions\/157166"}],"wp:featuredmedia":[{"embeddable":true,"href":"https:\/\/novice.si\/page\/wp-json\/wp\/v2\/media\/157164"}],"wp:attachment":[{"href":"https:\/\/novice.si\/page\/wp-json\/wp\/v2\/media?parent=157161"}],"wp:term":[{"taxonomy":"category","embeddable":true,"href":"https:\/\/novice.si\/page\/wp-json\/wp\/v2\/categories?post=157161"},{"taxonomy":"post_tag","embeddable":true,"href":"https:\/\/novice.si\/page\/wp-json\/wp\/v2\/tags?post=157161"}],"curies":[{"name":"wp","href":"https:\/\/api.w.org\/{rel}","templated":true}]}}