{"id":157158,"date":"2022-11-26T23:29:34","date_gmt":"2022-11-26T22:29:34","guid":{"rendered":"https:\/\/novice.si\/page\/?p=157158"},"modified":"2022-11-26T23:29:34","modified_gmt":"2022-11-26T22:29:34","slug":"stiri-drustva-se-iz-konjiskega-stiblca-selijo-na-druge-lokacije","status":"publish","type":"post","link":"https:\/\/novice.si\/page\/stiri-drustva-se-iz-konjiskega-stiblca-selijo-na-druge-lokacije\/","title":{"rendered":"\u0160tiri dru\u0161tva se iz konji\u0161kega \u0160tib&#8217;lca selijo na druge lokacije"},"content":{"rendered":"<p><a href=\"https:\/\/novice.si\/page\/wp-content\/uploads\/2022\/11\/medgeneracijski-center-stiblc.jpg\" data-gallery><img loading=\"lazy\" decoding=\"async\" class=\"size-medium wp-image-157159 alignleft\" src=\"https:\/\/novice.si\/page\/wp-content\/uploads\/2022\/11\/medgeneracijski-center-stiblc-300x200.jpg\" alt=\"\" width=\"300\" height=\"200\" srcset=\"https:\/\/novice.si\/page\/wp-content\/uploads\/2022\/11\/medgeneracijski-center-stiblc-300x200.jpg 300w, https:\/\/novice.si\/page\/wp-content\/uploads\/2022\/11\/medgeneracijski-center-stiblc-768x512.jpg 768w, https:\/\/novice.si\/page\/wp-content\/uploads\/2022\/11\/medgeneracijski-center-stiblc-696x464.jpg 696w, https:\/\/novice.si\/page\/wp-content\/uploads\/2022\/11\/medgeneracijski-center-stiblc-630x420.jpg 630w, https:\/\/novice.si\/page\/wp-content\/uploads\/2022\/11\/medgeneracijski-center-stiblc-24x16.jpg 24w, https:\/\/novice.si\/page\/wp-content\/uploads\/2022\/11\/medgeneracijski-center-stiblc-36x24.jpg 36w, https:\/\/novice.si\/page\/wp-content\/uploads\/2022\/11\/medgeneracijski-center-stiblc-48x32.jpg 48w, https:\/\/novice.si\/page\/wp-content\/uploads\/2022\/11\/medgeneracijski-center-stiblc.jpg 800w\" sizes=\"auto, (max-width: 300px) 100vw, 300px\" \/><\/a>Medgeneracijski center \u0160tib\u2019lc na Slom\u0161kovi ulici v Slovenskih Konjicah bodo izpraznili. \u0160tiri konji\u0161ka dru\u0161tva \u2013 Dru\u0161tvo prijateljev mladine, Turisti\u010dno dru\u0161tvo, \u0160ahovsko dru\u0161tvo ter Dru\u0161tvo likovnikov in fotografov, ga morajo zapustiti do 30. novembra.<br \/>\nDru\u0161tvo prijateljev mladine in Turisti\u010dno dru\u0161tvo se bosta preselila v poslovne prostore na Celjski cesti 16 \u2013 \u0160torkljina hi\u0161a. \u0160ahovsko dru\u0161tvo bo delovalo v &#8216;objektu B&#8217; Dvorca Trebnik, Dru\u0161tvo likovnikov in fotografov pa se seli v prostore Splo\u0161ne knji\u017enice Slovenske Konjice. Razlog za selitev dru\u0161tev je v tem, da bodo predvidoma po koncu zimskih po\u010ditnic, torej v februarju 2023, za\u010deli z obnovo O\u0160 Pod goro, prvo triado pa bodo za kak\u0161no leto in pol preselili prav v nekdanji vrtec. (Jure Mernik)<br \/>\nFoto: arhiv NOVIC<\/p>\n","protected":false},"excerpt":{"rendered":"<p>Medgeneracijski center \u0160tib\u2019lc na Slom\u0161kovi ulici v Slovenskih Konjicah bodo izpraznili. \u0160tiri konji\u0161ka dru\u0161tva \u2013 Dru\u0161tvo prijateljev mladine, Turisti\u010dno dru\u0161tvo, \u0160ahovsko dru\u0161tvo ter Dru\u0161tvo likovnikov in fotografov, ga morajo zapustiti do 30. novembra. Dru\u0161tvo prijateljev mladine in Turisti\u010dno dru\u0161tvo se bosta preselila v poslovne prostore na Celjski cesti 16 \u2013 \u0160torkljina hi\u0161a. \u0160ahovsko dru\u0161tvo bo [&hellip;]<\/p>\n","protected":false},"author":7,"featured_media":157159,"comment_status":"closed","ping_status":"closed","sticky":false,"template":"","format":"standard","meta":{"footnotes":""},"categories":[16],"tags":[16473,4761],"class_list":{"0":"post-157158","1":"post","2":"type-post","3":"status-publish","4":"format-standard","5":"has-post-thumbnail","7":"category-konjisko","8":"tag-slomskova","9":"tag-stiblc"},"yoast_head":"<!-- This site is optimized with the Yoast SEO plugin v27.4 - https:\/\/yoast.com\/product\/yoast-seo-wordpress\/ -->\n<title>\u0160tiri dru\u0161tva se iz konji\u0161kega \u0160tib&#039;lca selijo na druge lokacije - Novice.si<\/title>\n<meta name=\"robots\" content=\"index, follow, max-snippet:-1, max-image-preview:large, max-video-preview:-1\" \/>\n<link rel=\"canonical\" href=\"https:\/\/novice.si\/page\/stiri-drustva-se-iz-konjiskega-stiblca-selijo-na-druge-lokacije\/\" \/>\n<meta property=\"og:locale\" content=\"sl_SI\" \/>\n<meta property=\"og:type\" content=\"article\" \/>\n<meta property=\"og:title\" content=\"\u0160tiri dru\u0161tva se iz konji\u0161kega \u0160tib&#039;lca selijo na druge lokacije - Novice.si\" \/>\n<meta property=\"og:description\" content=\"Medgeneracijski center \u0160tib\u2019lc na Slom\u0161kovi ulici v Slovenskih Konjicah bodo izpraznili. \u0160tiri konji\u0161ka dru\u0161tva \u2013 Dru\u0161tvo prijateljev mladine, Turisti\u010dno dru\u0161tvo, \u0160ahovsko dru\u0161tvo ter Dru\u0161tvo likovnikov in fotografov, ga morajo zapustiti do 30. novembra. Dru\u0161tvo prijateljev mladine in Turisti\u010dno dru\u0161tvo se bosta preselila v poslovne prostore na Celjski cesti 16 \u2013 \u0160torkljina hi\u0161a. \u0160ahovsko dru\u0161tvo bo [&hellip;]\" \/>\n<meta property=\"og:url\" content=\"https:\/\/novice.si\/page\/stiri-drustva-se-iz-konjiskega-stiblca-selijo-na-druge-lokacije\/\" \/>\n<meta property=\"og:site_name\" content=\"Novice.si\" \/>\n<meta property=\"article:published_time\" content=\"2022-11-26T22:29:34+00:00\" \/>\n<meta property=\"og:image\" content=\"https:\/\/novice.si\/page\/wp-content\/uploads\/2022\/11\/medgeneracijski-center-stiblc.jpg\" \/>\n\t<meta property=\"og:image:width\" content=\"800\" \/>\n\t<meta property=\"og:image:height\" content=\"533\" \/>\n\t<meta property=\"og:image:type\" content=\"image\/jpeg\" \/>\n<meta name=\"author\" content=\"Uredni\u0161tvo Novic\" \/>\n<meta name=\"twitter:card\" content=\"summary_large_image\" \/>\n<meta name=\"twitter:label1\" content=\"Written by\" \/>\n\t<meta name=\"twitter:data1\" content=\"Uredni\u0161tvo Novic\" \/>\n\t<meta name=\"twitter:label2\" content=\"Est. reading time\" \/>\n\t<meta name=\"twitter:data2\" content=\"1 minuta\" \/>\n<script type=\"application\/ld+json\" class=\"yoast-schema-graph\">{\"@context\":\"https:\\\/\\\/schema.org\",\"@graph\":[{\"@type\":\"Article\",\"@id\":\"https:\\\/\\\/novice.si\\\/page\\\/stiri-drustva-se-iz-konjiskega-stiblca-selijo-na-druge-lokacije\\\/#article\",\"isPartOf\":{\"@id\":\"https:\\\/\\\/novice.si\\\/page\\\/stiri-drustva-se-iz-konjiskega-stiblca-selijo-na-druge-lokacije\\\/\"},\"author\":{\"name\":\"Uredni\u0161tvo Novic\",\"@id\":\"https:\\\/\\\/novice.si\\\/page\\\/#\\\/schema\\\/person\\\/a877dbb8680d441357ce27663beb35ca\"},\"headline\":\"\u0160tiri dru\u0161tva se iz konji\u0161kega \u0160tib&#8217;lca selijo na druge lokacije\",\"datePublished\":\"2022-11-26T22:29:34+00:00\",\"mainEntityOfPage\":{\"@id\":\"https:\\\/\\\/novice.si\\\/page\\\/stiri-drustva-se-iz-konjiskega-stiblca-selijo-na-druge-lokacije\\\/\"},\"wordCount\":145,\"publisher\":{\"@id\":\"https:\\\/\\\/novice.si\\\/page\\\/#organization\"},\"image\":{\"@id\":\"https:\\\/\\\/novice.si\\\/page\\\/stiri-drustva-se-iz-konjiskega-stiblca-selijo-na-druge-lokacije\\\/#primaryimage\"},\"thumbnailUrl\":\"https:\\\/\\\/novice.si\\\/page\\\/wp-content\\\/uploads\\\/2022\\\/11\\\/medgeneracijski-center-stiblc.jpg\",\"keywords\":[\"Slom\u0161kova\",\"\u0160tiblc\"],\"articleSection\":[\"Konji\u0161ko\"],\"inLanguage\":\"sl-SI\"},{\"@type\":\"WebPage\",\"@id\":\"https:\\\/\\\/novice.si\\\/page\\\/stiri-drustva-se-iz-konjiskega-stiblca-selijo-na-druge-lokacije\\\/\",\"url\":\"https:\\\/\\\/novice.si\\\/page\\\/stiri-drustva-se-iz-konjiskega-stiblca-selijo-na-druge-lokacije\\\/\",\"name\":\"\u0160tiri dru\u0161tva se iz konji\u0161kega \u0160tib'lca selijo na druge lokacije - Novice.si\",\"isPartOf\":{\"@id\":\"https:\\\/\\\/novice.si\\\/page\\\/#website\"},\"primaryImageOfPage\":{\"@id\":\"https:\\\/\\\/novice.si\\\/page\\\/stiri-drustva-se-iz-konjiskega-stiblca-selijo-na-druge-lokacije\\\/#primaryimage\"},\"image\":{\"@id\":\"https:\\\/\\\/novice.si\\\/page\\\/stiri-drustva-se-iz-konjiskega-stiblca-selijo-na-druge-lokacije\\\/#primaryimage\"},\"thumbnailUrl\":\"https:\\\/\\\/novice.si\\\/page\\\/wp-content\\\/uploads\\\/2022\\\/11\\\/medgeneracijski-center-stiblc.jpg\",\"datePublished\":\"2022-11-26T22:29:34+00:00\",\"breadcrumb\":{\"@id\":\"https:\\\/\\\/novice.si\\\/page\\\/stiri-drustva-se-iz-konjiskega-stiblca-selijo-na-druge-lokacije\\\/#breadcrumb\"},\"inLanguage\":\"sl-SI\",\"potentialAction\":[{\"@type\":\"ReadAction\",\"target\":[\"https:\\\/\\\/novice.si\\\/page\\\/stiri-drustva-se-iz-konjiskega-stiblca-selijo-na-druge-lokacije\\\/\"]}]},{\"@type\":\"ImageObject\",\"inLanguage\":\"sl-SI\",\"@id\":\"https:\\\/\\\/novice.si\\\/page\\\/stiri-drustva-se-iz-konjiskega-stiblca-selijo-na-druge-lokacije\\\/#primaryimage\",\"url\":\"https:\\\/\\\/novice.si\\\/page\\\/wp-content\\\/uploads\\\/2022\\\/11\\\/medgeneracijski-center-stiblc.jpg\",\"contentUrl\":\"https:\\\/\\\/novice.si\\\/page\\\/wp-content\\\/uploads\\\/2022\\\/11\\\/medgeneracijski-center-stiblc.jpg\",\"width\":800,\"height\":533},{\"@type\":\"BreadcrumbList\",\"@id\":\"https:\\\/\\\/novice.si\\\/page\\\/stiri-drustva-se-iz-konjiskega-stiblca-selijo-na-druge-lokacije\\\/#breadcrumb\",\"itemListElement\":[{\"@type\":\"ListItem\",\"position\":1,\"name\":\"Home\",\"item\":\"https:\\\/\\\/novice.si\\\/page\\\/\"},{\"@type\":\"ListItem\",\"position\":2,\"name\":\"\u0160tiri dru\u0161tva se iz konji\u0161kega \u0160tib&#8217;lca selijo na druge lokacije\"}]},{\"@type\":\"WebSite\",\"@id\":\"https:\\\/\\\/novice.si\\\/page\\\/#website\",\"url\":\"https:\\\/\\\/novice.si\\\/page\\\/\",\"name\":\"Novice.si\",\"description\":\"\",\"publisher\":{\"@id\":\"https:\\\/\\\/novice.si\\\/page\\\/#organization\"},\"potentialAction\":[{\"@type\":\"SearchAction\",\"target\":{\"@type\":\"EntryPoint\",\"urlTemplate\":\"https:\\\/\\\/novice.si\\\/page\\\/?s={search_term_string}\"},\"query-input\":{\"@type\":\"PropertyValueSpecification\",\"valueRequired\":true,\"valueName\":\"search_term_string\"}}],\"inLanguage\":\"sl-SI\"},{\"@type\":\"Organization\",\"@id\":\"https:\\\/\\\/novice.si\\\/page\\\/#organization\",\"name\":\"Novice.si\",\"url\":\"https:\\\/\\\/novice.si\\\/page\\\/\",\"logo\":{\"@type\":\"ImageObject\",\"inLanguage\":\"sl-SI\",\"@id\":\"https:\\\/\\\/novice.si\\\/page\\\/#\\\/schema\\\/logo\\\/image\\\/\",\"url\":\"https:\\\/\\\/novice.si\\\/page\\\/wp-content\\\/uploads\\\/2023\\\/03\\\/novice_si.png\",\"contentUrl\":\"https:\\\/\\\/novice.si\\\/page\\\/wp-content\\\/uploads\\\/2023\\\/03\\\/novice_si.png\",\"width\":576,\"height\":200,\"caption\":\"Novice.si\"},\"image\":{\"@id\":\"https:\\\/\\\/novice.si\\\/page\\\/#\\\/schema\\\/logo\\\/image\\\/\"}},{\"@type\":\"Person\",\"@id\":\"https:\\\/\\\/novice.si\\\/page\\\/#\\\/schema\\\/person\\\/a877dbb8680d441357ce27663beb35ca\",\"name\":\"Uredni\u0161tvo Novic\",\"image\":{\"@type\":\"ImageObject\",\"inLanguage\":\"sl-SI\",\"@id\":\"https:\\\/\\\/secure.gravatar.com\\\/avatar\\\/f19c0ae874706cc9ba19d2f6da5f74a5a5ee7674f283fed29ce0ad16a9f1893e?s=96&d=mm&r=g\",\"url\":\"https:\\\/\\\/secure.gravatar.com\\\/avatar\\\/f19c0ae874706cc9ba19d2f6da5f74a5a5ee7674f283fed29ce0ad16a9f1893e?s=96&d=mm&r=g\",\"contentUrl\":\"https:\\\/\\\/secure.gravatar.com\\\/avatar\\\/f19c0ae874706cc9ba19d2f6da5f74a5a5ee7674f283fed29ce0ad16a9f1893e?s=96&d=mm&r=g\",\"caption\":\"Uredni\u0161tvo Novic\"},\"url\":\"https:\\\/\\\/novice.si\\\/page\\\/author\\\/jure\\\/\"}]}<\/script>\n<!-- \/ Yoast SEO plugin. -->","yoast_head_json":{"title":"\u0160tiri dru\u0161tva se iz konji\u0161kega \u0160tib'lca selijo na druge lokacije - Novice.si","robots":{"index":"index","follow":"follow","max-snippet":"max-snippet:-1","max-image-preview":"max-image-preview:large","max-video-preview":"max-video-preview:-1"},"canonical":"https:\/\/novice.si\/page\/stiri-drustva-se-iz-konjiskega-stiblca-selijo-na-druge-lokacije\/","og_locale":"sl_SI","og_type":"article","og_title":"\u0160tiri dru\u0161tva se iz konji\u0161kega \u0160tib'lca selijo na druge lokacije - Novice.si","og_description":"Medgeneracijski center \u0160tib\u2019lc na Slom\u0161kovi ulici v Slovenskih Konjicah bodo izpraznili. \u0160tiri konji\u0161ka dru\u0161tva \u2013 Dru\u0161tvo prijateljev mladine, Turisti\u010dno dru\u0161tvo, \u0160ahovsko dru\u0161tvo ter Dru\u0161tvo likovnikov in fotografov, ga morajo zapustiti do 30. novembra. Dru\u0161tvo prijateljev mladine in Turisti\u010dno dru\u0161tvo se bosta preselila v poslovne prostore na Celjski cesti 16 \u2013 \u0160torkljina hi\u0161a. \u0160ahovsko dru\u0161tvo bo [&hellip;]","og_url":"https:\/\/novice.si\/page\/stiri-drustva-se-iz-konjiskega-stiblca-selijo-na-druge-lokacije\/","og_site_name":"Novice.si","article_published_time":"2022-11-26T22:29:34+00:00","og_image":[{"width":800,"height":533,"url":"https:\/\/novice.si\/page\/wp-content\/uploads\/2022\/11\/medgeneracijski-center-stiblc.jpg","type":"image\/jpeg"}],"author":"Uredni\u0161tvo Novic","twitter_card":"summary_large_image","twitter_misc":{"Written by":"Uredni\u0161tvo Novic","Est. reading time":"1 minuta"},"schema":{"@context":"https:\/\/schema.org","@graph":[{"@type":"Article","@id":"https:\/\/novice.si\/page\/stiri-drustva-se-iz-konjiskega-stiblca-selijo-na-druge-lokacije\/#article","isPartOf":{"@id":"https:\/\/novice.si\/page\/stiri-drustva-se-iz-konjiskega-stiblca-selijo-na-druge-lokacije\/"},"author":{"name":"Uredni\u0161tvo Novic","@id":"https:\/\/novice.si\/page\/#\/schema\/person\/a877dbb8680d441357ce27663beb35ca"},"headline":"\u0160tiri dru\u0161tva se iz konji\u0161kega \u0160tib&#8217;lca selijo na druge lokacije","datePublished":"2022-11-26T22:29:34+00:00","mainEntityOfPage":{"@id":"https:\/\/novice.si\/page\/stiri-drustva-se-iz-konjiskega-stiblca-selijo-na-druge-lokacije\/"},"wordCount":145,"publisher":{"@id":"https:\/\/novice.si\/page\/#organization"},"image":{"@id":"https:\/\/novice.si\/page\/stiri-drustva-se-iz-konjiskega-stiblca-selijo-na-druge-lokacije\/#primaryimage"},"thumbnailUrl":"https:\/\/novice.si\/page\/wp-content\/uploads\/2022\/11\/medgeneracijski-center-stiblc.jpg","keywords":["Slom\u0161kova","\u0160tiblc"],"articleSection":["Konji\u0161ko"],"inLanguage":"sl-SI"},{"@type":"WebPage","@id":"https:\/\/novice.si\/page\/stiri-drustva-se-iz-konjiskega-stiblca-selijo-na-druge-lokacije\/","url":"https:\/\/novice.si\/page\/stiri-drustva-se-iz-konjiskega-stiblca-selijo-na-druge-lokacije\/","name":"\u0160tiri dru\u0161tva se iz konji\u0161kega \u0160tib'lca selijo na druge lokacije - Novice.si","isPartOf":{"@id":"https:\/\/novice.si\/page\/#website"},"primaryImageOfPage":{"@id":"https:\/\/novice.si\/page\/stiri-drustva-se-iz-konjiskega-stiblca-selijo-na-druge-lokacije\/#primaryimage"},"image":{"@id":"https:\/\/novice.si\/page\/stiri-drustva-se-iz-konjiskega-stiblca-selijo-na-druge-lokacije\/#primaryimage"},"thumbnailUrl":"https:\/\/novice.si\/page\/wp-content\/uploads\/2022\/11\/medgeneracijski-center-stiblc.jpg","datePublished":"2022-11-26T22:29:34+00:00","breadcrumb":{"@id":"https:\/\/novice.si\/page\/stiri-drustva-se-iz-konjiskega-stiblca-selijo-na-druge-lokacije\/#breadcrumb"},"inLanguage":"sl-SI","potentialAction":[{"@type":"ReadAction","target":["https:\/\/novice.si\/page\/stiri-drustva-se-iz-konjiskega-stiblca-selijo-na-druge-lokacije\/"]}]},{"@type":"ImageObject","inLanguage":"sl-SI","@id":"https:\/\/novice.si\/page\/stiri-drustva-se-iz-konjiskega-stiblca-selijo-na-druge-lokacije\/#primaryimage","url":"https:\/\/novice.si\/page\/wp-content\/uploads\/2022\/11\/medgeneracijski-center-stiblc.jpg","contentUrl":"https:\/\/novice.si\/page\/wp-content\/uploads\/2022\/11\/medgeneracijski-center-stiblc.jpg","width":800,"height":533},{"@type":"BreadcrumbList","@id":"https:\/\/novice.si\/page\/stiri-drustva-se-iz-konjiskega-stiblca-selijo-na-druge-lokacije\/#breadcrumb","itemListElement":[{"@type":"ListItem","position":1,"name":"Home","item":"https:\/\/novice.si\/page\/"},{"@type":"ListItem","position":2,"name":"\u0160tiri dru\u0161tva se iz konji\u0161kega \u0160tib&#8217;lca selijo na druge lokacije"}]},{"@type":"WebSite","@id":"https:\/\/novice.si\/page\/#website","url":"https:\/\/novice.si\/page\/","name":"Novice.si","description":"","publisher":{"@id":"https:\/\/novice.si\/page\/#organization"},"potentialAction":[{"@type":"SearchAction","target":{"@type":"EntryPoint","urlTemplate":"https:\/\/novice.si\/page\/?s={search_term_string}"},"query-input":{"@type":"PropertyValueSpecification","valueRequired":true,"valueName":"search_term_string"}}],"inLanguage":"sl-SI"},{"@type":"Organization","@id":"https:\/\/novice.si\/page\/#organization","name":"Novice.si","url":"https:\/\/novice.si\/page\/","logo":{"@type":"ImageObject","inLanguage":"sl-SI","@id":"https:\/\/novice.si\/page\/#\/schema\/logo\/image\/","url":"https:\/\/novice.si\/page\/wp-content\/uploads\/2023\/03\/novice_si.png","contentUrl":"https:\/\/novice.si\/page\/wp-content\/uploads\/2023\/03\/novice_si.png","width":576,"height":200,"caption":"Novice.si"},"image":{"@id":"https:\/\/novice.si\/page\/#\/schema\/logo\/image\/"}},{"@type":"Person","@id":"https:\/\/novice.si\/page\/#\/schema\/person\/a877dbb8680d441357ce27663beb35ca","name":"Uredni\u0161tvo Novic","image":{"@type":"ImageObject","inLanguage":"sl-SI","@id":"https:\/\/secure.gravatar.com\/avatar\/f19c0ae874706cc9ba19d2f6da5f74a5a5ee7674f283fed29ce0ad16a9f1893e?s=96&d=mm&r=g","url":"https:\/\/secure.gravatar.com\/avatar\/f19c0ae874706cc9ba19d2f6da5f74a5a5ee7674f283fed29ce0ad16a9f1893e?s=96&d=mm&r=g","contentUrl":"https:\/\/secure.gravatar.com\/avatar\/f19c0ae874706cc9ba19d2f6da5f74a5a5ee7674f283fed29ce0ad16a9f1893e?s=96&d=mm&r=g","caption":"Uredni\u0161tvo Novic"},"url":"https:\/\/novice.si\/page\/author\/jure\/"}]}},"_links":{"self":[{"href":"https:\/\/novice.si\/page\/wp-json\/wp\/v2\/posts\/157158","targetHints":{"allow":["GET"]}}],"collection":[{"href":"https:\/\/novice.si\/page\/wp-json\/wp\/v2\/posts"}],"about":[{"href":"https:\/\/novice.si\/page\/wp-json\/wp\/v2\/types\/post"}],"author":[{"embeddable":true,"href":"https:\/\/novice.si\/page\/wp-json\/wp\/v2\/users\/7"}],"replies":[{"embeddable":true,"href":"https:\/\/novice.si\/page\/wp-json\/wp\/v2\/comments?post=157158"}],"version-history":[{"count":1,"href":"https:\/\/novice.si\/page\/wp-json\/wp\/v2\/posts\/157158\/revisions"}],"predecessor-version":[{"id":157160,"href":"https:\/\/novice.si\/page\/wp-json\/wp\/v2\/posts\/157158\/revisions\/157160"}],"wp:featuredmedia":[{"embeddable":true,"href":"https:\/\/novice.si\/page\/wp-json\/wp\/v2\/media\/157159"}],"wp:attachment":[{"href":"https:\/\/novice.si\/page\/wp-json\/wp\/v2\/media?parent=157158"}],"wp:term":[{"taxonomy":"category","embeddable":true,"href":"https:\/\/novice.si\/page\/wp-json\/wp\/v2\/categories?post=157158"},{"taxonomy":"post_tag","embeddable":true,"href":"https:\/\/novice.si\/page\/wp-json\/wp\/v2\/tags?post=157158"}],"curies":[{"name":"wp","href":"https:\/\/api.w.org\/{rel}","templated":true}]}}