{"id":157151,"date":"2022-11-25T22:32:22","date_gmt":"2022-11-25T21:32:22","guid":{"rendered":"https:\/\/novice.si\/page\/?p=157151"},"modified":"2022-11-25T22:32:22","modified_gmt":"2022-11-25T21:32:22","slug":"ucenci-iz-tepanja-obiskali-boruta-pahorja-v-predsedniski-palaci","status":"publish","type":"post","link":"https:\/\/novice.si\/page\/ucenci-iz-tepanja-obiskali-boruta-pahorja-v-predsedniski-palaci\/","title":{"rendered":"U\u010denci iz Tepanja obiskali Boruta Pahorja v Predsedni\u0161ki pala\u010di"},"content":{"rendered":"<p>Predsednik Republike Slovenije <strong>Borut Pahor<\/strong> je danes v Predsedni\u0161ki pala\u010di sprejel u\u010denke in u\u010dence tepanjsek \u0161ole, podru\u017enice konji\u0161ke Osnovne \u0161ole Ob Dravinji.<br \/>\nPahor je otroke na obisk v Predsedni\u0161ko pala\u010do povabil v znak hvale\u017enosti za gostoljubje in edinstven sprejem, ki so mu ga bili pripravili 17. novembra, ko se je udele\u017eil slovesnosti ob odprtju prenovljenih prostorov njihove podru\u017eni\u010dne \u0161ole.<br \/>\nMaja, Ga\u0161per, Jurij in Nik so skupaj s so\u0161olkami in so\u0161olci in ob pomo\u010di u\u010diteljic in u\u010diteljev predsedniku republike priredili sprejem s posebnimi \u010dastmi, v katerem so uprizorili vloge pribo\u010dnika predsednika republike, poveljnika \u010dastne garde in gardistov, bobnarja in vodje protokola. Predsednik Pahor je bil nad domiselnostjo in prepri\u010dljivim nastopom otrok navdu\u0161en in je dejal, da se &#8220;ni\u010d se ne more primerjati s tem do\u017eivetjem&#8221;.<br \/>\nDa bi se jim zahvalil, je predsednik Pahor otroke povabil na obisk v Predsedni\u0161ko pala\u010do in na sladoled, ob tej prilo\u017enosti pa jim je pripravil tudi posebno presene\u010denje.<br \/>\nPredsednik republike je otrokom predstavil sodelavce, ki sodelujejo pri pripravi in izvedbi sprejemov z voja\u0161kimi \u010dastmi ob obiskih tujih dr\u017eavnikov in so bili otrokom navdih in zgled pri uprizoritvi sprejema. Pribo\u010dnik predsednika Republike Slovenije polkovnik <strong>Branko Podbre\u017enik<\/strong>, poveljnik \u010castne garde Slovenske vojske podpolkovnik <strong>Marko Hlastec<\/strong>, vodja Policijskega orkestra <strong>Roman Grabner<\/strong> in \u0161ef Protokola Republike Slovenije<strong>\u00a0Aleksander Strel<\/strong> so u\u010denkam in u\u010dencem predstavili svoje delo, gardisti in glasbeniki Policijskega orkestra pa so posebej zanje pripravili kratek program.<br \/>\nV nadaljevanju je predsednik Pahor otroke popeljal skozi prostore Predsedni\u0161ke pala\u010de, vse od Zlatega salona do otro\u0161kega koti\u010dka, svoje pisarne in razstavljenih protokolarnih daril, ob koncu pa so se otroci vrnili v Veliko dvorano in dobili sladoled.<br \/>\nFoto: Neboj\u0161a Teji\u0107\/STA<\/p>\n\r\n                <style type=\"text\/css\">\r\n                    \r\n                    #tdi_1  .td-doubleSlider-2 .td-item1 {\r\n                        background: url(https:\/\/novice.si\/page\/wp-content\/uploads\/2022\/11\/Ogled_Tepanje_szj-80x60.jpg) 0 0 no-repeat;\r\n                    }\r\n                    #tdi_1  .td-doubleSlider-2 .td-item2 {\r\n                        background: url(https:\/\/novice.si\/page\/wp-content\/uploads\/2022\/11\/Skupinska_Tepanje_szj-80x60.jpg) 0 0 no-repeat;\r\n                    }\r\n                    #tdi_1  .td-doubleSlider-2 .td-item3 {\r\n                        background: url(https:\/\/novice.si\/page\/wp-content\/uploads\/2022\/11\/Skupinska2_Tepanje_szj-80x60.jpg) 0 0 no-repeat;\r\n                    }\r\n                <\/style>\r\n\r\n                <div id=\"tdi_1\" class=\"td-gallery td-slide-on-2-columns\">\r\n                    <div class=\"post_td_gallery\">\r\n                        <div class=\"td-gallery-slide-top\">\r\n                           <div class=\"td-gallery-title\"><\/div>\r\n\r\n                            <div class=\"td-gallery-controls-wrapper\">\r\n                                <div class=\"td-gallery-slide-count\"><span class=\"td-gallery-slide-item-focus\">1<\/span> od 3<\/div>\r\n                                <div class=\"td-gallery-slide-prev-next-but\">\r\n                                    <i class = \"td-icon-left doubleSliderPrevButton\"><\/i>\r\n                                    <i class = \"td-icon-right doubleSliderNextButton\"><\/i>\r\n                                <\/div>\r\n                            <\/div>\r\n                        <\/div>\r\n\r\n                        <div class = \"td-doubleSlider-1 \">\r\n                            <div class = \"td-slider\">\r\n                                \r\n                    <div class = \"td-slide-item td-item1\">\r\n                        <figure class=\"td-slide-galery-figure td-slide-popup-gallery\">\r\n                            <a class=\"slide-gallery-image-link\" href=\"https:\/\/novice.si\/page\/wp-content\/uploads\/2022\/11\/Ogled_Tepanje_szj.jpg\" title=\"Ogled_Tepanje_szj\"  data-caption=\"\"  data-description=\"\" data-gallery>\r\n                                <img decoding=\"async\" src=\"https:\/\/novice.si\/page\/wp-content\/uploads\/2022\/11\/Ogled_Tepanje_szj-630x420.jpg\" srcset=\"https:\/\/novice.si\/page\/wp-content\/uploads\/2022\/11\/Ogled_Tepanje_szj-630x420.jpg 630w, https:\/\/novice.si\/page\/wp-content\/uploads\/2022\/11\/Ogled_Tepanje_szj-300x200.jpg 300w, https:\/\/novice.si\/page\/wp-content\/uploads\/2022\/11\/Ogled_Tepanje_szj-768x512.jpg 768w, https:\/\/novice.si\/page\/wp-content\/uploads\/2022\/11\/Ogled_Tepanje_szj-696x464.jpg 696w, https:\/\/novice.si\/page\/wp-content\/uploads\/2022\/11\/Ogled_Tepanje_szj-24x16.jpg 24w, https:\/\/novice.si\/page\/wp-content\/uploads\/2022\/11\/Ogled_Tepanje_szj-36x24.jpg 36w, https:\/\/novice.si\/page\/wp-content\/uploads\/2022\/11\/Ogled_Tepanje_szj-48x32.jpg 48w, https:\/\/novice.si\/page\/wp-content\/uploads\/2022\/11\/Ogled_Tepanje_szj.jpg 1024w\" sizes=\"(max-width: 630px) 100vw, 630px\" alt=\"\">\r\n                            <\/a>\r\n                            \r\n                        <\/figure>\r\n                    <\/div>\r\n                    <div class = \"td-slide-item td-item2\">\r\n                        <figure class=\"td-slide-galery-figure td-slide-popup-gallery\">\r\n                            <a class=\"slide-gallery-image-link\" href=\"https:\/\/novice.si\/page\/wp-content\/uploads\/2022\/11\/Skupinska_Tepanje_szj.jpg\" title=\"Skupinska_Tepanje_szj\"  data-caption=\"\"  data-description=\"\" data-gallery>\r\n                                <img decoding=\"async\" src=\"https:\/\/novice.si\/page\/wp-content\/uploads\/2022\/11\/Skupinska_Tepanje_szj-630x420.jpg\" srcset=\"https:\/\/novice.si\/page\/wp-content\/uploads\/2022\/11\/Skupinska_Tepanje_szj-630x420.jpg 630w, https:\/\/novice.si\/page\/wp-content\/uploads\/2022\/11\/Skupinska_Tepanje_szj-300x200.jpg 300w, https:\/\/novice.si\/page\/wp-content\/uploads\/2022\/11\/Skupinska_Tepanje_szj-768x512.jpg 768w, https:\/\/novice.si\/page\/wp-content\/uploads\/2022\/11\/Skupinska_Tepanje_szj-696x464.jpg 696w, https:\/\/novice.si\/page\/wp-content\/uploads\/2022\/11\/Skupinska_Tepanje_szj-24x16.jpg 24w, https:\/\/novice.si\/page\/wp-content\/uploads\/2022\/11\/Skupinska_Tepanje_szj-36x24.jpg 36w, https:\/\/novice.si\/page\/wp-content\/uploads\/2022\/11\/Skupinska_Tepanje_szj-48x32.jpg 48w, https:\/\/novice.si\/page\/wp-content\/uploads\/2022\/11\/Skupinska_Tepanje_szj.jpg 1024w\" sizes=\"(max-width: 630px) 100vw, 630px\" alt=\"\">\r\n                            <\/a>\r\n                            \r\n                        <\/figure>\r\n                    <\/div>\r\n                    <div class = \"td-slide-item td-item3\">\r\n                        <figure class=\"td-slide-galery-figure td-slide-popup-gallery\">\r\n                            <a class=\"slide-gallery-image-link\" href=\"https:\/\/novice.si\/page\/wp-content\/uploads\/2022\/11\/Skupinska2_Tepanje_szj.jpg\" title=\"Skupinska2_Tepanje_szj\"  data-caption=\"\"  data-description=\"\" data-gallery>\r\n                                <img decoding=\"async\" src=\"https:\/\/novice.si\/page\/wp-content\/uploads\/2022\/11\/Skupinska2_Tepanje_szj-630x420.jpg\" srcset=\"https:\/\/novice.si\/page\/wp-content\/uploads\/2022\/11\/Skupinska2_Tepanje_szj-630x420.jpg 630w, https:\/\/novice.si\/page\/wp-content\/uploads\/2022\/11\/Skupinska2_Tepanje_szj-300x200.jpg 300w, https:\/\/novice.si\/page\/wp-content\/uploads\/2022\/11\/Skupinska2_Tepanje_szj-768x512.jpg 768w, https:\/\/novice.si\/page\/wp-content\/uploads\/2022\/11\/Skupinska2_Tepanje_szj-696x464.jpg 696w, https:\/\/novice.si\/page\/wp-content\/uploads\/2022\/11\/Skupinska2_Tepanje_szj-24x16.jpg 24w, https:\/\/novice.si\/page\/wp-content\/uploads\/2022\/11\/Skupinska2_Tepanje_szj-36x24.jpg 36w, https:\/\/novice.si\/page\/wp-content\/uploads\/2022\/11\/Skupinska2_Tepanje_szj-48x32.jpg 48w, https:\/\/novice.si\/page\/wp-content\/uploads\/2022\/11\/Skupinska2_Tepanje_szj.jpg 1024w\" sizes=\"(max-width: 630px) 100vw, 630px\" alt=\"\">\r\n                            <\/a>\r\n                            \r\n                        <\/figure>\r\n                    <\/div>\r\n                            <\/div>\r\n                        <\/div>\r\n\r\n                        <div class = \"td-doubleSlider-2\">\r\n                            <div class = \"td-slider\">\r\n                                \r\n                    <div class = \"td-button td-item1\">\r\n                        <div class = \"td-border\"><\/div>\r\n                    <\/div>\r\n                    <div class = \"td-button td-item2\">\r\n                        <div class = \"td-border\"><\/div>\r\n                    <\/div>\r\n                    <div class = \"td-button td-item3\">\r\n                        <div class = \"td-border\"><\/div>\r\n                    <\/div>\r\n                            <\/div>\r\n                        <\/div>\r\n\r\n                    <\/div>\r\n\r\n                <\/div>\r\n                \n","protected":false},"excerpt":{"rendered":"<p>Predsednik Republike Slovenije Borut Pahor je danes v Predsedni\u0161ki pala\u010di sprejel u\u010denke in u\u010dence tepanjsek \u0161ole, podru\u017enice konji\u0161ke Osnovne \u0161ole Ob Dravinji. Pahor je otroke na obisk v Predsedni\u0161ko pala\u010do povabil v znak hvale\u017enosti za gostoljubje in edinstven sprejem, ki so mu ga bili pripravili 17. novembra, ko se je udele\u017eil slovesnosti ob odprtju prenovljenih [&hellip;]<\/p>\n","protected":false},"author":7,"featured_media":157153,"comment_status":"closed","ping_status":"closed","sticky":false,"template":"","format":"standard","meta":{"footnotes":""},"categories":[14,16],"tags":[809,16472],"class_list":{"0":"post-157151","1":"post","2":"type-post","3":"status-publish","4":"format-standard","5":"has-post-thumbnail","7":"category-aktualno","8":"category-konjisko","9":"tag-borut-pahor","10":"tag-os-tepanje"},"yoast_head":"<!-- This site is optimized with the Yoast SEO plugin v27.4 - https:\/\/yoast.com\/product\/yoast-seo-wordpress\/ -->\n<title>U\u010denci iz Tepanja obiskali Boruta Pahorja v Predsedni\u0161ki pala\u010di - Novice.si<\/title>\n<meta name=\"robots\" content=\"index, follow, max-snippet:-1, max-image-preview:large, max-video-preview:-1\" \/>\n<link rel=\"canonical\" href=\"https:\/\/novice.si\/page\/ucenci-iz-tepanja-obiskali-boruta-pahorja-v-predsedniski-palaci\/\" \/>\n<meta property=\"og:locale\" content=\"sl_SI\" \/>\n<meta property=\"og:type\" content=\"article\" \/>\n<meta property=\"og:title\" content=\"U\u010denci iz Tepanja obiskali Boruta Pahorja v Predsedni\u0161ki pala\u010di - Novice.si\" \/>\n<meta property=\"og:description\" content=\"Predsednik Republike Slovenije Borut Pahor je danes v Predsedni\u0161ki pala\u010di sprejel u\u010denke in u\u010dence tepanjsek \u0161ole, podru\u017enice konji\u0161ke Osnovne \u0161ole Ob Dravinji. Pahor je otroke na obisk v Predsedni\u0161ko pala\u010do povabil v znak hvale\u017enosti za gostoljubje in edinstven sprejem, ki so mu ga bili pripravili 17. novembra, ko se je udele\u017eil slovesnosti ob odprtju prenovljenih [&hellip;]\" \/>\n<meta property=\"og:url\" content=\"https:\/\/novice.si\/page\/ucenci-iz-tepanja-obiskali-boruta-pahorja-v-predsedniski-palaci\/\" \/>\n<meta property=\"og:site_name\" content=\"Novice.si\" \/>\n<meta property=\"article:published_time\" content=\"2022-11-25T21:32:22+00:00\" \/>\n<meta property=\"og:image\" content=\"https:\/\/novice.si\/page\/wp-content\/uploads\/2022\/11\/Skupinska_Tepanje_szj.jpg\" \/>\n\t<meta property=\"og:image:width\" content=\"1024\" \/>\n\t<meta property=\"og:image:height\" content=\"683\" \/>\n\t<meta property=\"og:image:type\" content=\"image\/jpeg\" \/>\n<meta name=\"author\" content=\"Uredni\u0161tvo Novic\" \/>\n<meta name=\"twitter:card\" content=\"summary_large_image\" \/>\n<meta name=\"twitter:label1\" content=\"Written by\" \/>\n\t<meta name=\"twitter:data1\" content=\"Uredni\u0161tvo Novic\" \/>\n\t<meta name=\"twitter:label2\" content=\"Est. reading time\" \/>\n\t<meta name=\"twitter:data2\" content=\"2 minuti\" \/>\n<script type=\"application\/ld+json\" class=\"yoast-schema-graph\">{\"@context\":\"https:\\\/\\\/schema.org\",\"@graph\":[{\"@type\":\"Article\",\"@id\":\"https:\\\/\\\/novice.si\\\/page\\\/ucenci-iz-tepanja-obiskali-boruta-pahorja-v-predsedniski-palaci\\\/#article\",\"isPartOf\":{\"@id\":\"https:\\\/\\\/novice.si\\\/page\\\/ucenci-iz-tepanja-obiskali-boruta-pahorja-v-predsedniski-palaci\\\/\"},\"author\":{\"name\":\"Uredni\u0161tvo Novic\",\"@id\":\"https:\\\/\\\/novice.si\\\/page\\\/#\\\/schema\\\/person\\\/a877dbb8680d441357ce27663beb35ca\"},\"headline\":\"U\u010denci iz Tepanja obiskali Boruta Pahorja v Predsedni\u0161ki pala\u010di\",\"datePublished\":\"2022-11-25T21:32:22+00:00\",\"mainEntityOfPage\":{\"@id\":\"https:\\\/\\\/novice.si\\\/page\\\/ucenci-iz-tepanja-obiskali-boruta-pahorja-v-predsedniski-palaci\\\/\"},\"wordCount\":326,\"publisher\":{\"@id\":\"https:\\\/\\\/novice.si\\\/page\\\/#organization\"},\"image\":{\"@id\":\"https:\\\/\\\/novice.si\\\/page\\\/ucenci-iz-tepanja-obiskali-boruta-pahorja-v-predsedniski-palaci\\\/#primaryimage\"},\"thumbnailUrl\":\"https:\\\/\\\/novice.si\\\/page\\\/wp-content\\\/uploads\\\/2022\\\/11\\\/Skupinska_Tepanje_szj.jpg\",\"keywords\":[\"Borut Pahor\",\"O\u0160 Tepanje\"],\"articleSection\":[\"Aktualno\",\"Konji\u0161ko\"],\"inLanguage\":\"sl-SI\"},{\"@type\":\"WebPage\",\"@id\":\"https:\\\/\\\/novice.si\\\/page\\\/ucenci-iz-tepanja-obiskali-boruta-pahorja-v-predsedniski-palaci\\\/\",\"url\":\"https:\\\/\\\/novice.si\\\/page\\\/ucenci-iz-tepanja-obiskali-boruta-pahorja-v-predsedniski-palaci\\\/\",\"name\":\"U\u010denci iz Tepanja obiskali Boruta Pahorja v Predsedni\u0161ki pala\u010di - Novice.si\",\"isPartOf\":{\"@id\":\"https:\\\/\\\/novice.si\\\/page\\\/#website\"},\"primaryImageOfPage\":{\"@id\":\"https:\\\/\\\/novice.si\\\/page\\\/ucenci-iz-tepanja-obiskali-boruta-pahorja-v-predsedniski-palaci\\\/#primaryimage\"},\"image\":{\"@id\":\"https:\\\/\\\/novice.si\\\/page\\\/ucenci-iz-tepanja-obiskali-boruta-pahorja-v-predsedniski-palaci\\\/#primaryimage\"},\"thumbnailUrl\":\"https:\\\/\\\/novice.si\\\/page\\\/wp-content\\\/uploads\\\/2022\\\/11\\\/Skupinska_Tepanje_szj.jpg\",\"datePublished\":\"2022-11-25T21:32:22+00:00\",\"breadcrumb\":{\"@id\":\"https:\\\/\\\/novice.si\\\/page\\\/ucenci-iz-tepanja-obiskali-boruta-pahorja-v-predsedniski-palaci\\\/#breadcrumb\"},\"inLanguage\":\"sl-SI\",\"potentialAction\":[{\"@type\":\"ReadAction\",\"target\":[\"https:\\\/\\\/novice.si\\\/page\\\/ucenci-iz-tepanja-obiskali-boruta-pahorja-v-predsedniski-palaci\\\/\"]}]},{\"@type\":\"ImageObject\",\"inLanguage\":\"sl-SI\",\"@id\":\"https:\\\/\\\/novice.si\\\/page\\\/ucenci-iz-tepanja-obiskali-boruta-pahorja-v-predsedniski-palaci\\\/#primaryimage\",\"url\":\"https:\\\/\\\/novice.si\\\/page\\\/wp-content\\\/uploads\\\/2022\\\/11\\\/Skupinska_Tepanje_szj.jpg\",\"contentUrl\":\"https:\\\/\\\/novice.si\\\/page\\\/wp-content\\\/uploads\\\/2022\\\/11\\\/Skupinska_Tepanje_szj.jpg\",\"width\":1024,\"height\":683},{\"@type\":\"BreadcrumbList\",\"@id\":\"https:\\\/\\\/novice.si\\\/page\\\/ucenci-iz-tepanja-obiskali-boruta-pahorja-v-predsedniski-palaci\\\/#breadcrumb\",\"itemListElement\":[{\"@type\":\"ListItem\",\"position\":1,\"name\":\"Home\",\"item\":\"https:\\\/\\\/novice.si\\\/page\\\/\"},{\"@type\":\"ListItem\",\"position\":2,\"name\":\"U\u010denci iz Tepanja obiskali Boruta Pahorja v Predsedni\u0161ki pala\u010di\"}]},{\"@type\":\"WebSite\",\"@id\":\"https:\\\/\\\/novice.si\\\/page\\\/#website\",\"url\":\"https:\\\/\\\/novice.si\\\/page\\\/\",\"name\":\"Novice.si\",\"description\":\"\",\"publisher\":{\"@id\":\"https:\\\/\\\/novice.si\\\/page\\\/#organization\"},\"potentialAction\":[{\"@type\":\"SearchAction\",\"target\":{\"@type\":\"EntryPoint\",\"urlTemplate\":\"https:\\\/\\\/novice.si\\\/page\\\/?s={search_term_string}\"},\"query-input\":{\"@type\":\"PropertyValueSpecification\",\"valueRequired\":true,\"valueName\":\"search_term_string\"}}],\"inLanguage\":\"sl-SI\"},{\"@type\":\"Organization\",\"@id\":\"https:\\\/\\\/novice.si\\\/page\\\/#organization\",\"name\":\"Novice.si\",\"url\":\"https:\\\/\\\/novice.si\\\/page\\\/\",\"logo\":{\"@type\":\"ImageObject\",\"inLanguage\":\"sl-SI\",\"@id\":\"https:\\\/\\\/novice.si\\\/page\\\/#\\\/schema\\\/logo\\\/image\\\/\",\"url\":\"https:\\\/\\\/novice.si\\\/page\\\/wp-content\\\/uploads\\\/2023\\\/03\\\/novice_si.png\",\"contentUrl\":\"https:\\\/\\\/novice.si\\\/page\\\/wp-content\\\/uploads\\\/2023\\\/03\\\/novice_si.png\",\"width\":576,\"height\":200,\"caption\":\"Novice.si\"},\"image\":{\"@id\":\"https:\\\/\\\/novice.si\\\/page\\\/#\\\/schema\\\/logo\\\/image\\\/\"}},{\"@type\":\"Person\",\"@id\":\"https:\\\/\\\/novice.si\\\/page\\\/#\\\/schema\\\/person\\\/a877dbb8680d441357ce27663beb35ca\",\"name\":\"Uredni\u0161tvo Novic\",\"image\":{\"@type\":\"ImageObject\",\"inLanguage\":\"sl-SI\",\"@id\":\"https:\\\/\\\/secure.gravatar.com\\\/avatar\\\/f19c0ae874706cc9ba19d2f6da5f74a5a5ee7674f283fed29ce0ad16a9f1893e?s=96&d=mm&r=g\",\"url\":\"https:\\\/\\\/secure.gravatar.com\\\/avatar\\\/f19c0ae874706cc9ba19d2f6da5f74a5a5ee7674f283fed29ce0ad16a9f1893e?s=96&d=mm&r=g\",\"contentUrl\":\"https:\\\/\\\/secure.gravatar.com\\\/avatar\\\/f19c0ae874706cc9ba19d2f6da5f74a5a5ee7674f283fed29ce0ad16a9f1893e?s=96&d=mm&r=g\",\"caption\":\"Uredni\u0161tvo Novic\"},\"url\":\"https:\\\/\\\/novice.si\\\/page\\\/author\\\/jure\\\/\"}]}<\/script>\n<!-- \/ Yoast SEO plugin. -->","yoast_head_json":{"title":"U\u010denci iz Tepanja obiskali Boruta Pahorja v Predsedni\u0161ki pala\u010di - Novice.si","robots":{"index":"index","follow":"follow","max-snippet":"max-snippet:-1","max-image-preview":"max-image-preview:large","max-video-preview":"max-video-preview:-1"},"canonical":"https:\/\/novice.si\/page\/ucenci-iz-tepanja-obiskali-boruta-pahorja-v-predsedniski-palaci\/","og_locale":"sl_SI","og_type":"article","og_title":"U\u010denci iz Tepanja obiskali Boruta Pahorja v Predsedni\u0161ki pala\u010di - Novice.si","og_description":"Predsednik Republike Slovenije Borut Pahor je danes v Predsedni\u0161ki pala\u010di sprejel u\u010denke in u\u010dence tepanjsek \u0161ole, podru\u017enice konji\u0161ke Osnovne \u0161ole Ob Dravinji. Pahor je otroke na obisk v Predsedni\u0161ko pala\u010do povabil v znak hvale\u017enosti za gostoljubje in edinstven sprejem, ki so mu ga bili pripravili 17. novembra, ko se je udele\u017eil slovesnosti ob odprtju prenovljenih [&hellip;]","og_url":"https:\/\/novice.si\/page\/ucenci-iz-tepanja-obiskali-boruta-pahorja-v-predsedniski-palaci\/","og_site_name":"Novice.si","article_published_time":"2022-11-25T21:32:22+00:00","og_image":[{"width":1024,"height":683,"url":"https:\/\/novice.si\/page\/wp-content\/uploads\/2022\/11\/Skupinska_Tepanje_szj.jpg","type":"image\/jpeg"}],"author":"Uredni\u0161tvo Novic","twitter_card":"summary_large_image","twitter_misc":{"Written by":"Uredni\u0161tvo Novic","Est. reading time":"2 minuti"},"schema":{"@context":"https:\/\/schema.org","@graph":[{"@type":"Article","@id":"https:\/\/novice.si\/page\/ucenci-iz-tepanja-obiskali-boruta-pahorja-v-predsedniski-palaci\/#article","isPartOf":{"@id":"https:\/\/novice.si\/page\/ucenci-iz-tepanja-obiskali-boruta-pahorja-v-predsedniski-palaci\/"},"author":{"name":"Uredni\u0161tvo Novic","@id":"https:\/\/novice.si\/page\/#\/schema\/person\/a877dbb8680d441357ce27663beb35ca"},"headline":"U\u010denci iz Tepanja obiskali Boruta Pahorja v Predsedni\u0161ki pala\u010di","datePublished":"2022-11-25T21:32:22+00:00","mainEntityOfPage":{"@id":"https:\/\/novice.si\/page\/ucenci-iz-tepanja-obiskali-boruta-pahorja-v-predsedniski-palaci\/"},"wordCount":326,"publisher":{"@id":"https:\/\/novice.si\/page\/#organization"},"image":{"@id":"https:\/\/novice.si\/page\/ucenci-iz-tepanja-obiskali-boruta-pahorja-v-predsedniski-palaci\/#primaryimage"},"thumbnailUrl":"https:\/\/novice.si\/page\/wp-content\/uploads\/2022\/11\/Skupinska_Tepanje_szj.jpg","keywords":["Borut Pahor","O\u0160 Tepanje"],"articleSection":["Aktualno","Konji\u0161ko"],"inLanguage":"sl-SI"},{"@type":"WebPage","@id":"https:\/\/novice.si\/page\/ucenci-iz-tepanja-obiskali-boruta-pahorja-v-predsedniski-palaci\/","url":"https:\/\/novice.si\/page\/ucenci-iz-tepanja-obiskali-boruta-pahorja-v-predsedniski-palaci\/","name":"U\u010denci iz Tepanja obiskali Boruta Pahorja v Predsedni\u0161ki pala\u010di - Novice.si","isPartOf":{"@id":"https:\/\/novice.si\/page\/#website"},"primaryImageOfPage":{"@id":"https:\/\/novice.si\/page\/ucenci-iz-tepanja-obiskali-boruta-pahorja-v-predsedniski-palaci\/#primaryimage"},"image":{"@id":"https:\/\/novice.si\/page\/ucenci-iz-tepanja-obiskali-boruta-pahorja-v-predsedniski-palaci\/#primaryimage"},"thumbnailUrl":"https:\/\/novice.si\/page\/wp-content\/uploads\/2022\/11\/Skupinska_Tepanje_szj.jpg","datePublished":"2022-11-25T21:32:22+00:00","breadcrumb":{"@id":"https:\/\/novice.si\/page\/ucenci-iz-tepanja-obiskali-boruta-pahorja-v-predsedniski-palaci\/#breadcrumb"},"inLanguage":"sl-SI","potentialAction":[{"@type":"ReadAction","target":["https:\/\/novice.si\/page\/ucenci-iz-tepanja-obiskali-boruta-pahorja-v-predsedniski-palaci\/"]}]},{"@type":"ImageObject","inLanguage":"sl-SI","@id":"https:\/\/novice.si\/page\/ucenci-iz-tepanja-obiskali-boruta-pahorja-v-predsedniski-palaci\/#primaryimage","url":"https:\/\/novice.si\/page\/wp-content\/uploads\/2022\/11\/Skupinska_Tepanje_szj.jpg","contentUrl":"https:\/\/novice.si\/page\/wp-content\/uploads\/2022\/11\/Skupinska_Tepanje_szj.jpg","width":1024,"height":683},{"@type":"BreadcrumbList","@id":"https:\/\/novice.si\/page\/ucenci-iz-tepanja-obiskali-boruta-pahorja-v-predsedniski-palaci\/#breadcrumb","itemListElement":[{"@type":"ListItem","position":1,"name":"Home","item":"https:\/\/novice.si\/page\/"},{"@type":"ListItem","position":2,"name":"U\u010denci iz Tepanja obiskali Boruta Pahorja v Predsedni\u0161ki pala\u010di"}]},{"@type":"WebSite","@id":"https:\/\/novice.si\/page\/#website","url":"https:\/\/novice.si\/page\/","name":"Novice.si","description":"","publisher":{"@id":"https:\/\/novice.si\/page\/#organization"},"potentialAction":[{"@type":"SearchAction","target":{"@type":"EntryPoint","urlTemplate":"https:\/\/novice.si\/page\/?s={search_term_string}"},"query-input":{"@type":"PropertyValueSpecification","valueRequired":true,"valueName":"search_term_string"}}],"inLanguage":"sl-SI"},{"@type":"Organization","@id":"https:\/\/novice.si\/page\/#organization","name":"Novice.si","url":"https:\/\/novice.si\/page\/","logo":{"@type":"ImageObject","inLanguage":"sl-SI","@id":"https:\/\/novice.si\/page\/#\/schema\/logo\/image\/","url":"https:\/\/novice.si\/page\/wp-content\/uploads\/2023\/03\/novice_si.png","contentUrl":"https:\/\/novice.si\/page\/wp-content\/uploads\/2023\/03\/novice_si.png","width":576,"height":200,"caption":"Novice.si"},"image":{"@id":"https:\/\/novice.si\/page\/#\/schema\/logo\/image\/"}},{"@type":"Person","@id":"https:\/\/novice.si\/page\/#\/schema\/person\/a877dbb8680d441357ce27663beb35ca","name":"Uredni\u0161tvo Novic","image":{"@type":"ImageObject","inLanguage":"sl-SI","@id":"https:\/\/secure.gravatar.com\/avatar\/f19c0ae874706cc9ba19d2f6da5f74a5a5ee7674f283fed29ce0ad16a9f1893e?s=96&d=mm&r=g","url":"https:\/\/secure.gravatar.com\/avatar\/f19c0ae874706cc9ba19d2f6da5f74a5a5ee7674f283fed29ce0ad16a9f1893e?s=96&d=mm&r=g","contentUrl":"https:\/\/secure.gravatar.com\/avatar\/f19c0ae874706cc9ba19d2f6da5f74a5a5ee7674f283fed29ce0ad16a9f1893e?s=96&d=mm&r=g","caption":"Uredni\u0161tvo Novic"},"url":"https:\/\/novice.si\/page\/author\/jure\/"}]}},"_links":{"self":[{"href":"https:\/\/novice.si\/page\/wp-json\/wp\/v2\/posts\/157151","targetHints":{"allow":["GET"]}}],"collection":[{"href":"https:\/\/novice.si\/page\/wp-json\/wp\/v2\/posts"}],"about":[{"href":"https:\/\/novice.si\/page\/wp-json\/wp\/v2\/types\/post"}],"author":[{"embeddable":true,"href":"https:\/\/novice.si\/page\/wp-json\/wp\/v2\/users\/7"}],"replies":[{"embeddable":true,"href":"https:\/\/novice.si\/page\/wp-json\/wp\/v2\/comments?post=157151"}],"version-history":[{"count":1,"href":"https:\/\/novice.si\/page\/wp-json\/wp\/v2\/posts\/157151\/revisions"}],"predecessor-version":[{"id":157155,"href":"https:\/\/novice.si\/page\/wp-json\/wp\/v2\/posts\/157151\/revisions\/157155"}],"wp:featuredmedia":[{"embeddable":true,"href":"https:\/\/novice.si\/page\/wp-json\/wp\/v2\/media\/157153"}],"wp:attachment":[{"href":"https:\/\/novice.si\/page\/wp-json\/wp\/v2\/media?parent=157151"}],"wp:term":[{"taxonomy":"category","embeddable":true,"href":"https:\/\/novice.si\/page\/wp-json\/wp\/v2\/categories?post=157151"},{"taxonomy":"post_tag","embeddable":true,"href":"https:\/\/novice.si\/page\/wp-json\/wp\/v2\/tags?post=157151"}],"curies":[{"name":"wp","href":"https:\/\/api.w.org\/{rel}","templated":true}]}}