{"id":157033,"date":"2022-11-23T12:33:08","date_gmt":"2022-11-23T11:33:08","guid":{"rendered":"https:\/\/novice.si\/page\/?p=157033"},"modified":"2022-11-23T12:33:08","modified_gmt":"2022-11-23T11:33:08","slug":"celje-na-sojenju-branku-krklecu-pricali-policisti","status":"publish","type":"post","link":"https:\/\/novice.si\/page\/celje-na-sojenju-branku-krklecu-pricali-policisti\/","title":{"rendered":"CELJE Na sojenju Branku Krklecu pri\u010dali policisti"},"content":{"rendered":"<p>Celjs<a href=\"https:\/\/novice.si\/page\/wp-content\/uploads\/2022\/11\/Krklec-23nov22-2-scaled.jpg\" data-gallery><img loading=\"lazy\" decoding=\"async\" class=\" wp-image-157036 alignleft\" src=\"https:\/\/novice.si\/page\/wp-content\/uploads\/2022\/11\/Krklec-23nov22-2-300x225.jpg\" alt=\"\" width=\"263\" height=\"197\" srcset=\"https:\/\/novice.si\/page\/wp-content\/uploads\/2022\/11\/Krklec-23nov22-2-300x225.jpg 300w, https:\/\/novice.si\/page\/wp-content\/uploads\/2022\/11\/Krklec-23nov22-2-1024x768.jpg 1024w, https:\/\/novice.si\/page\/wp-content\/uploads\/2022\/11\/Krklec-23nov22-2-768x576.jpg 768w, https:\/\/novice.si\/page\/wp-content\/uploads\/2022\/11\/Krklec-23nov22-2-1536x1152.jpg 1536w, https:\/\/novice.si\/page\/wp-content\/uploads\/2022\/11\/Krklec-23nov22-2-2048x1536.jpg 2048w, https:\/\/novice.si\/page\/wp-content\/uploads\/2022\/11\/Krklec-23nov22-2-80x60.jpg 80w, https:\/\/novice.si\/page\/wp-content\/uploads\/2022\/11\/Krklec-23nov22-2-265x198.jpg 265w, https:\/\/novice.si\/page\/wp-content\/uploads\/2022\/11\/Krklec-23nov22-2-696x522.jpg 696w, https:\/\/novice.si\/page\/wp-content\/uploads\/2022\/11\/Krklec-23nov22-2-1068x801.jpg 1068w, https:\/\/novice.si\/page\/wp-content\/uploads\/2022\/11\/Krklec-23nov22-2-560x420.jpg 560w, https:\/\/novice.si\/page\/wp-content\/uploads\/2022\/11\/Krklec-23nov22-2-24x18.jpg 24w, https:\/\/novice.si\/page\/wp-content\/uploads\/2022\/11\/Krklec-23nov22-2-36x27.jpg 36w, https:\/\/novice.si\/page\/wp-content\/uploads\/2022\/11\/Krklec-23nov22-2-48x36.jpg 48w\" sizes=\"auto, (max-width: 263px) 100vw, 263px\" \/><\/a>ko sodi\u0161\u010de z novimi pri\u010dami dopoldne nadaljevalo sojenje 66-letnemu <strong>Branku Krklecu<\/strong>.<\/p>\n<p>Konec februarja je pred svojo hi\u0161o ustrelil konji\u0161kega pomo\u010dnika sodnega izvr\u0161itelja <strong>Aleksandra Klementa<\/strong> in <strong>Nata\u0161o Zadravec Klement<\/strong>. Nameravala sta mu zase\u010di vozilo, ki bi naslednjega dne morali na dra\u017ebo.<\/p>\n<p>Kot so pred senatom danes povedali p<a href=\"https:\/\/novice.si\/page\/wp-content\/uploads\/2022\/11\/Maja-Lajh-23nov22-1-scaled.jpg\" data-gallery><img loading=\"lazy\" decoding=\"async\" class=\" wp-image-157037 alignright\" src=\"https:\/\/novice.si\/page\/wp-content\/uploads\/2022\/11\/Maja-Lajh-23nov22-1-300x225.jpg\" alt=\"\" width=\"243\" height=\"182\" srcset=\"https:\/\/novice.si\/page\/wp-content\/uploads\/2022\/11\/Maja-Lajh-23nov22-1-300x225.jpg 300w, https:\/\/novice.si\/page\/wp-content\/uploads\/2022\/11\/Maja-Lajh-23nov22-1-1024x768.jpg 1024w, https:\/\/novice.si\/page\/wp-content\/uploads\/2022\/11\/Maja-Lajh-23nov22-1-768x576.jpg 768w, https:\/\/novice.si\/page\/wp-content\/uploads\/2022\/11\/Maja-Lajh-23nov22-1-1536x1152.jpg 1536w, https:\/\/novice.si\/page\/wp-content\/uploads\/2022\/11\/Maja-Lajh-23nov22-1-2048x1536.jpg 2048w, https:\/\/novice.si\/page\/wp-content\/uploads\/2022\/11\/Maja-Lajh-23nov22-1-80x60.jpg 80w, https:\/\/novice.si\/page\/wp-content\/uploads\/2022\/11\/Maja-Lajh-23nov22-1-265x198.jpg 265w, https:\/\/novice.si\/page\/wp-content\/uploads\/2022\/11\/Maja-Lajh-23nov22-1-696x522.jpg 696w, https:\/\/novice.si\/page\/wp-content\/uploads\/2022\/11\/Maja-Lajh-23nov22-1-1068x801.jpg 1068w, https:\/\/novice.si\/page\/wp-content\/uploads\/2022\/11\/Maja-Lajh-23nov22-1-560x420.jpg 560w, https:\/\/novice.si\/page\/wp-content\/uploads\/2022\/11\/Maja-Lajh-23nov22-1-24x18.jpg 24w, https:\/\/novice.si\/page\/wp-content\/uploads\/2022\/11\/Maja-Lajh-23nov22-1-36x27.jpg 36w, https:\/\/novice.si\/page\/wp-content\/uploads\/2022\/11\/Maja-Lajh-23nov22-1-48x36.jpg 48w\" sizes=\"auto, (max-width: 243px) 100vw, 243px\" \/><\/a>olicisti, ki so v \u0160kofije pri \u0160marju prihiteli na ogled kraja zlo\u010dina, Krklec in njegova \u017eena takrat nista ob\u017ealovala dogodkov, obto\u017eeni je celo deloval pomirjeno in je brez te\u017eav ubogal ukaze policistov, pokazal je tudi, kam je odvrgel pi\u0161tolo, ki so jo kasneje na\u0161li kak\u0161nih trideset metrov od hi\u0161e.<\/p>\n<p>Za dvojni umor iz ma\u0161\u010devanja, ki mu ga o\u010dita obto\u017enica dr\u017eavne okro\u017ene to\u017eilke <strong>Maje Lajh<\/strong>, mu grozi 30 let zapora, sojenje se bo nadaljevalo januarja.<\/p>\n<p>P\u0160<\/p>\n","protected":false},"excerpt":{"rendered":"<p>Celjsko sodi\u0161\u010de z novimi pri\u010dami dopoldne nadaljevalo sojenje 66-letnemu Branku Krklecu. Konec februarja je pred svojo hi\u0161o ustrelil konji\u0161kega pomo\u010dnika sodnega izvr\u0161itelja Aleksandra Klementa in Nata\u0161o Zadravec Klement. Nameravala sta mu zase\u010di vozilo, ki bi naslednjega dne morali na dra\u017ebo. Kot so pred senatom danes povedali policisti, ki so v \u0160kofije pri \u0160marju prihiteli na [&hellip;]<\/p>\n","protected":false},"author":33,"featured_media":157035,"comment_status":"closed","ping_status":"closed","sticky":false,"template":"","format":"standard","meta":{"footnotes":""},"categories":[14,17,16,38,29],"tags":[15855,15852,16445,16319,16446,16317],"class_list":{"0":"post-157033","1":"post","2":"type-post","3":"status-publish","4":"format-standard","5":"has-post-thumbnail","7":"category-aktualno","8":"category-celjsko","9":"category-konjisko","10":"category-kozjansko","11":"category-kronika","12":"tag-aleksander-klement","13":"tag-branko-krklec","14":"tag-maja-lajh","15":"tag-natasa-zadravec-klement","16":"tag-price-policisti","17":"tag-umor-skofija-pri-smarju"},"yoast_head":"<!-- This site is optimized with the Yoast SEO plugin v27.4 - https:\/\/yoast.com\/product\/yoast-seo-wordpress\/ -->\n<title>CELJE Na sojenju Branku Krklecu pri\u010dali policisti - Novice.si<\/title>\n<meta name=\"robots\" content=\"index, follow, max-snippet:-1, max-image-preview:large, max-video-preview:-1\" \/>\n<link rel=\"canonical\" href=\"https:\/\/novice.si\/page\/celje-na-sojenju-branku-krklecu-pricali-policisti\/\" \/>\n<meta property=\"og:locale\" content=\"sl_SI\" \/>\n<meta property=\"og:type\" content=\"article\" \/>\n<meta property=\"og:title\" content=\"CELJE Na sojenju Branku Krklecu pri\u010dali policisti - Novice.si\" \/>\n<meta property=\"og:description\" content=\"Celjsko sodi\u0161\u010de z novimi pri\u010dami dopoldne nadaljevalo sojenje 66-letnemu Branku Krklecu. Konec februarja je pred svojo hi\u0161o ustrelil konji\u0161kega pomo\u010dnika sodnega izvr\u0161itelja Aleksandra Klementa in Nata\u0161o Zadravec Klement. Nameravala sta mu zase\u010di vozilo, ki bi naslednjega dne morali na dra\u017ebo. Kot so pred senatom danes povedali policisti, ki so v \u0160kofije pri \u0160marju prihiteli na [&hellip;]\" \/>\n<meta property=\"og:url\" content=\"https:\/\/novice.si\/page\/celje-na-sojenju-branku-krklecu-pricali-policisti\/\" \/>\n<meta property=\"og:site_name\" content=\"Novice.si\" \/>\n<meta property=\"article:published_time\" content=\"2022-11-23T11:33:08+00:00\" \/>\n<meta property=\"og:image\" content=\"https:\/\/novice.si\/page\/wp-content\/uploads\/2022\/11\/Krklec-23nov22-3-scaled.jpg\" \/>\n\t<meta property=\"og:image:width\" content=\"2560\" \/>\n\t<meta property=\"og:image:height\" content=\"1920\" \/>\n\t<meta property=\"og:image:type\" content=\"image\/jpeg\" \/>\n<meta name=\"author\" content=\"Uredni\u0161tvo Celjana\" \/>\n<meta name=\"twitter:card\" content=\"summary_large_image\" \/>\n<meta name=\"twitter:label1\" content=\"Written by\" \/>\n\t<meta name=\"twitter:data1\" content=\"Uredni\u0161tvo Celjana\" \/>\n\t<meta name=\"twitter:label2\" content=\"Est. reading time\" \/>\n\t<meta name=\"twitter:data2\" content=\"2 minuti\" \/>\n<script type=\"application\/ld+json\" class=\"yoast-schema-graph\">{\"@context\":\"https:\\\/\\\/schema.org\",\"@graph\":[{\"@type\":\"Article\",\"@id\":\"https:\\\/\\\/novice.si\\\/page\\\/celje-na-sojenju-branku-krklecu-pricali-policisti\\\/#article\",\"isPartOf\":{\"@id\":\"https:\\\/\\\/novice.si\\\/page\\\/celje-na-sojenju-branku-krklecu-pricali-policisti\\\/\"},\"author\":{\"name\":\"Uredni\u0161tvo Celjana\",\"@id\":\"https:\\\/\\\/novice.si\\\/page\\\/#\\\/schema\\\/person\\\/57f25c9642a9541c7349c65d32032c3e\"},\"headline\":\"CELJE Na sojenju Branku Krklecu pri\u010dali policisti\",\"datePublished\":\"2022-11-23T11:33:08+00:00\",\"mainEntityOfPage\":{\"@id\":\"https:\\\/\\\/novice.si\\\/page\\\/celje-na-sojenju-branku-krklecu-pricali-policisti\\\/\"},\"wordCount\":153,\"publisher\":{\"@id\":\"https:\\\/\\\/novice.si\\\/page\\\/#organization\"},\"image\":{\"@id\":\"https:\\\/\\\/novice.si\\\/page\\\/celje-na-sojenju-branku-krklecu-pricali-policisti\\\/#primaryimage\"},\"thumbnailUrl\":\"https:\\\/\\\/novice.si\\\/page\\\/wp-content\\\/uploads\\\/2022\\\/11\\\/Krklec-23nov22-3-scaled.jpg\",\"keywords\":[\"Aleksander Klement\",\"Branko Krklec\",\"Maja Lajh\",\"Nata\u0161a Zadravec Klement\",\"pri\u010de policisti\",\"umor \u0161kofija pri \u0161marju\"],\"articleSection\":[\"Aktualno\",\"Celjsko\",\"Konji\u0161ko\",\"Kozjansko\",\"Kronika\"],\"inLanguage\":\"sl-SI\"},{\"@type\":\"WebPage\",\"@id\":\"https:\\\/\\\/novice.si\\\/page\\\/celje-na-sojenju-branku-krklecu-pricali-policisti\\\/\",\"url\":\"https:\\\/\\\/novice.si\\\/page\\\/celje-na-sojenju-branku-krklecu-pricali-policisti\\\/\",\"name\":\"CELJE Na sojenju Branku Krklecu pri\u010dali policisti - Novice.si\",\"isPartOf\":{\"@id\":\"https:\\\/\\\/novice.si\\\/page\\\/#website\"},\"primaryImageOfPage\":{\"@id\":\"https:\\\/\\\/novice.si\\\/page\\\/celje-na-sojenju-branku-krklecu-pricali-policisti\\\/#primaryimage\"},\"image\":{\"@id\":\"https:\\\/\\\/novice.si\\\/page\\\/celje-na-sojenju-branku-krklecu-pricali-policisti\\\/#primaryimage\"},\"thumbnailUrl\":\"https:\\\/\\\/novice.si\\\/page\\\/wp-content\\\/uploads\\\/2022\\\/11\\\/Krklec-23nov22-3-scaled.jpg\",\"datePublished\":\"2022-11-23T11:33:08+00:00\",\"breadcrumb\":{\"@id\":\"https:\\\/\\\/novice.si\\\/page\\\/celje-na-sojenju-branku-krklecu-pricali-policisti\\\/#breadcrumb\"},\"inLanguage\":\"sl-SI\",\"potentialAction\":[{\"@type\":\"ReadAction\",\"target\":[\"https:\\\/\\\/novice.si\\\/page\\\/celje-na-sojenju-branku-krklecu-pricali-policisti\\\/\"]}]},{\"@type\":\"ImageObject\",\"inLanguage\":\"sl-SI\",\"@id\":\"https:\\\/\\\/novice.si\\\/page\\\/celje-na-sojenju-branku-krklecu-pricali-policisti\\\/#primaryimage\",\"url\":\"https:\\\/\\\/novice.si\\\/page\\\/wp-content\\\/uploads\\\/2022\\\/11\\\/Krklec-23nov22-3-scaled.jpg\",\"contentUrl\":\"https:\\\/\\\/novice.si\\\/page\\\/wp-content\\\/uploads\\\/2022\\\/11\\\/Krklec-23nov22-3-scaled.jpg\",\"width\":2560,\"height\":1920},{\"@type\":\"BreadcrumbList\",\"@id\":\"https:\\\/\\\/novice.si\\\/page\\\/celje-na-sojenju-branku-krklecu-pricali-policisti\\\/#breadcrumb\",\"itemListElement\":[{\"@type\":\"ListItem\",\"position\":1,\"name\":\"Home\",\"item\":\"https:\\\/\\\/novice.si\\\/page\\\/\"},{\"@type\":\"ListItem\",\"position\":2,\"name\":\"CELJE Na sojenju Branku Krklecu pri\u010dali policisti\"}]},{\"@type\":\"WebSite\",\"@id\":\"https:\\\/\\\/novice.si\\\/page\\\/#website\",\"url\":\"https:\\\/\\\/novice.si\\\/page\\\/\",\"name\":\"Novice.si\",\"description\":\"\",\"publisher\":{\"@id\":\"https:\\\/\\\/novice.si\\\/page\\\/#organization\"},\"potentialAction\":[{\"@type\":\"SearchAction\",\"target\":{\"@type\":\"EntryPoint\",\"urlTemplate\":\"https:\\\/\\\/novice.si\\\/page\\\/?s={search_term_string}\"},\"query-input\":{\"@type\":\"PropertyValueSpecification\",\"valueRequired\":true,\"valueName\":\"search_term_string\"}}],\"inLanguage\":\"sl-SI\"},{\"@type\":\"Organization\",\"@id\":\"https:\\\/\\\/novice.si\\\/page\\\/#organization\",\"name\":\"Novice.si\",\"url\":\"https:\\\/\\\/novice.si\\\/page\\\/\",\"logo\":{\"@type\":\"ImageObject\",\"inLanguage\":\"sl-SI\",\"@id\":\"https:\\\/\\\/novice.si\\\/page\\\/#\\\/schema\\\/logo\\\/image\\\/\",\"url\":\"https:\\\/\\\/novice.si\\\/page\\\/wp-content\\\/uploads\\\/2023\\\/03\\\/novice_si.png\",\"contentUrl\":\"https:\\\/\\\/novice.si\\\/page\\\/wp-content\\\/uploads\\\/2023\\\/03\\\/novice_si.png\",\"width\":576,\"height\":200,\"caption\":\"Novice.si\"},\"image\":{\"@id\":\"https:\\\/\\\/novice.si\\\/page\\\/#\\\/schema\\\/logo\\\/image\\\/\"}},{\"@type\":\"Person\",\"@id\":\"https:\\\/\\\/novice.si\\\/page\\\/#\\\/schema\\\/person\\\/57f25c9642a9541c7349c65d32032c3e\",\"name\":\"Uredni\u0161tvo Celjana\",\"image\":{\"@type\":\"ImageObject\",\"inLanguage\":\"sl-SI\",\"@id\":\"https:\\\/\\\/secure.gravatar.com\\\/avatar\\\/78e52bc4279b65f6df6345e0ef0f7b792d361361f230cf4ffecfe0afe6d5629c?s=96&d=mm&r=g\",\"url\":\"https:\\\/\\\/secure.gravatar.com\\\/avatar\\\/78e52bc4279b65f6df6345e0ef0f7b792d361361f230cf4ffecfe0afe6d5629c?s=96&d=mm&r=g\",\"contentUrl\":\"https:\\\/\\\/secure.gravatar.com\\\/avatar\\\/78e52bc4279b65f6df6345e0ef0f7b792d361361f230cf4ffecfe0afe6d5629c?s=96&d=mm&r=g\",\"caption\":\"Uredni\u0161tvo Celjana\"},\"url\":\"https:\\\/\\\/novice.si\\\/page\\\/author\\\/primoz\\\/\"}]}<\/script>\n<!-- \/ Yoast SEO plugin. -->","yoast_head_json":{"title":"CELJE Na sojenju Branku Krklecu pri\u010dali policisti - Novice.si","robots":{"index":"index","follow":"follow","max-snippet":"max-snippet:-1","max-image-preview":"max-image-preview:large","max-video-preview":"max-video-preview:-1"},"canonical":"https:\/\/novice.si\/page\/celje-na-sojenju-branku-krklecu-pricali-policisti\/","og_locale":"sl_SI","og_type":"article","og_title":"CELJE Na sojenju Branku Krklecu pri\u010dali policisti - Novice.si","og_description":"Celjsko sodi\u0161\u010de z novimi pri\u010dami dopoldne nadaljevalo sojenje 66-letnemu Branku Krklecu. Konec februarja je pred svojo hi\u0161o ustrelil konji\u0161kega pomo\u010dnika sodnega izvr\u0161itelja Aleksandra Klementa in Nata\u0161o Zadravec Klement. Nameravala sta mu zase\u010di vozilo, ki bi naslednjega dne morali na dra\u017ebo. Kot so pred senatom danes povedali policisti, ki so v \u0160kofije pri \u0160marju prihiteli na [&hellip;]","og_url":"https:\/\/novice.si\/page\/celje-na-sojenju-branku-krklecu-pricali-policisti\/","og_site_name":"Novice.si","article_published_time":"2022-11-23T11:33:08+00:00","og_image":[{"width":2560,"height":1920,"url":"https:\/\/novice.si\/page\/wp-content\/uploads\/2022\/11\/Krklec-23nov22-3-scaled.jpg","type":"image\/jpeg"}],"author":"Uredni\u0161tvo Celjana","twitter_card":"summary_large_image","twitter_misc":{"Written by":"Uredni\u0161tvo Celjana","Est. reading time":"2 minuti"},"schema":{"@context":"https:\/\/schema.org","@graph":[{"@type":"Article","@id":"https:\/\/novice.si\/page\/celje-na-sojenju-branku-krklecu-pricali-policisti\/#article","isPartOf":{"@id":"https:\/\/novice.si\/page\/celje-na-sojenju-branku-krklecu-pricali-policisti\/"},"author":{"name":"Uredni\u0161tvo Celjana","@id":"https:\/\/novice.si\/page\/#\/schema\/person\/57f25c9642a9541c7349c65d32032c3e"},"headline":"CELJE Na sojenju Branku Krklecu pri\u010dali policisti","datePublished":"2022-11-23T11:33:08+00:00","mainEntityOfPage":{"@id":"https:\/\/novice.si\/page\/celje-na-sojenju-branku-krklecu-pricali-policisti\/"},"wordCount":153,"publisher":{"@id":"https:\/\/novice.si\/page\/#organization"},"image":{"@id":"https:\/\/novice.si\/page\/celje-na-sojenju-branku-krklecu-pricali-policisti\/#primaryimage"},"thumbnailUrl":"https:\/\/novice.si\/page\/wp-content\/uploads\/2022\/11\/Krklec-23nov22-3-scaled.jpg","keywords":["Aleksander Klement","Branko Krklec","Maja Lajh","Nata\u0161a Zadravec Klement","pri\u010de policisti","umor \u0161kofija pri \u0161marju"],"articleSection":["Aktualno","Celjsko","Konji\u0161ko","Kozjansko","Kronika"],"inLanguage":"sl-SI"},{"@type":"WebPage","@id":"https:\/\/novice.si\/page\/celje-na-sojenju-branku-krklecu-pricali-policisti\/","url":"https:\/\/novice.si\/page\/celje-na-sojenju-branku-krklecu-pricali-policisti\/","name":"CELJE Na sojenju Branku Krklecu pri\u010dali policisti - Novice.si","isPartOf":{"@id":"https:\/\/novice.si\/page\/#website"},"primaryImageOfPage":{"@id":"https:\/\/novice.si\/page\/celje-na-sojenju-branku-krklecu-pricali-policisti\/#primaryimage"},"image":{"@id":"https:\/\/novice.si\/page\/celje-na-sojenju-branku-krklecu-pricali-policisti\/#primaryimage"},"thumbnailUrl":"https:\/\/novice.si\/page\/wp-content\/uploads\/2022\/11\/Krklec-23nov22-3-scaled.jpg","datePublished":"2022-11-23T11:33:08+00:00","breadcrumb":{"@id":"https:\/\/novice.si\/page\/celje-na-sojenju-branku-krklecu-pricali-policisti\/#breadcrumb"},"inLanguage":"sl-SI","potentialAction":[{"@type":"ReadAction","target":["https:\/\/novice.si\/page\/celje-na-sojenju-branku-krklecu-pricali-policisti\/"]}]},{"@type":"ImageObject","inLanguage":"sl-SI","@id":"https:\/\/novice.si\/page\/celje-na-sojenju-branku-krklecu-pricali-policisti\/#primaryimage","url":"https:\/\/novice.si\/page\/wp-content\/uploads\/2022\/11\/Krklec-23nov22-3-scaled.jpg","contentUrl":"https:\/\/novice.si\/page\/wp-content\/uploads\/2022\/11\/Krklec-23nov22-3-scaled.jpg","width":2560,"height":1920},{"@type":"BreadcrumbList","@id":"https:\/\/novice.si\/page\/celje-na-sojenju-branku-krklecu-pricali-policisti\/#breadcrumb","itemListElement":[{"@type":"ListItem","position":1,"name":"Home","item":"https:\/\/novice.si\/page\/"},{"@type":"ListItem","position":2,"name":"CELJE Na sojenju Branku Krklecu pri\u010dali policisti"}]},{"@type":"WebSite","@id":"https:\/\/novice.si\/page\/#website","url":"https:\/\/novice.si\/page\/","name":"Novice.si","description":"","publisher":{"@id":"https:\/\/novice.si\/page\/#organization"},"potentialAction":[{"@type":"SearchAction","target":{"@type":"EntryPoint","urlTemplate":"https:\/\/novice.si\/page\/?s={search_term_string}"},"query-input":{"@type":"PropertyValueSpecification","valueRequired":true,"valueName":"search_term_string"}}],"inLanguage":"sl-SI"},{"@type":"Organization","@id":"https:\/\/novice.si\/page\/#organization","name":"Novice.si","url":"https:\/\/novice.si\/page\/","logo":{"@type":"ImageObject","inLanguage":"sl-SI","@id":"https:\/\/novice.si\/page\/#\/schema\/logo\/image\/","url":"https:\/\/novice.si\/page\/wp-content\/uploads\/2023\/03\/novice_si.png","contentUrl":"https:\/\/novice.si\/page\/wp-content\/uploads\/2023\/03\/novice_si.png","width":576,"height":200,"caption":"Novice.si"},"image":{"@id":"https:\/\/novice.si\/page\/#\/schema\/logo\/image\/"}},{"@type":"Person","@id":"https:\/\/novice.si\/page\/#\/schema\/person\/57f25c9642a9541c7349c65d32032c3e","name":"Uredni\u0161tvo Celjana","image":{"@type":"ImageObject","inLanguage":"sl-SI","@id":"https:\/\/secure.gravatar.com\/avatar\/78e52bc4279b65f6df6345e0ef0f7b792d361361f230cf4ffecfe0afe6d5629c?s=96&d=mm&r=g","url":"https:\/\/secure.gravatar.com\/avatar\/78e52bc4279b65f6df6345e0ef0f7b792d361361f230cf4ffecfe0afe6d5629c?s=96&d=mm&r=g","contentUrl":"https:\/\/secure.gravatar.com\/avatar\/78e52bc4279b65f6df6345e0ef0f7b792d361361f230cf4ffecfe0afe6d5629c?s=96&d=mm&r=g","caption":"Uredni\u0161tvo Celjana"},"url":"https:\/\/novice.si\/page\/author\/primoz\/"}]}},"_links":{"self":[{"href":"https:\/\/novice.si\/page\/wp-json\/wp\/v2\/posts\/157033","targetHints":{"allow":["GET"]}}],"collection":[{"href":"https:\/\/novice.si\/page\/wp-json\/wp\/v2\/posts"}],"about":[{"href":"https:\/\/novice.si\/page\/wp-json\/wp\/v2\/types\/post"}],"author":[{"embeddable":true,"href":"https:\/\/novice.si\/page\/wp-json\/wp\/v2\/users\/33"}],"replies":[{"embeddable":true,"href":"https:\/\/novice.si\/page\/wp-json\/wp\/v2\/comments?post=157033"}],"version-history":[{"count":1,"href":"https:\/\/novice.si\/page\/wp-json\/wp\/v2\/posts\/157033\/revisions"}],"predecessor-version":[{"id":157039,"href":"https:\/\/novice.si\/page\/wp-json\/wp\/v2\/posts\/157033\/revisions\/157039"}],"wp:featuredmedia":[{"embeddable":true,"href":"https:\/\/novice.si\/page\/wp-json\/wp\/v2\/media\/157035"}],"wp:attachment":[{"href":"https:\/\/novice.si\/page\/wp-json\/wp\/v2\/media?parent=157033"}],"wp:term":[{"taxonomy":"category","embeddable":true,"href":"https:\/\/novice.si\/page\/wp-json\/wp\/v2\/categories?post=157033"},{"taxonomy":"post_tag","embeddable":true,"href":"https:\/\/novice.si\/page\/wp-json\/wp\/v2\/tags?post=157033"}],"curies":[{"name":"wp","href":"https:\/\/api.w.org\/{rel}","templated":true}]}}