{"id":157014,"date":"2022-11-23T10:29:49","date_gmt":"2022-11-23T09:29:49","guid":{"rendered":"https:\/\/novice.si\/page\/?p=157014"},"modified":"2022-11-23T14:16:19","modified_gmt":"2022-11-23T13:16:19","slug":"sl-konjice-taborniski-rod-belega-konja-slavil-desetletje-delovanja","status":"publish","type":"post","link":"https:\/\/novice.si\/page\/sl-konjice-taborniski-rod-belega-konja-slavil-desetletje-delovanja\/","title":{"rendered":"Sl. Konjice: Taborni\u0161ki Rod belega konja slavil desetletje delovanja"},"content":{"rendered":"<p>Dru\u0161tvo tabornikov <strong>Rod belega konja Slovenske Konjice<\/strong> je minulo soboto, 19. novembra, obele\u017eilo deseto obletnico ponovnega delovanja. V dvorani Doma kulture v Sl. Konjicah so pripravili slavnostno prireditev, v preddverju \u0161e razstavo fotografij. Kan\u010dek taborni\u0161kega utripa so tokrat prenesli na oder. S pesmijo, plesom, videom, ske\u010di, prikazom raznih ve\u0161\u010din in znanj so orisali, kako izgleda dan na poletnem taboru.<br \/>\nDru\u0161tvo vodita stare\u0161ina <strong>Marjan Kampu\u0161<\/strong> in na\u010delnica <strong>Nina Go\u0161njak<\/strong>. Taborni\u0161ka &#8216;dru\u017eina&#8217; pa je seveda velika. Vse njihovo delo temelji na prostovoljstvu.<\/p>\n\r\n                <style type=\"text\/css\">\r\n                    \r\n                    #tdi_1  .td-doubleSlider-2 .td-item1 {\r\n                        background: url(https:\/\/novice.si\/page\/wp-content\/uploads\/2022\/11\/tabor-1_resize-80x60.jpg) 0 0 no-repeat;\r\n                    }\r\n                    #tdi_1  .td-doubleSlider-2 .td-item2 {\r\n                        background: url(https:\/\/novice.si\/page\/wp-content\/uploads\/2022\/11\/tabor-6_resize-80x60.jpg) 0 0 no-repeat;\r\n                    }\r\n                    #tdi_1  .td-doubleSlider-2 .td-item3 {\r\n                        background: url(https:\/\/novice.si\/page\/wp-content\/uploads\/2022\/11\/tabor-5_resize-80x60.jpg) 0 0 no-repeat;\r\n                    }\r\n                    #tdi_1  .td-doubleSlider-2 .td-item4 {\r\n                        background: url(https:\/\/novice.si\/page\/wp-content\/uploads\/2022\/11\/tabor-3_resize-80x60.jpg) 0 0 no-repeat;\r\n                    }\r\n                    #tdi_1  .td-doubleSlider-2 .td-item5 {\r\n                        background: url(https:\/\/novice.si\/page\/wp-content\/uploads\/2022\/11\/tabor-4_resize-80x60.jpg) 0 0 no-repeat;\r\n                    }\r\n                    #tdi_1  .td-doubleSlider-2 .td-item6 {\r\n                        background: url(https:\/\/novice.si\/page\/wp-content\/uploads\/2022\/11\/tabor-2_resize-80x60.jpg) 0 0 no-repeat;\r\n                    }\r\n                    #tdi_1  .td-doubleSlider-2 .td-item7 {\r\n                        background: url(https:\/\/novice.si\/page\/wp-content\/uploads\/2022\/11\/tabor-9_resize-80x60.jpg) 0 0 no-repeat;\r\n                    }\r\n                    #tdi_1  .td-doubleSlider-2 .td-item8 {\r\n                        background: url(https:\/\/novice.si\/page\/wp-content\/uploads\/2022\/11\/tabor-7_resize-80x60.jpg) 0 0 no-repeat;\r\n                    }\r\n                    #tdi_1  .td-doubleSlider-2 .td-item9 {\r\n                        background: url(https:\/\/novice.si\/page\/wp-content\/uploads\/2022\/11\/tabor-8_resize-80x60.jpg) 0 0 no-repeat;\r\n                    }\r\n                <\/style>\r\n\r\n                <div id=\"tdi_1\" class=\"td-gallery td-slide-on-2-columns\">\r\n                    <div class=\"post_td_gallery\">\r\n                        <div class=\"td-gallery-slide-top\">\r\n                           <div class=\"td-gallery-title\"><\/div>\r\n\r\n                            <div class=\"td-gallery-controls-wrapper\">\r\n                                <div class=\"td-gallery-slide-count\"><span class=\"td-gallery-slide-item-focus\">1<\/span> od 9<\/div>\r\n                                <div class=\"td-gallery-slide-prev-next-but\">\r\n                                    <i class = \"td-icon-left doubleSliderPrevButton\"><\/i>\r\n                                    <i class = \"td-icon-right doubleSliderNextButton\"><\/i>\r\n                                <\/div>\r\n                            <\/div>\r\n                        <\/div>\r\n\r\n                        <div class = \"td-doubleSlider-1 \">\r\n                            <div class = \"td-slider\">\r\n                                \r\n                    <div class = \"td-slide-item td-item1\">\r\n                        <figure class=\"td-slide-galery-figure td-slide-popup-gallery\">\r\n                            <a class=\"slide-gallery-image-link\" href=\"https:\/\/novice.si\/page\/wp-content\/uploads\/2022\/11\/tabor-1_resize.jpg\" title=\"tabor 1_resize\"  data-caption=\"Na slovesnosti so prikazali kak\u0161en je dan na poletnem taboru.\"  data-description=\"\" data-gallery>\r\n                                <img decoding=\"async\" src=\"https:\/\/novice.si\/page\/wp-content\/uploads\/2022\/11\/tabor-1_resize-560x420.jpg\" srcset=\"https:\/\/novice.si\/page\/wp-content\/uploads\/2022\/11\/tabor-1_resize-560x420.jpg 560w, https:\/\/novice.si\/page\/wp-content\/uploads\/2022\/11\/tabor-1_resize-300x225.jpg 300w, https:\/\/novice.si\/page\/wp-content\/uploads\/2022\/11\/tabor-1_resize-768x576.jpg 768w, https:\/\/novice.si\/page\/wp-content\/uploads\/2022\/11\/tabor-1_resize-80x60.jpg 80w, https:\/\/novice.si\/page\/wp-content\/uploads\/2022\/11\/tabor-1_resize-265x198.jpg 265w, https:\/\/novice.si\/page\/wp-content\/uploads\/2022\/11\/tabor-1_resize-696x522.jpg 696w, https:\/\/novice.si\/page\/wp-content\/uploads\/2022\/11\/tabor-1_resize-24x18.jpg 24w, https:\/\/novice.si\/page\/wp-content\/uploads\/2022\/11\/tabor-1_resize-36x27.jpg 36w, https:\/\/novice.si\/page\/wp-content\/uploads\/2022\/11\/tabor-1_resize-48x36.jpg 48w, https:\/\/novice.si\/page\/wp-content\/uploads\/2022\/11\/tabor-1_resize.jpg 933w\" sizes=\"(max-width: 560px) 100vw, 560px\" alt=\"\">\r\n                            <\/a>\r\n                            <figcaption class = \"td-slide-caption td-gallery-slide-content\"><div class = \"td-gallery-slide-copywrite\">Na slovesnosti so prikazali kak\u0161en je dan na poletnem taboru.<\/div><\/figcaption>\r\n                        <\/figure>\r\n                    <\/div>\r\n                    <div class = \"td-slide-item td-item2\">\r\n                        <figure class=\"td-slide-galery-figure td-slide-popup-gallery\">\r\n                            <a class=\"slide-gallery-image-link\" href=\"https:\/\/novice.si\/page\/wp-content\/uploads\/2022\/11\/tabor-6_resize.jpg\" title=\"tabor 6_resize\"  data-caption=\"Dru\u0161tvo vodita stare\u0161ina Marjan Kampu\u0161 in na\u010delnica Nina Go\u0161njak. Na sredini pa stare\u0161ina ZTS, Jasna Vinder, najvi\u0161ja predstavnica vseh slovenskih tabornikov, ki je Rod belega konja nagradila s priznanjem. \"  data-description=\"\" data-gallery>\r\n                                <img decoding=\"async\" src=\"https:\/\/novice.si\/page\/wp-content\/uploads\/2022\/11\/tabor-6_resize-560x420.jpg\" srcset=\"https:\/\/novice.si\/page\/wp-content\/uploads\/2022\/11\/tabor-6_resize-560x420.jpg 560w, https:\/\/novice.si\/page\/wp-content\/uploads\/2022\/11\/tabor-6_resize-300x225.jpg 300w, https:\/\/novice.si\/page\/wp-content\/uploads\/2022\/11\/tabor-6_resize-768x576.jpg 768w, https:\/\/novice.si\/page\/wp-content\/uploads\/2022\/11\/tabor-6_resize-80x60.jpg 80w, https:\/\/novice.si\/page\/wp-content\/uploads\/2022\/11\/tabor-6_resize-265x198.jpg 265w, https:\/\/novice.si\/page\/wp-content\/uploads\/2022\/11\/tabor-6_resize-696x522.jpg 696w, https:\/\/novice.si\/page\/wp-content\/uploads\/2022\/11\/tabor-6_resize-24x18.jpg 24w, https:\/\/novice.si\/page\/wp-content\/uploads\/2022\/11\/tabor-6_resize-36x27.jpg 36w, https:\/\/novice.si\/page\/wp-content\/uploads\/2022\/11\/tabor-6_resize-48x36.jpg 48w, https:\/\/novice.si\/page\/wp-content\/uploads\/2022\/11\/tabor-6_resize.jpg 933w\" sizes=\"(max-width: 560px) 100vw, 560px\" alt=\"\">\r\n                            <\/a>\r\n                            <figcaption class = \"td-slide-caption td-gallery-slide-content\"><div class = \"td-gallery-slide-copywrite\">Dru\u0161tvo vodita stare\u0161ina Marjan Kampu\u0161 in na\u010delnica Nina Go\u0161njak. Na sredini pa stare\u0161ina ZTS, Jasna Vinder, najvi\u0161ja predstavnica vseh slovenskih tabornikov, ki je Rod belega konja nagradila s priznanjem. <\/div><\/figcaption>\r\n                        <\/figure>\r\n                    <\/div>\r\n                    <div class = \"td-slide-item td-item3\">\r\n                        <figure class=\"td-slide-galery-figure td-slide-popup-gallery\">\r\n                            <a class=\"slide-gallery-image-link\" href=\"https:\/\/novice.si\/page\/wp-content\/uploads\/2022\/11\/tabor-5_resize.jpg\" title=\"tabor 5_resize\"  data-caption=\"Priznanje Rodbu belega konja ob desetletju delovanja\"  data-description=\"\" data-gallery>\r\n                                <img decoding=\"async\" src=\"https:\/\/novice.si\/page\/wp-content\/uploads\/2022\/11\/tabor-5_resize-560x420.jpg\" srcset=\"https:\/\/novice.si\/page\/wp-content\/uploads\/2022\/11\/tabor-5_resize-560x420.jpg 560w, https:\/\/novice.si\/page\/wp-content\/uploads\/2022\/11\/tabor-5_resize-300x225.jpg 300w, https:\/\/novice.si\/page\/wp-content\/uploads\/2022\/11\/tabor-5_resize-768x576.jpg 768w, https:\/\/novice.si\/page\/wp-content\/uploads\/2022\/11\/tabor-5_resize-80x60.jpg 80w, https:\/\/novice.si\/page\/wp-content\/uploads\/2022\/11\/tabor-5_resize-265x198.jpg 265w, https:\/\/novice.si\/page\/wp-content\/uploads\/2022\/11\/tabor-5_resize-696x522.jpg 696w, https:\/\/novice.si\/page\/wp-content\/uploads\/2022\/11\/tabor-5_resize-24x18.jpg 24w, https:\/\/novice.si\/page\/wp-content\/uploads\/2022\/11\/tabor-5_resize-36x27.jpg 36w, https:\/\/novice.si\/page\/wp-content\/uploads\/2022\/11\/tabor-5_resize-48x36.jpg 48w, https:\/\/novice.si\/page\/wp-content\/uploads\/2022\/11\/tabor-5_resize.jpg 933w\" sizes=\"(max-width: 560px) 100vw, 560px\" alt=\"\">\r\n                            <\/a>\r\n                            <figcaption class = \"td-slide-caption td-gallery-slide-content\"><div class = \"td-gallery-slide-copywrite\">Priznanje Rodbu belega konja ob desetletju delovanja<\/div><\/figcaption>\r\n                        <\/figure>\r\n                    <\/div>\r\n                    <div class = \"td-slide-item td-item4\">\r\n                        <figure class=\"td-slide-galery-figure td-slide-popup-gallery\">\r\n                            <a class=\"slide-gallery-image-link\" href=\"https:\/\/novice.si\/page\/wp-content\/uploads\/2022\/11\/tabor-3_resize.jpg\" title=\"tabor 3_resize\"  data-caption=\"Dobitniki zlatih grbov\"  data-description=\"\" data-gallery>\r\n                                <img decoding=\"async\" src=\"https:\/\/novice.si\/page\/wp-content\/uploads\/2022\/11\/tabor-3_resize-560x420.jpg\" srcset=\"https:\/\/novice.si\/page\/wp-content\/uploads\/2022\/11\/tabor-3_resize-560x420.jpg 560w, https:\/\/novice.si\/page\/wp-content\/uploads\/2022\/11\/tabor-3_resize-300x225.jpg 300w, https:\/\/novice.si\/page\/wp-content\/uploads\/2022\/11\/tabor-3_resize-768x576.jpg 768w, https:\/\/novice.si\/page\/wp-content\/uploads\/2022\/11\/tabor-3_resize-80x60.jpg 80w, https:\/\/novice.si\/page\/wp-content\/uploads\/2022\/11\/tabor-3_resize-265x198.jpg 265w, https:\/\/novice.si\/page\/wp-content\/uploads\/2022\/11\/tabor-3_resize-696x522.jpg 696w, https:\/\/novice.si\/page\/wp-content\/uploads\/2022\/11\/tabor-3_resize-24x18.jpg 24w, https:\/\/novice.si\/page\/wp-content\/uploads\/2022\/11\/tabor-3_resize-36x27.jpg 36w, https:\/\/novice.si\/page\/wp-content\/uploads\/2022\/11\/tabor-3_resize-48x36.jpg 48w, https:\/\/novice.si\/page\/wp-content\/uploads\/2022\/11\/tabor-3_resize.jpg 933w\" sizes=\"(max-width: 560px) 100vw, 560px\" alt=\"\">\r\n                            <\/a>\r\n                            <figcaption class = \"td-slide-caption td-gallery-slide-content\"><div class = \"td-gallery-slide-copywrite\">Dobitniki zlatih grbov<\/div><\/figcaption>\r\n                        <\/figure>\r\n                    <\/div>\r\n                    <div class = \"td-slide-item td-item5\">\r\n                        <figure class=\"td-slide-galery-figure td-slide-popup-gallery\">\r\n                            <a class=\"slide-gallery-image-link\" href=\"https:\/\/novice.si\/page\/wp-content\/uploads\/2022\/11\/tabor-4_resize.jpg\" title=\"tabor 4_resize\"  data-caption=\"Dobitniki bronastih grbov \"  data-description=\"\" data-gallery>\r\n                                <img decoding=\"async\" src=\"https:\/\/novice.si\/page\/wp-content\/uploads\/2022\/11\/tabor-4_resize-560x420.jpg\" srcset=\"https:\/\/novice.si\/page\/wp-content\/uploads\/2022\/11\/tabor-4_resize-560x420.jpg 560w, https:\/\/novice.si\/page\/wp-content\/uploads\/2022\/11\/tabor-4_resize-300x225.jpg 300w, https:\/\/novice.si\/page\/wp-content\/uploads\/2022\/11\/tabor-4_resize-768x576.jpg 768w, https:\/\/novice.si\/page\/wp-content\/uploads\/2022\/11\/tabor-4_resize-80x60.jpg 80w, https:\/\/novice.si\/page\/wp-content\/uploads\/2022\/11\/tabor-4_resize-265x198.jpg 265w, https:\/\/novice.si\/page\/wp-content\/uploads\/2022\/11\/tabor-4_resize-696x522.jpg 696w, https:\/\/novice.si\/page\/wp-content\/uploads\/2022\/11\/tabor-4_resize-24x18.jpg 24w, https:\/\/novice.si\/page\/wp-content\/uploads\/2022\/11\/tabor-4_resize-36x27.jpg 36w, https:\/\/novice.si\/page\/wp-content\/uploads\/2022\/11\/tabor-4_resize-48x36.jpg 48w, https:\/\/novice.si\/page\/wp-content\/uploads\/2022\/11\/tabor-4_resize.jpg 933w\" sizes=\"(max-width: 560px) 100vw, 560px\" alt=\"\">\r\n                            <\/a>\r\n                            <figcaption class = \"td-slide-caption td-gallery-slide-content\"><div class = \"td-gallery-slide-copywrite\">Dobitniki bronastih grbov <\/div><\/figcaption>\r\n                        <\/figure>\r\n                    <\/div>\r\n                    <div class = \"td-slide-item td-item6\">\r\n                        <figure class=\"td-slide-galery-figure td-slide-popup-gallery\">\r\n                            <a class=\"slide-gallery-image-link\" href=\"https:\/\/novice.si\/page\/wp-content\/uploads\/2022\/11\/tabor-2_resize.jpg\" title=\"tabor 2_resize\"  data-caption=\"\"  data-description=\"\" data-gallery>\r\n                                <img decoding=\"async\" src=\"https:\/\/novice.si\/page\/wp-content\/uploads\/2022\/11\/tabor-2_resize-560x420.jpg\" srcset=\"https:\/\/novice.si\/page\/wp-content\/uploads\/2022\/11\/tabor-2_resize-560x420.jpg 560w, https:\/\/novice.si\/page\/wp-content\/uploads\/2022\/11\/tabor-2_resize-300x225.jpg 300w, https:\/\/novice.si\/page\/wp-content\/uploads\/2022\/11\/tabor-2_resize-768x576.jpg 768w, https:\/\/novice.si\/page\/wp-content\/uploads\/2022\/11\/tabor-2_resize-80x60.jpg 80w, https:\/\/novice.si\/page\/wp-content\/uploads\/2022\/11\/tabor-2_resize-265x198.jpg 265w, https:\/\/novice.si\/page\/wp-content\/uploads\/2022\/11\/tabor-2_resize-696x522.jpg 696w, https:\/\/novice.si\/page\/wp-content\/uploads\/2022\/11\/tabor-2_resize-24x18.jpg 24w, https:\/\/novice.si\/page\/wp-content\/uploads\/2022\/11\/tabor-2_resize-36x27.jpg 36w, https:\/\/novice.si\/page\/wp-content\/uploads\/2022\/11\/tabor-2_resize-48x36.jpg 48w, https:\/\/novice.si\/page\/wp-content\/uploads\/2022\/11\/tabor-2_resize.jpg 933w\" sizes=\"(max-width: 560px) 100vw, 560px\" alt=\"\">\r\n                            <\/a>\r\n                            \r\n                        <\/figure>\r\n                    <\/div>\r\n                    <div class = \"td-slide-item td-item7\">\r\n                        <figure class=\"td-slide-galery-figure td-slide-popup-gallery\">\r\n                            <a class=\"slide-gallery-image-link\" href=\"https:\/\/novice.si\/page\/wp-content\/uploads\/2022\/11\/tabor-9_resize.jpg\" title=\"tabor 9_resize\"  data-caption=\"Skozi slavnostno prireditev sta zbrane vodili Katarina in Ula.\"  data-description=\"\" data-gallery>\r\n                                <img decoding=\"async\" src=\"https:\/\/novice.si\/page\/wp-content\/uploads\/2022\/11\/tabor-9_resize-560x420.jpg\" srcset=\"https:\/\/novice.si\/page\/wp-content\/uploads\/2022\/11\/tabor-9_resize-560x420.jpg 560w, https:\/\/novice.si\/page\/wp-content\/uploads\/2022\/11\/tabor-9_resize-300x225.jpg 300w, https:\/\/novice.si\/page\/wp-content\/uploads\/2022\/11\/tabor-9_resize-768x576.jpg 768w, https:\/\/novice.si\/page\/wp-content\/uploads\/2022\/11\/tabor-9_resize-80x60.jpg 80w, https:\/\/novice.si\/page\/wp-content\/uploads\/2022\/11\/tabor-9_resize-265x198.jpg 265w, https:\/\/novice.si\/page\/wp-content\/uploads\/2022\/11\/tabor-9_resize-696x522.jpg 696w, https:\/\/novice.si\/page\/wp-content\/uploads\/2022\/11\/tabor-9_resize-24x18.jpg 24w, https:\/\/novice.si\/page\/wp-content\/uploads\/2022\/11\/tabor-9_resize-36x27.jpg 36w, https:\/\/novice.si\/page\/wp-content\/uploads\/2022\/11\/tabor-9_resize-48x36.jpg 48w, https:\/\/novice.si\/page\/wp-content\/uploads\/2022\/11\/tabor-9_resize.jpg 933w\" sizes=\"(max-width: 560px) 100vw, 560px\" alt=\"\">\r\n                            <\/a>\r\n                            <figcaption class = \"td-slide-caption td-gallery-slide-content\"><div class = \"td-gallery-slide-copywrite\">Skozi slavnostno prireditev sta zbrane vodili Katarina in Ula.<\/div><\/figcaption>\r\n                        <\/figure>\r\n                    <\/div>\r\n                    <div class = \"td-slide-item td-item8\">\r\n                        <figure class=\"td-slide-galery-figure td-slide-popup-gallery\">\r\n                            <a class=\"slide-gallery-image-link\" href=\"https:\/\/novice.si\/page\/wp-content\/uploads\/2022\/11\/tabor-7_resize.jpg\" title=\"tabor 7_resize\"  data-caption=\"\"  data-description=\"\" data-gallery>\r\n                                <img decoding=\"async\" src=\"https:\/\/novice.si\/page\/wp-content\/uploads\/2022\/11\/tabor-7_resize-560x420.jpg\" srcset=\"https:\/\/novice.si\/page\/wp-content\/uploads\/2022\/11\/tabor-7_resize-560x420.jpg 560w, https:\/\/novice.si\/page\/wp-content\/uploads\/2022\/11\/tabor-7_resize-300x225.jpg 300w, https:\/\/novice.si\/page\/wp-content\/uploads\/2022\/11\/tabor-7_resize-768x576.jpg 768w, https:\/\/novice.si\/page\/wp-content\/uploads\/2022\/11\/tabor-7_resize-80x60.jpg 80w, https:\/\/novice.si\/page\/wp-content\/uploads\/2022\/11\/tabor-7_resize-265x198.jpg 265w, https:\/\/novice.si\/page\/wp-content\/uploads\/2022\/11\/tabor-7_resize-696x522.jpg 696w, https:\/\/novice.si\/page\/wp-content\/uploads\/2022\/11\/tabor-7_resize-24x18.jpg 24w, https:\/\/novice.si\/page\/wp-content\/uploads\/2022\/11\/tabor-7_resize-36x27.jpg 36w, https:\/\/novice.si\/page\/wp-content\/uploads\/2022\/11\/tabor-7_resize-48x36.jpg 48w, https:\/\/novice.si\/page\/wp-content\/uploads\/2022\/11\/tabor-7_resize.jpg 933w\" sizes=\"(max-width: 560px) 100vw, 560px\" alt=\"\">\r\n                            <\/a>\r\n                            \r\n                        <\/figure>\r\n                    <\/div>\r\n                    <div class = \"td-slide-item td-item9\">\r\n                        <figure class=\"td-slide-galery-figure td-slide-popup-gallery\">\r\n                            <a class=\"slide-gallery-image-link\" href=\"https:\/\/novice.si\/page\/wp-content\/uploads\/2022\/11\/tabor-8_resize.jpg\" title=\"tabor 8_resize\"  data-caption=\"\"  data-description=\"\" data-gallery>\r\n                                <img decoding=\"async\" src=\"https:\/\/novice.si\/page\/wp-content\/uploads\/2022\/11\/tabor-8_resize-560x420.jpg\" srcset=\"https:\/\/novice.si\/page\/wp-content\/uploads\/2022\/11\/tabor-8_resize-560x420.jpg 560w, https:\/\/novice.si\/page\/wp-content\/uploads\/2022\/11\/tabor-8_resize-300x225.jpg 300w, https:\/\/novice.si\/page\/wp-content\/uploads\/2022\/11\/tabor-8_resize-768x576.jpg 768w, https:\/\/novice.si\/page\/wp-content\/uploads\/2022\/11\/tabor-8_resize-80x60.jpg 80w, https:\/\/novice.si\/page\/wp-content\/uploads\/2022\/11\/tabor-8_resize-265x198.jpg 265w, https:\/\/novice.si\/page\/wp-content\/uploads\/2022\/11\/tabor-8_resize-696x522.jpg 696w, https:\/\/novice.si\/page\/wp-content\/uploads\/2022\/11\/tabor-8_resize-24x18.jpg 24w, https:\/\/novice.si\/page\/wp-content\/uploads\/2022\/11\/tabor-8_resize-36x27.jpg 36w, https:\/\/novice.si\/page\/wp-content\/uploads\/2022\/11\/tabor-8_resize-48x36.jpg 48w, https:\/\/novice.si\/page\/wp-content\/uploads\/2022\/11\/tabor-8_resize.jpg 933w\" sizes=\"(max-width: 560px) 100vw, 560px\" alt=\"\">\r\n                            <\/a>\r\n                            \r\n                        <\/figure>\r\n                    <\/div>\r\n                            <\/div>\r\n                        <\/div>\r\n\r\n                        <div class = \"td-doubleSlider-2\">\r\n                            <div class = \"td-slider\">\r\n                                \r\n                    <div class = \"td-button td-item1\">\r\n                        <div class = \"td-border\"><\/div>\r\n                    <\/div>\r\n                    <div class = \"td-button td-item2\">\r\n                        <div class = \"td-border\"><\/div>\r\n                    <\/div>\r\n                    <div class = \"td-button td-item3\">\r\n                        <div class = \"td-border\"><\/div>\r\n                    <\/div>\r\n                    <div class = \"td-button td-item4\">\r\n                        <div class = \"td-border\"><\/div>\r\n                    <\/div>\r\n                    <div class = \"td-button td-item5\">\r\n                        <div class = \"td-border\"><\/div>\r\n                    <\/div>\r\n                    <div class = \"td-button td-item6\">\r\n                        <div class = \"td-border\"><\/div>\r\n                    <\/div>\r\n                    <div class = \"td-button td-item7\">\r\n                        <div class = \"td-border\"><\/div>\r\n                    <\/div>\r\n                    <div class = \"td-button td-item8\">\r\n                        <div class = \"td-border\"><\/div>\r\n                    <\/div>\r\n                    <div class = \"td-button td-item9\">\r\n                        <div class = \"td-border\"><\/div>\r\n                    <\/div>\r\n                            <\/div>\r\n                        <\/div>\r\n\r\n                    <\/div>\r\n\r\n                <\/div>\r\n                \n<p><strong>Za\u010detki iz ni\u010d<\/strong><br \/>\nZa\u010detki taborni\u0161tva na Konji\u0161kem segajo v leto 1954, ko je bila ustanovljena prva \u010deta, imenovana <em>\u010crni teloh<\/em>. Leta 1974 se je preimenovala v <em>Odred heroja Bra\u010di\u010da,<\/em> nato pa v za\u010detku 90-ih v <em>Rod belega konja<\/em> (RBK). Pred prelomom stoletja je delovanje dru\u0161tva za nekaj \u010dasa zamrlo.<br \/>\nOktobra 2012 pa se je pet zanesenjakov (Zidi, Koni, Silva, Darko in Andra\u017e) zbralo in odlo\u010dilo, da prebivalcem Slovenskih Konjic ponovno ponudijo taborni\u0161tvo kot na\u010din \u017eivljenja in pre\u017eivljanja prostega \u010dasa. \u00bbPrehojena pot ni bila lahka \u2013 za\u010deti iz ni\u010d in ustvariti dru\u0161tvo, ki danes \u0161teje 110 \u010dlanov, je zavidanja vreden dose\u017eek,\u00ab ocenjuje Marjan Kampu\u0161.<br \/>\nV nagovoru zbranim je spomnil na te\u017eak za\u010detek: Dru\u0161tvo ni imelo prostorov in opreme, sestanke so izvajali v naravi in na osnovnih \u0161olah. Kmalu jim je Ob\u010dina Slovenske Konjice v brezpla\u010dni najem ponudila prostore na Celjski cesti, kjer je danes taborni\u0161ki dom. Prostore je bilo treba temeljito prenoviti in urediti, da so v njih lahko za\u010deli izvajati sestanke in hraniti opremo, ki je je bilo iz leta v leto ve\u010d.<br \/>\n\u00bbSamo vztrajni volji in entuziazmu omenjenih posameznikov ter \u0161tevilnih drugih, ki so se pridru\u017eili dru\u0161tvu, gre zahvala, da smo danes tukaj.\u00ab<\/p>\n<p><strong>Taborni\u0161tvo pu\u0161\u010da svoj pe\u010dat na mladih<\/strong><br \/>\nNa tedenskih vodovih sestankih, mese\u010dnih rodovih akcijah, zimovanjih, letnih taborih (prve so organizirali skupaj s taborni\u0161kimi prijatelji iz Zagorja, zdaj \u017ee vrsto let organizirajo samostojna taborjenja ob Kolpi, Idrijci ali ob Savinji \u2026) ter na razli\u010dnih tekmovanjih se trudijo, da taborni\u0161tvo pu\u0161\u010da svoj pe\u010dat na mladih.<br \/>\n\u00bbSmo pisana ekipa posameznikov: od dijakov in \u0161tudentov do zaposlenih v razli\u010dnih dejavnostih. Kljub starostnim in poklicnim razlikam nas dru\u017ei ljubezen do vrednot, ki jih s seboj prina\u0161a taborni\u0161tvo \u2013 strpnost, solidarnost, medsebojna pomo\u010d, zdrav na\u010din \u017eivljenja in pre\u017eivljanja prostega \u010dasa, dru\u017ebena odgovornost in \u010dut za so\u010dloveka.<br \/>\nHiter izra\u010dun opravljenega dela v preteklih 10-ih letih poka\u017ee, da je vsak izmed nas v taborni\u0161tvo vlo\u017eil ve\u010d kot 3.000 ur prostovoljnega dela, kar prera\u010dunano v delovne dneve znese okrog leto in pol rednega dela. In to brez kakr\u0161nega koli finan\u010dnega nadomestila za opravljeno delo,\u00ab je dodal Kampu\u0161.<\/p>\n<p><strong>Priznanja zaslu\u017enim<br \/>\n<\/strong>Na slovesnosti so se z zahvalami in priznanji zahvalili zaslu\u017enim.<br \/>\nStare\u0161ina ZTS, <strong>Jasna Vinder,<\/strong> najvi\u0161ja predstavnica vseh slovenskih tabornikov, je Rod belega konja nagradila s plaketo.<\/p>\n<p>Najvi\u0161je priznanje, <strong>zlati znak<\/strong> Zveze tabornikov Slovenije (ZTS) so prejeli: <strong>Andrej Zidan\u0161ek<\/strong>, ki je zanetil idejo ponovne ustanovitve dru\u0161tva in kot dolgoletni stare\u0161ina poskrbel za kakovostne temelje. <strong>Silva Ribi\u010d,<\/strong> ki je klju\u010dno prispevala k uspe\u0161nosti rodu s svojim pedago\u0161kim znanjem in \u017eivljenjskimi izku\u0161njami. <strong>Urban \u010cuje\u0161<\/strong>, prvi na\u010delnik, najljub\u0161i &#8216;dohtar&#8217; z odli\u010dnim smislom za humor ter kitarist ter <strong>Gregor Ir\u0161i\u010d<\/strong>, nekdanji kuhar in vodja prestopov. (Zlati znak lahko prejmejo \u010dlani, ki so se izkazali z najmanj 15-letnim aktivnim in uspe\u0161nim delom v taborni\u0161ki organizaciji.)<\/p>\n<p><strong>Bronasti znak<\/strong> ZTS (za najmanj petletno aktivno in uspe\u0161no delo) so prejeli: Kornelija Kodri\u010d, Veronika Petelin\u0161ek, Bla\u017eka Petelin\u0161ek, Tev\u017e Be\u0161kovnik, Marcel Zidan\u0161ek in Nejc Go\u0161njak.<br \/>\n<strong>Pisne zahvale<\/strong> ZTS so prejeli: Aleksander Mlakar, Marko Jakop, Marko Hla\u010dar, Ale\u0161 Pu\u010dnik &#8211; Punki, Laura Grubelnik in Darko Grubelnik. Pa tudi Turisti\u010dno dru\u0161tvo Mla\u010de, O\u0160 Pod goro, O\u0160 Ob Dravinji, O\u0160 Lo\u010de, Rde\u010di kri\u017e, Obmo\u010dno zdru\u017eenje Sl. Konjice in PGD Sl. Konjice.<br \/>\n(B. P., Foto Tadej Lipar)<\/p>\n<p><strong>Ve\u010d pa jutri v lokalnem \u010dasopisu NOVICE!\u00a0<\/strong> Med drugim izveste kako uspe\u0161ni so konji\u0161ki taborniki na tekmovanjih, s katerimi akcijami se vklju\u010dujejo v lokalno okolje in \u0161ir\u0161e, pa tudi v \u010dem so v taborni\u0161kem okolju unikatni!<\/p>\n","protected":false},"excerpt":{"rendered":"<p>Dru\u0161tvo tabornikov Rod belega konja Slovenske Konjice je minulo soboto, 19. novembra, obele\u017eilo deseto obletnico ponovnega delovanja. V dvorani Doma kulture v Sl. Konjicah so pripravili slavnostno prireditev, v preddverju \u0161e razstavo fotografij. Kan\u010dek taborni\u0161kega utripa so tokrat prenesli na oder. S pesmijo, plesom, videom, ske\u010di, prikazom raznih ve\u0161\u010din in znanj so orisali, kako izgleda [&hellip;]<\/p>\n","protected":false},"author":8,"featured_media":157015,"comment_status":"closed","ping_status":"closed","sticky":false,"template":"","format":"standard","meta":{"footnotes":""},"categories":[14,16],"tags":[16444,16420,197,1650],"class_list":{"0":"post-157014","1":"post","2":"type-post","3":"status-publish","4":"format-standard","5":"has-post-thumbnail","7":"category-aktualno","8":"category-konjisko","9":"tag-kampus","10":"tag-rod-belega-konja","11":"tag-slovenske-konjice","12":"tag-taborniki"},"yoast_head":"<!-- This site is optimized with the Yoast SEO plugin v27.4 - https:\/\/yoast.com\/product\/yoast-seo-wordpress\/ -->\n<title>Sl. Konjice: Taborni\u0161ki Rod belega konja slavil desetletje delovanja - Novice.si<\/title>\n<meta name=\"robots\" content=\"index, follow, max-snippet:-1, max-image-preview:large, max-video-preview:-1\" \/>\n<link rel=\"canonical\" href=\"https:\/\/novice.si\/page\/sl-konjice-taborniski-rod-belega-konja-slavil-desetletje-delovanja\/\" \/>\n<meta property=\"og:locale\" content=\"sl_SI\" \/>\n<meta property=\"og:type\" content=\"article\" \/>\n<meta property=\"og:title\" content=\"Sl. Konjice: Taborni\u0161ki Rod belega konja slavil desetletje delovanja - Novice.si\" \/>\n<meta property=\"og:description\" content=\"Dru\u0161tvo tabornikov Rod belega konja Slovenske Konjice je minulo soboto, 19. novembra, obele\u017eilo deseto obletnico ponovnega delovanja. V dvorani Doma kulture v Sl. Konjicah so pripravili slavnostno prireditev, v preddverju \u0161e razstavo fotografij. Kan\u010dek taborni\u0161kega utripa so tokrat prenesli na oder. S pesmijo, plesom, videom, ske\u010di, prikazom raznih ve\u0161\u010din in znanj so orisali, kako izgleda [&hellip;]\" \/>\n<meta property=\"og:url\" content=\"https:\/\/novice.si\/page\/sl-konjice-taborniski-rod-belega-konja-slavil-desetletje-delovanja\/\" \/>\n<meta property=\"og:site_name\" content=\"Novice.si\" \/>\n<meta property=\"article:published_time\" content=\"2022-11-23T09:29:49+00:00\" \/>\n<meta property=\"article:modified_time\" content=\"2022-11-23T13:16:19+00:00\" \/>\n<meta property=\"og:image\" content=\"https:\/\/novice.si\/page\/wp-content\/uploads\/2022\/11\/tabor-1_resize.jpg\" \/>\n\t<meta property=\"og:image:width\" content=\"933\" \/>\n\t<meta property=\"og:image:height\" content=\"700\" \/>\n\t<meta property=\"og:image:type\" content=\"image\/jpeg\" \/>\n<meta name=\"author\" content=\"Uredni\u0161tvo Bistri\u0161kih novic\" \/>\n<meta name=\"twitter:card\" content=\"summary_large_image\" \/>\n<meta name=\"twitter:label1\" content=\"Written by\" \/>\n\t<meta name=\"twitter:data1\" content=\"Uredni\u0161tvo Bistri\u0161kih novic\" \/>\n\t<meta name=\"twitter:label2\" content=\"Est. reading time\" \/>\n\t<meta name=\"twitter:data2\" content=\"4 minute\" \/>\n<script type=\"application\/ld+json\" class=\"yoast-schema-graph\">{\"@context\":\"https:\\\/\\\/schema.org\",\"@graph\":[{\"@type\":\"Article\",\"@id\":\"https:\\\/\\\/novice.si\\\/page\\\/sl-konjice-taborniski-rod-belega-konja-slavil-desetletje-delovanja\\\/#article\",\"isPartOf\":{\"@id\":\"https:\\\/\\\/novice.si\\\/page\\\/sl-konjice-taborniski-rod-belega-konja-slavil-desetletje-delovanja\\\/\"},\"author\":{\"name\":\"Uredni\u0161tvo Bistri\u0161kih novic\",\"@id\":\"https:\\\/\\\/novice.si\\\/page\\\/#\\\/schema\\\/person\\\/96b32396deedcde3f7f776c306b4be21\"},\"headline\":\"Sl. Konjice: Taborni\u0161ki Rod belega konja slavil desetletje delovanja\",\"datePublished\":\"2022-11-23T09:29:49+00:00\",\"dateModified\":\"2022-11-23T13:16:19+00:00\",\"mainEntityOfPage\":{\"@id\":\"https:\\\/\\\/novice.si\\\/page\\\/sl-konjice-taborniski-rod-belega-konja-slavil-desetletje-delovanja\\\/\"},\"wordCount\":751,\"publisher\":{\"@id\":\"https:\\\/\\\/novice.si\\\/page\\\/#organization\"},\"image\":{\"@id\":\"https:\\\/\\\/novice.si\\\/page\\\/sl-konjice-taborniski-rod-belega-konja-slavil-desetletje-delovanja\\\/#primaryimage\"},\"thumbnailUrl\":\"https:\\\/\\\/novice.si\\\/page\\\/wp-content\\\/uploads\\\/2022\\\/11\\\/tabor-1_resize.jpg\",\"keywords\":[\"Kampu\u0161\",\"Rod belega konja\",\"Slovenske Konjice\",\"taborniki\"],\"articleSection\":[\"Aktualno\",\"Konji\u0161ko\"],\"inLanguage\":\"sl-SI\"},{\"@type\":\"WebPage\",\"@id\":\"https:\\\/\\\/novice.si\\\/page\\\/sl-konjice-taborniski-rod-belega-konja-slavil-desetletje-delovanja\\\/\",\"url\":\"https:\\\/\\\/novice.si\\\/page\\\/sl-konjice-taborniski-rod-belega-konja-slavil-desetletje-delovanja\\\/\",\"name\":\"Sl. Konjice: Taborni\u0161ki Rod belega konja slavil desetletje delovanja - Novice.si\",\"isPartOf\":{\"@id\":\"https:\\\/\\\/novice.si\\\/page\\\/#website\"},\"primaryImageOfPage\":{\"@id\":\"https:\\\/\\\/novice.si\\\/page\\\/sl-konjice-taborniski-rod-belega-konja-slavil-desetletje-delovanja\\\/#primaryimage\"},\"image\":{\"@id\":\"https:\\\/\\\/novice.si\\\/page\\\/sl-konjice-taborniski-rod-belega-konja-slavil-desetletje-delovanja\\\/#primaryimage\"},\"thumbnailUrl\":\"https:\\\/\\\/novice.si\\\/page\\\/wp-content\\\/uploads\\\/2022\\\/11\\\/tabor-1_resize.jpg\",\"datePublished\":\"2022-11-23T09:29:49+00:00\",\"dateModified\":\"2022-11-23T13:16:19+00:00\",\"breadcrumb\":{\"@id\":\"https:\\\/\\\/novice.si\\\/page\\\/sl-konjice-taborniski-rod-belega-konja-slavil-desetletje-delovanja\\\/#breadcrumb\"},\"inLanguage\":\"sl-SI\",\"potentialAction\":[{\"@type\":\"ReadAction\",\"target\":[\"https:\\\/\\\/novice.si\\\/page\\\/sl-konjice-taborniski-rod-belega-konja-slavil-desetletje-delovanja\\\/\"]}]},{\"@type\":\"ImageObject\",\"inLanguage\":\"sl-SI\",\"@id\":\"https:\\\/\\\/novice.si\\\/page\\\/sl-konjice-taborniski-rod-belega-konja-slavil-desetletje-delovanja\\\/#primaryimage\",\"url\":\"https:\\\/\\\/novice.si\\\/page\\\/wp-content\\\/uploads\\\/2022\\\/11\\\/tabor-1_resize.jpg\",\"contentUrl\":\"https:\\\/\\\/novice.si\\\/page\\\/wp-content\\\/uploads\\\/2022\\\/11\\\/tabor-1_resize.jpg\",\"width\":933,\"height\":700,\"caption\":\"Na slovesnosti so prikazali kak\u0161en je dan na poletnem taboru.\"},{\"@type\":\"BreadcrumbList\",\"@id\":\"https:\\\/\\\/novice.si\\\/page\\\/sl-konjice-taborniski-rod-belega-konja-slavil-desetletje-delovanja\\\/#breadcrumb\",\"itemListElement\":[{\"@type\":\"ListItem\",\"position\":1,\"name\":\"Home\",\"item\":\"https:\\\/\\\/novice.si\\\/page\\\/\"},{\"@type\":\"ListItem\",\"position\":2,\"name\":\"Sl. Konjice: Taborni\u0161ki Rod belega konja slavil desetletje delovanja\"}]},{\"@type\":\"WebSite\",\"@id\":\"https:\\\/\\\/novice.si\\\/page\\\/#website\",\"url\":\"https:\\\/\\\/novice.si\\\/page\\\/\",\"name\":\"Novice.si\",\"description\":\"\",\"publisher\":{\"@id\":\"https:\\\/\\\/novice.si\\\/page\\\/#organization\"},\"potentialAction\":[{\"@type\":\"SearchAction\",\"target\":{\"@type\":\"EntryPoint\",\"urlTemplate\":\"https:\\\/\\\/novice.si\\\/page\\\/?s={search_term_string}\"},\"query-input\":{\"@type\":\"PropertyValueSpecification\",\"valueRequired\":true,\"valueName\":\"search_term_string\"}}],\"inLanguage\":\"sl-SI\"},{\"@type\":\"Organization\",\"@id\":\"https:\\\/\\\/novice.si\\\/page\\\/#organization\",\"name\":\"Novice.si\",\"url\":\"https:\\\/\\\/novice.si\\\/page\\\/\",\"logo\":{\"@type\":\"ImageObject\",\"inLanguage\":\"sl-SI\",\"@id\":\"https:\\\/\\\/novice.si\\\/page\\\/#\\\/schema\\\/logo\\\/image\\\/\",\"url\":\"https:\\\/\\\/novice.si\\\/page\\\/wp-content\\\/uploads\\\/2023\\\/03\\\/novice_si.png\",\"contentUrl\":\"https:\\\/\\\/novice.si\\\/page\\\/wp-content\\\/uploads\\\/2023\\\/03\\\/novice_si.png\",\"width\":576,\"height\":200,\"caption\":\"Novice.si\"},\"image\":{\"@id\":\"https:\\\/\\\/novice.si\\\/page\\\/#\\\/schema\\\/logo\\\/image\\\/\"}},{\"@type\":\"Person\",\"@id\":\"https:\\\/\\\/novice.si\\\/page\\\/#\\\/schema\\\/person\\\/96b32396deedcde3f7f776c306b4be21\",\"name\":\"Uredni\u0161tvo Bistri\u0161kih novic\",\"image\":{\"@type\":\"ImageObject\",\"inLanguage\":\"sl-SI\",\"@id\":\"https:\\\/\\\/secure.gravatar.com\\\/avatar\\\/26c56c4b10cdb3a21e86442e5f2845a4eafdd0f3605def77ec6cff4aaef32ea4?s=96&d=mm&r=g\",\"url\":\"https:\\\/\\\/secure.gravatar.com\\\/avatar\\\/26c56c4b10cdb3a21e86442e5f2845a4eafdd0f3605def77ec6cff4aaef32ea4?s=96&d=mm&r=g\",\"contentUrl\":\"https:\\\/\\\/secure.gravatar.com\\\/avatar\\\/26c56c4b10cdb3a21e86442e5f2845a4eafdd0f3605def77ec6cff4aaef32ea4?s=96&d=mm&r=g\",\"caption\":\"Uredni\u0161tvo Bistri\u0161kih novic\"},\"url\":\"https:\\\/\\\/novice.si\\\/page\\\/author\\\/bojana\\\/\"}]}<\/script>\n<!-- \/ Yoast SEO plugin. -->","yoast_head_json":{"title":"Sl. Konjice: Taborni\u0161ki Rod belega konja slavil desetletje delovanja - Novice.si","robots":{"index":"index","follow":"follow","max-snippet":"max-snippet:-1","max-image-preview":"max-image-preview:large","max-video-preview":"max-video-preview:-1"},"canonical":"https:\/\/novice.si\/page\/sl-konjice-taborniski-rod-belega-konja-slavil-desetletje-delovanja\/","og_locale":"sl_SI","og_type":"article","og_title":"Sl. Konjice: Taborni\u0161ki Rod belega konja slavil desetletje delovanja - Novice.si","og_description":"Dru\u0161tvo tabornikov Rod belega konja Slovenske Konjice je minulo soboto, 19. novembra, obele\u017eilo deseto obletnico ponovnega delovanja. V dvorani Doma kulture v Sl. Konjicah so pripravili slavnostno prireditev, v preddverju \u0161e razstavo fotografij. Kan\u010dek taborni\u0161kega utripa so tokrat prenesli na oder. S pesmijo, plesom, videom, ske\u010di, prikazom raznih ve\u0161\u010din in znanj so orisali, kako izgleda [&hellip;]","og_url":"https:\/\/novice.si\/page\/sl-konjice-taborniski-rod-belega-konja-slavil-desetletje-delovanja\/","og_site_name":"Novice.si","article_published_time":"2022-11-23T09:29:49+00:00","article_modified_time":"2022-11-23T13:16:19+00:00","og_image":[{"width":933,"height":700,"url":"https:\/\/novice.si\/page\/wp-content\/uploads\/2022\/11\/tabor-1_resize.jpg","type":"image\/jpeg"}],"author":"Uredni\u0161tvo Bistri\u0161kih novic","twitter_card":"summary_large_image","twitter_misc":{"Written by":"Uredni\u0161tvo Bistri\u0161kih novic","Est. reading time":"4 minute"},"schema":{"@context":"https:\/\/schema.org","@graph":[{"@type":"Article","@id":"https:\/\/novice.si\/page\/sl-konjice-taborniski-rod-belega-konja-slavil-desetletje-delovanja\/#article","isPartOf":{"@id":"https:\/\/novice.si\/page\/sl-konjice-taborniski-rod-belega-konja-slavil-desetletje-delovanja\/"},"author":{"name":"Uredni\u0161tvo Bistri\u0161kih novic","@id":"https:\/\/novice.si\/page\/#\/schema\/person\/96b32396deedcde3f7f776c306b4be21"},"headline":"Sl. Konjice: Taborni\u0161ki Rod belega konja slavil desetletje delovanja","datePublished":"2022-11-23T09:29:49+00:00","dateModified":"2022-11-23T13:16:19+00:00","mainEntityOfPage":{"@id":"https:\/\/novice.si\/page\/sl-konjice-taborniski-rod-belega-konja-slavil-desetletje-delovanja\/"},"wordCount":751,"publisher":{"@id":"https:\/\/novice.si\/page\/#organization"},"image":{"@id":"https:\/\/novice.si\/page\/sl-konjice-taborniski-rod-belega-konja-slavil-desetletje-delovanja\/#primaryimage"},"thumbnailUrl":"https:\/\/novice.si\/page\/wp-content\/uploads\/2022\/11\/tabor-1_resize.jpg","keywords":["Kampu\u0161","Rod belega konja","Slovenske Konjice","taborniki"],"articleSection":["Aktualno","Konji\u0161ko"],"inLanguage":"sl-SI"},{"@type":"WebPage","@id":"https:\/\/novice.si\/page\/sl-konjice-taborniski-rod-belega-konja-slavil-desetletje-delovanja\/","url":"https:\/\/novice.si\/page\/sl-konjice-taborniski-rod-belega-konja-slavil-desetletje-delovanja\/","name":"Sl. Konjice: Taborni\u0161ki Rod belega konja slavil desetletje delovanja - Novice.si","isPartOf":{"@id":"https:\/\/novice.si\/page\/#website"},"primaryImageOfPage":{"@id":"https:\/\/novice.si\/page\/sl-konjice-taborniski-rod-belega-konja-slavil-desetletje-delovanja\/#primaryimage"},"image":{"@id":"https:\/\/novice.si\/page\/sl-konjice-taborniski-rod-belega-konja-slavil-desetletje-delovanja\/#primaryimage"},"thumbnailUrl":"https:\/\/novice.si\/page\/wp-content\/uploads\/2022\/11\/tabor-1_resize.jpg","datePublished":"2022-11-23T09:29:49+00:00","dateModified":"2022-11-23T13:16:19+00:00","breadcrumb":{"@id":"https:\/\/novice.si\/page\/sl-konjice-taborniski-rod-belega-konja-slavil-desetletje-delovanja\/#breadcrumb"},"inLanguage":"sl-SI","potentialAction":[{"@type":"ReadAction","target":["https:\/\/novice.si\/page\/sl-konjice-taborniski-rod-belega-konja-slavil-desetletje-delovanja\/"]}]},{"@type":"ImageObject","inLanguage":"sl-SI","@id":"https:\/\/novice.si\/page\/sl-konjice-taborniski-rod-belega-konja-slavil-desetletje-delovanja\/#primaryimage","url":"https:\/\/novice.si\/page\/wp-content\/uploads\/2022\/11\/tabor-1_resize.jpg","contentUrl":"https:\/\/novice.si\/page\/wp-content\/uploads\/2022\/11\/tabor-1_resize.jpg","width":933,"height":700,"caption":"Na slovesnosti so prikazali kak\u0161en je dan na poletnem taboru."},{"@type":"BreadcrumbList","@id":"https:\/\/novice.si\/page\/sl-konjice-taborniski-rod-belega-konja-slavil-desetletje-delovanja\/#breadcrumb","itemListElement":[{"@type":"ListItem","position":1,"name":"Home","item":"https:\/\/novice.si\/page\/"},{"@type":"ListItem","position":2,"name":"Sl. Konjice: Taborni\u0161ki Rod belega konja slavil desetletje delovanja"}]},{"@type":"WebSite","@id":"https:\/\/novice.si\/page\/#website","url":"https:\/\/novice.si\/page\/","name":"Novice.si","description":"","publisher":{"@id":"https:\/\/novice.si\/page\/#organization"},"potentialAction":[{"@type":"SearchAction","target":{"@type":"EntryPoint","urlTemplate":"https:\/\/novice.si\/page\/?s={search_term_string}"},"query-input":{"@type":"PropertyValueSpecification","valueRequired":true,"valueName":"search_term_string"}}],"inLanguage":"sl-SI"},{"@type":"Organization","@id":"https:\/\/novice.si\/page\/#organization","name":"Novice.si","url":"https:\/\/novice.si\/page\/","logo":{"@type":"ImageObject","inLanguage":"sl-SI","@id":"https:\/\/novice.si\/page\/#\/schema\/logo\/image\/","url":"https:\/\/novice.si\/page\/wp-content\/uploads\/2023\/03\/novice_si.png","contentUrl":"https:\/\/novice.si\/page\/wp-content\/uploads\/2023\/03\/novice_si.png","width":576,"height":200,"caption":"Novice.si"},"image":{"@id":"https:\/\/novice.si\/page\/#\/schema\/logo\/image\/"}},{"@type":"Person","@id":"https:\/\/novice.si\/page\/#\/schema\/person\/96b32396deedcde3f7f776c306b4be21","name":"Uredni\u0161tvo Bistri\u0161kih novic","image":{"@type":"ImageObject","inLanguage":"sl-SI","@id":"https:\/\/secure.gravatar.com\/avatar\/26c56c4b10cdb3a21e86442e5f2845a4eafdd0f3605def77ec6cff4aaef32ea4?s=96&d=mm&r=g","url":"https:\/\/secure.gravatar.com\/avatar\/26c56c4b10cdb3a21e86442e5f2845a4eafdd0f3605def77ec6cff4aaef32ea4?s=96&d=mm&r=g","contentUrl":"https:\/\/secure.gravatar.com\/avatar\/26c56c4b10cdb3a21e86442e5f2845a4eafdd0f3605def77ec6cff4aaef32ea4?s=96&d=mm&r=g","caption":"Uredni\u0161tvo Bistri\u0161kih novic"},"url":"https:\/\/novice.si\/page\/author\/bojana\/"}]}},"_links":{"self":[{"href":"https:\/\/novice.si\/page\/wp-json\/wp\/v2\/posts\/157014","targetHints":{"allow":["GET"]}}],"collection":[{"href":"https:\/\/novice.si\/page\/wp-json\/wp\/v2\/posts"}],"about":[{"href":"https:\/\/novice.si\/page\/wp-json\/wp\/v2\/types\/post"}],"author":[{"embeddable":true,"href":"https:\/\/novice.si\/page\/wp-json\/wp\/v2\/users\/8"}],"replies":[{"embeddable":true,"href":"https:\/\/novice.si\/page\/wp-json\/wp\/v2\/comments?post=157014"}],"version-history":[{"count":2,"href":"https:\/\/novice.si\/page\/wp-json\/wp\/v2\/posts\/157014\/revisions"}],"predecessor-version":[{"id":157046,"href":"https:\/\/novice.si\/page\/wp-json\/wp\/v2\/posts\/157014\/revisions\/157046"}],"wp:featuredmedia":[{"embeddable":true,"href":"https:\/\/novice.si\/page\/wp-json\/wp\/v2\/media\/157015"}],"wp:attachment":[{"href":"https:\/\/novice.si\/page\/wp-json\/wp\/v2\/media?parent=157014"}],"wp:term":[{"taxonomy":"category","embeddable":true,"href":"https:\/\/novice.si\/page\/wp-json\/wp\/v2\/categories?post=157014"},{"taxonomy":"post_tag","embeddable":true,"href":"https:\/\/novice.si\/page\/wp-json\/wp\/v2\/tags?post=157014"}],"curies":[{"name":"wp","href":"https:\/\/api.w.org\/{rel}","templated":true}]}}