{"id":156991,"date":"2022-11-21T20:52:03","date_gmt":"2022-11-21T19:52:03","guid":{"rendered":"https:\/\/novice.si\/page\/?p=156991"},"modified":"2022-11-21T20:52:03","modified_gmt":"2022-11-21T19:52:03","slug":"dobje-najvec-sedezev-neodvisni-listi","status":"publish","type":"post","link":"https:\/\/novice.si\/page\/dobje-najvec-sedezev-neodvisni-listi\/","title":{"rendered":"DOBJE Najve\u010d sede\u017eev neodvisni listi"},"content":{"rendered":"<p>V Dobju, kjer dosedanji \u017eupan <strong>Franc Leskov\u0161ek<\/strong> (SLS) ni imel protikandidata, je bil v nedeljo <a href=\"https:\/\/novice.si\/page\/wp-content\/uploads\/2022\/10\/Franc-Leskovsek-Dobje.png\" data-gallery><img loading=\"lazy\" decoding=\"async\" class=\"size-medium wp-image-155996 alignleft\" src=\"https:\/\/novice.si\/page\/wp-content\/uploads\/2022\/10\/Franc-Leskovsek-Dobje-300x221.png\" alt=\"\" width=\"300\" height=\"221\" srcset=\"https:\/\/novice.si\/page\/wp-content\/uploads\/2022\/10\/Franc-Leskovsek-Dobje-300x221.png 300w, https:\/\/novice.si\/page\/wp-content\/uploads\/2022\/10\/Franc-Leskovsek-Dobje-768x565.png 768w, https:\/\/novice.si\/page\/wp-content\/uploads\/2022\/10\/Franc-Leskovsek-Dobje-80x60.png 80w, https:\/\/novice.si\/page\/wp-content\/uploads\/2022\/10\/Franc-Leskovsek-Dobje-696x512.png 696w, https:\/\/novice.si\/page\/wp-content\/uploads\/2022\/10\/Franc-Leskovsek-Dobje-571x420.png 571w, https:\/\/novice.si\/page\/wp-content\/uploads\/2022\/10\/Franc-Leskovsek-Dobje-24x18.png 24w, https:\/\/novice.si\/page\/wp-content\/uploads\/2022\/10\/Franc-Leskovsek-Dobje-36x26.png 36w, https:\/\/novice.si\/page\/wp-content\/uploads\/2022\/10\/Franc-Leskovsek-Dobje-48x35.png 48w, https:\/\/novice.si\/page\/wp-content\/uploads\/2022\/10\/Franc-Leskovsek-Dobje.png 957w\" sizes=\"auto, (max-width: 300px) 100vw, 300px\" \/><\/a>v ospredju boj za stol\u010dke v ob\u010dinskem svetu, kjer je pri\u0161lo do opaznih sprememb.<\/p>\n<p>Za svetnike se je potegovalo 15 kandidatov, najve\u010d pa jih bo v tem mandatu imela lista <strong>Natalije Pleminita\u0161 Fuchs<\/strong> in sicer tri, po dva pa SLS in NSi.<\/p>\n<p>V primerjavi z iztekajo\u010dim se mandatom je SLS izgubila enega svetnika, SDS pa je celo izpadla iz ob\u010dinskega sveta.<\/p>\n<p>P\u0160<\/p>\n","protected":false},"excerpt":{"rendered":"<p>V Dobju, kjer dosedanji \u017eupan Franc Leskov\u0161ek (SLS) ni imel protikandidata, je bil v nedeljo v ospredju boj za stol\u010dke v ob\u010dinskem svetu, kjer je pri\u0161lo do opaznih sprememb. Za svetnike se je potegovalo 15 kandidatov, najve\u010d pa jih bo v tem mandatu imela lista Natalije Pleminita\u0161 Fuchs in sicer tri, po dva pa SLS [&hellip;]<\/p>\n","protected":false},"author":33,"featured_media":109230,"comment_status":"closed","ping_status":"closed","sticky":false,"template":"","format":"standard","meta":{"footnotes":""},"categories":[57],"tags":[451,1342,16419,16438,261],"class_list":{"0":"post-156991","1":"post","2":"type-post","3":"status-publish","4":"format-standard","5":"has-post-thumbnail","7":"category-sentjursko","8":"tag-dobje","9":"tag-franc-leskovsek","10":"tag-lokalne-volitve-2022","11":"tag-natalih-plemenitas-fuchs","12":"tag-obcinski-svet"},"yoast_head":"<!-- This site is optimized with the Yoast SEO plugin v27.4 - https:\/\/yoast.com\/product\/yoast-seo-wordpress\/ -->\n<title>DOBJE Najve\u010d sede\u017eev neodvisni listi - Novice.si<\/title>\n<meta name=\"robots\" content=\"index, follow, max-snippet:-1, max-image-preview:large, max-video-preview:-1\" \/>\n<link rel=\"canonical\" href=\"https:\/\/novice.si\/page\/dobje-najvec-sedezev-neodvisni-listi\/\" \/>\n<meta property=\"og:locale\" content=\"sl_SI\" \/>\n<meta property=\"og:type\" content=\"article\" \/>\n<meta property=\"og:title\" content=\"DOBJE Najve\u010d sede\u017eev neodvisni listi - Novice.si\" \/>\n<meta property=\"og:description\" content=\"V Dobju, kjer dosedanji \u017eupan Franc Leskov\u0161ek (SLS) ni imel protikandidata, je bil v nedeljo v ospredju boj za stol\u010dke v ob\u010dinskem svetu, kjer je pri\u0161lo do opaznih sprememb. Za svetnike se je potegovalo 15 kandidatov, najve\u010d pa jih bo v tem mandatu imela lista Natalije Pleminita\u0161 Fuchs in sicer tri, po dva pa SLS [&hellip;]\" \/>\n<meta property=\"og:url\" content=\"https:\/\/novice.si\/page\/dobje-najvec-sedezev-neodvisni-listi\/\" \/>\n<meta property=\"og:site_name\" content=\"Novice.si\" \/>\n<meta property=\"article:published_time\" content=\"2022-11-21T19:52:03+00:00\" \/>\n<meta property=\"og:image\" content=\"https:\/\/novice.si\/page\/wp-content\/uploads\/2019\/07\/dobje.jpg\" \/>\n\t<meta property=\"og:image:width\" content=\"1152\" \/>\n\t<meta property=\"og:image:height\" content=\"768\" \/>\n\t<meta property=\"og:image:type\" content=\"image\/jpeg\" \/>\n<meta name=\"author\" content=\"Uredni\u0161tvo Celjana\" \/>\n<meta name=\"twitter:card\" content=\"summary_large_image\" \/>\n<meta name=\"twitter:label1\" content=\"Written by\" \/>\n\t<meta name=\"twitter:data1\" content=\"Uredni\u0161tvo Celjana\" \/>\n\t<meta name=\"twitter:label2\" content=\"Est. reading time\" \/>\n\t<meta name=\"twitter:data2\" content=\"1 minuta\" \/>\n<script type=\"application\/ld+json\" class=\"yoast-schema-graph\">{\"@context\":\"https:\\\/\\\/schema.org\",\"@graph\":[{\"@type\":\"Article\",\"@id\":\"https:\\\/\\\/novice.si\\\/page\\\/dobje-najvec-sedezev-neodvisni-listi\\\/#article\",\"isPartOf\":{\"@id\":\"https:\\\/\\\/novice.si\\\/page\\\/dobje-najvec-sedezev-neodvisni-listi\\\/\"},\"author\":{\"name\":\"Uredni\u0161tvo Celjana\",\"@id\":\"https:\\\/\\\/novice.si\\\/page\\\/#\\\/schema\\\/person\\\/57f25c9642a9541c7349c65d32032c3e\"},\"headline\":\"DOBJE Najve\u010d sede\u017eev neodvisni listi\",\"datePublished\":\"2022-11-21T19:52:03+00:00\",\"mainEntityOfPage\":{\"@id\":\"https:\\\/\\\/novice.si\\\/page\\\/dobje-najvec-sedezev-neodvisni-listi\\\/\"},\"wordCount\":88,\"publisher\":{\"@id\":\"https:\\\/\\\/novice.si\\\/page\\\/#organization\"},\"image\":{\"@id\":\"https:\\\/\\\/novice.si\\\/page\\\/dobje-najvec-sedezev-neodvisni-listi\\\/#primaryimage\"},\"thumbnailUrl\":\"https:\\\/\\\/novice.si\\\/page\\\/wp-content\\\/uploads\\\/2019\\\/07\\\/dobje.jpg\",\"keywords\":[\"Dobje\",\"Franc Leskov\u0161ek\",\"lokalne volitve 2022\",\"Natalih Plemenita\u0161 Fuchs\",\"ob\u010dinski svet\"],\"articleSection\":[\"\u0160entjursko\"],\"inLanguage\":\"sl-SI\"},{\"@type\":\"WebPage\",\"@id\":\"https:\\\/\\\/novice.si\\\/page\\\/dobje-najvec-sedezev-neodvisni-listi\\\/\",\"url\":\"https:\\\/\\\/novice.si\\\/page\\\/dobje-najvec-sedezev-neodvisni-listi\\\/\",\"name\":\"DOBJE Najve\u010d sede\u017eev neodvisni listi - Novice.si\",\"isPartOf\":{\"@id\":\"https:\\\/\\\/novice.si\\\/page\\\/#website\"},\"primaryImageOfPage\":{\"@id\":\"https:\\\/\\\/novice.si\\\/page\\\/dobje-najvec-sedezev-neodvisni-listi\\\/#primaryimage\"},\"image\":{\"@id\":\"https:\\\/\\\/novice.si\\\/page\\\/dobje-najvec-sedezev-neodvisni-listi\\\/#primaryimage\"},\"thumbnailUrl\":\"https:\\\/\\\/novice.si\\\/page\\\/wp-content\\\/uploads\\\/2019\\\/07\\\/dobje.jpg\",\"datePublished\":\"2022-11-21T19:52:03+00:00\",\"breadcrumb\":{\"@id\":\"https:\\\/\\\/novice.si\\\/page\\\/dobje-najvec-sedezev-neodvisni-listi\\\/#breadcrumb\"},\"inLanguage\":\"sl-SI\",\"potentialAction\":[{\"@type\":\"ReadAction\",\"target\":[\"https:\\\/\\\/novice.si\\\/page\\\/dobje-najvec-sedezev-neodvisni-listi\\\/\"]}]},{\"@type\":\"ImageObject\",\"inLanguage\":\"sl-SI\",\"@id\":\"https:\\\/\\\/novice.si\\\/page\\\/dobje-najvec-sedezev-neodvisni-listi\\\/#primaryimage\",\"url\":\"https:\\\/\\\/novice.si\\\/page\\\/wp-content\\\/uploads\\\/2019\\\/07\\\/dobje.jpg\",\"contentUrl\":\"https:\\\/\\\/novice.si\\\/page\\\/wp-content\\\/uploads\\\/2019\\\/07\\\/dobje.jpg\",\"width\":1152,\"height\":768},{\"@type\":\"BreadcrumbList\",\"@id\":\"https:\\\/\\\/novice.si\\\/page\\\/dobje-najvec-sedezev-neodvisni-listi\\\/#breadcrumb\",\"itemListElement\":[{\"@type\":\"ListItem\",\"position\":1,\"name\":\"Home\",\"item\":\"https:\\\/\\\/novice.si\\\/page\\\/\"},{\"@type\":\"ListItem\",\"position\":2,\"name\":\"DOBJE Najve\u010d sede\u017eev neodvisni listi\"}]},{\"@type\":\"WebSite\",\"@id\":\"https:\\\/\\\/novice.si\\\/page\\\/#website\",\"url\":\"https:\\\/\\\/novice.si\\\/page\\\/\",\"name\":\"Novice.si\",\"description\":\"\",\"publisher\":{\"@id\":\"https:\\\/\\\/novice.si\\\/page\\\/#organization\"},\"potentialAction\":[{\"@type\":\"SearchAction\",\"target\":{\"@type\":\"EntryPoint\",\"urlTemplate\":\"https:\\\/\\\/novice.si\\\/page\\\/?s={search_term_string}\"},\"query-input\":{\"@type\":\"PropertyValueSpecification\",\"valueRequired\":true,\"valueName\":\"search_term_string\"}}],\"inLanguage\":\"sl-SI\"},{\"@type\":\"Organization\",\"@id\":\"https:\\\/\\\/novice.si\\\/page\\\/#organization\",\"name\":\"Novice.si\",\"url\":\"https:\\\/\\\/novice.si\\\/page\\\/\",\"logo\":{\"@type\":\"ImageObject\",\"inLanguage\":\"sl-SI\",\"@id\":\"https:\\\/\\\/novice.si\\\/page\\\/#\\\/schema\\\/logo\\\/image\\\/\",\"url\":\"https:\\\/\\\/novice.si\\\/page\\\/wp-content\\\/uploads\\\/2023\\\/03\\\/novice_si.png\",\"contentUrl\":\"https:\\\/\\\/novice.si\\\/page\\\/wp-content\\\/uploads\\\/2023\\\/03\\\/novice_si.png\",\"width\":576,\"height\":200,\"caption\":\"Novice.si\"},\"image\":{\"@id\":\"https:\\\/\\\/novice.si\\\/page\\\/#\\\/schema\\\/logo\\\/image\\\/\"}},{\"@type\":\"Person\",\"@id\":\"https:\\\/\\\/novice.si\\\/page\\\/#\\\/schema\\\/person\\\/57f25c9642a9541c7349c65d32032c3e\",\"name\":\"Uredni\u0161tvo Celjana\",\"image\":{\"@type\":\"ImageObject\",\"inLanguage\":\"sl-SI\",\"@id\":\"https:\\\/\\\/secure.gravatar.com\\\/avatar\\\/78e52bc4279b65f6df6345e0ef0f7b792d361361f230cf4ffecfe0afe6d5629c?s=96&d=mm&r=g\",\"url\":\"https:\\\/\\\/secure.gravatar.com\\\/avatar\\\/78e52bc4279b65f6df6345e0ef0f7b792d361361f230cf4ffecfe0afe6d5629c?s=96&d=mm&r=g\",\"contentUrl\":\"https:\\\/\\\/secure.gravatar.com\\\/avatar\\\/78e52bc4279b65f6df6345e0ef0f7b792d361361f230cf4ffecfe0afe6d5629c?s=96&d=mm&r=g\",\"caption\":\"Uredni\u0161tvo Celjana\"},\"url\":\"https:\\\/\\\/novice.si\\\/page\\\/author\\\/primoz\\\/\"}]}<\/script>\n<!-- \/ Yoast SEO plugin. -->","yoast_head_json":{"title":"DOBJE Najve\u010d sede\u017eev neodvisni listi - Novice.si","robots":{"index":"index","follow":"follow","max-snippet":"max-snippet:-1","max-image-preview":"max-image-preview:large","max-video-preview":"max-video-preview:-1"},"canonical":"https:\/\/novice.si\/page\/dobje-najvec-sedezev-neodvisni-listi\/","og_locale":"sl_SI","og_type":"article","og_title":"DOBJE Najve\u010d sede\u017eev neodvisni listi - Novice.si","og_description":"V Dobju, kjer dosedanji \u017eupan Franc Leskov\u0161ek (SLS) ni imel protikandidata, je bil v nedeljo v ospredju boj za stol\u010dke v ob\u010dinskem svetu, kjer je pri\u0161lo do opaznih sprememb. Za svetnike se je potegovalo 15 kandidatov, najve\u010d pa jih bo v tem mandatu imela lista Natalije Pleminita\u0161 Fuchs in sicer tri, po dva pa SLS [&hellip;]","og_url":"https:\/\/novice.si\/page\/dobje-najvec-sedezev-neodvisni-listi\/","og_site_name":"Novice.si","article_published_time":"2022-11-21T19:52:03+00:00","og_image":[{"width":1152,"height":768,"url":"https:\/\/novice.si\/page\/wp-content\/uploads\/2019\/07\/dobje.jpg","type":"image\/jpeg"}],"author":"Uredni\u0161tvo Celjana","twitter_card":"summary_large_image","twitter_misc":{"Written by":"Uredni\u0161tvo Celjana","Est. reading time":"1 minuta"},"schema":{"@context":"https:\/\/schema.org","@graph":[{"@type":"Article","@id":"https:\/\/novice.si\/page\/dobje-najvec-sedezev-neodvisni-listi\/#article","isPartOf":{"@id":"https:\/\/novice.si\/page\/dobje-najvec-sedezev-neodvisni-listi\/"},"author":{"name":"Uredni\u0161tvo Celjana","@id":"https:\/\/novice.si\/page\/#\/schema\/person\/57f25c9642a9541c7349c65d32032c3e"},"headline":"DOBJE Najve\u010d sede\u017eev neodvisni listi","datePublished":"2022-11-21T19:52:03+00:00","mainEntityOfPage":{"@id":"https:\/\/novice.si\/page\/dobje-najvec-sedezev-neodvisni-listi\/"},"wordCount":88,"publisher":{"@id":"https:\/\/novice.si\/page\/#organization"},"image":{"@id":"https:\/\/novice.si\/page\/dobje-najvec-sedezev-neodvisni-listi\/#primaryimage"},"thumbnailUrl":"https:\/\/novice.si\/page\/wp-content\/uploads\/2019\/07\/dobje.jpg","keywords":["Dobje","Franc Leskov\u0161ek","lokalne volitve 2022","Natalih Plemenita\u0161 Fuchs","ob\u010dinski svet"],"articleSection":["\u0160entjursko"],"inLanguage":"sl-SI"},{"@type":"WebPage","@id":"https:\/\/novice.si\/page\/dobje-najvec-sedezev-neodvisni-listi\/","url":"https:\/\/novice.si\/page\/dobje-najvec-sedezev-neodvisni-listi\/","name":"DOBJE Najve\u010d sede\u017eev neodvisni listi - Novice.si","isPartOf":{"@id":"https:\/\/novice.si\/page\/#website"},"primaryImageOfPage":{"@id":"https:\/\/novice.si\/page\/dobje-najvec-sedezev-neodvisni-listi\/#primaryimage"},"image":{"@id":"https:\/\/novice.si\/page\/dobje-najvec-sedezev-neodvisni-listi\/#primaryimage"},"thumbnailUrl":"https:\/\/novice.si\/page\/wp-content\/uploads\/2019\/07\/dobje.jpg","datePublished":"2022-11-21T19:52:03+00:00","breadcrumb":{"@id":"https:\/\/novice.si\/page\/dobje-najvec-sedezev-neodvisni-listi\/#breadcrumb"},"inLanguage":"sl-SI","potentialAction":[{"@type":"ReadAction","target":["https:\/\/novice.si\/page\/dobje-najvec-sedezev-neodvisni-listi\/"]}]},{"@type":"ImageObject","inLanguage":"sl-SI","@id":"https:\/\/novice.si\/page\/dobje-najvec-sedezev-neodvisni-listi\/#primaryimage","url":"https:\/\/novice.si\/page\/wp-content\/uploads\/2019\/07\/dobje.jpg","contentUrl":"https:\/\/novice.si\/page\/wp-content\/uploads\/2019\/07\/dobje.jpg","width":1152,"height":768},{"@type":"BreadcrumbList","@id":"https:\/\/novice.si\/page\/dobje-najvec-sedezev-neodvisni-listi\/#breadcrumb","itemListElement":[{"@type":"ListItem","position":1,"name":"Home","item":"https:\/\/novice.si\/page\/"},{"@type":"ListItem","position":2,"name":"DOBJE Najve\u010d sede\u017eev neodvisni listi"}]},{"@type":"WebSite","@id":"https:\/\/novice.si\/page\/#website","url":"https:\/\/novice.si\/page\/","name":"Novice.si","description":"","publisher":{"@id":"https:\/\/novice.si\/page\/#organization"},"potentialAction":[{"@type":"SearchAction","target":{"@type":"EntryPoint","urlTemplate":"https:\/\/novice.si\/page\/?s={search_term_string}"},"query-input":{"@type":"PropertyValueSpecification","valueRequired":true,"valueName":"search_term_string"}}],"inLanguage":"sl-SI"},{"@type":"Organization","@id":"https:\/\/novice.si\/page\/#organization","name":"Novice.si","url":"https:\/\/novice.si\/page\/","logo":{"@type":"ImageObject","inLanguage":"sl-SI","@id":"https:\/\/novice.si\/page\/#\/schema\/logo\/image\/","url":"https:\/\/novice.si\/page\/wp-content\/uploads\/2023\/03\/novice_si.png","contentUrl":"https:\/\/novice.si\/page\/wp-content\/uploads\/2023\/03\/novice_si.png","width":576,"height":200,"caption":"Novice.si"},"image":{"@id":"https:\/\/novice.si\/page\/#\/schema\/logo\/image\/"}},{"@type":"Person","@id":"https:\/\/novice.si\/page\/#\/schema\/person\/57f25c9642a9541c7349c65d32032c3e","name":"Uredni\u0161tvo Celjana","image":{"@type":"ImageObject","inLanguage":"sl-SI","@id":"https:\/\/secure.gravatar.com\/avatar\/78e52bc4279b65f6df6345e0ef0f7b792d361361f230cf4ffecfe0afe6d5629c?s=96&d=mm&r=g","url":"https:\/\/secure.gravatar.com\/avatar\/78e52bc4279b65f6df6345e0ef0f7b792d361361f230cf4ffecfe0afe6d5629c?s=96&d=mm&r=g","contentUrl":"https:\/\/secure.gravatar.com\/avatar\/78e52bc4279b65f6df6345e0ef0f7b792d361361f230cf4ffecfe0afe6d5629c?s=96&d=mm&r=g","caption":"Uredni\u0161tvo Celjana"},"url":"https:\/\/novice.si\/page\/author\/primoz\/"}]}},"_links":{"self":[{"href":"https:\/\/novice.si\/page\/wp-json\/wp\/v2\/posts\/156991","targetHints":{"allow":["GET"]}}],"collection":[{"href":"https:\/\/novice.si\/page\/wp-json\/wp\/v2\/posts"}],"about":[{"href":"https:\/\/novice.si\/page\/wp-json\/wp\/v2\/types\/post"}],"author":[{"embeddable":true,"href":"https:\/\/novice.si\/page\/wp-json\/wp\/v2\/users\/33"}],"replies":[{"embeddable":true,"href":"https:\/\/novice.si\/page\/wp-json\/wp\/v2\/comments?post=156991"}],"version-history":[{"count":1,"href":"https:\/\/novice.si\/page\/wp-json\/wp\/v2\/posts\/156991\/revisions"}],"predecessor-version":[{"id":156992,"href":"https:\/\/novice.si\/page\/wp-json\/wp\/v2\/posts\/156991\/revisions\/156992"}],"wp:featuredmedia":[{"embeddable":true,"href":"https:\/\/novice.si\/page\/wp-json\/wp\/v2\/media\/109230"}],"wp:attachment":[{"href":"https:\/\/novice.si\/page\/wp-json\/wp\/v2\/media?parent=156991"}],"wp:term":[{"taxonomy":"category","embeddable":true,"href":"https:\/\/novice.si\/page\/wp-json\/wp\/v2\/categories?post=156991"},{"taxonomy":"post_tag","embeddable":true,"href":"https:\/\/novice.si\/page\/wp-json\/wp\/v2\/tags?post=156991"}],"curies":[{"name":"wp","href":"https:\/\/api.w.org\/{rel}","templated":true}]}}