{"id":156983,"date":"2022-11-21T12:11:22","date_gmt":"2022-11-21T11:11:22","guid":{"rendered":"https:\/\/novice.si\/page\/?p=156983"},"modified":"2022-11-21T12:11:22","modified_gmt":"2022-11-21T11:11:22","slug":"store-jurkosek-se-petic-slavil-v-prvem-krogu","status":"publish","type":"post","link":"https:\/\/novice.si\/page\/store-jurkosek-se-petic-slavil-v-prvem-krogu\/","title":{"rendered":"\u0160TORE Jurko\u0161ek \u0161e peti\u010d slavil v prvem krogu"},"content":{"rendered":"<p>Peti\u010d zapored bo v \u0160torah \u017eupanoval Miran Jurko\u0161ek. Vse volitve je dobil v prvem krogu, letos pa j<a href=\"https:\/\/novice.si\/page\/wp-content\/uploads\/2018\/11\/MIRAN-JURKOSEK.jpg\" data-gallery><img loading=\"lazy\" decoding=\"async\" class=\"size-full wp-image-93827 alignleft\" src=\"https:\/\/novice.si\/page\/wp-content\/uploads\/2018\/11\/MIRAN-JURKOSEK.jpg\" alt=\"\" width=\"299\" height=\"200\" srcset=\"https:\/\/novice.si\/page\/wp-content\/uploads\/2018\/11\/MIRAN-JURKOSEK.jpg 299w, https:\/\/novice.si\/page\/wp-content\/uploads\/2018\/11\/MIRAN-JURKOSEK-24x16.jpg 24w, https:\/\/novice.si\/page\/wp-content\/uploads\/2018\/11\/MIRAN-JURKOSEK-36x24.jpg 36w, https:\/\/novice.si\/page\/wp-content\/uploads\/2018\/11\/MIRAN-JURKOSEK-48x32.jpg 48w\" sizes=\"auto, (max-width: 299px) 100vw, 299px\" \/><\/a>e s skoraj 71 odstotki zbral doslej najvi\u0161jo podporo volivcev. Znova nam je zatrdil, da bo to njegov zadnji \u017eupanski mandat.<\/p>\n<p>\u00bbLjudje so videli dobro delo mene in moje ekipe v tem mandatu, zlasti v zadnjem letu. Presene\u010den sem nad \u0161tevilom sede\u017eev moje liste v ob\u010dinskem svetu. Ob\u010dani vedo, kaj se dela v \u0160torah in volitev ne more\u0161 dobiti v zadnjem mesecu. Je pa to obveznost za naprej., \u0161e je nekaj neizpolnjenih obljub, to bomo uredili v naslednjih \u0161tirih letih.\u00ab<\/p>\n<p>P\u0160<\/p>\n","protected":false},"excerpt":{"rendered":"<p>Peti\u010d zapored bo v \u0160torah \u017eupanoval Miran Jurko\u0161ek. Vse volitve je dobil v prvem krogu, letos pa je s skoraj 71 odstotki zbral doslej najvi\u0161jo podporo volivcev. Znova nam je zatrdil, da bo to njegov zadnji \u017eupanski mandat. \u00bbLjudje so videli dobro delo mene in moje ekipe v tem mandatu, zlasti v zadnjem letu. Presene\u010den [&hellip;]<\/p>\n","protected":false},"author":33,"featured_media":156537,"comment_status":"closed","ping_status":"closed","sticky":false,"template":"","format":"standard","meta":{"footnotes":""},"categories":[17],"tags":[16419,7154,13987,4264],"class_list":{"0":"post-156983","1":"post","2":"type-post","3":"status-publish","4":"format-standard","5":"has-post-thumbnail","7":"category-celjsko","8":"tag-lokalne-volitve-2022","9":"tag-miran-jurkosek","10":"tag-peti-mandat","11":"tag-store"},"yoast_head":"<!-- This site is optimized with the Yoast SEO plugin v27.4 - https:\/\/yoast.com\/product\/yoast-seo-wordpress\/ -->\n<title>\u0160TORE Jurko\u0161ek \u0161e peti\u010d slavil v prvem krogu - Novice.si<\/title>\n<meta name=\"robots\" content=\"index, follow, max-snippet:-1, max-image-preview:large, max-video-preview:-1\" \/>\n<link rel=\"canonical\" href=\"https:\/\/novice.si\/page\/store-jurkosek-se-petic-slavil-v-prvem-krogu\/\" \/>\n<meta property=\"og:locale\" content=\"sl_SI\" \/>\n<meta property=\"og:type\" content=\"article\" \/>\n<meta property=\"og:title\" content=\"\u0160TORE Jurko\u0161ek \u0161e peti\u010d slavil v prvem krogu - Novice.si\" \/>\n<meta property=\"og:description\" content=\"Peti\u010d zapored bo v \u0160torah \u017eupanoval Miran Jurko\u0161ek. Vse volitve je dobil v prvem krogu, letos pa je s skoraj 71 odstotki zbral doslej najvi\u0161jo podporo volivcev. Znova nam je zatrdil, da bo to njegov zadnji \u017eupanski mandat. \u00bbLjudje so videli dobro delo mene in moje ekipe v tem mandatu, zlasti v zadnjem letu. Presene\u010den [&hellip;]\" \/>\n<meta property=\"og:url\" content=\"https:\/\/novice.si\/page\/store-jurkosek-se-petic-slavil-v-prvem-krogu\/\" \/>\n<meta property=\"og:site_name\" content=\"Novice.si\" \/>\n<meta property=\"article:published_time\" content=\"2022-11-21T11:11:22+00:00\" \/>\n<meta property=\"og:image\" content=\"https:\/\/novice.si\/page\/wp-content\/uploads\/2022\/11\/miran-jurkosek-4a.jpg\" \/>\n\t<meta property=\"og:image:width\" content=\"1274\" \/>\n\t<meta property=\"og:image:height\" content=\"1022\" \/>\n\t<meta property=\"og:image:type\" content=\"image\/jpeg\" \/>\n<meta name=\"author\" content=\"Uredni\u0161tvo Celjana\" \/>\n<meta name=\"twitter:card\" content=\"summary_large_image\" \/>\n<meta name=\"twitter:label1\" content=\"Written by\" \/>\n\t<meta name=\"twitter:data1\" content=\"Uredni\u0161tvo Celjana\" \/>\n\t<meta name=\"twitter:label2\" content=\"Est. reading time\" \/>\n\t<meta name=\"twitter:data2\" content=\"1 minuta\" \/>\n<script type=\"application\/ld+json\" class=\"yoast-schema-graph\">{\"@context\":\"https:\\\/\\\/schema.org\",\"@graph\":[{\"@type\":\"Article\",\"@id\":\"https:\\\/\\\/novice.si\\\/page\\\/store-jurkosek-se-petic-slavil-v-prvem-krogu\\\/#article\",\"isPartOf\":{\"@id\":\"https:\\\/\\\/novice.si\\\/page\\\/store-jurkosek-se-petic-slavil-v-prvem-krogu\\\/\"},\"author\":{\"name\":\"Uredni\u0161tvo Celjana\",\"@id\":\"https:\\\/\\\/novice.si\\\/page\\\/#\\\/schema\\\/person\\\/57f25c9642a9541c7349c65d32032c3e\"},\"headline\":\"\u0160TORE Jurko\u0161ek \u0161e peti\u010d slavil v prvem krogu\",\"datePublished\":\"2022-11-21T11:11:22+00:00\",\"mainEntityOfPage\":{\"@id\":\"https:\\\/\\\/novice.si\\\/page\\\/store-jurkosek-se-petic-slavil-v-prvem-krogu\\\/\"},\"wordCount\":113,\"publisher\":{\"@id\":\"https:\\\/\\\/novice.si\\\/page\\\/#organization\"},\"image\":{\"@id\":\"https:\\\/\\\/novice.si\\\/page\\\/store-jurkosek-se-petic-slavil-v-prvem-krogu\\\/#primaryimage\"},\"thumbnailUrl\":\"https:\\\/\\\/novice.si\\\/page\\\/wp-content\\\/uploads\\\/2022\\\/11\\\/miran-jurkosek-4a.jpg\",\"keywords\":[\"lokalne volitve 2022\",\"Miran Jurko\u0161ek\",\"peti mandat\",\"\u0161tore\"],\"articleSection\":[\"Celjsko\"],\"inLanguage\":\"sl-SI\"},{\"@type\":\"WebPage\",\"@id\":\"https:\\\/\\\/novice.si\\\/page\\\/store-jurkosek-se-petic-slavil-v-prvem-krogu\\\/\",\"url\":\"https:\\\/\\\/novice.si\\\/page\\\/store-jurkosek-se-petic-slavil-v-prvem-krogu\\\/\",\"name\":\"\u0160TORE Jurko\u0161ek \u0161e peti\u010d slavil v prvem krogu - Novice.si\",\"isPartOf\":{\"@id\":\"https:\\\/\\\/novice.si\\\/page\\\/#website\"},\"primaryImageOfPage\":{\"@id\":\"https:\\\/\\\/novice.si\\\/page\\\/store-jurkosek-se-petic-slavil-v-prvem-krogu\\\/#primaryimage\"},\"image\":{\"@id\":\"https:\\\/\\\/novice.si\\\/page\\\/store-jurkosek-se-petic-slavil-v-prvem-krogu\\\/#primaryimage\"},\"thumbnailUrl\":\"https:\\\/\\\/novice.si\\\/page\\\/wp-content\\\/uploads\\\/2022\\\/11\\\/miran-jurkosek-4a.jpg\",\"datePublished\":\"2022-11-21T11:11:22+00:00\",\"breadcrumb\":{\"@id\":\"https:\\\/\\\/novice.si\\\/page\\\/store-jurkosek-se-petic-slavil-v-prvem-krogu\\\/#breadcrumb\"},\"inLanguage\":\"sl-SI\",\"potentialAction\":[{\"@type\":\"ReadAction\",\"target\":[\"https:\\\/\\\/novice.si\\\/page\\\/store-jurkosek-se-petic-slavil-v-prvem-krogu\\\/\"]}]},{\"@type\":\"ImageObject\",\"inLanguage\":\"sl-SI\",\"@id\":\"https:\\\/\\\/novice.si\\\/page\\\/store-jurkosek-se-petic-slavil-v-prvem-krogu\\\/#primaryimage\",\"url\":\"https:\\\/\\\/novice.si\\\/page\\\/wp-content\\\/uploads\\\/2022\\\/11\\\/miran-jurkosek-4a.jpg\",\"contentUrl\":\"https:\\\/\\\/novice.si\\\/page\\\/wp-content\\\/uploads\\\/2022\\\/11\\\/miran-jurkosek-4a.jpg\",\"width\":1274,\"height\":1022},{\"@type\":\"BreadcrumbList\",\"@id\":\"https:\\\/\\\/novice.si\\\/page\\\/store-jurkosek-se-petic-slavil-v-prvem-krogu\\\/#breadcrumb\",\"itemListElement\":[{\"@type\":\"ListItem\",\"position\":1,\"name\":\"Home\",\"item\":\"https:\\\/\\\/novice.si\\\/page\\\/\"},{\"@type\":\"ListItem\",\"position\":2,\"name\":\"\u0160TORE Jurko\u0161ek \u0161e peti\u010d slavil v prvem krogu\"}]},{\"@type\":\"WebSite\",\"@id\":\"https:\\\/\\\/novice.si\\\/page\\\/#website\",\"url\":\"https:\\\/\\\/novice.si\\\/page\\\/\",\"name\":\"Novice.si\",\"description\":\"\",\"publisher\":{\"@id\":\"https:\\\/\\\/novice.si\\\/page\\\/#organization\"},\"potentialAction\":[{\"@type\":\"SearchAction\",\"target\":{\"@type\":\"EntryPoint\",\"urlTemplate\":\"https:\\\/\\\/novice.si\\\/page\\\/?s={search_term_string}\"},\"query-input\":{\"@type\":\"PropertyValueSpecification\",\"valueRequired\":true,\"valueName\":\"search_term_string\"}}],\"inLanguage\":\"sl-SI\"},{\"@type\":\"Organization\",\"@id\":\"https:\\\/\\\/novice.si\\\/page\\\/#organization\",\"name\":\"Novice.si\",\"url\":\"https:\\\/\\\/novice.si\\\/page\\\/\",\"logo\":{\"@type\":\"ImageObject\",\"inLanguage\":\"sl-SI\",\"@id\":\"https:\\\/\\\/novice.si\\\/page\\\/#\\\/schema\\\/logo\\\/image\\\/\",\"url\":\"https:\\\/\\\/novice.si\\\/page\\\/wp-content\\\/uploads\\\/2023\\\/03\\\/novice_si.png\",\"contentUrl\":\"https:\\\/\\\/novice.si\\\/page\\\/wp-content\\\/uploads\\\/2023\\\/03\\\/novice_si.png\",\"width\":576,\"height\":200,\"caption\":\"Novice.si\"},\"image\":{\"@id\":\"https:\\\/\\\/novice.si\\\/page\\\/#\\\/schema\\\/logo\\\/image\\\/\"}},{\"@type\":\"Person\",\"@id\":\"https:\\\/\\\/novice.si\\\/page\\\/#\\\/schema\\\/person\\\/57f25c9642a9541c7349c65d32032c3e\",\"name\":\"Uredni\u0161tvo Celjana\",\"image\":{\"@type\":\"ImageObject\",\"inLanguage\":\"sl-SI\",\"@id\":\"https:\\\/\\\/secure.gravatar.com\\\/avatar\\\/78e52bc4279b65f6df6345e0ef0f7b792d361361f230cf4ffecfe0afe6d5629c?s=96&d=mm&r=g\",\"url\":\"https:\\\/\\\/secure.gravatar.com\\\/avatar\\\/78e52bc4279b65f6df6345e0ef0f7b792d361361f230cf4ffecfe0afe6d5629c?s=96&d=mm&r=g\",\"contentUrl\":\"https:\\\/\\\/secure.gravatar.com\\\/avatar\\\/78e52bc4279b65f6df6345e0ef0f7b792d361361f230cf4ffecfe0afe6d5629c?s=96&d=mm&r=g\",\"caption\":\"Uredni\u0161tvo Celjana\"},\"url\":\"https:\\\/\\\/novice.si\\\/page\\\/author\\\/primoz\\\/\"}]}<\/script>\n<!-- \/ Yoast SEO plugin. -->","yoast_head_json":{"title":"\u0160TORE Jurko\u0161ek \u0161e peti\u010d slavil v prvem krogu - Novice.si","robots":{"index":"index","follow":"follow","max-snippet":"max-snippet:-1","max-image-preview":"max-image-preview:large","max-video-preview":"max-video-preview:-1"},"canonical":"https:\/\/novice.si\/page\/store-jurkosek-se-petic-slavil-v-prvem-krogu\/","og_locale":"sl_SI","og_type":"article","og_title":"\u0160TORE Jurko\u0161ek \u0161e peti\u010d slavil v prvem krogu - Novice.si","og_description":"Peti\u010d zapored bo v \u0160torah \u017eupanoval Miran Jurko\u0161ek. Vse volitve je dobil v prvem krogu, letos pa je s skoraj 71 odstotki zbral doslej najvi\u0161jo podporo volivcev. Znova nam je zatrdil, da bo to njegov zadnji \u017eupanski mandat. \u00bbLjudje so videli dobro delo mene in moje ekipe v tem mandatu, zlasti v zadnjem letu. Presene\u010den [&hellip;]","og_url":"https:\/\/novice.si\/page\/store-jurkosek-se-petic-slavil-v-prvem-krogu\/","og_site_name":"Novice.si","article_published_time":"2022-11-21T11:11:22+00:00","og_image":[{"width":1274,"height":1022,"url":"https:\/\/novice.si\/page\/wp-content\/uploads\/2022\/11\/miran-jurkosek-4a.jpg","type":"image\/jpeg"}],"author":"Uredni\u0161tvo Celjana","twitter_card":"summary_large_image","twitter_misc":{"Written by":"Uredni\u0161tvo Celjana","Est. reading time":"1 minuta"},"schema":{"@context":"https:\/\/schema.org","@graph":[{"@type":"Article","@id":"https:\/\/novice.si\/page\/store-jurkosek-se-petic-slavil-v-prvem-krogu\/#article","isPartOf":{"@id":"https:\/\/novice.si\/page\/store-jurkosek-se-petic-slavil-v-prvem-krogu\/"},"author":{"name":"Uredni\u0161tvo Celjana","@id":"https:\/\/novice.si\/page\/#\/schema\/person\/57f25c9642a9541c7349c65d32032c3e"},"headline":"\u0160TORE Jurko\u0161ek \u0161e peti\u010d slavil v prvem krogu","datePublished":"2022-11-21T11:11:22+00:00","mainEntityOfPage":{"@id":"https:\/\/novice.si\/page\/store-jurkosek-se-petic-slavil-v-prvem-krogu\/"},"wordCount":113,"publisher":{"@id":"https:\/\/novice.si\/page\/#organization"},"image":{"@id":"https:\/\/novice.si\/page\/store-jurkosek-se-petic-slavil-v-prvem-krogu\/#primaryimage"},"thumbnailUrl":"https:\/\/novice.si\/page\/wp-content\/uploads\/2022\/11\/miran-jurkosek-4a.jpg","keywords":["lokalne volitve 2022","Miran Jurko\u0161ek","peti mandat","\u0161tore"],"articleSection":["Celjsko"],"inLanguage":"sl-SI"},{"@type":"WebPage","@id":"https:\/\/novice.si\/page\/store-jurkosek-se-petic-slavil-v-prvem-krogu\/","url":"https:\/\/novice.si\/page\/store-jurkosek-se-petic-slavil-v-prvem-krogu\/","name":"\u0160TORE Jurko\u0161ek \u0161e peti\u010d slavil v prvem krogu - Novice.si","isPartOf":{"@id":"https:\/\/novice.si\/page\/#website"},"primaryImageOfPage":{"@id":"https:\/\/novice.si\/page\/store-jurkosek-se-petic-slavil-v-prvem-krogu\/#primaryimage"},"image":{"@id":"https:\/\/novice.si\/page\/store-jurkosek-se-petic-slavil-v-prvem-krogu\/#primaryimage"},"thumbnailUrl":"https:\/\/novice.si\/page\/wp-content\/uploads\/2022\/11\/miran-jurkosek-4a.jpg","datePublished":"2022-11-21T11:11:22+00:00","breadcrumb":{"@id":"https:\/\/novice.si\/page\/store-jurkosek-se-petic-slavil-v-prvem-krogu\/#breadcrumb"},"inLanguage":"sl-SI","potentialAction":[{"@type":"ReadAction","target":["https:\/\/novice.si\/page\/store-jurkosek-se-petic-slavil-v-prvem-krogu\/"]}]},{"@type":"ImageObject","inLanguage":"sl-SI","@id":"https:\/\/novice.si\/page\/store-jurkosek-se-petic-slavil-v-prvem-krogu\/#primaryimage","url":"https:\/\/novice.si\/page\/wp-content\/uploads\/2022\/11\/miran-jurkosek-4a.jpg","contentUrl":"https:\/\/novice.si\/page\/wp-content\/uploads\/2022\/11\/miran-jurkosek-4a.jpg","width":1274,"height":1022},{"@type":"BreadcrumbList","@id":"https:\/\/novice.si\/page\/store-jurkosek-se-petic-slavil-v-prvem-krogu\/#breadcrumb","itemListElement":[{"@type":"ListItem","position":1,"name":"Home","item":"https:\/\/novice.si\/page\/"},{"@type":"ListItem","position":2,"name":"\u0160TORE Jurko\u0161ek \u0161e peti\u010d slavil v prvem krogu"}]},{"@type":"WebSite","@id":"https:\/\/novice.si\/page\/#website","url":"https:\/\/novice.si\/page\/","name":"Novice.si","description":"","publisher":{"@id":"https:\/\/novice.si\/page\/#organization"},"potentialAction":[{"@type":"SearchAction","target":{"@type":"EntryPoint","urlTemplate":"https:\/\/novice.si\/page\/?s={search_term_string}"},"query-input":{"@type":"PropertyValueSpecification","valueRequired":true,"valueName":"search_term_string"}}],"inLanguage":"sl-SI"},{"@type":"Organization","@id":"https:\/\/novice.si\/page\/#organization","name":"Novice.si","url":"https:\/\/novice.si\/page\/","logo":{"@type":"ImageObject","inLanguage":"sl-SI","@id":"https:\/\/novice.si\/page\/#\/schema\/logo\/image\/","url":"https:\/\/novice.si\/page\/wp-content\/uploads\/2023\/03\/novice_si.png","contentUrl":"https:\/\/novice.si\/page\/wp-content\/uploads\/2023\/03\/novice_si.png","width":576,"height":200,"caption":"Novice.si"},"image":{"@id":"https:\/\/novice.si\/page\/#\/schema\/logo\/image\/"}},{"@type":"Person","@id":"https:\/\/novice.si\/page\/#\/schema\/person\/57f25c9642a9541c7349c65d32032c3e","name":"Uredni\u0161tvo Celjana","image":{"@type":"ImageObject","inLanguage":"sl-SI","@id":"https:\/\/secure.gravatar.com\/avatar\/78e52bc4279b65f6df6345e0ef0f7b792d361361f230cf4ffecfe0afe6d5629c?s=96&d=mm&r=g","url":"https:\/\/secure.gravatar.com\/avatar\/78e52bc4279b65f6df6345e0ef0f7b792d361361f230cf4ffecfe0afe6d5629c?s=96&d=mm&r=g","contentUrl":"https:\/\/secure.gravatar.com\/avatar\/78e52bc4279b65f6df6345e0ef0f7b792d361361f230cf4ffecfe0afe6d5629c?s=96&d=mm&r=g","caption":"Uredni\u0161tvo Celjana"},"url":"https:\/\/novice.si\/page\/author\/primoz\/"}]}},"_links":{"self":[{"href":"https:\/\/novice.si\/page\/wp-json\/wp\/v2\/posts\/156983","targetHints":{"allow":["GET"]}}],"collection":[{"href":"https:\/\/novice.si\/page\/wp-json\/wp\/v2\/posts"}],"about":[{"href":"https:\/\/novice.si\/page\/wp-json\/wp\/v2\/types\/post"}],"author":[{"embeddable":true,"href":"https:\/\/novice.si\/page\/wp-json\/wp\/v2\/users\/33"}],"replies":[{"embeddable":true,"href":"https:\/\/novice.si\/page\/wp-json\/wp\/v2\/comments?post=156983"}],"version-history":[{"count":1,"href":"https:\/\/novice.si\/page\/wp-json\/wp\/v2\/posts\/156983\/revisions"}],"predecessor-version":[{"id":156984,"href":"https:\/\/novice.si\/page\/wp-json\/wp\/v2\/posts\/156983\/revisions\/156984"}],"wp:featuredmedia":[{"embeddable":true,"href":"https:\/\/novice.si\/page\/wp-json\/wp\/v2\/media\/156537"}],"wp:attachment":[{"href":"https:\/\/novice.si\/page\/wp-json\/wp\/v2\/media?parent=156983"}],"wp:term":[{"taxonomy":"category","embeddable":true,"href":"https:\/\/novice.si\/page\/wp-json\/wp\/v2\/categories?post=156983"},{"taxonomy":"post_tag","embeddable":true,"href":"https:\/\/novice.si\/page\/wp-json\/wp\/v2\/tags?post=156983"}],"curies":[{"name":"wp","href":"https:\/\/api.w.org\/{rel}","templated":true}]}}