{"id":156876,"date":"2022-11-20T09:07:22","date_gmt":"2022-11-20T08:07:22","guid":{"rendered":"https:\/\/novice.si\/page\/?p=156876"},"modified":"2022-11-21T08:31:36","modified_gmt":"2022-11-21T07:31:36","slug":"celje-lokalne-volitve","status":"publish","type":"post","link":"https:\/\/novice.si\/page\/celje-lokalne-volitve\/","title":{"rendered":"CELJE: V drugi krog \u0160rot in Kova\u010d"},"content":{"rendered":"<p>V Celju se bosta v drugem krogu lokalnih volitev pomerila aktualni \u017eupan <strong>Bojan \u0160rot <\/strong>(Celjska \u017eupanova lista) in <strong>Matija Kova\u010d <\/strong>(Gregor Deleja in skupina volilcev). \u0160rot je zbral dobrih 46 odstotka glasov, Kova\u010d pa 33 odstotkov. <strong>Uro\u0161 Lesjak<\/strong> (Gibanje Svoboda) je zbral 9 odstotkov glasov, <strong>Sandi Sendelbah<\/strong> (Lista za Celje) 6 odstotkov in <strong>Primo\u017e Brvar<\/strong> (SD) 4 odstotke.<br \/>\nVolilna udele\u017eba v Celju je bila 41 odstotna.<\/p>\n\r\n                <style type=\"text\/css\">\r\n                    \r\n                    #tdi_1  .td-doubleSlider-2 .td-item1 {\r\n                        background: url(https:\/\/novice.si\/page\/wp-content\/uploads\/2022\/11\/matija-kovac-80x60.jpg) 0 0 no-repeat;\r\n                    }\r\n                    #tdi_1  .td-doubleSlider-2 .td-item2 {\r\n                        background: url(https:\/\/novice.si\/page\/wp-content\/uploads\/2022\/09\/Srot-Bojan-413-80x60.jpg) 0 0 no-repeat;\r\n                    }\r\n                <\/style>\r\n\r\n                <div id=\"tdi_1\" class=\"td-gallery td-slide-on-2-columns\">\r\n                    <div class=\"post_td_gallery\">\r\n                        <div class=\"td-gallery-slide-top\">\r\n                           <div class=\"td-gallery-title\"><\/div>\r\n\r\n                            <div class=\"td-gallery-controls-wrapper\">\r\n                                <div class=\"td-gallery-slide-count\"><span class=\"td-gallery-slide-item-focus\">1<\/span> od 2<\/div>\r\n                                <div class=\"td-gallery-slide-prev-next-but\">\r\n                                    <i class = \"td-icon-left doubleSliderPrevButton\"><\/i>\r\n                                    <i class = \"td-icon-right doubleSliderNextButton\"><\/i>\r\n                                <\/div>\r\n                            <\/div>\r\n                        <\/div>\r\n\r\n                        <div class = \"td-doubleSlider-1 \">\r\n                            <div class = \"td-slider\">\r\n                                \r\n                    <div class = \"td-slide-item td-item1\">\r\n                        <figure class=\"td-slide-galery-figure td-slide-popup-gallery\">\r\n                            <a class=\"slide-gallery-image-link\" href=\"https:\/\/novice.si\/page\/wp-content\/uploads\/2022\/11\/matija-kovac.jpg\" title=\"matija kovac\"  data-caption=\"Matija Kova\u010d.\"  data-description=\"\" data-gallery>\r\n                                <img decoding=\"async\" src=\"https:\/\/novice.si\/page\/wp-content\/uploads\/2022\/11\/matija-kovac-420x420.jpg\" srcset=\"https:\/\/novice.si\/page\/wp-content\/uploads\/2022\/11\/matija-kovac-420x420.jpg 420w, https:\/\/novice.si\/page\/wp-content\/uploads\/2022\/11\/matija-kovac-300x300.jpg 300w, https:\/\/novice.si\/page\/wp-content\/uploads\/2022\/11\/matija-kovac-1024x1024.jpg 1024w, https:\/\/novice.si\/page\/wp-content\/uploads\/2022\/11\/matija-kovac-150x150.jpg 150w, https:\/\/novice.si\/page\/wp-content\/uploads\/2022\/11\/matija-kovac-768x768.jpg 768w, https:\/\/novice.si\/page\/wp-content\/uploads\/2022\/11\/matija-kovac-696x696.jpg 696w, https:\/\/novice.si\/page\/wp-content\/uploads\/2022\/11\/matija-kovac-1068x1068.jpg 1068w, https:\/\/novice.si\/page\/wp-content\/uploads\/2022\/11\/matija-kovac-24x24.jpg 24w, https:\/\/novice.si\/page\/wp-content\/uploads\/2022\/11\/matija-kovac-36x36.jpg 36w, https:\/\/novice.si\/page\/wp-content\/uploads\/2022\/11\/matija-kovac-48x48.jpg 48w, https:\/\/novice.si\/page\/wp-content\/uploads\/2022\/11\/matija-kovac.jpg 1081w\" sizes=\"(max-width: 420px) 100vw, 420px\" alt=\"\">\r\n                            <\/a>\r\n                            <figcaption class = \"td-slide-caption td-gallery-slide-content\"><div class = \"td-gallery-slide-copywrite\">Matija Kova\u010d.<\/div><\/figcaption>\r\n                        <\/figure>\r\n                    <\/div>\r\n                    <div class = \"td-slide-item td-item2\">\r\n                        <figure class=\"td-slide-galery-figure td-slide-popup-gallery\">\r\n                            <a class=\"slide-gallery-image-link\" href=\"https:\/\/novice.si\/page\/wp-content\/uploads\/2022\/09\/Srot-Bojan-413-scaled.jpg\" title=\"Bojan \u0160rot\"  data-caption=\"Bojan \u0160rot.\"  data-description=\"\" data-gallery>\r\n                                <img decoding=\"async\" src=\"https:\/\/novice.si\/page\/wp-content\/uploads\/2022\/09\/Srot-Bojan-413-280x420.jpg\" srcset=\"https:\/\/novice.si\/page\/wp-content\/uploads\/2022\/09\/Srot-Bojan-413-280x420.jpg 280w, https:\/\/novice.si\/page\/wp-content\/uploads\/2022\/09\/Srot-Bojan-413-200x300.jpg 200w, https:\/\/novice.si\/page\/wp-content\/uploads\/2022\/09\/Srot-Bojan-413-683x1024.jpg 683w, https:\/\/novice.si\/page\/wp-content\/uploads\/2022\/09\/Srot-Bojan-413-768x1152.jpg 768w, https:\/\/novice.si\/page\/wp-content\/uploads\/2022\/09\/Srot-Bojan-413-1024x1536.jpg 1024w, https:\/\/novice.si\/page\/wp-content\/uploads\/2022\/09\/Srot-Bojan-413-1365x2048.jpg 1365w, https:\/\/novice.si\/page\/wp-content\/uploads\/2022\/09\/Srot-Bojan-413-696x1044.jpg 696w, https:\/\/novice.si\/page\/wp-content\/uploads\/2022\/09\/Srot-Bojan-413-1068x1602.jpg 1068w, https:\/\/novice.si\/page\/wp-content\/uploads\/2022\/09\/Srot-Bojan-413-16x24.jpg 16w, https:\/\/novice.si\/page\/wp-content\/uploads\/2022\/09\/Srot-Bojan-413-24x36.jpg 24w, https:\/\/novice.si\/page\/wp-content\/uploads\/2022\/09\/Srot-Bojan-413-32x48.jpg 32w, https:\/\/novice.si\/page\/wp-content\/uploads\/2022\/09\/Srot-Bojan-413-scaled.jpg 1707w\" sizes=\"(max-width: 280px) 100vw, 280px\" alt=\"\">\r\n                            <\/a>\r\n                            <figcaption class = \"td-slide-caption td-gallery-slide-content\"><div class = \"td-gallery-slide-copywrite\">Bojan \u0160rot.<\/div><\/figcaption>\r\n                        <\/figure>\r\n                    <\/div>\r\n                            <\/div>\r\n                        <\/div>\r\n\r\n                        <div class = \"td-doubleSlider-2\">\r\n                            <div class = \"td-slider\">\r\n                                \r\n                    <div class = \"td-button td-item1\">\r\n                        <div class = \"td-border\"><\/div>\r\n                    <\/div>\r\n                    <div class = \"td-button td-item2\">\r\n                        <div class = \"td-border\"><\/div>\r\n                    <\/div>\r\n                            <\/div>\r\n                        <\/div>\r\n\r\n                    <\/div>\r\n\r\n                <\/div>\r\n                \n<p>V mestnem svetu najve\u010djo prevlado ohranja Celjska \u017eupanova lista in sicer 9, Gibanje Svoboda ima 7 mandatov, SDS 5, SD 3 mandate, Celjska neodvisna lista, Levica in Vesna, SLS po 2 mandata. Po enega pa Lista za Celje in Stranka za delovna mesta.<\/p>\n<p>&nbsp;<\/p>\n<hr \/>\n<p><strong>21:35: <\/strong>Po skoraj vseh pre\u0161tetih glasovih v Celju, je jasno, da bo kne\u017eje mesto imelo dva kroga. V drugem krogu se bosta pomerila aktualni \u017eupan <strong>Bojan \u0160rot<\/strong> in <strong>Matija Kova\u010d<\/strong>. \u0160rot je zbral dobrih 46 odstotka glasov, Kova\u010d pa 33 odstotkov. <strong>Uro\u0161 Lesjak<\/strong> (Gibanje Svoboda) je zbral 9 odstotkov glasov, <strong>Sandi Sendelbah<\/strong> (Lista za Celje) 6 odstotkov in <strong>Primo\u017e Brvar<\/strong> (SD) 4 odstotke.<br \/>\nVolilna udele\u017eba v Celju je bila 37 odstotna, kar je slab\u0161e od slovenskega povpre\u010dja (39%).<\/p>\n<p><strong>21:02:<\/strong> Po ve\u010d kot 90 odstotkih pre\u0161tetih glasov, v Celju ka\u017ee na drugi krog.<\/p>\n<p><strong>20:40:<\/strong> Po nekaj ve\u010d kot 80 odstotkov pre\u0161tetih glasov v Celju ka\u017ee na drugi krog. V njem bi se pomerila aktualni \u017eupan <strong>Bojan \u0160rot<\/strong> (Celjska \u017eupanova lista) in <strong>Matija Kova\u010d<\/strong> (Gregor Deleja in skupina volilcev). \u0160rot je zbral dobrih 46% glasov, Matija Kova\u010d pa dobrih 33%.<\/p>\n<p><strong>19:58:<\/strong> Nad slabo volilno udele\u017ebo se je odzval tudi aktualni \u017eupan Bojan \u0160rot, ki je povedal, da je slaba udele\u017eba po njegovem rezultat tolikih obiskov volitev.<br \/>\n\u0160rot je \u017eupan z najdalj\u0161im sta\u017eem med mestnimi ob\u010dinami v Sloveniji.<\/p>\n<p><strong>17:00:<\/strong> Do 16. ure je v Celju na voli\u0161\u010da od\u0161lo malo manj kot 27 odstotka ob\u010danov. Volilno pravico ima sicer nekaj ve\u010d kot 39. tiso\u010d ob\u010danov.<\/p>\n","protected":false},"excerpt":{"rendered":"<p>V Celju se bosta v drugem krogu lokalnih volitev pomerila aktualni \u017eupan Bojan \u0160rot (Celjska \u017eupanova lista) in Matija Kova\u010d (Gregor Deleja in skupina volilcev). \u0160rot je zbral dobrih 46 odstotka glasov, Kova\u010d pa 33 odstotkov. Uro\u0161 Lesjak (Gibanje Svoboda) je zbral 9 odstotkov glasov, Sandi Sendelbah (Lista za Celje) 6 odstotkov in Primo\u017e Brvar [&hellip;]<\/p>\n","protected":false},"author":12,"featured_media":145267,"comment_status":"closed","ping_status":"closed","sticky":false,"template":"","format":"standard","meta":{"footnotes":""},"categories":[14,17],"tags":[22,333],"class_list":{"0":"post-156876","1":"post","2":"type-post","3":"status-publish","4":"format-standard","5":"has-post-thumbnail","7":"category-aktualno","8":"category-celjsko","9":"tag-celje","10":"tag-lokalne-volitve"},"yoast_head":"<!-- This site is optimized with the Yoast SEO plugin v27.4 - https:\/\/yoast.com\/product\/yoast-seo-wordpress\/ -->\n<title>CELJE: V drugi krog \u0160rot in Kova\u010d - Novice.si<\/title>\n<meta name=\"robots\" content=\"index, follow, max-snippet:-1, max-image-preview:large, max-video-preview:-1\" \/>\n<link rel=\"canonical\" href=\"https:\/\/novice.si\/page\/celje-lokalne-volitve\/\" \/>\n<meta property=\"og:locale\" content=\"sl_SI\" \/>\n<meta property=\"og:type\" content=\"article\" \/>\n<meta property=\"og:title\" content=\"CELJE: V drugi krog \u0160rot in Kova\u010d - Novice.si\" \/>\n<meta property=\"og:description\" content=\"V Celju se bosta v drugem krogu lokalnih volitev pomerila aktualni \u017eupan Bojan \u0160rot (Celjska \u017eupanova lista) in Matija Kova\u010d (Gregor Deleja in skupina volilcev). \u0160rot je zbral dobrih 46 odstotka glasov, Kova\u010d pa 33 odstotkov. Uro\u0161 Lesjak (Gibanje Svoboda) je zbral 9 odstotkov glasov, Sandi Sendelbah (Lista za Celje) 6 odstotkov in Primo\u017e Brvar [&hellip;]\" \/>\n<meta property=\"og:url\" content=\"https:\/\/novice.si\/page\/celje-lokalne-volitve\/\" \/>\n<meta property=\"og:site_name\" content=\"Novice.si\" \/>\n<meta property=\"article:published_time\" content=\"2022-11-20T08:07:22+00:00\" \/>\n<meta property=\"article:modified_time\" content=\"2022-11-21T07:31:36+00:00\" \/>\n<meta property=\"og:image\" content=\"https:\/\/novice.si\/page\/wp-content\/uploads\/2021\/12\/portal-celje-miklavski-foto-uros-urlep.jpg\" \/>\n\t<meta property=\"og:image:width\" content=\"800\" \/>\n\t<meta property=\"og:image:height\" content=\"533\" \/>\n\t<meta property=\"og:image:type\" content=\"image\/jpeg\" \/>\n<meta name=\"author\" content=\"Uredni\u0161tvo Celjana\" \/>\n<meta name=\"twitter:card\" content=\"summary_large_image\" \/>\n<meta name=\"twitter:label1\" content=\"Written by\" \/>\n\t<meta name=\"twitter:data1\" content=\"Uredni\u0161tvo Celjana\" \/>\n\t<meta name=\"twitter:label2\" content=\"Est. reading time\" \/>\n\t<meta name=\"twitter:data2\" content=\"2 minuti\" \/>\n<script type=\"application\/ld+json\" class=\"yoast-schema-graph\">{\"@context\":\"https:\\\/\\\/schema.org\",\"@graph\":[{\"@type\":\"Article\",\"@id\":\"https:\\\/\\\/novice.si\\\/page\\\/celje-lokalne-volitve\\\/#article\",\"isPartOf\":{\"@id\":\"https:\\\/\\\/novice.si\\\/page\\\/celje-lokalne-volitve\\\/\"},\"author\":{\"name\":\"Uredni\u0161tvo Celjana\",\"@id\":\"https:\\\/\\\/novice.si\\\/page\\\/#\\\/schema\\\/person\\\/51903923b50fefb075bc1cd24fe4d065\"},\"headline\":\"CELJE: V drugi krog \u0160rot in Kova\u010d\",\"datePublished\":\"2022-11-20T08:07:22+00:00\",\"dateModified\":\"2022-11-21T07:31:36+00:00\",\"mainEntityOfPage\":{\"@id\":\"https:\\\/\\\/novice.si\\\/page\\\/celje-lokalne-volitve\\\/\"},\"wordCount\":315,\"publisher\":{\"@id\":\"https:\\\/\\\/novice.si\\\/page\\\/#organization\"},\"image\":{\"@id\":\"https:\\\/\\\/novice.si\\\/page\\\/celje-lokalne-volitve\\\/#primaryimage\"},\"thumbnailUrl\":\"https:\\\/\\\/novice.si\\\/page\\\/wp-content\\\/uploads\\\/2021\\\/12\\\/portal-celje-miklavski-foto-uros-urlep.jpg\",\"keywords\":[\"Celje\",\"lokalne volitve\"],\"articleSection\":[\"Aktualno\",\"Celjsko\"],\"inLanguage\":\"sl-SI\"},{\"@type\":\"WebPage\",\"@id\":\"https:\\\/\\\/novice.si\\\/page\\\/celje-lokalne-volitve\\\/\",\"url\":\"https:\\\/\\\/novice.si\\\/page\\\/celje-lokalne-volitve\\\/\",\"name\":\"CELJE: V drugi krog \u0160rot in Kova\u010d - Novice.si\",\"isPartOf\":{\"@id\":\"https:\\\/\\\/novice.si\\\/page\\\/#website\"},\"primaryImageOfPage\":{\"@id\":\"https:\\\/\\\/novice.si\\\/page\\\/celje-lokalne-volitve\\\/#primaryimage\"},\"image\":{\"@id\":\"https:\\\/\\\/novice.si\\\/page\\\/celje-lokalne-volitve\\\/#primaryimage\"},\"thumbnailUrl\":\"https:\\\/\\\/novice.si\\\/page\\\/wp-content\\\/uploads\\\/2021\\\/12\\\/portal-celje-miklavski-foto-uros-urlep.jpg\",\"datePublished\":\"2022-11-20T08:07:22+00:00\",\"dateModified\":\"2022-11-21T07:31:36+00:00\",\"breadcrumb\":{\"@id\":\"https:\\\/\\\/novice.si\\\/page\\\/celje-lokalne-volitve\\\/#breadcrumb\"},\"inLanguage\":\"sl-SI\",\"potentialAction\":[{\"@type\":\"ReadAction\",\"target\":[\"https:\\\/\\\/novice.si\\\/page\\\/celje-lokalne-volitve\\\/\"]}]},{\"@type\":\"ImageObject\",\"inLanguage\":\"sl-SI\",\"@id\":\"https:\\\/\\\/novice.si\\\/page\\\/celje-lokalne-volitve\\\/#primaryimage\",\"url\":\"https:\\\/\\\/novice.si\\\/page\\\/wp-content\\\/uploads\\\/2021\\\/12\\\/portal-celje-miklavski-foto-uros-urlep.jpg\",\"contentUrl\":\"https:\\\/\\\/novice.si\\\/page\\\/wp-content\\\/uploads\\\/2021\\\/12\\\/portal-celje-miklavski-foto-uros-urlep.jpg\",\"width\":800,\"height\":533},{\"@type\":\"BreadcrumbList\",\"@id\":\"https:\\\/\\\/novice.si\\\/page\\\/celje-lokalne-volitve\\\/#breadcrumb\",\"itemListElement\":[{\"@type\":\"ListItem\",\"position\":1,\"name\":\"Home\",\"item\":\"https:\\\/\\\/novice.si\\\/page\\\/\"},{\"@type\":\"ListItem\",\"position\":2,\"name\":\"CELJE: V drugi krog \u0160rot in Kova\u010d\"}]},{\"@type\":\"WebSite\",\"@id\":\"https:\\\/\\\/novice.si\\\/page\\\/#website\",\"url\":\"https:\\\/\\\/novice.si\\\/page\\\/\",\"name\":\"Novice.si\",\"description\":\"\",\"publisher\":{\"@id\":\"https:\\\/\\\/novice.si\\\/page\\\/#organization\"},\"potentialAction\":[{\"@type\":\"SearchAction\",\"target\":{\"@type\":\"EntryPoint\",\"urlTemplate\":\"https:\\\/\\\/novice.si\\\/page\\\/?s={search_term_string}\"},\"query-input\":{\"@type\":\"PropertyValueSpecification\",\"valueRequired\":true,\"valueName\":\"search_term_string\"}}],\"inLanguage\":\"sl-SI\"},{\"@type\":\"Organization\",\"@id\":\"https:\\\/\\\/novice.si\\\/page\\\/#organization\",\"name\":\"Novice.si\",\"url\":\"https:\\\/\\\/novice.si\\\/page\\\/\",\"logo\":{\"@type\":\"ImageObject\",\"inLanguage\":\"sl-SI\",\"@id\":\"https:\\\/\\\/novice.si\\\/page\\\/#\\\/schema\\\/logo\\\/image\\\/\",\"url\":\"https:\\\/\\\/novice.si\\\/page\\\/wp-content\\\/uploads\\\/2023\\\/03\\\/novice_si.png\",\"contentUrl\":\"https:\\\/\\\/novice.si\\\/page\\\/wp-content\\\/uploads\\\/2023\\\/03\\\/novice_si.png\",\"width\":576,\"height\":200,\"caption\":\"Novice.si\"},\"image\":{\"@id\":\"https:\\\/\\\/novice.si\\\/page\\\/#\\\/schema\\\/logo\\\/image\\\/\"}},{\"@type\":\"Person\",\"@id\":\"https:\\\/\\\/novice.si\\\/page\\\/#\\\/schema\\\/person\\\/51903923b50fefb075bc1cd24fe4d065\",\"name\":\"Uredni\u0161tvo Celjana\",\"image\":{\"@type\":\"ImageObject\",\"inLanguage\":\"sl-SI\",\"@id\":\"https:\\\/\\\/secure.gravatar.com\\\/avatar\\\/b516f102aa90b53619e09722b8ea56721c99bfcb4f1035f9b333d99f52330226?s=96&d=mm&r=g\",\"url\":\"https:\\\/\\\/secure.gravatar.com\\\/avatar\\\/b516f102aa90b53619e09722b8ea56721c99bfcb4f1035f9b333d99f52330226?s=96&d=mm&r=g\",\"contentUrl\":\"https:\\\/\\\/secure.gravatar.com\\\/avatar\\\/b516f102aa90b53619e09722b8ea56721c99bfcb4f1035f9b333d99f52330226?s=96&d=mm&r=g\",\"caption\":\"Uredni\u0161tvo Celjana\"},\"url\":\"https:\\\/\\\/novice.si\\\/page\\\/author\\\/nejc\\\/\"}]}<\/script>\n<!-- \/ Yoast SEO plugin. -->","yoast_head_json":{"title":"CELJE: V drugi krog \u0160rot in Kova\u010d - Novice.si","robots":{"index":"index","follow":"follow","max-snippet":"max-snippet:-1","max-image-preview":"max-image-preview:large","max-video-preview":"max-video-preview:-1"},"canonical":"https:\/\/novice.si\/page\/celje-lokalne-volitve\/","og_locale":"sl_SI","og_type":"article","og_title":"CELJE: V drugi krog \u0160rot in Kova\u010d - Novice.si","og_description":"V Celju se bosta v drugem krogu lokalnih volitev pomerila aktualni \u017eupan Bojan \u0160rot (Celjska \u017eupanova lista) in Matija Kova\u010d (Gregor Deleja in skupina volilcev). \u0160rot je zbral dobrih 46 odstotka glasov, Kova\u010d pa 33 odstotkov. Uro\u0161 Lesjak (Gibanje Svoboda) je zbral 9 odstotkov glasov, Sandi Sendelbah (Lista za Celje) 6 odstotkov in Primo\u017e Brvar [&hellip;]","og_url":"https:\/\/novice.si\/page\/celje-lokalne-volitve\/","og_site_name":"Novice.si","article_published_time":"2022-11-20T08:07:22+00:00","article_modified_time":"2022-11-21T07:31:36+00:00","og_image":[{"width":800,"height":533,"url":"https:\/\/novice.si\/page\/wp-content\/uploads\/2021\/12\/portal-celje-miklavski-foto-uros-urlep.jpg","type":"image\/jpeg"}],"author":"Uredni\u0161tvo Celjana","twitter_card":"summary_large_image","twitter_misc":{"Written by":"Uredni\u0161tvo Celjana","Est. reading time":"2 minuti"},"schema":{"@context":"https:\/\/schema.org","@graph":[{"@type":"Article","@id":"https:\/\/novice.si\/page\/celje-lokalne-volitve\/#article","isPartOf":{"@id":"https:\/\/novice.si\/page\/celje-lokalne-volitve\/"},"author":{"name":"Uredni\u0161tvo Celjana","@id":"https:\/\/novice.si\/page\/#\/schema\/person\/51903923b50fefb075bc1cd24fe4d065"},"headline":"CELJE: V drugi krog \u0160rot in Kova\u010d","datePublished":"2022-11-20T08:07:22+00:00","dateModified":"2022-11-21T07:31:36+00:00","mainEntityOfPage":{"@id":"https:\/\/novice.si\/page\/celje-lokalne-volitve\/"},"wordCount":315,"publisher":{"@id":"https:\/\/novice.si\/page\/#organization"},"image":{"@id":"https:\/\/novice.si\/page\/celje-lokalne-volitve\/#primaryimage"},"thumbnailUrl":"https:\/\/novice.si\/page\/wp-content\/uploads\/2021\/12\/portal-celje-miklavski-foto-uros-urlep.jpg","keywords":["Celje","lokalne volitve"],"articleSection":["Aktualno","Celjsko"],"inLanguage":"sl-SI"},{"@type":"WebPage","@id":"https:\/\/novice.si\/page\/celje-lokalne-volitve\/","url":"https:\/\/novice.si\/page\/celje-lokalne-volitve\/","name":"CELJE: V drugi krog \u0160rot in Kova\u010d - Novice.si","isPartOf":{"@id":"https:\/\/novice.si\/page\/#website"},"primaryImageOfPage":{"@id":"https:\/\/novice.si\/page\/celje-lokalne-volitve\/#primaryimage"},"image":{"@id":"https:\/\/novice.si\/page\/celje-lokalne-volitve\/#primaryimage"},"thumbnailUrl":"https:\/\/novice.si\/page\/wp-content\/uploads\/2021\/12\/portal-celje-miklavski-foto-uros-urlep.jpg","datePublished":"2022-11-20T08:07:22+00:00","dateModified":"2022-11-21T07:31:36+00:00","breadcrumb":{"@id":"https:\/\/novice.si\/page\/celje-lokalne-volitve\/#breadcrumb"},"inLanguage":"sl-SI","potentialAction":[{"@type":"ReadAction","target":["https:\/\/novice.si\/page\/celje-lokalne-volitve\/"]}]},{"@type":"ImageObject","inLanguage":"sl-SI","@id":"https:\/\/novice.si\/page\/celje-lokalne-volitve\/#primaryimage","url":"https:\/\/novice.si\/page\/wp-content\/uploads\/2021\/12\/portal-celje-miklavski-foto-uros-urlep.jpg","contentUrl":"https:\/\/novice.si\/page\/wp-content\/uploads\/2021\/12\/portal-celje-miklavski-foto-uros-urlep.jpg","width":800,"height":533},{"@type":"BreadcrumbList","@id":"https:\/\/novice.si\/page\/celje-lokalne-volitve\/#breadcrumb","itemListElement":[{"@type":"ListItem","position":1,"name":"Home","item":"https:\/\/novice.si\/page\/"},{"@type":"ListItem","position":2,"name":"CELJE: V drugi krog \u0160rot in Kova\u010d"}]},{"@type":"WebSite","@id":"https:\/\/novice.si\/page\/#website","url":"https:\/\/novice.si\/page\/","name":"Novice.si","description":"","publisher":{"@id":"https:\/\/novice.si\/page\/#organization"},"potentialAction":[{"@type":"SearchAction","target":{"@type":"EntryPoint","urlTemplate":"https:\/\/novice.si\/page\/?s={search_term_string}"},"query-input":{"@type":"PropertyValueSpecification","valueRequired":true,"valueName":"search_term_string"}}],"inLanguage":"sl-SI"},{"@type":"Organization","@id":"https:\/\/novice.si\/page\/#organization","name":"Novice.si","url":"https:\/\/novice.si\/page\/","logo":{"@type":"ImageObject","inLanguage":"sl-SI","@id":"https:\/\/novice.si\/page\/#\/schema\/logo\/image\/","url":"https:\/\/novice.si\/page\/wp-content\/uploads\/2023\/03\/novice_si.png","contentUrl":"https:\/\/novice.si\/page\/wp-content\/uploads\/2023\/03\/novice_si.png","width":576,"height":200,"caption":"Novice.si"},"image":{"@id":"https:\/\/novice.si\/page\/#\/schema\/logo\/image\/"}},{"@type":"Person","@id":"https:\/\/novice.si\/page\/#\/schema\/person\/51903923b50fefb075bc1cd24fe4d065","name":"Uredni\u0161tvo Celjana","image":{"@type":"ImageObject","inLanguage":"sl-SI","@id":"https:\/\/secure.gravatar.com\/avatar\/b516f102aa90b53619e09722b8ea56721c99bfcb4f1035f9b333d99f52330226?s=96&d=mm&r=g","url":"https:\/\/secure.gravatar.com\/avatar\/b516f102aa90b53619e09722b8ea56721c99bfcb4f1035f9b333d99f52330226?s=96&d=mm&r=g","contentUrl":"https:\/\/secure.gravatar.com\/avatar\/b516f102aa90b53619e09722b8ea56721c99bfcb4f1035f9b333d99f52330226?s=96&d=mm&r=g","caption":"Uredni\u0161tvo Celjana"},"url":"https:\/\/novice.si\/page\/author\/nejc\/"}]}},"_links":{"self":[{"href":"https:\/\/novice.si\/page\/wp-json\/wp\/v2\/posts\/156876","targetHints":{"allow":["GET"]}}],"collection":[{"href":"https:\/\/novice.si\/page\/wp-json\/wp\/v2\/posts"}],"about":[{"href":"https:\/\/novice.si\/page\/wp-json\/wp\/v2\/types\/post"}],"author":[{"embeddable":true,"href":"https:\/\/novice.si\/page\/wp-json\/wp\/v2\/users\/12"}],"replies":[{"embeddable":true,"href":"https:\/\/novice.si\/page\/wp-json\/wp\/v2\/comments?post=156876"}],"version-history":[{"count":20,"href":"https:\/\/novice.si\/page\/wp-json\/wp\/v2\/posts\/156876\/revisions"}],"predecessor-version":[{"id":156972,"href":"https:\/\/novice.si\/page\/wp-json\/wp\/v2\/posts\/156876\/revisions\/156972"}],"wp:featuredmedia":[{"embeddable":true,"href":"https:\/\/novice.si\/page\/wp-json\/wp\/v2\/media\/145267"}],"wp:attachment":[{"href":"https:\/\/novice.si\/page\/wp-json\/wp\/v2\/media?parent=156876"}],"wp:term":[{"taxonomy":"category","embeddable":true,"href":"https:\/\/novice.si\/page\/wp-json\/wp\/v2\/categories?post=156876"},{"taxonomy":"post_tag","embeddable":true,"href":"https:\/\/novice.si\/page\/wp-json\/wp\/v2\/tags?post=156876"}],"curies":[{"name":"wp","href":"https:\/\/api.w.org\/{rel}","templated":true}]}}