{"id":156823,"date":"2022-11-20T09:57:47","date_gmt":"2022-11-20T08:57:47","guid":{"rendered":"https:\/\/novice.si\/page\/?p=156823"},"modified":"2022-11-21T08:28:18","modified_gmt":"2022-11-21T07:28:18","slug":"zrece-lokalne-volitve-2022","status":"publish","type":"post","link":"https:\/\/novice.si\/page\/zrece-lokalne-volitve-2022\/","title":{"rendered":"ZRE\u010cE:  \u017dupan \u0161e naprej ostaja Podvr\u0161nik"},"content":{"rendered":"<p><strong>22:23<br \/>\n<\/strong>Novi 16-\u010dlanski ob\u010dinski svet naj bi neuradno sestavljali: <strong>Lucija Vrhov\u0161ek Jan\u010di\u010d, Drago \u0160e\u0161erko, Mateja Pu\u010dnik, Drago Pade\u017enik, Carmen Mer\u010dnik, \u0160tefan Kroneker, Marija Kova\u010di\u010d<\/strong> (vsi SDS); <strong>Anamaria Hren, Iztok Jo\u017ee Ko\u0161ir, \u0160pela Sovi\u010d, Vladimir Kukavica, Klavdija Smole<\/strong> (vsi Gibanje Svoboda), <strong>Gregor Hrovat, Nina Kotnik <\/strong>(oba SD), <strong>Du\u0161an Koro\u0161ec, Jo\u017eica Gri\u010dnik<\/strong> (oba NSi).<br \/>\n<em>*Lahko \u0161e pride do kak\u0161ne spremembe, tudi zaradi preferen\u010dnih glasov. Marija Kova\u010di\u010d je na seznam uvr\u0161\u010dena, ker je nosilec liste SDS Boris Podvr\u0161nik izvoljen za \u017eupana.<\/em><\/p>\n<p><strong>22:15<br \/>\n<\/strong>Kon\u010dali so s \u0161tetjem glasov. Novi (stari) \u017eupan je torej <strong>Boris Podvr\u0161nik<\/strong>, ki je po neuradnih podatkih prejel 65,91 odstotka glasov. <strong>Vladimir Kukavica<\/strong> je prejel 34,09 odstotka glasov.<br \/>\nVolilna udele\u017eba je bila 50,71-odstotna. Pred \u0161tirimi leti je bila ta 51,44-odstotna, leta 2014 pa 46,13-odstotna.<\/p>\n<p><strong>22:10<br \/>\n<\/strong>Po do zdaj pre\u0161tetih glasovih za ob\u010dinski svet ka\u017ee, da bodo sede\u017ee razdelili takole: SDS 7 mandatov, Gibanje Svoboda 5 mandatov, NSi 2 mandata in SD 2 mandata.<\/p>\n<p><strong>21:42<br \/>\n<\/strong>Vse bolj ka\u017ee na to, da bo <strong>Boris Podvr\u0161nik<\/strong> \u0161e en mandat vodil zre\u0161ko ob\u010dino. Po dobrih 86 odstotkih pre\u0161tetih glasov ima aktualni \u017eupan slabih 64 odstotkov glasov, <strong>Vladimir Kukavica<\/strong> pa dobrih 36 odstotkov.<\/p>\n<p><strong>21:26<br \/>\n<\/strong>V Zre\u010dah \u0161e naprej vodi <strong>Boris Podvr\u0161nik<\/strong> \u2013 slabih 65 odstotkov. <strong>Vladimir Kukavica<\/strong> je trenutno pri dobrih 35 odstotkih. Pre\u0161teli so nekaj ve\u010d kot 66 odstotkov glasov.<\/p>\n<p><strong>21:00<br \/>\n<\/strong>Doslej so pre\u0161teli dobrih 37 odstotkov glasov. <strong>Boris Podvr\u0161nik<\/strong> v bitki za \u017eupanski stol\u010dek vodi s slabimi 71 odstotki, <strong>Vladimir Kukavica<\/strong> je trenutno pri dobrih 29 odstotkih.<\/p>\n<p><strong>20:15<br \/>\n<\/strong>Prvi glasovi \u2013 nekaj manj kot 5 odstotkov, so pre\u0161teti. Za zdaj je 68 odstotkov glasov dobil <strong>Boris Podvr\u0161nik<\/strong>, 32 odstotkov pa <strong>Vladimir Kukavica<\/strong>.<\/p>\n<p><strong>19:14<br \/>\n<\/strong>Podatkov o kak\u0161nih posebnostih ali te\u017eavah na voli\u0161\u010dih v ob\u010dini Zre\u010de ni. Je pa bilo na Zre\u0161kem danes odprtih 11 rednih voli\u0161\u010d.<br \/>\nNedeljo je skupaj z dru\u017eino pre\u017eivel aktualni zre\u0161ki \u017eupan <strong>Boris Podvr\u0161nik<\/strong>, ki bo volilni rezultat pri\u010dakal na lovskem domu, tako kot prakti\u010dno vedno doslej.<br \/>\nKje \u010daka njegov protikandidat <strong>Vladimir Kukavica<\/strong> nam vsaj za zdaj \u0161e niso sporo\u010dili, verjamemo pa, da je tudi on obdan s \u010dlani dru\u017eine oz. svojimi najo\u017ejimi podporniki.<\/p>\n<p><strong>17:25<br \/>\n<\/strong>Do 16. ure je bila volilna udele\u017eba v zre\u0161ki ob\u010dini 37,42-odstotna. Na voli\u0161\u010da je torej pri\u0161lo 2.019 volivk in volivcev.<br \/>\nV Sloveniji je do omenjene ure volilna udele\u017eba 32,72-odstotna.<\/p>\n<p><strong>13.08<\/strong><br \/>\nVolilna udele\u017eba do 11. ure v zre\u0161ki ob\u010dini je bila 13,49-odstotna. To pomeni, da je glas oddalo 728 volivk oz. volivcev.<br \/>\nNa nivoju celotne dr\u017eave je do te ure udele\u017eba to\u010dno 12-odstotna.<\/p>\n<p><strong>8:00<\/strong><br \/>\nNa Zre\u0161kem, kjer je 5.395 volilnih upravi\u010dencev, je danes odprtih 11 rednih voli\u0161\u010d. Spremenjena je lokacija voli\u0161\u010da na Zlakovi \u2013 po novem je ta na naslovu Podgraj\u0161ek Jo\u017ee, Zlakova 12. Pred\u010dasnih volitev sta se udele\u017eila manj kot dva odstotka upravi\u010dencev, za potek volitev pa sicer skupaj skrbi nekaj ve\u010d kot 80 ljudi.<\/p>\n","protected":false},"excerpt":{"rendered":"<p>22:23 Novi 16-\u010dlanski ob\u010dinski svet naj bi neuradno sestavljali: Lucija Vrhov\u0161ek Jan\u010di\u010d, Drago \u0160e\u0161erko, Mateja Pu\u010dnik, Drago Pade\u017enik, Carmen Mer\u010dnik, \u0160tefan Kroneker, Marija Kova\u010di\u010d (vsi SDS); Anamaria Hren, Iztok Jo\u017ee Ko\u0161ir, \u0160pela Sovi\u010d, Vladimir Kukavica, Klavdija Smole (vsi Gibanje Svoboda), Gregor Hrovat, Nina Kotnik (oba SD), Du\u0161an Koro\u0161ec, Jo\u017eica Gri\u010dnik (oba NSi). *Lahko \u0161e pride [&hellip;]<\/p>\n","protected":false},"author":7,"featured_media":138858,"comment_status":"closed","ping_status":"closed","sticky":false,"template":"","format":"standard","meta":{"footnotes":""},"categories":[14,16],"tags":[16419,146],"class_list":{"0":"post-156823","1":"post","2":"type-post","3":"status-publish","4":"format-standard","5":"has-post-thumbnail","7":"category-aktualno","8":"category-konjisko","9":"tag-lokalne-volitve-2022","10":"tag-zrece"},"yoast_head":"<!-- This site is optimized with the Yoast SEO plugin v27.4 - https:\/\/yoast.com\/product\/yoast-seo-wordpress\/ -->\n<title>ZRE\u010cE: \u017dupan \u0161e naprej ostaja Podvr\u0161nik - Novice.si<\/title>\n<meta name=\"robots\" content=\"index, follow, max-snippet:-1, max-image-preview:large, max-video-preview:-1\" \/>\n<link rel=\"canonical\" href=\"https:\/\/novice.si\/page\/zrece-lokalne-volitve-2022\/\" \/>\n<meta property=\"og:locale\" content=\"sl_SI\" \/>\n<meta property=\"og:type\" content=\"article\" \/>\n<meta property=\"og:title\" content=\"ZRE\u010cE: \u017dupan \u0161e naprej ostaja Podvr\u0161nik - Novice.si\" \/>\n<meta property=\"og:description\" content=\"22:23 Novi 16-\u010dlanski ob\u010dinski svet naj bi neuradno sestavljali: Lucija Vrhov\u0161ek Jan\u010di\u010d, Drago \u0160e\u0161erko, Mateja Pu\u010dnik, Drago Pade\u017enik, Carmen Mer\u010dnik, \u0160tefan Kroneker, Marija Kova\u010di\u010d (vsi SDS); Anamaria Hren, Iztok Jo\u017ee Ko\u0161ir, \u0160pela Sovi\u010d, Vladimir Kukavica, Klavdija Smole (vsi Gibanje Svoboda), Gregor Hrovat, Nina Kotnik (oba SD), Du\u0161an Koro\u0161ec, Jo\u017eica Gri\u010dnik (oba NSi). *Lahko \u0161e pride [&hellip;]\" \/>\n<meta property=\"og:url\" content=\"https:\/\/novice.si\/page\/zrece-lokalne-volitve-2022\/\" \/>\n<meta property=\"og:site_name\" content=\"Novice.si\" \/>\n<meta property=\"article:published_time\" content=\"2022-11-20T08:57:47+00:00\" \/>\n<meta property=\"article:modified_time\" content=\"2022-11-21T07:28:18+00:00\" \/>\n<meta property=\"og:image\" content=\"https:\/\/novice.si\/page\/wp-content\/uploads\/2021\/05\/zrece-iz-zraka_resize.jpg\" \/>\n\t<meta property=\"og:image:width\" content=\"800\" \/>\n\t<meta property=\"og:image:height\" content=\"531\" \/>\n\t<meta property=\"og:image:type\" content=\"image\/jpeg\" \/>\n<meta name=\"author\" content=\"Uredni\u0161tvo Novic\" \/>\n<meta name=\"twitter:card\" content=\"summary_large_image\" \/>\n<meta name=\"twitter:label1\" content=\"Written by\" \/>\n\t<meta name=\"twitter:data1\" content=\"Uredni\u0161tvo Novic\" \/>\n\t<meta name=\"twitter:label2\" content=\"Est. reading time\" \/>\n\t<meta name=\"twitter:data2\" content=\"3 minute\" \/>\n<script type=\"application\/ld+json\" class=\"yoast-schema-graph\">{\"@context\":\"https:\\\/\\\/schema.org\",\"@graph\":[{\"@type\":\"Article\",\"@id\":\"https:\\\/\\\/novice.si\\\/page\\\/zrece-lokalne-volitve-2022\\\/#article\",\"isPartOf\":{\"@id\":\"https:\\\/\\\/novice.si\\\/page\\\/zrece-lokalne-volitve-2022\\\/\"},\"author\":{\"name\":\"Uredni\u0161tvo Novic\",\"@id\":\"https:\\\/\\\/novice.si\\\/page\\\/#\\\/schema\\\/person\\\/a877dbb8680d441357ce27663beb35ca\"},\"headline\":\"ZRE\u010cE: \u017dupan \u0161e naprej ostaja Podvr\u0161nik\",\"datePublished\":\"2022-11-20T08:57:47+00:00\",\"dateModified\":\"2022-11-21T07:28:18+00:00\",\"mainEntityOfPage\":{\"@id\":\"https:\\\/\\\/novice.si\\\/page\\\/zrece-lokalne-volitve-2022\\\/\"},\"wordCount\":499,\"publisher\":{\"@id\":\"https:\\\/\\\/novice.si\\\/page\\\/#organization\"},\"image\":{\"@id\":\"https:\\\/\\\/novice.si\\\/page\\\/zrece-lokalne-volitve-2022\\\/#primaryimage\"},\"thumbnailUrl\":\"https:\\\/\\\/novice.si\\\/page\\\/wp-content\\\/uploads\\\/2021\\\/05\\\/zrece-iz-zraka_resize.jpg\",\"keywords\":[\"lokalne volitve 2022\",\"Zre\u010de\"],\"articleSection\":[\"Aktualno\",\"Konji\u0161ko\"],\"inLanguage\":\"sl-SI\"},{\"@type\":\"WebPage\",\"@id\":\"https:\\\/\\\/novice.si\\\/page\\\/zrece-lokalne-volitve-2022\\\/\",\"url\":\"https:\\\/\\\/novice.si\\\/page\\\/zrece-lokalne-volitve-2022\\\/\",\"name\":\"ZRE\u010cE: \u017dupan \u0161e naprej ostaja Podvr\u0161nik - Novice.si\",\"isPartOf\":{\"@id\":\"https:\\\/\\\/novice.si\\\/page\\\/#website\"},\"primaryImageOfPage\":{\"@id\":\"https:\\\/\\\/novice.si\\\/page\\\/zrece-lokalne-volitve-2022\\\/#primaryimage\"},\"image\":{\"@id\":\"https:\\\/\\\/novice.si\\\/page\\\/zrece-lokalne-volitve-2022\\\/#primaryimage\"},\"thumbnailUrl\":\"https:\\\/\\\/novice.si\\\/page\\\/wp-content\\\/uploads\\\/2021\\\/05\\\/zrece-iz-zraka_resize.jpg\",\"datePublished\":\"2022-11-20T08:57:47+00:00\",\"dateModified\":\"2022-11-21T07:28:18+00:00\",\"breadcrumb\":{\"@id\":\"https:\\\/\\\/novice.si\\\/page\\\/zrece-lokalne-volitve-2022\\\/#breadcrumb\"},\"inLanguage\":\"sl-SI\",\"potentialAction\":[{\"@type\":\"ReadAction\",\"target\":[\"https:\\\/\\\/novice.si\\\/page\\\/zrece-lokalne-volitve-2022\\\/\"]}]},{\"@type\":\"ImageObject\",\"inLanguage\":\"sl-SI\",\"@id\":\"https:\\\/\\\/novice.si\\\/page\\\/zrece-lokalne-volitve-2022\\\/#primaryimage\",\"url\":\"https:\\\/\\\/novice.si\\\/page\\\/wp-content\\\/uploads\\\/2021\\\/05\\\/zrece-iz-zraka_resize.jpg\",\"contentUrl\":\"https:\\\/\\\/novice.si\\\/page\\\/wp-content\\\/uploads\\\/2021\\\/05\\\/zrece-iz-zraka_resize.jpg\",\"width\":800,\"height\":531},{\"@type\":\"BreadcrumbList\",\"@id\":\"https:\\\/\\\/novice.si\\\/page\\\/zrece-lokalne-volitve-2022\\\/#breadcrumb\",\"itemListElement\":[{\"@type\":\"ListItem\",\"position\":1,\"name\":\"Home\",\"item\":\"https:\\\/\\\/novice.si\\\/page\\\/\"},{\"@type\":\"ListItem\",\"position\":2,\"name\":\"ZRE\u010cE: \u017dupan \u0161e naprej ostaja Podvr\u0161nik\"}]},{\"@type\":\"WebSite\",\"@id\":\"https:\\\/\\\/novice.si\\\/page\\\/#website\",\"url\":\"https:\\\/\\\/novice.si\\\/page\\\/\",\"name\":\"Novice.si\",\"description\":\"\",\"publisher\":{\"@id\":\"https:\\\/\\\/novice.si\\\/page\\\/#organization\"},\"potentialAction\":[{\"@type\":\"SearchAction\",\"target\":{\"@type\":\"EntryPoint\",\"urlTemplate\":\"https:\\\/\\\/novice.si\\\/page\\\/?s={search_term_string}\"},\"query-input\":{\"@type\":\"PropertyValueSpecification\",\"valueRequired\":true,\"valueName\":\"search_term_string\"}}],\"inLanguage\":\"sl-SI\"},{\"@type\":\"Organization\",\"@id\":\"https:\\\/\\\/novice.si\\\/page\\\/#organization\",\"name\":\"Novice.si\",\"url\":\"https:\\\/\\\/novice.si\\\/page\\\/\",\"logo\":{\"@type\":\"ImageObject\",\"inLanguage\":\"sl-SI\",\"@id\":\"https:\\\/\\\/novice.si\\\/page\\\/#\\\/schema\\\/logo\\\/image\\\/\",\"url\":\"https:\\\/\\\/novice.si\\\/page\\\/wp-content\\\/uploads\\\/2023\\\/03\\\/novice_si.png\",\"contentUrl\":\"https:\\\/\\\/novice.si\\\/page\\\/wp-content\\\/uploads\\\/2023\\\/03\\\/novice_si.png\",\"width\":576,\"height\":200,\"caption\":\"Novice.si\"},\"image\":{\"@id\":\"https:\\\/\\\/novice.si\\\/page\\\/#\\\/schema\\\/logo\\\/image\\\/\"}},{\"@type\":\"Person\",\"@id\":\"https:\\\/\\\/novice.si\\\/page\\\/#\\\/schema\\\/person\\\/a877dbb8680d441357ce27663beb35ca\",\"name\":\"Uredni\u0161tvo Novic\",\"image\":{\"@type\":\"ImageObject\",\"inLanguage\":\"sl-SI\",\"@id\":\"https:\\\/\\\/secure.gravatar.com\\\/avatar\\\/f19c0ae874706cc9ba19d2f6da5f74a5a5ee7674f283fed29ce0ad16a9f1893e?s=96&d=mm&r=g\",\"url\":\"https:\\\/\\\/secure.gravatar.com\\\/avatar\\\/f19c0ae874706cc9ba19d2f6da5f74a5a5ee7674f283fed29ce0ad16a9f1893e?s=96&d=mm&r=g\",\"contentUrl\":\"https:\\\/\\\/secure.gravatar.com\\\/avatar\\\/f19c0ae874706cc9ba19d2f6da5f74a5a5ee7674f283fed29ce0ad16a9f1893e?s=96&d=mm&r=g\",\"caption\":\"Uredni\u0161tvo Novic\"},\"url\":\"https:\\\/\\\/novice.si\\\/page\\\/author\\\/jure\\\/\"}]}<\/script>\n<!-- \/ Yoast SEO plugin. -->","yoast_head_json":{"title":"ZRE\u010cE: \u017dupan \u0161e naprej ostaja Podvr\u0161nik - Novice.si","robots":{"index":"index","follow":"follow","max-snippet":"max-snippet:-1","max-image-preview":"max-image-preview:large","max-video-preview":"max-video-preview:-1"},"canonical":"https:\/\/novice.si\/page\/zrece-lokalne-volitve-2022\/","og_locale":"sl_SI","og_type":"article","og_title":"ZRE\u010cE: \u017dupan \u0161e naprej ostaja Podvr\u0161nik - Novice.si","og_description":"22:23 Novi 16-\u010dlanski ob\u010dinski svet naj bi neuradno sestavljali: Lucija Vrhov\u0161ek Jan\u010di\u010d, Drago \u0160e\u0161erko, Mateja Pu\u010dnik, Drago Pade\u017enik, Carmen Mer\u010dnik, \u0160tefan Kroneker, Marija Kova\u010di\u010d (vsi SDS); Anamaria Hren, Iztok Jo\u017ee Ko\u0161ir, \u0160pela Sovi\u010d, Vladimir Kukavica, Klavdija Smole (vsi Gibanje Svoboda), Gregor Hrovat, Nina Kotnik (oba SD), Du\u0161an Koro\u0161ec, Jo\u017eica Gri\u010dnik (oba NSi). *Lahko \u0161e pride [&hellip;]","og_url":"https:\/\/novice.si\/page\/zrece-lokalne-volitve-2022\/","og_site_name":"Novice.si","article_published_time":"2022-11-20T08:57:47+00:00","article_modified_time":"2022-11-21T07:28:18+00:00","og_image":[{"width":800,"height":531,"url":"https:\/\/novice.si\/page\/wp-content\/uploads\/2021\/05\/zrece-iz-zraka_resize.jpg","type":"image\/jpeg"}],"author":"Uredni\u0161tvo Novic","twitter_card":"summary_large_image","twitter_misc":{"Written by":"Uredni\u0161tvo Novic","Est. reading time":"3 minute"},"schema":{"@context":"https:\/\/schema.org","@graph":[{"@type":"Article","@id":"https:\/\/novice.si\/page\/zrece-lokalne-volitve-2022\/#article","isPartOf":{"@id":"https:\/\/novice.si\/page\/zrece-lokalne-volitve-2022\/"},"author":{"name":"Uredni\u0161tvo Novic","@id":"https:\/\/novice.si\/page\/#\/schema\/person\/a877dbb8680d441357ce27663beb35ca"},"headline":"ZRE\u010cE: \u017dupan \u0161e naprej ostaja Podvr\u0161nik","datePublished":"2022-11-20T08:57:47+00:00","dateModified":"2022-11-21T07:28:18+00:00","mainEntityOfPage":{"@id":"https:\/\/novice.si\/page\/zrece-lokalne-volitve-2022\/"},"wordCount":499,"publisher":{"@id":"https:\/\/novice.si\/page\/#organization"},"image":{"@id":"https:\/\/novice.si\/page\/zrece-lokalne-volitve-2022\/#primaryimage"},"thumbnailUrl":"https:\/\/novice.si\/page\/wp-content\/uploads\/2021\/05\/zrece-iz-zraka_resize.jpg","keywords":["lokalne volitve 2022","Zre\u010de"],"articleSection":["Aktualno","Konji\u0161ko"],"inLanguage":"sl-SI"},{"@type":"WebPage","@id":"https:\/\/novice.si\/page\/zrece-lokalne-volitve-2022\/","url":"https:\/\/novice.si\/page\/zrece-lokalne-volitve-2022\/","name":"ZRE\u010cE: \u017dupan \u0161e naprej ostaja Podvr\u0161nik - Novice.si","isPartOf":{"@id":"https:\/\/novice.si\/page\/#website"},"primaryImageOfPage":{"@id":"https:\/\/novice.si\/page\/zrece-lokalne-volitve-2022\/#primaryimage"},"image":{"@id":"https:\/\/novice.si\/page\/zrece-lokalne-volitve-2022\/#primaryimage"},"thumbnailUrl":"https:\/\/novice.si\/page\/wp-content\/uploads\/2021\/05\/zrece-iz-zraka_resize.jpg","datePublished":"2022-11-20T08:57:47+00:00","dateModified":"2022-11-21T07:28:18+00:00","breadcrumb":{"@id":"https:\/\/novice.si\/page\/zrece-lokalne-volitve-2022\/#breadcrumb"},"inLanguage":"sl-SI","potentialAction":[{"@type":"ReadAction","target":["https:\/\/novice.si\/page\/zrece-lokalne-volitve-2022\/"]}]},{"@type":"ImageObject","inLanguage":"sl-SI","@id":"https:\/\/novice.si\/page\/zrece-lokalne-volitve-2022\/#primaryimage","url":"https:\/\/novice.si\/page\/wp-content\/uploads\/2021\/05\/zrece-iz-zraka_resize.jpg","contentUrl":"https:\/\/novice.si\/page\/wp-content\/uploads\/2021\/05\/zrece-iz-zraka_resize.jpg","width":800,"height":531},{"@type":"BreadcrumbList","@id":"https:\/\/novice.si\/page\/zrece-lokalne-volitve-2022\/#breadcrumb","itemListElement":[{"@type":"ListItem","position":1,"name":"Home","item":"https:\/\/novice.si\/page\/"},{"@type":"ListItem","position":2,"name":"ZRE\u010cE: \u017dupan \u0161e naprej ostaja Podvr\u0161nik"}]},{"@type":"WebSite","@id":"https:\/\/novice.si\/page\/#website","url":"https:\/\/novice.si\/page\/","name":"Novice.si","description":"","publisher":{"@id":"https:\/\/novice.si\/page\/#organization"},"potentialAction":[{"@type":"SearchAction","target":{"@type":"EntryPoint","urlTemplate":"https:\/\/novice.si\/page\/?s={search_term_string}"},"query-input":{"@type":"PropertyValueSpecification","valueRequired":true,"valueName":"search_term_string"}}],"inLanguage":"sl-SI"},{"@type":"Organization","@id":"https:\/\/novice.si\/page\/#organization","name":"Novice.si","url":"https:\/\/novice.si\/page\/","logo":{"@type":"ImageObject","inLanguage":"sl-SI","@id":"https:\/\/novice.si\/page\/#\/schema\/logo\/image\/","url":"https:\/\/novice.si\/page\/wp-content\/uploads\/2023\/03\/novice_si.png","contentUrl":"https:\/\/novice.si\/page\/wp-content\/uploads\/2023\/03\/novice_si.png","width":576,"height":200,"caption":"Novice.si"},"image":{"@id":"https:\/\/novice.si\/page\/#\/schema\/logo\/image\/"}},{"@type":"Person","@id":"https:\/\/novice.si\/page\/#\/schema\/person\/a877dbb8680d441357ce27663beb35ca","name":"Uredni\u0161tvo Novic","image":{"@type":"ImageObject","inLanguage":"sl-SI","@id":"https:\/\/secure.gravatar.com\/avatar\/f19c0ae874706cc9ba19d2f6da5f74a5a5ee7674f283fed29ce0ad16a9f1893e?s=96&d=mm&r=g","url":"https:\/\/secure.gravatar.com\/avatar\/f19c0ae874706cc9ba19d2f6da5f74a5a5ee7674f283fed29ce0ad16a9f1893e?s=96&d=mm&r=g","contentUrl":"https:\/\/secure.gravatar.com\/avatar\/f19c0ae874706cc9ba19d2f6da5f74a5a5ee7674f283fed29ce0ad16a9f1893e?s=96&d=mm&r=g","caption":"Uredni\u0161tvo Novic"},"url":"https:\/\/novice.si\/page\/author\/jure\/"}]}},"_links":{"self":[{"href":"https:\/\/novice.si\/page\/wp-json\/wp\/v2\/posts\/156823","targetHints":{"allow":["GET"]}}],"collection":[{"href":"https:\/\/novice.si\/page\/wp-json\/wp\/v2\/posts"}],"about":[{"href":"https:\/\/novice.si\/page\/wp-json\/wp\/v2\/types\/post"}],"author":[{"embeddable":true,"href":"https:\/\/novice.si\/page\/wp-json\/wp\/v2\/users\/7"}],"replies":[{"embeddable":true,"href":"https:\/\/novice.si\/page\/wp-json\/wp\/v2\/comments?post=156823"}],"version-history":[{"count":14,"href":"https:\/\/novice.si\/page\/wp-json\/wp\/v2\/posts\/156823\/revisions"}],"predecessor-version":[{"id":156963,"href":"https:\/\/novice.si\/page\/wp-json\/wp\/v2\/posts\/156823\/revisions\/156963"}],"wp:featuredmedia":[{"embeddable":true,"href":"https:\/\/novice.si\/page\/wp-json\/wp\/v2\/media\/138858"}],"wp:attachment":[{"href":"https:\/\/novice.si\/page\/wp-json\/wp\/v2\/media?parent=156823"}],"wp:term":[{"taxonomy":"category","embeddable":true,"href":"https:\/\/novice.si\/page\/wp-json\/wp\/v2\/categories?post=156823"},{"taxonomy":"post_tag","embeddable":true,"href":"https:\/\/novice.si\/page\/wp-json\/wp\/v2\/tags?post=156823"}],"curies":[{"name":"wp","href":"https:\/\/api.w.org\/{rel}","templated":true}]}}