{"id":156795,"date":"2022-11-20T07:10:24","date_gmt":"2022-11-20T06:10:24","guid":{"rendered":"https:\/\/novice.si\/page\/?p=156795"},"modified":"2022-11-21T08:29:45","modified_gmt":"2022-11-21T07:29:45","slug":"makole-lokalne-volitve-2022","status":"publish","type":"post","link":"https:\/\/novice.si\/page\/makole-lokalne-volitve-2022\/","title":{"rendered":"MAKOLE: \u0160e v tretje Majcen"},"content":{"rendered":"<p><strong>21.20:<br \/>\n<\/strong>V Makolah je na \u017eupanskih volitvah zmagal <strong>Franc Majcen<\/strong> in tako dobil \u017ee svoj tretji zaporedni mandat. Na volitvah je zanj glasovalo 56 odstotkov sodelujo\u010dih volivk in volivcev. Na drugem mestu je mag. Danilo Lon\u010dari\u010d s 40 % glasov, Jo\u017eef Trol jih je zbral manj kot 4 odstotke.<br \/>\nZnano je tudi kdo bo v 11-\u010dlanskem ob\u010dinskem svetu:<br \/>\n\u0160tefka Skledar, Viljem Mesari\u010d, Ale\u0161 Simrajh (Lista Franc Majcen)<br \/>\nZdravko Kro\u0161l, Nada \u0160ket, Stanko Jan\u010di\u010d (lista Vinko Kodri\u010d)<br \/>\nBo\u0161tjan Pu\u0161aver, Franc Skledar (Lista Hinko Pu\u0161aver)<br \/>\nVid Stojn\u0161ek (Lista Jurij Plaznik)<br \/>\nPrimo\u017e Kunej (SDS)<br \/>\nDenis Plav\u010dak (SLS).<\/p>\n<p>Volilna udele\u017eba je bila skoraj 67-odstotna.<br \/>\n(Vsi podatki so \u0161e neuradni.)<\/p>\n<p><strong>19.30<br \/>\n<\/strong>V ob\u010dini Makole se za \u017eupansko mesto potegujejo trije. Kje in s kom nocoj \u010dakajo na volilne izide?<br \/>\n<strong>Franc Majcen<\/strong> bo v makolskem Lodnu skupaj z dru\u017einskimi \u010dlani, prijatelji in podporniki. <strong>Mag. Danilo Lon\u010dari\u010d<\/strong> bo volilne rezultate pri\u010dakal v Domu krajanov Makole, v krogu dru\u017eine, prijateljev, \u010dlanov volilnega \u0161taba. <strong>Jo\u017eef Trol<\/strong> pa rezultate \u010daka v dru\u017ebi, v Baru Pikec, Pe\u010dke, v Makolah.<\/p>\n<p><strong>17.30<br \/>\n<\/strong>Do 16. ure je bila volilna udele\u017eba v ob\u010dini 52,39-odstotna. Na voli\u0161\u010da je torej pri\u0161lo 909 volivk in volivcev. V Sloveniji je bila udele\u017eba v tem \u010dasu 32,72-odstotna.<\/p>\n<p><strong>12.30<br \/>\n<\/strong>Volilna udele\u017eba ob 11.00: 19,60 %<\/p>\n<p><strong>7.00<br \/>\n<\/strong>V ob\u010dini Makole so na voli\u0161\u010da povabili 1735 upravi\u010dencev. 45 (ali 2,6 %) jih je \u017ee oddalo glasovnice na pred\u010dasnem glasovanju, ki je potekalo le v sredo.<br \/>\nIzbirajo med 3 \u017eupanskimi kandidati. Za mesto v 11-\u010dlanskem ob\u010dinskem svetu pa se v \u0161tirih volilnih enotah poteguje 25 posameznic in posameznikov. Kandidirajo bodisi s podporo katere od \u0161tirih skupin volivcev (Franc Majcen in skupina volivcev, Vinko Kodri\u010d in skupina volivcev, Jurij Plaznik in skupina volivcev ter Hinko Pu\u0161aver in skupina volivcev) ali pa strank SDS, SD, NSi in SLS.<br \/>\nV Makolah volijo po ve\u010dinskem volilnem sistemu.<br \/>\nVolivci bodo glasovali na 8 voli\u0161\u010dih, skupno bo nad potekom volitev bdelo 64 \u010dlanov v odborih ter v ob\u010dinski volilni komisiji, ki ji predseduje <strong>Branka Dober\u0161ek Ker\u0161i\u010d.<br \/>\n<\/strong>Vloge za glasovanje po po\u0161ti je podalo 6 upravi\u010dencev.<\/p>\n<p><a href=\"https:\/\/novice.si\/page\/wp-content\/uploads\/2022\/11\/Makole-2_resize.jpg\" data-gallery><img loading=\"lazy\" decoding=\"async\" class=\"alignnone size-medium wp-image-156789\" src=\"https:\/\/novice.si\/page\/wp-content\/uploads\/2022\/11\/Makole-2_resize-300x200.jpg\" alt=\"\" width=\"300\" height=\"200\" srcset=\"https:\/\/novice.si\/page\/wp-content\/uploads\/2022\/11\/Makole-2_resize-300x200.jpg 300w, https:\/\/novice.si\/page\/wp-content\/uploads\/2022\/11\/Makole-2_resize-768x512.jpg 768w, https:\/\/novice.si\/page\/wp-content\/uploads\/2022\/11\/Makole-2_resize-696x464.jpg 696w, https:\/\/novice.si\/page\/wp-content\/uploads\/2022\/11\/Makole-2_resize-630x420.jpg 630w, https:\/\/novice.si\/page\/wp-content\/uploads\/2022\/11\/Makole-2_resize-24x16.jpg 24w, https:\/\/novice.si\/page\/wp-content\/uploads\/2022\/11\/Makole-2_resize-36x24.jpg 36w, https:\/\/novice.si\/page\/wp-content\/uploads\/2022\/11\/Makole-2_resize-48x32.jpg 48w, https:\/\/novice.si\/page\/wp-content\/uploads\/2022\/11\/Makole-2_resize.jpg 1000w\" sizes=\"auto, (max-width: 300px) 100vw, 300px\" \/><\/a><\/p>\n","protected":false},"excerpt":{"rendered":"<p>21.20: V Makolah je na \u017eupanskih volitvah zmagal Franc Majcen in tako dobil \u017ee svoj tretji zaporedni mandat. Na volitvah je zanj glasovalo 56 odstotkov sodelujo\u010dih volivk in volivcev. Na drugem mestu je mag. Danilo Lon\u010dari\u010d s 40 % glasov, Jo\u017eef Trol jih je zbral manj kot 4 odstotke. Znano je tudi kdo bo v [&hellip;]<\/p>\n","protected":false},"author":8,"featured_media":156789,"comment_status":"closed","ping_status":"closed","sticky":false,"template":"","format":"standard","meta":{"footnotes":""},"categories":[14,32],"tags":[333,647],"class_list":{"0":"post-156795","1":"post","2":"type-post","3":"status-publish","4":"format-standard","5":"has-post-thumbnail","7":"category-aktualno","8":"category-bistrisko","9":"tag-lokalne-volitve","10":"tag-makole"},"yoast_head":"<!-- This site is optimized with the Yoast SEO plugin v27.4 - https:\/\/yoast.com\/product\/yoast-seo-wordpress\/ -->\n<title>MAKOLE: \u0160e v tretje Majcen - Novice.si<\/title>\n<meta name=\"robots\" content=\"index, follow, max-snippet:-1, max-image-preview:large, max-video-preview:-1\" \/>\n<link rel=\"canonical\" href=\"https:\/\/novice.si\/page\/makole-lokalne-volitve-2022\/\" \/>\n<meta property=\"og:locale\" content=\"sl_SI\" \/>\n<meta property=\"og:type\" content=\"article\" \/>\n<meta property=\"og:title\" content=\"MAKOLE: \u0160e v tretje Majcen - Novice.si\" \/>\n<meta property=\"og:description\" content=\"21.20: V Makolah je na \u017eupanskih volitvah zmagal Franc Majcen in tako dobil \u017ee svoj tretji zaporedni mandat. Na volitvah je zanj glasovalo 56 odstotkov sodelujo\u010dih volivk in volivcev. Na drugem mestu je mag. Danilo Lon\u010dari\u010d s 40 % glasov, Jo\u017eef Trol jih je zbral manj kot 4 odstotke. Znano je tudi kdo bo v [&hellip;]\" \/>\n<meta property=\"og:url\" content=\"https:\/\/novice.si\/page\/makole-lokalne-volitve-2022\/\" \/>\n<meta property=\"og:site_name\" content=\"Novice.si\" \/>\n<meta property=\"article:published_time\" content=\"2022-11-20T06:10:24+00:00\" \/>\n<meta property=\"article:modified_time\" content=\"2022-11-21T07:29:45+00:00\" \/>\n<meta property=\"og:image\" content=\"https:\/\/novice.si\/page\/wp-content\/uploads\/2022\/11\/Makole-2_resize.jpg\" \/>\n\t<meta property=\"og:image:width\" content=\"1000\" \/>\n\t<meta property=\"og:image:height\" content=\"667\" \/>\n\t<meta property=\"og:image:type\" content=\"image\/jpeg\" \/>\n<meta name=\"author\" content=\"Uredni\u0161tvo Bistri\u0161kih novic\" \/>\n<meta name=\"twitter:card\" content=\"summary_large_image\" \/>\n<meta name=\"twitter:label1\" content=\"Written by\" \/>\n\t<meta name=\"twitter:data1\" content=\"Uredni\u0161tvo Bistri\u0161kih novic\" \/>\n\t<meta name=\"twitter:label2\" content=\"Est. reading time\" \/>\n\t<meta name=\"twitter:data2\" content=\"3 minute\" \/>\n<script type=\"application\/ld+json\" class=\"yoast-schema-graph\">{\"@context\":\"https:\\\/\\\/schema.org\",\"@graph\":[{\"@type\":\"Article\",\"@id\":\"https:\\\/\\\/novice.si\\\/page\\\/makole-lokalne-volitve-2022\\\/#article\",\"isPartOf\":{\"@id\":\"https:\\\/\\\/novice.si\\\/page\\\/makole-lokalne-volitve-2022\\\/\"},\"author\":{\"name\":\"Uredni\u0161tvo Bistri\u0161kih novic\",\"@id\":\"https:\\\/\\\/novice.si\\\/page\\\/#\\\/schema\\\/person\\\/96b32396deedcde3f7f776c306b4be21\"},\"headline\":\"MAKOLE: \u0160e v tretje Majcen\",\"datePublished\":\"2022-11-20T06:10:24+00:00\",\"dateModified\":\"2022-11-21T07:29:45+00:00\",\"mainEntityOfPage\":{\"@id\":\"https:\\\/\\\/novice.si\\\/page\\\/makole-lokalne-volitve-2022\\\/\"},\"wordCount\":358,\"publisher\":{\"@id\":\"https:\\\/\\\/novice.si\\\/page\\\/#organization\"},\"image\":{\"@id\":\"https:\\\/\\\/novice.si\\\/page\\\/makole-lokalne-volitve-2022\\\/#primaryimage\"},\"thumbnailUrl\":\"https:\\\/\\\/novice.si\\\/page\\\/wp-content\\\/uploads\\\/2022\\\/11\\\/Makole-2_resize.jpg\",\"keywords\":[\"lokalne volitve\",\"Makole\"],\"articleSection\":[\"Aktualno\",\"Bistri\u0161ko\"],\"inLanguage\":\"sl-SI\"},{\"@type\":\"WebPage\",\"@id\":\"https:\\\/\\\/novice.si\\\/page\\\/makole-lokalne-volitve-2022\\\/\",\"url\":\"https:\\\/\\\/novice.si\\\/page\\\/makole-lokalne-volitve-2022\\\/\",\"name\":\"MAKOLE: \u0160e v tretje Majcen - Novice.si\",\"isPartOf\":{\"@id\":\"https:\\\/\\\/novice.si\\\/page\\\/#website\"},\"primaryImageOfPage\":{\"@id\":\"https:\\\/\\\/novice.si\\\/page\\\/makole-lokalne-volitve-2022\\\/#primaryimage\"},\"image\":{\"@id\":\"https:\\\/\\\/novice.si\\\/page\\\/makole-lokalne-volitve-2022\\\/#primaryimage\"},\"thumbnailUrl\":\"https:\\\/\\\/novice.si\\\/page\\\/wp-content\\\/uploads\\\/2022\\\/11\\\/Makole-2_resize.jpg\",\"datePublished\":\"2022-11-20T06:10:24+00:00\",\"dateModified\":\"2022-11-21T07:29:45+00:00\",\"breadcrumb\":{\"@id\":\"https:\\\/\\\/novice.si\\\/page\\\/makole-lokalne-volitve-2022\\\/#breadcrumb\"},\"inLanguage\":\"sl-SI\",\"potentialAction\":[{\"@type\":\"ReadAction\",\"target\":[\"https:\\\/\\\/novice.si\\\/page\\\/makole-lokalne-volitve-2022\\\/\"]}]},{\"@type\":\"ImageObject\",\"inLanguage\":\"sl-SI\",\"@id\":\"https:\\\/\\\/novice.si\\\/page\\\/makole-lokalne-volitve-2022\\\/#primaryimage\",\"url\":\"https:\\\/\\\/novice.si\\\/page\\\/wp-content\\\/uploads\\\/2022\\\/11\\\/Makole-2_resize.jpg\",\"contentUrl\":\"https:\\\/\\\/novice.si\\\/page\\\/wp-content\\\/uploads\\\/2022\\\/11\\\/Makole-2_resize.jpg\",\"width\":1000,\"height\":667},{\"@type\":\"BreadcrumbList\",\"@id\":\"https:\\\/\\\/novice.si\\\/page\\\/makole-lokalne-volitve-2022\\\/#breadcrumb\",\"itemListElement\":[{\"@type\":\"ListItem\",\"position\":1,\"name\":\"Home\",\"item\":\"https:\\\/\\\/novice.si\\\/page\\\/\"},{\"@type\":\"ListItem\",\"position\":2,\"name\":\"MAKOLE: \u0160e v tretje Majcen\"}]},{\"@type\":\"WebSite\",\"@id\":\"https:\\\/\\\/novice.si\\\/page\\\/#website\",\"url\":\"https:\\\/\\\/novice.si\\\/page\\\/\",\"name\":\"Novice.si\",\"description\":\"\",\"publisher\":{\"@id\":\"https:\\\/\\\/novice.si\\\/page\\\/#organization\"},\"potentialAction\":[{\"@type\":\"SearchAction\",\"target\":{\"@type\":\"EntryPoint\",\"urlTemplate\":\"https:\\\/\\\/novice.si\\\/page\\\/?s={search_term_string}\"},\"query-input\":{\"@type\":\"PropertyValueSpecification\",\"valueRequired\":true,\"valueName\":\"search_term_string\"}}],\"inLanguage\":\"sl-SI\"},{\"@type\":\"Organization\",\"@id\":\"https:\\\/\\\/novice.si\\\/page\\\/#organization\",\"name\":\"Novice.si\",\"url\":\"https:\\\/\\\/novice.si\\\/page\\\/\",\"logo\":{\"@type\":\"ImageObject\",\"inLanguage\":\"sl-SI\",\"@id\":\"https:\\\/\\\/novice.si\\\/page\\\/#\\\/schema\\\/logo\\\/image\\\/\",\"url\":\"https:\\\/\\\/novice.si\\\/page\\\/wp-content\\\/uploads\\\/2023\\\/03\\\/novice_si.png\",\"contentUrl\":\"https:\\\/\\\/novice.si\\\/page\\\/wp-content\\\/uploads\\\/2023\\\/03\\\/novice_si.png\",\"width\":576,\"height\":200,\"caption\":\"Novice.si\"},\"image\":{\"@id\":\"https:\\\/\\\/novice.si\\\/page\\\/#\\\/schema\\\/logo\\\/image\\\/\"}},{\"@type\":\"Person\",\"@id\":\"https:\\\/\\\/novice.si\\\/page\\\/#\\\/schema\\\/person\\\/96b32396deedcde3f7f776c306b4be21\",\"name\":\"Uredni\u0161tvo Bistri\u0161kih novic\",\"image\":{\"@type\":\"ImageObject\",\"inLanguage\":\"sl-SI\",\"@id\":\"https:\\\/\\\/secure.gravatar.com\\\/avatar\\\/26c56c4b10cdb3a21e86442e5f2845a4eafdd0f3605def77ec6cff4aaef32ea4?s=96&d=mm&r=g\",\"url\":\"https:\\\/\\\/secure.gravatar.com\\\/avatar\\\/26c56c4b10cdb3a21e86442e5f2845a4eafdd0f3605def77ec6cff4aaef32ea4?s=96&d=mm&r=g\",\"contentUrl\":\"https:\\\/\\\/secure.gravatar.com\\\/avatar\\\/26c56c4b10cdb3a21e86442e5f2845a4eafdd0f3605def77ec6cff4aaef32ea4?s=96&d=mm&r=g\",\"caption\":\"Uredni\u0161tvo Bistri\u0161kih novic\"},\"url\":\"https:\\\/\\\/novice.si\\\/page\\\/author\\\/bojana\\\/\"}]}<\/script>\n<!-- \/ Yoast SEO plugin. -->","yoast_head_json":{"title":"MAKOLE: \u0160e v tretje Majcen - Novice.si","robots":{"index":"index","follow":"follow","max-snippet":"max-snippet:-1","max-image-preview":"max-image-preview:large","max-video-preview":"max-video-preview:-1"},"canonical":"https:\/\/novice.si\/page\/makole-lokalne-volitve-2022\/","og_locale":"sl_SI","og_type":"article","og_title":"MAKOLE: \u0160e v tretje Majcen - Novice.si","og_description":"21.20: V Makolah je na \u017eupanskih volitvah zmagal Franc Majcen in tako dobil \u017ee svoj tretji zaporedni mandat. Na volitvah je zanj glasovalo 56 odstotkov sodelujo\u010dih volivk in volivcev. Na drugem mestu je mag. Danilo Lon\u010dari\u010d s 40 % glasov, Jo\u017eef Trol jih je zbral manj kot 4 odstotke. Znano je tudi kdo bo v [&hellip;]","og_url":"https:\/\/novice.si\/page\/makole-lokalne-volitve-2022\/","og_site_name":"Novice.si","article_published_time":"2022-11-20T06:10:24+00:00","article_modified_time":"2022-11-21T07:29:45+00:00","og_image":[{"width":1000,"height":667,"url":"https:\/\/novice.si\/page\/wp-content\/uploads\/2022\/11\/Makole-2_resize.jpg","type":"image\/jpeg"}],"author":"Uredni\u0161tvo Bistri\u0161kih novic","twitter_card":"summary_large_image","twitter_misc":{"Written by":"Uredni\u0161tvo Bistri\u0161kih novic","Est. reading time":"3 minute"},"schema":{"@context":"https:\/\/schema.org","@graph":[{"@type":"Article","@id":"https:\/\/novice.si\/page\/makole-lokalne-volitve-2022\/#article","isPartOf":{"@id":"https:\/\/novice.si\/page\/makole-lokalne-volitve-2022\/"},"author":{"name":"Uredni\u0161tvo Bistri\u0161kih novic","@id":"https:\/\/novice.si\/page\/#\/schema\/person\/96b32396deedcde3f7f776c306b4be21"},"headline":"MAKOLE: \u0160e v tretje Majcen","datePublished":"2022-11-20T06:10:24+00:00","dateModified":"2022-11-21T07:29:45+00:00","mainEntityOfPage":{"@id":"https:\/\/novice.si\/page\/makole-lokalne-volitve-2022\/"},"wordCount":358,"publisher":{"@id":"https:\/\/novice.si\/page\/#organization"},"image":{"@id":"https:\/\/novice.si\/page\/makole-lokalne-volitve-2022\/#primaryimage"},"thumbnailUrl":"https:\/\/novice.si\/page\/wp-content\/uploads\/2022\/11\/Makole-2_resize.jpg","keywords":["lokalne volitve","Makole"],"articleSection":["Aktualno","Bistri\u0161ko"],"inLanguage":"sl-SI"},{"@type":"WebPage","@id":"https:\/\/novice.si\/page\/makole-lokalne-volitve-2022\/","url":"https:\/\/novice.si\/page\/makole-lokalne-volitve-2022\/","name":"MAKOLE: \u0160e v tretje Majcen - Novice.si","isPartOf":{"@id":"https:\/\/novice.si\/page\/#website"},"primaryImageOfPage":{"@id":"https:\/\/novice.si\/page\/makole-lokalne-volitve-2022\/#primaryimage"},"image":{"@id":"https:\/\/novice.si\/page\/makole-lokalne-volitve-2022\/#primaryimage"},"thumbnailUrl":"https:\/\/novice.si\/page\/wp-content\/uploads\/2022\/11\/Makole-2_resize.jpg","datePublished":"2022-11-20T06:10:24+00:00","dateModified":"2022-11-21T07:29:45+00:00","breadcrumb":{"@id":"https:\/\/novice.si\/page\/makole-lokalne-volitve-2022\/#breadcrumb"},"inLanguage":"sl-SI","potentialAction":[{"@type":"ReadAction","target":["https:\/\/novice.si\/page\/makole-lokalne-volitve-2022\/"]}]},{"@type":"ImageObject","inLanguage":"sl-SI","@id":"https:\/\/novice.si\/page\/makole-lokalne-volitve-2022\/#primaryimage","url":"https:\/\/novice.si\/page\/wp-content\/uploads\/2022\/11\/Makole-2_resize.jpg","contentUrl":"https:\/\/novice.si\/page\/wp-content\/uploads\/2022\/11\/Makole-2_resize.jpg","width":1000,"height":667},{"@type":"BreadcrumbList","@id":"https:\/\/novice.si\/page\/makole-lokalne-volitve-2022\/#breadcrumb","itemListElement":[{"@type":"ListItem","position":1,"name":"Home","item":"https:\/\/novice.si\/page\/"},{"@type":"ListItem","position":2,"name":"MAKOLE: \u0160e v tretje Majcen"}]},{"@type":"WebSite","@id":"https:\/\/novice.si\/page\/#website","url":"https:\/\/novice.si\/page\/","name":"Novice.si","description":"","publisher":{"@id":"https:\/\/novice.si\/page\/#organization"},"potentialAction":[{"@type":"SearchAction","target":{"@type":"EntryPoint","urlTemplate":"https:\/\/novice.si\/page\/?s={search_term_string}"},"query-input":{"@type":"PropertyValueSpecification","valueRequired":true,"valueName":"search_term_string"}}],"inLanguage":"sl-SI"},{"@type":"Organization","@id":"https:\/\/novice.si\/page\/#organization","name":"Novice.si","url":"https:\/\/novice.si\/page\/","logo":{"@type":"ImageObject","inLanguage":"sl-SI","@id":"https:\/\/novice.si\/page\/#\/schema\/logo\/image\/","url":"https:\/\/novice.si\/page\/wp-content\/uploads\/2023\/03\/novice_si.png","contentUrl":"https:\/\/novice.si\/page\/wp-content\/uploads\/2023\/03\/novice_si.png","width":576,"height":200,"caption":"Novice.si"},"image":{"@id":"https:\/\/novice.si\/page\/#\/schema\/logo\/image\/"}},{"@type":"Person","@id":"https:\/\/novice.si\/page\/#\/schema\/person\/96b32396deedcde3f7f776c306b4be21","name":"Uredni\u0161tvo Bistri\u0161kih novic","image":{"@type":"ImageObject","inLanguage":"sl-SI","@id":"https:\/\/secure.gravatar.com\/avatar\/26c56c4b10cdb3a21e86442e5f2845a4eafdd0f3605def77ec6cff4aaef32ea4?s=96&d=mm&r=g","url":"https:\/\/secure.gravatar.com\/avatar\/26c56c4b10cdb3a21e86442e5f2845a4eafdd0f3605def77ec6cff4aaef32ea4?s=96&d=mm&r=g","contentUrl":"https:\/\/secure.gravatar.com\/avatar\/26c56c4b10cdb3a21e86442e5f2845a4eafdd0f3605def77ec6cff4aaef32ea4?s=96&d=mm&r=g","caption":"Uredni\u0161tvo Bistri\u0161kih novic"},"url":"https:\/\/novice.si\/page\/author\/bojana\/"}]}},"_links":{"self":[{"href":"https:\/\/novice.si\/page\/wp-json\/wp\/v2\/posts\/156795","targetHints":{"allow":["GET"]}}],"collection":[{"href":"https:\/\/novice.si\/page\/wp-json\/wp\/v2\/posts"}],"about":[{"href":"https:\/\/novice.si\/page\/wp-json\/wp\/v2\/types\/post"}],"author":[{"embeddable":true,"href":"https:\/\/novice.si\/page\/wp-json\/wp\/v2\/users\/8"}],"replies":[{"embeddable":true,"href":"https:\/\/novice.si\/page\/wp-json\/wp\/v2\/comments?post=156795"}],"version-history":[{"count":8,"href":"https:\/\/novice.si\/page\/wp-json\/wp\/v2\/posts\/156795\/revisions"}],"predecessor-version":[{"id":156969,"href":"https:\/\/novice.si\/page\/wp-json\/wp\/v2\/posts\/156795\/revisions\/156969"}],"wp:featuredmedia":[{"embeddable":true,"href":"https:\/\/novice.si\/page\/wp-json\/wp\/v2\/media\/156789"}],"wp:attachment":[{"href":"https:\/\/novice.si\/page\/wp-json\/wp\/v2\/media?parent=156795"}],"wp:term":[{"taxonomy":"category","embeddable":true,"href":"https:\/\/novice.si\/page\/wp-json\/wp\/v2\/categories?post=156795"},{"taxonomy":"post_tag","embeddable":true,"href":"https:\/\/novice.si\/page\/wp-json\/wp\/v2\/tags?post=156795"}],"curies":[{"name":"wp","href":"https:\/\/api.w.org\/{rel}","templated":true}]}}