{"id":156785,"date":"2022-11-20T07:00:34","date_gmt":"2022-11-20T06:00:34","guid":{"rendered":"https:\/\/novice.si\/page\/?p=156785"},"modified":"2022-11-20T21:41:33","modified_gmt":"2022-11-20T20:41:33","slug":"oplotnica-lokalne-volitve-2022","status":"publish","type":"post","link":"https:\/\/novice.si\/page\/oplotnica-lokalne-volitve-2022\/","title":{"rendered":"OPLOTNICA: \u017eupan ostaja Matja\u017e Orter"},"content":{"rendered":"<p><strong>\u017dupan Oplotnice tudi v naslednjem mandatu ostaja Matja\u017e Orter. Ka\u017ee, da je dobil 59 odstotkov glasov in so tako novi mandat zagotovil \u017ee v prvem krogu.<\/strong><\/p>\n<p><strong>21.29:<br \/>\n<\/strong>Po 100 % pre\u0161tetih glasovnic je jasno, da si je novi \u017eupanski mandat \u017ee v prvem krogu zagotovil dosedanji \u017eupan Matja\u017e Orter. Dobil je slabih 59% glasov.<br \/>\nSledita Andrej Kos s 35% in D\u017euro Stanislav Vol\u010di\u010d s 5%.<br \/>\nVolilna udele\u017eba je bila 63,73 %.<br \/>\nMandati v ob\u010dinskem svetu so po prvih neuradnih podatkih porazdeljeni tako: SDS 5, \u017dupanova lista za razvoj Oplotnice 4, Lista za bolj\u0161i jutri 3, SLS 3.<\/p>\n<p><strong>19.30<br \/>\n<\/strong>V Oplotnici so izbirali med tremi kandidati za \u017eupana:<strong> Andrejem Kosom, D\u017eurom Stanislavom Vol\u010di\u010dem<\/strong> in dosedanjim \u017eupanom <strong>Matja\u017eem Orterjem<\/strong>. Kos \u0161tetje glasovnic skupaj s podporniki spremlja v enem od oplotni\u0161kih gosti\u0161\u010d, Vol\u010di\u010d v o\u017ejem krogu svojih podpornikov, Orter pa v gasilskem domu v Oplotnici.<strong><br \/>\n<\/strong><\/p>\n<p><strong>18.00<\/strong><br \/>\nVolilna udele\u017eba do 17. ure: 48,17 %. Glasovalo je 1.615 ob\u010danov.<\/p>\n<p><strong>13.00<\/strong><br \/>\nVolilna udele\u017eba do 11. ure je bila 16,22-odstotna. Glasovalo je 554 ob\u010danov.<\/p>\n<p><strong>7.00<\/strong><br \/>\nNa obmo\u010dju Oplotnice ima volilno pravico 3.353 volilnih upravi\u010dencev. Dobra dva odstotka upravi\u010dencev je svoj glas \u017ee oddalo na pred\u010dasnih volitvah.<br \/>\nDanes je odprtih 11 voli\u0161\u010d, volivci pa bodo izbirali med tremi kandidati za \u017eupana. Oplotnica je razdeljena na tri volilne enote. V vsaki bodo izbirali kandidate za ob\u010dinski svet s sedmih list.<\/p>\n<p><em>Rezultati so neuradni.<\/em><\/p>\n","protected":false},"excerpt":{"rendered":"<p>\u017dupan Oplotnice tudi v naslednjem mandatu ostaja Matja\u017e Orter. Ka\u017ee, da je dobil 59 odstotkov glasov in so tako novi mandat zagotovil \u017ee v prvem krogu. 21.29: Po 100 % pre\u0161tetih glasovnic je jasno, da si je novi \u017eupanski mandat \u017ee v prvem krogu zagotovil dosedanji \u017eupan Matja\u017e Orter. Dobil je slabih 59% glasov. Sledita [&hellip;]<\/p>\n","protected":false},"author":12,"featured_media":150193,"comment_status":"closed","ping_status":"closed","sticky":false,"template":"","format":"standard","meta":{"footnotes":""},"categories":[14,858,32,868,16,141,3108],"tags":[16419,297],"class_list":{"0":"post-156785","1":"post","2":"type-post","3":"status-publish","4":"format-standard","5":"has-post-thumbnail","7":"category-aktualno","8":"category-bistriske-novice","9":"category-bistrisko","10":"category-casopisi","11":"category-konjisko","12":"category-novice","13":"category-radio-rogla","14":"tag-lokalne-volitve-2022","15":"tag-oplotnica"},"yoast_head":"<!-- This site is optimized with the Yoast SEO plugin v27.4 - https:\/\/yoast.com\/product\/yoast-seo-wordpress\/ -->\n<title>OPLOTNICA: \u017eupan ostaja Matja\u017e Orter - Novice.si<\/title>\n<meta name=\"robots\" content=\"index, follow, max-snippet:-1, max-image-preview:large, max-video-preview:-1\" \/>\n<link rel=\"canonical\" href=\"https:\/\/novice.si\/page\/oplotnica-lokalne-volitve-2022\/\" \/>\n<meta property=\"og:locale\" content=\"sl_SI\" \/>\n<meta property=\"og:type\" content=\"article\" \/>\n<meta property=\"og:title\" content=\"OPLOTNICA: \u017eupan ostaja Matja\u017e Orter - Novice.si\" \/>\n<meta property=\"og:description\" content=\"\u017dupan Oplotnice tudi v naslednjem mandatu ostaja Matja\u017e Orter. Ka\u017ee, da je dobil 59 odstotkov glasov in so tako novi mandat zagotovil \u017ee v prvem krogu. 21.29: Po 100 % pre\u0161tetih glasovnic je jasno, da si je novi \u017eupanski mandat \u017ee v prvem krogu zagotovil dosedanji \u017eupan Matja\u017e Orter. Dobil je slabih 59% glasov. Sledita [&hellip;]\" \/>\n<meta property=\"og:url\" content=\"https:\/\/novice.si\/page\/oplotnica-lokalne-volitve-2022\/\" \/>\n<meta property=\"og:site_name\" content=\"Novice.si\" \/>\n<meta property=\"article:published_time\" content=\"2022-11-20T06:00:34+00:00\" \/>\n<meta property=\"article:modified_time\" content=\"2022-11-20T20:41:33+00:00\" \/>\n<meta property=\"og:image\" content=\"https:\/\/novice.si\/page\/wp-content\/uploads\/2022\/05\/oplotnica-panorama.jpg\" \/>\n\t<meta property=\"og:image:width\" content=\"768\" \/>\n\t<meta property=\"og:image:height\" content=\"511\" \/>\n\t<meta property=\"og:image:type\" content=\"image\/jpeg\" \/>\n<meta name=\"author\" content=\"Uredni\u0161tvo Celjana\" \/>\n<meta name=\"twitter:card\" content=\"summary_large_image\" \/>\n<meta name=\"twitter:label1\" content=\"Written by\" \/>\n\t<meta name=\"twitter:data1\" content=\"Uredni\u0161tvo Celjana\" \/>\n\t<meta name=\"twitter:label2\" content=\"Est. reading time\" \/>\n\t<meta name=\"twitter:data2\" content=\"2 minuti\" \/>\n<script type=\"application\/ld+json\" class=\"yoast-schema-graph\">{\"@context\":\"https:\\\/\\\/schema.org\",\"@graph\":[{\"@type\":\"Article\",\"@id\":\"https:\\\/\\\/novice.si\\\/page\\\/oplotnica-lokalne-volitve-2022\\\/#article\",\"isPartOf\":{\"@id\":\"https:\\\/\\\/novice.si\\\/page\\\/oplotnica-lokalne-volitve-2022\\\/\"},\"author\":{\"name\":\"Uredni\u0161tvo Celjana\",\"@id\":\"https:\\\/\\\/novice.si\\\/page\\\/#\\\/schema\\\/person\\\/51903923b50fefb075bc1cd24fe4d065\"},\"headline\":\"OPLOTNICA: \u017eupan ostaja Matja\u017e Orter\",\"datePublished\":\"2022-11-20T06:00:34+00:00\",\"dateModified\":\"2022-11-20T20:41:33+00:00\",\"mainEntityOfPage\":{\"@id\":\"https:\\\/\\\/novice.si\\\/page\\\/oplotnica-lokalne-volitve-2022\\\/\"},\"wordCount\":227,\"publisher\":{\"@id\":\"https:\\\/\\\/novice.si\\\/page\\\/#organization\"},\"image\":{\"@id\":\"https:\\\/\\\/novice.si\\\/page\\\/oplotnica-lokalne-volitve-2022\\\/#primaryimage\"},\"thumbnailUrl\":\"https:\\\/\\\/novice.si\\\/page\\\/wp-content\\\/uploads\\\/2022\\\/05\\\/oplotnica-panorama.jpg\",\"keywords\":[\"lokalne volitve 2022\",\"Oplotnica\"],\"articleSection\":[\"Aktualno\",\"Bistri\u0161ke Novice\",\"Bistri\u0161ko\",\"\u010casopisi\",\"Konji\u0161ko\",\"Novice\",\"Radio Rogla\"],\"inLanguage\":\"sl-SI\"},{\"@type\":\"WebPage\",\"@id\":\"https:\\\/\\\/novice.si\\\/page\\\/oplotnica-lokalne-volitve-2022\\\/\",\"url\":\"https:\\\/\\\/novice.si\\\/page\\\/oplotnica-lokalne-volitve-2022\\\/\",\"name\":\"OPLOTNICA: \u017eupan ostaja Matja\u017e Orter - Novice.si\",\"isPartOf\":{\"@id\":\"https:\\\/\\\/novice.si\\\/page\\\/#website\"},\"primaryImageOfPage\":{\"@id\":\"https:\\\/\\\/novice.si\\\/page\\\/oplotnica-lokalne-volitve-2022\\\/#primaryimage\"},\"image\":{\"@id\":\"https:\\\/\\\/novice.si\\\/page\\\/oplotnica-lokalne-volitve-2022\\\/#primaryimage\"},\"thumbnailUrl\":\"https:\\\/\\\/novice.si\\\/page\\\/wp-content\\\/uploads\\\/2022\\\/05\\\/oplotnica-panorama.jpg\",\"datePublished\":\"2022-11-20T06:00:34+00:00\",\"dateModified\":\"2022-11-20T20:41:33+00:00\",\"breadcrumb\":{\"@id\":\"https:\\\/\\\/novice.si\\\/page\\\/oplotnica-lokalne-volitve-2022\\\/#breadcrumb\"},\"inLanguage\":\"sl-SI\",\"potentialAction\":[{\"@type\":\"ReadAction\",\"target\":[\"https:\\\/\\\/novice.si\\\/page\\\/oplotnica-lokalne-volitve-2022\\\/\"]}]},{\"@type\":\"ImageObject\",\"inLanguage\":\"sl-SI\",\"@id\":\"https:\\\/\\\/novice.si\\\/page\\\/oplotnica-lokalne-volitve-2022\\\/#primaryimage\",\"url\":\"https:\\\/\\\/novice.si\\\/page\\\/wp-content\\\/uploads\\\/2022\\\/05\\\/oplotnica-panorama.jpg\",\"contentUrl\":\"https:\\\/\\\/novice.si\\\/page\\\/wp-content\\\/uploads\\\/2022\\\/05\\\/oplotnica-panorama.jpg\",\"width\":768,\"height\":511},{\"@type\":\"BreadcrumbList\",\"@id\":\"https:\\\/\\\/novice.si\\\/page\\\/oplotnica-lokalne-volitve-2022\\\/#breadcrumb\",\"itemListElement\":[{\"@type\":\"ListItem\",\"position\":1,\"name\":\"Home\",\"item\":\"https:\\\/\\\/novice.si\\\/page\\\/\"},{\"@type\":\"ListItem\",\"position\":2,\"name\":\"OPLOTNICA: \u017eupan ostaja Matja\u017e Orter\"}]},{\"@type\":\"WebSite\",\"@id\":\"https:\\\/\\\/novice.si\\\/page\\\/#website\",\"url\":\"https:\\\/\\\/novice.si\\\/page\\\/\",\"name\":\"Novice.si\",\"description\":\"\",\"publisher\":{\"@id\":\"https:\\\/\\\/novice.si\\\/page\\\/#organization\"},\"potentialAction\":[{\"@type\":\"SearchAction\",\"target\":{\"@type\":\"EntryPoint\",\"urlTemplate\":\"https:\\\/\\\/novice.si\\\/page\\\/?s={search_term_string}\"},\"query-input\":{\"@type\":\"PropertyValueSpecification\",\"valueRequired\":true,\"valueName\":\"search_term_string\"}}],\"inLanguage\":\"sl-SI\"},{\"@type\":\"Organization\",\"@id\":\"https:\\\/\\\/novice.si\\\/page\\\/#organization\",\"name\":\"Novice.si\",\"url\":\"https:\\\/\\\/novice.si\\\/page\\\/\",\"logo\":{\"@type\":\"ImageObject\",\"inLanguage\":\"sl-SI\",\"@id\":\"https:\\\/\\\/novice.si\\\/page\\\/#\\\/schema\\\/logo\\\/image\\\/\",\"url\":\"https:\\\/\\\/novice.si\\\/page\\\/wp-content\\\/uploads\\\/2023\\\/03\\\/novice_si.png\",\"contentUrl\":\"https:\\\/\\\/novice.si\\\/page\\\/wp-content\\\/uploads\\\/2023\\\/03\\\/novice_si.png\",\"width\":576,\"height\":200,\"caption\":\"Novice.si\"},\"image\":{\"@id\":\"https:\\\/\\\/novice.si\\\/page\\\/#\\\/schema\\\/logo\\\/image\\\/\"}},{\"@type\":\"Person\",\"@id\":\"https:\\\/\\\/novice.si\\\/page\\\/#\\\/schema\\\/person\\\/51903923b50fefb075bc1cd24fe4d065\",\"name\":\"Uredni\u0161tvo Celjana\",\"image\":{\"@type\":\"ImageObject\",\"inLanguage\":\"sl-SI\",\"@id\":\"https:\\\/\\\/secure.gravatar.com\\\/avatar\\\/b516f102aa90b53619e09722b8ea56721c99bfcb4f1035f9b333d99f52330226?s=96&d=mm&r=g\",\"url\":\"https:\\\/\\\/secure.gravatar.com\\\/avatar\\\/b516f102aa90b53619e09722b8ea56721c99bfcb4f1035f9b333d99f52330226?s=96&d=mm&r=g\",\"contentUrl\":\"https:\\\/\\\/secure.gravatar.com\\\/avatar\\\/b516f102aa90b53619e09722b8ea56721c99bfcb4f1035f9b333d99f52330226?s=96&d=mm&r=g\",\"caption\":\"Uredni\u0161tvo Celjana\"},\"url\":\"https:\\\/\\\/novice.si\\\/page\\\/author\\\/nejc\\\/\"}]}<\/script>\n<!-- \/ Yoast SEO plugin. -->","yoast_head_json":{"title":"OPLOTNICA: \u017eupan ostaja Matja\u017e Orter - Novice.si","robots":{"index":"index","follow":"follow","max-snippet":"max-snippet:-1","max-image-preview":"max-image-preview:large","max-video-preview":"max-video-preview:-1"},"canonical":"https:\/\/novice.si\/page\/oplotnica-lokalne-volitve-2022\/","og_locale":"sl_SI","og_type":"article","og_title":"OPLOTNICA: \u017eupan ostaja Matja\u017e Orter - Novice.si","og_description":"\u017dupan Oplotnice tudi v naslednjem mandatu ostaja Matja\u017e Orter. Ka\u017ee, da je dobil 59 odstotkov glasov in so tako novi mandat zagotovil \u017ee v prvem krogu. 21.29: Po 100 % pre\u0161tetih glasovnic je jasno, da si je novi \u017eupanski mandat \u017ee v prvem krogu zagotovil dosedanji \u017eupan Matja\u017e Orter. Dobil je slabih 59% glasov. Sledita [&hellip;]","og_url":"https:\/\/novice.si\/page\/oplotnica-lokalne-volitve-2022\/","og_site_name":"Novice.si","article_published_time":"2022-11-20T06:00:34+00:00","article_modified_time":"2022-11-20T20:41:33+00:00","og_image":[{"width":768,"height":511,"url":"https:\/\/novice.si\/page\/wp-content\/uploads\/2022\/05\/oplotnica-panorama.jpg","type":"image\/jpeg"}],"author":"Uredni\u0161tvo Celjana","twitter_card":"summary_large_image","twitter_misc":{"Written by":"Uredni\u0161tvo Celjana","Est. reading time":"2 minuti"},"schema":{"@context":"https:\/\/schema.org","@graph":[{"@type":"Article","@id":"https:\/\/novice.si\/page\/oplotnica-lokalne-volitve-2022\/#article","isPartOf":{"@id":"https:\/\/novice.si\/page\/oplotnica-lokalne-volitve-2022\/"},"author":{"name":"Uredni\u0161tvo Celjana","@id":"https:\/\/novice.si\/page\/#\/schema\/person\/51903923b50fefb075bc1cd24fe4d065"},"headline":"OPLOTNICA: \u017eupan ostaja Matja\u017e Orter","datePublished":"2022-11-20T06:00:34+00:00","dateModified":"2022-11-20T20:41:33+00:00","mainEntityOfPage":{"@id":"https:\/\/novice.si\/page\/oplotnica-lokalne-volitve-2022\/"},"wordCount":227,"publisher":{"@id":"https:\/\/novice.si\/page\/#organization"},"image":{"@id":"https:\/\/novice.si\/page\/oplotnica-lokalne-volitve-2022\/#primaryimage"},"thumbnailUrl":"https:\/\/novice.si\/page\/wp-content\/uploads\/2022\/05\/oplotnica-panorama.jpg","keywords":["lokalne volitve 2022","Oplotnica"],"articleSection":["Aktualno","Bistri\u0161ke Novice","Bistri\u0161ko","\u010casopisi","Konji\u0161ko","Novice","Radio Rogla"],"inLanguage":"sl-SI"},{"@type":"WebPage","@id":"https:\/\/novice.si\/page\/oplotnica-lokalne-volitve-2022\/","url":"https:\/\/novice.si\/page\/oplotnica-lokalne-volitve-2022\/","name":"OPLOTNICA: \u017eupan ostaja Matja\u017e Orter - Novice.si","isPartOf":{"@id":"https:\/\/novice.si\/page\/#website"},"primaryImageOfPage":{"@id":"https:\/\/novice.si\/page\/oplotnica-lokalne-volitve-2022\/#primaryimage"},"image":{"@id":"https:\/\/novice.si\/page\/oplotnica-lokalne-volitve-2022\/#primaryimage"},"thumbnailUrl":"https:\/\/novice.si\/page\/wp-content\/uploads\/2022\/05\/oplotnica-panorama.jpg","datePublished":"2022-11-20T06:00:34+00:00","dateModified":"2022-11-20T20:41:33+00:00","breadcrumb":{"@id":"https:\/\/novice.si\/page\/oplotnica-lokalne-volitve-2022\/#breadcrumb"},"inLanguage":"sl-SI","potentialAction":[{"@type":"ReadAction","target":["https:\/\/novice.si\/page\/oplotnica-lokalne-volitve-2022\/"]}]},{"@type":"ImageObject","inLanguage":"sl-SI","@id":"https:\/\/novice.si\/page\/oplotnica-lokalne-volitve-2022\/#primaryimage","url":"https:\/\/novice.si\/page\/wp-content\/uploads\/2022\/05\/oplotnica-panorama.jpg","contentUrl":"https:\/\/novice.si\/page\/wp-content\/uploads\/2022\/05\/oplotnica-panorama.jpg","width":768,"height":511},{"@type":"BreadcrumbList","@id":"https:\/\/novice.si\/page\/oplotnica-lokalne-volitve-2022\/#breadcrumb","itemListElement":[{"@type":"ListItem","position":1,"name":"Home","item":"https:\/\/novice.si\/page\/"},{"@type":"ListItem","position":2,"name":"OPLOTNICA: \u017eupan ostaja Matja\u017e Orter"}]},{"@type":"WebSite","@id":"https:\/\/novice.si\/page\/#website","url":"https:\/\/novice.si\/page\/","name":"Novice.si","description":"","publisher":{"@id":"https:\/\/novice.si\/page\/#organization"},"potentialAction":[{"@type":"SearchAction","target":{"@type":"EntryPoint","urlTemplate":"https:\/\/novice.si\/page\/?s={search_term_string}"},"query-input":{"@type":"PropertyValueSpecification","valueRequired":true,"valueName":"search_term_string"}}],"inLanguage":"sl-SI"},{"@type":"Organization","@id":"https:\/\/novice.si\/page\/#organization","name":"Novice.si","url":"https:\/\/novice.si\/page\/","logo":{"@type":"ImageObject","inLanguage":"sl-SI","@id":"https:\/\/novice.si\/page\/#\/schema\/logo\/image\/","url":"https:\/\/novice.si\/page\/wp-content\/uploads\/2023\/03\/novice_si.png","contentUrl":"https:\/\/novice.si\/page\/wp-content\/uploads\/2023\/03\/novice_si.png","width":576,"height":200,"caption":"Novice.si"},"image":{"@id":"https:\/\/novice.si\/page\/#\/schema\/logo\/image\/"}},{"@type":"Person","@id":"https:\/\/novice.si\/page\/#\/schema\/person\/51903923b50fefb075bc1cd24fe4d065","name":"Uredni\u0161tvo Celjana","image":{"@type":"ImageObject","inLanguage":"sl-SI","@id":"https:\/\/secure.gravatar.com\/avatar\/b516f102aa90b53619e09722b8ea56721c99bfcb4f1035f9b333d99f52330226?s=96&d=mm&r=g","url":"https:\/\/secure.gravatar.com\/avatar\/b516f102aa90b53619e09722b8ea56721c99bfcb4f1035f9b333d99f52330226?s=96&d=mm&r=g","contentUrl":"https:\/\/secure.gravatar.com\/avatar\/b516f102aa90b53619e09722b8ea56721c99bfcb4f1035f9b333d99f52330226?s=96&d=mm&r=g","caption":"Uredni\u0161tvo Celjana"},"url":"https:\/\/novice.si\/page\/author\/nejc\/"}]}},"_links":{"self":[{"href":"https:\/\/novice.si\/page\/wp-json\/wp\/v2\/posts\/156785","targetHints":{"allow":["GET"]}}],"collection":[{"href":"https:\/\/novice.si\/page\/wp-json\/wp\/v2\/posts"}],"about":[{"href":"https:\/\/novice.si\/page\/wp-json\/wp\/v2\/types\/post"}],"author":[{"embeddable":true,"href":"https:\/\/novice.si\/page\/wp-json\/wp\/v2\/users\/12"}],"replies":[{"embeddable":true,"href":"https:\/\/novice.si\/page\/wp-json\/wp\/v2\/comments?post=156785"}],"version-history":[{"count":13,"href":"https:\/\/novice.si\/page\/wp-json\/wp\/v2\/posts\/156785\/revisions"}],"predecessor-version":[{"id":156921,"href":"https:\/\/novice.si\/page\/wp-json\/wp\/v2\/posts\/156785\/revisions\/156921"}],"wp:featuredmedia":[{"embeddable":true,"href":"https:\/\/novice.si\/page\/wp-json\/wp\/v2\/media\/150193"}],"wp:attachment":[{"href":"https:\/\/novice.si\/page\/wp-json\/wp\/v2\/media?parent=156785"}],"wp:term":[{"taxonomy":"category","embeddable":true,"href":"https:\/\/novice.si\/page\/wp-json\/wp\/v2\/categories?post=156785"},{"taxonomy":"post_tag","embeddable":true,"href":"https:\/\/novice.si\/page\/wp-json\/wp\/v2\/tags?post=156785"}],"curies":[{"name":"wp","href":"https:\/\/api.w.org\/{rel}","templated":true}]}}