{"id":156776,"date":"2022-11-18T10:16:54","date_gmt":"2022-11-18T09:16:54","guid":{"rendered":"https:\/\/novice.si\/page\/?p=156776"},"modified":"2022-11-18T10:16:54","modified_gmt":"2022-11-18T09:16:54","slug":"dokumentarec-snemali-tudi-v-slovenski-bistrici","status":"publish","type":"post","link":"https:\/\/novice.si\/page\/dokumentarec-snemali-tudi-v-slovenski-bistrici\/","title":{"rendered":"Dokumentarec snemali tudi v Slovenski Bistrici"},"content":{"rendered":"<p>Producentska hi\u0161a Casablanca iz Ljubljane je v bistri\u0161kem zasebnem biroju Consulting Engineers in mariborskem Pontingu posnela zadnje prizore dokumentarnega filma <strong><em>Mostovi na slikah neba.<br \/>\n<\/em><\/strong>Glavna akterja filma sta bistri\u0161ka in\u017eenirja gradbeni\u0161tva in konstruktorja mostov in viaduktov <strong>Viktor Markelj <\/strong>in<strong> Marjan Pipenbaher<\/strong>. Scenarist dokumentarca je <strong>Zdenko Kodri\u010d<\/strong>, re\u017eiser <strong>Boris Jurja\u0161evi\u010d<\/strong> in direktor fotografije <strong>Rado Likon<\/strong> so v Slovenski Bistrici v Consulting biroju Marjana Pipenbaherja ujeli tik pred odhodom v Z\u00fcrich, kjer bodo podeljevali naziv najbolj\u0161ega evropskega gradbenega in\u017eenirja. Pipenbaher se je v o\u017eji izbor uvrstil s konstrukcijo pelje\u0161kega mostu na Hrva\u0161kem.<\/p>\n<figure id=\"attachment_156777\" aria-describedby=\"caption-attachment-156777\" style=\"width: 300px\" class=\"wp-caption alignnone\"><a href=\"https:\/\/novice.si\/page\/wp-content\/uploads\/2022\/11\/Film-o-mostovih-2_resize.jpeg\" data-gallery><img loading=\"lazy\" decoding=\"async\" class=\"wp-image-156777 size-medium\" src=\"https:\/\/novice.si\/page\/wp-content\/uploads\/2022\/11\/Film-o-mostovih-2_resize-300x180.jpeg\" alt=\"\" width=\"300\" height=\"180\" srcset=\"https:\/\/novice.si\/page\/wp-content\/uploads\/2022\/11\/Film-o-mostovih-2_resize-300x180.jpeg 300w, https:\/\/novice.si\/page\/wp-content\/uploads\/2022\/11\/Film-o-mostovih-2_resize-768x461.jpeg 768w, https:\/\/novice.si\/page\/wp-content\/uploads\/2022\/11\/Film-o-mostovih-2_resize-696x418.jpeg 696w, https:\/\/novice.si\/page\/wp-content\/uploads\/2022\/11\/Film-o-mostovih-2_resize-700x420.jpeg 700w, https:\/\/novice.si\/page\/wp-content\/uploads\/2022\/11\/Film-o-mostovih-2_resize-24x14.jpeg 24w, https:\/\/novice.si\/page\/wp-content\/uploads\/2022\/11\/Film-o-mostovih-2_resize-36x22.jpeg 36w, https:\/\/novice.si\/page\/wp-content\/uploads\/2022\/11\/Film-o-mostovih-2_resize-48x29.jpeg 48w, https:\/\/novice.si\/page\/wp-content\/uploads\/2022\/11\/Film-o-mostovih-2_resize.jpeg 1000w\" sizes=\"auto, (max-width: 300px) 100vw, 300px\" \/><\/a><figcaption id=\"caption-attachment-156777\" class=\"wp-caption-text\">Ponting Maribor: z leve Viktor Markelj, tonski mojster Jo\u017ee Trtnik, re\u017eiser Boris Jurja\u0161evi\u010d in snemalec Rado Likon. Foto Casablanca<\/figcaption><\/figure>\n<figure id=\"attachment_156778\" aria-describedby=\"caption-attachment-156778\" style=\"width: 300px\" class=\"wp-caption alignnone\"><a href=\"https:\/\/novice.si\/page\/wp-content\/uploads\/2022\/11\/Film-o-mostovih1_resize.jpg\" data-gallery><img loading=\"lazy\" decoding=\"async\" class=\"wp-image-156778 size-medium\" src=\"https:\/\/novice.si\/page\/wp-content\/uploads\/2022\/11\/Film-o-mostovih1_resize-300x169.jpg\" alt=\"\" width=\"300\" height=\"169\" srcset=\"https:\/\/novice.si\/page\/wp-content\/uploads\/2022\/11\/Film-o-mostovih1_resize-300x169.jpg 300w, https:\/\/novice.si\/page\/wp-content\/uploads\/2022\/11\/Film-o-mostovih1_resize-768x432.jpg 768w, https:\/\/novice.si\/page\/wp-content\/uploads\/2022\/11\/Film-o-mostovih1_resize-696x392.jpg 696w, https:\/\/novice.si\/page\/wp-content\/uploads\/2022\/11\/Film-o-mostovih1_resize-746x420.jpg 746w, https:\/\/novice.si\/page\/wp-content\/uploads\/2022\/11\/Film-o-mostovih1_resize-24x14.jpg 24w, https:\/\/novice.si\/page\/wp-content\/uploads\/2022\/11\/Film-o-mostovih1_resize-36x20.jpg 36w, https:\/\/novice.si\/page\/wp-content\/uploads\/2022\/11\/Film-o-mostovih1_resize-48x27.jpg 48w, https:\/\/novice.si\/page\/wp-content\/uploads\/2022\/11\/Film-o-mostovih1_resize.jpg 1000w\" sizes=\"auto, (max-width: 300px) 100vw, 300px\" \/><\/a><figcaption id=\"caption-attachment-156778\" class=\"wp-caption-text\">Most na Pelje\u0161cu: re\u017eiser Boris Jurja\u0161evi\u010d (levo) in Marjan Pipenbaher. Foto: Casablanca<\/figcaption><\/figure>\n<p><strong>Snemanje<\/strong><br \/>\nFilmska ekipa je dokumentarec snemala na Pelje\u0161cu, v Beogradu, na \u010crnem Kalu, v Mariboru, na Ptuju, v Ljubljani, na Malem Lo\u0161inju, v bistri\u0161kem Vintgarju, \u0160kocjanskih jamah; filmsko gradivo pa iskala v Al\u017eiriji, Tur\u010diji, Srbiji in na Hrva\u0161kem. Dokumentarec financira Slovenski filmski center, ki je Kodri\u010dev scenarij v svoj program uvrstil lansko leto.<\/p>\n<p>Kot je pojasnil Zdenko Kodri\u010d, sicer upokojeni Ve\u010derov novinar, ki je vrsto let poro\u010dal prav z Bistri\u0161kega, filmska zgodba pripoveduje o in\u017eenirjih, ki sta se iz mariborskega gradbenega in\u017eenirstva povzpela na vrh slovenskega in evropskega mostograditeljstva: \u00bbMarkelj in Pipenbaher govorita o svojih in\u017eenirskih za\u010detkih, povesta, da sta bila so\u0161olca na gimnaziji, \u0161tudenta na Univerzi Maribor, ustanovitelja zasebnega podjetja Ponting Maribor, prijatelja in v vsem \u010dasu njunega dela odgovorna konstruktorja in projektanta,\u00ab pravi Kodri\u010d. Dodaja, da je arhitekt Nande Koprivnik iz Celja njun razvoj opisal z besedami: \u00bbTrideset let sta trdo delala, marsikaj \u017ertvovala, a na koncu sta se njuno znanje in vztrajnost izpla\u010dala, Maribor in Slovenska Bistrica sta pomembno sredi\u0161\u010de mostogradnje. Pipenbaher je vrhunski in\u017eenir z umetni\u0161kimi in poeti\u010dnimi vrlinami, Markelj pa vrhunski in\u017eenir s tehni\u010dnimi in tehnolo\u0161kimi vrlinami.\u00ab<\/p>\n<p>Snemanje so zaklju\u010dili v mariborskem Pontingu. Viktor Markelj je ekipi predstavil nova na\u010drta: konstrukcijo mostu na Mariborskem <strong>otoku<\/strong> in 106 metrov visokega stolpa v Roga\u0161ki <strong>Slatini<\/strong>. (B. P.)<\/p>\n","protected":false},"excerpt":{"rendered":"<p>Producentska hi\u0161a Casablanca iz Ljubljane je v bistri\u0161kem zasebnem biroju Consulting Engineers in mariborskem Pontingu posnela zadnje prizore dokumentarnega filma Mostovi na slikah neba. Glavna akterja filma sta bistri\u0161ka in\u017eenirja gradbeni\u0161tva in konstruktorja mostov in viaduktov Viktor Markelj in Marjan Pipenbaher. Scenarist dokumentarca je Zdenko Kodri\u010d, re\u017eiser Boris Jurja\u0161evi\u010d in direktor fotografije Rado Likon so [&hellip;]<\/p>\n","protected":false},"author":8,"featured_media":156778,"comment_status":"closed","ping_status":"closed","sticky":false,"template":"","format":"standard","meta":{"footnotes":""},"categories":[14,32],"tags":[14032,16418,16417,16416,15497],"class_list":{"0":"post-156776","1":"post","2":"type-post","3":"status-publish","4":"format-standard","5":"has-post-thumbnail","7":"category-aktualno","8":"category-bistrisko","9":"tag-dokumentarec","10":"tag-kodric","11":"tag-markelj","12":"tag-mostovi","13":"tag-pipenbaher"},"yoast_head":"<!-- This site is optimized with the Yoast SEO plugin v27.4 - https:\/\/yoast.com\/product\/yoast-seo-wordpress\/ -->\n<title>Dokumentarec snemali tudi v Slovenski Bistrici - Novice.si<\/title>\n<meta name=\"robots\" content=\"index, follow, max-snippet:-1, max-image-preview:large, max-video-preview:-1\" \/>\n<link rel=\"canonical\" href=\"https:\/\/novice.si\/page\/dokumentarec-snemali-tudi-v-slovenski-bistrici\/\" \/>\n<meta property=\"og:locale\" content=\"sl_SI\" \/>\n<meta property=\"og:type\" content=\"article\" \/>\n<meta property=\"og:title\" content=\"Dokumentarec snemali tudi v Slovenski Bistrici - Novice.si\" \/>\n<meta property=\"og:description\" content=\"Producentska hi\u0161a Casablanca iz Ljubljane je v bistri\u0161kem zasebnem biroju Consulting Engineers in mariborskem Pontingu posnela zadnje prizore dokumentarnega filma Mostovi na slikah neba. Glavna akterja filma sta bistri\u0161ka in\u017eenirja gradbeni\u0161tva in konstruktorja mostov in viaduktov Viktor Markelj in Marjan Pipenbaher. Scenarist dokumentarca je Zdenko Kodri\u010d, re\u017eiser Boris Jurja\u0161evi\u010d in direktor fotografije Rado Likon so [&hellip;]\" \/>\n<meta property=\"og:url\" content=\"https:\/\/novice.si\/page\/dokumentarec-snemali-tudi-v-slovenski-bistrici\/\" \/>\n<meta property=\"og:site_name\" content=\"Novice.si\" \/>\n<meta property=\"article:published_time\" content=\"2022-11-18T09:16:54+00:00\" \/>\n<meta property=\"og:image\" content=\"https:\/\/novice.si\/page\/wp-content\/uploads\/2022\/11\/Film-o-mostovih1_resize.jpg\" \/>\n\t<meta property=\"og:image:width\" content=\"1000\" \/>\n\t<meta property=\"og:image:height\" content=\"563\" \/>\n\t<meta property=\"og:image:type\" content=\"image\/jpeg\" \/>\n<meta name=\"author\" content=\"Uredni\u0161tvo Bistri\u0161kih novic\" \/>\n<meta name=\"twitter:card\" content=\"summary_large_image\" \/>\n<meta name=\"twitter:label1\" content=\"Written by\" \/>\n\t<meta name=\"twitter:data1\" content=\"Uredni\u0161tvo Bistri\u0161kih novic\" \/>\n\t<meta name=\"twitter:label2\" content=\"Est. reading time\" \/>\n\t<meta name=\"twitter:data2\" content=\"3 minute\" \/>\n<script type=\"application\/ld+json\" class=\"yoast-schema-graph\">{\"@context\":\"https:\\\/\\\/schema.org\",\"@graph\":[{\"@type\":\"Article\",\"@id\":\"https:\\\/\\\/novice.si\\\/page\\\/dokumentarec-snemali-tudi-v-slovenski-bistrici\\\/#article\",\"isPartOf\":{\"@id\":\"https:\\\/\\\/novice.si\\\/page\\\/dokumentarec-snemali-tudi-v-slovenski-bistrici\\\/\"},\"author\":{\"name\":\"Uredni\u0161tvo Bistri\u0161kih novic\",\"@id\":\"https:\\\/\\\/novice.si\\\/page\\\/#\\\/schema\\\/person\\\/96b32396deedcde3f7f776c306b4be21\"},\"headline\":\"Dokumentarec snemali tudi v Slovenski Bistrici\",\"datePublished\":\"2022-11-18T09:16:54+00:00\",\"mainEntityOfPage\":{\"@id\":\"https:\\\/\\\/novice.si\\\/page\\\/dokumentarec-snemali-tudi-v-slovenski-bistrici\\\/\"},\"wordCount\":395,\"publisher\":{\"@id\":\"https:\\\/\\\/novice.si\\\/page\\\/#organization\"},\"image\":{\"@id\":\"https:\\\/\\\/novice.si\\\/page\\\/dokumentarec-snemali-tudi-v-slovenski-bistrici\\\/#primaryimage\"},\"thumbnailUrl\":\"https:\\\/\\\/novice.si\\\/page\\\/wp-content\\\/uploads\\\/2022\\\/11\\\/Film-o-mostovih1_resize.jpg\",\"keywords\":[\"dokumentarec\",\"Kodri\u010d\",\"Markelj\",\"Mostovi\",\"pipenbaher\"],\"articleSection\":[\"Aktualno\",\"Bistri\u0161ko\"],\"inLanguage\":\"sl-SI\"},{\"@type\":\"WebPage\",\"@id\":\"https:\\\/\\\/novice.si\\\/page\\\/dokumentarec-snemali-tudi-v-slovenski-bistrici\\\/\",\"url\":\"https:\\\/\\\/novice.si\\\/page\\\/dokumentarec-snemali-tudi-v-slovenski-bistrici\\\/\",\"name\":\"Dokumentarec snemali tudi v Slovenski Bistrici - Novice.si\",\"isPartOf\":{\"@id\":\"https:\\\/\\\/novice.si\\\/page\\\/#website\"},\"primaryImageOfPage\":{\"@id\":\"https:\\\/\\\/novice.si\\\/page\\\/dokumentarec-snemali-tudi-v-slovenski-bistrici\\\/#primaryimage\"},\"image\":{\"@id\":\"https:\\\/\\\/novice.si\\\/page\\\/dokumentarec-snemali-tudi-v-slovenski-bistrici\\\/#primaryimage\"},\"thumbnailUrl\":\"https:\\\/\\\/novice.si\\\/page\\\/wp-content\\\/uploads\\\/2022\\\/11\\\/Film-o-mostovih1_resize.jpg\",\"datePublished\":\"2022-11-18T09:16:54+00:00\",\"breadcrumb\":{\"@id\":\"https:\\\/\\\/novice.si\\\/page\\\/dokumentarec-snemali-tudi-v-slovenski-bistrici\\\/#breadcrumb\"},\"inLanguage\":\"sl-SI\",\"potentialAction\":[{\"@type\":\"ReadAction\",\"target\":[\"https:\\\/\\\/novice.si\\\/page\\\/dokumentarec-snemali-tudi-v-slovenski-bistrici\\\/\"]}]},{\"@type\":\"ImageObject\",\"inLanguage\":\"sl-SI\",\"@id\":\"https:\\\/\\\/novice.si\\\/page\\\/dokumentarec-snemali-tudi-v-slovenski-bistrici\\\/#primaryimage\",\"url\":\"https:\\\/\\\/novice.si\\\/page\\\/wp-content\\\/uploads\\\/2022\\\/11\\\/Film-o-mostovih1_resize.jpg\",\"contentUrl\":\"https:\\\/\\\/novice.si\\\/page\\\/wp-content\\\/uploads\\\/2022\\\/11\\\/Film-o-mostovih1_resize.jpg\",\"width\":1000,\"height\":563},{\"@type\":\"BreadcrumbList\",\"@id\":\"https:\\\/\\\/novice.si\\\/page\\\/dokumentarec-snemali-tudi-v-slovenski-bistrici\\\/#breadcrumb\",\"itemListElement\":[{\"@type\":\"ListItem\",\"position\":1,\"name\":\"Home\",\"item\":\"https:\\\/\\\/novice.si\\\/page\\\/\"},{\"@type\":\"ListItem\",\"position\":2,\"name\":\"Dokumentarec snemali tudi v Slovenski Bistrici\"}]},{\"@type\":\"WebSite\",\"@id\":\"https:\\\/\\\/novice.si\\\/page\\\/#website\",\"url\":\"https:\\\/\\\/novice.si\\\/page\\\/\",\"name\":\"Novice.si\",\"description\":\"\",\"publisher\":{\"@id\":\"https:\\\/\\\/novice.si\\\/page\\\/#organization\"},\"potentialAction\":[{\"@type\":\"SearchAction\",\"target\":{\"@type\":\"EntryPoint\",\"urlTemplate\":\"https:\\\/\\\/novice.si\\\/page\\\/?s={search_term_string}\"},\"query-input\":{\"@type\":\"PropertyValueSpecification\",\"valueRequired\":true,\"valueName\":\"search_term_string\"}}],\"inLanguage\":\"sl-SI\"},{\"@type\":\"Organization\",\"@id\":\"https:\\\/\\\/novice.si\\\/page\\\/#organization\",\"name\":\"Novice.si\",\"url\":\"https:\\\/\\\/novice.si\\\/page\\\/\",\"logo\":{\"@type\":\"ImageObject\",\"inLanguage\":\"sl-SI\",\"@id\":\"https:\\\/\\\/novice.si\\\/page\\\/#\\\/schema\\\/logo\\\/image\\\/\",\"url\":\"https:\\\/\\\/novice.si\\\/page\\\/wp-content\\\/uploads\\\/2023\\\/03\\\/novice_si.png\",\"contentUrl\":\"https:\\\/\\\/novice.si\\\/page\\\/wp-content\\\/uploads\\\/2023\\\/03\\\/novice_si.png\",\"width\":576,\"height\":200,\"caption\":\"Novice.si\"},\"image\":{\"@id\":\"https:\\\/\\\/novice.si\\\/page\\\/#\\\/schema\\\/logo\\\/image\\\/\"}},{\"@type\":\"Person\",\"@id\":\"https:\\\/\\\/novice.si\\\/page\\\/#\\\/schema\\\/person\\\/96b32396deedcde3f7f776c306b4be21\",\"name\":\"Uredni\u0161tvo Bistri\u0161kih novic\",\"image\":{\"@type\":\"ImageObject\",\"inLanguage\":\"sl-SI\",\"@id\":\"https:\\\/\\\/secure.gravatar.com\\\/avatar\\\/26c56c4b10cdb3a21e86442e5f2845a4eafdd0f3605def77ec6cff4aaef32ea4?s=96&d=mm&r=g\",\"url\":\"https:\\\/\\\/secure.gravatar.com\\\/avatar\\\/26c56c4b10cdb3a21e86442e5f2845a4eafdd0f3605def77ec6cff4aaef32ea4?s=96&d=mm&r=g\",\"contentUrl\":\"https:\\\/\\\/secure.gravatar.com\\\/avatar\\\/26c56c4b10cdb3a21e86442e5f2845a4eafdd0f3605def77ec6cff4aaef32ea4?s=96&d=mm&r=g\",\"caption\":\"Uredni\u0161tvo Bistri\u0161kih novic\"},\"url\":\"https:\\\/\\\/novice.si\\\/page\\\/author\\\/bojana\\\/\"}]}<\/script>\n<!-- \/ Yoast SEO plugin. -->","yoast_head_json":{"title":"Dokumentarec snemali tudi v Slovenski Bistrici - Novice.si","robots":{"index":"index","follow":"follow","max-snippet":"max-snippet:-1","max-image-preview":"max-image-preview:large","max-video-preview":"max-video-preview:-1"},"canonical":"https:\/\/novice.si\/page\/dokumentarec-snemali-tudi-v-slovenski-bistrici\/","og_locale":"sl_SI","og_type":"article","og_title":"Dokumentarec snemali tudi v Slovenski Bistrici - Novice.si","og_description":"Producentska hi\u0161a Casablanca iz Ljubljane je v bistri\u0161kem zasebnem biroju Consulting Engineers in mariborskem Pontingu posnela zadnje prizore dokumentarnega filma Mostovi na slikah neba. Glavna akterja filma sta bistri\u0161ka in\u017eenirja gradbeni\u0161tva in konstruktorja mostov in viaduktov Viktor Markelj in Marjan Pipenbaher. Scenarist dokumentarca je Zdenko Kodri\u010d, re\u017eiser Boris Jurja\u0161evi\u010d in direktor fotografije Rado Likon so [&hellip;]","og_url":"https:\/\/novice.si\/page\/dokumentarec-snemali-tudi-v-slovenski-bistrici\/","og_site_name":"Novice.si","article_published_time":"2022-11-18T09:16:54+00:00","og_image":[{"width":1000,"height":563,"url":"https:\/\/novice.si\/page\/wp-content\/uploads\/2022\/11\/Film-o-mostovih1_resize.jpg","type":"image\/jpeg"}],"author":"Uredni\u0161tvo Bistri\u0161kih novic","twitter_card":"summary_large_image","twitter_misc":{"Written by":"Uredni\u0161tvo Bistri\u0161kih novic","Est. reading time":"3 minute"},"schema":{"@context":"https:\/\/schema.org","@graph":[{"@type":"Article","@id":"https:\/\/novice.si\/page\/dokumentarec-snemali-tudi-v-slovenski-bistrici\/#article","isPartOf":{"@id":"https:\/\/novice.si\/page\/dokumentarec-snemali-tudi-v-slovenski-bistrici\/"},"author":{"name":"Uredni\u0161tvo Bistri\u0161kih novic","@id":"https:\/\/novice.si\/page\/#\/schema\/person\/96b32396deedcde3f7f776c306b4be21"},"headline":"Dokumentarec snemali tudi v Slovenski Bistrici","datePublished":"2022-11-18T09:16:54+00:00","mainEntityOfPage":{"@id":"https:\/\/novice.si\/page\/dokumentarec-snemali-tudi-v-slovenski-bistrici\/"},"wordCount":395,"publisher":{"@id":"https:\/\/novice.si\/page\/#organization"},"image":{"@id":"https:\/\/novice.si\/page\/dokumentarec-snemali-tudi-v-slovenski-bistrici\/#primaryimage"},"thumbnailUrl":"https:\/\/novice.si\/page\/wp-content\/uploads\/2022\/11\/Film-o-mostovih1_resize.jpg","keywords":["dokumentarec","Kodri\u010d","Markelj","Mostovi","pipenbaher"],"articleSection":["Aktualno","Bistri\u0161ko"],"inLanguage":"sl-SI"},{"@type":"WebPage","@id":"https:\/\/novice.si\/page\/dokumentarec-snemali-tudi-v-slovenski-bistrici\/","url":"https:\/\/novice.si\/page\/dokumentarec-snemali-tudi-v-slovenski-bistrici\/","name":"Dokumentarec snemali tudi v Slovenski Bistrici - Novice.si","isPartOf":{"@id":"https:\/\/novice.si\/page\/#website"},"primaryImageOfPage":{"@id":"https:\/\/novice.si\/page\/dokumentarec-snemali-tudi-v-slovenski-bistrici\/#primaryimage"},"image":{"@id":"https:\/\/novice.si\/page\/dokumentarec-snemali-tudi-v-slovenski-bistrici\/#primaryimage"},"thumbnailUrl":"https:\/\/novice.si\/page\/wp-content\/uploads\/2022\/11\/Film-o-mostovih1_resize.jpg","datePublished":"2022-11-18T09:16:54+00:00","breadcrumb":{"@id":"https:\/\/novice.si\/page\/dokumentarec-snemali-tudi-v-slovenski-bistrici\/#breadcrumb"},"inLanguage":"sl-SI","potentialAction":[{"@type":"ReadAction","target":["https:\/\/novice.si\/page\/dokumentarec-snemali-tudi-v-slovenski-bistrici\/"]}]},{"@type":"ImageObject","inLanguage":"sl-SI","@id":"https:\/\/novice.si\/page\/dokumentarec-snemali-tudi-v-slovenski-bistrici\/#primaryimage","url":"https:\/\/novice.si\/page\/wp-content\/uploads\/2022\/11\/Film-o-mostovih1_resize.jpg","contentUrl":"https:\/\/novice.si\/page\/wp-content\/uploads\/2022\/11\/Film-o-mostovih1_resize.jpg","width":1000,"height":563},{"@type":"BreadcrumbList","@id":"https:\/\/novice.si\/page\/dokumentarec-snemali-tudi-v-slovenski-bistrici\/#breadcrumb","itemListElement":[{"@type":"ListItem","position":1,"name":"Home","item":"https:\/\/novice.si\/page\/"},{"@type":"ListItem","position":2,"name":"Dokumentarec snemali tudi v Slovenski Bistrici"}]},{"@type":"WebSite","@id":"https:\/\/novice.si\/page\/#website","url":"https:\/\/novice.si\/page\/","name":"Novice.si","description":"","publisher":{"@id":"https:\/\/novice.si\/page\/#organization"},"potentialAction":[{"@type":"SearchAction","target":{"@type":"EntryPoint","urlTemplate":"https:\/\/novice.si\/page\/?s={search_term_string}"},"query-input":{"@type":"PropertyValueSpecification","valueRequired":true,"valueName":"search_term_string"}}],"inLanguage":"sl-SI"},{"@type":"Organization","@id":"https:\/\/novice.si\/page\/#organization","name":"Novice.si","url":"https:\/\/novice.si\/page\/","logo":{"@type":"ImageObject","inLanguage":"sl-SI","@id":"https:\/\/novice.si\/page\/#\/schema\/logo\/image\/","url":"https:\/\/novice.si\/page\/wp-content\/uploads\/2023\/03\/novice_si.png","contentUrl":"https:\/\/novice.si\/page\/wp-content\/uploads\/2023\/03\/novice_si.png","width":576,"height":200,"caption":"Novice.si"},"image":{"@id":"https:\/\/novice.si\/page\/#\/schema\/logo\/image\/"}},{"@type":"Person","@id":"https:\/\/novice.si\/page\/#\/schema\/person\/96b32396deedcde3f7f776c306b4be21","name":"Uredni\u0161tvo Bistri\u0161kih novic","image":{"@type":"ImageObject","inLanguage":"sl-SI","@id":"https:\/\/secure.gravatar.com\/avatar\/26c56c4b10cdb3a21e86442e5f2845a4eafdd0f3605def77ec6cff4aaef32ea4?s=96&d=mm&r=g","url":"https:\/\/secure.gravatar.com\/avatar\/26c56c4b10cdb3a21e86442e5f2845a4eafdd0f3605def77ec6cff4aaef32ea4?s=96&d=mm&r=g","contentUrl":"https:\/\/secure.gravatar.com\/avatar\/26c56c4b10cdb3a21e86442e5f2845a4eafdd0f3605def77ec6cff4aaef32ea4?s=96&d=mm&r=g","caption":"Uredni\u0161tvo Bistri\u0161kih novic"},"url":"https:\/\/novice.si\/page\/author\/bojana\/"}]}},"_links":{"self":[{"href":"https:\/\/novice.si\/page\/wp-json\/wp\/v2\/posts\/156776","targetHints":{"allow":["GET"]}}],"collection":[{"href":"https:\/\/novice.si\/page\/wp-json\/wp\/v2\/posts"}],"about":[{"href":"https:\/\/novice.si\/page\/wp-json\/wp\/v2\/types\/post"}],"author":[{"embeddable":true,"href":"https:\/\/novice.si\/page\/wp-json\/wp\/v2\/users\/8"}],"replies":[{"embeddable":true,"href":"https:\/\/novice.si\/page\/wp-json\/wp\/v2\/comments?post=156776"}],"version-history":[{"count":1,"href":"https:\/\/novice.si\/page\/wp-json\/wp\/v2\/posts\/156776\/revisions"}],"predecessor-version":[{"id":156779,"href":"https:\/\/novice.si\/page\/wp-json\/wp\/v2\/posts\/156776\/revisions\/156779"}],"wp:featuredmedia":[{"embeddable":true,"href":"https:\/\/novice.si\/page\/wp-json\/wp\/v2\/media\/156778"}],"wp:attachment":[{"href":"https:\/\/novice.si\/page\/wp-json\/wp\/v2\/media?parent=156776"}],"wp:term":[{"taxonomy":"category","embeddable":true,"href":"https:\/\/novice.si\/page\/wp-json\/wp\/v2\/categories?post=156776"},{"taxonomy":"post_tag","embeddable":true,"href":"https:\/\/novice.si\/page\/wp-json\/wp\/v2\/tags?post=156776"}],"curies":[{"name":"wp","href":"https:\/\/api.w.org\/{rel}","templated":true}]}}