{"id":156751,"date":"2022-11-18T07:39:39","date_gmt":"2022-11-18T06:39:39","guid":{"rendered":"https:\/\/novice.si\/page\/?p=156751"},"modified":"2022-11-18T08:36:36","modified_gmt":"2022-11-18T07:36:36","slug":"celjsko-voc-caka-prvi-sneg","status":"publish","type":"post","link":"https:\/\/novice.si\/page\/celjsko-voc-caka-prvi-sneg\/","title":{"rendered":"CELJSKO VOC \u010daka prvi sneg"},"content":{"rendered":"<p>\u010ceprav so razmere na cestah \u0161e dale\u010d od zimskih, so v celjskem podjetju VOC, ki skrbi za zimsko slu\u017ebo, <a href=\"https:\/\/novice.si\/page\/wp-content\/uploads\/2022\/11\/zimska-sluzba-2.jpg\" data-gallery><img loading=\"lazy\" decoding=\"async\" class=\"size-medium wp-image-156755 alignleft\" src=\"https:\/\/novice.si\/page\/wp-content\/uploads\/2022\/11\/zimska-sluzba-2-300x200.jpg\" alt=\"\" width=\"300\" height=\"200\" srcset=\"https:\/\/novice.si\/page\/wp-content\/uploads\/2022\/11\/zimska-sluzba-2-300x200.jpg 300w, https:\/\/novice.si\/page\/wp-content\/uploads\/2022\/11\/zimska-sluzba-2-768x512.jpg 768w, https:\/\/novice.si\/page\/wp-content\/uploads\/2022\/11\/zimska-sluzba-2-696x464.jpg 696w, https:\/\/novice.si\/page\/wp-content\/uploads\/2022\/11\/zimska-sluzba-2-631x420.jpg 631w, https:\/\/novice.si\/page\/wp-content\/uploads\/2022\/11\/zimska-sluzba-2-24x16.jpg 24w, https:\/\/novice.si\/page\/wp-content\/uploads\/2022\/11\/zimska-sluzba-2-36x24.jpg 36w, https:\/\/novice.si\/page\/wp-content\/uploads\/2022\/11\/zimska-sluzba-2-48x32.jpg 48w, https:\/\/novice.si\/page\/wp-content\/uploads\/2022\/11\/zimska-sluzba-2.jpg 1024w\" sizes=\"auto, (max-width: 300px) 100vw, 300px\" \/><\/a>pripravljeni na novo sezono. Po pravilniku se ceste najvi\u0161je kategorije za\u010dno plu\u017eiti, ko na njih zapade deset centimetrov snega, na ostalih cestah pa 15, oziroma ko nastopi poledica. S tem naj bi bilo poskrbljeno za prevoznost prometnih povr\u0161in.<\/p>\n<p>V zimsko vzdr\u017eevalno slu\u017ebo celjskega VOC je letos vklju\u010denih \u0161est cestno vzdr\u017eevalnih baz in pet zimskih to\u010dk. 330 zaposlenih je razporejenih v 161 plu\u017enih enot.<a href=\"https:\/\/novice.si\/page\/wp-content\/uploads\/2022\/11\/zimska-sluzba-3.jpg\" data-gallery><img loading=\"lazy\" decoding=\"async\" class=\"size-medium wp-image-156754 alignright\" src=\"https:\/\/novice.si\/page\/wp-content\/uploads\/2022\/11\/zimska-sluzba-3-300x200.jpg\" alt=\"\" width=\"300\" height=\"200\" srcset=\"https:\/\/novice.si\/page\/wp-content\/uploads\/2022\/11\/zimska-sluzba-3-300x200.jpg 300w, https:\/\/novice.si\/page\/wp-content\/uploads\/2022\/11\/zimska-sluzba-3-768x512.jpg 768w, https:\/\/novice.si\/page\/wp-content\/uploads\/2022\/11\/zimska-sluzba-3-696x464.jpg 696w, https:\/\/novice.si\/page\/wp-content\/uploads\/2022\/11\/zimska-sluzba-3-631x420.jpg 631w, https:\/\/novice.si\/page\/wp-content\/uploads\/2022\/11\/zimska-sluzba-3-24x16.jpg 24w, https:\/\/novice.si\/page\/wp-content\/uploads\/2022\/11\/zimska-sluzba-3-36x24.jpg 36w, https:\/\/novice.si\/page\/wp-content\/uploads\/2022\/11\/zimska-sluzba-3-48x32.jpg 48w, https:\/\/novice.si\/page\/wp-content\/uploads\/2022\/11\/zimska-sluzba-3.jpg 1024w\" sizes=\"auto, (max-width: 300px) 100vw, 300px\" \/><\/a><\/p>\n<p>V skladi\u0161\u010dih so za zimsko vzdr\u017eevalno sezono pripravili 12.000 ton drobljenca, pribli\u017eno toliko soli in 33.500 litrov teko\u010dine za , kjer je zdaj 13 poltovornjakov za prevoz oseb in izvajanje pregledni\u0161ke slu\u017ebe, tu sta \u0161e sne\u017eni rezkar in traktor ter dva avtomatska posipalca soli.<\/p>\n<p>VOC Celje v zimskem \u010dasu skrbi za ve\u010d kot dvatiso\u010d\u00a0kilometrov dr\u017eavnih in ob\u010dinskih cest.<\/p>\n<p>P\u0160<\/p>\n","protected":false},"excerpt":{"rendered":"<p>\u010ceprav so razmere na cestah \u0161e dale\u010d od zimskih, so v celjskem podjetju VOC, ki skrbi za zimsko slu\u017ebo, pripravljeni na novo sezono. Po pravilniku se ceste najvi\u0161je kategorije za\u010dno plu\u017eiti, ko na njih zapade deset centimetrov snega, na ostalih cestah pa 15, oziroma ko nastopi poledica. S tem naj bi bilo poskrbljeno za prevoznost [&hellip;]<\/p>\n","protected":false},"author":33,"featured_media":156753,"comment_status":"closed","ping_status":"closed","sticky":false,"template":"","format":"standard","meta":{"footnotes":""},"categories":[17],"tags":[2076,3995,16404,6092],"class_list":{"0":"post-156751","1":"post","2":"type-post","3":"status-publish","4":"format-standard","5":"has-post-thumbnail","7":"category-celjsko","8":"tag-sneg","9":"tag-voc","10":"tag-zaloge-materiala","11":"tag-zimska-sluzba"},"yoast_head":"<!-- This site is optimized with the Yoast SEO plugin v27.4 - https:\/\/yoast.com\/product\/yoast-seo-wordpress\/ -->\n<title>CELJSKO VOC \u010daka prvi sneg - Novice.si<\/title>\n<meta name=\"robots\" content=\"index, follow, max-snippet:-1, max-image-preview:large, max-video-preview:-1\" \/>\n<link rel=\"canonical\" href=\"https:\/\/novice.si\/page\/celjsko-voc-caka-prvi-sneg\/\" \/>\n<meta property=\"og:locale\" content=\"sl_SI\" \/>\n<meta property=\"og:type\" content=\"article\" \/>\n<meta property=\"og:title\" content=\"CELJSKO VOC \u010daka prvi sneg - Novice.si\" \/>\n<meta property=\"og:description\" content=\"\u010ceprav so razmere na cestah \u0161e dale\u010d od zimskih, so v celjskem podjetju VOC, ki skrbi za zimsko slu\u017ebo, pripravljeni na novo sezono. Po pravilniku se ceste najvi\u0161je kategorije za\u010dno plu\u017eiti, ko na njih zapade deset centimetrov snega, na ostalih cestah pa 15, oziroma ko nastopi poledica. S tem naj bi bilo poskrbljeno za prevoznost [&hellip;]\" \/>\n<meta property=\"og:url\" content=\"https:\/\/novice.si\/page\/celjsko-voc-caka-prvi-sneg\/\" \/>\n<meta property=\"og:site_name\" content=\"Novice.si\" \/>\n<meta property=\"article:published_time\" content=\"2022-11-18T06:39:39+00:00\" \/>\n<meta property=\"article:modified_time\" content=\"2022-11-18T07:36:36+00:00\" \/>\n<meta property=\"og:image\" content=\"https:\/\/novice.si\/page\/wp-content\/uploads\/2022\/11\/zimska-sluzba-4.jpg\" \/>\n\t<meta property=\"og:image:width\" content=\"799\" \/>\n\t<meta property=\"og:image:height\" content=\"507\" \/>\n\t<meta property=\"og:image:type\" content=\"image\/jpeg\" \/>\n<meta name=\"author\" content=\"Uredni\u0161tvo Celjana\" \/>\n<meta name=\"twitter:card\" content=\"summary_large_image\" \/>\n<meta name=\"twitter:label1\" content=\"Written by\" \/>\n\t<meta name=\"twitter:data1\" content=\"Uredni\u0161tvo Celjana\" \/>\n\t<meta name=\"twitter:label2\" content=\"Est. reading time\" \/>\n\t<meta name=\"twitter:data2\" content=\"2 minuti\" \/>\n<script type=\"application\/ld+json\" class=\"yoast-schema-graph\">{\"@context\":\"https:\\\/\\\/schema.org\",\"@graph\":[{\"@type\":\"Article\",\"@id\":\"https:\\\/\\\/novice.si\\\/page\\\/celjsko-voc-caka-prvi-sneg\\\/#article\",\"isPartOf\":{\"@id\":\"https:\\\/\\\/novice.si\\\/page\\\/celjsko-voc-caka-prvi-sneg\\\/\"},\"author\":{\"name\":\"Uredni\u0161tvo Celjana\",\"@id\":\"https:\\\/\\\/novice.si\\\/page\\\/#\\\/schema\\\/person\\\/57f25c9642a9541c7349c65d32032c3e\"},\"headline\":\"CELJSKO VOC \u010daka prvi sneg\",\"datePublished\":\"2022-11-18T06:39:39+00:00\",\"dateModified\":\"2022-11-18T07:36:36+00:00\",\"mainEntityOfPage\":{\"@id\":\"https:\\\/\\\/novice.si\\\/page\\\/celjsko-voc-caka-prvi-sneg\\\/\"},\"wordCount\":160,\"publisher\":{\"@id\":\"https:\\\/\\\/novice.si\\\/page\\\/#organization\"},\"image\":{\"@id\":\"https:\\\/\\\/novice.si\\\/page\\\/celjsko-voc-caka-prvi-sneg\\\/#primaryimage\"},\"thumbnailUrl\":\"https:\\\/\\\/novice.si\\\/page\\\/wp-content\\\/uploads\\\/2022\\\/11\\\/zimska-sluzba-4.jpg\",\"keywords\":[\"sneg\",\"VOC\",\"zaloge materiala\",\"Zimska sluzba\"],\"articleSection\":[\"Celjsko\"],\"inLanguage\":\"sl-SI\"},{\"@type\":\"WebPage\",\"@id\":\"https:\\\/\\\/novice.si\\\/page\\\/celjsko-voc-caka-prvi-sneg\\\/\",\"url\":\"https:\\\/\\\/novice.si\\\/page\\\/celjsko-voc-caka-prvi-sneg\\\/\",\"name\":\"CELJSKO VOC \u010daka prvi sneg - Novice.si\",\"isPartOf\":{\"@id\":\"https:\\\/\\\/novice.si\\\/page\\\/#website\"},\"primaryImageOfPage\":{\"@id\":\"https:\\\/\\\/novice.si\\\/page\\\/celjsko-voc-caka-prvi-sneg\\\/#primaryimage\"},\"image\":{\"@id\":\"https:\\\/\\\/novice.si\\\/page\\\/celjsko-voc-caka-prvi-sneg\\\/#primaryimage\"},\"thumbnailUrl\":\"https:\\\/\\\/novice.si\\\/page\\\/wp-content\\\/uploads\\\/2022\\\/11\\\/zimska-sluzba-4.jpg\",\"datePublished\":\"2022-11-18T06:39:39+00:00\",\"dateModified\":\"2022-11-18T07:36:36+00:00\",\"breadcrumb\":{\"@id\":\"https:\\\/\\\/novice.si\\\/page\\\/celjsko-voc-caka-prvi-sneg\\\/#breadcrumb\"},\"inLanguage\":\"sl-SI\",\"potentialAction\":[{\"@type\":\"ReadAction\",\"target\":[\"https:\\\/\\\/novice.si\\\/page\\\/celjsko-voc-caka-prvi-sneg\\\/\"]}]},{\"@type\":\"ImageObject\",\"inLanguage\":\"sl-SI\",\"@id\":\"https:\\\/\\\/novice.si\\\/page\\\/celjsko-voc-caka-prvi-sneg\\\/#primaryimage\",\"url\":\"https:\\\/\\\/novice.si\\\/page\\\/wp-content\\\/uploads\\\/2022\\\/11\\\/zimska-sluzba-4.jpg\",\"contentUrl\":\"https:\\\/\\\/novice.si\\\/page\\\/wp-content\\\/uploads\\\/2022\\\/11\\\/zimska-sluzba-4.jpg\",\"width\":799,\"height\":507,\"caption\":\"09 January 2019, Bavaria, Garching: A snow clearance vehicle of the winter road clearance service drives over the motorway A9 in the driving snow. Pho...\"},{\"@type\":\"BreadcrumbList\",\"@id\":\"https:\\\/\\\/novice.si\\\/page\\\/celjsko-voc-caka-prvi-sneg\\\/#breadcrumb\",\"itemListElement\":[{\"@type\":\"ListItem\",\"position\":1,\"name\":\"Home\",\"item\":\"https:\\\/\\\/novice.si\\\/page\\\/\"},{\"@type\":\"ListItem\",\"position\":2,\"name\":\"CELJSKO VOC \u010daka prvi sneg\"}]},{\"@type\":\"WebSite\",\"@id\":\"https:\\\/\\\/novice.si\\\/page\\\/#website\",\"url\":\"https:\\\/\\\/novice.si\\\/page\\\/\",\"name\":\"Novice.si\",\"description\":\"\",\"publisher\":{\"@id\":\"https:\\\/\\\/novice.si\\\/page\\\/#organization\"},\"potentialAction\":[{\"@type\":\"SearchAction\",\"target\":{\"@type\":\"EntryPoint\",\"urlTemplate\":\"https:\\\/\\\/novice.si\\\/page\\\/?s={search_term_string}\"},\"query-input\":{\"@type\":\"PropertyValueSpecification\",\"valueRequired\":true,\"valueName\":\"search_term_string\"}}],\"inLanguage\":\"sl-SI\"},{\"@type\":\"Organization\",\"@id\":\"https:\\\/\\\/novice.si\\\/page\\\/#organization\",\"name\":\"Novice.si\",\"url\":\"https:\\\/\\\/novice.si\\\/page\\\/\",\"logo\":{\"@type\":\"ImageObject\",\"inLanguage\":\"sl-SI\",\"@id\":\"https:\\\/\\\/novice.si\\\/page\\\/#\\\/schema\\\/logo\\\/image\\\/\",\"url\":\"https:\\\/\\\/novice.si\\\/page\\\/wp-content\\\/uploads\\\/2023\\\/03\\\/novice_si.png\",\"contentUrl\":\"https:\\\/\\\/novice.si\\\/page\\\/wp-content\\\/uploads\\\/2023\\\/03\\\/novice_si.png\",\"width\":576,\"height\":200,\"caption\":\"Novice.si\"},\"image\":{\"@id\":\"https:\\\/\\\/novice.si\\\/page\\\/#\\\/schema\\\/logo\\\/image\\\/\"}},{\"@type\":\"Person\",\"@id\":\"https:\\\/\\\/novice.si\\\/page\\\/#\\\/schema\\\/person\\\/57f25c9642a9541c7349c65d32032c3e\",\"name\":\"Uredni\u0161tvo Celjana\",\"image\":{\"@type\":\"ImageObject\",\"inLanguage\":\"sl-SI\",\"@id\":\"https:\\\/\\\/secure.gravatar.com\\\/avatar\\\/78e52bc4279b65f6df6345e0ef0f7b792d361361f230cf4ffecfe0afe6d5629c?s=96&d=mm&r=g\",\"url\":\"https:\\\/\\\/secure.gravatar.com\\\/avatar\\\/78e52bc4279b65f6df6345e0ef0f7b792d361361f230cf4ffecfe0afe6d5629c?s=96&d=mm&r=g\",\"contentUrl\":\"https:\\\/\\\/secure.gravatar.com\\\/avatar\\\/78e52bc4279b65f6df6345e0ef0f7b792d361361f230cf4ffecfe0afe6d5629c?s=96&d=mm&r=g\",\"caption\":\"Uredni\u0161tvo Celjana\"},\"url\":\"https:\\\/\\\/novice.si\\\/page\\\/author\\\/primoz\\\/\"}]}<\/script>\n<!-- \/ Yoast SEO plugin. -->","yoast_head_json":{"title":"CELJSKO VOC \u010daka prvi sneg - Novice.si","robots":{"index":"index","follow":"follow","max-snippet":"max-snippet:-1","max-image-preview":"max-image-preview:large","max-video-preview":"max-video-preview:-1"},"canonical":"https:\/\/novice.si\/page\/celjsko-voc-caka-prvi-sneg\/","og_locale":"sl_SI","og_type":"article","og_title":"CELJSKO VOC \u010daka prvi sneg - Novice.si","og_description":"\u010ceprav so razmere na cestah \u0161e dale\u010d od zimskih, so v celjskem podjetju VOC, ki skrbi za zimsko slu\u017ebo, pripravljeni na novo sezono. Po pravilniku se ceste najvi\u0161je kategorije za\u010dno plu\u017eiti, ko na njih zapade deset centimetrov snega, na ostalih cestah pa 15, oziroma ko nastopi poledica. S tem naj bi bilo poskrbljeno za prevoznost [&hellip;]","og_url":"https:\/\/novice.si\/page\/celjsko-voc-caka-prvi-sneg\/","og_site_name":"Novice.si","article_published_time":"2022-11-18T06:39:39+00:00","article_modified_time":"2022-11-18T07:36:36+00:00","og_image":[{"width":799,"height":507,"url":"https:\/\/novice.si\/page\/wp-content\/uploads\/2022\/11\/zimska-sluzba-4.jpg","type":"image\/jpeg"}],"author":"Uredni\u0161tvo Celjana","twitter_card":"summary_large_image","twitter_misc":{"Written by":"Uredni\u0161tvo Celjana","Est. reading time":"2 minuti"},"schema":{"@context":"https:\/\/schema.org","@graph":[{"@type":"Article","@id":"https:\/\/novice.si\/page\/celjsko-voc-caka-prvi-sneg\/#article","isPartOf":{"@id":"https:\/\/novice.si\/page\/celjsko-voc-caka-prvi-sneg\/"},"author":{"name":"Uredni\u0161tvo Celjana","@id":"https:\/\/novice.si\/page\/#\/schema\/person\/57f25c9642a9541c7349c65d32032c3e"},"headline":"CELJSKO VOC \u010daka prvi sneg","datePublished":"2022-11-18T06:39:39+00:00","dateModified":"2022-11-18T07:36:36+00:00","mainEntityOfPage":{"@id":"https:\/\/novice.si\/page\/celjsko-voc-caka-prvi-sneg\/"},"wordCount":160,"publisher":{"@id":"https:\/\/novice.si\/page\/#organization"},"image":{"@id":"https:\/\/novice.si\/page\/celjsko-voc-caka-prvi-sneg\/#primaryimage"},"thumbnailUrl":"https:\/\/novice.si\/page\/wp-content\/uploads\/2022\/11\/zimska-sluzba-4.jpg","keywords":["sneg","VOC","zaloge materiala","Zimska sluzba"],"articleSection":["Celjsko"],"inLanguage":"sl-SI"},{"@type":"WebPage","@id":"https:\/\/novice.si\/page\/celjsko-voc-caka-prvi-sneg\/","url":"https:\/\/novice.si\/page\/celjsko-voc-caka-prvi-sneg\/","name":"CELJSKO VOC \u010daka prvi sneg - Novice.si","isPartOf":{"@id":"https:\/\/novice.si\/page\/#website"},"primaryImageOfPage":{"@id":"https:\/\/novice.si\/page\/celjsko-voc-caka-prvi-sneg\/#primaryimage"},"image":{"@id":"https:\/\/novice.si\/page\/celjsko-voc-caka-prvi-sneg\/#primaryimage"},"thumbnailUrl":"https:\/\/novice.si\/page\/wp-content\/uploads\/2022\/11\/zimska-sluzba-4.jpg","datePublished":"2022-11-18T06:39:39+00:00","dateModified":"2022-11-18T07:36:36+00:00","breadcrumb":{"@id":"https:\/\/novice.si\/page\/celjsko-voc-caka-prvi-sneg\/#breadcrumb"},"inLanguage":"sl-SI","potentialAction":[{"@type":"ReadAction","target":["https:\/\/novice.si\/page\/celjsko-voc-caka-prvi-sneg\/"]}]},{"@type":"ImageObject","inLanguage":"sl-SI","@id":"https:\/\/novice.si\/page\/celjsko-voc-caka-prvi-sneg\/#primaryimage","url":"https:\/\/novice.si\/page\/wp-content\/uploads\/2022\/11\/zimska-sluzba-4.jpg","contentUrl":"https:\/\/novice.si\/page\/wp-content\/uploads\/2022\/11\/zimska-sluzba-4.jpg","width":799,"height":507,"caption":"09 January 2019, Bavaria, Garching: A snow clearance vehicle of the winter road clearance service drives over the motorway A9 in the driving snow. Pho..."},{"@type":"BreadcrumbList","@id":"https:\/\/novice.si\/page\/celjsko-voc-caka-prvi-sneg\/#breadcrumb","itemListElement":[{"@type":"ListItem","position":1,"name":"Home","item":"https:\/\/novice.si\/page\/"},{"@type":"ListItem","position":2,"name":"CELJSKO VOC \u010daka prvi sneg"}]},{"@type":"WebSite","@id":"https:\/\/novice.si\/page\/#website","url":"https:\/\/novice.si\/page\/","name":"Novice.si","description":"","publisher":{"@id":"https:\/\/novice.si\/page\/#organization"},"potentialAction":[{"@type":"SearchAction","target":{"@type":"EntryPoint","urlTemplate":"https:\/\/novice.si\/page\/?s={search_term_string}"},"query-input":{"@type":"PropertyValueSpecification","valueRequired":true,"valueName":"search_term_string"}}],"inLanguage":"sl-SI"},{"@type":"Organization","@id":"https:\/\/novice.si\/page\/#organization","name":"Novice.si","url":"https:\/\/novice.si\/page\/","logo":{"@type":"ImageObject","inLanguage":"sl-SI","@id":"https:\/\/novice.si\/page\/#\/schema\/logo\/image\/","url":"https:\/\/novice.si\/page\/wp-content\/uploads\/2023\/03\/novice_si.png","contentUrl":"https:\/\/novice.si\/page\/wp-content\/uploads\/2023\/03\/novice_si.png","width":576,"height":200,"caption":"Novice.si"},"image":{"@id":"https:\/\/novice.si\/page\/#\/schema\/logo\/image\/"}},{"@type":"Person","@id":"https:\/\/novice.si\/page\/#\/schema\/person\/57f25c9642a9541c7349c65d32032c3e","name":"Uredni\u0161tvo Celjana","image":{"@type":"ImageObject","inLanguage":"sl-SI","@id":"https:\/\/secure.gravatar.com\/avatar\/78e52bc4279b65f6df6345e0ef0f7b792d361361f230cf4ffecfe0afe6d5629c?s=96&d=mm&r=g","url":"https:\/\/secure.gravatar.com\/avatar\/78e52bc4279b65f6df6345e0ef0f7b792d361361f230cf4ffecfe0afe6d5629c?s=96&d=mm&r=g","contentUrl":"https:\/\/secure.gravatar.com\/avatar\/78e52bc4279b65f6df6345e0ef0f7b792d361361f230cf4ffecfe0afe6d5629c?s=96&d=mm&r=g","caption":"Uredni\u0161tvo Celjana"},"url":"https:\/\/novice.si\/page\/author\/primoz\/"}]}},"_links":{"self":[{"href":"https:\/\/novice.si\/page\/wp-json\/wp\/v2\/posts\/156751","targetHints":{"allow":["GET"]}}],"collection":[{"href":"https:\/\/novice.si\/page\/wp-json\/wp\/v2\/posts"}],"about":[{"href":"https:\/\/novice.si\/page\/wp-json\/wp\/v2\/types\/post"}],"author":[{"embeddable":true,"href":"https:\/\/novice.si\/page\/wp-json\/wp\/v2\/users\/33"}],"replies":[{"embeddable":true,"href":"https:\/\/novice.si\/page\/wp-json\/wp\/v2\/comments?post=156751"}],"version-history":[{"count":2,"href":"https:\/\/novice.si\/page\/wp-json\/wp\/v2\/posts\/156751\/revisions"}],"predecessor-version":[{"id":156757,"href":"https:\/\/novice.si\/page\/wp-json\/wp\/v2\/posts\/156751\/revisions\/156757"}],"wp:featuredmedia":[{"embeddable":true,"href":"https:\/\/novice.si\/page\/wp-json\/wp\/v2\/media\/156753"}],"wp:attachment":[{"href":"https:\/\/novice.si\/page\/wp-json\/wp\/v2\/media?parent=156751"}],"wp:term":[{"taxonomy":"category","embeddable":true,"href":"https:\/\/novice.si\/page\/wp-json\/wp\/v2\/categories?post=156751"},{"taxonomy":"post_tag","embeddable":true,"href":"https:\/\/novice.si\/page\/wp-json\/wp\/v2\/tags?post=156751"}],"curies":[{"name":"wp","href":"https:\/\/api.w.org\/{rel}","templated":true}]}}