{"id":156723,"date":"2022-11-17T14:37:32","date_gmt":"2022-11-17T13:37:32","guid":{"rendered":"https:\/\/novice.si\/page\/?p=156723"},"modified":"2022-11-17T15:08:16","modified_gmt":"2022-11-17T14:08:16","slug":"v-uniorju-obzalujejo-da-o-oktobrskem-izpustu-kromove-pare-v-okolico-podjetja-niso-prej-obvestili-javnosti","status":"publish","type":"post","link":"https:\/\/novice.si\/page\/v-uniorju-obzalujejo-da-o-oktobrskem-izpustu-kromove-pare-v-okolico-podjetja-niso-prej-obvestili-javnosti\/","title":{"rendered":"V Uniorju ob\u017ealujejo, da o oktobrskem izpustu kromove pare v okolico podjetja niso prej obvestili javnosti"},"content":{"rendered":"<p><strong>V Uniorju ob\u017ealujejo, da o oktobrskem izpustu kromove pare v okolico podjetja niso prej obvestili javnosti.<\/strong><\/p>\n<p><a href=\"https:\/\/novice.si\/page\/wp-content\/uploads\/2022\/11\/viber_image_2022-11-17_14-36-40-436.jpg\" data-gallery><img loading=\"lazy\" decoding=\"async\" class=\"size-medium wp-image-156725 alignleft\" src=\"https:\/\/novice.si\/page\/wp-content\/uploads\/2022\/11\/viber_image_2022-11-17_14-36-40-436-300x225.jpg\" alt=\"\" width=\"300\" height=\"225\" srcset=\"https:\/\/novice.si\/page\/wp-content\/uploads\/2022\/11\/viber_image_2022-11-17_14-36-40-436-300x225.jpg 300w, https:\/\/novice.si\/page\/wp-content\/uploads\/2022\/11\/viber_image_2022-11-17_14-36-40-436-1024x768.jpg 1024w, https:\/\/novice.si\/page\/wp-content\/uploads\/2022\/11\/viber_image_2022-11-17_14-36-40-436-768x576.jpg 768w, https:\/\/novice.si\/page\/wp-content\/uploads\/2022\/11\/viber_image_2022-11-17_14-36-40-436-1536x1152.jpg 1536w, https:\/\/novice.si\/page\/wp-content\/uploads\/2022\/11\/viber_image_2022-11-17_14-36-40-436-80x60.jpg 80w, https:\/\/novice.si\/page\/wp-content\/uploads\/2022\/11\/viber_image_2022-11-17_14-36-40-436-265x198.jpg 265w, https:\/\/novice.si\/page\/wp-content\/uploads\/2022\/11\/viber_image_2022-11-17_14-36-40-436-696x522.jpg 696w, https:\/\/novice.si\/page\/wp-content\/uploads\/2022\/11\/viber_image_2022-11-17_14-36-40-436-1068x801.jpg 1068w, https:\/\/novice.si\/page\/wp-content\/uploads\/2022\/11\/viber_image_2022-11-17_14-36-40-436-560x420.jpg 560w, https:\/\/novice.si\/page\/wp-content\/uploads\/2022\/11\/viber_image_2022-11-17_14-36-40-436-24x18.jpg 24w, https:\/\/novice.si\/page\/wp-content\/uploads\/2022\/11\/viber_image_2022-11-17_14-36-40-436-36x27.jpg 36w, https:\/\/novice.si\/page\/wp-content\/uploads\/2022\/11\/viber_image_2022-11-17_14-36-40-436-48x36.jpg 48w, https:\/\/novice.si\/page\/wp-content\/uploads\/2022\/11\/viber_image_2022-11-17_14-36-40-436.jpg 1600w\" sizes=\"auto, (max-width: 300px) 100vw, 300px\" \/><\/a>Kot sta na opoldanski novinarski konferenci poudarila predsednik uprave Uniorja <strong>Darko Hrastnik<\/strong> in \u010dlan uprave <strong>Branko Bra\u010dko<\/strong>, so ob dogodku ocenili, da\u00a0nevarnosti za ljudi ali okolje ni. Nemudoma so obvestili In\u0161pektorat za okolje in prostor (in\u0161pektorja doslej sicer \u0161e ni bilo v podjetje, pravijo v Uniorju). Da niso obvestili javnosti, Hrastnik ob\u017ealuje in pravi, da je bila to napaka, ki se ne bo ponovila.<br \/>\n&#8220;Podjetje to neljubo situacijo ob\u017ealuje. Vsem zaposlenim in krajanom, s katerimi sicer odli\u010dno sodelujemo, se opravi\u010dujemo. Naredili bomo vse, da bi tovrstne incidente v prihodnje zamejili oziroma prepre\u010dili,&#8221; je dejal Darko Hrastnik.<\/p>\n<p><strong>Mejne vrednosti novembra <\/strong><strong>prese\u017eene n<\/strong><strong>a obmo\u010dju Uniorja\u00a0<\/strong><\/p>\n<p>Predsednik in \u010dlan uprave Uniorja sta predstavila rezultate preliminarnih meritev emisij snovi v tla, in sicer na obmo\u010dju in v okolici podjetja. Meritve, ki jih je Unior naro\u010dil sam, so opravili 7. novembra, torej skoraj dva tedna zatem, ko so izpust zaznali. Zakaj meritev niso opravili prej, ni povsem jasno. Na vpra\u0161anje, zakaj so meritve opravili \u0161ele 7. novembra in ali sploh vedo, kak\u0161ne so bile vrednosti na dan dogodka, je Hrastnik povedal, da niso prejeli podatkov, da bi kdo od zapsolenih ali okoli\u0161kih prebivalcev imel zdravstvene te\u017eave.<br \/>\nRezultati meritev, ki jih je opravil Talum in\u0161titut, ka\u017eejo, da vrednosti kroma in kromovega trioksida v tleh 7. novembra nikjer niso presegle kriti\u010dnih vrednosti. Najvi\u0161je so bile vrednosti kroma v tleh na obmo\u010dju tovarne, kjer so presegle mejne vrednosti. Vodstvo Uniorja je \u0161e poudarilo, da podatkov o morebitnih zdravstvenih te\u017eavah zaposlenih ali drugih ljudi niso prejeli.<br \/>\nRezultati meritev, ki jih je danes predstavil Unior:<\/p>\n\r\n                <style type=\"text\/css\">\r\n                    \r\n                    #tdi_1  .td-doubleSlider-2 .td-item1 {\r\n                        background: url(https:\/\/novice.si\/page\/wp-content\/uploads\/2022\/11\/emisija-3-80x60.png) 0 0 no-repeat;\r\n                    }\r\n                    #tdi_1  .td-doubleSlider-2 .td-item2 {\r\n                        background: url(https:\/\/novice.si\/page\/wp-content\/uploads\/2022\/11\/emisije-2-80x60.png) 0 0 no-repeat;\r\n                    }\r\n                    #tdi_1  .td-doubleSlider-2 .td-item3 {\r\n                        background: url(https:\/\/novice.si\/page\/wp-content\/uploads\/2022\/11\/emisije-1-80x60.png) 0 0 no-repeat;\r\n                    }\r\n                <\/style>\r\n\r\n                <div id=\"tdi_1\" class=\"td-gallery td-slide-on-2-columns\">\r\n                    <div class=\"post_td_gallery\">\r\n                        <div class=\"td-gallery-slide-top\">\r\n                           <div class=\"td-gallery-title\"><\/div>\r\n\r\n                            <div class=\"td-gallery-controls-wrapper\">\r\n                                <div class=\"td-gallery-slide-count\"><span class=\"td-gallery-slide-item-focus\">1<\/span> od 3<\/div>\r\n                                <div class=\"td-gallery-slide-prev-next-but\">\r\n                                    <i class = \"td-icon-left doubleSliderPrevButton\"><\/i>\r\n                                    <i class = \"td-icon-right doubleSliderNextButton\"><\/i>\r\n                                <\/div>\r\n                            <\/div>\r\n                        <\/div>\r\n\r\n                        <div class = \"td-doubleSlider-1 \">\r\n                            <div class = \"td-slider\">\r\n                                \r\n                    <div class = \"td-slide-item td-item1\">\r\n                        <figure class=\"td-slide-galery-figure td-slide-popup-gallery\">\r\n                            <a class=\"slide-gallery-image-link\" href=\"https:\/\/novice.si\/page\/wp-content\/uploads\/2022\/11\/emisija-3.png\" title=\"emisija 3\"  data-caption=\"\"  data-description=\"\" data-gallery>\r\n                                <img decoding=\"async\" src=\"https:\/\/novice.si\/page\/wp-content\/uploads\/2022\/11\/emisija-3-730x420.png\" srcset=\"https:\/\/novice.si\/page\/wp-content\/uploads\/2022\/11\/emisija-3-730x420.png 730w, https:\/\/novice.si\/page\/wp-content\/uploads\/2022\/11\/emisija-3-300x173.png 300w, https:\/\/novice.si\/page\/wp-content\/uploads\/2022\/11\/emisija-3-1024x589.png 1024w, https:\/\/novice.si\/page\/wp-content\/uploads\/2022\/11\/emisija-3-768x442.png 768w, https:\/\/novice.si\/page\/wp-content\/uploads\/2022\/11\/emisija-3-696x400.png 696w, https:\/\/novice.si\/page\/wp-content\/uploads\/2022\/11\/emisija-3-1068x614.png 1068w, https:\/\/novice.si\/page\/wp-content\/uploads\/2022\/11\/emisija-3-24x14.png 24w, https:\/\/novice.si\/page\/wp-content\/uploads\/2022\/11\/emisija-3-36x21.png 36w, https:\/\/novice.si\/page\/wp-content\/uploads\/2022\/11\/emisija-3-48x28.png 48w, https:\/\/novice.si\/page\/wp-content\/uploads\/2022\/11\/emisija-3.png 1473w\" sizes=\"(max-width: 730px) 100vw, 730px\" alt=\"\">\r\n                            <\/a>\r\n                            \r\n                        <\/figure>\r\n                    <\/div>\r\n                    <div class = \"td-slide-item td-item2\">\r\n                        <figure class=\"td-slide-galery-figure td-slide-popup-gallery\">\r\n                            <a class=\"slide-gallery-image-link\" href=\"https:\/\/novice.si\/page\/wp-content\/uploads\/2022\/11\/emisije-2.png\" title=\"emisije 2\"  data-caption=\"\"  data-description=\"\" data-gallery>\r\n                                <img decoding=\"async\" src=\"https:\/\/novice.si\/page\/wp-content\/uploads\/2022\/11\/emisije-2-750x420.png\" srcset=\"https:\/\/novice.si\/page\/wp-content\/uploads\/2022\/11\/emisije-2-750x420.png 750w, https:\/\/novice.si\/page\/wp-content\/uploads\/2022\/11\/emisije-2-300x168.png 300w, https:\/\/novice.si\/page\/wp-content\/uploads\/2022\/11\/emisije-2-1024x573.png 1024w, https:\/\/novice.si\/page\/wp-content\/uploads\/2022\/11\/emisije-2-768x430.png 768w, https:\/\/novice.si\/page\/wp-content\/uploads\/2022\/11\/emisije-2-696x390.png 696w, https:\/\/novice.si\/page\/wp-content\/uploads\/2022\/11\/emisije-2-1068x598.png 1068w, https:\/\/novice.si\/page\/wp-content\/uploads\/2022\/11\/emisije-2-24x13.png 24w, https:\/\/novice.si\/page\/wp-content\/uploads\/2022\/11\/emisije-2-36x20.png 36w, https:\/\/novice.si\/page\/wp-content\/uploads\/2022\/11\/emisije-2-48x27.png 48w, https:\/\/novice.si\/page\/wp-content\/uploads\/2022\/11\/emisije-2.png 1370w\" sizes=\"(max-width: 750px) 100vw, 750px\" alt=\"\">\r\n                            <\/a>\r\n                            \r\n                        <\/figure>\r\n                    <\/div>\r\n                    <div class = \"td-slide-item td-item3\">\r\n                        <figure class=\"td-slide-galery-figure td-slide-popup-gallery\">\r\n                            <a class=\"slide-gallery-image-link\" href=\"https:\/\/novice.si\/page\/wp-content\/uploads\/2022\/11\/emisije-1.png\" title=\"emisije 1\"  data-caption=\"\"  data-description=\"\" data-gallery>\r\n                                <img decoding=\"async\" src=\"https:\/\/novice.si\/page\/wp-content\/uploads\/2022\/11\/emisije-1-753x420.png\" srcset=\"https:\/\/novice.si\/page\/wp-content\/uploads\/2022\/11\/emisije-1-753x420.png 753w, https:\/\/novice.si\/page\/wp-content\/uploads\/2022\/11\/emisije-1-300x167.png 300w, https:\/\/novice.si\/page\/wp-content\/uploads\/2022\/11\/emisije-1-1024x571.png 1024w, https:\/\/novice.si\/page\/wp-content\/uploads\/2022\/11\/emisije-1-768x429.png 768w, https:\/\/novice.si\/page\/wp-content\/uploads\/2022\/11\/emisije-1-696x388.png 696w, https:\/\/novice.si\/page\/wp-content\/uploads\/2022\/11\/emisije-1-1068x596.png 1068w, https:\/\/novice.si\/page\/wp-content\/uploads\/2022\/11\/emisije-1-24x13.png 24w, https:\/\/novice.si\/page\/wp-content\/uploads\/2022\/11\/emisije-1-36x20.png 36w, https:\/\/novice.si\/page\/wp-content\/uploads\/2022\/11\/emisije-1-48x27.png 48w, https:\/\/novice.si\/page\/wp-content\/uploads\/2022\/11\/emisije-1.png 1360w\" sizes=\"(max-width: 753px) 100vw, 753px\" alt=\"\">\r\n                            <\/a>\r\n                            \r\n                        <\/figure>\r\n                    <\/div>\r\n                            <\/div>\r\n                        <\/div>\r\n\r\n                        <div class = \"td-doubleSlider-2\">\r\n                            <div class = \"td-slider\">\r\n                                \r\n                    <div class = \"td-button td-item1\">\r\n                        <div class = \"td-border\"><\/div>\r\n                    <\/div>\r\n                    <div class = \"td-button td-item2\">\r\n                        <div class = \"td-border\"><\/div>\r\n                    <\/div>\r\n                    <div class = \"td-button td-item3\">\r\n                        <div class = \"td-border\"><\/div>\r\n                    <\/div>\r\n                            <\/div>\r\n                        <\/div>\r\n\r\n                    <\/div>\r\n\r\n                <\/div>\r\n                \n<p><strong>Kaj se je zgodilo?<\/strong><\/p>\n<p>Kot smo poro\u010dali, so v\u010deraj iz Uniorja sporo\u010dili, da so 26. oktobra v Uniorjevem obratu Obdelovalnica v Zre\u010dah zaznali izpust par iz kadi za galvanizacijo v bli\u017enjo okolico obrata. Iz Uniorja so sporo\u010dili, da je \u0161lo za zmes, kjer je bila med drugim prisotna tudi manj\u0161a koncentracija kromovega trioksida, ki sta jo de\u017e in veter zanesla v okolico. 460 avtomobilov, parkiranih na Uniorjevem parkiri\u0161\u010du, je po\u0161kodovanih, na avtomobilski plo\u010devini so se pojavili made\u017ei. Vodstvo podjetja so o tem obvestili zaposleni.<br \/>\nTehnolo\u0161ki postopek so prekinili. Ugotovili so, da je bil vzrok za dogodek v premo\u010dnem pretoku zraka v napravi za \u010di\u0161\u010denje odpadlih plinov, ki je bila posodobljena poleti. Pretok zraka so nato nastavili na novo, 7. novembra pa znova zagnali napravo in obenem izvedli meritve snovi v zrak, ki so bile skladne z zakonodajo.<\/p>\n<p><strong>Postopek kromiranja naj bi spremenili<\/strong><\/p>\n<p>S procesom kromiranja zagotovijo povr\u0161insko za\u0161\u010dito izdelkov, kot je ro\u010dno orodje. Tega potopijo v kopel, kjer je med drugim tudi krom, kromovo paro pa nato odsesa ventilator, podobno kot napa v kuhinji. S pomo\u010djo ukapljevalnika snovi nato vrnejo nazaj v tehnolo\u0161ki postopek. Ker je bil pretok zraka premo\u010den, je torej v okolje &#8216;odsesalo&#8217; ve\u010djo koli\u010dino kromovih par.<br \/>\nV delovnem okolju, kjer ta proces poteka, redno izvajajo meritve. \u017de nekaj \u010dasa pa preu\u010dujejo, da bi ta postopek spremenili in uporabili 3-valentni krom, ki je po navedbah Bra\u010dka manj nevaren za okolje. Ta postopek naj bi uvedli do konca leta 2024. Dotlej pa naj bi uvedli dolo\u010dene dodatne tehni\u010dne ukrepe, da do tovrstnih okvar ne bo ve\u010d prihajalo. Prav tako so poudarili, da bodo spremenili na\u010dine obve\u0161\u010danja javnosti.<\/p>\n<p><strong>Vplivi na okolje in ljudi?<\/strong><\/p>\n<p>V Uniorju menijo, da glede na rezultate meritev ni mogo\u010de sklepati, da bi zaradi potencialno nevarnih izpustov pri\u0161lo do nevarnosti za zdravje ljudi ali vplivov na okolje, a tega ne morejo zagotovo potrditi. Pri zaposlenih niso zaznali zdravstvenih te\u017eav, ki bi lahko bile posledica potencialno nevarnih emisij, denimo izpu\u0161\u010dajev na ko\u017ei ali ote\u017eenega dihanja. Prav tako nimajo podatka, da bi tak\u0161ne te\u017eave imeli okoli\u0161ki prebivalci. O tem naj bi se sicer pozanimali v lokalnih zdravstvenih institucijah.<br \/>\nObrnili smo se tudi na In\u0161pektorat za okolje in prostor, kjer pravijo, da bodo v podjetju opravili izredni in\u0161pekcijski pregled obratovanja omenjene naprave. V primeru ugotovljenih nepravilnosti bodo ukrepali, so dodali na In\u0161pektoratu in poudarili, da niso pristojni za oceno vplivov omenjenih emisij na zdravje ljudi ali okolje. Za pojasnila so nas napotili na Nacionalni in\u0161titut za javno zdravje, ki po na\u0161ih informacijah o dogodku sploh ni bil obve\u0161\u010den, in na Agencijo za okolje. Odgovore \u0161e \u010dakamo.\u00a0(N. K.)<\/p>\n<p>Preberite \u0161e:<\/p>\n<blockquote class=\"wp-embedded-content\" data-secret=\"r1tjRQcl2F\"><p><a href=\"https:\/\/novice.si\/page\/inspektorji-se-niso-koncali-postopka-v-uniorju-kjer-je-prislo-do-izpusta-kromovih-par\/\">In\u0161pektorji \u0161e niso kon\u010dali postopka v Uniorju, kjer je pri\u0161lo do izpusta kromovih par<\/a><\/p><\/blockquote>\n<p><iframe loading=\"lazy\" class=\"wp-embedded-content\" sandbox=\"allow-scripts\" security=\"restricted\" style=\"position: absolute; clip: rect(1px, 1px, 1px, 1px);\" title=\"&#8220;In\u0161pektorji \u0161e niso kon\u010dali postopka v Uniorju, kjer je pri\u0161lo do izpusta kromovih par&#8221; &#8212; Novice.si\" src=\"https:\/\/novice.si\/page\/inspektorji-se-niso-koncali-postopka-v-uniorju-kjer-je-prislo-do-izpusta-kromovih-par\/embed\/#?secret=lAmJltRZLu#?secret=r1tjRQcl2F\" data-secret=\"r1tjRQcl2F\" width=\"600\" height=\"338\" frameborder=\"0\" marginwidth=\"0\" marginheight=\"0\" scrolling=\"no\"><\/iframe><\/p>\n<blockquote class=\"wp-embedded-content\" data-secret=\"Vg7wa09BQm\"><p><a href=\"https:\/\/novice.si\/page\/unior-izpust-pare-s-kromom-ni-vplival-na-okolje-in-zdravje-ljudi-skodo-na-avtomobilih-bodo-povrnili\/\">Unior: izpust pare s kromovim trioksidom povzro\u010dil \u0161kodo na avtomobilih<\/a><\/p><\/blockquote>\n<p><iframe loading=\"lazy\" class=\"wp-embedded-content\" sandbox=\"allow-scripts\" security=\"restricted\" style=\"position: absolute; clip: rect(1px, 1px, 1px, 1px);\" title=\"&#8220;Unior: izpust pare s kromovim trioksidom povzro\u010dil \u0161kodo na avtomobilih&#8221; &#8212; Novice.si\" src=\"https:\/\/novice.si\/page\/unior-izpust-pare-s-kromom-ni-vplival-na-okolje-in-zdravje-ljudi-skodo-na-avtomobilih-bodo-povrnili\/embed\/#?secret=LGKim4kHgw#?secret=Vg7wa09BQm\" data-secret=\"Vg7wa09BQm\" width=\"600\" height=\"338\" frameborder=\"0\" marginwidth=\"0\" marginheight=\"0\" scrolling=\"no\"><\/iframe><\/p>\n<p>&nbsp;<\/p>\n<p>&nbsp;<\/p>\n<p>&nbsp;<\/p>\n<p>&nbsp;<\/p>\n","protected":false},"excerpt":{"rendered":"<p>V Uniorju ob\u017ealujejo, da o oktobrskem izpustu kromove pare v okolico podjetja niso prej obvestili javnosti. Kot sta na opoldanski novinarski konferenci poudarila predsednik uprave Uniorja Darko Hrastnik in \u010dlan uprave Branko Bra\u010dko, so ob dogodku ocenili, da\u00a0nevarnosti za ljudi ali okolje ni. Nemudoma so obvestili In\u0161pektorat za okolje in prostor (in\u0161pektorja doslej sicer \u0161e [&hellip;]<\/p>\n","protected":false},"author":12,"featured_media":156725,"comment_status":"closed","ping_status":"closed","sticky":false,"template":"","format":"standard","meta":{"footnotes":""},"categories":[14,868,16,141,3108],"tags":[3613,48],"class_list":{"0":"post-156723","1":"post","2":"type-post","3":"status-publish","4":"format-standard","5":"has-post-thumbnail","7":"category-aktualno","8":"category-casopisi","9":"category-konjisko","10":"category-novice","11":"category-radio-rogla","12":"tag-izpust","13":"tag-unior"},"yoast_head":"<!-- This site is optimized with the Yoast SEO plugin v27.4 - https:\/\/yoast.com\/product\/yoast-seo-wordpress\/ -->\n<title>V Uniorju ob\u017ealujejo, da o oktobrskem izpustu kromove pare v okolico podjetja niso prej obvestili javnosti - Novice.si<\/title>\n<meta name=\"robots\" content=\"index, follow, max-snippet:-1, max-image-preview:large, max-video-preview:-1\" \/>\n<link rel=\"canonical\" href=\"https:\/\/novice.si\/page\/v-uniorju-obzalujejo-da-o-oktobrskem-izpustu-kromove-pare-v-okolico-podjetja-niso-prej-obvestili-javnosti\/\" \/>\n<meta property=\"og:locale\" content=\"sl_SI\" \/>\n<meta property=\"og:type\" content=\"article\" \/>\n<meta property=\"og:title\" content=\"V Uniorju ob\u017ealujejo, da o oktobrskem izpustu kromove pare v okolico podjetja niso prej obvestili javnosti - Novice.si\" \/>\n<meta property=\"og:description\" content=\"V Uniorju ob\u017ealujejo, da o oktobrskem izpustu kromove pare v okolico podjetja niso prej obvestili javnosti. Kot sta na opoldanski novinarski konferenci poudarila predsednik uprave Uniorja Darko Hrastnik in \u010dlan uprave Branko Bra\u010dko, so ob dogodku ocenili, da\u00a0nevarnosti za ljudi ali okolje ni. Nemudoma so obvestili In\u0161pektorat za okolje in prostor (in\u0161pektorja doslej sicer \u0161e [&hellip;]\" \/>\n<meta property=\"og:url\" content=\"https:\/\/novice.si\/page\/v-uniorju-obzalujejo-da-o-oktobrskem-izpustu-kromove-pare-v-okolico-podjetja-niso-prej-obvestili-javnosti\/\" \/>\n<meta property=\"og:site_name\" content=\"Novice.si\" \/>\n<meta property=\"article:published_time\" content=\"2022-11-17T13:37:32+00:00\" \/>\n<meta property=\"article:modified_time\" content=\"2022-11-17T14:08:16+00:00\" \/>\n<meta property=\"og:image\" content=\"https:\/\/novice.si\/page\/wp-content\/uploads\/2022\/11\/viber_image_2022-11-17_14-36-40-436.jpg\" \/>\n\t<meta property=\"og:image:width\" content=\"1600\" \/>\n\t<meta property=\"og:image:height\" content=\"1200\" \/>\n\t<meta property=\"og:image:type\" content=\"image\/jpeg\" \/>\n<meta name=\"author\" content=\"Uredni\u0161tvo Celjana\" \/>\n<meta name=\"twitter:card\" content=\"summary_large_image\" \/>\n<meta name=\"twitter:label1\" content=\"Written by\" \/>\n\t<meta name=\"twitter:data1\" content=\"Uredni\u0161tvo Celjana\" \/>\n\t<meta name=\"twitter:label2\" content=\"Est. reading time\" \/>\n\t<meta name=\"twitter:data2\" content=\"5 minut\" \/>\n<script type=\"application\/ld+json\" class=\"yoast-schema-graph\">{\"@context\":\"https:\\\/\\\/schema.org\",\"@graph\":[{\"@type\":\"Article\",\"@id\":\"https:\\\/\\\/novice.si\\\/page\\\/v-uniorju-obzalujejo-da-o-oktobrskem-izpustu-kromove-pare-v-okolico-podjetja-niso-prej-obvestili-javnosti\\\/#article\",\"isPartOf\":{\"@id\":\"https:\\\/\\\/novice.si\\\/page\\\/v-uniorju-obzalujejo-da-o-oktobrskem-izpustu-kromove-pare-v-okolico-podjetja-niso-prej-obvestili-javnosti\\\/\"},\"author\":{\"name\":\"Uredni\u0161tvo Celjana\",\"@id\":\"https:\\\/\\\/novice.si\\\/page\\\/#\\\/schema\\\/person\\\/51903923b50fefb075bc1cd24fe4d065\"},\"headline\":\"V Uniorju ob\u017ealujejo, da o oktobrskem izpustu kromove pare v okolico podjetja niso prej obvestili javnosti\",\"datePublished\":\"2022-11-17T13:37:32+00:00\",\"dateModified\":\"2022-11-17T14:08:16+00:00\",\"mainEntityOfPage\":{\"@id\":\"https:\\\/\\\/novice.si\\\/page\\\/v-uniorju-obzalujejo-da-o-oktobrskem-izpustu-kromove-pare-v-okolico-podjetja-niso-prej-obvestili-javnosti\\\/\"},\"wordCount\":802,\"publisher\":{\"@id\":\"https:\\\/\\\/novice.si\\\/page\\\/#organization\"},\"image\":{\"@id\":\"https:\\\/\\\/novice.si\\\/page\\\/v-uniorju-obzalujejo-da-o-oktobrskem-izpustu-kromove-pare-v-okolico-podjetja-niso-prej-obvestili-javnosti\\\/#primaryimage\"},\"thumbnailUrl\":\"https:\\\/\\\/novice.si\\\/page\\\/wp-content\\\/uploads\\\/2022\\\/11\\\/viber_image_2022-11-17_14-36-40-436.jpg\",\"keywords\":[\"izpust\",\"Unior\"],\"articleSection\":[\"Aktualno\",\"\u010casopisi\",\"Konji\u0161ko\",\"Novice\",\"Radio Rogla\"],\"inLanguage\":\"sl-SI\"},{\"@type\":\"WebPage\",\"@id\":\"https:\\\/\\\/novice.si\\\/page\\\/v-uniorju-obzalujejo-da-o-oktobrskem-izpustu-kromove-pare-v-okolico-podjetja-niso-prej-obvestili-javnosti\\\/\",\"url\":\"https:\\\/\\\/novice.si\\\/page\\\/v-uniorju-obzalujejo-da-o-oktobrskem-izpustu-kromove-pare-v-okolico-podjetja-niso-prej-obvestili-javnosti\\\/\",\"name\":\"V Uniorju ob\u017ealujejo, da o oktobrskem izpustu kromove pare v okolico podjetja niso prej obvestili javnosti - Novice.si\",\"isPartOf\":{\"@id\":\"https:\\\/\\\/novice.si\\\/page\\\/#website\"},\"primaryImageOfPage\":{\"@id\":\"https:\\\/\\\/novice.si\\\/page\\\/v-uniorju-obzalujejo-da-o-oktobrskem-izpustu-kromove-pare-v-okolico-podjetja-niso-prej-obvestili-javnosti\\\/#primaryimage\"},\"image\":{\"@id\":\"https:\\\/\\\/novice.si\\\/page\\\/v-uniorju-obzalujejo-da-o-oktobrskem-izpustu-kromove-pare-v-okolico-podjetja-niso-prej-obvestili-javnosti\\\/#primaryimage\"},\"thumbnailUrl\":\"https:\\\/\\\/novice.si\\\/page\\\/wp-content\\\/uploads\\\/2022\\\/11\\\/viber_image_2022-11-17_14-36-40-436.jpg\",\"datePublished\":\"2022-11-17T13:37:32+00:00\",\"dateModified\":\"2022-11-17T14:08:16+00:00\",\"breadcrumb\":{\"@id\":\"https:\\\/\\\/novice.si\\\/page\\\/v-uniorju-obzalujejo-da-o-oktobrskem-izpustu-kromove-pare-v-okolico-podjetja-niso-prej-obvestili-javnosti\\\/#breadcrumb\"},\"inLanguage\":\"sl-SI\",\"potentialAction\":[{\"@type\":\"ReadAction\",\"target\":[\"https:\\\/\\\/novice.si\\\/page\\\/v-uniorju-obzalujejo-da-o-oktobrskem-izpustu-kromove-pare-v-okolico-podjetja-niso-prej-obvestili-javnosti\\\/\"]}]},{\"@type\":\"ImageObject\",\"inLanguage\":\"sl-SI\",\"@id\":\"https:\\\/\\\/novice.si\\\/page\\\/v-uniorju-obzalujejo-da-o-oktobrskem-izpustu-kromove-pare-v-okolico-podjetja-niso-prej-obvestili-javnosti\\\/#primaryimage\",\"url\":\"https:\\\/\\\/novice.si\\\/page\\\/wp-content\\\/uploads\\\/2022\\\/11\\\/viber_image_2022-11-17_14-36-40-436.jpg\",\"contentUrl\":\"https:\\\/\\\/novice.si\\\/page\\\/wp-content\\\/uploads\\\/2022\\\/11\\\/viber_image_2022-11-17_14-36-40-436.jpg\",\"width\":1600,\"height\":1200},{\"@type\":\"BreadcrumbList\",\"@id\":\"https:\\\/\\\/novice.si\\\/page\\\/v-uniorju-obzalujejo-da-o-oktobrskem-izpustu-kromove-pare-v-okolico-podjetja-niso-prej-obvestili-javnosti\\\/#breadcrumb\",\"itemListElement\":[{\"@type\":\"ListItem\",\"position\":1,\"name\":\"Home\",\"item\":\"https:\\\/\\\/novice.si\\\/page\\\/\"},{\"@type\":\"ListItem\",\"position\":2,\"name\":\"V Uniorju ob\u017ealujejo, da o oktobrskem izpustu kromove pare v okolico podjetja niso prej obvestili javnosti\"}]},{\"@type\":\"WebSite\",\"@id\":\"https:\\\/\\\/novice.si\\\/page\\\/#website\",\"url\":\"https:\\\/\\\/novice.si\\\/page\\\/\",\"name\":\"Novice.si\",\"description\":\"\",\"publisher\":{\"@id\":\"https:\\\/\\\/novice.si\\\/page\\\/#organization\"},\"potentialAction\":[{\"@type\":\"SearchAction\",\"target\":{\"@type\":\"EntryPoint\",\"urlTemplate\":\"https:\\\/\\\/novice.si\\\/page\\\/?s={search_term_string}\"},\"query-input\":{\"@type\":\"PropertyValueSpecification\",\"valueRequired\":true,\"valueName\":\"search_term_string\"}}],\"inLanguage\":\"sl-SI\"},{\"@type\":\"Organization\",\"@id\":\"https:\\\/\\\/novice.si\\\/page\\\/#organization\",\"name\":\"Novice.si\",\"url\":\"https:\\\/\\\/novice.si\\\/page\\\/\",\"logo\":{\"@type\":\"ImageObject\",\"inLanguage\":\"sl-SI\",\"@id\":\"https:\\\/\\\/novice.si\\\/page\\\/#\\\/schema\\\/logo\\\/image\\\/\",\"url\":\"https:\\\/\\\/novice.si\\\/page\\\/wp-content\\\/uploads\\\/2023\\\/03\\\/novice_si.png\",\"contentUrl\":\"https:\\\/\\\/novice.si\\\/page\\\/wp-content\\\/uploads\\\/2023\\\/03\\\/novice_si.png\",\"width\":576,\"height\":200,\"caption\":\"Novice.si\"},\"image\":{\"@id\":\"https:\\\/\\\/novice.si\\\/page\\\/#\\\/schema\\\/logo\\\/image\\\/\"}},{\"@type\":\"Person\",\"@id\":\"https:\\\/\\\/novice.si\\\/page\\\/#\\\/schema\\\/person\\\/51903923b50fefb075bc1cd24fe4d065\",\"name\":\"Uredni\u0161tvo Celjana\",\"image\":{\"@type\":\"ImageObject\",\"inLanguage\":\"sl-SI\",\"@id\":\"https:\\\/\\\/secure.gravatar.com\\\/avatar\\\/b516f102aa90b53619e09722b8ea56721c99bfcb4f1035f9b333d99f52330226?s=96&d=mm&r=g\",\"url\":\"https:\\\/\\\/secure.gravatar.com\\\/avatar\\\/b516f102aa90b53619e09722b8ea56721c99bfcb4f1035f9b333d99f52330226?s=96&d=mm&r=g\",\"contentUrl\":\"https:\\\/\\\/secure.gravatar.com\\\/avatar\\\/b516f102aa90b53619e09722b8ea56721c99bfcb4f1035f9b333d99f52330226?s=96&d=mm&r=g\",\"caption\":\"Uredni\u0161tvo Celjana\"},\"url\":\"https:\\\/\\\/novice.si\\\/page\\\/author\\\/nejc\\\/\"}]}<\/script>\n<!-- \/ Yoast SEO plugin. -->","yoast_head_json":{"title":"V Uniorju ob\u017ealujejo, da o oktobrskem izpustu kromove pare v okolico podjetja niso prej obvestili javnosti - Novice.si","robots":{"index":"index","follow":"follow","max-snippet":"max-snippet:-1","max-image-preview":"max-image-preview:large","max-video-preview":"max-video-preview:-1"},"canonical":"https:\/\/novice.si\/page\/v-uniorju-obzalujejo-da-o-oktobrskem-izpustu-kromove-pare-v-okolico-podjetja-niso-prej-obvestili-javnosti\/","og_locale":"sl_SI","og_type":"article","og_title":"V Uniorju ob\u017ealujejo, da o oktobrskem izpustu kromove pare v okolico podjetja niso prej obvestili javnosti - Novice.si","og_description":"V Uniorju ob\u017ealujejo, da o oktobrskem izpustu kromove pare v okolico podjetja niso prej obvestili javnosti. Kot sta na opoldanski novinarski konferenci poudarila predsednik uprave Uniorja Darko Hrastnik in \u010dlan uprave Branko Bra\u010dko, so ob dogodku ocenili, da\u00a0nevarnosti za ljudi ali okolje ni. Nemudoma so obvestili In\u0161pektorat za okolje in prostor (in\u0161pektorja doslej sicer \u0161e [&hellip;]","og_url":"https:\/\/novice.si\/page\/v-uniorju-obzalujejo-da-o-oktobrskem-izpustu-kromove-pare-v-okolico-podjetja-niso-prej-obvestili-javnosti\/","og_site_name":"Novice.si","article_published_time":"2022-11-17T13:37:32+00:00","article_modified_time":"2022-11-17T14:08:16+00:00","og_image":[{"width":1600,"height":1200,"url":"https:\/\/novice.si\/page\/wp-content\/uploads\/2022\/11\/viber_image_2022-11-17_14-36-40-436.jpg","type":"image\/jpeg"}],"author":"Uredni\u0161tvo Celjana","twitter_card":"summary_large_image","twitter_misc":{"Written by":"Uredni\u0161tvo Celjana","Est. reading time":"5 minut"},"schema":{"@context":"https:\/\/schema.org","@graph":[{"@type":"Article","@id":"https:\/\/novice.si\/page\/v-uniorju-obzalujejo-da-o-oktobrskem-izpustu-kromove-pare-v-okolico-podjetja-niso-prej-obvestili-javnosti\/#article","isPartOf":{"@id":"https:\/\/novice.si\/page\/v-uniorju-obzalujejo-da-o-oktobrskem-izpustu-kromove-pare-v-okolico-podjetja-niso-prej-obvestili-javnosti\/"},"author":{"name":"Uredni\u0161tvo Celjana","@id":"https:\/\/novice.si\/page\/#\/schema\/person\/51903923b50fefb075bc1cd24fe4d065"},"headline":"V Uniorju ob\u017ealujejo, da o oktobrskem izpustu kromove pare v okolico podjetja niso prej obvestili javnosti","datePublished":"2022-11-17T13:37:32+00:00","dateModified":"2022-11-17T14:08:16+00:00","mainEntityOfPage":{"@id":"https:\/\/novice.si\/page\/v-uniorju-obzalujejo-da-o-oktobrskem-izpustu-kromove-pare-v-okolico-podjetja-niso-prej-obvestili-javnosti\/"},"wordCount":802,"publisher":{"@id":"https:\/\/novice.si\/page\/#organization"},"image":{"@id":"https:\/\/novice.si\/page\/v-uniorju-obzalujejo-da-o-oktobrskem-izpustu-kromove-pare-v-okolico-podjetja-niso-prej-obvestili-javnosti\/#primaryimage"},"thumbnailUrl":"https:\/\/novice.si\/page\/wp-content\/uploads\/2022\/11\/viber_image_2022-11-17_14-36-40-436.jpg","keywords":["izpust","Unior"],"articleSection":["Aktualno","\u010casopisi","Konji\u0161ko","Novice","Radio Rogla"],"inLanguage":"sl-SI"},{"@type":"WebPage","@id":"https:\/\/novice.si\/page\/v-uniorju-obzalujejo-da-o-oktobrskem-izpustu-kromove-pare-v-okolico-podjetja-niso-prej-obvestili-javnosti\/","url":"https:\/\/novice.si\/page\/v-uniorju-obzalujejo-da-o-oktobrskem-izpustu-kromove-pare-v-okolico-podjetja-niso-prej-obvestili-javnosti\/","name":"V Uniorju ob\u017ealujejo, da o oktobrskem izpustu kromove pare v okolico podjetja niso prej obvestili javnosti - Novice.si","isPartOf":{"@id":"https:\/\/novice.si\/page\/#website"},"primaryImageOfPage":{"@id":"https:\/\/novice.si\/page\/v-uniorju-obzalujejo-da-o-oktobrskem-izpustu-kromove-pare-v-okolico-podjetja-niso-prej-obvestili-javnosti\/#primaryimage"},"image":{"@id":"https:\/\/novice.si\/page\/v-uniorju-obzalujejo-da-o-oktobrskem-izpustu-kromove-pare-v-okolico-podjetja-niso-prej-obvestili-javnosti\/#primaryimage"},"thumbnailUrl":"https:\/\/novice.si\/page\/wp-content\/uploads\/2022\/11\/viber_image_2022-11-17_14-36-40-436.jpg","datePublished":"2022-11-17T13:37:32+00:00","dateModified":"2022-11-17T14:08:16+00:00","breadcrumb":{"@id":"https:\/\/novice.si\/page\/v-uniorju-obzalujejo-da-o-oktobrskem-izpustu-kromove-pare-v-okolico-podjetja-niso-prej-obvestili-javnosti\/#breadcrumb"},"inLanguage":"sl-SI","potentialAction":[{"@type":"ReadAction","target":["https:\/\/novice.si\/page\/v-uniorju-obzalujejo-da-o-oktobrskem-izpustu-kromove-pare-v-okolico-podjetja-niso-prej-obvestili-javnosti\/"]}]},{"@type":"ImageObject","inLanguage":"sl-SI","@id":"https:\/\/novice.si\/page\/v-uniorju-obzalujejo-da-o-oktobrskem-izpustu-kromove-pare-v-okolico-podjetja-niso-prej-obvestili-javnosti\/#primaryimage","url":"https:\/\/novice.si\/page\/wp-content\/uploads\/2022\/11\/viber_image_2022-11-17_14-36-40-436.jpg","contentUrl":"https:\/\/novice.si\/page\/wp-content\/uploads\/2022\/11\/viber_image_2022-11-17_14-36-40-436.jpg","width":1600,"height":1200},{"@type":"BreadcrumbList","@id":"https:\/\/novice.si\/page\/v-uniorju-obzalujejo-da-o-oktobrskem-izpustu-kromove-pare-v-okolico-podjetja-niso-prej-obvestili-javnosti\/#breadcrumb","itemListElement":[{"@type":"ListItem","position":1,"name":"Home","item":"https:\/\/novice.si\/page\/"},{"@type":"ListItem","position":2,"name":"V Uniorju ob\u017ealujejo, da o oktobrskem izpustu kromove pare v okolico podjetja niso prej obvestili javnosti"}]},{"@type":"WebSite","@id":"https:\/\/novice.si\/page\/#website","url":"https:\/\/novice.si\/page\/","name":"Novice.si","description":"","publisher":{"@id":"https:\/\/novice.si\/page\/#organization"},"potentialAction":[{"@type":"SearchAction","target":{"@type":"EntryPoint","urlTemplate":"https:\/\/novice.si\/page\/?s={search_term_string}"},"query-input":{"@type":"PropertyValueSpecification","valueRequired":true,"valueName":"search_term_string"}}],"inLanguage":"sl-SI"},{"@type":"Organization","@id":"https:\/\/novice.si\/page\/#organization","name":"Novice.si","url":"https:\/\/novice.si\/page\/","logo":{"@type":"ImageObject","inLanguage":"sl-SI","@id":"https:\/\/novice.si\/page\/#\/schema\/logo\/image\/","url":"https:\/\/novice.si\/page\/wp-content\/uploads\/2023\/03\/novice_si.png","contentUrl":"https:\/\/novice.si\/page\/wp-content\/uploads\/2023\/03\/novice_si.png","width":576,"height":200,"caption":"Novice.si"},"image":{"@id":"https:\/\/novice.si\/page\/#\/schema\/logo\/image\/"}},{"@type":"Person","@id":"https:\/\/novice.si\/page\/#\/schema\/person\/51903923b50fefb075bc1cd24fe4d065","name":"Uredni\u0161tvo Celjana","image":{"@type":"ImageObject","inLanguage":"sl-SI","@id":"https:\/\/secure.gravatar.com\/avatar\/b516f102aa90b53619e09722b8ea56721c99bfcb4f1035f9b333d99f52330226?s=96&d=mm&r=g","url":"https:\/\/secure.gravatar.com\/avatar\/b516f102aa90b53619e09722b8ea56721c99bfcb4f1035f9b333d99f52330226?s=96&d=mm&r=g","contentUrl":"https:\/\/secure.gravatar.com\/avatar\/b516f102aa90b53619e09722b8ea56721c99bfcb4f1035f9b333d99f52330226?s=96&d=mm&r=g","caption":"Uredni\u0161tvo Celjana"},"url":"https:\/\/novice.si\/page\/author\/nejc\/"}]}},"_links":{"self":[{"href":"https:\/\/novice.si\/page\/wp-json\/wp\/v2\/posts\/156723","targetHints":{"allow":["GET"]}}],"collection":[{"href":"https:\/\/novice.si\/page\/wp-json\/wp\/v2\/posts"}],"about":[{"href":"https:\/\/novice.si\/page\/wp-json\/wp\/v2\/types\/post"}],"author":[{"embeddable":true,"href":"https:\/\/novice.si\/page\/wp-json\/wp\/v2\/users\/12"}],"replies":[{"embeddable":true,"href":"https:\/\/novice.si\/page\/wp-json\/wp\/v2\/comments?post=156723"}],"version-history":[{"count":15,"href":"https:\/\/novice.si\/page\/wp-json\/wp\/v2\/posts\/156723\/revisions"}],"predecessor-version":[{"id":156743,"href":"https:\/\/novice.si\/page\/wp-json\/wp\/v2\/posts\/156723\/revisions\/156743"}],"wp:featuredmedia":[{"embeddable":true,"href":"https:\/\/novice.si\/page\/wp-json\/wp\/v2\/media\/156725"}],"wp:attachment":[{"href":"https:\/\/novice.si\/page\/wp-json\/wp\/v2\/media?parent=156723"}],"wp:term":[{"taxonomy":"category","embeddable":true,"href":"https:\/\/novice.si\/page\/wp-json\/wp\/v2\/categories?post=156723"},{"taxonomy":"post_tag","embeddable":true,"href":"https:\/\/novice.si\/page\/wp-json\/wp\/v2\/tags?post=156723"}],"curies":[{"name":"wp","href":"https:\/\/api.w.org\/{rel}","templated":true}]}}