{"id":156688,"date":"2022-11-17T10:27:38","date_gmt":"2022-11-17T09:27:38","guid":{"rendered":"https:\/\/novice.si\/page\/?p=156688"},"modified":"2022-11-17T10:27:38","modified_gmt":"2022-11-17T09:27:38","slug":"kaj-bi-zupanski-kandidati-nemudoma-spremenili-v-obcini-slovenska-bistrica","status":"publish","type":"post","link":"https:\/\/novice.si\/page\/kaj-bi-zupanski-kandidati-nemudoma-spremenili-v-obcini-slovenska-bistrica\/","title":{"rendered":"Kaj bi \u017eupanski kandidati nemudoma spremenili v ob\u010dini Slovenska Bistrica?"},"content":{"rendered":"<p>Mini soo\u010denje. \u010ce bi lahko nemudoma spremenili samo eno stvar v svoji ob\u010dini, katera bi to bila? S tem vpra\u0161anjem smo soo\u010dili kandidatko in kandidate za \u017eupansko mesto ob\u010dine Slovenska Bistrica.<\/p>\n<p><strong>Matej \u0160paninger,<\/strong> kandidat SNS:<\/p>\n<p><a href=\"https:\/\/novice.si\/page\/wp-content\/uploads\/2022\/11\/Spaninger-2-Matej_resize.jpg\" data-gallery><img loading=\"lazy\" decoding=\"async\" class=\"alignnone size-medium wp-image-156349\" src=\"https:\/\/novice.si\/page\/wp-content\/uploads\/2022\/11\/Spaninger-2-Matej_resize-238x300.jpg\" alt=\"\" width=\"238\" height=\"300\" srcset=\"https:\/\/novice.si\/page\/wp-content\/uploads\/2022\/11\/Spaninger-2-Matej_resize-238x300.jpg 238w, https:\/\/novice.si\/page\/wp-content\/uploads\/2022\/11\/Spaninger-2-Matej_resize-333x420.jpg 333w, https:\/\/novice.si\/page\/wp-content\/uploads\/2022\/11\/Spaninger-2-Matej_resize-19x24.jpg 19w, https:\/\/novice.si\/page\/wp-content\/uploads\/2022\/11\/Spaninger-2-Matej_resize-29x36.jpg 29w, https:\/\/novice.si\/page\/wp-content\/uploads\/2022\/11\/Spaninger-2-Matej_resize-38x48.jpg 38w, https:\/\/novice.si\/page\/wp-content\/uploads\/2022\/11\/Spaninger-2-Matej_resize.jpg 555w\" sizes=\"auto, (max-width: 238px) 100vw, 238px\" \/><\/a><\/p>\n<p>\u00bbPrva st var, za katero bi si prizadeval je, da se nadgradnja doma starostnikov nadaljuje, oz. da gre spet v realizacijo. Namre\u010d; zaradi previsoke vrednosti ponudb javno naro\u010dilo zaradi nezagotavljanja sredstev ni bilo oddano in morajo narediti novi razpis. V kolikor dr\u017eava nima dovolj denarja, se bi dom starostnikov financiral iz prora\u010duna. Namre\u010d v ob\u010dini zdaj potekajo tudi projekti, ki nimajo take te\u017ee, oz. prioritete, na primer plezalna steza za 5,5 milijona evrov. Velik del teh sredstev bi lahko \u0161el za nadgradnjo doma starostnikov \u2026\u00ab<\/p>\n<p><strong>Dr. Ivan \u017dagar,<\/strong> kandidat SLS, SDS, NSi in Desus:<\/p>\n<p><a href=\"https:\/\/novice.si\/page\/wp-content\/uploads\/2022\/11\/zagar-2a_resize.jpg\" data-gallery><img loading=\"lazy\" decoding=\"async\" class=\"alignnone size-medium wp-image-156350\" src=\"https:\/\/novice.si\/page\/wp-content\/uploads\/2022\/11\/zagar-2a_resize-300x232.jpg\" alt=\"\" width=\"300\" height=\"232\" srcset=\"https:\/\/novice.si\/page\/wp-content\/uploads\/2022\/11\/zagar-2a_resize-300x232.jpg 300w, https:\/\/novice.si\/page\/wp-content\/uploads\/2022\/11\/zagar-2a_resize-768x595.jpg 768w, https:\/\/novice.si\/page\/wp-content\/uploads\/2022\/11\/zagar-2a_resize-696x539.jpg 696w, https:\/\/novice.si\/page\/wp-content\/uploads\/2022\/11\/zagar-2a_resize-542x420.jpg 542w, https:\/\/novice.si\/page\/wp-content\/uploads\/2022\/11\/zagar-2a_resize-24x19.jpg 24w, https:\/\/novice.si\/page\/wp-content\/uploads\/2022\/11\/zagar-2a_resize-36x28.jpg 36w, https:\/\/novice.si\/page\/wp-content\/uploads\/2022\/11\/zagar-2a_resize-48x37.jpg 48w, https:\/\/novice.si\/page\/wp-content\/uploads\/2022\/11\/zagar-2a_resize.jpg 904w\" sizes=\"auto, (max-width: 300px) 100vw, 300px\" \/><\/a><\/p>\n<p>\u00bb\u010ce se pogovarjamo v okviru mo\u017enosti ter pristojnosti, ki jih ob\u010dina ima, potem bi poskrbel samo za to (in to tudi delamo), da se projekti, ki so zastavljeni, nemoteno nemudoma nadaljujejo. \u010ce pa govorimo o drugih okvirih, recimo o mo\u017enosti prenosa dr\u017eavnih pristojnosti, pa bi bilo treba pove\u010dati avtonomijo ob\u010din in jim dati ve\u010d pristojnosti. S tem bi lahko dolo\u010dene projekte bistveno hitreje izvajali in manj bi bilo velikokrat preobse\u017enih birokratskih postopkov.\u00ab<\/p>\n<p><strong>Ljubo Poles<\/strong>, kandidat GS, s podporo SD:<\/p>\n<p><a href=\"https:\/\/novice.si\/page\/wp-content\/uploads\/2022\/11\/poles-3_resize.jpg\" data-gallery><img loading=\"lazy\" decoding=\"async\" class=\"alignnone size-medium wp-image-156347\" src=\"https:\/\/novice.si\/page\/wp-content\/uploads\/2022\/11\/poles-3_resize-300x208.jpg\" alt=\"\" width=\"300\" height=\"208\" srcset=\"https:\/\/novice.si\/page\/wp-content\/uploads\/2022\/11\/poles-3_resize-300x208.jpg 300w, https:\/\/novice.si\/page\/wp-content\/uploads\/2022\/11\/poles-3_resize-768x531.jpg 768w, https:\/\/novice.si\/page\/wp-content\/uploads\/2022\/11\/poles-3_resize-100x70.jpg 100w, https:\/\/novice.si\/page\/wp-content\/uploads\/2022\/11\/poles-3_resize-218x150.jpg 218w, https:\/\/novice.si\/page\/wp-content\/uploads\/2022\/11\/poles-3_resize-696x482.jpg 696w, https:\/\/novice.si\/page\/wp-content\/uploads\/2022\/11\/poles-3_resize-607x420.jpg 607w, https:\/\/novice.si\/page\/wp-content\/uploads\/2022\/11\/poles-3_resize-24x17.jpg 24w, https:\/\/novice.si\/page\/wp-content\/uploads\/2022\/11\/poles-3_resize-36x25.jpg 36w, https:\/\/novice.si\/page\/wp-content\/uploads\/2022\/11\/poles-3_resize-48x33.jpg 48w, https:\/\/novice.si\/page\/wp-content\/uploads\/2022\/11\/poles-3_resize.jpg 1000w\" sizes=\"auto, (max-width: 300px) 100vw, 300px\" \/><\/a><\/p>\n<p>\u00bbKot \u017eupan, ki ga podpirajo koalicijske vladne stranke, imam veliko ve\u010djo mo\u017enost dostopa do ministrov. In to bom v dobrobit ob\u010dine takoj izkoristil. Obiskal bom nekaj ministrov, ki so mi \u017ee izrazili podporo v izvedbi na\u0161ih projektov, in se z njimi dogovoril o na\u010dinu pospe\u0161evanja in sofinanciranja v tej kampanji napovedanih projektov, kot so o\u017eivitev in ureditev mestnega centra s prilagoditvijo prometa, ureditev 100 km kolesarskih stez, graditev neprofitnih stanovanj za mlade, varovanih stanovanj za starej\u0161e in graditev kulturnega centra.\u00ab<\/p>\n<p><strong>Romana Brzin,<\/strong> kandidatka stranke Za ljudstvo Slovenije:<\/p>\n<p><a href=\"https:\/\/novice.si\/page\/wp-content\/uploads\/2022\/11\/Romana-Brzin3_resize.jpg\" data-gallery><img loading=\"lazy\" decoding=\"async\" class=\"alignnone size-medium wp-image-156348\" src=\"https:\/\/novice.si\/page\/wp-content\/uploads\/2022\/11\/Romana-Brzin3_resize-300x219.jpg\" alt=\"\" width=\"300\" height=\"219\" srcset=\"https:\/\/novice.si\/page\/wp-content\/uploads\/2022\/11\/Romana-Brzin3_resize-300x219.jpg 300w, https:\/\/novice.si\/page\/wp-content\/uploads\/2022\/11\/Romana-Brzin3_resize-768x559.jpg 768w, https:\/\/novice.si\/page\/wp-content\/uploads\/2022\/11\/Romana-Brzin3_resize-324x235.jpg 324w, https:\/\/novice.si\/page\/wp-content\/uploads\/2022\/11\/Romana-Brzin3_resize-696x507.jpg 696w, https:\/\/novice.si\/page\/wp-content\/uploads\/2022\/11\/Romana-Brzin3_resize-577x420.jpg 577w, https:\/\/novice.si\/page\/wp-content\/uploads\/2022\/11\/Romana-Brzin3_resize-24x17.jpg 24w, https:\/\/novice.si\/page\/wp-content\/uploads\/2022\/11\/Romana-Brzin3_resize-36x26.jpg 36w, https:\/\/novice.si\/page\/wp-content\/uploads\/2022\/11\/Romana-Brzin3_resize-48x35.jpg 48w, https:\/\/novice.si\/page\/wp-content\/uploads\/2022\/11\/Romana-Brzin3_resize.jpg 961w\" sizes=\"auto, (max-width: 300px) 100vw, 300px\" \/><\/a><\/p>\n<p>\u00bbV tem trenutku bi obudila mladinske centre po vseh krajevnih skupnostih na\u0161e ob\u010dine. Ob\u010dina se razprostira na 250 km2, kar je zelo razvejano obmo\u010dje. In iz svoje mladosti imam zelo lepe spomine na dru\u017eenje na Pragerskem, Zg. in Sp. Polskavi \u2026 Danes pa se otroci nimajo kam zate\u010di, nimajo strehe nad glavo, kjer bi se lahko dru\u017eili, bili kreativni, kaj ustvarjali \u2026 Vidim jih na \u0161olskem igri\u0161\u010du v de\u017eju, snegu \u2026 Vsaka KS potrebuje eno mladinsko sobo oz. zaveti\u0161\u010de, kjer bodo mladi tkali svoje ideje za prihodnost.\u00ab<\/p>\n","protected":false},"excerpt":{"rendered":"<p>Mini soo\u010denje. \u010ce bi lahko nemudoma spremenili samo eno stvar v svoji ob\u010dini, katera bi to bila? S tem vpra\u0161anjem smo soo\u010dili kandidatko in kandidate za \u017eupansko mesto ob\u010dine Slovenska Bistrica. Matej \u0160paninger, kandidat SNS: \u00bbPrva st var, za katero bi si prizadeval je, da se nadgradnja doma starostnikov nadaljuje, oz. da gre spet v [&hellip;]<\/p>\n","protected":false},"author":8,"featured_media":156351,"comment_status":"closed","ping_status":"closed","sticky":false,"template":"","format":"standard","meta":{"footnotes":""},"categories":[14,32],"tags":[171,936],"class_list":{"0":"post-156688","1":"post","2":"type-post","3":"status-publish","4":"format-standard","5":"has-post-thumbnail","7":"category-aktualno","8":"category-bistrisko","9":"tag-slovenska-bistrica","10":"tag-zupanski-kandidati"},"yoast_head":"<!-- This site is optimized with the Yoast SEO plugin v27.4 - https:\/\/yoast.com\/product\/yoast-seo-wordpress\/ -->\n<title>Kaj bi \u017eupanski kandidati nemudoma spremenili v ob\u010dini Slovenska Bistrica? - Novice.si<\/title>\n<meta name=\"robots\" content=\"index, follow, max-snippet:-1, max-image-preview:large, max-video-preview:-1\" \/>\n<link rel=\"canonical\" href=\"https:\/\/novice.si\/page\/kaj-bi-zupanski-kandidati-nemudoma-spremenili-v-obcini-slovenska-bistrica\/\" \/>\n<meta property=\"og:locale\" content=\"sl_SI\" \/>\n<meta property=\"og:type\" content=\"article\" \/>\n<meta property=\"og:title\" content=\"Kaj bi \u017eupanski kandidati nemudoma spremenili v ob\u010dini Slovenska Bistrica? - Novice.si\" \/>\n<meta property=\"og:description\" content=\"Mini soo\u010denje. \u010ce bi lahko nemudoma spremenili samo eno stvar v svoji ob\u010dini, katera bi to bila? S tem vpra\u0161anjem smo soo\u010dili kandidatko in kandidate za \u017eupansko mesto ob\u010dine Slovenska Bistrica. Matej \u0160paninger, kandidat SNS: \u00bbPrva st var, za katero bi si prizadeval je, da se nadgradnja doma starostnikov nadaljuje, oz. da gre spet v [&hellip;]\" \/>\n<meta property=\"og:url\" content=\"https:\/\/novice.si\/page\/kaj-bi-zupanski-kandidati-nemudoma-spremenili-v-obcini-slovenska-bistrica\/\" \/>\n<meta property=\"og:site_name\" content=\"Novice.si\" \/>\n<meta property=\"article:published_time\" content=\"2022-11-17T09:27:38+00:00\" \/>\n<meta property=\"og:image\" content=\"https:\/\/novice.si\/page\/wp-content\/uploads\/2022\/11\/zupani-sb_resize.jpg\" \/>\n\t<meta property=\"og:image:width\" content=\"1000\" \/>\n\t<meta property=\"og:image:height\" content=\"671\" \/>\n\t<meta property=\"og:image:type\" content=\"image\/jpeg\" \/>\n<meta name=\"author\" content=\"Uredni\u0161tvo Bistri\u0161kih novic\" \/>\n<meta name=\"twitter:card\" content=\"summary_large_image\" \/>\n<meta name=\"twitter:label1\" content=\"Written by\" \/>\n\t<meta name=\"twitter:data1\" content=\"Uredni\u0161tvo Bistri\u0161kih novic\" \/>\n\t<meta name=\"twitter:label2\" content=\"Est. reading time\" \/>\n\t<meta name=\"twitter:data2\" content=\"3 minute\" \/>\n<script type=\"application\/ld+json\" class=\"yoast-schema-graph\">{\"@context\":\"https:\\\/\\\/schema.org\",\"@graph\":[{\"@type\":\"Article\",\"@id\":\"https:\\\/\\\/novice.si\\\/page\\\/kaj-bi-zupanski-kandidati-nemudoma-spremenili-v-obcini-slovenska-bistrica\\\/#article\",\"isPartOf\":{\"@id\":\"https:\\\/\\\/novice.si\\\/page\\\/kaj-bi-zupanski-kandidati-nemudoma-spremenili-v-obcini-slovenska-bistrica\\\/\"},\"author\":{\"name\":\"Uredni\u0161tvo Bistri\u0161kih novic\",\"@id\":\"https:\\\/\\\/novice.si\\\/page\\\/#\\\/schema\\\/person\\\/96b32396deedcde3f7f776c306b4be21\"},\"headline\":\"Kaj bi \u017eupanski kandidati nemudoma spremenili v ob\u010dini Slovenska Bistrica?\",\"datePublished\":\"2022-11-17T09:27:38+00:00\",\"mainEntityOfPage\":{\"@id\":\"https:\\\/\\\/novice.si\\\/page\\\/kaj-bi-zupanski-kandidati-nemudoma-spremenili-v-obcini-slovenska-bistrica\\\/\"},\"wordCount\":422,\"publisher\":{\"@id\":\"https:\\\/\\\/novice.si\\\/page\\\/#organization\"},\"image\":{\"@id\":\"https:\\\/\\\/novice.si\\\/page\\\/kaj-bi-zupanski-kandidati-nemudoma-spremenili-v-obcini-slovenska-bistrica\\\/#primaryimage\"},\"thumbnailUrl\":\"https:\\\/\\\/novice.si\\\/page\\\/wp-content\\\/uploads\\\/2022\\\/11\\\/zupani-sb_resize.jpg\",\"keywords\":[\"Slovenska Bistrica\",\"\u017eupanski kandidati\"],\"articleSection\":[\"Aktualno\",\"Bistri\u0161ko\"],\"inLanguage\":\"sl-SI\"},{\"@type\":\"WebPage\",\"@id\":\"https:\\\/\\\/novice.si\\\/page\\\/kaj-bi-zupanski-kandidati-nemudoma-spremenili-v-obcini-slovenska-bistrica\\\/\",\"url\":\"https:\\\/\\\/novice.si\\\/page\\\/kaj-bi-zupanski-kandidati-nemudoma-spremenili-v-obcini-slovenska-bistrica\\\/\",\"name\":\"Kaj bi \u017eupanski kandidati nemudoma spremenili v ob\u010dini Slovenska Bistrica? - Novice.si\",\"isPartOf\":{\"@id\":\"https:\\\/\\\/novice.si\\\/page\\\/#website\"},\"primaryImageOfPage\":{\"@id\":\"https:\\\/\\\/novice.si\\\/page\\\/kaj-bi-zupanski-kandidati-nemudoma-spremenili-v-obcini-slovenska-bistrica\\\/#primaryimage\"},\"image\":{\"@id\":\"https:\\\/\\\/novice.si\\\/page\\\/kaj-bi-zupanski-kandidati-nemudoma-spremenili-v-obcini-slovenska-bistrica\\\/#primaryimage\"},\"thumbnailUrl\":\"https:\\\/\\\/novice.si\\\/page\\\/wp-content\\\/uploads\\\/2022\\\/11\\\/zupani-sb_resize.jpg\",\"datePublished\":\"2022-11-17T09:27:38+00:00\",\"breadcrumb\":{\"@id\":\"https:\\\/\\\/novice.si\\\/page\\\/kaj-bi-zupanski-kandidati-nemudoma-spremenili-v-obcini-slovenska-bistrica\\\/#breadcrumb\"},\"inLanguage\":\"sl-SI\",\"potentialAction\":[{\"@type\":\"ReadAction\",\"target\":[\"https:\\\/\\\/novice.si\\\/page\\\/kaj-bi-zupanski-kandidati-nemudoma-spremenili-v-obcini-slovenska-bistrica\\\/\"]}]},{\"@type\":\"ImageObject\",\"inLanguage\":\"sl-SI\",\"@id\":\"https:\\\/\\\/novice.si\\\/page\\\/kaj-bi-zupanski-kandidati-nemudoma-spremenili-v-obcini-slovenska-bistrica\\\/#primaryimage\",\"url\":\"https:\\\/\\\/novice.si\\\/page\\\/wp-content\\\/uploads\\\/2022\\\/11\\\/zupani-sb_resize.jpg\",\"contentUrl\":\"https:\\\/\\\/novice.si\\\/page\\\/wp-content\\\/uploads\\\/2022\\\/11\\\/zupani-sb_resize.jpg\",\"width\":1000,\"height\":671},{\"@type\":\"BreadcrumbList\",\"@id\":\"https:\\\/\\\/novice.si\\\/page\\\/kaj-bi-zupanski-kandidati-nemudoma-spremenili-v-obcini-slovenska-bistrica\\\/#breadcrumb\",\"itemListElement\":[{\"@type\":\"ListItem\",\"position\":1,\"name\":\"Home\",\"item\":\"https:\\\/\\\/novice.si\\\/page\\\/\"},{\"@type\":\"ListItem\",\"position\":2,\"name\":\"Kaj bi \u017eupanski kandidati nemudoma spremenili v ob\u010dini Slovenska Bistrica?\"}]},{\"@type\":\"WebSite\",\"@id\":\"https:\\\/\\\/novice.si\\\/page\\\/#website\",\"url\":\"https:\\\/\\\/novice.si\\\/page\\\/\",\"name\":\"Novice.si\",\"description\":\"\",\"publisher\":{\"@id\":\"https:\\\/\\\/novice.si\\\/page\\\/#organization\"},\"potentialAction\":[{\"@type\":\"SearchAction\",\"target\":{\"@type\":\"EntryPoint\",\"urlTemplate\":\"https:\\\/\\\/novice.si\\\/page\\\/?s={search_term_string}\"},\"query-input\":{\"@type\":\"PropertyValueSpecification\",\"valueRequired\":true,\"valueName\":\"search_term_string\"}}],\"inLanguage\":\"sl-SI\"},{\"@type\":\"Organization\",\"@id\":\"https:\\\/\\\/novice.si\\\/page\\\/#organization\",\"name\":\"Novice.si\",\"url\":\"https:\\\/\\\/novice.si\\\/page\\\/\",\"logo\":{\"@type\":\"ImageObject\",\"inLanguage\":\"sl-SI\",\"@id\":\"https:\\\/\\\/novice.si\\\/page\\\/#\\\/schema\\\/logo\\\/image\\\/\",\"url\":\"https:\\\/\\\/novice.si\\\/page\\\/wp-content\\\/uploads\\\/2023\\\/03\\\/novice_si.png\",\"contentUrl\":\"https:\\\/\\\/novice.si\\\/page\\\/wp-content\\\/uploads\\\/2023\\\/03\\\/novice_si.png\",\"width\":576,\"height\":200,\"caption\":\"Novice.si\"},\"image\":{\"@id\":\"https:\\\/\\\/novice.si\\\/page\\\/#\\\/schema\\\/logo\\\/image\\\/\"}},{\"@type\":\"Person\",\"@id\":\"https:\\\/\\\/novice.si\\\/page\\\/#\\\/schema\\\/person\\\/96b32396deedcde3f7f776c306b4be21\",\"name\":\"Uredni\u0161tvo Bistri\u0161kih novic\",\"image\":{\"@type\":\"ImageObject\",\"inLanguage\":\"sl-SI\",\"@id\":\"https:\\\/\\\/secure.gravatar.com\\\/avatar\\\/26c56c4b10cdb3a21e86442e5f2845a4eafdd0f3605def77ec6cff4aaef32ea4?s=96&d=mm&r=g\",\"url\":\"https:\\\/\\\/secure.gravatar.com\\\/avatar\\\/26c56c4b10cdb3a21e86442e5f2845a4eafdd0f3605def77ec6cff4aaef32ea4?s=96&d=mm&r=g\",\"contentUrl\":\"https:\\\/\\\/secure.gravatar.com\\\/avatar\\\/26c56c4b10cdb3a21e86442e5f2845a4eafdd0f3605def77ec6cff4aaef32ea4?s=96&d=mm&r=g\",\"caption\":\"Uredni\u0161tvo Bistri\u0161kih novic\"},\"url\":\"https:\\\/\\\/novice.si\\\/page\\\/author\\\/bojana\\\/\"}]}<\/script>\n<!-- \/ Yoast SEO plugin. -->","yoast_head_json":{"title":"Kaj bi \u017eupanski kandidati nemudoma spremenili v ob\u010dini Slovenska Bistrica? - Novice.si","robots":{"index":"index","follow":"follow","max-snippet":"max-snippet:-1","max-image-preview":"max-image-preview:large","max-video-preview":"max-video-preview:-1"},"canonical":"https:\/\/novice.si\/page\/kaj-bi-zupanski-kandidati-nemudoma-spremenili-v-obcini-slovenska-bistrica\/","og_locale":"sl_SI","og_type":"article","og_title":"Kaj bi \u017eupanski kandidati nemudoma spremenili v ob\u010dini Slovenska Bistrica? - Novice.si","og_description":"Mini soo\u010denje. \u010ce bi lahko nemudoma spremenili samo eno stvar v svoji ob\u010dini, katera bi to bila? S tem vpra\u0161anjem smo soo\u010dili kandidatko in kandidate za \u017eupansko mesto ob\u010dine Slovenska Bistrica. Matej \u0160paninger, kandidat SNS: \u00bbPrva st var, za katero bi si prizadeval je, da se nadgradnja doma starostnikov nadaljuje, oz. da gre spet v [&hellip;]","og_url":"https:\/\/novice.si\/page\/kaj-bi-zupanski-kandidati-nemudoma-spremenili-v-obcini-slovenska-bistrica\/","og_site_name":"Novice.si","article_published_time":"2022-11-17T09:27:38+00:00","og_image":[{"width":1000,"height":671,"url":"https:\/\/novice.si\/page\/wp-content\/uploads\/2022\/11\/zupani-sb_resize.jpg","type":"image\/jpeg"}],"author":"Uredni\u0161tvo Bistri\u0161kih novic","twitter_card":"summary_large_image","twitter_misc":{"Written by":"Uredni\u0161tvo Bistri\u0161kih novic","Est. reading time":"3 minute"},"schema":{"@context":"https:\/\/schema.org","@graph":[{"@type":"Article","@id":"https:\/\/novice.si\/page\/kaj-bi-zupanski-kandidati-nemudoma-spremenili-v-obcini-slovenska-bistrica\/#article","isPartOf":{"@id":"https:\/\/novice.si\/page\/kaj-bi-zupanski-kandidati-nemudoma-spremenili-v-obcini-slovenska-bistrica\/"},"author":{"name":"Uredni\u0161tvo Bistri\u0161kih novic","@id":"https:\/\/novice.si\/page\/#\/schema\/person\/96b32396deedcde3f7f776c306b4be21"},"headline":"Kaj bi \u017eupanski kandidati nemudoma spremenili v ob\u010dini Slovenska Bistrica?","datePublished":"2022-11-17T09:27:38+00:00","mainEntityOfPage":{"@id":"https:\/\/novice.si\/page\/kaj-bi-zupanski-kandidati-nemudoma-spremenili-v-obcini-slovenska-bistrica\/"},"wordCount":422,"publisher":{"@id":"https:\/\/novice.si\/page\/#organization"},"image":{"@id":"https:\/\/novice.si\/page\/kaj-bi-zupanski-kandidati-nemudoma-spremenili-v-obcini-slovenska-bistrica\/#primaryimage"},"thumbnailUrl":"https:\/\/novice.si\/page\/wp-content\/uploads\/2022\/11\/zupani-sb_resize.jpg","keywords":["Slovenska Bistrica","\u017eupanski kandidati"],"articleSection":["Aktualno","Bistri\u0161ko"],"inLanguage":"sl-SI"},{"@type":"WebPage","@id":"https:\/\/novice.si\/page\/kaj-bi-zupanski-kandidati-nemudoma-spremenili-v-obcini-slovenska-bistrica\/","url":"https:\/\/novice.si\/page\/kaj-bi-zupanski-kandidati-nemudoma-spremenili-v-obcini-slovenska-bistrica\/","name":"Kaj bi \u017eupanski kandidati nemudoma spremenili v ob\u010dini Slovenska Bistrica? - Novice.si","isPartOf":{"@id":"https:\/\/novice.si\/page\/#website"},"primaryImageOfPage":{"@id":"https:\/\/novice.si\/page\/kaj-bi-zupanski-kandidati-nemudoma-spremenili-v-obcini-slovenska-bistrica\/#primaryimage"},"image":{"@id":"https:\/\/novice.si\/page\/kaj-bi-zupanski-kandidati-nemudoma-spremenili-v-obcini-slovenska-bistrica\/#primaryimage"},"thumbnailUrl":"https:\/\/novice.si\/page\/wp-content\/uploads\/2022\/11\/zupani-sb_resize.jpg","datePublished":"2022-11-17T09:27:38+00:00","breadcrumb":{"@id":"https:\/\/novice.si\/page\/kaj-bi-zupanski-kandidati-nemudoma-spremenili-v-obcini-slovenska-bistrica\/#breadcrumb"},"inLanguage":"sl-SI","potentialAction":[{"@type":"ReadAction","target":["https:\/\/novice.si\/page\/kaj-bi-zupanski-kandidati-nemudoma-spremenili-v-obcini-slovenska-bistrica\/"]}]},{"@type":"ImageObject","inLanguage":"sl-SI","@id":"https:\/\/novice.si\/page\/kaj-bi-zupanski-kandidati-nemudoma-spremenili-v-obcini-slovenska-bistrica\/#primaryimage","url":"https:\/\/novice.si\/page\/wp-content\/uploads\/2022\/11\/zupani-sb_resize.jpg","contentUrl":"https:\/\/novice.si\/page\/wp-content\/uploads\/2022\/11\/zupani-sb_resize.jpg","width":1000,"height":671},{"@type":"BreadcrumbList","@id":"https:\/\/novice.si\/page\/kaj-bi-zupanski-kandidati-nemudoma-spremenili-v-obcini-slovenska-bistrica\/#breadcrumb","itemListElement":[{"@type":"ListItem","position":1,"name":"Home","item":"https:\/\/novice.si\/page\/"},{"@type":"ListItem","position":2,"name":"Kaj bi \u017eupanski kandidati nemudoma spremenili v ob\u010dini Slovenska Bistrica?"}]},{"@type":"WebSite","@id":"https:\/\/novice.si\/page\/#website","url":"https:\/\/novice.si\/page\/","name":"Novice.si","description":"","publisher":{"@id":"https:\/\/novice.si\/page\/#organization"},"potentialAction":[{"@type":"SearchAction","target":{"@type":"EntryPoint","urlTemplate":"https:\/\/novice.si\/page\/?s={search_term_string}"},"query-input":{"@type":"PropertyValueSpecification","valueRequired":true,"valueName":"search_term_string"}}],"inLanguage":"sl-SI"},{"@type":"Organization","@id":"https:\/\/novice.si\/page\/#organization","name":"Novice.si","url":"https:\/\/novice.si\/page\/","logo":{"@type":"ImageObject","inLanguage":"sl-SI","@id":"https:\/\/novice.si\/page\/#\/schema\/logo\/image\/","url":"https:\/\/novice.si\/page\/wp-content\/uploads\/2023\/03\/novice_si.png","contentUrl":"https:\/\/novice.si\/page\/wp-content\/uploads\/2023\/03\/novice_si.png","width":576,"height":200,"caption":"Novice.si"},"image":{"@id":"https:\/\/novice.si\/page\/#\/schema\/logo\/image\/"}},{"@type":"Person","@id":"https:\/\/novice.si\/page\/#\/schema\/person\/96b32396deedcde3f7f776c306b4be21","name":"Uredni\u0161tvo Bistri\u0161kih novic","image":{"@type":"ImageObject","inLanguage":"sl-SI","@id":"https:\/\/secure.gravatar.com\/avatar\/26c56c4b10cdb3a21e86442e5f2845a4eafdd0f3605def77ec6cff4aaef32ea4?s=96&d=mm&r=g","url":"https:\/\/secure.gravatar.com\/avatar\/26c56c4b10cdb3a21e86442e5f2845a4eafdd0f3605def77ec6cff4aaef32ea4?s=96&d=mm&r=g","contentUrl":"https:\/\/secure.gravatar.com\/avatar\/26c56c4b10cdb3a21e86442e5f2845a4eafdd0f3605def77ec6cff4aaef32ea4?s=96&d=mm&r=g","caption":"Uredni\u0161tvo Bistri\u0161kih novic"},"url":"https:\/\/novice.si\/page\/author\/bojana\/"}]}},"_links":{"self":[{"href":"https:\/\/novice.si\/page\/wp-json\/wp\/v2\/posts\/156688","targetHints":{"allow":["GET"]}}],"collection":[{"href":"https:\/\/novice.si\/page\/wp-json\/wp\/v2\/posts"}],"about":[{"href":"https:\/\/novice.si\/page\/wp-json\/wp\/v2\/types\/post"}],"author":[{"embeddable":true,"href":"https:\/\/novice.si\/page\/wp-json\/wp\/v2\/users\/8"}],"replies":[{"embeddable":true,"href":"https:\/\/novice.si\/page\/wp-json\/wp\/v2\/comments?post=156688"}],"version-history":[{"count":1,"href":"https:\/\/novice.si\/page\/wp-json\/wp\/v2\/posts\/156688\/revisions"}],"predecessor-version":[{"id":156689,"href":"https:\/\/novice.si\/page\/wp-json\/wp\/v2\/posts\/156688\/revisions\/156689"}],"wp:featuredmedia":[{"embeddable":true,"href":"https:\/\/novice.si\/page\/wp-json\/wp\/v2\/media\/156351"}],"wp:attachment":[{"href":"https:\/\/novice.si\/page\/wp-json\/wp\/v2\/media?parent=156688"}],"wp:term":[{"taxonomy":"category","embeddable":true,"href":"https:\/\/novice.si\/page\/wp-json\/wp\/v2\/categories?post=156688"},{"taxonomy":"post_tag","embeddable":true,"href":"https:\/\/novice.si\/page\/wp-json\/wp\/v2\/tags?post=156688"}],"curies":[{"name":"wp","href":"https:\/\/api.w.org\/{rel}","templated":true}]}}