{"id":156681,"date":"2022-11-17T12:53:19","date_gmt":"2022-11-17T11:53:19","guid":{"rendered":"https:\/\/novice.si\/page\/?p=156681"},"modified":"2022-11-17T12:53:19","modified_gmt":"2022-11-17T11:53:19","slug":"pogodba-za-obnovo-konjiske-sole-pod-goro-podpisana","status":"publish","type":"post","link":"https:\/\/novice.si\/page\/pogodba-za-obnovo-konjiske-sole-pod-goro-podpisana\/","title":{"rendered":"Pogodba za obnovo konji\u0161ke \u0161ole Pod goro podpisana"},"content":{"rendered":"<p><a href=\"https:\/\/novice.si\/page\/wp-content\/uploads\/2022\/11\/IMG_6735_resize.jpg\" data-gallery><img loading=\"lazy\" decoding=\"async\" class=\"size-medium wp-image-156700 alignleft\" src=\"https:\/\/novice.si\/page\/wp-content\/uploads\/2022\/11\/IMG_6735_resize-300x200.jpg\" alt=\"\" width=\"300\" height=\"200\" srcset=\"https:\/\/novice.si\/page\/wp-content\/uploads\/2022\/11\/IMG_6735_resize-300x200.jpg 300w, https:\/\/novice.si\/page\/wp-content\/uploads\/2022\/11\/IMG_6735_resize-768x512.jpg 768w, https:\/\/novice.si\/page\/wp-content\/uploads\/2022\/11\/IMG_6735_resize-696x464.jpg 696w, https:\/\/novice.si\/page\/wp-content\/uploads\/2022\/11\/IMG_6735_resize-630x420.jpg 630w, https:\/\/novice.si\/page\/wp-content\/uploads\/2022\/11\/IMG_6735_resize-24x16.jpg 24w, https:\/\/novice.si\/page\/wp-content\/uploads\/2022\/11\/IMG_6735_resize-36x24.jpg 36w, https:\/\/novice.si\/page\/wp-content\/uploads\/2022\/11\/IMG_6735_resize-48x32.jpg 48w, https:\/\/novice.si\/page\/wp-content\/uploads\/2022\/11\/IMG_6735_resize.jpg 800w\" sizes=\"auto, (max-width: 300px) 100vw, 300px\" \/><\/a>Predvidoma februarja bodo za\u010deli z obnovo najstarej\u0161ega dela konji\u0161ke osnovne \u0161ole Pod goro, objekta, ki so ga zgradili leta 1909. V\u010deraj so na Ob\u010dini Slovenske Konjice \u017ee podpisali pogodbo z izbranim izvajalcem \u2013 podjetjem Makro 5 gradnje iz Kopra. Da gre za zelo velik projekt, je poudaril \u017eupan <strong>Darko Ratajc<\/strong>: &#8220;Vrednost nalo\u017ebe je 3,4 milijona evrov. V bistvu bo ostal samo skelet, vse ostalo v tem objektu bo novo, tudi stati\u010dno ga bodo sanirali, nove bodo in\u0161talacije, \u2026 Poleg sanacije pa bomo pridobili tudi pribli\u017eno 300 kvadratnih metrov novih povr\u0161in, ki bodo namenjene pouku in drugim dejavnostim v \u0161oli.&#8221;<br \/>\nZ obnovitvenimi deli naj bi kon\u010dali do junija 2024. Do takrat bo pouk razumljivo moten, deset razredov bodo tudi za\u010dasno preselili na druge lokacije. <em>Ve\u010d &#8211; tudi, kako se na situacijo pripravljajo na \u0161oli, v naslednji \u0161tevilki lokalnega \u010dasopisa NOVICE.<\/em> (Jure Mernik)<\/p>\n","protected":false},"excerpt":{"rendered":"<p>Predvidoma februarja bodo za\u010deli z obnovo najstarej\u0161ega dela konji\u0161ke osnovne \u0161ole Pod goro, objekta, ki so ga zgradili leta 1909. V\u010deraj so na Ob\u010dini Slovenske Konjice \u017ee podpisali pogodbo z izbranim izvajalcem \u2013 podjetjem Makro 5 gradnje iz Kopra. Da gre za zelo velik projekt, je poudaril \u017eupan Darko Ratajc: &#8220;Vrednost nalo\u017ebe je 3,4 milijona [&hellip;]<\/p>\n","protected":false},"author":7,"featured_media":156701,"comment_status":"closed","ping_status":"closed","sticky":false,"template":"","format":"standard","meta":{"footnotes":""},"categories":[14,16],"tags":[6602,3409],"class_list":{"0":"post-156681","1":"post","2":"type-post","3":"status-publish","4":"format-standard","5":"has-post-thumbnail","7":"category-aktualno","8":"category-konjisko","9":"tag-darko-ratajc","10":"tag-os-pod-goro"},"yoast_head":"<!-- This site is optimized with the Yoast SEO plugin v27.4 - https:\/\/yoast.com\/product\/yoast-seo-wordpress\/ -->\n<title>Pogodba za obnovo konji\u0161ke \u0161ole Pod goro podpisana - Novice.si<\/title>\n<meta name=\"robots\" content=\"index, follow, max-snippet:-1, max-image-preview:large, max-video-preview:-1\" \/>\n<link rel=\"canonical\" href=\"https:\/\/novice.si\/page\/pogodba-za-obnovo-konjiske-sole-pod-goro-podpisana\/\" \/>\n<meta property=\"og:locale\" content=\"sl_SI\" \/>\n<meta property=\"og:type\" content=\"article\" \/>\n<meta property=\"og:title\" content=\"Pogodba za obnovo konji\u0161ke \u0161ole Pod goro podpisana - Novice.si\" \/>\n<meta property=\"og:description\" content=\"Predvidoma februarja bodo za\u010deli z obnovo najstarej\u0161ega dela konji\u0161ke osnovne \u0161ole Pod goro, objekta, ki so ga zgradili leta 1909. V\u010deraj so na Ob\u010dini Slovenske Konjice \u017ee podpisali pogodbo z izbranim izvajalcem \u2013 podjetjem Makro 5 gradnje iz Kopra. Da gre za zelo velik projekt, je poudaril \u017eupan Darko Ratajc: &#8220;Vrednost nalo\u017ebe je 3,4 milijona [&hellip;]\" \/>\n<meta property=\"og:url\" content=\"https:\/\/novice.si\/page\/pogodba-za-obnovo-konjiske-sole-pod-goro-podpisana\/\" \/>\n<meta property=\"og:site_name\" content=\"Novice.si\" \/>\n<meta property=\"article:published_time\" content=\"2022-11-17T11:53:19+00:00\" \/>\n<meta property=\"og:image\" content=\"https:\/\/novice.si\/page\/wp-content\/uploads\/2022\/11\/IMG_6743_resize.jpg\" \/>\n\t<meta property=\"og:image:width\" content=\"800\" \/>\n\t<meta property=\"og:image:height\" content=\"533\" \/>\n\t<meta property=\"og:image:type\" content=\"image\/jpeg\" \/>\n<meta name=\"author\" content=\"Uredni\u0161tvo Novic\" \/>\n<meta name=\"twitter:card\" content=\"summary_large_image\" \/>\n<meta name=\"twitter:label1\" content=\"Written by\" \/>\n\t<meta name=\"twitter:data1\" content=\"Uredni\u0161tvo Novic\" \/>\n\t<meta name=\"twitter:label2\" content=\"Est. reading time\" \/>\n\t<meta name=\"twitter:data2\" content=\"1 minuta\" \/>\n<script type=\"application\/ld+json\" class=\"yoast-schema-graph\">{\"@context\":\"https:\\\/\\\/schema.org\",\"@graph\":[{\"@type\":\"Article\",\"@id\":\"https:\\\/\\\/novice.si\\\/page\\\/pogodba-za-obnovo-konjiske-sole-pod-goro-podpisana\\\/#article\",\"isPartOf\":{\"@id\":\"https:\\\/\\\/novice.si\\\/page\\\/pogodba-za-obnovo-konjiske-sole-pod-goro-podpisana\\\/\"},\"author\":{\"name\":\"Uredni\u0161tvo Novic\",\"@id\":\"https:\\\/\\\/novice.si\\\/page\\\/#\\\/schema\\\/person\\\/a877dbb8680d441357ce27663beb35ca\"},\"headline\":\"Pogodba za obnovo konji\u0161ke \u0161ole Pod goro podpisana\",\"datePublished\":\"2022-11-17T11:53:19+00:00\",\"mainEntityOfPage\":{\"@id\":\"https:\\\/\\\/novice.si\\\/page\\\/pogodba-za-obnovo-konjiske-sole-pod-goro-podpisana\\\/\"},\"wordCount\":155,\"publisher\":{\"@id\":\"https:\\\/\\\/novice.si\\\/page\\\/#organization\"},\"image\":{\"@id\":\"https:\\\/\\\/novice.si\\\/page\\\/pogodba-za-obnovo-konjiske-sole-pod-goro-podpisana\\\/#primaryimage\"},\"thumbnailUrl\":\"https:\\\/\\\/novice.si\\\/page\\\/wp-content\\\/uploads\\\/2022\\\/11\\\/IMG_6743_resize.jpg\",\"keywords\":[\"Darko Ratajc\",\"O\u0160 Pod goro\"],\"articleSection\":[\"Aktualno\",\"Konji\u0161ko\"],\"inLanguage\":\"sl-SI\"},{\"@type\":\"WebPage\",\"@id\":\"https:\\\/\\\/novice.si\\\/page\\\/pogodba-za-obnovo-konjiske-sole-pod-goro-podpisana\\\/\",\"url\":\"https:\\\/\\\/novice.si\\\/page\\\/pogodba-za-obnovo-konjiske-sole-pod-goro-podpisana\\\/\",\"name\":\"Pogodba za obnovo konji\u0161ke \u0161ole Pod goro podpisana - Novice.si\",\"isPartOf\":{\"@id\":\"https:\\\/\\\/novice.si\\\/page\\\/#website\"},\"primaryImageOfPage\":{\"@id\":\"https:\\\/\\\/novice.si\\\/page\\\/pogodba-za-obnovo-konjiske-sole-pod-goro-podpisana\\\/#primaryimage\"},\"image\":{\"@id\":\"https:\\\/\\\/novice.si\\\/page\\\/pogodba-za-obnovo-konjiske-sole-pod-goro-podpisana\\\/#primaryimage\"},\"thumbnailUrl\":\"https:\\\/\\\/novice.si\\\/page\\\/wp-content\\\/uploads\\\/2022\\\/11\\\/IMG_6743_resize.jpg\",\"datePublished\":\"2022-11-17T11:53:19+00:00\",\"breadcrumb\":{\"@id\":\"https:\\\/\\\/novice.si\\\/page\\\/pogodba-za-obnovo-konjiske-sole-pod-goro-podpisana\\\/#breadcrumb\"},\"inLanguage\":\"sl-SI\",\"potentialAction\":[{\"@type\":\"ReadAction\",\"target\":[\"https:\\\/\\\/novice.si\\\/page\\\/pogodba-za-obnovo-konjiske-sole-pod-goro-podpisana\\\/\"]}]},{\"@type\":\"ImageObject\",\"inLanguage\":\"sl-SI\",\"@id\":\"https:\\\/\\\/novice.si\\\/page\\\/pogodba-za-obnovo-konjiske-sole-pod-goro-podpisana\\\/#primaryimage\",\"url\":\"https:\\\/\\\/novice.si\\\/page\\\/wp-content\\\/uploads\\\/2022\\\/11\\\/IMG_6743_resize.jpg\",\"contentUrl\":\"https:\\\/\\\/novice.si\\\/page\\\/wp-content\\\/uploads\\\/2022\\\/11\\\/IMG_6743_resize.jpg\",\"width\":800,\"height\":533},{\"@type\":\"BreadcrumbList\",\"@id\":\"https:\\\/\\\/novice.si\\\/page\\\/pogodba-za-obnovo-konjiske-sole-pod-goro-podpisana\\\/#breadcrumb\",\"itemListElement\":[{\"@type\":\"ListItem\",\"position\":1,\"name\":\"Home\",\"item\":\"https:\\\/\\\/novice.si\\\/page\\\/\"},{\"@type\":\"ListItem\",\"position\":2,\"name\":\"Pogodba za obnovo konji\u0161ke \u0161ole Pod goro podpisana\"}]},{\"@type\":\"WebSite\",\"@id\":\"https:\\\/\\\/novice.si\\\/page\\\/#website\",\"url\":\"https:\\\/\\\/novice.si\\\/page\\\/\",\"name\":\"Novice.si\",\"description\":\"\",\"publisher\":{\"@id\":\"https:\\\/\\\/novice.si\\\/page\\\/#organization\"},\"potentialAction\":[{\"@type\":\"SearchAction\",\"target\":{\"@type\":\"EntryPoint\",\"urlTemplate\":\"https:\\\/\\\/novice.si\\\/page\\\/?s={search_term_string}\"},\"query-input\":{\"@type\":\"PropertyValueSpecification\",\"valueRequired\":true,\"valueName\":\"search_term_string\"}}],\"inLanguage\":\"sl-SI\"},{\"@type\":\"Organization\",\"@id\":\"https:\\\/\\\/novice.si\\\/page\\\/#organization\",\"name\":\"Novice.si\",\"url\":\"https:\\\/\\\/novice.si\\\/page\\\/\",\"logo\":{\"@type\":\"ImageObject\",\"inLanguage\":\"sl-SI\",\"@id\":\"https:\\\/\\\/novice.si\\\/page\\\/#\\\/schema\\\/logo\\\/image\\\/\",\"url\":\"https:\\\/\\\/novice.si\\\/page\\\/wp-content\\\/uploads\\\/2023\\\/03\\\/novice_si.png\",\"contentUrl\":\"https:\\\/\\\/novice.si\\\/page\\\/wp-content\\\/uploads\\\/2023\\\/03\\\/novice_si.png\",\"width\":576,\"height\":200,\"caption\":\"Novice.si\"},\"image\":{\"@id\":\"https:\\\/\\\/novice.si\\\/page\\\/#\\\/schema\\\/logo\\\/image\\\/\"}},{\"@type\":\"Person\",\"@id\":\"https:\\\/\\\/novice.si\\\/page\\\/#\\\/schema\\\/person\\\/a877dbb8680d441357ce27663beb35ca\",\"name\":\"Uredni\u0161tvo Novic\",\"image\":{\"@type\":\"ImageObject\",\"inLanguage\":\"sl-SI\",\"@id\":\"https:\\\/\\\/secure.gravatar.com\\\/avatar\\\/f19c0ae874706cc9ba19d2f6da5f74a5a5ee7674f283fed29ce0ad16a9f1893e?s=96&d=mm&r=g\",\"url\":\"https:\\\/\\\/secure.gravatar.com\\\/avatar\\\/f19c0ae874706cc9ba19d2f6da5f74a5a5ee7674f283fed29ce0ad16a9f1893e?s=96&d=mm&r=g\",\"contentUrl\":\"https:\\\/\\\/secure.gravatar.com\\\/avatar\\\/f19c0ae874706cc9ba19d2f6da5f74a5a5ee7674f283fed29ce0ad16a9f1893e?s=96&d=mm&r=g\",\"caption\":\"Uredni\u0161tvo Novic\"},\"url\":\"https:\\\/\\\/novice.si\\\/page\\\/author\\\/jure\\\/\"}]}<\/script>\n<!-- \/ Yoast SEO plugin. -->","yoast_head_json":{"title":"Pogodba za obnovo konji\u0161ke \u0161ole Pod goro podpisana - Novice.si","robots":{"index":"index","follow":"follow","max-snippet":"max-snippet:-1","max-image-preview":"max-image-preview:large","max-video-preview":"max-video-preview:-1"},"canonical":"https:\/\/novice.si\/page\/pogodba-za-obnovo-konjiske-sole-pod-goro-podpisana\/","og_locale":"sl_SI","og_type":"article","og_title":"Pogodba za obnovo konji\u0161ke \u0161ole Pod goro podpisana - Novice.si","og_description":"Predvidoma februarja bodo za\u010deli z obnovo najstarej\u0161ega dela konji\u0161ke osnovne \u0161ole Pod goro, objekta, ki so ga zgradili leta 1909. V\u010deraj so na Ob\u010dini Slovenske Konjice \u017ee podpisali pogodbo z izbranim izvajalcem \u2013 podjetjem Makro 5 gradnje iz Kopra. Da gre za zelo velik projekt, je poudaril \u017eupan Darko Ratajc: &#8220;Vrednost nalo\u017ebe je 3,4 milijona [&hellip;]","og_url":"https:\/\/novice.si\/page\/pogodba-za-obnovo-konjiske-sole-pod-goro-podpisana\/","og_site_name":"Novice.si","article_published_time":"2022-11-17T11:53:19+00:00","og_image":[{"width":800,"height":533,"url":"https:\/\/novice.si\/page\/wp-content\/uploads\/2022\/11\/IMG_6743_resize.jpg","type":"image\/jpeg"}],"author":"Uredni\u0161tvo Novic","twitter_card":"summary_large_image","twitter_misc":{"Written by":"Uredni\u0161tvo Novic","Est. reading time":"1 minuta"},"schema":{"@context":"https:\/\/schema.org","@graph":[{"@type":"Article","@id":"https:\/\/novice.si\/page\/pogodba-za-obnovo-konjiske-sole-pod-goro-podpisana\/#article","isPartOf":{"@id":"https:\/\/novice.si\/page\/pogodba-za-obnovo-konjiske-sole-pod-goro-podpisana\/"},"author":{"name":"Uredni\u0161tvo Novic","@id":"https:\/\/novice.si\/page\/#\/schema\/person\/a877dbb8680d441357ce27663beb35ca"},"headline":"Pogodba za obnovo konji\u0161ke \u0161ole Pod goro podpisana","datePublished":"2022-11-17T11:53:19+00:00","mainEntityOfPage":{"@id":"https:\/\/novice.si\/page\/pogodba-za-obnovo-konjiske-sole-pod-goro-podpisana\/"},"wordCount":155,"publisher":{"@id":"https:\/\/novice.si\/page\/#organization"},"image":{"@id":"https:\/\/novice.si\/page\/pogodba-za-obnovo-konjiske-sole-pod-goro-podpisana\/#primaryimage"},"thumbnailUrl":"https:\/\/novice.si\/page\/wp-content\/uploads\/2022\/11\/IMG_6743_resize.jpg","keywords":["Darko Ratajc","O\u0160 Pod goro"],"articleSection":["Aktualno","Konji\u0161ko"],"inLanguage":"sl-SI"},{"@type":"WebPage","@id":"https:\/\/novice.si\/page\/pogodba-za-obnovo-konjiske-sole-pod-goro-podpisana\/","url":"https:\/\/novice.si\/page\/pogodba-za-obnovo-konjiske-sole-pod-goro-podpisana\/","name":"Pogodba za obnovo konji\u0161ke \u0161ole Pod goro podpisana - Novice.si","isPartOf":{"@id":"https:\/\/novice.si\/page\/#website"},"primaryImageOfPage":{"@id":"https:\/\/novice.si\/page\/pogodba-za-obnovo-konjiske-sole-pod-goro-podpisana\/#primaryimage"},"image":{"@id":"https:\/\/novice.si\/page\/pogodba-za-obnovo-konjiske-sole-pod-goro-podpisana\/#primaryimage"},"thumbnailUrl":"https:\/\/novice.si\/page\/wp-content\/uploads\/2022\/11\/IMG_6743_resize.jpg","datePublished":"2022-11-17T11:53:19+00:00","breadcrumb":{"@id":"https:\/\/novice.si\/page\/pogodba-za-obnovo-konjiske-sole-pod-goro-podpisana\/#breadcrumb"},"inLanguage":"sl-SI","potentialAction":[{"@type":"ReadAction","target":["https:\/\/novice.si\/page\/pogodba-za-obnovo-konjiske-sole-pod-goro-podpisana\/"]}]},{"@type":"ImageObject","inLanguage":"sl-SI","@id":"https:\/\/novice.si\/page\/pogodba-za-obnovo-konjiske-sole-pod-goro-podpisana\/#primaryimage","url":"https:\/\/novice.si\/page\/wp-content\/uploads\/2022\/11\/IMG_6743_resize.jpg","contentUrl":"https:\/\/novice.si\/page\/wp-content\/uploads\/2022\/11\/IMG_6743_resize.jpg","width":800,"height":533},{"@type":"BreadcrumbList","@id":"https:\/\/novice.si\/page\/pogodba-za-obnovo-konjiske-sole-pod-goro-podpisana\/#breadcrumb","itemListElement":[{"@type":"ListItem","position":1,"name":"Home","item":"https:\/\/novice.si\/page\/"},{"@type":"ListItem","position":2,"name":"Pogodba za obnovo konji\u0161ke \u0161ole Pod goro podpisana"}]},{"@type":"WebSite","@id":"https:\/\/novice.si\/page\/#website","url":"https:\/\/novice.si\/page\/","name":"Novice.si","description":"","publisher":{"@id":"https:\/\/novice.si\/page\/#organization"},"potentialAction":[{"@type":"SearchAction","target":{"@type":"EntryPoint","urlTemplate":"https:\/\/novice.si\/page\/?s={search_term_string}"},"query-input":{"@type":"PropertyValueSpecification","valueRequired":true,"valueName":"search_term_string"}}],"inLanguage":"sl-SI"},{"@type":"Organization","@id":"https:\/\/novice.si\/page\/#organization","name":"Novice.si","url":"https:\/\/novice.si\/page\/","logo":{"@type":"ImageObject","inLanguage":"sl-SI","@id":"https:\/\/novice.si\/page\/#\/schema\/logo\/image\/","url":"https:\/\/novice.si\/page\/wp-content\/uploads\/2023\/03\/novice_si.png","contentUrl":"https:\/\/novice.si\/page\/wp-content\/uploads\/2023\/03\/novice_si.png","width":576,"height":200,"caption":"Novice.si"},"image":{"@id":"https:\/\/novice.si\/page\/#\/schema\/logo\/image\/"}},{"@type":"Person","@id":"https:\/\/novice.si\/page\/#\/schema\/person\/a877dbb8680d441357ce27663beb35ca","name":"Uredni\u0161tvo Novic","image":{"@type":"ImageObject","inLanguage":"sl-SI","@id":"https:\/\/secure.gravatar.com\/avatar\/f19c0ae874706cc9ba19d2f6da5f74a5a5ee7674f283fed29ce0ad16a9f1893e?s=96&d=mm&r=g","url":"https:\/\/secure.gravatar.com\/avatar\/f19c0ae874706cc9ba19d2f6da5f74a5a5ee7674f283fed29ce0ad16a9f1893e?s=96&d=mm&r=g","contentUrl":"https:\/\/secure.gravatar.com\/avatar\/f19c0ae874706cc9ba19d2f6da5f74a5a5ee7674f283fed29ce0ad16a9f1893e?s=96&d=mm&r=g","caption":"Uredni\u0161tvo Novic"},"url":"https:\/\/novice.si\/page\/author\/jure\/"}]}},"_links":{"self":[{"href":"https:\/\/novice.si\/page\/wp-json\/wp\/v2\/posts\/156681","targetHints":{"allow":["GET"]}}],"collection":[{"href":"https:\/\/novice.si\/page\/wp-json\/wp\/v2\/posts"}],"about":[{"href":"https:\/\/novice.si\/page\/wp-json\/wp\/v2\/types\/post"}],"author":[{"embeddable":true,"href":"https:\/\/novice.si\/page\/wp-json\/wp\/v2\/users\/7"}],"replies":[{"embeddable":true,"href":"https:\/\/novice.si\/page\/wp-json\/wp\/v2\/comments?post=156681"}],"version-history":[{"count":1,"href":"https:\/\/novice.si\/page\/wp-json\/wp\/v2\/posts\/156681\/revisions"}],"predecessor-version":[{"id":156702,"href":"https:\/\/novice.si\/page\/wp-json\/wp\/v2\/posts\/156681\/revisions\/156702"}],"wp:featuredmedia":[{"embeddable":true,"href":"https:\/\/novice.si\/page\/wp-json\/wp\/v2\/media\/156701"}],"wp:attachment":[{"href":"https:\/\/novice.si\/page\/wp-json\/wp\/v2\/media?parent=156681"}],"wp:term":[{"taxonomy":"category","embeddable":true,"href":"https:\/\/novice.si\/page\/wp-json\/wp\/v2\/categories?post=156681"},{"taxonomy":"post_tag","embeddable":true,"href":"https:\/\/novice.si\/page\/wp-json\/wp\/v2\/tags?post=156681"}],"curies":[{"name":"wp","href":"https:\/\/api.w.org\/{rel}","templated":true}]}}