{"id":156581,"date":"2022-11-15T13:47:35","date_gmt":"2022-11-15T12:47:35","guid":{"rendered":"https:\/\/novice.si\/page\/?p=156581"},"modified":"2022-12-07T08:15:58","modified_gmt":"2022-12-07T07:15:58","slug":"celje-zacelo-se-je-cetrto-sojenje-kristijanu-kameniku","status":"publish","type":"post","link":"https:\/\/novice.si\/page\/celje-zacelo-se-je-cetrto-sojenje-kristijanu-kameniku\/","title":{"rendered":"CELJE Za\u010delo se je \u010detrto sojenje Kristijanu Kameniku"},"content":{"rendered":"<p>Ce<a href=\"https:\/\/novice.si\/page\/wp-content\/uploads\/2022\/11\/Kamenik-nov22-1.jpg\" data-gallery><img loading=\"lazy\" decoding=\"async\" class=\"size-medium wp-image-156582 alignleft\" src=\"https:\/\/novice.si\/page\/wp-content\/uploads\/2022\/11\/Kamenik-nov22-1-300x169.jpg\" alt=\"\" width=\"300\" height=\"169\" srcset=\"https:\/\/novice.si\/page\/wp-content\/uploads\/2022\/11\/Kamenik-nov22-1-300x169.jpg 300w, https:\/\/novice.si\/page\/wp-content\/uploads\/2022\/11\/Kamenik-nov22-1-1024x576.jpg 1024w, https:\/\/novice.si\/page\/wp-content\/uploads\/2022\/11\/Kamenik-nov22-1-768x432.jpg 768w, https:\/\/novice.si\/page\/wp-content\/uploads\/2022\/11\/Kamenik-nov22-1-1536x864.jpg 1536w, https:\/\/novice.si\/page\/wp-content\/uploads\/2022\/11\/Kamenik-nov22-1-696x392.jpg 696w, https:\/\/novice.si\/page\/wp-content\/uploads\/2022\/11\/Kamenik-nov22-1-1068x601.jpg 1068w, https:\/\/novice.si\/page\/wp-content\/uploads\/2022\/11\/Kamenik-nov22-1-747x420.jpg 747w, https:\/\/novice.si\/page\/wp-content\/uploads\/2022\/11\/Kamenik-nov22-1-24x14.jpg 24w, https:\/\/novice.si\/page\/wp-content\/uploads\/2022\/11\/Kamenik-nov22-1-36x20.jpg 36w, https:\/\/novice.si\/page\/wp-content\/uploads\/2022\/11\/Kamenik-nov22-1-48x27.jpg 48w, https:\/\/novice.si\/page\/wp-content\/uploads\/2022\/11\/Kamenik-nov22-1.jpg 1920w\" sizes=\"auto, (max-width: 300px) 100vw, 300px\" \/><\/a>ljsko sodi\u0161\u010de je dopoldne \u2013 ob velikem zanimanju medijev &#8211; za\u010delo \u010detrto sojenje 50-letnemu <strong>Kristijanu Kameniku<\/strong> za \u0161tirikratni umor v Teka\u010devem marca 1997.<\/p>\n<p>Obramba, ki jo vodi <strong>Maksimiljana Kincl Mlakar<\/strong>, je zahtevala, naj to\u017eilstvo umakne obto\u017ebo, saj zbrani dokazi ne zdr\u017eijo ve\u010d resne pravne presoje.<\/p>\n<p>To\u017eilec <strong>Gorazd Kacijan\u010di\u010d<\/strong> je namesto tega napovedal, da bo podal zahtevo za uvedbo preiskave zoper drugo osebo, ki so jo s Teka\u010devim povezali na osnovi sodobne DNK analize <a href=\"https:\/\/novice.si\/page\/wp-content\/uploads\/2022\/11\/Kamenik-nov22-3-scaled.jpg\" data-gallery><img loading=\"lazy\" decoding=\"async\" class=\"size-medium wp-image-156583 alignright\" src=\"https:\/\/novice.si\/page\/wp-content\/uploads\/2022\/11\/Kamenik-nov22-3-300x225.jpg\" alt=\"\" width=\"300\" height=\"225\" srcset=\"https:\/\/novice.si\/page\/wp-content\/uploads\/2022\/11\/Kamenik-nov22-3-300x225.jpg 300w, https:\/\/novice.si\/page\/wp-content\/uploads\/2022\/11\/Kamenik-nov22-3-1024x768.jpg 1024w, https:\/\/novice.si\/page\/wp-content\/uploads\/2022\/11\/Kamenik-nov22-3-768x576.jpg 768w, https:\/\/novice.si\/page\/wp-content\/uploads\/2022\/11\/Kamenik-nov22-3-1536x1152.jpg 1536w, https:\/\/novice.si\/page\/wp-content\/uploads\/2022\/11\/Kamenik-nov22-3-2048x1536.jpg 2048w, https:\/\/novice.si\/page\/wp-content\/uploads\/2022\/11\/Kamenik-nov22-3-80x60.jpg 80w, https:\/\/novice.si\/page\/wp-content\/uploads\/2022\/11\/Kamenik-nov22-3-265x198.jpg 265w, https:\/\/novice.si\/page\/wp-content\/uploads\/2022\/11\/Kamenik-nov22-3-696x522.jpg 696w, https:\/\/novice.si\/page\/wp-content\/uploads\/2022\/11\/Kamenik-nov22-3-1068x801.jpg 1068w, https:\/\/novice.si\/page\/wp-content\/uploads\/2022\/11\/Kamenik-nov22-3-560x420.jpg 560w, https:\/\/novice.si\/page\/wp-content\/uploads\/2022\/11\/Kamenik-nov22-3-24x18.jpg 24w, https:\/\/novice.si\/page\/wp-content\/uploads\/2022\/11\/Kamenik-nov22-3-36x27.jpg 36w, https:\/\/novice.si\/page\/wp-content\/uploads\/2022\/11\/Kamenik-nov22-3-48x36.jpg 48w\" sizes=\"auto, (max-width: 300px) 100vw, 300px\" \/><\/a>maskirne kape s kraja \u0161tirikratnega zlo\u010dina, ovadbo pa naj bi mu celjski kriminalisti prinesli do konca tedna. Predlagal je prelo\u017eitev \u017ee razpisanih narokov, novega osumljenca pa bi zdru\u017eili v enovit postopek s Kamenikom.<\/p>\n<p>Sodnica <strong>Alenka Jazbin\u0161ek \u017dgank<\/strong> je oba predloga zavrnila, saj da predlog obrambe procesno ni ve\u010d mogo\u010d, to\u017eilstvo pa da ima mo\u017enost med glavno obravnavo podajati nove dokaze, \u010de se do njih dokoplje.<\/p>\n<p>Obto\u017eeni v Sloveniji \u0161e ni bil pravnomo\u010dno obsojen, zaporni kazni pa je prestajal na Hrva\u0161kem in v Italiji.<\/p>\n<p>P\u0160<\/p>\n","protected":false},"excerpt":{"rendered":"<p>Celjsko sodi\u0161\u010de je dopoldne \u2013 ob velikem zanimanju medijev &#8211; za\u010delo \u010detrto sojenje 50-letnemu Kristijanu Kameniku za \u0161tirikratni umor v Teka\u010devem marca 1997. Obramba, ki jo vodi Maksimiljana Kincl Mlakar, je zahtevala, naj to\u017eilstvo umakne obto\u017ebo, saj zbrani dokazi ne zdr\u017eijo ve\u010d resne pravne presoje. To\u017eilec Gorazd Kacijan\u010di\u010d je namesto tega napovedal, da bo podal [&hellip;]<\/p>\n","protected":false},"author":33,"featured_media":156584,"comment_status":"closed","ping_status":"closed","sticky":false,"template":"","format":"standard","meta":{"footnotes":""},"categories":[14,17,16,38],"tags":[6884,4920,3424,8589,4205,16375],"class_list":{"0":"post-156581","1":"post","2":"type-post","3":"status-publish","4":"format-standard","5":"has-post-thumbnail","7":"category-aktualno","8":"category-celjsko","9":"category-konjisko","10":"category-kozjansko","11":"tag-alenka-jazbinsek-zgank","12":"tag-gorazd-kacijancic","13":"tag-kristijan-kamenik","14":"tag-maksimiljana-kincl-mlakar","15":"tag-novo-sojenje","16":"tag-umor-tekacevo"},"yoast_head":"<!-- This site is optimized with the Yoast SEO plugin v27.4 - https:\/\/yoast.com\/product\/yoast-seo-wordpress\/ -->\n<title>CELJE Za\u010delo se je \u010detrto sojenje Kristijanu Kameniku - Novice.si<\/title>\n<meta name=\"robots\" content=\"index, follow, max-snippet:-1, max-image-preview:large, max-video-preview:-1\" \/>\n<link rel=\"canonical\" href=\"https:\/\/novice.si\/page\/celje-zacelo-se-je-cetrto-sojenje-kristijanu-kameniku\/\" \/>\n<meta property=\"og:locale\" content=\"sl_SI\" \/>\n<meta property=\"og:type\" content=\"article\" \/>\n<meta property=\"og:title\" content=\"CELJE Za\u010delo se je \u010detrto sojenje Kristijanu Kameniku - Novice.si\" \/>\n<meta property=\"og:description\" content=\"Celjsko sodi\u0161\u010de je dopoldne \u2013 ob velikem zanimanju medijev &#8211; za\u010delo \u010detrto sojenje 50-letnemu Kristijanu Kameniku za \u0161tirikratni umor v Teka\u010devem marca 1997. Obramba, ki jo vodi Maksimiljana Kincl Mlakar, je zahtevala, naj to\u017eilstvo umakne obto\u017ebo, saj zbrani dokazi ne zdr\u017eijo ve\u010d resne pravne presoje. To\u017eilec Gorazd Kacijan\u010di\u010d je namesto tega napovedal, da bo podal [&hellip;]\" \/>\n<meta property=\"og:url\" content=\"https:\/\/novice.si\/page\/celje-zacelo-se-je-cetrto-sojenje-kristijanu-kameniku\/\" \/>\n<meta property=\"og:site_name\" content=\"Novice.si\" \/>\n<meta property=\"article:published_time\" content=\"2022-11-15T12:47:35+00:00\" \/>\n<meta property=\"article:modified_time\" content=\"2022-12-07T07:15:58+00:00\" \/>\n<meta property=\"og:image\" content=\"https:\/\/novice.si\/page\/wp-content\/uploads\/2022\/11\/Kamenik-nov22-2-scaled.jpg\" \/>\n\t<meta property=\"og:image:width\" content=\"2560\" \/>\n\t<meta property=\"og:image:height\" content=\"1920\" \/>\n\t<meta property=\"og:image:type\" content=\"image\/jpeg\" \/>\n<meta name=\"author\" content=\"Uredni\u0161tvo Celjana\" \/>\n<meta name=\"twitter:card\" content=\"summary_large_image\" \/>\n<meta name=\"twitter:label1\" content=\"Written by\" \/>\n\t<meta name=\"twitter:data1\" content=\"Uredni\u0161tvo Celjana\" \/>\n\t<meta name=\"twitter:label2\" content=\"Est. reading time\" \/>\n\t<meta name=\"twitter:data2\" content=\"2 minuti\" \/>\n<script type=\"application\/ld+json\" class=\"yoast-schema-graph\">{\"@context\":\"https:\\\/\\\/schema.org\",\"@graph\":[{\"@type\":\"Article\",\"@id\":\"https:\\\/\\\/novice.si\\\/page\\\/celje-zacelo-se-je-cetrto-sojenje-kristijanu-kameniku\\\/#article\",\"isPartOf\":{\"@id\":\"https:\\\/\\\/novice.si\\\/page\\\/celje-zacelo-se-je-cetrto-sojenje-kristijanu-kameniku\\\/\"},\"author\":{\"name\":\"Uredni\u0161tvo Celjana\",\"@id\":\"https:\\\/\\\/novice.si\\\/page\\\/#\\\/schema\\\/person\\\/57f25c9642a9541c7349c65d32032c3e\"},\"headline\":\"CELJE Za\u010delo se je \u010detrto sojenje Kristijanu Kameniku\",\"datePublished\":\"2022-11-15T12:47:35+00:00\",\"dateModified\":\"2022-12-07T07:15:58+00:00\",\"mainEntityOfPage\":{\"@id\":\"https:\\\/\\\/novice.si\\\/page\\\/celje-zacelo-se-je-cetrto-sojenje-kristijanu-kameniku\\\/\"},\"wordCount\":183,\"publisher\":{\"@id\":\"https:\\\/\\\/novice.si\\\/page\\\/#organization\"},\"image\":{\"@id\":\"https:\\\/\\\/novice.si\\\/page\\\/celje-zacelo-se-je-cetrto-sojenje-kristijanu-kameniku\\\/#primaryimage\"},\"thumbnailUrl\":\"https:\\\/\\\/novice.si\\\/page\\\/wp-content\\\/uploads\\\/2022\\\/11\\\/Kamenik-nov22-2-scaled.jpg\",\"keywords\":[\"Alenka Jazbin\u0161ek \u017dgank\",\"Gorazd Kacijan\u010di\u010d\",\"kristijan kamenik\",\"Maksimiljana Kincl Mlakar\",\"novo sojenje\",\"umor teka\u010devo\"],\"articleSection\":[\"Aktualno\",\"Celjsko\",\"Konji\u0161ko\",\"Kozjansko\"],\"inLanguage\":\"sl-SI\"},{\"@type\":\"WebPage\",\"@id\":\"https:\\\/\\\/novice.si\\\/page\\\/celje-zacelo-se-je-cetrto-sojenje-kristijanu-kameniku\\\/\",\"url\":\"https:\\\/\\\/novice.si\\\/page\\\/celje-zacelo-se-je-cetrto-sojenje-kristijanu-kameniku\\\/\",\"name\":\"CELJE Za\u010delo se je \u010detrto sojenje Kristijanu Kameniku - Novice.si\",\"isPartOf\":{\"@id\":\"https:\\\/\\\/novice.si\\\/page\\\/#website\"},\"primaryImageOfPage\":{\"@id\":\"https:\\\/\\\/novice.si\\\/page\\\/celje-zacelo-se-je-cetrto-sojenje-kristijanu-kameniku\\\/#primaryimage\"},\"image\":{\"@id\":\"https:\\\/\\\/novice.si\\\/page\\\/celje-zacelo-se-je-cetrto-sojenje-kristijanu-kameniku\\\/#primaryimage\"},\"thumbnailUrl\":\"https:\\\/\\\/novice.si\\\/page\\\/wp-content\\\/uploads\\\/2022\\\/11\\\/Kamenik-nov22-2-scaled.jpg\",\"datePublished\":\"2022-11-15T12:47:35+00:00\",\"dateModified\":\"2022-12-07T07:15:58+00:00\",\"breadcrumb\":{\"@id\":\"https:\\\/\\\/novice.si\\\/page\\\/celje-zacelo-se-je-cetrto-sojenje-kristijanu-kameniku\\\/#breadcrumb\"},\"inLanguage\":\"sl-SI\",\"potentialAction\":[{\"@type\":\"ReadAction\",\"target\":[\"https:\\\/\\\/novice.si\\\/page\\\/celje-zacelo-se-je-cetrto-sojenje-kristijanu-kameniku\\\/\"]}]},{\"@type\":\"ImageObject\",\"inLanguage\":\"sl-SI\",\"@id\":\"https:\\\/\\\/novice.si\\\/page\\\/celje-zacelo-se-je-cetrto-sojenje-kristijanu-kameniku\\\/#primaryimage\",\"url\":\"https:\\\/\\\/novice.si\\\/page\\\/wp-content\\\/uploads\\\/2022\\\/11\\\/Kamenik-nov22-2-scaled.jpg\",\"contentUrl\":\"https:\\\/\\\/novice.si\\\/page\\\/wp-content\\\/uploads\\\/2022\\\/11\\\/Kamenik-nov22-2-scaled.jpg\",\"width\":2560,\"height\":1920},{\"@type\":\"BreadcrumbList\",\"@id\":\"https:\\\/\\\/novice.si\\\/page\\\/celje-zacelo-se-je-cetrto-sojenje-kristijanu-kameniku\\\/#breadcrumb\",\"itemListElement\":[{\"@type\":\"ListItem\",\"position\":1,\"name\":\"Home\",\"item\":\"https:\\\/\\\/novice.si\\\/page\\\/\"},{\"@type\":\"ListItem\",\"position\":2,\"name\":\"CELJE Za\u010delo se je \u010detrto sojenje Kristijanu Kameniku\"}]},{\"@type\":\"WebSite\",\"@id\":\"https:\\\/\\\/novice.si\\\/page\\\/#website\",\"url\":\"https:\\\/\\\/novice.si\\\/page\\\/\",\"name\":\"Novice.si\",\"description\":\"\",\"publisher\":{\"@id\":\"https:\\\/\\\/novice.si\\\/page\\\/#organization\"},\"potentialAction\":[{\"@type\":\"SearchAction\",\"target\":{\"@type\":\"EntryPoint\",\"urlTemplate\":\"https:\\\/\\\/novice.si\\\/page\\\/?s={search_term_string}\"},\"query-input\":{\"@type\":\"PropertyValueSpecification\",\"valueRequired\":true,\"valueName\":\"search_term_string\"}}],\"inLanguage\":\"sl-SI\"},{\"@type\":\"Organization\",\"@id\":\"https:\\\/\\\/novice.si\\\/page\\\/#organization\",\"name\":\"Novice.si\",\"url\":\"https:\\\/\\\/novice.si\\\/page\\\/\",\"logo\":{\"@type\":\"ImageObject\",\"inLanguage\":\"sl-SI\",\"@id\":\"https:\\\/\\\/novice.si\\\/page\\\/#\\\/schema\\\/logo\\\/image\\\/\",\"url\":\"https:\\\/\\\/novice.si\\\/page\\\/wp-content\\\/uploads\\\/2023\\\/03\\\/novice_si.png\",\"contentUrl\":\"https:\\\/\\\/novice.si\\\/page\\\/wp-content\\\/uploads\\\/2023\\\/03\\\/novice_si.png\",\"width\":576,\"height\":200,\"caption\":\"Novice.si\"},\"image\":{\"@id\":\"https:\\\/\\\/novice.si\\\/page\\\/#\\\/schema\\\/logo\\\/image\\\/\"}},{\"@type\":\"Person\",\"@id\":\"https:\\\/\\\/novice.si\\\/page\\\/#\\\/schema\\\/person\\\/57f25c9642a9541c7349c65d32032c3e\",\"name\":\"Uredni\u0161tvo Celjana\",\"image\":{\"@type\":\"ImageObject\",\"inLanguage\":\"sl-SI\",\"@id\":\"https:\\\/\\\/secure.gravatar.com\\\/avatar\\\/78e52bc4279b65f6df6345e0ef0f7b792d361361f230cf4ffecfe0afe6d5629c?s=96&d=mm&r=g\",\"url\":\"https:\\\/\\\/secure.gravatar.com\\\/avatar\\\/78e52bc4279b65f6df6345e0ef0f7b792d361361f230cf4ffecfe0afe6d5629c?s=96&d=mm&r=g\",\"contentUrl\":\"https:\\\/\\\/secure.gravatar.com\\\/avatar\\\/78e52bc4279b65f6df6345e0ef0f7b792d361361f230cf4ffecfe0afe6d5629c?s=96&d=mm&r=g\",\"caption\":\"Uredni\u0161tvo Celjana\"},\"url\":\"https:\\\/\\\/novice.si\\\/page\\\/author\\\/primoz\\\/\"}]}<\/script>\n<!-- \/ Yoast SEO plugin. -->","yoast_head_json":{"title":"CELJE Za\u010delo se je \u010detrto sojenje Kristijanu Kameniku - Novice.si","robots":{"index":"index","follow":"follow","max-snippet":"max-snippet:-1","max-image-preview":"max-image-preview:large","max-video-preview":"max-video-preview:-1"},"canonical":"https:\/\/novice.si\/page\/celje-zacelo-se-je-cetrto-sojenje-kristijanu-kameniku\/","og_locale":"sl_SI","og_type":"article","og_title":"CELJE Za\u010delo se je \u010detrto sojenje Kristijanu Kameniku - Novice.si","og_description":"Celjsko sodi\u0161\u010de je dopoldne \u2013 ob velikem zanimanju medijev &#8211; za\u010delo \u010detrto sojenje 50-letnemu Kristijanu Kameniku za \u0161tirikratni umor v Teka\u010devem marca 1997. Obramba, ki jo vodi Maksimiljana Kincl Mlakar, je zahtevala, naj to\u017eilstvo umakne obto\u017ebo, saj zbrani dokazi ne zdr\u017eijo ve\u010d resne pravne presoje. To\u017eilec Gorazd Kacijan\u010di\u010d je namesto tega napovedal, da bo podal [&hellip;]","og_url":"https:\/\/novice.si\/page\/celje-zacelo-se-je-cetrto-sojenje-kristijanu-kameniku\/","og_site_name":"Novice.si","article_published_time":"2022-11-15T12:47:35+00:00","article_modified_time":"2022-12-07T07:15:58+00:00","og_image":[{"width":2560,"height":1920,"url":"https:\/\/novice.si\/page\/wp-content\/uploads\/2022\/11\/Kamenik-nov22-2-scaled.jpg","type":"image\/jpeg"}],"author":"Uredni\u0161tvo Celjana","twitter_card":"summary_large_image","twitter_misc":{"Written by":"Uredni\u0161tvo Celjana","Est. reading time":"2 minuti"},"schema":{"@context":"https:\/\/schema.org","@graph":[{"@type":"Article","@id":"https:\/\/novice.si\/page\/celje-zacelo-se-je-cetrto-sojenje-kristijanu-kameniku\/#article","isPartOf":{"@id":"https:\/\/novice.si\/page\/celje-zacelo-se-je-cetrto-sojenje-kristijanu-kameniku\/"},"author":{"name":"Uredni\u0161tvo Celjana","@id":"https:\/\/novice.si\/page\/#\/schema\/person\/57f25c9642a9541c7349c65d32032c3e"},"headline":"CELJE Za\u010delo se je \u010detrto sojenje Kristijanu Kameniku","datePublished":"2022-11-15T12:47:35+00:00","dateModified":"2022-12-07T07:15:58+00:00","mainEntityOfPage":{"@id":"https:\/\/novice.si\/page\/celje-zacelo-se-je-cetrto-sojenje-kristijanu-kameniku\/"},"wordCount":183,"publisher":{"@id":"https:\/\/novice.si\/page\/#organization"},"image":{"@id":"https:\/\/novice.si\/page\/celje-zacelo-se-je-cetrto-sojenje-kristijanu-kameniku\/#primaryimage"},"thumbnailUrl":"https:\/\/novice.si\/page\/wp-content\/uploads\/2022\/11\/Kamenik-nov22-2-scaled.jpg","keywords":["Alenka Jazbin\u0161ek \u017dgank","Gorazd Kacijan\u010di\u010d","kristijan kamenik","Maksimiljana Kincl Mlakar","novo sojenje","umor teka\u010devo"],"articleSection":["Aktualno","Celjsko","Konji\u0161ko","Kozjansko"],"inLanguage":"sl-SI"},{"@type":"WebPage","@id":"https:\/\/novice.si\/page\/celje-zacelo-se-je-cetrto-sojenje-kristijanu-kameniku\/","url":"https:\/\/novice.si\/page\/celje-zacelo-se-je-cetrto-sojenje-kristijanu-kameniku\/","name":"CELJE Za\u010delo se je \u010detrto sojenje Kristijanu Kameniku - Novice.si","isPartOf":{"@id":"https:\/\/novice.si\/page\/#website"},"primaryImageOfPage":{"@id":"https:\/\/novice.si\/page\/celje-zacelo-se-je-cetrto-sojenje-kristijanu-kameniku\/#primaryimage"},"image":{"@id":"https:\/\/novice.si\/page\/celje-zacelo-se-je-cetrto-sojenje-kristijanu-kameniku\/#primaryimage"},"thumbnailUrl":"https:\/\/novice.si\/page\/wp-content\/uploads\/2022\/11\/Kamenik-nov22-2-scaled.jpg","datePublished":"2022-11-15T12:47:35+00:00","dateModified":"2022-12-07T07:15:58+00:00","breadcrumb":{"@id":"https:\/\/novice.si\/page\/celje-zacelo-se-je-cetrto-sojenje-kristijanu-kameniku\/#breadcrumb"},"inLanguage":"sl-SI","potentialAction":[{"@type":"ReadAction","target":["https:\/\/novice.si\/page\/celje-zacelo-se-je-cetrto-sojenje-kristijanu-kameniku\/"]}]},{"@type":"ImageObject","inLanguage":"sl-SI","@id":"https:\/\/novice.si\/page\/celje-zacelo-se-je-cetrto-sojenje-kristijanu-kameniku\/#primaryimage","url":"https:\/\/novice.si\/page\/wp-content\/uploads\/2022\/11\/Kamenik-nov22-2-scaled.jpg","contentUrl":"https:\/\/novice.si\/page\/wp-content\/uploads\/2022\/11\/Kamenik-nov22-2-scaled.jpg","width":2560,"height":1920},{"@type":"BreadcrumbList","@id":"https:\/\/novice.si\/page\/celje-zacelo-se-je-cetrto-sojenje-kristijanu-kameniku\/#breadcrumb","itemListElement":[{"@type":"ListItem","position":1,"name":"Home","item":"https:\/\/novice.si\/page\/"},{"@type":"ListItem","position":2,"name":"CELJE Za\u010delo se je \u010detrto sojenje Kristijanu Kameniku"}]},{"@type":"WebSite","@id":"https:\/\/novice.si\/page\/#website","url":"https:\/\/novice.si\/page\/","name":"Novice.si","description":"","publisher":{"@id":"https:\/\/novice.si\/page\/#organization"},"potentialAction":[{"@type":"SearchAction","target":{"@type":"EntryPoint","urlTemplate":"https:\/\/novice.si\/page\/?s={search_term_string}"},"query-input":{"@type":"PropertyValueSpecification","valueRequired":true,"valueName":"search_term_string"}}],"inLanguage":"sl-SI"},{"@type":"Organization","@id":"https:\/\/novice.si\/page\/#organization","name":"Novice.si","url":"https:\/\/novice.si\/page\/","logo":{"@type":"ImageObject","inLanguage":"sl-SI","@id":"https:\/\/novice.si\/page\/#\/schema\/logo\/image\/","url":"https:\/\/novice.si\/page\/wp-content\/uploads\/2023\/03\/novice_si.png","contentUrl":"https:\/\/novice.si\/page\/wp-content\/uploads\/2023\/03\/novice_si.png","width":576,"height":200,"caption":"Novice.si"},"image":{"@id":"https:\/\/novice.si\/page\/#\/schema\/logo\/image\/"}},{"@type":"Person","@id":"https:\/\/novice.si\/page\/#\/schema\/person\/57f25c9642a9541c7349c65d32032c3e","name":"Uredni\u0161tvo Celjana","image":{"@type":"ImageObject","inLanguage":"sl-SI","@id":"https:\/\/secure.gravatar.com\/avatar\/78e52bc4279b65f6df6345e0ef0f7b792d361361f230cf4ffecfe0afe6d5629c?s=96&d=mm&r=g","url":"https:\/\/secure.gravatar.com\/avatar\/78e52bc4279b65f6df6345e0ef0f7b792d361361f230cf4ffecfe0afe6d5629c?s=96&d=mm&r=g","contentUrl":"https:\/\/secure.gravatar.com\/avatar\/78e52bc4279b65f6df6345e0ef0f7b792d361361f230cf4ffecfe0afe6d5629c?s=96&d=mm&r=g","caption":"Uredni\u0161tvo Celjana"},"url":"https:\/\/novice.si\/page\/author\/primoz\/"}]}},"_links":{"self":[{"href":"https:\/\/novice.si\/page\/wp-json\/wp\/v2\/posts\/156581","targetHints":{"allow":["GET"]}}],"collection":[{"href":"https:\/\/novice.si\/page\/wp-json\/wp\/v2\/posts"}],"about":[{"href":"https:\/\/novice.si\/page\/wp-json\/wp\/v2\/types\/post"}],"author":[{"embeddable":true,"href":"https:\/\/novice.si\/page\/wp-json\/wp\/v2\/users\/33"}],"replies":[{"embeddable":true,"href":"https:\/\/novice.si\/page\/wp-json\/wp\/v2\/comments?post=156581"}],"version-history":[{"count":1,"href":"https:\/\/novice.si\/page\/wp-json\/wp\/v2\/posts\/156581\/revisions"}],"predecessor-version":[{"id":156585,"href":"https:\/\/novice.si\/page\/wp-json\/wp\/v2\/posts\/156581\/revisions\/156585"}],"wp:featuredmedia":[{"embeddable":true,"href":"https:\/\/novice.si\/page\/wp-json\/wp\/v2\/media\/156584"}],"wp:attachment":[{"href":"https:\/\/novice.si\/page\/wp-json\/wp\/v2\/media?parent=156581"}],"wp:term":[{"taxonomy":"category","embeddable":true,"href":"https:\/\/novice.si\/page\/wp-json\/wp\/v2\/categories?post=156581"},{"taxonomy":"post_tag","embeddable":true,"href":"https:\/\/novice.si\/page\/wp-json\/wp\/v2\/tags?post=156581"}],"curies":[{"name":"wp","href":"https:\/\/api.w.org\/{rel}","templated":true}]}}