{"id":156565,"date":"2022-11-14T22:20:35","date_gmt":"2022-11-14T21:20:35","guid":{"rendered":"https:\/\/novice.si\/page\/?p=156565"},"modified":"2022-11-14T22:20:35","modified_gmt":"2022-11-14T21:20:35","slug":"vojnik-soocenje-kandidatov-za-zupana","status":"publish","type":"post","link":"https:\/\/novice.si\/page\/vojnik-soocenje-kandidatov-za-zupana\/","title":{"rendered":"VOJNIK Soo\u010denje kandidatov za \u017eupana"},"content":{"rendered":"<p><strong>Branko Petre<\/strong> se bo s podporo NSi in SDS v Vojniku potegoval za tretji zaporedni mandat, kar mu bo sku\u0161ala prepre\u010diti politi\u010dna novinka <strong>Barbara Leder<\/strong> (Gibanje Svoboda).<\/p>\n<p>Zastavili smo jima vpra\u0161anje o blokovski stanovanjski gradnji v ob\u010dini z 8000 prebivalci, ki je dokaj obse\u017ena in morda celo presega dejanske potrebe. Kak\u0161no je njuno stali\u0161\u010de?<\/p>\n<p><em><a href=\"https:\/\/novice.si\/page\/wp-content\/uploads\/2020\/04\/Branko-Petre2.jpg\" data-gallery><img loading=\"lazy\" decoding=\"async\" class=\" wp-image-125971 alignleft\" src=\"https:\/\/novice.si\/page\/wp-content\/uploads\/2020\/04\/Branko-Petre2-300x234.jpg\" alt=\"\" width=\"217\" height=\"169\" srcset=\"https:\/\/novice.si\/page\/wp-content\/uploads\/2020\/04\/Branko-Petre2-300x234.jpg 300w, https:\/\/novice.si\/page\/wp-content\/uploads\/2020\/04\/Branko-Petre2-1024x797.jpg 1024w, https:\/\/novice.si\/page\/wp-content\/uploads\/2020\/04\/Branko-Petre2-768x598.jpg 768w, https:\/\/novice.si\/page\/wp-content\/uploads\/2020\/04\/Branko-Petre2-1536x1196.jpg 1536w, https:\/\/novice.si\/page\/wp-content\/uploads\/2020\/04\/Branko-Petre2-696x542.jpg 696w, https:\/\/novice.si\/page\/wp-content\/uploads\/2020\/04\/Branko-Petre2-1068x831.jpg 1068w, https:\/\/novice.si\/page\/wp-content\/uploads\/2020\/04\/Branko-Petre2-540x420.jpg 540w, https:\/\/novice.si\/page\/wp-content\/uploads\/2020\/04\/Branko-Petre2-24x19.jpg 24w, https:\/\/novice.si\/page\/wp-content\/uploads\/2020\/04\/Branko-Petre2-36x28.jpg 36w, https:\/\/novice.si\/page\/wp-content\/uploads\/2020\/04\/Branko-Petre2-48x37.jpg 48w, https:\/\/novice.si\/page\/wp-content\/uploads\/2020\/04\/Branko-Petre2.jpg 1579w\" sizes=\"auto, (max-width: 217px) 100vw, 217px\" \/><\/a><strong>Branko Petre:<\/strong><\/em> Gre prete\u017eno za gradnjo tr\u017enih stanovanj, kar bo pove\u010dalo \u0161tevilo prebivalcev in to nas veseli. Kraj se bo razvijal, imamo \u0161e veliko povr\u0161in za stanovanjsko gradnjo. A to za seboj potegne nalo\u017ebe v infrastrukturo, potrebnih bo ve\u010d prostih mest v vrtcih in raz\u0161iriti osnovno \u0161olo, ki je povsem zasedena. Pove\u010dali jo bomo v dveh fazah \u2013 z nadzidavo in dodatno gradnjo.<\/p>\n<p><strong><em><a href=\"https:\/\/novice.si\/page\/wp-content\/uploads\/2022\/10\/Barbara_Leder_GS.jpg\" data-gallery><img loading=\"lazy\" decoding=\"async\" class=\" wp-image-156056 alignleft\" src=\"https:\/\/novice.si\/page\/wp-content\/uploads\/2022\/10\/Barbara_Leder_GS-206x300.jpg\" alt=\"\" width=\"175\" height=\"255\" srcset=\"https:\/\/novice.si\/page\/wp-content\/uploads\/2022\/10\/Barbara_Leder_GS-206x300.jpg 206w, https:\/\/novice.si\/page\/wp-content\/uploads\/2022\/10\/Barbara_Leder_GS-704x1024.jpg 704w, https:\/\/novice.si\/page\/wp-content\/uploads\/2022\/10\/Barbara_Leder_GS-768x1118.jpg 768w, https:\/\/novice.si\/page\/wp-content\/uploads\/2022\/10\/Barbara_Leder_GS-1055x1536.jpg 1055w, https:\/\/novice.si\/page\/wp-content\/uploads\/2022\/10\/Barbara_Leder_GS-696x1013.jpg 696w, https:\/\/novice.si\/page\/wp-content\/uploads\/2022\/10\/Barbara_Leder_GS-1068x1555.jpg 1068w, https:\/\/novice.si\/page\/wp-content\/uploads\/2022\/10\/Barbara_Leder_GS-289x420.jpg 289w, https:\/\/novice.si\/page\/wp-content\/uploads\/2022\/10\/Barbara_Leder_GS-16x24.jpg 16w, https:\/\/novice.si\/page\/wp-content\/uploads\/2022\/10\/Barbara_Leder_GS-25x36.jpg 25w, https:\/\/novice.si\/page\/wp-content\/uploads\/2022\/10\/Barbara_Leder_GS-33x48.jpg 33w, https:\/\/novice.si\/page\/wp-content\/uploads\/2022\/10\/Barbara_Leder_GS.jpg 1203w\" sizes=\"auto, (max-width: 175px) 100vw, 175px\" \/><\/a>Barbara Leder:<\/em><\/strong> Stanovanjske problematike ni. Problem je v cenah. Veliko povpra\u0161evanje jih je v zadnjem letu potisnilo tako visoko, da je mladim prakti\u010dno onemogo\u010den nakup in mo\u010dno ote\u017eilo najem. K visokim cenam prispevajo nalo\u017ebeni nakupi stanovanj. Ob\u010dini ne more biti v interesu gradnja stanovanj, ki zaradi \u0161pekulativnih nakupov potem ostanejo prazna. Tista, ki smo jih zgradili ali obnovili nedavno, nekaj pa jih \u0161e gradimo, so nadstandardna in temu primerne so cene. Dvosobno stanovanje z manj kot 50 kvadrati je ocenjeno na 120 tiso\u010dakov. Vojnik je privla\u010den za bivanje, okrepiti pa moramo sodelovanje s stanovanjskim skladom.<\/p>\n<p>P\u0160<\/p>\n","protected":false},"excerpt":{"rendered":"<p>Branko Petre se bo s podporo NSi in SDS v Vojniku potegoval za tretji zaporedni mandat, kar mu bo sku\u0161ala prepre\u010diti politi\u010dna novinka Barbara Leder (Gibanje Svoboda). Zastavili smo jima vpra\u0161anje o blokovski stanovanjski gradnji v ob\u010dini z 8000 prebivalci, ki je dokaj obse\u017ena in morda celo presega dejanske potrebe. Kak\u0161no je njuno stali\u0161\u010de? Branko [&hellip;]<\/p>\n","protected":false},"author":33,"featured_media":156566,"comment_status":"closed","ping_status":"closed","sticky":false,"template":"","format":"standard","meta":{"footnotes":""},"categories":[17],"tags":[16228,5232,333,16373,16374,1209],"class_list":{"0":"post-156565","1":"post","2":"type-post","3":"status-publish","4":"format-standard","5":"has-post-thumbnail","7":"category-celjsko","8":"tag-barbara-leder","9":"tag-branko-petre","10":"tag-lokalne-volitve","11":"tag-soocenje-kandidatov","12":"tag-stanvoanjska-gradnja","13":"tag-vojnik"},"yoast_head":"<!-- This site is optimized with the Yoast SEO plugin v27.4 - https:\/\/yoast.com\/product\/yoast-seo-wordpress\/ -->\n<title>VOJNIK Soo\u010denje kandidatov za \u017eupana - Novice.si<\/title>\n<meta name=\"robots\" content=\"index, follow, max-snippet:-1, max-image-preview:large, max-video-preview:-1\" \/>\n<link rel=\"canonical\" href=\"https:\/\/novice.si\/page\/vojnik-soocenje-kandidatov-za-zupana\/\" \/>\n<meta property=\"og:locale\" content=\"sl_SI\" \/>\n<meta property=\"og:type\" content=\"article\" \/>\n<meta property=\"og:title\" content=\"VOJNIK Soo\u010denje kandidatov za \u017eupana - Novice.si\" \/>\n<meta property=\"og:description\" content=\"Branko Petre se bo s podporo NSi in SDS v Vojniku potegoval za tretji zaporedni mandat, kar mu bo sku\u0161ala prepre\u010diti politi\u010dna novinka Barbara Leder (Gibanje Svoboda). Zastavili smo jima vpra\u0161anje o blokovski stanovanjski gradnji v ob\u010dini z 8000 prebivalci, ki je dokaj obse\u017ena in morda celo presega dejanske potrebe. Kak\u0161no je njuno stali\u0161\u010de? Branko [&hellip;]\" \/>\n<meta property=\"og:url\" content=\"https:\/\/novice.si\/page\/vojnik-soocenje-kandidatov-za-zupana\/\" \/>\n<meta property=\"og:site_name\" content=\"Novice.si\" \/>\n<meta property=\"article:published_time\" content=\"2022-11-14T21:20:35+00:00\" \/>\n<meta property=\"og:image\" content=\"https:\/\/novice.si\/page\/wp-content\/uploads\/2022\/11\/Leder-Petre.png\" \/>\n\t<meta property=\"og:image:width\" content=\"1241\" \/>\n\t<meta property=\"og:image:height\" content=\"895\" \/>\n\t<meta property=\"og:image:type\" content=\"image\/png\" \/>\n<meta name=\"author\" content=\"Uredni\u0161tvo Celjana\" \/>\n<meta name=\"twitter:card\" content=\"summary_large_image\" \/>\n<meta name=\"twitter:label1\" content=\"Written by\" \/>\n\t<meta name=\"twitter:data1\" content=\"Uredni\u0161tvo Celjana\" \/>\n\t<meta name=\"twitter:label2\" content=\"Est. reading time\" \/>\n\t<meta name=\"twitter:data2\" content=\"2 minuti\" \/>\n<script type=\"application\/ld+json\" class=\"yoast-schema-graph\">{\"@context\":\"https:\\\/\\\/schema.org\",\"@graph\":[{\"@type\":\"Article\",\"@id\":\"https:\\\/\\\/novice.si\\\/page\\\/vojnik-soocenje-kandidatov-za-zupana\\\/#article\",\"isPartOf\":{\"@id\":\"https:\\\/\\\/novice.si\\\/page\\\/vojnik-soocenje-kandidatov-za-zupana\\\/\"},\"author\":{\"name\":\"Uredni\u0161tvo Celjana\",\"@id\":\"https:\\\/\\\/novice.si\\\/page\\\/#\\\/schema\\\/person\\\/57f25c9642a9541c7349c65d32032c3e\"},\"headline\":\"VOJNIK Soo\u010denje kandidatov za \u017eupana\",\"datePublished\":\"2022-11-14T21:20:35+00:00\",\"mainEntityOfPage\":{\"@id\":\"https:\\\/\\\/novice.si\\\/page\\\/vojnik-soocenje-kandidatov-za-zupana\\\/\"},\"wordCount\":239,\"publisher\":{\"@id\":\"https:\\\/\\\/novice.si\\\/page\\\/#organization\"},\"image\":{\"@id\":\"https:\\\/\\\/novice.si\\\/page\\\/vojnik-soocenje-kandidatov-za-zupana\\\/#primaryimage\"},\"thumbnailUrl\":\"https:\\\/\\\/novice.si\\\/page\\\/wp-content\\\/uploads\\\/2022\\\/11\\\/Leder-Petre.png\",\"keywords\":[\"Barbara Leder\",\"Branko Petre\",\"lokalne volitve\",\"soo\u010denje kandidatov\",\"stanvoanjska gradnja\",\"Vojnik\"],\"articleSection\":[\"Celjsko\"],\"inLanguage\":\"sl-SI\"},{\"@type\":\"WebPage\",\"@id\":\"https:\\\/\\\/novice.si\\\/page\\\/vojnik-soocenje-kandidatov-za-zupana\\\/\",\"url\":\"https:\\\/\\\/novice.si\\\/page\\\/vojnik-soocenje-kandidatov-za-zupana\\\/\",\"name\":\"VOJNIK Soo\u010denje kandidatov za \u017eupana - Novice.si\",\"isPartOf\":{\"@id\":\"https:\\\/\\\/novice.si\\\/page\\\/#website\"},\"primaryImageOfPage\":{\"@id\":\"https:\\\/\\\/novice.si\\\/page\\\/vojnik-soocenje-kandidatov-za-zupana\\\/#primaryimage\"},\"image\":{\"@id\":\"https:\\\/\\\/novice.si\\\/page\\\/vojnik-soocenje-kandidatov-za-zupana\\\/#primaryimage\"},\"thumbnailUrl\":\"https:\\\/\\\/novice.si\\\/page\\\/wp-content\\\/uploads\\\/2022\\\/11\\\/Leder-Petre.png\",\"datePublished\":\"2022-11-14T21:20:35+00:00\",\"breadcrumb\":{\"@id\":\"https:\\\/\\\/novice.si\\\/page\\\/vojnik-soocenje-kandidatov-za-zupana\\\/#breadcrumb\"},\"inLanguage\":\"sl-SI\",\"potentialAction\":[{\"@type\":\"ReadAction\",\"target\":[\"https:\\\/\\\/novice.si\\\/page\\\/vojnik-soocenje-kandidatov-za-zupana\\\/\"]}]},{\"@type\":\"ImageObject\",\"inLanguage\":\"sl-SI\",\"@id\":\"https:\\\/\\\/novice.si\\\/page\\\/vojnik-soocenje-kandidatov-za-zupana\\\/#primaryimage\",\"url\":\"https:\\\/\\\/novice.si\\\/page\\\/wp-content\\\/uploads\\\/2022\\\/11\\\/Leder-Petre.png\",\"contentUrl\":\"https:\\\/\\\/novice.si\\\/page\\\/wp-content\\\/uploads\\\/2022\\\/11\\\/Leder-Petre.png\",\"width\":1241,\"height\":895},{\"@type\":\"BreadcrumbList\",\"@id\":\"https:\\\/\\\/novice.si\\\/page\\\/vojnik-soocenje-kandidatov-za-zupana\\\/#breadcrumb\",\"itemListElement\":[{\"@type\":\"ListItem\",\"position\":1,\"name\":\"Home\",\"item\":\"https:\\\/\\\/novice.si\\\/page\\\/\"},{\"@type\":\"ListItem\",\"position\":2,\"name\":\"VOJNIK Soo\u010denje kandidatov za \u017eupana\"}]},{\"@type\":\"WebSite\",\"@id\":\"https:\\\/\\\/novice.si\\\/page\\\/#website\",\"url\":\"https:\\\/\\\/novice.si\\\/page\\\/\",\"name\":\"Novice.si\",\"description\":\"\",\"publisher\":{\"@id\":\"https:\\\/\\\/novice.si\\\/page\\\/#organization\"},\"potentialAction\":[{\"@type\":\"SearchAction\",\"target\":{\"@type\":\"EntryPoint\",\"urlTemplate\":\"https:\\\/\\\/novice.si\\\/page\\\/?s={search_term_string}\"},\"query-input\":{\"@type\":\"PropertyValueSpecification\",\"valueRequired\":true,\"valueName\":\"search_term_string\"}}],\"inLanguage\":\"sl-SI\"},{\"@type\":\"Organization\",\"@id\":\"https:\\\/\\\/novice.si\\\/page\\\/#organization\",\"name\":\"Novice.si\",\"url\":\"https:\\\/\\\/novice.si\\\/page\\\/\",\"logo\":{\"@type\":\"ImageObject\",\"inLanguage\":\"sl-SI\",\"@id\":\"https:\\\/\\\/novice.si\\\/page\\\/#\\\/schema\\\/logo\\\/image\\\/\",\"url\":\"https:\\\/\\\/novice.si\\\/page\\\/wp-content\\\/uploads\\\/2023\\\/03\\\/novice_si.png\",\"contentUrl\":\"https:\\\/\\\/novice.si\\\/page\\\/wp-content\\\/uploads\\\/2023\\\/03\\\/novice_si.png\",\"width\":576,\"height\":200,\"caption\":\"Novice.si\"},\"image\":{\"@id\":\"https:\\\/\\\/novice.si\\\/page\\\/#\\\/schema\\\/logo\\\/image\\\/\"}},{\"@type\":\"Person\",\"@id\":\"https:\\\/\\\/novice.si\\\/page\\\/#\\\/schema\\\/person\\\/57f25c9642a9541c7349c65d32032c3e\",\"name\":\"Uredni\u0161tvo Celjana\",\"image\":{\"@type\":\"ImageObject\",\"inLanguage\":\"sl-SI\",\"@id\":\"https:\\\/\\\/secure.gravatar.com\\\/avatar\\\/78e52bc4279b65f6df6345e0ef0f7b792d361361f230cf4ffecfe0afe6d5629c?s=96&d=mm&r=g\",\"url\":\"https:\\\/\\\/secure.gravatar.com\\\/avatar\\\/78e52bc4279b65f6df6345e0ef0f7b792d361361f230cf4ffecfe0afe6d5629c?s=96&d=mm&r=g\",\"contentUrl\":\"https:\\\/\\\/secure.gravatar.com\\\/avatar\\\/78e52bc4279b65f6df6345e0ef0f7b792d361361f230cf4ffecfe0afe6d5629c?s=96&d=mm&r=g\",\"caption\":\"Uredni\u0161tvo Celjana\"},\"url\":\"https:\\\/\\\/novice.si\\\/page\\\/author\\\/primoz\\\/\"}]}<\/script>\n<!-- \/ Yoast SEO plugin. -->","yoast_head_json":{"title":"VOJNIK Soo\u010denje kandidatov za \u017eupana - Novice.si","robots":{"index":"index","follow":"follow","max-snippet":"max-snippet:-1","max-image-preview":"max-image-preview:large","max-video-preview":"max-video-preview:-1"},"canonical":"https:\/\/novice.si\/page\/vojnik-soocenje-kandidatov-za-zupana\/","og_locale":"sl_SI","og_type":"article","og_title":"VOJNIK Soo\u010denje kandidatov za \u017eupana - Novice.si","og_description":"Branko Petre se bo s podporo NSi in SDS v Vojniku potegoval za tretji zaporedni mandat, kar mu bo sku\u0161ala prepre\u010diti politi\u010dna novinka Barbara Leder (Gibanje Svoboda). Zastavili smo jima vpra\u0161anje o blokovski stanovanjski gradnji v ob\u010dini z 8000 prebivalci, ki je dokaj obse\u017ena in morda celo presega dejanske potrebe. Kak\u0161no je njuno stali\u0161\u010de? Branko [&hellip;]","og_url":"https:\/\/novice.si\/page\/vojnik-soocenje-kandidatov-za-zupana\/","og_site_name":"Novice.si","article_published_time":"2022-11-14T21:20:35+00:00","og_image":[{"width":1241,"height":895,"url":"https:\/\/novice.si\/page\/wp-content\/uploads\/2022\/11\/Leder-Petre.png","type":"image\/png"}],"author":"Uredni\u0161tvo Celjana","twitter_card":"summary_large_image","twitter_misc":{"Written by":"Uredni\u0161tvo Celjana","Est. reading time":"2 minuti"},"schema":{"@context":"https:\/\/schema.org","@graph":[{"@type":"Article","@id":"https:\/\/novice.si\/page\/vojnik-soocenje-kandidatov-za-zupana\/#article","isPartOf":{"@id":"https:\/\/novice.si\/page\/vojnik-soocenje-kandidatov-za-zupana\/"},"author":{"name":"Uredni\u0161tvo Celjana","@id":"https:\/\/novice.si\/page\/#\/schema\/person\/57f25c9642a9541c7349c65d32032c3e"},"headline":"VOJNIK Soo\u010denje kandidatov za \u017eupana","datePublished":"2022-11-14T21:20:35+00:00","mainEntityOfPage":{"@id":"https:\/\/novice.si\/page\/vojnik-soocenje-kandidatov-za-zupana\/"},"wordCount":239,"publisher":{"@id":"https:\/\/novice.si\/page\/#organization"},"image":{"@id":"https:\/\/novice.si\/page\/vojnik-soocenje-kandidatov-za-zupana\/#primaryimage"},"thumbnailUrl":"https:\/\/novice.si\/page\/wp-content\/uploads\/2022\/11\/Leder-Petre.png","keywords":["Barbara Leder","Branko Petre","lokalne volitve","soo\u010denje kandidatov","stanvoanjska gradnja","Vojnik"],"articleSection":["Celjsko"],"inLanguage":"sl-SI"},{"@type":"WebPage","@id":"https:\/\/novice.si\/page\/vojnik-soocenje-kandidatov-za-zupana\/","url":"https:\/\/novice.si\/page\/vojnik-soocenje-kandidatov-za-zupana\/","name":"VOJNIK Soo\u010denje kandidatov za \u017eupana - Novice.si","isPartOf":{"@id":"https:\/\/novice.si\/page\/#website"},"primaryImageOfPage":{"@id":"https:\/\/novice.si\/page\/vojnik-soocenje-kandidatov-za-zupana\/#primaryimage"},"image":{"@id":"https:\/\/novice.si\/page\/vojnik-soocenje-kandidatov-za-zupana\/#primaryimage"},"thumbnailUrl":"https:\/\/novice.si\/page\/wp-content\/uploads\/2022\/11\/Leder-Petre.png","datePublished":"2022-11-14T21:20:35+00:00","breadcrumb":{"@id":"https:\/\/novice.si\/page\/vojnik-soocenje-kandidatov-za-zupana\/#breadcrumb"},"inLanguage":"sl-SI","potentialAction":[{"@type":"ReadAction","target":["https:\/\/novice.si\/page\/vojnik-soocenje-kandidatov-za-zupana\/"]}]},{"@type":"ImageObject","inLanguage":"sl-SI","@id":"https:\/\/novice.si\/page\/vojnik-soocenje-kandidatov-za-zupana\/#primaryimage","url":"https:\/\/novice.si\/page\/wp-content\/uploads\/2022\/11\/Leder-Petre.png","contentUrl":"https:\/\/novice.si\/page\/wp-content\/uploads\/2022\/11\/Leder-Petre.png","width":1241,"height":895},{"@type":"BreadcrumbList","@id":"https:\/\/novice.si\/page\/vojnik-soocenje-kandidatov-za-zupana\/#breadcrumb","itemListElement":[{"@type":"ListItem","position":1,"name":"Home","item":"https:\/\/novice.si\/page\/"},{"@type":"ListItem","position":2,"name":"VOJNIK Soo\u010denje kandidatov za \u017eupana"}]},{"@type":"WebSite","@id":"https:\/\/novice.si\/page\/#website","url":"https:\/\/novice.si\/page\/","name":"Novice.si","description":"","publisher":{"@id":"https:\/\/novice.si\/page\/#organization"},"potentialAction":[{"@type":"SearchAction","target":{"@type":"EntryPoint","urlTemplate":"https:\/\/novice.si\/page\/?s={search_term_string}"},"query-input":{"@type":"PropertyValueSpecification","valueRequired":true,"valueName":"search_term_string"}}],"inLanguage":"sl-SI"},{"@type":"Organization","@id":"https:\/\/novice.si\/page\/#organization","name":"Novice.si","url":"https:\/\/novice.si\/page\/","logo":{"@type":"ImageObject","inLanguage":"sl-SI","@id":"https:\/\/novice.si\/page\/#\/schema\/logo\/image\/","url":"https:\/\/novice.si\/page\/wp-content\/uploads\/2023\/03\/novice_si.png","contentUrl":"https:\/\/novice.si\/page\/wp-content\/uploads\/2023\/03\/novice_si.png","width":576,"height":200,"caption":"Novice.si"},"image":{"@id":"https:\/\/novice.si\/page\/#\/schema\/logo\/image\/"}},{"@type":"Person","@id":"https:\/\/novice.si\/page\/#\/schema\/person\/57f25c9642a9541c7349c65d32032c3e","name":"Uredni\u0161tvo Celjana","image":{"@type":"ImageObject","inLanguage":"sl-SI","@id":"https:\/\/secure.gravatar.com\/avatar\/78e52bc4279b65f6df6345e0ef0f7b792d361361f230cf4ffecfe0afe6d5629c?s=96&d=mm&r=g","url":"https:\/\/secure.gravatar.com\/avatar\/78e52bc4279b65f6df6345e0ef0f7b792d361361f230cf4ffecfe0afe6d5629c?s=96&d=mm&r=g","contentUrl":"https:\/\/secure.gravatar.com\/avatar\/78e52bc4279b65f6df6345e0ef0f7b792d361361f230cf4ffecfe0afe6d5629c?s=96&d=mm&r=g","caption":"Uredni\u0161tvo Celjana"},"url":"https:\/\/novice.si\/page\/author\/primoz\/"}]}},"_links":{"self":[{"href":"https:\/\/novice.si\/page\/wp-json\/wp\/v2\/posts\/156565","targetHints":{"allow":["GET"]}}],"collection":[{"href":"https:\/\/novice.si\/page\/wp-json\/wp\/v2\/posts"}],"about":[{"href":"https:\/\/novice.si\/page\/wp-json\/wp\/v2\/types\/post"}],"author":[{"embeddable":true,"href":"https:\/\/novice.si\/page\/wp-json\/wp\/v2\/users\/33"}],"replies":[{"embeddable":true,"href":"https:\/\/novice.si\/page\/wp-json\/wp\/v2\/comments?post=156565"}],"version-history":[{"count":1,"href":"https:\/\/novice.si\/page\/wp-json\/wp\/v2\/posts\/156565\/revisions"}],"predecessor-version":[{"id":156567,"href":"https:\/\/novice.si\/page\/wp-json\/wp\/v2\/posts\/156565\/revisions\/156567"}],"wp:featuredmedia":[{"embeddable":true,"href":"https:\/\/novice.si\/page\/wp-json\/wp\/v2\/media\/156566"}],"wp:attachment":[{"href":"https:\/\/novice.si\/page\/wp-json\/wp\/v2\/media?parent=156565"}],"wp:term":[{"taxonomy":"category","embeddable":true,"href":"https:\/\/novice.si\/page\/wp-json\/wp\/v2\/categories?post=156565"},{"taxonomy":"post_tag","embeddable":true,"href":"https:\/\/novice.si\/page\/wp-json\/wp\/v2\/tags?post=156565"}],"curies":[{"name":"wp","href":"https:\/\/api.w.org\/{rel}","templated":true}]}}