{"id":156519,"date":"2022-11-14T07:56:59","date_gmt":"2022-11-14T06:56:59","guid":{"rendered":"https:\/\/novice.si\/page\/?p=156519"},"modified":"2022-11-14T07:56:59","modified_gmt":"2022-11-14T06:56:59","slug":"planet-tus-praznuje-20-let","status":"publish","type":"post","link":"https:\/\/novice.si\/page\/planet-tus-praznuje-20-let\/","title":{"rendered":"Planet Tu\u0161 praznuje 20 let"},"content":{"rendered":"<p><a href=\"https:\/\/novice.si\/page\/wp-content\/uploads\/2022\/11\/Planet-tus-praznuje-2-1139.jpg\" data-gallery><img loading=\"lazy\" decoding=\"async\" src=\"https:\/\/novice.si\/page\/wp-content\/uploads\/2022\/11\/Planet-tus-praznuje-2-1139-164x300.jpg\" alt=\"\" width=\"164\" height=\"300\" class=\"alignleft size-medium wp-image-156521\" srcset=\"https:\/\/novice.si\/page\/wp-content\/uploads\/2022\/11\/Planet-tus-praznuje-2-1139-164x300.jpg 164w, https:\/\/novice.si\/page\/wp-content\/uploads\/2022\/11\/Planet-tus-praznuje-2-1139-560x1024.jpg 560w, https:\/\/novice.si\/page\/wp-content\/uploads\/2022\/11\/Planet-tus-praznuje-2-1139-768x1406.jpg 768w, https:\/\/novice.si\/page\/wp-content\/uploads\/2022\/11\/Planet-tus-praznuje-2-1139-839x1536.jpg 839w, https:\/\/novice.si\/page\/wp-content\/uploads\/2022\/11\/Planet-tus-praznuje-2-1139-1119x2048.jpg 1119w, https:\/\/novice.si\/page\/wp-content\/uploads\/2022\/11\/Planet-tus-praznuje-2-1139-696x1274.jpg 696w, https:\/\/novice.si\/page\/wp-content\/uploads\/2022\/11\/Planet-tus-praznuje-2-1139-1068x1955.jpg 1068w, https:\/\/novice.si\/page\/wp-content\/uploads\/2022\/11\/Planet-tus-praznuje-2-1139-229x420.jpg 229w, https:\/\/novice.si\/page\/wp-content\/uploads\/2022\/11\/Planet-tus-praznuje-2-1139-13x24.jpg 13w, https:\/\/novice.si\/page\/wp-content\/uploads\/2022\/11\/Planet-tus-praznuje-2-1139-20x36.jpg 20w, https:\/\/novice.si\/page\/wp-content\/uploads\/2022\/11\/Planet-tus-praznuje-2-1139-26x48.jpg 26w, https:\/\/novice.si\/page\/wp-content\/uploads\/2022\/11\/Planet-tus-praznuje-2-1139.jpg 1166w\" sizes=\"auto, (max-width: 164px) 100vw, 164px\" \/><\/a>V novembru mineva 20 let, odkar je Tu\u0161 v Celju odprl prvi, konceptualno povsem nov tip nakupovalnih sredi\u0161\u010d. Planet Tu\u0161 Celje na povr\u0161ini 30.000 m2 poleg Tu\u0161evega Hipermarketa ponuja \u0161e \u0161tevilne modne in \u0161portne trgovine, drogerijo in izvrstne gostinske ter storitvene lokale. Ljubiteljem filma je na voljo kar 8 kinodvoran, ki jih upravlja podjetje Cineplexx Slovenija, ki prav letos praznuje 10. rojstni dan.<br \/>\n\r\n                <style type=\"text\/css\">\r\n                    \r\n                    #tdi_1  .td-doubleSlider-2 .td-item1 {\r\n                        background: url(https:\/\/novice.si\/page\/wp-content\/uploads\/2022\/11\/Planet-tus-praznuje-1-1139-80x60.jpg) 0 0 no-repeat;\r\n                    }\r\n                    #tdi_1  .td-doubleSlider-2 .td-item2 {\r\n                        background: url(https:\/\/novice.si\/page\/wp-content\/uploads\/2022\/11\/Planet-tus-praznuje-2-1139-80x60.jpg) 0 0 no-repeat;\r\n                    }\r\n                    #tdi_1  .td-doubleSlider-2 .td-item3 {\r\n                        background: url(https:\/\/novice.si\/page\/wp-content\/uploads\/2022\/11\/Planet-tus-praznuje-3-1139-80x60.jpg) 0 0 no-repeat;\r\n                    }\r\n                <\/style>\r\n\r\n                <div id=\"tdi_1\" class=\"td-gallery td-slide-on-2-columns\">\r\n                    <div class=\"post_td_gallery\">\r\n                        <div class=\"td-gallery-slide-top\">\r\n                           <div class=\"td-gallery-title\"><\/div>\r\n\r\n                            <div class=\"td-gallery-controls-wrapper\">\r\n                                <div class=\"td-gallery-slide-count\"><span class=\"td-gallery-slide-item-focus\">1<\/span> od 3<\/div>\r\n                                <div class=\"td-gallery-slide-prev-next-but\">\r\n                                    <i class = \"td-icon-left doubleSliderPrevButton\"><\/i>\r\n                                    <i class = \"td-icon-right doubleSliderNextButton\"><\/i>\r\n                                <\/div>\r\n                            <\/div>\r\n                        <\/div>\r\n\r\n                        <div class = \"td-doubleSlider-1 \">\r\n                            <div class = \"td-slider\">\r\n                                \r\n                    <div class = \"td-slide-item td-item1\">\r\n                        <figure class=\"td-slide-galery-figure td-slide-popup-gallery\">\r\n                            <a class=\"slide-gallery-image-link\" href=\"https:\/\/novice.si\/page\/wp-content\/uploads\/2022\/11\/Planet-tus-praznuje-1-1139-scaled.jpg\" title=\"Planet tus praznuje 1 1139\"  data-caption=\"\"  data-description=\"\" data-gallery>\r\n                                <img decoding=\"async\" src=\"https:\/\/novice.si\/page\/wp-content\/uploads\/2022\/11\/Planet-tus-praznuje-1-1139-934x420.jpg\" srcset=\"https:\/\/novice.si\/page\/wp-content\/uploads\/2022\/11\/Planet-tus-praznuje-1-1139-934x420.jpg 934w, https:\/\/novice.si\/page\/wp-content\/uploads\/2022\/11\/Planet-tus-praznuje-1-1139-300x135.jpg 300w, https:\/\/novice.si\/page\/wp-content\/uploads\/2022\/11\/Planet-tus-praznuje-1-1139-1024x461.jpg 1024w, https:\/\/novice.si\/page\/wp-content\/uploads\/2022\/11\/Planet-tus-praznuje-1-1139-768x345.jpg 768w, https:\/\/novice.si\/page\/wp-content\/uploads\/2022\/11\/Planet-tus-praznuje-1-1139-1536x691.jpg 1536w, https:\/\/novice.si\/page\/wp-content\/uploads\/2022\/11\/Planet-tus-praznuje-1-1139-2048x921.jpg 2048w, https:\/\/novice.si\/page\/wp-content\/uploads\/2022\/11\/Planet-tus-praznuje-1-1139-696x313.jpg 696w, https:\/\/novice.si\/page\/wp-content\/uploads\/2022\/11\/Planet-tus-praznuje-1-1139-1068x480.jpg 1068w, https:\/\/novice.si\/page\/wp-content\/uploads\/2022\/11\/Planet-tus-praznuje-1-1139-24x11.jpg 24w, https:\/\/novice.si\/page\/wp-content\/uploads\/2022\/11\/Planet-tus-praznuje-1-1139-36x16.jpg 36w, https:\/\/novice.si\/page\/wp-content\/uploads\/2022\/11\/Planet-tus-praznuje-1-1139-48x22.jpg 48w\" sizes=\"(max-width: 934px) 100vw, 934px\" alt=\"\">\r\n                            <\/a>\r\n                            \r\n                        <\/figure>\r\n                    <\/div>\r\n                    <div class = \"td-slide-item td-item2\">\r\n                        <figure class=\"td-slide-galery-figure td-slide-popup-gallery\">\r\n                            <a class=\"slide-gallery-image-link\" href=\"https:\/\/novice.si\/page\/wp-content\/uploads\/2022\/11\/Planet-tus-praznuje-2-1139.jpg\" title=\"Planet tus praznuje 2 1139\"  data-caption=\"\"  data-description=\"\" data-gallery>\r\n                                <img decoding=\"async\" src=\"https:\/\/novice.si\/page\/wp-content\/uploads\/2022\/11\/Planet-tus-praznuje-2-1139-229x420.jpg\" srcset=\"https:\/\/novice.si\/page\/wp-content\/uploads\/2022\/11\/Planet-tus-praznuje-2-1139-229x420.jpg 229w, https:\/\/novice.si\/page\/wp-content\/uploads\/2022\/11\/Planet-tus-praznuje-2-1139-164x300.jpg 164w, https:\/\/novice.si\/page\/wp-content\/uploads\/2022\/11\/Planet-tus-praznuje-2-1139-560x1024.jpg 560w, https:\/\/novice.si\/page\/wp-content\/uploads\/2022\/11\/Planet-tus-praznuje-2-1139-768x1406.jpg 768w, https:\/\/novice.si\/page\/wp-content\/uploads\/2022\/11\/Planet-tus-praznuje-2-1139-839x1536.jpg 839w, https:\/\/novice.si\/page\/wp-content\/uploads\/2022\/11\/Planet-tus-praznuje-2-1139-1119x2048.jpg 1119w, https:\/\/novice.si\/page\/wp-content\/uploads\/2022\/11\/Planet-tus-praznuje-2-1139-696x1274.jpg 696w, https:\/\/novice.si\/page\/wp-content\/uploads\/2022\/11\/Planet-tus-praznuje-2-1139-1068x1955.jpg 1068w, https:\/\/novice.si\/page\/wp-content\/uploads\/2022\/11\/Planet-tus-praznuje-2-1139-13x24.jpg 13w, https:\/\/novice.si\/page\/wp-content\/uploads\/2022\/11\/Planet-tus-praznuje-2-1139-20x36.jpg 20w, https:\/\/novice.si\/page\/wp-content\/uploads\/2022\/11\/Planet-tus-praznuje-2-1139-26x48.jpg 26w, https:\/\/novice.si\/page\/wp-content\/uploads\/2022\/11\/Planet-tus-praznuje-2-1139.jpg 1166w\" sizes=\"(max-width: 229px) 100vw, 229px\" alt=\"\">\r\n                            <\/a>\r\n                            \r\n                        <\/figure>\r\n                    <\/div>\r\n                    <div class = \"td-slide-item td-item3\">\r\n                        <figure class=\"td-slide-galery-figure td-slide-popup-gallery\">\r\n                            <a class=\"slide-gallery-image-link\" href=\"https:\/\/novice.si\/page\/wp-content\/uploads\/2022\/11\/Planet-tus-praznuje-3-1139-scaled.jpg\" title=\"Planet tus praznuje 3 1139\"  data-caption=\"\"  data-description=\"\" data-gallery>\r\n                                <img decoding=\"async\" src=\"https:\/\/novice.si\/page\/wp-content\/uploads\/2022\/11\/Planet-tus-praznuje-3-1139-934x420.jpg\" srcset=\"https:\/\/novice.si\/page\/wp-content\/uploads\/2022\/11\/Planet-tus-praznuje-3-1139-934x420.jpg 934w, https:\/\/novice.si\/page\/wp-content\/uploads\/2022\/11\/Planet-tus-praznuje-3-1139-300x135.jpg 300w, https:\/\/novice.si\/page\/wp-content\/uploads\/2022\/11\/Planet-tus-praznuje-3-1139-1024x461.jpg 1024w, https:\/\/novice.si\/page\/wp-content\/uploads\/2022\/11\/Planet-tus-praznuje-3-1139-768x345.jpg 768w, https:\/\/novice.si\/page\/wp-content\/uploads\/2022\/11\/Planet-tus-praznuje-3-1139-1536x691.jpg 1536w, https:\/\/novice.si\/page\/wp-content\/uploads\/2022\/11\/Planet-tus-praznuje-3-1139-2048x921.jpg 2048w, https:\/\/novice.si\/page\/wp-content\/uploads\/2022\/11\/Planet-tus-praznuje-3-1139-696x313.jpg 696w, https:\/\/novice.si\/page\/wp-content\/uploads\/2022\/11\/Planet-tus-praznuje-3-1139-1068x480.jpg 1068w, https:\/\/novice.si\/page\/wp-content\/uploads\/2022\/11\/Planet-tus-praznuje-3-1139-24x11.jpg 24w, https:\/\/novice.si\/page\/wp-content\/uploads\/2022\/11\/Planet-tus-praznuje-3-1139-36x16.jpg 36w, https:\/\/novice.si\/page\/wp-content\/uploads\/2022\/11\/Planet-tus-praznuje-3-1139-48x22.jpg 48w\" sizes=\"(max-width: 934px) 100vw, 934px\" alt=\"\">\r\n                            <\/a>\r\n                            \r\n                        <\/figure>\r\n                    <\/div>\r\n                            <\/div>\r\n                        <\/div>\r\n\r\n                        <div class = \"td-doubleSlider-2\">\r\n                            <div class = \"td-slider\">\r\n                                \r\n                    <div class = \"td-button td-item1\">\r\n                        <div class = \"td-border\"><\/div>\r\n                    <\/div>\r\n                    <div class = \"td-button td-item2\">\r\n                        <div class = \"td-border\"><\/div>\r\n                    <\/div>\r\n                    <div class = \"td-button td-item3\">\r\n                        <div class = \"td-border\"><\/div>\r\n                    <\/div>\r\n                            <\/div>\r\n                        <\/div>\r\n\r\n                    <\/div>\r\n\r\n                <\/div>\r\n                <\/p>\n","protected":false},"excerpt":{"rendered":"<p>V novembru mineva 20 let, odkar je Tu\u0161 v Celju odprl prvi, konceptualno povsem nov tip nakupovalnih sredi\u0161\u010d. Planet Tu\u0161 Celje na povr\u0161ini 30.000 m2 poleg Tu\u0161evega Hipermarketa ponuja \u0161e \u0161tevilne modne in \u0161portne trgovine, drogerijo in izvrstne gostinske ter storitvene lokale. Ljubiteljem filma je na voljo kar 8 kinodvoran, ki jih upravlja podjetje Cineplexx [&hellip;]<\/p>\n","protected":false},"author":10,"featured_media":156522,"comment_status":"closed","ping_status":"closed","sticky":false,"template":"","format":"standard","meta":{"footnotes":""},"categories":[14,142,17],"tags":[16344,16345,16343,16347,16346,5633,16339,16342,9524,7019,16340,16341],"class_list":{"0":"post-156519","1":"post","2":"type-post","3":"status-publish","4":"format-standard","5":"has-post-thumbnail","7":"category-aktualno","8":"category-celjan","9":"category-celjsko","10":"tag-10-rojstni-dan","11":"tag-20-let-planet-tus","12":"tag-8-kinodvoran","13":"tag-andreja-petrovic","14":"tag-anja-sketa","15":"tag-cineplexx","16":"tag-cineplexx-slovenija","17":"tag-hipermarket-tus","18":"tag-oto-pestner","19":"tag-planet-tus","20":"tag-planet-tus-celje","21":"tag-tus-celje"},"yoast_head":"<!-- This site is optimized with the Yoast SEO plugin v27.4 - https:\/\/yoast.com\/product\/yoast-seo-wordpress\/ -->\n<title>Planet Tu\u0161 praznuje 20 let - Novice.si<\/title>\n<meta name=\"robots\" content=\"index, follow, max-snippet:-1, max-image-preview:large, max-video-preview:-1\" \/>\n<link rel=\"canonical\" href=\"https:\/\/novice.si\/page\/planet-tus-praznuje-20-let\/\" \/>\n<meta property=\"og:locale\" content=\"sl_SI\" \/>\n<meta property=\"og:type\" content=\"article\" \/>\n<meta property=\"og:title\" content=\"Planet Tu\u0161 praznuje 20 let - Novice.si\" \/>\n<meta property=\"og:description\" content=\"V novembru mineva 20 let, odkar je Tu\u0161 v Celju odprl prvi, konceptualno povsem nov tip nakupovalnih sredi\u0161\u010d. Planet Tu\u0161 Celje na povr\u0161ini 30.000 m2 poleg Tu\u0161evega Hipermarketa ponuja \u0161e \u0161tevilne modne in \u0161portne trgovine, drogerijo in izvrstne gostinske ter storitvene lokale. Ljubiteljem filma je na voljo kar 8 kinodvoran, ki jih upravlja podjetje Cineplexx [&hellip;]\" \/>\n<meta property=\"og:url\" content=\"https:\/\/novice.si\/page\/planet-tus-praznuje-20-let\/\" \/>\n<meta property=\"og:site_name\" content=\"Novice.si\" \/>\n<meta property=\"article:published_time\" content=\"2022-11-14T06:56:59+00:00\" \/>\n<meta property=\"og:image\" content=\"https:\/\/novice.si\/page\/wp-content\/uploads\/2022\/11\/Planet-tus-praznuje-3-1139-scaled.jpg\" \/>\n\t<meta property=\"og:image:width\" content=\"2560\" \/>\n\t<meta property=\"og:image:height\" content=\"1152\" \/>\n\t<meta property=\"og:image:type\" content=\"image\/jpeg\" \/>\n<meta name=\"author\" content=\"Iztok Krajnc\" \/>\n<meta name=\"twitter:card\" content=\"summary_large_image\" \/>\n<meta name=\"twitter:label1\" content=\"Written by\" \/>\n\t<meta name=\"twitter:data1\" content=\"Iztok Krajnc\" \/>\n<script type=\"application\/ld+json\" class=\"yoast-schema-graph\">{\"@context\":\"https:\\\/\\\/schema.org\",\"@graph\":[{\"@type\":\"Article\",\"@id\":\"https:\\\/\\\/novice.si\\\/page\\\/planet-tus-praznuje-20-let\\\/#article\",\"isPartOf\":{\"@id\":\"https:\\\/\\\/novice.si\\\/page\\\/planet-tus-praznuje-20-let\\\/\"},\"author\":{\"name\":\"Iztok Krajnc\",\"@id\":\"https:\\\/\\\/novice.si\\\/page\\\/#\\\/schema\\\/person\\\/92fda8564875f655675c886e4df22216\"},\"headline\":\"Planet Tu\u0161 praznuje 20 let\",\"datePublished\":\"2022-11-14T06:56:59+00:00\",\"mainEntityOfPage\":{\"@id\":\"https:\\\/\\\/novice.si\\\/page\\\/planet-tus-praznuje-20-let\\\/\"},\"wordCount\":72,\"publisher\":{\"@id\":\"https:\\\/\\\/novice.si\\\/page\\\/#organization\"},\"image\":{\"@id\":\"https:\\\/\\\/novice.si\\\/page\\\/planet-tus-praznuje-20-let\\\/#primaryimage\"},\"thumbnailUrl\":\"https:\\\/\\\/novice.si\\\/page\\\/wp-content\\\/uploads\\\/2022\\\/11\\\/Planet-tus-praznuje-3-1139-scaled.jpg\",\"keywords\":[\"10. rojstni dan\",\"20 let planet tu\u0161\",\"8 kinodvoran\",\"andreja petrovi\u010d\",\"Anja \u0160keta\",\"Cineplexx\",\"cineplexx slovenija\",\"hipermarket tu\u0161\",\"oto pestner\",\"Planet Tu\u0161\",\"planet tu\u0161 celje\",\"tu\u0161 celje\"],\"articleSection\":[\"Aktualno\",\"Celjan\",\"Celjsko\"],\"inLanguage\":\"sl-SI\"},{\"@type\":\"WebPage\",\"@id\":\"https:\\\/\\\/novice.si\\\/page\\\/planet-tus-praznuje-20-let\\\/\",\"url\":\"https:\\\/\\\/novice.si\\\/page\\\/planet-tus-praznuje-20-let\\\/\",\"name\":\"Planet Tu\u0161 praznuje 20 let - Novice.si\",\"isPartOf\":{\"@id\":\"https:\\\/\\\/novice.si\\\/page\\\/#website\"},\"primaryImageOfPage\":{\"@id\":\"https:\\\/\\\/novice.si\\\/page\\\/planet-tus-praznuje-20-let\\\/#primaryimage\"},\"image\":{\"@id\":\"https:\\\/\\\/novice.si\\\/page\\\/planet-tus-praznuje-20-let\\\/#primaryimage\"},\"thumbnailUrl\":\"https:\\\/\\\/novice.si\\\/page\\\/wp-content\\\/uploads\\\/2022\\\/11\\\/Planet-tus-praznuje-3-1139-scaled.jpg\",\"datePublished\":\"2022-11-14T06:56:59+00:00\",\"breadcrumb\":{\"@id\":\"https:\\\/\\\/novice.si\\\/page\\\/planet-tus-praznuje-20-let\\\/#breadcrumb\"},\"inLanguage\":\"sl-SI\",\"potentialAction\":[{\"@type\":\"ReadAction\",\"target\":[\"https:\\\/\\\/novice.si\\\/page\\\/planet-tus-praznuje-20-let\\\/\"]}]},{\"@type\":\"ImageObject\",\"inLanguage\":\"sl-SI\",\"@id\":\"https:\\\/\\\/novice.si\\\/page\\\/planet-tus-praznuje-20-let\\\/#primaryimage\",\"url\":\"https:\\\/\\\/novice.si\\\/page\\\/wp-content\\\/uploads\\\/2022\\\/11\\\/Planet-tus-praznuje-3-1139-scaled.jpg\",\"contentUrl\":\"https:\\\/\\\/novice.si\\\/page\\\/wp-content\\\/uploads\\\/2022\\\/11\\\/Planet-tus-praznuje-3-1139-scaled.jpg\",\"width\":2560,\"height\":1152},{\"@type\":\"BreadcrumbList\",\"@id\":\"https:\\\/\\\/novice.si\\\/page\\\/planet-tus-praznuje-20-let\\\/#breadcrumb\",\"itemListElement\":[{\"@type\":\"ListItem\",\"position\":1,\"name\":\"Home\",\"item\":\"https:\\\/\\\/novice.si\\\/page\\\/\"},{\"@type\":\"ListItem\",\"position\":2,\"name\":\"Planet Tu\u0161 praznuje 20 let\"}]},{\"@type\":\"WebSite\",\"@id\":\"https:\\\/\\\/novice.si\\\/page\\\/#website\",\"url\":\"https:\\\/\\\/novice.si\\\/page\\\/\",\"name\":\"Novice.si\",\"description\":\"\",\"publisher\":{\"@id\":\"https:\\\/\\\/novice.si\\\/page\\\/#organization\"},\"potentialAction\":[{\"@type\":\"SearchAction\",\"target\":{\"@type\":\"EntryPoint\",\"urlTemplate\":\"https:\\\/\\\/novice.si\\\/page\\\/?s={search_term_string}\"},\"query-input\":{\"@type\":\"PropertyValueSpecification\",\"valueRequired\":true,\"valueName\":\"search_term_string\"}}],\"inLanguage\":\"sl-SI\"},{\"@type\":\"Organization\",\"@id\":\"https:\\\/\\\/novice.si\\\/page\\\/#organization\",\"name\":\"Novice.si\",\"url\":\"https:\\\/\\\/novice.si\\\/page\\\/\",\"logo\":{\"@type\":\"ImageObject\",\"inLanguage\":\"sl-SI\",\"@id\":\"https:\\\/\\\/novice.si\\\/page\\\/#\\\/schema\\\/logo\\\/image\\\/\",\"url\":\"https:\\\/\\\/novice.si\\\/page\\\/wp-content\\\/uploads\\\/2023\\\/03\\\/novice_si.png\",\"contentUrl\":\"https:\\\/\\\/novice.si\\\/page\\\/wp-content\\\/uploads\\\/2023\\\/03\\\/novice_si.png\",\"width\":576,\"height\":200,\"caption\":\"Novice.si\"},\"image\":{\"@id\":\"https:\\\/\\\/novice.si\\\/page\\\/#\\\/schema\\\/logo\\\/image\\\/\"}},{\"@type\":\"Person\",\"@id\":\"https:\\\/\\\/novice.si\\\/page\\\/#\\\/schema\\\/person\\\/92fda8564875f655675c886e4df22216\",\"name\":\"Iztok Krajnc\",\"image\":{\"@type\":\"ImageObject\",\"inLanguage\":\"sl-SI\",\"@id\":\"https:\\\/\\\/secure.gravatar.com\\\/avatar\\\/2790ff125f883a5a9cb934a574322d28ea850f8f4494d77b487c1950e0096015?s=96&d=mm&r=g\",\"url\":\"https:\\\/\\\/secure.gravatar.com\\\/avatar\\\/2790ff125f883a5a9cb934a574322d28ea850f8f4494d77b487c1950e0096015?s=96&d=mm&r=g\",\"contentUrl\":\"https:\\\/\\\/secure.gravatar.com\\\/avatar\\\/2790ff125f883a5a9cb934a574322d28ea850f8f4494d77b487c1950e0096015?s=96&d=mm&r=g\",\"caption\":\"Iztok Krajnc\"},\"url\":\"https:\\\/\\\/novice.si\\\/page\\\/author\\\/iztok\\\/\"}]}<\/script>\n<!-- \/ Yoast SEO plugin. -->","yoast_head_json":{"title":"Planet Tu\u0161 praznuje 20 let - Novice.si","robots":{"index":"index","follow":"follow","max-snippet":"max-snippet:-1","max-image-preview":"max-image-preview:large","max-video-preview":"max-video-preview:-1"},"canonical":"https:\/\/novice.si\/page\/planet-tus-praznuje-20-let\/","og_locale":"sl_SI","og_type":"article","og_title":"Planet Tu\u0161 praznuje 20 let - Novice.si","og_description":"V novembru mineva 20 let, odkar je Tu\u0161 v Celju odprl prvi, konceptualno povsem nov tip nakupovalnih sredi\u0161\u010d. Planet Tu\u0161 Celje na povr\u0161ini 30.000 m2 poleg Tu\u0161evega Hipermarketa ponuja \u0161e \u0161tevilne modne in \u0161portne trgovine, drogerijo in izvrstne gostinske ter storitvene lokale. Ljubiteljem filma je na voljo kar 8 kinodvoran, ki jih upravlja podjetje Cineplexx [&hellip;]","og_url":"https:\/\/novice.si\/page\/planet-tus-praznuje-20-let\/","og_site_name":"Novice.si","article_published_time":"2022-11-14T06:56:59+00:00","og_image":[{"width":2560,"height":1152,"url":"https:\/\/novice.si\/page\/wp-content\/uploads\/2022\/11\/Planet-tus-praznuje-3-1139-scaled.jpg","type":"image\/jpeg"}],"author":"Iztok Krajnc","twitter_card":"summary_large_image","twitter_misc":{"Written by":"Iztok Krajnc"},"schema":{"@context":"https:\/\/schema.org","@graph":[{"@type":"Article","@id":"https:\/\/novice.si\/page\/planet-tus-praznuje-20-let\/#article","isPartOf":{"@id":"https:\/\/novice.si\/page\/planet-tus-praznuje-20-let\/"},"author":{"name":"Iztok Krajnc","@id":"https:\/\/novice.si\/page\/#\/schema\/person\/92fda8564875f655675c886e4df22216"},"headline":"Planet Tu\u0161 praznuje 20 let","datePublished":"2022-11-14T06:56:59+00:00","mainEntityOfPage":{"@id":"https:\/\/novice.si\/page\/planet-tus-praznuje-20-let\/"},"wordCount":72,"publisher":{"@id":"https:\/\/novice.si\/page\/#organization"},"image":{"@id":"https:\/\/novice.si\/page\/planet-tus-praznuje-20-let\/#primaryimage"},"thumbnailUrl":"https:\/\/novice.si\/page\/wp-content\/uploads\/2022\/11\/Planet-tus-praznuje-3-1139-scaled.jpg","keywords":["10. rojstni dan","20 let planet tu\u0161","8 kinodvoran","andreja petrovi\u010d","Anja \u0160keta","Cineplexx","cineplexx slovenija","hipermarket tu\u0161","oto pestner","Planet Tu\u0161","planet tu\u0161 celje","tu\u0161 celje"],"articleSection":["Aktualno","Celjan","Celjsko"],"inLanguage":"sl-SI"},{"@type":"WebPage","@id":"https:\/\/novice.si\/page\/planet-tus-praznuje-20-let\/","url":"https:\/\/novice.si\/page\/planet-tus-praznuje-20-let\/","name":"Planet Tu\u0161 praznuje 20 let - Novice.si","isPartOf":{"@id":"https:\/\/novice.si\/page\/#website"},"primaryImageOfPage":{"@id":"https:\/\/novice.si\/page\/planet-tus-praznuje-20-let\/#primaryimage"},"image":{"@id":"https:\/\/novice.si\/page\/planet-tus-praznuje-20-let\/#primaryimage"},"thumbnailUrl":"https:\/\/novice.si\/page\/wp-content\/uploads\/2022\/11\/Planet-tus-praznuje-3-1139-scaled.jpg","datePublished":"2022-11-14T06:56:59+00:00","breadcrumb":{"@id":"https:\/\/novice.si\/page\/planet-tus-praznuje-20-let\/#breadcrumb"},"inLanguage":"sl-SI","potentialAction":[{"@type":"ReadAction","target":["https:\/\/novice.si\/page\/planet-tus-praznuje-20-let\/"]}]},{"@type":"ImageObject","inLanguage":"sl-SI","@id":"https:\/\/novice.si\/page\/planet-tus-praznuje-20-let\/#primaryimage","url":"https:\/\/novice.si\/page\/wp-content\/uploads\/2022\/11\/Planet-tus-praznuje-3-1139-scaled.jpg","contentUrl":"https:\/\/novice.si\/page\/wp-content\/uploads\/2022\/11\/Planet-tus-praznuje-3-1139-scaled.jpg","width":2560,"height":1152},{"@type":"BreadcrumbList","@id":"https:\/\/novice.si\/page\/planet-tus-praznuje-20-let\/#breadcrumb","itemListElement":[{"@type":"ListItem","position":1,"name":"Home","item":"https:\/\/novice.si\/page\/"},{"@type":"ListItem","position":2,"name":"Planet Tu\u0161 praznuje 20 let"}]},{"@type":"WebSite","@id":"https:\/\/novice.si\/page\/#website","url":"https:\/\/novice.si\/page\/","name":"Novice.si","description":"","publisher":{"@id":"https:\/\/novice.si\/page\/#organization"},"potentialAction":[{"@type":"SearchAction","target":{"@type":"EntryPoint","urlTemplate":"https:\/\/novice.si\/page\/?s={search_term_string}"},"query-input":{"@type":"PropertyValueSpecification","valueRequired":true,"valueName":"search_term_string"}}],"inLanguage":"sl-SI"},{"@type":"Organization","@id":"https:\/\/novice.si\/page\/#organization","name":"Novice.si","url":"https:\/\/novice.si\/page\/","logo":{"@type":"ImageObject","inLanguage":"sl-SI","@id":"https:\/\/novice.si\/page\/#\/schema\/logo\/image\/","url":"https:\/\/novice.si\/page\/wp-content\/uploads\/2023\/03\/novice_si.png","contentUrl":"https:\/\/novice.si\/page\/wp-content\/uploads\/2023\/03\/novice_si.png","width":576,"height":200,"caption":"Novice.si"},"image":{"@id":"https:\/\/novice.si\/page\/#\/schema\/logo\/image\/"}},{"@type":"Person","@id":"https:\/\/novice.si\/page\/#\/schema\/person\/92fda8564875f655675c886e4df22216","name":"Iztok Krajnc","image":{"@type":"ImageObject","inLanguage":"sl-SI","@id":"https:\/\/secure.gravatar.com\/avatar\/2790ff125f883a5a9cb934a574322d28ea850f8f4494d77b487c1950e0096015?s=96&d=mm&r=g","url":"https:\/\/secure.gravatar.com\/avatar\/2790ff125f883a5a9cb934a574322d28ea850f8f4494d77b487c1950e0096015?s=96&d=mm&r=g","contentUrl":"https:\/\/secure.gravatar.com\/avatar\/2790ff125f883a5a9cb934a574322d28ea850f8f4494d77b487c1950e0096015?s=96&d=mm&r=g","caption":"Iztok Krajnc"},"url":"https:\/\/novice.si\/page\/author\/iztok\/"}]}},"_links":{"self":[{"href":"https:\/\/novice.si\/page\/wp-json\/wp\/v2\/posts\/156519","targetHints":{"allow":["GET"]}}],"collection":[{"href":"https:\/\/novice.si\/page\/wp-json\/wp\/v2\/posts"}],"about":[{"href":"https:\/\/novice.si\/page\/wp-json\/wp\/v2\/types\/post"}],"author":[{"embeddable":true,"href":"https:\/\/novice.si\/page\/wp-json\/wp\/v2\/users\/10"}],"replies":[{"embeddable":true,"href":"https:\/\/novice.si\/page\/wp-json\/wp\/v2\/comments?post=156519"}],"version-history":[{"count":1,"href":"https:\/\/novice.si\/page\/wp-json\/wp\/v2\/posts\/156519\/revisions"}],"predecessor-version":[{"id":156524,"href":"https:\/\/novice.si\/page\/wp-json\/wp\/v2\/posts\/156519\/revisions\/156524"}],"wp:featuredmedia":[{"embeddable":true,"href":"https:\/\/novice.si\/page\/wp-json\/wp\/v2\/media\/156522"}],"wp:attachment":[{"href":"https:\/\/novice.si\/page\/wp-json\/wp\/v2\/media?parent=156519"}],"wp:term":[{"taxonomy":"category","embeddable":true,"href":"https:\/\/novice.si\/page\/wp-json\/wp\/v2\/categories?post=156519"},{"taxonomy":"post_tag","embeddable":true,"href":"https:\/\/novice.si\/page\/wp-json\/wp\/v2\/tags?post=156519"}],"curies":[{"name":"wp","href":"https:\/\/api.w.org\/{rel}","templated":true}]}}