{"id":156413,"date":"2022-11-09T19:17:38","date_gmt":"2022-11-09T18:17:38","guid":{"rendered":"https:\/\/novice.si\/page\/?p=156413"},"modified":"2022-11-09T19:24:28","modified_gmt":"2022-11-09T18:24:28","slug":"dobrna-martin-brecl-bo-lovil-sedmi-mandat","status":"publish","type":"post","link":"https:\/\/novice.si\/page\/dobrna-martin-brecl-bo-lovil-sedmi-mandat\/","title":{"rendered":"DOBRNA Martin Brecl bo lovil sedmi mandat"},"content":{"rendered":"<p>\u017dupan Dobrne <strong>Martin Brecl<\/strong> je med tistimi, ki so si pri vodenju ob\u010din nabrali najdalj\u0161i sta\u017e. Prihodnjo nedeljo bo naskakoval svoj sedmi mandat, ob\u010dino pa vodi vse od njene<a href=\"https:\/\/novice.si\/page\/wp-content\/uploads\/2022\/11\/martin-brecl.jpg\" data-gallery><img loading=\"lazy\" decoding=\"async\" class=\"size-medium wp-image-156414 alignleft\" src=\"https:\/\/novice.si\/page\/wp-content\/uploads\/2022\/11\/martin-brecl-226x300.jpg\" alt=\"\" width=\"226\" height=\"300\" srcset=\"https:\/\/novice.si\/page\/wp-content\/uploads\/2022\/11\/martin-brecl-226x300.jpg 226w, https:\/\/novice.si\/page\/wp-content\/uploads\/2022\/11\/martin-brecl-316x420.jpg 316w, https:\/\/novice.si\/page\/wp-content\/uploads\/2022\/11\/martin-brecl-18x24.jpg 18w, https:\/\/novice.si\/page\/wp-content\/uploads\/2022\/11\/martin-brecl-27x36.jpg 27w, https:\/\/novice.si\/page\/wp-content\/uploads\/2022\/11\/martin-brecl-36x48.jpg 36w, https:\/\/novice.si\/page\/wp-content\/uploads\/2022\/11\/martin-brecl.jpg 397w\" sizes=\"auto, (max-width: 226px) 100vw, 226px\" \/><\/a> razdru\u017eitve z neko\u010d skupno ob\u010dino Vojnik.<\/p>\n<p>V naslednjem mandatu \u017eeli med drugim postaviti dom starej\u0161ih in \u0161portni center ter dokon\u010dati dozidavo vrtca, \u0161ole in kulturnega doma. Dobrna je tudi med najmanj zadol\u017eenimi ob\u010dinami in so trenutno \u0161e v fazi razdol\u017eevanja.<\/p>\n<p>\u00bbGre za nadaljevanje zastavljenih aktivnosti in projektov, nekateri \u017ee te\u010dejo. Iz razpisa za okrevanje in razvoj so nam odobrili sofinanciranje dvomilijonskega projekta za vodooskrbo vklju\u010dno s \u010distilno napravo, na katero je priklju\u010denih okoli tiso\u010d prebivalcev. Nadaljujemo urejanje lokalne cestne infrastrukture, predvsem pa i\u0161\u010demo projekte, kjer je mo\u017eno zagotoviti sofinanciranje dr\u017eave in EU\u00ab, pravi Brecl.<\/p>\n<p>P\u0160<\/p>\n<p>&nbsp;<\/p>\n","protected":false},"excerpt":{"rendered":"<p>\u017dupan Dobrne Martin Brecl je med tistimi, ki so si pri vodenju ob\u010din nabrali najdalj\u0161i sta\u017e. Prihodnjo nedeljo bo naskakoval svoj sedmi mandat, ob\u010dino pa vodi vse od njene razdru\u017eitve z neko\u010d skupno ob\u010dino Vojnik. V naslednjem mandatu \u017eeli med drugim postaviti dom starej\u0161ih in \u0161portni center ter dokon\u010dati dozidavo vrtca, \u0161ole in kulturnega doma. [&hellip;]<\/p>\n","protected":false},"author":33,"featured_media":156417,"comment_status":"closed","ping_status":"closed","sticky":false,"template":"","format":"standard","meta":{"footnotes":""},"categories":[17],"tags":[363,333,7195,791,16322],"class_list":{"0":"post-156413","1":"post","2":"type-post","3":"status-publish","4":"format-standard","5":"has-post-thumbnail","7":"category-celjsko","8":"tag-dobrna","9":"tag-lokalne-volitve","10":"tag-martin-brecl","11":"tag-program","12":"tag-sedmi-mandat"},"yoast_head":"<!-- This site is optimized with the Yoast SEO plugin v27.4 - https:\/\/yoast.com\/product\/yoast-seo-wordpress\/ -->\n<title>DOBRNA Martin Brecl bo lovil sedmi mandat - Novice.si<\/title>\n<meta name=\"robots\" content=\"index, follow, max-snippet:-1, max-image-preview:large, max-video-preview:-1\" \/>\n<link rel=\"canonical\" href=\"https:\/\/novice.si\/page\/dobrna-martin-brecl-bo-lovil-sedmi-mandat\/\" \/>\n<meta property=\"og:locale\" content=\"sl_SI\" \/>\n<meta property=\"og:type\" content=\"article\" \/>\n<meta property=\"og:title\" content=\"DOBRNA Martin Brecl bo lovil sedmi mandat - Novice.si\" \/>\n<meta property=\"og:description\" content=\"\u017dupan Dobrne Martin Brecl je med tistimi, ki so si pri vodenju ob\u010din nabrali najdalj\u0161i sta\u017e. Prihodnjo nedeljo bo naskakoval svoj sedmi mandat, ob\u010dino pa vodi vse od njene razdru\u017eitve z neko\u010d skupno ob\u010dino Vojnik. V naslednjem mandatu \u017eeli med drugim postaviti dom starej\u0161ih in \u0161portni center ter dokon\u010dati dozidavo vrtca, \u0161ole in kulturnega doma. [&hellip;]\" \/>\n<meta property=\"og:url\" content=\"https:\/\/novice.si\/page\/dobrna-martin-brecl-bo-lovil-sedmi-mandat\/\" \/>\n<meta property=\"og:site_name\" content=\"Novice.si\" \/>\n<meta property=\"article:published_time\" content=\"2022-11-09T18:17:38+00:00\" \/>\n<meta property=\"article:modified_time\" content=\"2022-11-09T18:24:28+00:00\" \/>\n<meta property=\"og:image\" content=\"https:\/\/novice.si\/page\/wp-content\/uploads\/2022\/11\/martin-brecl-dobrna-2.png\" \/>\n\t<meta property=\"og:image:width\" content=\"822\" \/>\n\t<meta property=\"og:image:height\" content=\"650\" \/>\n\t<meta property=\"og:image:type\" content=\"image\/png\" \/>\n<meta name=\"author\" content=\"Uredni\u0161tvo Celjana\" \/>\n<meta name=\"twitter:card\" content=\"summary_large_image\" \/>\n<meta name=\"twitter:label1\" content=\"Written by\" \/>\n\t<meta name=\"twitter:data1\" content=\"Uredni\u0161tvo Celjana\" \/>\n\t<meta name=\"twitter:label2\" content=\"Est. reading time\" \/>\n\t<meta name=\"twitter:data2\" content=\"1 minuta\" \/>\n<script type=\"application\/ld+json\" class=\"yoast-schema-graph\">{\"@context\":\"https:\\\/\\\/schema.org\",\"@graph\":[{\"@type\":\"Article\",\"@id\":\"https:\\\/\\\/novice.si\\\/page\\\/dobrna-martin-brecl-bo-lovil-sedmi-mandat\\\/#article\",\"isPartOf\":{\"@id\":\"https:\\\/\\\/novice.si\\\/page\\\/dobrna-martin-brecl-bo-lovil-sedmi-mandat\\\/\"},\"author\":{\"name\":\"Uredni\u0161tvo Celjana\",\"@id\":\"https:\\\/\\\/novice.si\\\/page\\\/#\\\/schema\\\/person\\\/57f25c9642a9541c7349c65d32032c3e\"},\"headline\":\"DOBRNA Martin Brecl bo lovil sedmi mandat\",\"datePublished\":\"2022-11-09T18:17:38+00:00\",\"dateModified\":\"2022-11-09T18:24:28+00:00\",\"mainEntityOfPage\":{\"@id\":\"https:\\\/\\\/novice.si\\\/page\\\/dobrna-martin-brecl-bo-lovil-sedmi-mandat\\\/\"},\"wordCount\":148,\"publisher\":{\"@id\":\"https:\\\/\\\/novice.si\\\/page\\\/#organization\"},\"image\":{\"@id\":\"https:\\\/\\\/novice.si\\\/page\\\/dobrna-martin-brecl-bo-lovil-sedmi-mandat\\\/#primaryimage\"},\"thumbnailUrl\":\"https:\\\/\\\/novice.si\\\/page\\\/wp-content\\\/uploads\\\/2022\\\/11\\\/martin-brecl-dobrna-2.png\",\"keywords\":[\"Dobrna\",\"lokalne volitve\",\"Martin Brecl\",\"program\",\"sedmi mandat\"],\"articleSection\":[\"Celjsko\"],\"inLanguage\":\"sl-SI\"},{\"@type\":\"WebPage\",\"@id\":\"https:\\\/\\\/novice.si\\\/page\\\/dobrna-martin-brecl-bo-lovil-sedmi-mandat\\\/\",\"url\":\"https:\\\/\\\/novice.si\\\/page\\\/dobrna-martin-brecl-bo-lovil-sedmi-mandat\\\/\",\"name\":\"DOBRNA Martin Brecl bo lovil sedmi mandat - Novice.si\",\"isPartOf\":{\"@id\":\"https:\\\/\\\/novice.si\\\/page\\\/#website\"},\"primaryImageOfPage\":{\"@id\":\"https:\\\/\\\/novice.si\\\/page\\\/dobrna-martin-brecl-bo-lovil-sedmi-mandat\\\/#primaryimage\"},\"image\":{\"@id\":\"https:\\\/\\\/novice.si\\\/page\\\/dobrna-martin-brecl-bo-lovil-sedmi-mandat\\\/#primaryimage\"},\"thumbnailUrl\":\"https:\\\/\\\/novice.si\\\/page\\\/wp-content\\\/uploads\\\/2022\\\/11\\\/martin-brecl-dobrna-2.png\",\"datePublished\":\"2022-11-09T18:17:38+00:00\",\"dateModified\":\"2022-11-09T18:24:28+00:00\",\"breadcrumb\":{\"@id\":\"https:\\\/\\\/novice.si\\\/page\\\/dobrna-martin-brecl-bo-lovil-sedmi-mandat\\\/#breadcrumb\"},\"inLanguage\":\"sl-SI\",\"potentialAction\":[{\"@type\":\"ReadAction\",\"target\":[\"https:\\\/\\\/novice.si\\\/page\\\/dobrna-martin-brecl-bo-lovil-sedmi-mandat\\\/\"]}]},{\"@type\":\"ImageObject\",\"inLanguage\":\"sl-SI\",\"@id\":\"https:\\\/\\\/novice.si\\\/page\\\/dobrna-martin-brecl-bo-lovil-sedmi-mandat\\\/#primaryimage\",\"url\":\"https:\\\/\\\/novice.si\\\/page\\\/wp-content\\\/uploads\\\/2022\\\/11\\\/martin-brecl-dobrna-2.png\",\"contentUrl\":\"https:\\\/\\\/novice.si\\\/page\\\/wp-content\\\/uploads\\\/2022\\\/11\\\/martin-brecl-dobrna-2.png\",\"width\":822,\"height\":650},{\"@type\":\"BreadcrumbList\",\"@id\":\"https:\\\/\\\/novice.si\\\/page\\\/dobrna-martin-brecl-bo-lovil-sedmi-mandat\\\/#breadcrumb\",\"itemListElement\":[{\"@type\":\"ListItem\",\"position\":1,\"name\":\"Home\",\"item\":\"https:\\\/\\\/novice.si\\\/page\\\/\"},{\"@type\":\"ListItem\",\"position\":2,\"name\":\"DOBRNA Martin Brecl bo lovil sedmi mandat\"}]},{\"@type\":\"WebSite\",\"@id\":\"https:\\\/\\\/novice.si\\\/page\\\/#website\",\"url\":\"https:\\\/\\\/novice.si\\\/page\\\/\",\"name\":\"Novice.si\",\"description\":\"\",\"publisher\":{\"@id\":\"https:\\\/\\\/novice.si\\\/page\\\/#organization\"},\"potentialAction\":[{\"@type\":\"SearchAction\",\"target\":{\"@type\":\"EntryPoint\",\"urlTemplate\":\"https:\\\/\\\/novice.si\\\/page\\\/?s={search_term_string}\"},\"query-input\":{\"@type\":\"PropertyValueSpecification\",\"valueRequired\":true,\"valueName\":\"search_term_string\"}}],\"inLanguage\":\"sl-SI\"},{\"@type\":\"Organization\",\"@id\":\"https:\\\/\\\/novice.si\\\/page\\\/#organization\",\"name\":\"Novice.si\",\"url\":\"https:\\\/\\\/novice.si\\\/page\\\/\",\"logo\":{\"@type\":\"ImageObject\",\"inLanguage\":\"sl-SI\",\"@id\":\"https:\\\/\\\/novice.si\\\/page\\\/#\\\/schema\\\/logo\\\/image\\\/\",\"url\":\"https:\\\/\\\/novice.si\\\/page\\\/wp-content\\\/uploads\\\/2023\\\/03\\\/novice_si.png\",\"contentUrl\":\"https:\\\/\\\/novice.si\\\/page\\\/wp-content\\\/uploads\\\/2023\\\/03\\\/novice_si.png\",\"width\":576,\"height\":200,\"caption\":\"Novice.si\"},\"image\":{\"@id\":\"https:\\\/\\\/novice.si\\\/page\\\/#\\\/schema\\\/logo\\\/image\\\/\"}},{\"@type\":\"Person\",\"@id\":\"https:\\\/\\\/novice.si\\\/page\\\/#\\\/schema\\\/person\\\/57f25c9642a9541c7349c65d32032c3e\",\"name\":\"Uredni\u0161tvo Celjana\",\"image\":{\"@type\":\"ImageObject\",\"inLanguage\":\"sl-SI\",\"@id\":\"https:\\\/\\\/secure.gravatar.com\\\/avatar\\\/78e52bc4279b65f6df6345e0ef0f7b792d361361f230cf4ffecfe0afe6d5629c?s=96&d=mm&r=g\",\"url\":\"https:\\\/\\\/secure.gravatar.com\\\/avatar\\\/78e52bc4279b65f6df6345e0ef0f7b792d361361f230cf4ffecfe0afe6d5629c?s=96&d=mm&r=g\",\"contentUrl\":\"https:\\\/\\\/secure.gravatar.com\\\/avatar\\\/78e52bc4279b65f6df6345e0ef0f7b792d361361f230cf4ffecfe0afe6d5629c?s=96&d=mm&r=g\",\"caption\":\"Uredni\u0161tvo Celjana\"},\"url\":\"https:\\\/\\\/novice.si\\\/page\\\/author\\\/primoz\\\/\"}]}<\/script>\n<!-- \/ Yoast SEO plugin. -->","yoast_head_json":{"title":"DOBRNA Martin Brecl bo lovil sedmi mandat - Novice.si","robots":{"index":"index","follow":"follow","max-snippet":"max-snippet:-1","max-image-preview":"max-image-preview:large","max-video-preview":"max-video-preview:-1"},"canonical":"https:\/\/novice.si\/page\/dobrna-martin-brecl-bo-lovil-sedmi-mandat\/","og_locale":"sl_SI","og_type":"article","og_title":"DOBRNA Martin Brecl bo lovil sedmi mandat - Novice.si","og_description":"\u017dupan Dobrne Martin Brecl je med tistimi, ki so si pri vodenju ob\u010din nabrali najdalj\u0161i sta\u017e. Prihodnjo nedeljo bo naskakoval svoj sedmi mandat, ob\u010dino pa vodi vse od njene razdru\u017eitve z neko\u010d skupno ob\u010dino Vojnik. V naslednjem mandatu \u017eeli med drugim postaviti dom starej\u0161ih in \u0161portni center ter dokon\u010dati dozidavo vrtca, \u0161ole in kulturnega doma. [&hellip;]","og_url":"https:\/\/novice.si\/page\/dobrna-martin-brecl-bo-lovil-sedmi-mandat\/","og_site_name":"Novice.si","article_published_time":"2022-11-09T18:17:38+00:00","article_modified_time":"2022-11-09T18:24:28+00:00","og_image":[{"width":822,"height":650,"url":"https:\/\/novice.si\/page\/wp-content\/uploads\/2022\/11\/martin-brecl-dobrna-2.png","type":"image\/png"}],"author":"Uredni\u0161tvo Celjana","twitter_card":"summary_large_image","twitter_misc":{"Written by":"Uredni\u0161tvo Celjana","Est. reading time":"1 minuta"},"schema":{"@context":"https:\/\/schema.org","@graph":[{"@type":"Article","@id":"https:\/\/novice.si\/page\/dobrna-martin-brecl-bo-lovil-sedmi-mandat\/#article","isPartOf":{"@id":"https:\/\/novice.si\/page\/dobrna-martin-brecl-bo-lovil-sedmi-mandat\/"},"author":{"name":"Uredni\u0161tvo Celjana","@id":"https:\/\/novice.si\/page\/#\/schema\/person\/57f25c9642a9541c7349c65d32032c3e"},"headline":"DOBRNA Martin Brecl bo lovil sedmi mandat","datePublished":"2022-11-09T18:17:38+00:00","dateModified":"2022-11-09T18:24:28+00:00","mainEntityOfPage":{"@id":"https:\/\/novice.si\/page\/dobrna-martin-brecl-bo-lovil-sedmi-mandat\/"},"wordCount":148,"publisher":{"@id":"https:\/\/novice.si\/page\/#organization"},"image":{"@id":"https:\/\/novice.si\/page\/dobrna-martin-brecl-bo-lovil-sedmi-mandat\/#primaryimage"},"thumbnailUrl":"https:\/\/novice.si\/page\/wp-content\/uploads\/2022\/11\/martin-brecl-dobrna-2.png","keywords":["Dobrna","lokalne volitve","Martin Brecl","program","sedmi mandat"],"articleSection":["Celjsko"],"inLanguage":"sl-SI"},{"@type":"WebPage","@id":"https:\/\/novice.si\/page\/dobrna-martin-brecl-bo-lovil-sedmi-mandat\/","url":"https:\/\/novice.si\/page\/dobrna-martin-brecl-bo-lovil-sedmi-mandat\/","name":"DOBRNA Martin Brecl bo lovil sedmi mandat - Novice.si","isPartOf":{"@id":"https:\/\/novice.si\/page\/#website"},"primaryImageOfPage":{"@id":"https:\/\/novice.si\/page\/dobrna-martin-brecl-bo-lovil-sedmi-mandat\/#primaryimage"},"image":{"@id":"https:\/\/novice.si\/page\/dobrna-martin-brecl-bo-lovil-sedmi-mandat\/#primaryimage"},"thumbnailUrl":"https:\/\/novice.si\/page\/wp-content\/uploads\/2022\/11\/martin-brecl-dobrna-2.png","datePublished":"2022-11-09T18:17:38+00:00","dateModified":"2022-11-09T18:24:28+00:00","breadcrumb":{"@id":"https:\/\/novice.si\/page\/dobrna-martin-brecl-bo-lovil-sedmi-mandat\/#breadcrumb"},"inLanguage":"sl-SI","potentialAction":[{"@type":"ReadAction","target":["https:\/\/novice.si\/page\/dobrna-martin-brecl-bo-lovil-sedmi-mandat\/"]}]},{"@type":"ImageObject","inLanguage":"sl-SI","@id":"https:\/\/novice.si\/page\/dobrna-martin-brecl-bo-lovil-sedmi-mandat\/#primaryimage","url":"https:\/\/novice.si\/page\/wp-content\/uploads\/2022\/11\/martin-brecl-dobrna-2.png","contentUrl":"https:\/\/novice.si\/page\/wp-content\/uploads\/2022\/11\/martin-brecl-dobrna-2.png","width":822,"height":650},{"@type":"BreadcrumbList","@id":"https:\/\/novice.si\/page\/dobrna-martin-brecl-bo-lovil-sedmi-mandat\/#breadcrumb","itemListElement":[{"@type":"ListItem","position":1,"name":"Home","item":"https:\/\/novice.si\/page\/"},{"@type":"ListItem","position":2,"name":"DOBRNA Martin Brecl bo lovil sedmi mandat"}]},{"@type":"WebSite","@id":"https:\/\/novice.si\/page\/#website","url":"https:\/\/novice.si\/page\/","name":"Novice.si","description":"","publisher":{"@id":"https:\/\/novice.si\/page\/#organization"},"potentialAction":[{"@type":"SearchAction","target":{"@type":"EntryPoint","urlTemplate":"https:\/\/novice.si\/page\/?s={search_term_string}"},"query-input":{"@type":"PropertyValueSpecification","valueRequired":true,"valueName":"search_term_string"}}],"inLanguage":"sl-SI"},{"@type":"Organization","@id":"https:\/\/novice.si\/page\/#organization","name":"Novice.si","url":"https:\/\/novice.si\/page\/","logo":{"@type":"ImageObject","inLanguage":"sl-SI","@id":"https:\/\/novice.si\/page\/#\/schema\/logo\/image\/","url":"https:\/\/novice.si\/page\/wp-content\/uploads\/2023\/03\/novice_si.png","contentUrl":"https:\/\/novice.si\/page\/wp-content\/uploads\/2023\/03\/novice_si.png","width":576,"height":200,"caption":"Novice.si"},"image":{"@id":"https:\/\/novice.si\/page\/#\/schema\/logo\/image\/"}},{"@type":"Person","@id":"https:\/\/novice.si\/page\/#\/schema\/person\/57f25c9642a9541c7349c65d32032c3e","name":"Uredni\u0161tvo Celjana","image":{"@type":"ImageObject","inLanguage":"sl-SI","@id":"https:\/\/secure.gravatar.com\/avatar\/78e52bc4279b65f6df6345e0ef0f7b792d361361f230cf4ffecfe0afe6d5629c?s=96&d=mm&r=g","url":"https:\/\/secure.gravatar.com\/avatar\/78e52bc4279b65f6df6345e0ef0f7b792d361361f230cf4ffecfe0afe6d5629c?s=96&d=mm&r=g","contentUrl":"https:\/\/secure.gravatar.com\/avatar\/78e52bc4279b65f6df6345e0ef0f7b792d361361f230cf4ffecfe0afe6d5629c?s=96&d=mm&r=g","caption":"Uredni\u0161tvo Celjana"},"url":"https:\/\/novice.si\/page\/author\/primoz\/"}]}},"_links":{"self":[{"href":"https:\/\/novice.si\/page\/wp-json\/wp\/v2\/posts\/156413","targetHints":{"allow":["GET"]}}],"collection":[{"href":"https:\/\/novice.si\/page\/wp-json\/wp\/v2\/posts"}],"about":[{"href":"https:\/\/novice.si\/page\/wp-json\/wp\/v2\/types\/post"}],"author":[{"embeddable":true,"href":"https:\/\/novice.si\/page\/wp-json\/wp\/v2\/users\/33"}],"replies":[{"embeddable":true,"href":"https:\/\/novice.si\/page\/wp-json\/wp\/v2\/comments?post=156413"}],"version-history":[{"count":1,"href":"https:\/\/novice.si\/page\/wp-json\/wp\/v2\/posts\/156413\/revisions"}],"predecessor-version":[{"id":156415,"href":"https:\/\/novice.si\/page\/wp-json\/wp\/v2\/posts\/156413\/revisions\/156415"}],"wp:featuredmedia":[{"embeddable":true,"href":"https:\/\/novice.si\/page\/wp-json\/wp\/v2\/media\/156417"}],"wp:attachment":[{"href":"https:\/\/novice.si\/page\/wp-json\/wp\/v2\/media?parent=156413"}],"wp:term":[{"taxonomy":"category","embeddable":true,"href":"https:\/\/novice.si\/page\/wp-json\/wp\/v2\/categories?post=156413"},{"taxonomy":"post_tag","embeddable":true,"href":"https:\/\/novice.si\/page\/wp-json\/wp\/v2\/tags?post=156413"}],"curies":[{"name":"wp","href":"https:\/\/api.w.org\/{rel}","templated":true}]}}