{"id":156340,"date":"2022-11-08T08:14:22","date_gmt":"2022-11-08T07:14:22","guid":{"rendered":"https:\/\/novice.si\/page\/?p=156340"},"modified":"2022-11-07T21:17:10","modified_gmt":"2022-11-07T20:17:10","slug":"vojnik-branko-petre-gre-po-tretji-zupanski-mandat","status":"publish","type":"post","link":"https:\/\/novice.si\/page\/vojnik-branko-petre-gre-po-tretji-zupanski-mandat\/","title":{"rendered":"VOJNIK Branko Petre gre po tretji \u017eupanski mandat"},"content":{"rendered":"<p>Vojni\u0161ki \u017eupan <strong>Branko Petre<\/strong> je svojo tretjo kandidaturo (s podporo NSi in SDS) najavil \u017ee spomladi. Tudi za prihodnja \u0161tiri leta bo poseben poudarek namenil delovanju dru\u0161tev, <a href=\"https:\/\/novice.si\/page\/wp-content\/uploads\/2018\/11\/BRANE-PETRE.jpg\" data-gallery><img loading=\"lazy\" decoding=\"async\" class=\"size-medium wp-image-93798 alignleft\" src=\"https:\/\/novice.si\/page\/wp-content\/uploads\/2018\/11\/BRANE-PETRE-300x200.jpg\" alt=\"\" width=\"300\" height=\"200\" srcset=\"https:\/\/novice.si\/page\/wp-content\/uploads\/2018\/11\/BRANE-PETRE-300x200.jpg 300w, https:\/\/novice.si\/page\/wp-content\/uploads\/2018\/11\/BRANE-PETRE-768x512.jpg 768w, https:\/\/novice.si\/page\/wp-content\/uploads\/2018\/11\/BRANE-PETRE.jpg 1024w, https:\/\/novice.si\/page\/wp-content\/uploads\/2018\/11\/BRANE-PETRE-696x464.jpg 696w, https:\/\/novice.si\/page\/wp-content\/uploads\/2018\/11\/BRANE-PETRE-630x420.jpg 630w, https:\/\/novice.si\/page\/wp-content\/uploads\/2018\/11\/BRANE-PETRE-24x16.jpg 24w, https:\/\/novice.si\/page\/wp-content\/uploads\/2018\/11\/BRANE-PETRE-36x24.jpg 36w, https:\/\/novice.si\/page\/wp-content\/uploads\/2018\/11\/BRANE-PETRE-48x32.jpg 48w\" sizes=\"auto, (max-width: 300px) 100vw, 300px\" \/><\/a>medgeneracijskemu sodelovanju in zagotavljanju stanovanj za mlade dru\u017eine. Klju\u010dne projekte pa je strnil v tri to\u010dke.<\/p>\n<p>\u00bbKlju\u010dna je \u0161iritev \u0161ole, to je ena pomembnej\u0161ih zgodb v zadnjem obdobju in jo je potrebno za\u010deti takoj. Nadaljevati moramo izgradnjo infrastrukture s poudarkom na cestnem omre\u017eju, delamo pa tudi na tem, da bi z vztrajnim delom na vodovodih po\u010dasi pri\u0161li tako dale\u010d, da bi vsako gospodinjstvo v Vojniku imelo dostop do javnega vodovoda \u00ab<\/p>\n<p>P\u0160<\/p>\n","protected":false},"excerpt":{"rendered":"<p>Vojni\u0161ki \u017eupan Branko Petre je svojo tretjo kandidaturo (s podporo NSi in SDS) najavil \u017ee spomladi. Tudi za prihodnja \u0161tiri leta bo poseben poudarek namenil delovanju dru\u0161tev, medgeneracijskemu sodelovanju in zagotavljanju stanovanj za mlade dru\u017eine. Klju\u010dne projekte pa je strnil v tri to\u010dke. \u00bbKlju\u010dna je \u0161iritev \u0161ole, to je ena pomembnej\u0161ih zgodb v zadnjem obdobju [&hellip;]<\/p>\n","protected":false},"author":33,"featured_media":125971,"comment_status":"closed","ping_status":"closed","sticky":false,"template":"","format":"standard","meta":{"footnotes":""},"categories":[17],"tags":[5232,16304,333,791,4241],"class_list":{"0":"post-156340","1":"post","2":"type-post","3":"status-publish","4":"format-standard","5":"has-post-thumbnail","7":"category-celjsko","8":"tag-branko-petre","9":"tag-kljucne-tocke","10":"tag-lokalne-volitve","11":"tag-program","12":"tag-tretji-mandat"},"yoast_head":"<!-- This site is optimized with the Yoast SEO plugin v27.4 - https:\/\/yoast.com\/product\/yoast-seo-wordpress\/ -->\n<title>VOJNIK Branko Petre gre po tretji \u017eupanski mandat - Novice.si<\/title>\n<meta name=\"robots\" content=\"index, follow, max-snippet:-1, max-image-preview:large, max-video-preview:-1\" \/>\n<link rel=\"canonical\" href=\"https:\/\/novice.si\/page\/vojnik-branko-petre-gre-po-tretji-zupanski-mandat\/\" \/>\n<meta property=\"og:locale\" content=\"sl_SI\" \/>\n<meta property=\"og:type\" content=\"article\" \/>\n<meta property=\"og:title\" content=\"VOJNIK Branko Petre gre po tretji \u017eupanski mandat - Novice.si\" \/>\n<meta property=\"og:description\" content=\"Vojni\u0161ki \u017eupan Branko Petre je svojo tretjo kandidaturo (s podporo NSi in SDS) najavil \u017ee spomladi. Tudi za prihodnja \u0161tiri leta bo poseben poudarek namenil delovanju dru\u0161tev, medgeneracijskemu sodelovanju in zagotavljanju stanovanj za mlade dru\u017eine. Klju\u010dne projekte pa je strnil v tri to\u010dke. \u00bbKlju\u010dna je \u0161iritev \u0161ole, to je ena pomembnej\u0161ih zgodb v zadnjem obdobju [&hellip;]\" \/>\n<meta property=\"og:url\" content=\"https:\/\/novice.si\/page\/vojnik-branko-petre-gre-po-tretji-zupanski-mandat\/\" \/>\n<meta property=\"og:site_name\" content=\"Novice.si\" \/>\n<meta property=\"article:published_time\" content=\"2022-11-08T07:14:22+00:00\" \/>\n<meta property=\"og:image\" content=\"https:\/\/novice.si\/page\/wp-content\/uploads\/2020\/04\/Branko-Petre2.jpg\" \/>\n\t<meta property=\"og:image:width\" content=\"1579\" \/>\n\t<meta property=\"og:image:height\" content=\"1229\" \/>\n\t<meta property=\"og:image:type\" content=\"image\/jpeg\" \/>\n<meta name=\"author\" content=\"Uredni\u0161tvo Celjana\" \/>\n<meta name=\"twitter:card\" content=\"summary_large_image\" \/>\n<meta name=\"twitter:label1\" content=\"Written by\" \/>\n\t<meta name=\"twitter:data1\" content=\"Uredni\u0161tvo Celjana\" \/>\n\t<meta name=\"twitter:label2\" content=\"Est. reading time\" \/>\n\t<meta name=\"twitter:data2\" content=\"1 minuta\" \/>\n<script type=\"application\/ld+json\" class=\"yoast-schema-graph\">{\"@context\":\"https:\\\/\\\/schema.org\",\"@graph\":[{\"@type\":\"Article\",\"@id\":\"https:\\\/\\\/novice.si\\\/page\\\/vojnik-branko-petre-gre-po-tretji-zupanski-mandat\\\/#article\",\"isPartOf\":{\"@id\":\"https:\\\/\\\/novice.si\\\/page\\\/vojnik-branko-petre-gre-po-tretji-zupanski-mandat\\\/\"},\"author\":{\"name\":\"Uredni\u0161tvo Celjana\",\"@id\":\"https:\\\/\\\/novice.si\\\/page\\\/#\\\/schema\\\/person\\\/57f25c9642a9541c7349c65d32032c3e\"},\"headline\":\"VOJNIK Branko Petre gre po tretji \u017eupanski mandat\",\"datePublished\":\"2022-11-08T07:14:22+00:00\",\"mainEntityOfPage\":{\"@id\":\"https:\\\/\\\/novice.si\\\/page\\\/vojnik-branko-petre-gre-po-tretji-zupanski-mandat\\\/\"},\"wordCount\":117,\"publisher\":{\"@id\":\"https:\\\/\\\/novice.si\\\/page\\\/#organization\"},\"image\":{\"@id\":\"https:\\\/\\\/novice.si\\\/page\\\/vojnik-branko-petre-gre-po-tretji-zupanski-mandat\\\/#primaryimage\"},\"thumbnailUrl\":\"https:\\\/\\\/novice.si\\\/page\\\/wp-content\\\/uploads\\\/2020\\\/04\\\/Branko-Petre2.jpg\",\"keywords\":[\"Branko Petre\",\"klju\u010dne to\u010dke\",\"lokalne volitve\",\"program\",\"tretji mandat\"],\"articleSection\":[\"Celjsko\"],\"inLanguage\":\"sl-SI\"},{\"@type\":\"WebPage\",\"@id\":\"https:\\\/\\\/novice.si\\\/page\\\/vojnik-branko-petre-gre-po-tretji-zupanski-mandat\\\/\",\"url\":\"https:\\\/\\\/novice.si\\\/page\\\/vojnik-branko-petre-gre-po-tretji-zupanski-mandat\\\/\",\"name\":\"VOJNIK Branko Petre gre po tretji \u017eupanski mandat - Novice.si\",\"isPartOf\":{\"@id\":\"https:\\\/\\\/novice.si\\\/page\\\/#website\"},\"primaryImageOfPage\":{\"@id\":\"https:\\\/\\\/novice.si\\\/page\\\/vojnik-branko-petre-gre-po-tretji-zupanski-mandat\\\/#primaryimage\"},\"image\":{\"@id\":\"https:\\\/\\\/novice.si\\\/page\\\/vojnik-branko-petre-gre-po-tretji-zupanski-mandat\\\/#primaryimage\"},\"thumbnailUrl\":\"https:\\\/\\\/novice.si\\\/page\\\/wp-content\\\/uploads\\\/2020\\\/04\\\/Branko-Petre2.jpg\",\"datePublished\":\"2022-11-08T07:14:22+00:00\",\"breadcrumb\":{\"@id\":\"https:\\\/\\\/novice.si\\\/page\\\/vojnik-branko-petre-gre-po-tretji-zupanski-mandat\\\/#breadcrumb\"},\"inLanguage\":\"sl-SI\",\"potentialAction\":[{\"@type\":\"ReadAction\",\"target\":[\"https:\\\/\\\/novice.si\\\/page\\\/vojnik-branko-petre-gre-po-tretji-zupanski-mandat\\\/\"]}]},{\"@type\":\"ImageObject\",\"inLanguage\":\"sl-SI\",\"@id\":\"https:\\\/\\\/novice.si\\\/page\\\/vojnik-branko-petre-gre-po-tretji-zupanski-mandat\\\/#primaryimage\",\"url\":\"https:\\\/\\\/novice.si\\\/page\\\/wp-content\\\/uploads\\\/2020\\\/04\\\/Branko-Petre2.jpg\",\"contentUrl\":\"https:\\\/\\\/novice.si\\\/page\\\/wp-content\\\/uploads\\\/2020\\\/04\\\/Branko-Petre2.jpg\",\"width\":1579,\"height\":1229},{\"@type\":\"BreadcrumbList\",\"@id\":\"https:\\\/\\\/novice.si\\\/page\\\/vojnik-branko-petre-gre-po-tretji-zupanski-mandat\\\/#breadcrumb\",\"itemListElement\":[{\"@type\":\"ListItem\",\"position\":1,\"name\":\"Home\",\"item\":\"https:\\\/\\\/novice.si\\\/page\\\/\"},{\"@type\":\"ListItem\",\"position\":2,\"name\":\"VOJNIK Branko Petre gre po tretji \u017eupanski mandat\"}]},{\"@type\":\"WebSite\",\"@id\":\"https:\\\/\\\/novice.si\\\/page\\\/#website\",\"url\":\"https:\\\/\\\/novice.si\\\/page\\\/\",\"name\":\"Novice.si\",\"description\":\"\",\"publisher\":{\"@id\":\"https:\\\/\\\/novice.si\\\/page\\\/#organization\"},\"potentialAction\":[{\"@type\":\"SearchAction\",\"target\":{\"@type\":\"EntryPoint\",\"urlTemplate\":\"https:\\\/\\\/novice.si\\\/page\\\/?s={search_term_string}\"},\"query-input\":{\"@type\":\"PropertyValueSpecification\",\"valueRequired\":true,\"valueName\":\"search_term_string\"}}],\"inLanguage\":\"sl-SI\"},{\"@type\":\"Organization\",\"@id\":\"https:\\\/\\\/novice.si\\\/page\\\/#organization\",\"name\":\"Novice.si\",\"url\":\"https:\\\/\\\/novice.si\\\/page\\\/\",\"logo\":{\"@type\":\"ImageObject\",\"inLanguage\":\"sl-SI\",\"@id\":\"https:\\\/\\\/novice.si\\\/page\\\/#\\\/schema\\\/logo\\\/image\\\/\",\"url\":\"https:\\\/\\\/novice.si\\\/page\\\/wp-content\\\/uploads\\\/2023\\\/03\\\/novice_si.png\",\"contentUrl\":\"https:\\\/\\\/novice.si\\\/page\\\/wp-content\\\/uploads\\\/2023\\\/03\\\/novice_si.png\",\"width\":576,\"height\":200,\"caption\":\"Novice.si\"},\"image\":{\"@id\":\"https:\\\/\\\/novice.si\\\/page\\\/#\\\/schema\\\/logo\\\/image\\\/\"}},{\"@type\":\"Person\",\"@id\":\"https:\\\/\\\/novice.si\\\/page\\\/#\\\/schema\\\/person\\\/57f25c9642a9541c7349c65d32032c3e\",\"name\":\"Uredni\u0161tvo Celjana\",\"image\":{\"@type\":\"ImageObject\",\"inLanguage\":\"sl-SI\",\"@id\":\"https:\\\/\\\/secure.gravatar.com\\\/avatar\\\/78e52bc4279b65f6df6345e0ef0f7b792d361361f230cf4ffecfe0afe6d5629c?s=96&d=mm&r=g\",\"url\":\"https:\\\/\\\/secure.gravatar.com\\\/avatar\\\/78e52bc4279b65f6df6345e0ef0f7b792d361361f230cf4ffecfe0afe6d5629c?s=96&d=mm&r=g\",\"contentUrl\":\"https:\\\/\\\/secure.gravatar.com\\\/avatar\\\/78e52bc4279b65f6df6345e0ef0f7b792d361361f230cf4ffecfe0afe6d5629c?s=96&d=mm&r=g\",\"caption\":\"Uredni\u0161tvo Celjana\"},\"url\":\"https:\\\/\\\/novice.si\\\/page\\\/author\\\/primoz\\\/\"}]}<\/script>\n<!-- \/ Yoast SEO plugin. -->","yoast_head_json":{"title":"VOJNIK Branko Petre gre po tretji \u017eupanski mandat - Novice.si","robots":{"index":"index","follow":"follow","max-snippet":"max-snippet:-1","max-image-preview":"max-image-preview:large","max-video-preview":"max-video-preview:-1"},"canonical":"https:\/\/novice.si\/page\/vojnik-branko-petre-gre-po-tretji-zupanski-mandat\/","og_locale":"sl_SI","og_type":"article","og_title":"VOJNIK Branko Petre gre po tretji \u017eupanski mandat - Novice.si","og_description":"Vojni\u0161ki \u017eupan Branko Petre je svojo tretjo kandidaturo (s podporo NSi in SDS) najavil \u017ee spomladi. Tudi za prihodnja \u0161tiri leta bo poseben poudarek namenil delovanju dru\u0161tev, medgeneracijskemu sodelovanju in zagotavljanju stanovanj za mlade dru\u017eine. Klju\u010dne projekte pa je strnil v tri to\u010dke. \u00bbKlju\u010dna je \u0161iritev \u0161ole, to je ena pomembnej\u0161ih zgodb v zadnjem obdobju [&hellip;]","og_url":"https:\/\/novice.si\/page\/vojnik-branko-petre-gre-po-tretji-zupanski-mandat\/","og_site_name":"Novice.si","article_published_time":"2022-11-08T07:14:22+00:00","og_image":[{"width":1579,"height":1229,"url":"https:\/\/novice.si\/page\/wp-content\/uploads\/2020\/04\/Branko-Petre2.jpg","type":"image\/jpeg"}],"author":"Uredni\u0161tvo Celjana","twitter_card":"summary_large_image","twitter_misc":{"Written by":"Uredni\u0161tvo Celjana","Est. reading time":"1 minuta"},"schema":{"@context":"https:\/\/schema.org","@graph":[{"@type":"Article","@id":"https:\/\/novice.si\/page\/vojnik-branko-petre-gre-po-tretji-zupanski-mandat\/#article","isPartOf":{"@id":"https:\/\/novice.si\/page\/vojnik-branko-petre-gre-po-tretji-zupanski-mandat\/"},"author":{"name":"Uredni\u0161tvo Celjana","@id":"https:\/\/novice.si\/page\/#\/schema\/person\/57f25c9642a9541c7349c65d32032c3e"},"headline":"VOJNIK Branko Petre gre po tretji \u017eupanski mandat","datePublished":"2022-11-08T07:14:22+00:00","mainEntityOfPage":{"@id":"https:\/\/novice.si\/page\/vojnik-branko-petre-gre-po-tretji-zupanski-mandat\/"},"wordCount":117,"publisher":{"@id":"https:\/\/novice.si\/page\/#organization"},"image":{"@id":"https:\/\/novice.si\/page\/vojnik-branko-petre-gre-po-tretji-zupanski-mandat\/#primaryimage"},"thumbnailUrl":"https:\/\/novice.si\/page\/wp-content\/uploads\/2020\/04\/Branko-Petre2.jpg","keywords":["Branko Petre","klju\u010dne to\u010dke","lokalne volitve","program","tretji mandat"],"articleSection":["Celjsko"],"inLanguage":"sl-SI"},{"@type":"WebPage","@id":"https:\/\/novice.si\/page\/vojnik-branko-petre-gre-po-tretji-zupanski-mandat\/","url":"https:\/\/novice.si\/page\/vojnik-branko-petre-gre-po-tretji-zupanski-mandat\/","name":"VOJNIK Branko Petre gre po tretji \u017eupanski mandat - Novice.si","isPartOf":{"@id":"https:\/\/novice.si\/page\/#website"},"primaryImageOfPage":{"@id":"https:\/\/novice.si\/page\/vojnik-branko-petre-gre-po-tretji-zupanski-mandat\/#primaryimage"},"image":{"@id":"https:\/\/novice.si\/page\/vojnik-branko-petre-gre-po-tretji-zupanski-mandat\/#primaryimage"},"thumbnailUrl":"https:\/\/novice.si\/page\/wp-content\/uploads\/2020\/04\/Branko-Petre2.jpg","datePublished":"2022-11-08T07:14:22+00:00","breadcrumb":{"@id":"https:\/\/novice.si\/page\/vojnik-branko-petre-gre-po-tretji-zupanski-mandat\/#breadcrumb"},"inLanguage":"sl-SI","potentialAction":[{"@type":"ReadAction","target":["https:\/\/novice.si\/page\/vojnik-branko-petre-gre-po-tretji-zupanski-mandat\/"]}]},{"@type":"ImageObject","inLanguage":"sl-SI","@id":"https:\/\/novice.si\/page\/vojnik-branko-petre-gre-po-tretji-zupanski-mandat\/#primaryimage","url":"https:\/\/novice.si\/page\/wp-content\/uploads\/2020\/04\/Branko-Petre2.jpg","contentUrl":"https:\/\/novice.si\/page\/wp-content\/uploads\/2020\/04\/Branko-Petre2.jpg","width":1579,"height":1229},{"@type":"BreadcrumbList","@id":"https:\/\/novice.si\/page\/vojnik-branko-petre-gre-po-tretji-zupanski-mandat\/#breadcrumb","itemListElement":[{"@type":"ListItem","position":1,"name":"Home","item":"https:\/\/novice.si\/page\/"},{"@type":"ListItem","position":2,"name":"VOJNIK Branko Petre gre po tretji \u017eupanski mandat"}]},{"@type":"WebSite","@id":"https:\/\/novice.si\/page\/#website","url":"https:\/\/novice.si\/page\/","name":"Novice.si","description":"","publisher":{"@id":"https:\/\/novice.si\/page\/#organization"},"potentialAction":[{"@type":"SearchAction","target":{"@type":"EntryPoint","urlTemplate":"https:\/\/novice.si\/page\/?s={search_term_string}"},"query-input":{"@type":"PropertyValueSpecification","valueRequired":true,"valueName":"search_term_string"}}],"inLanguage":"sl-SI"},{"@type":"Organization","@id":"https:\/\/novice.si\/page\/#organization","name":"Novice.si","url":"https:\/\/novice.si\/page\/","logo":{"@type":"ImageObject","inLanguage":"sl-SI","@id":"https:\/\/novice.si\/page\/#\/schema\/logo\/image\/","url":"https:\/\/novice.si\/page\/wp-content\/uploads\/2023\/03\/novice_si.png","contentUrl":"https:\/\/novice.si\/page\/wp-content\/uploads\/2023\/03\/novice_si.png","width":576,"height":200,"caption":"Novice.si"},"image":{"@id":"https:\/\/novice.si\/page\/#\/schema\/logo\/image\/"}},{"@type":"Person","@id":"https:\/\/novice.si\/page\/#\/schema\/person\/57f25c9642a9541c7349c65d32032c3e","name":"Uredni\u0161tvo Celjana","image":{"@type":"ImageObject","inLanguage":"sl-SI","@id":"https:\/\/secure.gravatar.com\/avatar\/78e52bc4279b65f6df6345e0ef0f7b792d361361f230cf4ffecfe0afe6d5629c?s=96&d=mm&r=g","url":"https:\/\/secure.gravatar.com\/avatar\/78e52bc4279b65f6df6345e0ef0f7b792d361361f230cf4ffecfe0afe6d5629c?s=96&d=mm&r=g","contentUrl":"https:\/\/secure.gravatar.com\/avatar\/78e52bc4279b65f6df6345e0ef0f7b792d361361f230cf4ffecfe0afe6d5629c?s=96&d=mm&r=g","caption":"Uredni\u0161tvo Celjana"},"url":"https:\/\/novice.si\/page\/author\/primoz\/"}]}},"_links":{"self":[{"href":"https:\/\/novice.si\/page\/wp-json\/wp\/v2\/posts\/156340","targetHints":{"allow":["GET"]}}],"collection":[{"href":"https:\/\/novice.si\/page\/wp-json\/wp\/v2\/posts"}],"about":[{"href":"https:\/\/novice.si\/page\/wp-json\/wp\/v2\/types\/post"}],"author":[{"embeddable":true,"href":"https:\/\/novice.si\/page\/wp-json\/wp\/v2\/users\/33"}],"replies":[{"embeddable":true,"href":"https:\/\/novice.si\/page\/wp-json\/wp\/v2\/comments?post=156340"}],"version-history":[{"count":1,"href":"https:\/\/novice.si\/page\/wp-json\/wp\/v2\/posts\/156340\/revisions"}],"predecessor-version":[{"id":156341,"href":"https:\/\/novice.si\/page\/wp-json\/wp\/v2\/posts\/156340\/revisions\/156341"}],"wp:featuredmedia":[{"embeddable":true,"href":"https:\/\/novice.si\/page\/wp-json\/wp\/v2\/media\/125971"}],"wp:attachment":[{"href":"https:\/\/novice.si\/page\/wp-json\/wp\/v2\/media?parent=156340"}],"wp:term":[{"taxonomy":"category","embeddable":true,"href":"https:\/\/novice.si\/page\/wp-json\/wp\/v2\/categories?post=156340"},{"taxonomy":"post_tag","embeddable":true,"href":"https:\/\/novice.si\/page\/wp-json\/wp\/v2\/tags?post=156340"}],"curies":[{"name":"wp","href":"https:\/\/api.w.org\/{rel}","templated":true}]}}