{"id":143578,"date":"2021-10-04T21:43:19","date_gmt":"2021-10-04T19:43:19","guid":{"rendered":"https:\/\/novice.si\/page\/?p=143578"},"modified":"2021-10-04T21:41:30","modified_gmt":"2021-10-04T19:41:30","slug":"konjisko-koncertni-cikel-pri-didiju-2","status":"publish","type":"post","link":"https:\/\/novice.si\/page\/konjisko-koncertni-cikel-pri-didiju-2\/","title":{"rendered":"Konji\u0161ko: Koncertni cikel pri Didiju"},"content":{"rendered":"<p><a href=\"https:\/\/novice.si\/page\/wp-content\/uploads\/2021\/10\/koncertni-cikel-didi-1.jpg\" data-gallery><img loading=\"lazy\" decoding=\"async\" class=\"alignleft size-medium wp-image-143579\" src=\"https:\/\/novice.si\/page\/wp-content\/uploads\/2021\/10\/koncertni-cikel-didi-1-300x200.jpg\" alt=\"\" width=\"300\" height=\"200\" srcset=\"https:\/\/novice.si\/page\/wp-content\/uploads\/2021\/10\/koncertni-cikel-didi-1-300x200.jpg 300w, https:\/\/novice.si\/page\/wp-content\/uploads\/2021\/10\/koncertni-cikel-didi-1-1024x682.jpg 1024w, https:\/\/novice.si\/page\/wp-content\/uploads\/2021\/10\/koncertni-cikel-didi-1-768x512.jpg 768w, https:\/\/novice.si\/page\/wp-content\/uploads\/2021\/10\/koncertni-cikel-didi-1-696x464.jpg 696w, https:\/\/novice.si\/page\/wp-content\/uploads\/2021\/10\/koncertni-cikel-didi-1-630x420.jpg 630w, https:\/\/novice.si\/page\/wp-content\/uploads\/2021\/10\/koncertni-cikel-didi-1-24x16.jpg 24w, https:\/\/novice.si\/page\/wp-content\/uploads\/2021\/10\/koncertni-cikel-didi-1-36x24.jpg 36w, https:\/\/novice.si\/page\/wp-content\/uploads\/2021\/10\/koncertni-cikel-didi-1-48x32.jpg 48w, https:\/\/novice.si\/page\/wp-content\/uploads\/2021\/10\/koncertni-cikel-didi-1.jpg 1061w\" sizes=\"auto, (max-width: 300px) 100vw, 300px\" \/><\/a>Od \u010detrtka, 30. septembra, do nedelje, 3. oktobra, je bil slikarski atelje Milana Lamovca Didija prizori\u0161\u010de koncertnih dogodkov. Koncertni cikel pri Didiju je programsko zasnoval Konji\u010dan <strong>Luka Juhart<\/strong> v sodelovanju s Centrom za kulturne prireditve Slovenske Konjice.<\/p>\n<p><strong>\u010cetrtkov ve\u010der<\/strong><br \/>\nKoncertni cikel so za\u010deli LJD Ensemble z <strong>Milkom Lazarjem<\/strong> (\u010dembalo), <strong>Luko Juhartom<\/strong> (akordeon), <strong>Matja\u017eem Dreven\u0161kom<\/strong> (saksofoni). Gre za zasedbo, ki se posve\u010da ve\u010dinoma avtorski glasbi vseh treh \u010dlanov, napisani za redko sli\u0161ano kombinacijo instrumentov saksofonov, akoredeona in \u010dembala. Dogodek je s svojimi slikami oplemenitil konji\u0161ki slikar<strong> Milan Lamovec \u2013 Didi.<\/strong><\/p>\n<p>&nbsp;<\/p>\n<p><a href=\"https:\/\/novice.si\/page\/wp-content\/uploads\/2021\/10\/koncertni-cikel-didi-3.jpg\" data-gallery><img loading=\"lazy\" decoding=\"async\" class=\"alignleft size-medium wp-image-143581\" src=\"https:\/\/novice.si\/page\/wp-content\/uploads\/2021\/10\/koncertni-cikel-didi-3-300x200.jpg\" alt=\"\" width=\"300\" height=\"200\" srcset=\"https:\/\/novice.si\/page\/wp-content\/uploads\/2021\/10\/koncertni-cikel-didi-3-300x200.jpg 300w, https:\/\/novice.si\/page\/wp-content\/uploads\/2021\/10\/koncertni-cikel-didi-3-768x512.jpg 768w, https:\/\/novice.si\/page\/wp-content\/uploads\/2021\/10\/koncertni-cikel-didi-3-696x464.jpg 696w, https:\/\/novice.si\/page\/wp-content\/uploads\/2021\/10\/koncertni-cikel-didi-3-630x420.jpg 630w, https:\/\/novice.si\/page\/wp-content\/uploads\/2021\/10\/koncertni-cikel-didi-3-24x16.jpg 24w, https:\/\/novice.si\/page\/wp-content\/uploads\/2021\/10\/koncertni-cikel-didi-3-36x24.jpg 36w, https:\/\/novice.si\/page\/wp-content\/uploads\/2021\/10\/koncertni-cikel-didi-3-48x32.jpg 48w, https:\/\/novice.si\/page\/wp-content\/uploads\/2021\/10\/koncertni-cikel-didi-3.jpg 973w\" sizes=\"auto, (max-width: 300px) 100vw, 300px\" \/><\/a><\/p>\n<p><strong>Petkov ve\u010der<\/strong><br \/>\nDan kasneje je za umetni\u0161ke u\u017eitke poskrbela zasedba Drumartica. To je izjemen tolkalski duo, v katerem sta se povezala tolkalista <strong>Simon Klav\u017ear<\/strong> in <strong>Jo\u017ee Bogolin.<\/strong> Sta dobitnika \u0161tevilnih nagrad in cenjena komorna glasbenika.<br \/>\nS svojimi kipi se je predstavil tudi Konji\u010dan <strong>Franjo Funkelj \u2013 Frenk<\/strong>, vsestranski umetnik; kipar, pesnik, interpret in ljubiteljski gledali\u0161ki igralec. Poznavalci pravijo, da Frenk na svoje kipe gleda iz premi\u0161ljene distance, v na videz spro\u0161\u010denih, celo burka\u0161kih temah i\u0161\u010de globlji razmislek in vsako za\u010dini z njemu lastnim humorjem.<\/p>\n<p><a href=\"https:\/\/novice.si\/page\/wp-content\/uploads\/2021\/10\/koncertni-cikel-didi-5.jpg\" data-gallery><img loading=\"lazy\" decoding=\"async\" class=\"alignleft size-medium wp-image-143584\" src=\"https:\/\/novice.si\/page\/wp-content\/uploads\/2021\/10\/koncertni-cikel-didi-5-300x200.jpg\" alt=\"\" width=\"300\" height=\"200\" srcset=\"https:\/\/novice.si\/page\/wp-content\/uploads\/2021\/10\/koncertni-cikel-didi-5-300x200.jpg 300w, https:\/\/novice.si\/page\/wp-content\/uploads\/2021\/10\/koncertni-cikel-didi-5-1024x682.jpg 1024w, https:\/\/novice.si\/page\/wp-content\/uploads\/2021\/10\/koncertni-cikel-didi-5-768x512.jpg 768w, https:\/\/novice.si\/page\/wp-content\/uploads\/2021\/10\/koncertni-cikel-didi-5-696x464.jpg 696w, https:\/\/novice.si\/page\/wp-content\/uploads\/2021\/10\/koncertni-cikel-didi-5-630x420.jpg 630w, https:\/\/novice.si\/page\/wp-content\/uploads\/2021\/10\/koncertni-cikel-didi-5-24x16.jpg 24w, https:\/\/novice.si\/page\/wp-content\/uploads\/2021\/10\/koncertni-cikel-didi-5-36x24.jpg 36w, https:\/\/novice.si\/page\/wp-content\/uploads\/2021\/10\/koncertni-cikel-didi-5-48x32.jpg 48w, https:\/\/novice.si\/page\/wp-content\/uploads\/2021\/10\/koncertni-cikel-didi-5.jpg 1061w\" sizes=\"auto, (max-width: 300px) 100vw, 300px\" \/><\/a><\/p>\n<p><strong>Sobotni ve\u010der<\/strong><br \/>\nSobotni koncert je postregel s fuzijo zvoka in besed. Duo jazz pianistke <strong>Kaje Draksler<\/strong> in proste improvizatorke <strong>Irene Toma\u017ein<\/strong> ponuja preplet zvokov in glasov, ne tako konstantnega pletenja in razpletanja kompozicij , pozabljanja priu\u010denih govoric in opominjanja na nekaj, kar mogo\u010de \u0161ele bo \u2013 vse skupaj cepljeno z discipliniranim kaosom in improvizacijo. Na vse to se je s svojim prodornim glasom in pronicljivo poezijo navezala pesnica in kriti\u010darka <strong>Anja Zag Golob.<\/strong><\/p>\n<p><a href=\"https:\/\/novice.si\/page\/wp-content\/uploads\/2021\/10\/koncertni-cikel-didi-6.jpg\" data-gallery><img loading=\"lazy\" decoding=\"async\" class=\"alignleft size-medium wp-image-143583\" src=\"https:\/\/novice.si\/page\/wp-content\/uploads\/2021\/10\/koncertni-cikel-didi-6-300x200.jpg\" alt=\"\" width=\"300\" height=\"200\" srcset=\"https:\/\/novice.si\/page\/wp-content\/uploads\/2021\/10\/koncertni-cikel-didi-6-300x200.jpg 300w, https:\/\/novice.si\/page\/wp-content\/uploads\/2021\/10\/koncertni-cikel-didi-6-1024x682.jpg 1024w, https:\/\/novice.si\/page\/wp-content\/uploads\/2021\/10\/koncertni-cikel-didi-6-768x512.jpg 768w, https:\/\/novice.si\/page\/wp-content\/uploads\/2021\/10\/koncertni-cikel-didi-6-696x464.jpg 696w, https:\/\/novice.si\/page\/wp-content\/uploads\/2021\/10\/koncertni-cikel-didi-6-630x420.jpg 630w, https:\/\/novice.si\/page\/wp-content\/uploads\/2021\/10\/koncertni-cikel-didi-6-24x16.jpg 24w, https:\/\/novice.si\/page\/wp-content\/uploads\/2021\/10\/koncertni-cikel-didi-6-36x24.jpg 36w, https:\/\/novice.si\/page\/wp-content\/uploads\/2021\/10\/koncertni-cikel-didi-6-48x32.jpg 48w, https:\/\/novice.si\/page\/wp-content\/uploads\/2021\/10\/koncertni-cikel-didi-6.jpg 1061w\" sizes=\"auto, (max-width: 300px) 100vw, 300px\" \/><\/a><\/p>\n<p><strong>Nedeljski ve\u010der<\/strong><br \/>\nCikel pri Didiju je zaklju\u010dil Celjski godalni orkester, ki se \u017ee ve\u010d kot sedem desetletij loteva najzahtevnej\u0161ih programov v na\u0161em prostoru. Na tokratni koncert so povabili vrhunskega solista klarinetista <strong>Jo\u017eeta Kotarja<\/strong>, sicer rednega profesorja na Akademiji za glasbo v Ljubljani. Celjski godalni orkester \u0161e ve\u010d kot 30 let vodi <strong>Nenad Fir\u0161t.<\/strong><br \/>\nTa ve\u010der je svojevrsten umetni\u0161ki pe\u010dat pustila tudi poezija Gregorja Podlogarja, ki jo je interpretiral <strong>Uro\u0161 Mijo\u0161ek.<\/strong><\/p>\n","protected":false},"excerpt":{"rendered":"<p>Od \u010detrtka, 30. septembra, do nedelje, 3. oktobra, je bil slikarski atelje Milana Lamovca Didija prizori\u0161\u010de koncertnih dogodkov. Koncertni cikel pri Didiju je programsko zasnoval Konji\u010dan Luka Juhart v sodelovanju s Centrom za kulturne prireditve Slovenske Konjice. \u010cetrtkov ve\u010der Koncertni cikel so za\u010deli LJD Ensemble z Milkom Lazarjem (\u010dembalo), Luko Juhartom (akordeon), Matja\u017eem Dreven\u0161kom (saksofoni). [&hellip;]<\/p>\n","protected":false},"author":12,"featured_media":143579,"comment_status":"closed","ping_status":"closed","sticky":false,"template":"","format":"standard","meta":{"footnotes":""},"categories":[16],"tags":[],"class_list":{"0":"post-143578","1":"post","2":"type-post","3":"status-publish","4":"format-standard","5":"has-post-thumbnail","7":"category-konjisko"},"yoast_head":"<!-- This site is optimized with the Yoast SEO plugin v27.4 - https:\/\/yoast.com\/product\/yoast-seo-wordpress\/ -->\n<title>Konji\u0161ko: Koncertni cikel pri Didiju - Novice.si<\/title>\n<meta name=\"robots\" content=\"index, follow, max-snippet:-1, max-image-preview:large, max-video-preview:-1\" \/>\n<link rel=\"canonical\" href=\"https:\/\/novice.si\/page\/konjisko-koncertni-cikel-pri-didiju-2\/\" \/>\n<meta property=\"og:locale\" content=\"sl_SI\" \/>\n<meta property=\"og:type\" content=\"article\" \/>\n<meta property=\"og:title\" content=\"Konji\u0161ko: Koncertni cikel pri Didiju - Novice.si\" \/>\n<meta property=\"og:description\" content=\"Od \u010detrtka, 30. septembra, do nedelje, 3. oktobra, je bil slikarski atelje Milana Lamovca Didija prizori\u0161\u010de koncertnih dogodkov. Koncertni cikel pri Didiju je programsko zasnoval Konji\u010dan Luka Juhart v sodelovanju s Centrom za kulturne prireditve Slovenske Konjice. \u010cetrtkov ve\u010der Koncertni cikel so za\u010deli LJD Ensemble z Milkom Lazarjem (\u010dembalo), Luko Juhartom (akordeon), Matja\u017eem Dreven\u0161kom (saksofoni). [&hellip;]\" \/>\n<meta property=\"og:url\" content=\"https:\/\/novice.si\/page\/konjisko-koncertni-cikel-pri-didiju-2\/\" \/>\n<meta property=\"og:site_name\" content=\"Novice.si\" \/>\n<meta property=\"article:published_time\" content=\"2021-10-04T19:43:19+00:00\" \/>\n<meta property=\"og:image\" content=\"https:\/\/novice.si\/page\/wp-content\/uploads\/2021\/10\/koncertni-cikel-didi-1.jpg\" \/>\n\t<meta property=\"og:image:width\" content=\"1061\" \/>\n\t<meta property=\"og:image:height\" content=\"707\" \/>\n\t<meta property=\"og:image:type\" content=\"image\/jpeg\" \/>\n<meta name=\"author\" content=\"Uredni\u0161tvo Celjana\" \/>\n<meta name=\"twitter:card\" content=\"summary_large_image\" \/>\n<meta name=\"twitter:label1\" content=\"Written by\" \/>\n\t<meta name=\"twitter:data1\" content=\"Uredni\u0161tvo Celjana\" \/>\n\t<meta name=\"twitter:label2\" content=\"Est. reading time\" \/>\n\t<meta name=\"twitter:data2\" content=\"3 minute\" \/>\n<script type=\"application\/ld+json\" class=\"yoast-schema-graph\">{\"@context\":\"https:\\\/\\\/schema.org\",\"@graph\":[{\"@type\":\"Article\",\"@id\":\"https:\\\/\\\/novice.si\\\/page\\\/konjisko-koncertni-cikel-pri-didiju-2\\\/#article\",\"isPartOf\":{\"@id\":\"https:\\\/\\\/novice.si\\\/page\\\/konjisko-koncertni-cikel-pri-didiju-2\\\/\"},\"author\":{\"name\":\"Uredni\u0161tvo Celjana\",\"@id\":\"https:\\\/\\\/novice.si\\\/page\\\/#\\\/schema\\\/person\\\/51903923b50fefb075bc1cd24fe4d065\"},\"headline\":\"Konji\u0161ko: Koncertni cikel pri Didiju\",\"datePublished\":\"2021-10-04T19:43:19+00:00\",\"mainEntityOfPage\":{\"@id\":\"https:\\\/\\\/novice.si\\\/page\\\/konjisko-koncertni-cikel-pri-didiju-2\\\/\"},\"wordCount\":353,\"publisher\":{\"@id\":\"https:\\\/\\\/novice.si\\\/page\\\/#organization\"},\"image\":{\"@id\":\"https:\\\/\\\/novice.si\\\/page\\\/konjisko-koncertni-cikel-pri-didiju-2\\\/#primaryimage\"},\"thumbnailUrl\":\"https:\\\/\\\/novice.si\\\/page\\\/wp-content\\\/uploads\\\/2021\\\/10\\\/koncertni-cikel-didi-1.jpg\",\"articleSection\":[\"Konji\u0161ko\"],\"inLanguage\":\"sl-SI\"},{\"@type\":\"WebPage\",\"@id\":\"https:\\\/\\\/novice.si\\\/page\\\/konjisko-koncertni-cikel-pri-didiju-2\\\/\",\"url\":\"https:\\\/\\\/novice.si\\\/page\\\/konjisko-koncertni-cikel-pri-didiju-2\\\/\",\"name\":\"Konji\u0161ko: Koncertni cikel pri Didiju - Novice.si\",\"isPartOf\":{\"@id\":\"https:\\\/\\\/novice.si\\\/page\\\/#website\"},\"primaryImageOfPage\":{\"@id\":\"https:\\\/\\\/novice.si\\\/page\\\/konjisko-koncertni-cikel-pri-didiju-2\\\/#primaryimage\"},\"image\":{\"@id\":\"https:\\\/\\\/novice.si\\\/page\\\/konjisko-koncertni-cikel-pri-didiju-2\\\/#primaryimage\"},\"thumbnailUrl\":\"https:\\\/\\\/novice.si\\\/page\\\/wp-content\\\/uploads\\\/2021\\\/10\\\/koncertni-cikel-didi-1.jpg\",\"datePublished\":\"2021-10-04T19:43:19+00:00\",\"breadcrumb\":{\"@id\":\"https:\\\/\\\/novice.si\\\/page\\\/konjisko-koncertni-cikel-pri-didiju-2\\\/#breadcrumb\"},\"inLanguage\":\"sl-SI\",\"potentialAction\":[{\"@type\":\"ReadAction\",\"target\":[\"https:\\\/\\\/novice.si\\\/page\\\/konjisko-koncertni-cikel-pri-didiju-2\\\/\"]}]},{\"@type\":\"ImageObject\",\"inLanguage\":\"sl-SI\",\"@id\":\"https:\\\/\\\/novice.si\\\/page\\\/konjisko-koncertni-cikel-pri-didiju-2\\\/#primaryimage\",\"url\":\"https:\\\/\\\/novice.si\\\/page\\\/wp-content\\\/uploads\\\/2021\\\/10\\\/koncertni-cikel-didi-1.jpg\",\"contentUrl\":\"https:\\\/\\\/novice.si\\\/page\\\/wp-content\\\/uploads\\\/2021\\\/10\\\/koncertni-cikel-didi-1.jpg\",\"width\":1061,\"height\":707},{\"@type\":\"BreadcrumbList\",\"@id\":\"https:\\\/\\\/novice.si\\\/page\\\/konjisko-koncertni-cikel-pri-didiju-2\\\/#breadcrumb\",\"itemListElement\":[{\"@type\":\"ListItem\",\"position\":1,\"name\":\"Home\",\"item\":\"https:\\\/\\\/novice.si\\\/page\\\/\"},{\"@type\":\"ListItem\",\"position\":2,\"name\":\"Konji\u0161ko: Koncertni cikel pri Didiju\"}]},{\"@type\":\"WebSite\",\"@id\":\"https:\\\/\\\/novice.si\\\/page\\\/#website\",\"url\":\"https:\\\/\\\/novice.si\\\/page\\\/\",\"name\":\"Novice.si\",\"description\":\"\",\"publisher\":{\"@id\":\"https:\\\/\\\/novice.si\\\/page\\\/#organization\"},\"potentialAction\":[{\"@type\":\"SearchAction\",\"target\":{\"@type\":\"EntryPoint\",\"urlTemplate\":\"https:\\\/\\\/novice.si\\\/page\\\/?s={search_term_string}\"},\"query-input\":{\"@type\":\"PropertyValueSpecification\",\"valueRequired\":true,\"valueName\":\"search_term_string\"}}],\"inLanguage\":\"sl-SI\"},{\"@type\":\"Organization\",\"@id\":\"https:\\\/\\\/novice.si\\\/page\\\/#organization\",\"name\":\"Novice.si\",\"url\":\"https:\\\/\\\/novice.si\\\/page\\\/\",\"logo\":{\"@type\":\"ImageObject\",\"inLanguage\":\"sl-SI\",\"@id\":\"https:\\\/\\\/novice.si\\\/page\\\/#\\\/schema\\\/logo\\\/image\\\/\",\"url\":\"https:\\\/\\\/novice.si\\\/page\\\/wp-content\\\/uploads\\\/2023\\\/03\\\/novice_si.png\",\"contentUrl\":\"https:\\\/\\\/novice.si\\\/page\\\/wp-content\\\/uploads\\\/2023\\\/03\\\/novice_si.png\",\"width\":576,\"height\":200,\"caption\":\"Novice.si\"},\"image\":{\"@id\":\"https:\\\/\\\/novice.si\\\/page\\\/#\\\/schema\\\/logo\\\/image\\\/\"}},{\"@type\":\"Person\",\"@id\":\"https:\\\/\\\/novice.si\\\/page\\\/#\\\/schema\\\/person\\\/51903923b50fefb075bc1cd24fe4d065\",\"name\":\"Uredni\u0161tvo Celjana\",\"image\":{\"@type\":\"ImageObject\",\"inLanguage\":\"sl-SI\",\"@id\":\"https:\\\/\\\/secure.gravatar.com\\\/avatar\\\/b516f102aa90b53619e09722b8ea56721c99bfcb4f1035f9b333d99f52330226?s=96&d=mm&r=g\",\"url\":\"https:\\\/\\\/secure.gravatar.com\\\/avatar\\\/b516f102aa90b53619e09722b8ea56721c99bfcb4f1035f9b333d99f52330226?s=96&d=mm&r=g\",\"contentUrl\":\"https:\\\/\\\/secure.gravatar.com\\\/avatar\\\/b516f102aa90b53619e09722b8ea56721c99bfcb4f1035f9b333d99f52330226?s=96&d=mm&r=g\",\"caption\":\"Uredni\u0161tvo Celjana\"},\"url\":\"https:\\\/\\\/novice.si\\\/page\\\/author\\\/nejc\\\/\"}]}<\/script>\n<!-- \/ Yoast SEO plugin. -->","yoast_head_json":{"title":"Konji\u0161ko: Koncertni cikel pri Didiju - Novice.si","robots":{"index":"index","follow":"follow","max-snippet":"max-snippet:-1","max-image-preview":"max-image-preview:large","max-video-preview":"max-video-preview:-1"},"canonical":"https:\/\/novice.si\/page\/konjisko-koncertni-cikel-pri-didiju-2\/","og_locale":"sl_SI","og_type":"article","og_title":"Konji\u0161ko: Koncertni cikel pri Didiju - Novice.si","og_description":"Od \u010detrtka, 30. septembra, do nedelje, 3. oktobra, je bil slikarski atelje Milana Lamovca Didija prizori\u0161\u010de koncertnih dogodkov. Koncertni cikel pri Didiju je programsko zasnoval Konji\u010dan Luka Juhart v sodelovanju s Centrom za kulturne prireditve Slovenske Konjice. \u010cetrtkov ve\u010der Koncertni cikel so za\u010deli LJD Ensemble z Milkom Lazarjem (\u010dembalo), Luko Juhartom (akordeon), Matja\u017eem Dreven\u0161kom (saksofoni). [&hellip;]","og_url":"https:\/\/novice.si\/page\/konjisko-koncertni-cikel-pri-didiju-2\/","og_site_name":"Novice.si","article_published_time":"2021-10-04T19:43:19+00:00","og_image":[{"width":1061,"height":707,"url":"https:\/\/novice.si\/page\/wp-content\/uploads\/2021\/10\/koncertni-cikel-didi-1.jpg","type":"image\/jpeg"}],"author":"Uredni\u0161tvo Celjana","twitter_card":"summary_large_image","twitter_misc":{"Written by":"Uredni\u0161tvo Celjana","Est. reading time":"3 minute"},"schema":{"@context":"https:\/\/schema.org","@graph":[{"@type":"Article","@id":"https:\/\/novice.si\/page\/konjisko-koncertni-cikel-pri-didiju-2\/#article","isPartOf":{"@id":"https:\/\/novice.si\/page\/konjisko-koncertni-cikel-pri-didiju-2\/"},"author":{"name":"Uredni\u0161tvo Celjana","@id":"https:\/\/novice.si\/page\/#\/schema\/person\/51903923b50fefb075bc1cd24fe4d065"},"headline":"Konji\u0161ko: Koncertni cikel pri Didiju","datePublished":"2021-10-04T19:43:19+00:00","mainEntityOfPage":{"@id":"https:\/\/novice.si\/page\/konjisko-koncertni-cikel-pri-didiju-2\/"},"wordCount":353,"publisher":{"@id":"https:\/\/novice.si\/page\/#organization"},"image":{"@id":"https:\/\/novice.si\/page\/konjisko-koncertni-cikel-pri-didiju-2\/#primaryimage"},"thumbnailUrl":"https:\/\/novice.si\/page\/wp-content\/uploads\/2021\/10\/koncertni-cikel-didi-1.jpg","articleSection":["Konji\u0161ko"],"inLanguage":"sl-SI"},{"@type":"WebPage","@id":"https:\/\/novice.si\/page\/konjisko-koncertni-cikel-pri-didiju-2\/","url":"https:\/\/novice.si\/page\/konjisko-koncertni-cikel-pri-didiju-2\/","name":"Konji\u0161ko: Koncertni cikel pri Didiju - Novice.si","isPartOf":{"@id":"https:\/\/novice.si\/page\/#website"},"primaryImageOfPage":{"@id":"https:\/\/novice.si\/page\/konjisko-koncertni-cikel-pri-didiju-2\/#primaryimage"},"image":{"@id":"https:\/\/novice.si\/page\/konjisko-koncertni-cikel-pri-didiju-2\/#primaryimage"},"thumbnailUrl":"https:\/\/novice.si\/page\/wp-content\/uploads\/2021\/10\/koncertni-cikel-didi-1.jpg","datePublished":"2021-10-04T19:43:19+00:00","breadcrumb":{"@id":"https:\/\/novice.si\/page\/konjisko-koncertni-cikel-pri-didiju-2\/#breadcrumb"},"inLanguage":"sl-SI","potentialAction":[{"@type":"ReadAction","target":["https:\/\/novice.si\/page\/konjisko-koncertni-cikel-pri-didiju-2\/"]}]},{"@type":"ImageObject","inLanguage":"sl-SI","@id":"https:\/\/novice.si\/page\/konjisko-koncertni-cikel-pri-didiju-2\/#primaryimage","url":"https:\/\/novice.si\/page\/wp-content\/uploads\/2021\/10\/koncertni-cikel-didi-1.jpg","contentUrl":"https:\/\/novice.si\/page\/wp-content\/uploads\/2021\/10\/koncertni-cikel-didi-1.jpg","width":1061,"height":707},{"@type":"BreadcrumbList","@id":"https:\/\/novice.si\/page\/konjisko-koncertni-cikel-pri-didiju-2\/#breadcrumb","itemListElement":[{"@type":"ListItem","position":1,"name":"Home","item":"https:\/\/novice.si\/page\/"},{"@type":"ListItem","position":2,"name":"Konji\u0161ko: Koncertni cikel pri Didiju"}]},{"@type":"WebSite","@id":"https:\/\/novice.si\/page\/#website","url":"https:\/\/novice.si\/page\/","name":"Novice.si","description":"","publisher":{"@id":"https:\/\/novice.si\/page\/#organization"},"potentialAction":[{"@type":"SearchAction","target":{"@type":"EntryPoint","urlTemplate":"https:\/\/novice.si\/page\/?s={search_term_string}"},"query-input":{"@type":"PropertyValueSpecification","valueRequired":true,"valueName":"search_term_string"}}],"inLanguage":"sl-SI"},{"@type":"Organization","@id":"https:\/\/novice.si\/page\/#organization","name":"Novice.si","url":"https:\/\/novice.si\/page\/","logo":{"@type":"ImageObject","inLanguage":"sl-SI","@id":"https:\/\/novice.si\/page\/#\/schema\/logo\/image\/","url":"https:\/\/novice.si\/page\/wp-content\/uploads\/2023\/03\/novice_si.png","contentUrl":"https:\/\/novice.si\/page\/wp-content\/uploads\/2023\/03\/novice_si.png","width":576,"height":200,"caption":"Novice.si"},"image":{"@id":"https:\/\/novice.si\/page\/#\/schema\/logo\/image\/"}},{"@type":"Person","@id":"https:\/\/novice.si\/page\/#\/schema\/person\/51903923b50fefb075bc1cd24fe4d065","name":"Uredni\u0161tvo Celjana","image":{"@type":"ImageObject","inLanguage":"sl-SI","@id":"https:\/\/secure.gravatar.com\/avatar\/b516f102aa90b53619e09722b8ea56721c99bfcb4f1035f9b333d99f52330226?s=96&d=mm&r=g","url":"https:\/\/secure.gravatar.com\/avatar\/b516f102aa90b53619e09722b8ea56721c99bfcb4f1035f9b333d99f52330226?s=96&d=mm&r=g","contentUrl":"https:\/\/secure.gravatar.com\/avatar\/b516f102aa90b53619e09722b8ea56721c99bfcb4f1035f9b333d99f52330226?s=96&d=mm&r=g","caption":"Uredni\u0161tvo Celjana"},"url":"https:\/\/novice.si\/page\/author\/nejc\/"}]}},"_links":{"self":[{"href":"https:\/\/novice.si\/page\/wp-json\/wp\/v2\/posts\/143578","targetHints":{"allow":["GET"]}}],"collection":[{"href":"https:\/\/novice.si\/page\/wp-json\/wp\/v2\/posts"}],"about":[{"href":"https:\/\/novice.si\/page\/wp-json\/wp\/v2\/types\/post"}],"author":[{"embeddable":true,"href":"https:\/\/novice.si\/page\/wp-json\/wp\/v2\/users\/12"}],"replies":[{"embeddable":true,"href":"https:\/\/novice.si\/page\/wp-json\/wp\/v2\/comments?post=143578"}],"version-history":[{"count":0,"href":"https:\/\/novice.si\/page\/wp-json\/wp\/v2\/posts\/143578\/revisions"}],"wp:featuredmedia":[{"embeddable":true,"href":"https:\/\/novice.si\/page\/wp-json\/wp\/v2\/media\/143579"}],"wp:attachment":[{"href":"https:\/\/novice.si\/page\/wp-json\/wp\/v2\/media?parent=143578"}],"wp:term":[{"taxonomy":"category","embeddable":true,"href":"https:\/\/novice.si\/page\/wp-json\/wp\/v2\/categories?post=143578"},{"taxonomy":"post_tag","embeddable":true,"href":"https:\/\/novice.si\/page\/wp-json\/wp\/v2\/tags?post=143578"}],"curies":[{"name":"wp","href":"https:\/\/api.w.org\/{rel}","templated":true}]}}