{"id":143077,"date":"2021-09-22T17:39:23","date_gmt":"2021-09-22T15:39:23","guid":{"rendered":"https:\/\/novice.si\/page\/?p=143077"},"modified":"2021-09-23T13:27:38","modified_gmt":"2021-09-23T11:27:38","slug":"konjisko-koncertni-cikel-pri-didiju","status":"publish","type":"post","link":"https:\/\/novice.si\/page\/konjisko-koncertni-cikel-pri-didiju\/","title":{"rendered":"Konji\u0161ko: Koncertni cikel pri Didiju"},"content":{"rendered":"<p><a href=\"https:\/\/novice.si\/page\/wp-content\/uploads\/2021\/09\/koncertni-cikel-konjice.jpg\" data-gallery><img loading=\"lazy\" decoding=\"async\" class=\"alignleft size-medium wp-image-143078\" src=\"https:\/\/novice.si\/page\/wp-content\/uploads\/2021\/09\/koncertni-cikel-konjice-300x169.jpg\" alt=\"\" width=\"300\" height=\"169\" srcset=\"https:\/\/novice.si\/page\/wp-content\/uploads\/2021\/09\/koncertni-cikel-konjice-300x169.jpg 300w, https:\/\/novice.si\/page\/wp-content\/uploads\/2021\/09\/koncertni-cikel-konjice-1024x576.jpg 1024w, https:\/\/novice.si\/page\/wp-content\/uploads\/2021\/09\/koncertni-cikel-konjice-768x432.jpg 768w, https:\/\/novice.si\/page\/wp-content\/uploads\/2021\/09\/koncertni-cikel-konjice-1536x864.jpg 1536w, https:\/\/novice.si\/page\/wp-content\/uploads\/2021\/09\/koncertni-cikel-konjice-696x392.jpg 696w, https:\/\/novice.si\/page\/wp-content\/uploads\/2021\/09\/koncertni-cikel-konjice-1068x601.jpg 1068w, https:\/\/novice.si\/page\/wp-content\/uploads\/2021\/09\/koncertni-cikel-konjice-747x420.jpg 747w, https:\/\/novice.si\/page\/wp-content\/uploads\/2021\/09\/koncertni-cikel-konjice-24x14.jpg 24w, https:\/\/novice.si\/page\/wp-content\/uploads\/2021\/09\/koncertni-cikel-konjice-36x20.jpg 36w, https:\/\/novice.si\/page\/wp-content\/uploads\/2021\/09\/koncertni-cikel-konjice-48x27.jpg 48w, https:\/\/novice.si\/page\/wp-content\/uploads\/2021\/09\/koncertni-cikel-konjice.jpg 1920w\" sizes=\"auto, (max-width: 300px) 100vw, 300px\" \/><\/a>V organizaciji Centra za kulturne prireditve Slovenske Konjice bo od \u010detrtka, 30. septembra, do nedelje, 3. oktobra, potekal Koncertni cikel pri Didiju. Po navedbah organizatorjev se obeta vrhunska interakcija med razli\u010dnimi umetnostmi.<\/p>\n<p><strong>Negovanje umetni\u0161kih vrednot<\/strong><br \/>\nPri Koncertnem ciklu pri Didiju gre za pribli\u017eevanje visoko kakovostnih vsebin oziroma umetni\u0161kih programov, negovanje in razvijanje kulturno-umetni\u0161kih vrednot in \u00bbvzgojo\u00ab poslu\u0161alcev, ki predstavljajo najve\u010dji izziv v smislu kakovosti, raznolikosti ponudbe in obiska.<br \/>\nKot \u0161e navajajo v konji\u0161kem Centru za kulturne prireditve, je namen \u0161iritev vrhunske umetnosti iz velikih centrov v manj\u0161i kraj, s pomo\u010djo vrhunskega glasbenika, doma\u010dina <strong>Luke Juharta<\/strong>, ki je programsko zasnoval koncertni cikel 2021.<\/p>\n<p><strong>Nastopajo\u010di<\/strong><br \/>\nKoncertni cikel v \u010detrtek, 30. septembra, za\u010denjajo LJD ENSEMBLE, <strong>Milko Lazar,<\/strong> <strong>Luka Juhart<\/strong>, <strong>Matja\u017e Dreven\u0161ek<\/strong> in slikar <strong>Milan Lamovec \u2013 Didi.<\/strong><br \/>\nV petek, 1. oktobra, se bodo predstavili DRUMARTICA, <strong>Simon Klav\u017ear,<\/strong> <strong>Jo\u017ee Bogolin<\/strong> in kipar <strong>Franjo Funkelj \u2013 Frenk. <\/strong>V soboto, 2. oktobra, <strong>Kaja Draksler,<\/strong> <strong>Irena Toma\u017ein,<\/strong> s poezijo pa <strong>Anja Zag Golob.<\/strong> Cikel bo v nedeljo, 3. oktobra, zaklju\u010dil <strong>Celjski godalni orkester<\/strong> pod taktirko <strong>Nenada Fir\u0161ta,<\/strong> klarinetist <strong>Jo\u017ee Kotar<\/strong>, poezijo Gregorja Podlogarja bo interpretiral <strong>Uro\u0161 Mijo\u0161ek.<\/strong> <em>(Ve\u010d v \u010detrtkovi tiskani izdaji NOVIC).<\/em><\/p>\n<p>&nbsp;<\/p>\n","protected":false},"excerpt":{"rendered":"<p>V organizaciji Centra za kulturne prireditve Slovenske Konjice bo od \u010detrtka, 30. septembra, do nedelje, 3. oktobra, potekal Koncertni cikel pri Didiju. Po navedbah organizatorjev se obeta vrhunska interakcija med razli\u010dnimi umetnostmi. Negovanje umetni\u0161kih vrednot Pri Koncertnem ciklu pri Didiju gre za pribli\u017eevanje visoko kakovostnih vsebin oziroma umetni\u0161kih programov, negovanje in razvijanje kulturno-umetni\u0161kih vrednot in [&hellip;]<\/p>\n","protected":false},"author":12,"featured_media":143078,"comment_status":"closed","ping_status":"closed","sticky":false,"template":"","format":"standard","meta":{"footnotes":""},"categories":[16],"tags":[],"class_list":{"0":"post-143077","1":"post","2":"type-post","3":"status-publish","4":"format-standard","5":"has-post-thumbnail","7":"category-konjisko"},"yoast_head":"<!-- This site is optimized with the Yoast SEO plugin v27.4 - https:\/\/yoast.com\/product\/yoast-seo-wordpress\/ -->\n<title>Konji\u0161ko: Koncertni cikel pri Didiju - Novice.si<\/title>\n<meta name=\"robots\" content=\"index, follow, max-snippet:-1, max-image-preview:large, max-video-preview:-1\" \/>\n<link rel=\"canonical\" href=\"https:\/\/novice.si\/page\/konjisko-koncertni-cikel-pri-didiju\/\" \/>\n<meta property=\"og:locale\" content=\"sl_SI\" \/>\n<meta property=\"og:type\" content=\"article\" \/>\n<meta property=\"og:title\" content=\"Konji\u0161ko: Koncertni cikel pri Didiju - Novice.si\" \/>\n<meta property=\"og:description\" content=\"V organizaciji Centra za kulturne prireditve Slovenske Konjice bo od \u010detrtka, 30. septembra, do nedelje, 3. oktobra, potekal Koncertni cikel pri Didiju. Po navedbah organizatorjev se obeta vrhunska interakcija med razli\u010dnimi umetnostmi. Negovanje umetni\u0161kih vrednot Pri Koncertnem ciklu pri Didiju gre za pribli\u017eevanje visoko kakovostnih vsebin oziroma umetni\u0161kih programov, negovanje in razvijanje kulturno-umetni\u0161kih vrednot in [&hellip;]\" \/>\n<meta property=\"og:url\" content=\"https:\/\/novice.si\/page\/konjisko-koncertni-cikel-pri-didiju\/\" \/>\n<meta property=\"og:site_name\" content=\"Novice.si\" \/>\n<meta property=\"article:published_time\" content=\"2021-09-22T15:39:23+00:00\" \/>\n<meta property=\"article:modified_time\" content=\"2021-09-23T11:27:38+00:00\" \/>\n<meta property=\"og:image\" content=\"https:\/\/novice.si\/page\/wp-content\/uploads\/2021\/09\/koncertni-cikel-konjice.jpg\" \/>\n\t<meta property=\"og:image:width\" content=\"1920\" \/>\n\t<meta property=\"og:image:height\" content=\"1080\" \/>\n\t<meta property=\"og:image:type\" content=\"image\/jpeg\" \/>\n<meta name=\"author\" content=\"Uredni\u0161tvo Celjana\" \/>\n<meta name=\"twitter:card\" content=\"summary_large_image\" \/>\n<meta name=\"twitter:label1\" content=\"Written by\" \/>\n\t<meta name=\"twitter:data1\" content=\"Uredni\u0161tvo Celjana\" \/>\n\t<meta name=\"twitter:label2\" content=\"Est. reading time\" \/>\n\t<meta name=\"twitter:data2\" content=\"2 minuti\" \/>\n<script type=\"application\/ld+json\" class=\"yoast-schema-graph\">{\"@context\":\"https:\\\/\\\/schema.org\",\"@graph\":[{\"@type\":\"Article\",\"@id\":\"https:\\\/\\\/novice.si\\\/page\\\/konjisko-koncertni-cikel-pri-didiju\\\/#article\",\"isPartOf\":{\"@id\":\"https:\\\/\\\/novice.si\\\/page\\\/konjisko-koncertni-cikel-pri-didiju\\\/\"},\"author\":{\"name\":\"Uredni\u0161tvo Celjana\",\"@id\":\"https:\\\/\\\/novice.si\\\/page\\\/#\\\/schema\\\/person\\\/51903923b50fefb075bc1cd24fe4d065\"},\"headline\":\"Konji\u0161ko: Koncertni cikel pri Didiju\",\"datePublished\":\"2021-09-22T15:39:23+00:00\",\"dateModified\":\"2021-09-23T11:27:38+00:00\",\"mainEntityOfPage\":{\"@id\":\"https:\\\/\\\/novice.si\\\/page\\\/konjisko-koncertni-cikel-pri-didiju\\\/\"},\"wordCount\":205,\"publisher\":{\"@id\":\"https:\\\/\\\/novice.si\\\/page\\\/#organization\"},\"image\":{\"@id\":\"https:\\\/\\\/novice.si\\\/page\\\/konjisko-koncertni-cikel-pri-didiju\\\/#primaryimage\"},\"thumbnailUrl\":\"https:\\\/\\\/novice.si\\\/page\\\/wp-content\\\/uploads\\\/2021\\\/09\\\/koncertni-cikel-konjice.jpg\",\"articleSection\":[\"Konji\u0161ko\"],\"inLanguage\":\"sl-SI\"},{\"@type\":\"WebPage\",\"@id\":\"https:\\\/\\\/novice.si\\\/page\\\/konjisko-koncertni-cikel-pri-didiju\\\/\",\"url\":\"https:\\\/\\\/novice.si\\\/page\\\/konjisko-koncertni-cikel-pri-didiju\\\/\",\"name\":\"Konji\u0161ko: Koncertni cikel pri Didiju - Novice.si\",\"isPartOf\":{\"@id\":\"https:\\\/\\\/novice.si\\\/page\\\/#website\"},\"primaryImageOfPage\":{\"@id\":\"https:\\\/\\\/novice.si\\\/page\\\/konjisko-koncertni-cikel-pri-didiju\\\/#primaryimage\"},\"image\":{\"@id\":\"https:\\\/\\\/novice.si\\\/page\\\/konjisko-koncertni-cikel-pri-didiju\\\/#primaryimage\"},\"thumbnailUrl\":\"https:\\\/\\\/novice.si\\\/page\\\/wp-content\\\/uploads\\\/2021\\\/09\\\/koncertni-cikel-konjice.jpg\",\"datePublished\":\"2021-09-22T15:39:23+00:00\",\"dateModified\":\"2021-09-23T11:27:38+00:00\",\"breadcrumb\":{\"@id\":\"https:\\\/\\\/novice.si\\\/page\\\/konjisko-koncertni-cikel-pri-didiju\\\/#breadcrumb\"},\"inLanguage\":\"sl-SI\",\"potentialAction\":[{\"@type\":\"ReadAction\",\"target\":[\"https:\\\/\\\/novice.si\\\/page\\\/konjisko-koncertni-cikel-pri-didiju\\\/\"]}]},{\"@type\":\"ImageObject\",\"inLanguage\":\"sl-SI\",\"@id\":\"https:\\\/\\\/novice.si\\\/page\\\/konjisko-koncertni-cikel-pri-didiju\\\/#primaryimage\",\"url\":\"https:\\\/\\\/novice.si\\\/page\\\/wp-content\\\/uploads\\\/2021\\\/09\\\/koncertni-cikel-konjice.jpg\",\"contentUrl\":\"https:\\\/\\\/novice.si\\\/page\\\/wp-content\\\/uploads\\\/2021\\\/09\\\/koncertni-cikel-konjice.jpg\",\"width\":1920,\"height\":1080},{\"@type\":\"BreadcrumbList\",\"@id\":\"https:\\\/\\\/novice.si\\\/page\\\/konjisko-koncertni-cikel-pri-didiju\\\/#breadcrumb\",\"itemListElement\":[{\"@type\":\"ListItem\",\"position\":1,\"name\":\"Home\",\"item\":\"https:\\\/\\\/novice.si\\\/page\\\/\"},{\"@type\":\"ListItem\",\"position\":2,\"name\":\"Konji\u0161ko: Koncertni cikel pri Didiju\"}]},{\"@type\":\"WebSite\",\"@id\":\"https:\\\/\\\/novice.si\\\/page\\\/#website\",\"url\":\"https:\\\/\\\/novice.si\\\/page\\\/\",\"name\":\"Novice.si\",\"description\":\"\",\"publisher\":{\"@id\":\"https:\\\/\\\/novice.si\\\/page\\\/#organization\"},\"potentialAction\":[{\"@type\":\"SearchAction\",\"target\":{\"@type\":\"EntryPoint\",\"urlTemplate\":\"https:\\\/\\\/novice.si\\\/page\\\/?s={search_term_string}\"},\"query-input\":{\"@type\":\"PropertyValueSpecification\",\"valueRequired\":true,\"valueName\":\"search_term_string\"}}],\"inLanguage\":\"sl-SI\"},{\"@type\":\"Organization\",\"@id\":\"https:\\\/\\\/novice.si\\\/page\\\/#organization\",\"name\":\"Novice.si\",\"url\":\"https:\\\/\\\/novice.si\\\/page\\\/\",\"logo\":{\"@type\":\"ImageObject\",\"inLanguage\":\"sl-SI\",\"@id\":\"https:\\\/\\\/novice.si\\\/page\\\/#\\\/schema\\\/logo\\\/image\\\/\",\"url\":\"https:\\\/\\\/novice.si\\\/page\\\/wp-content\\\/uploads\\\/2023\\\/03\\\/novice_si.png\",\"contentUrl\":\"https:\\\/\\\/novice.si\\\/page\\\/wp-content\\\/uploads\\\/2023\\\/03\\\/novice_si.png\",\"width\":576,\"height\":200,\"caption\":\"Novice.si\"},\"image\":{\"@id\":\"https:\\\/\\\/novice.si\\\/page\\\/#\\\/schema\\\/logo\\\/image\\\/\"}},{\"@type\":\"Person\",\"@id\":\"https:\\\/\\\/novice.si\\\/page\\\/#\\\/schema\\\/person\\\/51903923b50fefb075bc1cd24fe4d065\",\"name\":\"Uredni\u0161tvo Celjana\",\"image\":{\"@type\":\"ImageObject\",\"inLanguage\":\"sl-SI\",\"@id\":\"https:\\\/\\\/secure.gravatar.com\\\/avatar\\\/b516f102aa90b53619e09722b8ea56721c99bfcb4f1035f9b333d99f52330226?s=96&d=mm&r=g\",\"url\":\"https:\\\/\\\/secure.gravatar.com\\\/avatar\\\/b516f102aa90b53619e09722b8ea56721c99bfcb4f1035f9b333d99f52330226?s=96&d=mm&r=g\",\"contentUrl\":\"https:\\\/\\\/secure.gravatar.com\\\/avatar\\\/b516f102aa90b53619e09722b8ea56721c99bfcb4f1035f9b333d99f52330226?s=96&d=mm&r=g\",\"caption\":\"Uredni\u0161tvo Celjana\"},\"url\":\"https:\\\/\\\/novice.si\\\/page\\\/author\\\/nejc\\\/\"}]}<\/script>\n<!-- \/ Yoast SEO plugin. -->","yoast_head_json":{"title":"Konji\u0161ko: Koncertni cikel pri Didiju - Novice.si","robots":{"index":"index","follow":"follow","max-snippet":"max-snippet:-1","max-image-preview":"max-image-preview:large","max-video-preview":"max-video-preview:-1"},"canonical":"https:\/\/novice.si\/page\/konjisko-koncertni-cikel-pri-didiju\/","og_locale":"sl_SI","og_type":"article","og_title":"Konji\u0161ko: Koncertni cikel pri Didiju - Novice.si","og_description":"V organizaciji Centra za kulturne prireditve Slovenske Konjice bo od \u010detrtka, 30. septembra, do nedelje, 3. oktobra, potekal Koncertni cikel pri Didiju. Po navedbah organizatorjev se obeta vrhunska interakcija med razli\u010dnimi umetnostmi. Negovanje umetni\u0161kih vrednot Pri Koncertnem ciklu pri Didiju gre za pribli\u017eevanje visoko kakovostnih vsebin oziroma umetni\u0161kih programov, negovanje in razvijanje kulturno-umetni\u0161kih vrednot in [&hellip;]","og_url":"https:\/\/novice.si\/page\/konjisko-koncertni-cikel-pri-didiju\/","og_site_name":"Novice.si","article_published_time":"2021-09-22T15:39:23+00:00","article_modified_time":"2021-09-23T11:27:38+00:00","og_image":[{"width":1920,"height":1080,"url":"https:\/\/novice.si\/page\/wp-content\/uploads\/2021\/09\/koncertni-cikel-konjice.jpg","type":"image\/jpeg"}],"author":"Uredni\u0161tvo Celjana","twitter_card":"summary_large_image","twitter_misc":{"Written by":"Uredni\u0161tvo Celjana","Est. reading time":"2 minuti"},"schema":{"@context":"https:\/\/schema.org","@graph":[{"@type":"Article","@id":"https:\/\/novice.si\/page\/konjisko-koncertni-cikel-pri-didiju\/#article","isPartOf":{"@id":"https:\/\/novice.si\/page\/konjisko-koncertni-cikel-pri-didiju\/"},"author":{"name":"Uredni\u0161tvo Celjana","@id":"https:\/\/novice.si\/page\/#\/schema\/person\/51903923b50fefb075bc1cd24fe4d065"},"headline":"Konji\u0161ko: Koncertni cikel pri Didiju","datePublished":"2021-09-22T15:39:23+00:00","dateModified":"2021-09-23T11:27:38+00:00","mainEntityOfPage":{"@id":"https:\/\/novice.si\/page\/konjisko-koncertni-cikel-pri-didiju\/"},"wordCount":205,"publisher":{"@id":"https:\/\/novice.si\/page\/#organization"},"image":{"@id":"https:\/\/novice.si\/page\/konjisko-koncertni-cikel-pri-didiju\/#primaryimage"},"thumbnailUrl":"https:\/\/novice.si\/page\/wp-content\/uploads\/2021\/09\/koncertni-cikel-konjice.jpg","articleSection":["Konji\u0161ko"],"inLanguage":"sl-SI"},{"@type":"WebPage","@id":"https:\/\/novice.si\/page\/konjisko-koncertni-cikel-pri-didiju\/","url":"https:\/\/novice.si\/page\/konjisko-koncertni-cikel-pri-didiju\/","name":"Konji\u0161ko: Koncertni cikel pri Didiju - Novice.si","isPartOf":{"@id":"https:\/\/novice.si\/page\/#website"},"primaryImageOfPage":{"@id":"https:\/\/novice.si\/page\/konjisko-koncertni-cikel-pri-didiju\/#primaryimage"},"image":{"@id":"https:\/\/novice.si\/page\/konjisko-koncertni-cikel-pri-didiju\/#primaryimage"},"thumbnailUrl":"https:\/\/novice.si\/page\/wp-content\/uploads\/2021\/09\/koncertni-cikel-konjice.jpg","datePublished":"2021-09-22T15:39:23+00:00","dateModified":"2021-09-23T11:27:38+00:00","breadcrumb":{"@id":"https:\/\/novice.si\/page\/konjisko-koncertni-cikel-pri-didiju\/#breadcrumb"},"inLanguage":"sl-SI","potentialAction":[{"@type":"ReadAction","target":["https:\/\/novice.si\/page\/konjisko-koncertni-cikel-pri-didiju\/"]}]},{"@type":"ImageObject","inLanguage":"sl-SI","@id":"https:\/\/novice.si\/page\/konjisko-koncertni-cikel-pri-didiju\/#primaryimage","url":"https:\/\/novice.si\/page\/wp-content\/uploads\/2021\/09\/koncertni-cikel-konjice.jpg","contentUrl":"https:\/\/novice.si\/page\/wp-content\/uploads\/2021\/09\/koncertni-cikel-konjice.jpg","width":1920,"height":1080},{"@type":"BreadcrumbList","@id":"https:\/\/novice.si\/page\/konjisko-koncertni-cikel-pri-didiju\/#breadcrumb","itemListElement":[{"@type":"ListItem","position":1,"name":"Home","item":"https:\/\/novice.si\/page\/"},{"@type":"ListItem","position":2,"name":"Konji\u0161ko: Koncertni cikel pri Didiju"}]},{"@type":"WebSite","@id":"https:\/\/novice.si\/page\/#website","url":"https:\/\/novice.si\/page\/","name":"Novice.si","description":"","publisher":{"@id":"https:\/\/novice.si\/page\/#organization"},"potentialAction":[{"@type":"SearchAction","target":{"@type":"EntryPoint","urlTemplate":"https:\/\/novice.si\/page\/?s={search_term_string}"},"query-input":{"@type":"PropertyValueSpecification","valueRequired":true,"valueName":"search_term_string"}}],"inLanguage":"sl-SI"},{"@type":"Organization","@id":"https:\/\/novice.si\/page\/#organization","name":"Novice.si","url":"https:\/\/novice.si\/page\/","logo":{"@type":"ImageObject","inLanguage":"sl-SI","@id":"https:\/\/novice.si\/page\/#\/schema\/logo\/image\/","url":"https:\/\/novice.si\/page\/wp-content\/uploads\/2023\/03\/novice_si.png","contentUrl":"https:\/\/novice.si\/page\/wp-content\/uploads\/2023\/03\/novice_si.png","width":576,"height":200,"caption":"Novice.si"},"image":{"@id":"https:\/\/novice.si\/page\/#\/schema\/logo\/image\/"}},{"@type":"Person","@id":"https:\/\/novice.si\/page\/#\/schema\/person\/51903923b50fefb075bc1cd24fe4d065","name":"Uredni\u0161tvo Celjana","image":{"@type":"ImageObject","inLanguage":"sl-SI","@id":"https:\/\/secure.gravatar.com\/avatar\/b516f102aa90b53619e09722b8ea56721c99bfcb4f1035f9b333d99f52330226?s=96&d=mm&r=g","url":"https:\/\/secure.gravatar.com\/avatar\/b516f102aa90b53619e09722b8ea56721c99bfcb4f1035f9b333d99f52330226?s=96&d=mm&r=g","contentUrl":"https:\/\/secure.gravatar.com\/avatar\/b516f102aa90b53619e09722b8ea56721c99bfcb4f1035f9b333d99f52330226?s=96&d=mm&r=g","caption":"Uredni\u0161tvo Celjana"},"url":"https:\/\/novice.si\/page\/author\/nejc\/"}]}},"_links":{"self":[{"href":"https:\/\/novice.si\/page\/wp-json\/wp\/v2\/posts\/143077","targetHints":{"allow":["GET"]}}],"collection":[{"href":"https:\/\/novice.si\/page\/wp-json\/wp\/v2\/posts"}],"about":[{"href":"https:\/\/novice.si\/page\/wp-json\/wp\/v2\/types\/post"}],"author":[{"embeddable":true,"href":"https:\/\/novice.si\/page\/wp-json\/wp\/v2\/users\/12"}],"replies":[{"embeddable":true,"href":"https:\/\/novice.si\/page\/wp-json\/wp\/v2\/comments?post=143077"}],"version-history":[{"count":0,"href":"https:\/\/novice.si\/page\/wp-json\/wp\/v2\/posts\/143077\/revisions"}],"wp:featuredmedia":[{"embeddable":true,"href":"https:\/\/novice.si\/page\/wp-json\/wp\/v2\/media\/143078"}],"wp:attachment":[{"href":"https:\/\/novice.si\/page\/wp-json\/wp\/v2\/media?parent=143077"}],"wp:term":[{"taxonomy":"category","embeddable":true,"href":"https:\/\/novice.si\/page\/wp-json\/wp\/v2\/categories?post=143077"},{"taxonomy":"post_tag","embeddable":true,"href":"https:\/\/novice.si\/page\/wp-json\/wp\/v2\/tags?post=143077"}],"curies":[{"name":"wp","href":"https:\/\/api.w.org\/{rel}","templated":true}]}}