{"id":142691,"date":"2021-09-07T11:39:58","date_gmt":"2021-09-07T09:39:58","guid":{"rendered":"https:\/\/novice.si\/page\/?p=142691"},"modified":"2021-09-07T11:40:54","modified_gmt":"2021-09-07T09:40:54","slug":"radio-rogla-navdihnjen-s-poezijo-ivana-minattija","status":"publish","type":"post","link":"https:\/\/novice.si\/page\/radio-rogla-navdihnjen-s-poezijo-ivana-minattija\/","title":{"rendered":"Radio Rogla, navdihnjen s poezijo Ivana Minattija"},"content":{"rendered":"<p><strong>Na Radiu Rogla v jesen stopajo s \u0161tevilnimi novimi radijskimi vsebinami. Med njimi so tudi minute, navdihnjene s poezijo Ivana Minattija.\u00a0<\/strong><\/p>\n<p><a href=\"https:\/\/novice.si\/page\/wp-content\/uploads\/2019\/09\/minatti-pot.jpg\" data-gallery><img loading=\"lazy\" decoding=\"async\" class=\"size-medium wp-image-112040 alignleft\" src=\"https:\/\/novice.si\/page\/wp-content\/uploads\/2019\/09\/minatti-pot-300x200.jpg\" alt=\"\" width=\"300\" height=\"200\" srcset=\"https:\/\/novice.si\/page\/wp-content\/uploads\/2019\/09\/minatti-pot-300x200.jpg 300w, https:\/\/novice.si\/page\/wp-content\/uploads\/2019\/09\/minatti-pot-768x512.jpg 768w, https:\/\/novice.si\/page\/wp-content\/uploads\/2019\/09\/minatti-pot-1024x683.jpg 1024w, https:\/\/novice.si\/page\/wp-content\/uploads\/2019\/09\/minatti-pot-696x464.jpg 696w, https:\/\/novice.si\/page\/wp-content\/uploads\/2019\/09\/minatti-pot-1068x712.jpg 1068w, https:\/\/novice.si\/page\/wp-content\/uploads\/2019\/09\/minatti-pot-630x420.jpg 630w, https:\/\/novice.si\/page\/wp-content\/uploads\/2019\/09\/minatti-pot-24x16.jpg 24w, https:\/\/novice.si\/page\/wp-content\/uploads\/2019\/09\/minatti-pot-36x24.jpg 36w, https:\/\/novice.si\/page\/wp-content\/uploads\/2019\/09\/minatti-pot-48x32.jpg 48w\" sizes=\"auto, (max-width: 300px) 100vw, 300px\" \/><\/a>Vsak dan v tednu na Radiu Rogla nekaj \u010dasa namenjajo vsebinam s podro\u010dja kulture, med njimi so tudi Minattijeve minute.<br \/>\nTorkovi dopoldnevi so z vsebinami iz Minattijeve knjigobe\u017enice, ki so jo pred leti uredili v predverju Radia Rogla, namenjeni ljubiteljem branja. Ob sredah poslu\u0161alce v dan pospremijo z Minattijevimi verzi, ob petkih se poslu\u0161alci lahko pomerijo v nagradnem kvizu za Minattijevo kavo, ob sobotah sli\u0161ijo veliko zanimivega o tem pesniku, tudi tisto, \u010desar do zdaj \u0161e niso vedeli. \u010cetrtkove Minattijeve minute pa so namenjene tistim, ki jih je njegova poezija navdihnila in spodbudila k ustvarjanju.<br \/>\nSpodaj lahko preberete in prisluhnete delu minule \u010detrtkove rubrike, posve\u010dene pesni\u0161kemu nate\u010daju za Minattijevo pesem leta.<\/p>\n<p><strong>Minatti navdihuje nove rodove pesnikov<\/strong><\/p>\n<figure id=\"attachment_142693\" aria-describedby=\"caption-attachment-142693\" style=\"width: 384px\" class=\"wp-caption alignleft\"><a href=\"https:\/\/novice.si\/page\/wp-content\/uploads\/2021\/09\/zaleznik-natalie.jpg\" data-gallery><img loading=\"lazy\" decoding=\"async\" class=\" wp-image-142693\" src=\"https:\/\/novice.si\/page\/wp-content\/uploads\/2021\/09\/zaleznik-natalie-300x200.jpg\" alt=\"\" width=\"384\" height=\"255\" srcset=\"https:\/\/novice.si\/page\/wp-content\/uploads\/2021\/09\/zaleznik-natalie-300x200.jpg 300w, https:\/\/novice.si\/page\/wp-content\/uploads\/2021\/09\/zaleznik-natalie-1024x683.jpg 1024w, https:\/\/novice.si\/page\/wp-content\/uploads\/2021\/09\/zaleznik-natalie-768x512.jpg 768w, https:\/\/novice.si\/page\/wp-content\/uploads\/2021\/09\/zaleznik-natalie-1536x1024.jpg 1536w, https:\/\/novice.si\/page\/wp-content\/uploads\/2021\/09\/zaleznik-natalie-696x464.jpg 696w, https:\/\/novice.si\/page\/wp-content\/uploads\/2021\/09\/zaleznik-natalie-1068x712.jpg 1068w, https:\/\/novice.si\/page\/wp-content\/uploads\/2021\/09\/zaleznik-natalie-630x420.jpg 630w, https:\/\/novice.si\/page\/wp-content\/uploads\/2021\/09\/zaleznik-natalie-24x16.jpg 24w, https:\/\/novice.si\/page\/wp-content\/uploads\/2021\/09\/zaleznik-natalie-36x24.jpg 36w, https:\/\/novice.si\/page\/wp-content\/uploads\/2021\/09\/zaleznik-natalie-48x32.jpg 48w, https:\/\/novice.si\/page\/wp-content\/uploads\/2021\/09\/zaleznik-natalie.jpg 1728w\" sizes=\"auto, (max-width: 384px) 100vw, 384px\" \/><\/a><figcaption id=\"caption-attachment-142693\" class=\"wp-caption-text\">Alexandra Natalie Zaleznik iz Slovenskih Konjic.<\/figcaption><\/figure>\n<p>Ivan Minatti navdihuje. Ne le bralce, ljubitelje poezije, temve\u010d tudi nove rodove slovenskih pesnikov. V na\u0161i medijski hi\u0161i smo pred tremi leti, pesniku v poklon, prvi\u010d organizirali pesni\u0161ki nate\u010daj Minattijeva pesem leta.<br \/>\n\u017de prvi nate\u010daj je naletel na izjemen odziv. \u0160tevilo pesmi, ki so nam jih tedaj po\u0161iljali ustvarjalci z obmo\u010dja, kjer prebirajo lokalni \u010dasopis NOVICE, nas je naravnost presenetilo. Zdelo se je, da ima vsaka vas vsaj kak\u0161nega pesnika, \u010de ne dva.<br \/>\nPesmi, ki smo jih prejeli v tistem letu, so nadvse raznovrstne. Nekatere \u0161aljive, nekoliko hudomu\u0161ne \u2026<br \/>\nNekatere pesmi opevajo neizpolnjene ljubezni, druge lepote narave, tretje so pripovedne, \u010detrte spet osebno izpovedne, pa razmi\u0161ljujo\u010de, zahtevnej\u0161e, globlje \u2026<br \/>\nNa prvem nate\u010daju za Minattijevo pesem leta je zmagala konji\u0161ka pesnica Alexandra Natalie Zaleznik. Tako je odlo\u010dila strokovna komisija, ki so jo sestavljali pesnica Lojzka \u0160pacapan, pesnik Ale\u0161 Jelenko, magistrica slovenistike Martina Prezelj in urednik NOVIC Ale\u0161 Mrzdovnik.<br \/>\nZmagovalna pesem InHumanitas govori o mr\u017enji, o sovra\u0161tvu, a tudi o dobroti, o ljubezni. Ne prva ne druga nam ni dana ob rojstvu, pravi pesnica, temve\u010d z nami rase po\u010dasi, vsak trenutek malo, kapljico za kapljico.<\/p>\n<audio class=\"wp-audio-shortcode\" id=\"audio-142691-1\" preload=\"none\" style=\"width: 100%;\" controls=\"controls\"><source type=\"audio\/wav\" src=\"https:\/\/novice.si\/page\/wp-content\/uploads\/2021\/09\/objava-minatti-splet-0209.wav?_=1\" \/><a href=\"https:\/\/novice.si\/page\/wp-content\/uploads\/2021\/09\/objava-minatti-splet-0209.wav\">https:\/\/novice.si\/page\/wp-content\/uploads\/2021\/09\/objava-minatti-splet-0209.wav<\/a><\/audio>\n<p>S temi besedami avtorica kon\u010da svoj tok misli. In kako pesni\u010dino sporo\u010dilo razumete vi?<br \/>\n(N. K.)<\/p>\n","protected":false},"excerpt":{"rendered":"<p>Na Radiu Rogla v jesen stopajo s \u0161tevilnimi novimi radijskimi vsebinami. Med njimi so tudi minute, navdihnjene s poezijo Ivana Minattija.\u00a0 Vsak dan v tednu na Radiu Rogla nekaj \u010dasa namenjajo vsebinam s podro\u010dja kulture, med njimi so tudi Minattijeve minute. Torkovi dopoldnevi so z vsebinami iz Minattijeve knjigobe\u017enice, ki so jo pred leti uredili [&hellip;]<\/p>\n","protected":false},"author":12,"featured_media":112040,"comment_status":"closed","ping_status":"closed","sticky":false,"template":"","format":"standard","meta":{"footnotes":""},"categories":[14,868,15,16,141,3108],"tags":[3584,13299,1668],"class_list":{"0":"post-142691","1":"post","2":"type-post","3":"status-publish","4":"format-standard","5":"has-post-thumbnail","7":"category-aktualno","8":"category-casopisi","9":"category-druzabno","10":"category-konjisko","11":"category-novice","12":"category-radio-rogla","13":"tag-ivan-minatti","14":"tag-minattijeva-pesem-leta","15":"tag-radio-rogla"},"yoast_head":"<!-- This site is optimized with the Yoast SEO plugin v27.4 - https:\/\/yoast.com\/product\/yoast-seo-wordpress\/ -->\n<title>Radio Rogla, navdihnjen s poezijo Ivana Minattija - Novice.si<\/title>\n<meta name=\"robots\" content=\"index, follow, max-snippet:-1, max-image-preview:large, max-video-preview:-1\" \/>\n<link rel=\"canonical\" href=\"https:\/\/novice.si\/page\/radio-rogla-navdihnjen-s-poezijo-ivana-minattija\/\" \/>\n<meta property=\"og:locale\" content=\"sl_SI\" \/>\n<meta property=\"og:type\" content=\"article\" \/>\n<meta property=\"og:title\" content=\"Radio Rogla, navdihnjen s poezijo Ivana Minattija - Novice.si\" \/>\n<meta property=\"og:description\" content=\"Na Radiu Rogla v jesen stopajo s \u0161tevilnimi novimi radijskimi vsebinami. Med njimi so tudi minute, navdihnjene s poezijo Ivana Minattija.\u00a0 Vsak dan v tednu na Radiu Rogla nekaj \u010dasa namenjajo vsebinam s podro\u010dja kulture, med njimi so tudi Minattijeve minute. Torkovi dopoldnevi so z vsebinami iz Minattijeve knjigobe\u017enice, ki so jo pred leti uredili [&hellip;]\" \/>\n<meta property=\"og:url\" content=\"https:\/\/novice.si\/page\/radio-rogla-navdihnjen-s-poezijo-ivana-minattija\/\" \/>\n<meta property=\"og:site_name\" content=\"Novice.si\" \/>\n<meta property=\"article:published_time\" content=\"2021-09-07T09:39:58+00:00\" \/>\n<meta property=\"article:modified_time\" content=\"2021-09-07T09:40:54+00:00\" \/>\n<meta property=\"og:image\" content=\"https:\/\/novice.si\/page\/wp-content\/uploads\/2019\/09\/minatti-pot-1024x683.jpg\" \/>\n\t<meta property=\"og:image:width\" content=\"1024\" \/>\n\t<meta property=\"og:image:height\" content=\"683\" \/>\n\t<meta property=\"og:image:type\" content=\"image\/jpeg\" \/>\n<meta name=\"author\" content=\"Uredni\u0161tvo Celjana\" \/>\n<meta name=\"twitter:card\" content=\"summary_large_image\" \/>\n<meta name=\"twitter:label1\" content=\"Written by\" \/>\n\t<meta name=\"twitter:data1\" content=\"Uredni\u0161tvo Celjana\" \/>\n\t<meta name=\"twitter:label2\" content=\"Est. reading time\" \/>\n\t<meta name=\"twitter:data2\" content=\"2 minuti\" \/>\n<script type=\"application\/ld+json\" class=\"yoast-schema-graph\">{\"@context\":\"https:\\\/\\\/schema.org\",\"@graph\":[{\"@type\":\"Article\",\"@id\":\"https:\\\/\\\/novice.si\\\/page\\\/radio-rogla-navdihnjen-s-poezijo-ivana-minattija\\\/#article\",\"isPartOf\":{\"@id\":\"https:\\\/\\\/novice.si\\\/page\\\/radio-rogla-navdihnjen-s-poezijo-ivana-minattija\\\/\"},\"author\":{\"name\":\"Uredni\u0161tvo Celjana\",\"@id\":\"https:\\\/\\\/novice.si\\\/page\\\/#\\\/schema\\\/person\\\/51903923b50fefb075bc1cd24fe4d065\"},\"headline\":\"Radio Rogla, navdihnjen s poezijo Ivana Minattija\",\"datePublished\":\"2021-09-07T09:39:58+00:00\",\"dateModified\":\"2021-09-07T09:40:54+00:00\",\"mainEntityOfPage\":{\"@id\":\"https:\\\/\\\/novice.si\\\/page\\\/radio-rogla-navdihnjen-s-poezijo-ivana-minattija\\\/\"},\"wordCount\":394,\"publisher\":{\"@id\":\"https:\\\/\\\/novice.si\\\/page\\\/#organization\"},\"image\":{\"@id\":\"https:\\\/\\\/novice.si\\\/page\\\/radio-rogla-navdihnjen-s-poezijo-ivana-minattija\\\/#primaryimage\"},\"thumbnailUrl\":\"https:\\\/\\\/novice.si\\\/page\\\/wp-content\\\/uploads\\\/2019\\\/09\\\/minatti-pot.jpg\",\"keywords\":[\"Ivan Minatti\",\"minattijeva pesem leta\",\"radio rogla\"],\"articleSection\":[\"Aktualno\",\"\u010casopisi\",\"Dru\u017eabno\",\"Konji\u0161ko\",\"Novice\",\"Radio Rogla\"],\"inLanguage\":\"sl-SI\"},{\"@type\":\"WebPage\",\"@id\":\"https:\\\/\\\/novice.si\\\/page\\\/radio-rogla-navdihnjen-s-poezijo-ivana-minattija\\\/\",\"url\":\"https:\\\/\\\/novice.si\\\/page\\\/radio-rogla-navdihnjen-s-poezijo-ivana-minattija\\\/\",\"name\":\"Radio Rogla, navdihnjen s poezijo Ivana Minattija - Novice.si\",\"isPartOf\":{\"@id\":\"https:\\\/\\\/novice.si\\\/page\\\/#website\"},\"primaryImageOfPage\":{\"@id\":\"https:\\\/\\\/novice.si\\\/page\\\/radio-rogla-navdihnjen-s-poezijo-ivana-minattija\\\/#primaryimage\"},\"image\":{\"@id\":\"https:\\\/\\\/novice.si\\\/page\\\/radio-rogla-navdihnjen-s-poezijo-ivana-minattija\\\/#primaryimage\"},\"thumbnailUrl\":\"https:\\\/\\\/novice.si\\\/page\\\/wp-content\\\/uploads\\\/2019\\\/09\\\/minatti-pot.jpg\",\"datePublished\":\"2021-09-07T09:39:58+00:00\",\"dateModified\":\"2021-09-07T09:40:54+00:00\",\"breadcrumb\":{\"@id\":\"https:\\\/\\\/novice.si\\\/page\\\/radio-rogla-navdihnjen-s-poezijo-ivana-minattija\\\/#breadcrumb\"},\"inLanguage\":\"sl-SI\",\"potentialAction\":[{\"@type\":\"ReadAction\",\"target\":[\"https:\\\/\\\/novice.si\\\/page\\\/radio-rogla-navdihnjen-s-poezijo-ivana-minattija\\\/\"]}]},{\"@type\":\"ImageObject\",\"inLanguage\":\"sl-SI\",\"@id\":\"https:\\\/\\\/novice.si\\\/page\\\/radio-rogla-navdihnjen-s-poezijo-ivana-minattija\\\/#primaryimage\",\"url\":\"https:\\\/\\\/novice.si\\\/page\\\/wp-content\\\/uploads\\\/2019\\\/09\\\/minatti-pot.jpg\",\"contentUrl\":\"https:\\\/\\\/novice.si\\\/page\\\/wp-content\\\/uploads\\\/2019\\\/09\\\/minatti-pot.jpg\",\"width\":3456,\"height\":2304},{\"@type\":\"BreadcrumbList\",\"@id\":\"https:\\\/\\\/novice.si\\\/page\\\/radio-rogla-navdihnjen-s-poezijo-ivana-minattija\\\/#breadcrumb\",\"itemListElement\":[{\"@type\":\"ListItem\",\"position\":1,\"name\":\"Home\",\"item\":\"https:\\\/\\\/novice.si\\\/page\\\/\"},{\"@type\":\"ListItem\",\"position\":2,\"name\":\"Radio Rogla, navdihnjen s poezijo Ivana Minattija\"}]},{\"@type\":\"WebSite\",\"@id\":\"https:\\\/\\\/novice.si\\\/page\\\/#website\",\"url\":\"https:\\\/\\\/novice.si\\\/page\\\/\",\"name\":\"Novice.si\",\"description\":\"\",\"publisher\":{\"@id\":\"https:\\\/\\\/novice.si\\\/page\\\/#organization\"},\"potentialAction\":[{\"@type\":\"SearchAction\",\"target\":{\"@type\":\"EntryPoint\",\"urlTemplate\":\"https:\\\/\\\/novice.si\\\/page\\\/?s={search_term_string}\"},\"query-input\":{\"@type\":\"PropertyValueSpecification\",\"valueRequired\":true,\"valueName\":\"search_term_string\"}}],\"inLanguage\":\"sl-SI\"},{\"@type\":\"Organization\",\"@id\":\"https:\\\/\\\/novice.si\\\/page\\\/#organization\",\"name\":\"Novice.si\",\"url\":\"https:\\\/\\\/novice.si\\\/page\\\/\",\"logo\":{\"@type\":\"ImageObject\",\"inLanguage\":\"sl-SI\",\"@id\":\"https:\\\/\\\/novice.si\\\/page\\\/#\\\/schema\\\/logo\\\/image\\\/\",\"url\":\"https:\\\/\\\/novice.si\\\/page\\\/wp-content\\\/uploads\\\/2023\\\/03\\\/novice_si.png\",\"contentUrl\":\"https:\\\/\\\/novice.si\\\/page\\\/wp-content\\\/uploads\\\/2023\\\/03\\\/novice_si.png\",\"width\":576,\"height\":200,\"caption\":\"Novice.si\"},\"image\":{\"@id\":\"https:\\\/\\\/novice.si\\\/page\\\/#\\\/schema\\\/logo\\\/image\\\/\"}},{\"@type\":\"Person\",\"@id\":\"https:\\\/\\\/novice.si\\\/page\\\/#\\\/schema\\\/person\\\/51903923b50fefb075bc1cd24fe4d065\",\"name\":\"Uredni\u0161tvo Celjana\",\"image\":{\"@type\":\"ImageObject\",\"inLanguage\":\"sl-SI\",\"@id\":\"https:\\\/\\\/secure.gravatar.com\\\/avatar\\\/b516f102aa90b53619e09722b8ea56721c99bfcb4f1035f9b333d99f52330226?s=96&d=mm&r=g\",\"url\":\"https:\\\/\\\/secure.gravatar.com\\\/avatar\\\/b516f102aa90b53619e09722b8ea56721c99bfcb4f1035f9b333d99f52330226?s=96&d=mm&r=g\",\"contentUrl\":\"https:\\\/\\\/secure.gravatar.com\\\/avatar\\\/b516f102aa90b53619e09722b8ea56721c99bfcb4f1035f9b333d99f52330226?s=96&d=mm&r=g\",\"caption\":\"Uredni\u0161tvo Celjana\"},\"url\":\"https:\\\/\\\/novice.si\\\/page\\\/author\\\/nejc\\\/\"}]}<\/script>\n<!-- \/ Yoast SEO plugin. -->","yoast_head_json":{"title":"Radio Rogla, navdihnjen s poezijo Ivana Minattija - Novice.si","robots":{"index":"index","follow":"follow","max-snippet":"max-snippet:-1","max-image-preview":"max-image-preview:large","max-video-preview":"max-video-preview:-1"},"canonical":"https:\/\/novice.si\/page\/radio-rogla-navdihnjen-s-poezijo-ivana-minattija\/","og_locale":"sl_SI","og_type":"article","og_title":"Radio Rogla, navdihnjen s poezijo Ivana Minattija - Novice.si","og_description":"Na Radiu Rogla v jesen stopajo s \u0161tevilnimi novimi radijskimi vsebinami. Med njimi so tudi minute, navdihnjene s poezijo Ivana Minattija.\u00a0 Vsak dan v tednu na Radiu Rogla nekaj \u010dasa namenjajo vsebinam s podro\u010dja kulture, med njimi so tudi Minattijeve minute. Torkovi dopoldnevi so z vsebinami iz Minattijeve knjigobe\u017enice, ki so jo pred leti uredili [&hellip;]","og_url":"https:\/\/novice.si\/page\/radio-rogla-navdihnjen-s-poezijo-ivana-minattija\/","og_site_name":"Novice.si","article_published_time":"2021-09-07T09:39:58+00:00","article_modified_time":"2021-09-07T09:40:54+00:00","og_image":[{"width":1024,"height":683,"url":"https:\/\/novice.si\/page\/wp-content\/uploads\/2019\/09\/minatti-pot-1024x683.jpg","type":"image\/jpeg"}],"author":"Uredni\u0161tvo Celjana","twitter_card":"summary_large_image","twitter_misc":{"Written by":"Uredni\u0161tvo Celjana","Est. reading time":"2 minuti"},"schema":{"@context":"https:\/\/schema.org","@graph":[{"@type":"Article","@id":"https:\/\/novice.si\/page\/radio-rogla-navdihnjen-s-poezijo-ivana-minattija\/#article","isPartOf":{"@id":"https:\/\/novice.si\/page\/radio-rogla-navdihnjen-s-poezijo-ivana-minattija\/"},"author":{"name":"Uredni\u0161tvo Celjana","@id":"https:\/\/novice.si\/page\/#\/schema\/person\/51903923b50fefb075bc1cd24fe4d065"},"headline":"Radio Rogla, navdihnjen s poezijo Ivana Minattija","datePublished":"2021-09-07T09:39:58+00:00","dateModified":"2021-09-07T09:40:54+00:00","mainEntityOfPage":{"@id":"https:\/\/novice.si\/page\/radio-rogla-navdihnjen-s-poezijo-ivana-minattija\/"},"wordCount":394,"publisher":{"@id":"https:\/\/novice.si\/page\/#organization"},"image":{"@id":"https:\/\/novice.si\/page\/radio-rogla-navdihnjen-s-poezijo-ivana-minattija\/#primaryimage"},"thumbnailUrl":"https:\/\/novice.si\/page\/wp-content\/uploads\/2019\/09\/minatti-pot.jpg","keywords":["Ivan Minatti","minattijeva pesem leta","radio rogla"],"articleSection":["Aktualno","\u010casopisi","Dru\u017eabno","Konji\u0161ko","Novice","Radio Rogla"],"inLanguage":"sl-SI"},{"@type":"WebPage","@id":"https:\/\/novice.si\/page\/radio-rogla-navdihnjen-s-poezijo-ivana-minattija\/","url":"https:\/\/novice.si\/page\/radio-rogla-navdihnjen-s-poezijo-ivana-minattija\/","name":"Radio Rogla, navdihnjen s poezijo Ivana Minattija - Novice.si","isPartOf":{"@id":"https:\/\/novice.si\/page\/#website"},"primaryImageOfPage":{"@id":"https:\/\/novice.si\/page\/radio-rogla-navdihnjen-s-poezijo-ivana-minattija\/#primaryimage"},"image":{"@id":"https:\/\/novice.si\/page\/radio-rogla-navdihnjen-s-poezijo-ivana-minattija\/#primaryimage"},"thumbnailUrl":"https:\/\/novice.si\/page\/wp-content\/uploads\/2019\/09\/minatti-pot.jpg","datePublished":"2021-09-07T09:39:58+00:00","dateModified":"2021-09-07T09:40:54+00:00","breadcrumb":{"@id":"https:\/\/novice.si\/page\/radio-rogla-navdihnjen-s-poezijo-ivana-minattija\/#breadcrumb"},"inLanguage":"sl-SI","potentialAction":[{"@type":"ReadAction","target":["https:\/\/novice.si\/page\/radio-rogla-navdihnjen-s-poezijo-ivana-minattija\/"]}]},{"@type":"ImageObject","inLanguage":"sl-SI","@id":"https:\/\/novice.si\/page\/radio-rogla-navdihnjen-s-poezijo-ivana-minattija\/#primaryimage","url":"https:\/\/novice.si\/page\/wp-content\/uploads\/2019\/09\/minatti-pot.jpg","contentUrl":"https:\/\/novice.si\/page\/wp-content\/uploads\/2019\/09\/minatti-pot.jpg","width":3456,"height":2304},{"@type":"BreadcrumbList","@id":"https:\/\/novice.si\/page\/radio-rogla-navdihnjen-s-poezijo-ivana-minattija\/#breadcrumb","itemListElement":[{"@type":"ListItem","position":1,"name":"Home","item":"https:\/\/novice.si\/page\/"},{"@type":"ListItem","position":2,"name":"Radio Rogla, navdihnjen s poezijo Ivana Minattija"}]},{"@type":"WebSite","@id":"https:\/\/novice.si\/page\/#website","url":"https:\/\/novice.si\/page\/","name":"Novice.si","description":"","publisher":{"@id":"https:\/\/novice.si\/page\/#organization"},"potentialAction":[{"@type":"SearchAction","target":{"@type":"EntryPoint","urlTemplate":"https:\/\/novice.si\/page\/?s={search_term_string}"},"query-input":{"@type":"PropertyValueSpecification","valueRequired":true,"valueName":"search_term_string"}}],"inLanguage":"sl-SI"},{"@type":"Organization","@id":"https:\/\/novice.si\/page\/#organization","name":"Novice.si","url":"https:\/\/novice.si\/page\/","logo":{"@type":"ImageObject","inLanguage":"sl-SI","@id":"https:\/\/novice.si\/page\/#\/schema\/logo\/image\/","url":"https:\/\/novice.si\/page\/wp-content\/uploads\/2023\/03\/novice_si.png","contentUrl":"https:\/\/novice.si\/page\/wp-content\/uploads\/2023\/03\/novice_si.png","width":576,"height":200,"caption":"Novice.si"},"image":{"@id":"https:\/\/novice.si\/page\/#\/schema\/logo\/image\/"}},{"@type":"Person","@id":"https:\/\/novice.si\/page\/#\/schema\/person\/51903923b50fefb075bc1cd24fe4d065","name":"Uredni\u0161tvo Celjana","image":{"@type":"ImageObject","inLanguage":"sl-SI","@id":"https:\/\/secure.gravatar.com\/avatar\/b516f102aa90b53619e09722b8ea56721c99bfcb4f1035f9b333d99f52330226?s=96&d=mm&r=g","url":"https:\/\/secure.gravatar.com\/avatar\/b516f102aa90b53619e09722b8ea56721c99bfcb4f1035f9b333d99f52330226?s=96&d=mm&r=g","contentUrl":"https:\/\/secure.gravatar.com\/avatar\/b516f102aa90b53619e09722b8ea56721c99bfcb4f1035f9b333d99f52330226?s=96&d=mm&r=g","caption":"Uredni\u0161tvo Celjana"},"url":"https:\/\/novice.si\/page\/author\/nejc\/"}]}},"_links":{"self":[{"href":"https:\/\/novice.si\/page\/wp-json\/wp\/v2\/posts\/142691","targetHints":{"allow":["GET"]}}],"collection":[{"href":"https:\/\/novice.si\/page\/wp-json\/wp\/v2\/posts"}],"about":[{"href":"https:\/\/novice.si\/page\/wp-json\/wp\/v2\/types\/post"}],"author":[{"embeddable":true,"href":"https:\/\/novice.si\/page\/wp-json\/wp\/v2\/users\/12"}],"replies":[{"embeddable":true,"href":"https:\/\/novice.si\/page\/wp-json\/wp\/v2\/comments?post=142691"}],"version-history":[{"count":0,"href":"https:\/\/novice.si\/page\/wp-json\/wp\/v2\/posts\/142691\/revisions"}],"wp:featuredmedia":[{"embeddable":true,"href":"https:\/\/novice.si\/page\/wp-json\/wp\/v2\/media\/112040"}],"wp:attachment":[{"href":"https:\/\/novice.si\/page\/wp-json\/wp\/v2\/media?parent=142691"}],"wp:term":[{"taxonomy":"category","embeddable":true,"href":"https:\/\/novice.si\/page\/wp-json\/wp\/v2\/categories?post=142691"},{"taxonomy":"post_tag","embeddable":true,"href":"https:\/\/novice.si\/page\/wp-json\/wp\/v2\/tags?post=142691"}],"curies":[{"name":"wp","href":"https:\/\/api.w.org\/{rel}","templated":true}]}}