{"id":138144,"date":"2021-04-16T21:42:34","date_gmt":"2021-04-16T19:42:34","guid":{"rendered":"https:\/\/novice.si\/page\/?p=138144"},"modified":"2021-04-18T10:02:00","modified_gmt":"2021-04-18T08:02:00","slug":"novim-razmeram-povezanim-s-koronavirusom-so-se-prilagodili-tudi-konjiski-sportniki","status":"publish","type":"post","link":"https:\/\/novice.si\/page\/novim-razmeram-povezanim-s-koronavirusom-so-se-prilagodili-tudi-konjiski-sportniki\/","title":{"rendered":"Novim razmeram, povezanim s koronavirusom, so se prilagodili tudi konji\u0161ki \u0161portniki"},"content":{"rendered":"<p class=\"T\"><a href=\"https:\/\/novice.si\/page\/wp-content\/uploads\/2018\/01\/zavod-za-sport_resize.jpg\" data-gallery><img loading=\"lazy\" decoding=\"async\" class=\"size-medium wp-image-72541 alignleft\" src=\"https:\/\/novice.si\/page\/wp-content\/uploads\/2018\/01\/zavod-za-sport_resize-300x200.jpg\" alt=\"\" width=\"300\" height=\"200\" srcset=\"https:\/\/novice.si\/page\/wp-content\/uploads\/2018\/01\/zavod-za-sport_resize-300x200.jpg 300w, https:\/\/novice.si\/page\/wp-content\/uploads\/2018\/01\/zavod-za-sport_resize-768x512.jpg 768w, https:\/\/novice.si\/page\/wp-content\/uploads\/2018\/01\/zavod-za-sport_resize-696x464.jpg 696w, https:\/\/novice.si\/page\/wp-content\/uploads\/2018\/01\/zavod-za-sport_resize-630x420.jpg 630w, https:\/\/novice.si\/page\/wp-content\/uploads\/2018\/01\/zavod-za-sport_resize-24x16.jpg 24w, https:\/\/novice.si\/page\/wp-content\/uploads\/2018\/01\/zavod-za-sport_resize-36x24.jpg 36w, https:\/\/novice.si\/page\/wp-content\/uploads\/2018\/01\/zavod-za-sport_resize-48x32.jpg 48w, https:\/\/novice.si\/page\/wp-content\/uploads\/2018\/01\/zavod-za-sport_resize.jpg 800w\" sizes=\"auto, (max-width: 300px) 100vw, 300px\" \/><\/a>Novim razmeram so se lani morali prilagoditi tudi \u0161portniki, \u0161portni delavci in \u0161portna dru\u0161tva na Konji\u0161kem. Koronavirus pa \u0161e vedno kroji njihovo delovanje. &#8220;Ni nam bilo lahko. Tukaj moram pohvaliti predvsem Zavod za \u0161port in Ob\u010dino Slovenske Konjice, ki sta nam stala ob strani, da smo \u0161portniki prilagodili na\u010din delovanja, treningov in na koncu koncev tudi tekmovanja. Ko pogledamo prej\u0161nje leto smo lahko kljub vsemu zelo zadovoljni. Zadovoljni smo, da je \u0161port \u0161el naprej, tudi v Slovenskih Konjicah smo dosegli kar nekaj zelo lepih rezultatov, o \u010demer govori tudi \u0161tevilo prejemnikov priznanj,&#8221; je povedal podpredsednik \u0160portne zveze ob\u010dine Slovenske Konjice <strong>Anton Noner<\/strong>.<br \/>\nImena najbolj\u0161ih posameznikov in \u0161portnih kolektivov za leto 2020 bodo Konji\u010dani javno razkrili v ponedeljek na sprejemu pri \u017eupanu <strong>Darku Ratajcu<\/strong>. Vseh 80 nagrajencev v vseh kategorijah pa bo objavljenih v torek zjutraj ob 8-ih na portalu novice.si. V torek bo tudi praznik konji\u0161kega \u0161porta na Radiu Rogla. (Jure Mernik)<\/p>\n","protected":false},"excerpt":{"rendered":"<p>Novim razmeram so se lani morali prilagoditi tudi \u0161portniki, \u0161portni delavci in \u0161portna dru\u0161tva na Konji\u0161kem. Koronavirus pa \u0161e vedno kroji njihovo delovanje. &#8220;Ni nam bilo lahko. Tukaj moram pohvaliti predvsem Zavod za \u0161port in Ob\u010dino Slovenske Konjice, ki sta nam stala ob strani, da smo \u0161portniki prilagodili na\u010din delovanja, treningov in na koncu koncev [&hellip;]<\/p>\n","protected":false},"author":7,"featured_media":72541,"comment_status":"closed","ping_status":"closed","sticky":false,"template":"","format":"standard","meta":{"footnotes":""},"categories":[16,68],"tags":[4150,12263],"class_list":{"0":"post-138144","1":"post","2":"type-post","3":"status-publish","4":"format-standard","5":"has-post-thumbnail","7":"category-konjisko","8":"category-sport","9":"tag-anton-noner","10":"tag-sportna-zveza-slovenske-konjice"},"yoast_head":"<!-- This site is optimized with the Yoast SEO plugin v27.4 - https:\/\/yoast.com\/product\/yoast-seo-wordpress\/ -->\n<title>Novim razmeram, povezanim s koronavirusom, so se prilagodili tudi konji\u0161ki \u0161portniki - Novice.si<\/title>\n<meta name=\"robots\" content=\"index, follow, max-snippet:-1, max-image-preview:large, max-video-preview:-1\" \/>\n<link rel=\"canonical\" href=\"https:\/\/novice.si\/page\/novim-razmeram-povezanim-s-koronavirusom-so-se-prilagodili-tudi-konjiski-sportniki\/\" \/>\n<meta property=\"og:locale\" content=\"sl_SI\" \/>\n<meta property=\"og:type\" content=\"article\" \/>\n<meta property=\"og:title\" content=\"Novim razmeram, povezanim s koronavirusom, so se prilagodili tudi konji\u0161ki \u0161portniki - Novice.si\" \/>\n<meta property=\"og:description\" content=\"Novim razmeram so se lani morali prilagoditi tudi \u0161portniki, \u0161portni delavci in \u0161portna dru\u0161tva na Konji\u0161kem. Koronavirus pa \u0161e vedno kroji njihovo delovanje. &#8220;Ni nam bilo lahko. Tukaj moram pohvaliti predvsem Zavod za \u0161port in Ob\u010dino Slovenske Konjice, ki sta nam stala ob strani, da smo \u0161portniki prilagodili na\u010din delovanja, treningov in na koncu koncev [&hellip;]\" \/>\n<meta property=\"og:url\" content=\"https:\/\/novice.si\/page\/novim-razmeram-povezanim-s-koronavirusom-so-se-prilagodili-tudi-konjiski-sportniki\/\" \/>\n<meta property=\"og:site_name\" content=\"Novice.si\" \/>\n<meta property=\"article:published_time\" content=\"2021-04-16T19:42:34+00:00\" \/>\n<meta property=\"article:modified_time\" content=\"2021-04-18T08:02:00+00:00\" \/>\n<meta property=\"og:image\" content=\"https:\/\/novice.si\/page\/wp-content\/uploads\/2018\/01\/zavod-za-sport_resize.jpg\" \/>\n\t<meta property=\"og:image:width\" content=\"800\" \/>\n\t<meta property=\"og:image:height\" content=\"533\" \/>\n\t<meta property=\"og:image:type\" content=\"image\/jpeg\" \/>\n<meta name=\"author\" content=\"Uredni\u0161tvo Novic\" \/>\n<meta name=\"twitter:card\" content=\"summary_large_image\" \/>\n<meta name=\"twitter:label1\" content=\"Written by\" \/>\n\t<meta name=\"twitter:data1\" content=\"Uredni\u0161tvo Novic\" \/>\n\t<meta name=\"twitter:label2\" content=\"Est. reading time\" \/>\n\t<meta name=\"twitter:data2\" content=\"1 minuta\" \/>\n<script type=\"application\/ld+json\" class=\"yoast-schema-graph\">{\"@context\":\"https:\\\/\\\/schema.org\",\"@graph\":[{\"@type\":\"Article\",\"@id\":\"https:\\\/\\\/novice.si\\\/page\\\/novim-razmeram-povezanim-s-koronavirusom-so-se-prilagodili-tudi-konjiski-sportniki\\\/#article\",\"isPartOf\":{\"@id\":\"https:\\\/\\\/novice.si\\\/page\\\/novim-razmeram-povezanim-s-koronavirusom-so-se-prilagodili-tudi-konjiski-sportniki\\\/\"},\"author\":{\"name\":\"Uredni\u0161tvo Novic\",\"@id\":\"https:\\\/\\\/novice.si\\\/page\\\/#\\\/schema\\\/person\\\/a877dbb8680d441357ce27663beb35ca\"},\"headline\":\"Novim razmeram, povezanim s koronavirusom, so se prilagodili tudi konji\u0161ki \u0161portniki\",\"datePublished\":\"2021-04-16T19:42:34+00:00\",\"dateModified\":\"2021-04-18T08:02:00+00:00\",\"mainEntityOfPage\":{\"@id\":\"https:\\\/\\\/novice.si\\\/page\\\/novim-razmeram-povezanim-s-koronavirusom-so-se-prilagodili-tudi-konjiski-sportniki\\\/\"},\"wordCount\":172,\"publisher\":{\"@id\":\"https:\\\/\\\/novice.si\\\/page\\\/#organization\"},\"image\":{\"@id\":\"https:\\\/\\\/novice.si\\\/page\\\/novim-razmeram-povezanim-s-koronavirusom-so-se-prilagodili-tudi-konjiski-sportniki\\\/#primaryimage\"},\"thumbnailUrl\":\"https:\\\/\\\/novice.si\\\/page\\\/wp-content\\\/uploads\\\/2018\\\/01\\\/zavod-za-sport_resize.jpg\",\"keywords\":[\"Anton Noner\",\"\u0160portna zveza Slovenske Konjice\"],\"articleSection\":[\"Konji\u0161ko\",\"\u0160port\"],\"inLanguage\":\"sl-SI\"},{\"@type\":\"WebPage\",\"@id\":\"https:\\\/\\\/novice.si\\\/page\\\/novim-razmeram-povezanim-s-koronavirusom-so-se-prilagodili-tudi-konjiski-sportniki\\\/\",\"url\":\"https:\\\/\\\/novice.si\\\/page\\\/novim-razmeram-povezanim-s-koronavirusom-so-se-prilagodili-tudi-konjiski-sportniki\\\/\",\"name\":\"Novim razmeram, povezanim s koronavirusom, so se prilagodili tudi konji\u0161ki \u0161portniki - Novice.si\",\"isPartOf\":{\"@id\":\"https:\\\/\\\/novice.si\\\/page\\\/#website\"},\"primaryImageOfPage\":{\"@id\":\"https:\\\/\\\/novice.si\\\/page\\\/novim-razmeram-povezanim-s-koronavirusom-so-se-prilagodili-tudi-konjiski-sportniki\\\/#primaryimage\"},\"image\":{\"@id\":\"https:\\\/\\\/novice.si\\\/page\\\/novim-razmeram-povezanim-s-koronavirusom-so-se-prilagodili-tudi-konjiski-sportniki\\\/#primaryimage\"},\"thumbnailUrl\":\"https:\\\/\\\/novice.si\\\/page\\\/wp-content\\\/uploads\\\/2018\\\/01\\\/zavod-za-sport_resize.jpg\",\"datePublished\":\"2021-04-16T19:42:34+00:00\",\"dateModified\":\"2021-04-18T08:02:00+00:00\",\"breadcrumb\":{\"@id\":\"https:\\\/\\\/novice.si\\\/page\\\/novim-razmeram-povezanim-s-koronavirusom-so-se-prilagodili-tudi-konjiski-sportniki\\\/#breadcrumb\"},\"inLanguage\":\"sl-SI\",\"potentialAction\":[{\"@type\":\"ReadAction\",\"target\":[\"https:\\\/\\\/novice.si\\\/page\\\/novim-razmeram-povezanim-s-koronavirusom-so-se-prilagodili-tudi-konjiski-sportniki\\\/\"]}]},{\"@type\":\"ImageObject\",\"inLanguage\":\"sl-SI\",\"@id\":\"https:\\\/\\\/novice.si\\\/page\\\/novim-razmeram-povezanim-s-koronavirusom-so-se-prilagodili-tudi-konjiski-sportniki\\\/#primaryimage\",\"url\":\"https:\\\/\\\/novice.si\\\/page\\\/wp-content\\\/uploads\\\/2018\\\/01\\\/zavod-za-sport_resize.jpg\",\"contentUrl\":\"https:\\\/\\\/novice.si\\\/page\\\/wp-content\\\/uploads\\\/2018\\\/01\\\/zavod-za-sport_resize.jpg\",\"width\":800,\"height\":533},{\"@type\":\"BreadcrumbList\",\"@id\":\"https:\\\/\\\/novice.si\\\/page\\\/novim-razmeram-povezanim-s-koronavirusom-so-se-prilagodili-tudi-konjiski-sportniki\\\/#breadcrumb\",\"itemListElement\":[{\"@type\":\"ListItem\",\"position\":1,\"name\":\"Home\",\"item\":\"https:\\\/\\\/novice.si\\\/page\\\/\"},{\"@type\":\"ListItem\",\"position\":2,\"name\":\"Novim razmeram, povezanim s koronavirusom, so se prilagodili tudi konji\u0161ki \u0161portniki\"}]},{\"@type\":\"WebSite\",\"@id\":\"https:\\\/\\\/novice.si\\\/page\\\/#website\",\"url\":\"https:\\\/\\\/novice.si\\\/page\\\/\",\"name\":\"Novice.si\",\"description\":\"\",\"publisher\":{\"@id\":\"https:\\\/\\\/novice.si\\\/page\\\/#organization\"},\"potentialAction\":[{\"@type\":\"SearchAction\",\"target\":{\"@type\":\"EntryPoint\",\"urlTemplate\":\"https:\\\/\\\/novice.si\\\/page\\\/?s={search_term_string}\"},\"query-input\":{\"@type\":\"PropertyValueSpecification\",\"valueRequired\":true,\"valueName\":\"search_term_string\"}}],\"inLanguage\":\"sl-SI\"},{\"@type\":\"Organization\",\"@id\":\"https:\\\/\\\/novice.si\\\/page\\\/#organization\",\"name\":\"Novice.si\",\"url\":\"https:\\\/\\\/novice.si\\\/page\\\/\",\"logo\":{\"@type\":\"ImageObject\",\"inLanguage\":\"sl-SI\",\"@id\":\"https:\\\/\\\/novice.si\\\/page\\\/#\\\/schema\\\/logo\\\/image\\\/\",\"url\":\"https:\\\/\\\/novice.si\\\/page\\\/wp-content\\\/uploads\\\/2023\\\/03\\\/novice_si.png\",\"contentUrl\":\"https:\\\/\\\/novice.si\\\/page\\\/wp-content\\\/uploads\\\/2023\\\/03\\\/novice_si.png\",\"width\":576,\"height\":200,\"caption\":\"Novice.si\"},\"image\":{\"@id\":\"https:\\\/\\\/novice.si\\\/page\\\/#\\\/schema\\\/logo\\\/image\\\/\"}},{\"@type\":\"Person\",\"@id\":\"https:\\\/\\\/novice.si\\\/page\\\/#\\\/schema\\\/person\\\/a877dbb8680d441357ce27663beb35ca\",\"name\":\"Uredni\u0161tvo Novic\",\"image\":{\"@type\":\"ImageObject\",\"inLanguage\":\"sl-SI\",\"@id\":\"https:\\\/\\\/secure.gravatar.com\\\/avatar\\\/f19c0ae874706cc9ba19d2f6da5f74a5a5ee7674f283fed29ce0ad16a9f1893e?s=96&d=mm&r=g\",\"url\":\"https:\\\/\\\/secure.gravatar.com\\\/avatar\\\/f19c0ae874706cc9ba19d2f6da5f74a5a5ee7674f283fed29ce0ad16a9f1893e?s=96&d=mm&r=g\",\"contentUrl\":\"https:\\\/\\\/secure.gravatar.com\\\/avatar\\\/f19c0ae874706cc9ba19d2f6da5f74a5a5ee7674f283fed29ce0ad16a9f1893e?s=96&d=mm&r=g\",\"caption\":\"Uredni\u0161tvo Novic\"},\"url\":\"https:\\\/\\\/novice.si\\\/page\\\/author\\\/jure\\\/\"}]}<\/script>\n<!-- \/ Yoast SEO plugin. -->","yoast_head_json":{"title":"Novim razmeram, povezanim s koronavirusom, so se prilagodili tudi konji\u0161ki \u0161portniki - Novice.si","robots":{"index":"index","follow":"follow","max-snippet":"max-snippet:-1","max-image-preview":"max-image-preview:large","max-video-preview":"max-video-preview:-1"},"canonical":"https:\/\/novice.si\/page\/novim-razmeram-povezanim-s-koronavirusom-so-se-prilagodili-tudi-konjiski-sportniki\/","og_locale":"sl_SI","og_type":"article","og_title":"Novim razmeram, povezanim s koronavirusom, so se prilagodili tudi konji\u0161ki \u0161portniki - Novice.si","og_description":"Novim razmeram so se lani morali prilagoditi tudi \u0161portniki, \u0161portni delavci in \u0161portna dru\u0161tva na Konji\u0161kem. Koronavirus pa \u0161e vedno kroji njihovo delovanje. &#8220;Ni nam bilo lahko. Tukaj moram pohvaliti predvsem Zavod za \u0161port in Ob\u010dino Slovenske Konjice, ki sta nam stala ob strani, da smo \u0161portniki prilagodili na\u010din delovanja, treningov in na koncu koncev [&hellip;]","og_url":"https:\/\/novice.si\/page\/novim-razmeram-povezanim-s-koronavirusom-so-se-prilagodili-tudi-konjiski-sportniki\/","og_site_name":"Novice.si","article_published_time":"2021-04-16T19:42:34+00:00","article_modified_time":"2021-04-18T08:02:00+00:00","og_image":[{"width":800,"height":533,"url":"https:\/\/novice.si\/page\/wp-content\/uploads\/2018\/01\/zavod-za-sport_resize.jpg","type":"image\/jpeg"}],"author":"Uredni\u0161tvo Novic","twitter_card":"summary_large_image","twitter_misc":{"Written by":"Uredni\u0161tvo Novic","Est. reading time":"1 minuta"},"schema":{"@context":"https:\/\/schema.org","@graph":[{"@type":"Article","@id":"https:\/\/novice.si\/page\/novim-razmeram-povezanim-s-koronavirusom-so-se-prilagodili-tudi-konjiski-sportniki\/#article","isPartOf":{"@id":"https:\/\/novice.si\/page\/novim-razmeram-povezanim-s-koronavirusom-so-se-prilagodili-tudi-konjiski-sportniki\/"},"author":{"name":"Uredni\u0161tvo Novic","@id":"https:\/\/novice.si\/page\/#\/schema\/person\/a877dbb8680d441357ce27663beb35ca"},"headline":"Novim razmeram, povezanim s koronavirusom, so se prilagodili tudi konji\u0161ki \u0161portniki","datePublished":"2021-04-16T19:42:34+00:00","dateModified":"2021-04-18T08:02:00+00:00","mainEntityOfPage":{"@id":"https:\/\/novice.si\/page\/novim-razmeram-povezanim-s-koronavirusom-so-se-prilagodili-tudi-konjiski-sportniki\/"},"wordCount":172,"publisher":{"@id":"https:\/\/novice.si\/page\/#organization"},"image":{"@id":"https:\/\/novice.si\/page\/novim-razmeram-povezanim-s-koronavirusom-so-se-prilagodili-tudi-konjiski-sportniki\/#primaryimage"},"thumbnailUrl":"https:\/\/novice.si\/page\/wp-content\/uploads\/2018\/01\/zavod-za-sport_resize.jpg","keywords":["Anton Noner","\u0160portna zveza Slovenske Konjice"],"articleSection":["Konji\u0161ko","\u0160port"],"inLanguage":"sl-SI"},{"@type":"WebPage","@id":"https:\/\/novice.si\/page\/novim-razmeram-povezanim-s-koronavirusom-so-se-prilagodili-tudi-konjiski-sportniki\/","url":"https:\/\/novice.si\/page\/novim-razmeram-povezanim-s-koronavirusom-so-se-prilagodili-tudi-konjiski-sportniki\/","name":"Novim razmeram, povezanim s koronavirusom, so se prilagodili tudi konji\u0161ki \u0161portniki - Novice.si","isPartOf":{"@id":"https:\/\/novice.si\/page\/#website"},"primaryImageOfPage":{"@id":"https:\/\/novice.si\/page\/novim-razmeram-povezanim-s-koronavirusom-so-se-prilagodili-tudi-konjiski-sportniki\/#primaryimage"},"image":{"@id":"https:\/\/novice.si\/page\/novim-razmeram-povezanim-s-koronavirusom-so-se-prilagodili-tudi-konjiski-sportniki\/#primaryimage"},"thumbnailUrl":"https:\/\/novice.si\/page\/wp-content\/uploads\/2018\/01\/zavod-za-sport_resize.jpg","datePublished":"2021-04-16T19:42:34+00:00","dateModified":"2021-04-18T08:02:00+00:00","breadcrumb":{"@id":"https:\/\/novice.si\/page\/novim-razmeram-povezanim-s-koronavirusom-so-se-prilagodili-tudi-konjiski-sportniki\/#breadcrumb"},"inLanguage":"sl-SI","potentialAction":[{"@type":"ReadAction","target":["https:\/\/novice.si\/page\/novim-razmeram-povezanim-s-koronavirusom-so-se-prilagodili-tudi-konjiski-sportniki\/"]}]},{"@type":"ImageObject","inLanguage":"sl-SI","@id":"https:\/\/novice.si\/page\/novim-razmeram-povezanim-s-koronavirusom-so-se-prilagodili-tudi-konjiski-sportniki\/#primaryimage","url":"https:\/\/novice.si\/page\/wp-content\/uploads\/2018\/01\/zavod-za-sport_resize.jpg","contentUrl":"https:\/\/novice.si\/page\/wp-content\/uploads\/2018\/01\/zavod-za-sport_resize.jpg","width":800,"height":533},{"@type":"BreadcrumbList","@id":"https:\/\/novice.si\/page\/novim-razmeram-povezanim-s-koronavirusom-so-se-prilagodili-tudi-konjiski-sportniki\/#breadcrumb","itemListElement":[{"@type":"ListItem","position":1,"name":"Home","item":"https:\/\/novice.si\/page\/"},{"@type":"ListItem","position":2,"name":"Novim razmeram, povezanim s koronavirusom, so se prilagodili tudi konji\u0161ki \u0161portniki"}]},{"@type":"WebSite","@id":"https:\/\/novice.si\/page\/#website","url":"https:\/\/novice.si\/page\/","name":"Novice.si","description":"","publisher":{"@id":"https:\/\/novice.si\/page\/#organization"},"potentialAction":[{"@type":"SearchAction","target":{"@type":"EntryPoint","urlTemplate":"https:\/\/novice.si\/page\/?s={search_term_string}"},"query-input":{"@type":"PropertyValueSpecification","valueRequired":true,"valueName":"search_term_string"}}],"inLanguage":"sl-SI"},{"@type":"Organization","@id":"https:\/\/novice.si\/page\/#organization","name":"Novice.si","url":"https:\/\/novice.si\/page\/","logo":{"@type":"ImageObject","inLanguage":"sl-SI","@id":"https:\/\/novice.si\/page\/#\/schema\/logo\/image\/","url":"https:\/\/novice.si\/page\/wp-content\/uploads\/2023\/03\/novice_si.png","contentUrl":"https:\/\/novice.si\/page\/wp-content\/uploads\/2023\/03\/novice_si.png","width":576,"height":200,"caption":"Novice.si"},"image":{"@id":"https:\/\/novice.si\/page\/#\/schema\/logo\/image\/"}},{"@type":"Person","@id":"https:\/\/novice.si\/page\/#\/schema\/person\/a877dbb8680d441357ce27663beb35ca","name":"Uredni\u0161tvo Novic","image":{"@type":"ImageObject","inLanguage":"sl-SI","@id":"https:\/\/secure.gravatar.com\/avatar\/f19c0ae874706cc9ba19d2f6da5f74a5a5ee7674f283fed29ce0ad16a9f1893e?s=96&d=mm&r=g","url":"https:\/\/secure.gravatar.com\/avatar\/f19c0ae874706cc9ba19d2f6da5f74a5a5ee7674f283fed29ce0ad16a9f1893e?s=96&d=mm&r=g","contentUrl":"https:\/\/secure.gravatar.com\/avatar\/f19c0ae874706cc9ba19d2f6da5f74a5a5ee7674f283fed29ce0ad16a9f1893e?s=96&d=mm&r=g","caption":"Uredni\u0161tvo Novic"},"url":"https:\/\/novice.si\/page\/author\/jure\/"}]}},"_links":{"self":[{"href":"https:\/\/novice.si\/page\/wp-json\/wp\/v2\/posts\/138144","targetHints":{"allow":["GET"]}}],"collection":[{"href":"https:\/\/novice.si\/page\/wp-json\/wp\/v2\/posts"}],"about":[{"href":"https:\/\/novice.si\/page\/wp-json\/wp\/v2\/types\/post"}],"author":[{"embeddable":true,"href":"https:\/\/novice.si\/page\/wp-json\/wp\/v2\/users\/7"}],"replies":[{"embeddable":true,"href":"https:\/\/novice.si\/page\/wp-json\/wp\/v2\/comments?post=138144"}],"version-history":[{"count":0,"href":"https:\/\/novice.si\/page\/wp-json\/wp\/v2\/posts\/138144\/revisions"}],"wp:featuredmedia":[{"embeddable":true,"href":"https:\/\/novice.si\/page\/wp-json\/wp\/v2\/media\/72541"}],"wp:attachment":[{"href":"https:\/\/novice.si\/page\/wp-json\/wp\/v2\/media?parent=138144"}],"wp:term":[{"taxonomy":"category","embeddable":true,"href":"https:\/\/novice.si\/page\/wp-json\/wp\/v2\/categories?post=138144"},{"taxonomy":"post_tag","embeddable":true,"href":"https:\/\/novice.si\/page\/wp-json\/wp\/v2\/tags?post=138144"}],"curies":[{"name":"wp","href":"https:\/\/api.w.org\/{rel}","templated":true}]}}